{"id":44657,"date":"2020-12-23T02:29:14","date_gmt":"2020-12-23T01:29:14","guid":{"rendered":"https:\/\/www.carmelitaniscalzi.com\/?p=44657"},"modified":"2020-12-23T02:29:14","modified_gmt":"2020-12-23T01:29:14","slug":"voeux-de-noel-de-la-maison-generale","status":"publish","type":"post","link":"https:\/\/www.carmelitaniscalzi.com\/fr\/2020\/12\/23\/voeux-de-noel-de-la-maison-generale\/","title":{"rendered":"Voeux de Noel de la Maison G\u00e9n\u00e9rale"},"content":{"rendered":"<p class=\"x_MsoNormal\"><span lang=\"FR\">Chers Fr\u00e8res, les circonstances particuli\u00e8res que notre Communaut\u00e9 a connues nous ont emp\u00each\u00e9s d&rsquo;imprimer et d&rsquo;envoyer la carte de v\u0153ux habituelle ; nous en avons cependant pr\u00e9par\u00e9 une version num\u00e9rique, avec une r\u00e9f\u00e9rence particuli\u00e8re \u00e0 saint Joseph, qui, en cette ann\u00e9e jubilaire, nous introduira et nous accompagnera dans la contemplation accueillante et g\u00e9n\u00e9reuse du Myst\u00e8re du Dieu fait homme.<\/span><\/p>\n<p class=\"x_MsoNormal\"><span lang=\"FR\">\u00a0<\/span><span lang=\"FR\">Nous vous demandons de bien vouloir transmettre nos v\u0153ux &#8211; signe de fraternit\u00e9 et de gratitude &#8211; \u00e0 toutes les communaut\u00e9s de votre Circonscription.<\/span><\/p>\n<p class=\"x_MsoNormal\"><span lang=\"FR\">\u00a0<\/span><span lang=\"FR\">Unis dans la pri\u00e8re<\/span><\/p>\n<p class=\"x_MsoNormal\"><span lang=\"FR\">\u00a0<\/span><em><span lang=\"FR\">\u00a0 \u00a0 \u00a0Fr. Angelo Lanfranchi<\/span><\/em><\/p>\n<p class=\"x_MsoNormal\"><em><span lang=\"FR\">\u00a0 \u00a0\u00a0\u00a0\u00a0Secr\u00e9taire G\u00e9n\u00e9ral<\/span><\/em><\/p>\n<p>&nbsp;<\/p>\n<p><a href=\"https:\/\/www.carmelitaniscalzi.com\/wp-content\/uploads\/2020\/12\/NOEL-CURIA-2020_FR.jpg\"><img loading=\"lazy\" decoding=\"async\" class=\"alignnone size-full wp-image-44601\" src=\"https:\/\/www.carmelitaniscalzi.com\/wp-content\/uploads\/2020\/12\/NOEL-CURIA-2020_FR.jpg\" alt=\"\" width=\"2560\" height=\"1804\" \/><\/a><\/p>\n","protected":false},"excerpt":{"rendered":"<p>Chers Fr\u00e8res, les circonstances particuli\u00e8res que notre Communaut\u00e9 a connues nous ont emp\u00each\u00e9s d&rsquo;imprimer et d&rsquo;envoyer la carte de v\u0153ux habituelle ; nous en avons cependant pr\u00e9par\u00e9 une version num\u00e9rique, avec une r\u00e9f\u00e9rence particuli\u00e8re \u00e0 saint Joseph, qui, en cette ann\u00e9e jubilaire, nous introduira et nous accompagnera dans la contemplation accueillante et g\u00e9n\u00e9reuse du Myst\u00e8re [&hellip;]<\/p>\n","protected":false},"author":7,"featured_media":44613,"comment_status":"closed","ping_status":"closed","sticky":false,"template":"","format":"standard","meta":{"_acf_changed":false,"footnotes":""},"categories":[198,201,203,204,261],"tags":[],"class_list":["post-44657","post","type-post","status-publish","format-standard","has-post-thumbnail","hentry","category-nouvelles-definiteurs","category-nouvelles-freres","category-nouvelles-moniales","category-nouvelles-prepose-general","category-nouvelles-ocds"],"acf":[],"yoast_head":"<!-- This site is optimized with the Yoast SEO plugin v26.3 - https:\/\/yoast.com\/wordpress\/plugins\/seo\/ -->\n<title>Voeux de Noel de la Maison G\u00e9n\u00e9rale<\/title>\n<meta name=\"description\" content=\"Chers Fr\u00e8res, les circonstances particuli\u00e8res que notre Communaut\u00e9 a connues nous ont emp\u00each\u00e9s d&#039;imprimer et d&#039;envoyer la carte de v\u0153ux habituelle ; nous en avons cependant pr\u00e9par\u00e9 une version num\u00e9rique, avec une r\u00e9f\u00e9rence particuli\u00e8re \u00e0 saint Joseph, qui, en cette ann\u00e9e jubilaire, nous introduira et nous accompagnera dans la contemplation accueillante et g\u00e9n\u00e9reuse du Myst\u00e8re du Dieu fait homme.\" \/>\n<meta name=\"robots\" content=\"index, follow, max-snippet:-1, max-image-preview:large, max-video-preview:-1\" \/>\n<link rel=\"canonical\" href=\"https:\/\/www.carmelitaniscalzi.com\/fr\/2020\/12\/23\/voeux-de-noel-de-la-maison-generale\/\" \/>\n<meta property=\"og:locale\" content=\"fr_FR\" \/>\n<meta property=\"og:type\" content=\"article\" \/>\n<meta property=\"og:title\" content=\"Voeux de Noel de la Maison G\u00e9n\u00e9rale\" \/>\n<meta property=\"og:description\" content=\"Chers Fr\u00e8res, les circonstances particuli\u00e8res que notre Communaut\u00e9 a connues nous ont emp\u00each\u00e9s d&#039;imprimer et d&#039;envoyer la carte de v\u0153ux habituelle ; nous en avons cependant pr\u00e9par\u00e9 une version num\u00e9rique, avec une r\u00e9f\u00e9rence particuli\u00e8re \u00e0 saint Joseph, qui, en cette ann\u00e9e jubilaire, nous introduira et nous accompagnera dans la contemplation accueillante et g\u00e9n\u00e9reuse du Myst\u00e8re du Dieu fait homme.\" \/>\n<meta property=\"og:url\" content=\"https:\/\/www.carmelitaniscalzi.com\/fr\/2020\/12\/23\/voeux-de-noel-de-la-maison-generale\/\" \/>\n<meta property=\"og:site_name\" content=\"CARMES D\u00c9CHAUX\" \/>\n<meta property=\"article:publisher\" content=\"https:\/\/www.facebook.com\/Curia-Generalizia-Carmelitani-Scalzi-658766940887784\/\" \/>\n<meta property=\"article:published_time\" content=\"2020-12-23T01:29:14+00:00\" \/>\n<meta property=\"og:image\" content=\"https:\/\/www.carmelitaniscalzi.com\/wp-content\/uploads\/2020\/12\/FR_copertina_noel2020.jpeg\" \/>\n\t<meta property=\"og:image:width\" content=\"937\" \/>\n\t<meta property=\"og:image:height\" content=\"549\" \/>\n\t<meta property=\"og:image:type\" content=\"image\/jpeg\" \/>\n<meta name=\"author\" content=\"ocd web master\" \/>\n<meta name=\"twitter:card\" content=\"summary_large_image\" \/>\n<meta name=\"twitter:creator\" content=\"@ocdcuria\" \/>\n<meta name=\"twitter:site\" content=\"@ocdcuria\" \/>\n<meta name=\"twitter:label1\" content=\"\u00c9crit par\" \/>\n\t<meta name=\"twitter:data1\" content=\"ocd web master\" \/>\n\t<meta name=\"twitter:label2\" content=\"Dur\u00e9e de lecture estim\u00e9e\" \/>\n\t<meta name=\"twitter:data2\" content=\"1 minute\" \/>\n<script type=\"application\/ld+json\" class=\"yoast-schema-graph\">{\"@context\":\"https:\/\/schema.org\",\"@graph\":[{\"@type\":\"Article\",\"@id\":\"https:\/\/www.carmelitaniscalzi.com\/fr\/2020\/12\/23\/voeux-de-noel-de-la-maison-generale\/#article\",\"isPartOf\":{\"@id\":\"https:\/\/www.carmelitaniscalzi.com\/fr\/2020\/12\/23\/voeux-de-noel-de-la-maison-generale\/\"},\"author\":{\"name\":\"ocd web master\",\"@id\":\"https:\/\/www.carmelitaniscalzi.com\/#\/schema\/person\/6d1c0d9bea7b6625c437246a5d6da409\"},\"headline\":\"Voeux de Noel de la Maison G\u00e9n\u00e9rale\",\"datePublished\":\"2020-12-23T01:29:14+00:00\",\"mainEntityOfPage\":{\"@id\":\"https:\/\/www.carmelitaniscalzi.com\/fr\/2020\/12\/23\/voeux-de-noel-de-la-maison-generale\/\"},\"wordCount\":121,\"publisher\":{\"@id\":\"https:\/\/www.carmelitaniscalzi.com\/#organization\"},\"image\":{\"@id\":\"https:\/\/www.carmelitaniscalzi.com\/fr\/2020\/12\/23\/voeux-de-noel-de-la-maison-generale\/#primaryimage\"},\"thumbnailUrl\":\"https:\/\/www.carmelitaniscalzi.com\/wp-content\/uploads\/2020\/12\/FR_copertina_noel2020.jpeg\",\"articleSection\":[\"Nouvelles D\u00e9finiteurs\",\"Nouvelles Fr\u00e8res\",\"Nouvelles Moniales\",\"Nouvelles Pr\u00e9pos\u00e9 G\u00e9n\u00e9ral\",\"Nouvelles OCDS\"],\"inLanguage\":\"fr-FR\"},{\"@type\":\"WebPage\",\"@id\":\"https:\/\/www.carmelitaniscalzi.com\/fr\/2020\/12\/23\/voeux-de-noel-de-la-maison-generale\/\",\"url\":\"https:\/\/www.carmelitaniscalzi.com\/fr\/2020\/12\/23\/voeux-de-noel-de-la-maison-generale\/\",\"name\":\"Voeux de Noel de la Maison G\u00e9n\u00e9rale\",\"isPartOf\":{\"@id\":\"https:\/\/www.carmelitaniscalzi.com\/#website\"},\"primaryImageOfPage\":{\"@id\":\"https:\/\/www.carmelitaniscalzi.com\/fr\/2020\/12\/23\/voeux-de-noel-de-la-maison-generale\/#primaryimage\"},\"image\":{\"@id\":\"https:\/\/www.carmelitaniscalzi.com\/fr\/2020\/12\/23\/voeux-de-noel-de-la-maison-generale\/#primaryimage\"},\"thumbnailUrl\":\"https:\/\/www.carmelitaniscalzi.com\/wp-content\/uploads\/2020\/12\/FR_copertina_noel2020.jpeg\",\"datePublished\":\"2020-12-23T01:29:14+00:00\",\"description\":\"Chers Fr\u00e8res, les circonstances particuli\u00e8res que notre Communaut\u00e9 a connues nous ont emp\u00each\u00e9s d'imprimer et d'envoyer la carte de v\u0153ux habituelle ; nous en avons cependant pr\u00e9par\u00e9 une version num\u00e9rique, avec une r\u00e9f\u00e9rence particuli\u00e8re \u00e0 saint Joseph, qui, en cette ann\u00e9e jubilaire, nous introduira et nous accompagnera dans la contemplation accueillante et g\u00e9n\u00e9reuse du Myst\u00e8re du Dieu fait homme.\",\"breadcrumb\":{\"@id\":\"https:\/\/www.carmelitaniscalzi.com\/fr\/2020\/12\/23\/voeux-de-noel-de-la-maison-generale\/#breadcrumb\"},\"inLanguage\":\"fr-FR\",\"potentialAction\":[{\"@type\":\"ReadAction\",\"target\":[\"https:\/\/www.carmelitaniscalzi.com\/fr\/2020\/12\/23\/voeux-de-noel-de-la-maison-generale\/\"]}]},{\"@type\":\"ImageObject\",\"inLanguage\":\"fr-FR\",\"@id\":\"https:\/\/www.carmelitaniscalzi.com\/fr\/2020\/12\/23\/voeux-de-noel-de-la-maison-generale\/#primaryimage\",\"url\":\"https:\/\/www.carmelitaniscalzi.com\/wp-content\/uploads\/2020\/12\/FR_copertina_noel2020.jpeg\",\"contentUrl\":\"https:\/\/www.carmelitaniscalzi.com\/wp-content\/uploads\/2020\/12\/FR_copertina_noel2020.jpeg\",\"width\":937,\"height\":549},{\"@type\":\"BreadcrumbList\",\"@id\":\"https:\/\/www.carmelitaniscalzi.com\/fr\/2020\/12\/23\/voeux-de-noel-de-la-maison-generale\/#breadcrumb\",\"itemListElement\":[{\"@type\":\"ListItem\",\"position\":1,\"name\":\"Home\",\"item\":\"https:\/\/www.carmelitaniscalzi.com\/fr\/\"},{\"@type\":\"ListItem\",\"position\":2,\"name\":\"Voeux de Noel de la Maison G\u00e9n\u00e9rale\"}]},{\"@type\":\"WebSite\",\"@id\":\"https:\/\/www.carmelitaniscalzi.com\/#website\",\"url\":\"https:\/\/www.carmelitaniscalzi.com\/\",\"name\":\"CARMELITANI SCALZI - Curia Generale del Carmelo Teresiano\",\"description\":\"Curie G\u00e9n\u00e9ralice du Carmel D\u00e9chauss\u00e9\",\"publisher\":{\"@id\":\"https:\/\/www.carmelitaniscalzi.com\/#organization\"},\"alternateName\":\"CARMELITANI SCALZI\",\"potentialAction\":[{\"@type\":\"SearchAction\",\"target\":{\"@type\":\"EntryPoint\",\"urlTemplate\":\"https:\/\/www.carmelitaniscalzi.com\/?s={search_term_string}\"},\"query-input\":{\"@type\":\"PropertyValueSpecification\",\"valueRequired\":true,\"valueName\":\"search_term_string\"}}],\"inLanguage\":\"fr-FR\"},{\"@type\":\"Organization\",\"@id\":\"https:\/\/www.carmelitaniscalzi.com\/#organization\",\"name\":\"CARMELITANI SCALZI - Curia Generale del Carmelo Teresiano\",\"url\":\"https:\/\/www.carmelitaniscalzi.com\/\",\"logo\":{\"@type\":\"ImageObject\",\"inLanguage\":\"fr-FR\",\"@id\":\"https:\/\/www.carmelitaniscalzi.com\/#\/schema\/logo\/image\/\",\"url\":\"https:\/\/www.carmelitaniscalzi.com\/wp-content\/uploads\/2025\/11\/login-logo.png\",\"contentUrl\":\"https:\/\/www.carmelitaniscalzi.com\/wp-content\/uploads\/2025\/11\/login-logo.png\",\"width\":256,\"height\":256,\"caption\":\"CARMELITANI SCALZI - Curia Generale del Carmelo Teresiano\"},\"image\":{\"@id\":\"https:\/\/www.carmelitaniscalzi.com\/#\/schema\/logo\/image\/\"},\"sameAs\":[\"https:\/\/www.facebook.com\/Curia-Generalizia-Carmelitani-Scalzi-658766940887784\/\",\"https:\/\/x.com\/ocdcuria\",\"https:\/\/www.youtube.com\/channel\/UC2J5ZL0ycOY0qBSTCLX_NGQ\/videos\",\"https:\/\/www.instagram.com\/ocdinform\/\"]},{\"@type\":\"Person\",\"@id\":\"https:\/\/www.carmelitaniscalzi.com\/#\/schema\/person\/6d1c0d9bea7b6625c437246a5d6da409\",\"name\":\"ocd web master\",\"image\":{\"@type\":\"ImageObject\",\"inLanguage\":\"fr-FR\",\"@id\":\"https:\/\/www.carmelitaniscalzi.com\/#\/schema\/person\/image\/\",\"url\":\"https:\/\/secure.gravatar.com\/avatar\/41fbc5f82bad909fbaf2984c43fa50d8519ac5853e25b454d022b6868f80d0e7?s=96&d=mm&r=g\",\"contentUrl\":\"https:\/\/secure.gravatar.com\/avatar\/41fbc5f82bad909fbaf2984c43fa50d8519ac5853e25b454d022b6868f80d0e7?s=96&d=mm&r=g\",\"caption\":\"ocd web master\"},\"url\":\"https:\/\/www.carmelitaniscalzi.com\/fr\/author\/ocdwebmaster\/\"}]}<\/script>\n<!-- \/ Yoast SEO plugin. -->","yoast_head_json":{"title":"Voeux de Noel de la Maison G\u00e9n\u00e9rale","description":"Chers Fr\u00e8res, les circonstances particuli\u00e8res que notre Communaut\u00e9 a connues nous ont emp\u00each\u00e9s d'imprimer et d'envoyer la carte de v\u0153ux habituelle ; nous en avons cependant pr\u00e9par\u00e9 une version num\u00e9rique, avec une r\u00e9f\u00e9rence particuli\u00e8re \u00e0 saint Joseph, qui, en cette ann\u00e9e jubilaire, nous introduira et nous accompagnera dans la contemplation accueillante et g\u00e9n\u00e9reuse du Myst\u00e8re du Dieu fait homme.","robots":{"index":"index","follow":"follow","max-snippet":"max-snippet:-1","max-image-preview":"max-image-preview:large","max-video-preview":"max-video-preview:-1"},"canonical":"https:\/\/www.carmelitaniscalzi.com\/fr\/2020\/12\/23\/voeux-de-noel-de-la-maison-generale\/","og_locale":"fr_FR","og_type":"article","og_title":"Voeux de Noel de la Maison G\u00e9n\u00e9rale","og_description":"Chers Fr\u00e8res, les circonstances particuli\u00e8res que notre Communaut\u00e9 a connues nous ont emp\u00each\u00e9s d'imprimer et d'envoyer la carte de v\u0153ux habituelle ; nous en avons cependant pr\u00e9par\u00e9 une version num\u00e9rique, avec une r\u00e9f\u00e9rence particuli\u00e8re \u00e0 saint Joseph, qui, en cette ann\u00e9e jubilaire, nous introduira et nous accompagnera dans la contemplation accueillante et g\u00e9n\u00e9reuse du Myst\u00e8re du Dieu fait homme.","og_url":"https:\/\/www.carmelitaniscalzi.com\/fr\/2020\/12\/23\/voeux-de-noel-de-la-maison-generale\/","og_site_name":"CARMES D\u00c9CHAUX","article_publisher":"https:\/\/www.facebook.com\/Curia-Generalizia-Carmelitani-Scalzi-658766940887784\/","article_published_time":"2020-12-23T01:29:14+00:00","og_image":[{"width":937,"height":549,"url":"https:\/\/www.carmelitaniscalzi.com\/wp-content\/uploads\/2020\/12\/FR_copertina_noel2020.jpeg","type":"image\/jpeg"}],"author":"ocd web master","twitter_card":"summary_large_image","twitter_creator":"@ocdcuria","twitter_site":"@ocdcuria","twitter_misc":{"\u00c9crit par":"ocd web master","Dur\u00e9e de lecture estim\u00e9e":"1 minute"},"schema":{"@context":"https:\/\/schema.org","@graph":[{"@type":"Article","@id":"https:\/\/www.carmelitaniscalzi.com\/fr\/2020\/12\/23\/voeux-de-noel-de-la-maison-generale\/#article","isPartOf":{"@id":"https:\/\/www.carmelitaniscalzi.com\/fr\/2020\/12\/23\/voeux-de-noel-de-la-maison-generale\/"},"author":{"name":"ocd web master","@id":"https:\/\/www.carmelitaniscalzi.com\/#\/schema\/person\/6d1c0d9bea7b6625c437246a5d6da409"},"headline":"Voeux de Noel de la Maison G\u00e9n\u00e9rale","datePublished":"2020-12-23T01:29:14+00:00","mainEntityOfPage":{"@id":"https:\/\/www.carmelitaniscalzi.com\/fr\/2020\/12\/23\/voeux-de-noel-de-la-maison-generale\/"},"wordCount":121,"publisher":{"@id":"https:\/\/www.carmelitaniscalzi.com\/#organization"},"image":{"@id":"https:\/\/www.carmelitaniscalzi.com\/fr\/2020\/12\/23\/voeux-de-noel-de-la-maison-generale\/#primaryimage"},"thumbnailUrl":"https:\/\/www.carmelitaniscalzi.com\/wp-content\/uploads\/2020\/12\/FR_copertina_noel2020.jpeg","articleSection":["Nouvelles D\u00e9finiteurs","Nouvelles Fr\u00e8res","Nouvelles Moniales","Nouvelles Pr\u00e9pos\u00e9 G\u00e9n\u00e9ral","Nouvelles OCDS"],"inLanguage":"fr-FR"},{"@type":"WebPage","@id":"https:\/\/www.carmelitaniscalzi.com\/fr\/2020\/12\/23\/voeux-de-noel-de-la-maison-generale\/","url":"https:\/\/www.carmelitaniscalzi.com\/fr\/2020\/12\/23\/voeux-de-noel-de-la-maison-generale\/","name":"Voeux de Noel de la Maison G\u00e9n\u00e9rale","isPartOf":{"@id":"https:\/\/www.carmelitaniscalzi.com\/#website"},"primaryImageOfPage":{"@id":"https:\/\/www.carmelitaniscalzi.com\/fr\/2020\/12\/23\/voeux-de-noel-de-la-maison-generale\/#primaryimage"},"image":{"@id":"https:\/\/www.carmelitaniscalzi.com\/fr\/2020\/12\/23\/voeux-de-noel-de-la-maison-generale\/#primaryimage"},"thumbnailUrl":"https:\/\/www.carmelitaniscalzi.com\/wp-content\/uploads\/2020\/12\/FR_copertina_noel2020.jpeg","datePublished":"2020-12-23T01:29:14+00:00","description":"Chers Fr\u00e8res, les circonstances particuli\u00e8res que notre Communaut\u00e9 a connues nous ont emp\u00each\u00e9s d'imprimer et d'envoyer la carte de v\u0153ux habituelle ; nous en avons cependant pr\u00e9par\u00e9 une version num\u00e9rique, avec une r\u00e9f\u00e9rence particuli\u00e8re \u00e0 saint Joseph, qui, en cette ann\u00e9e jubilaire, nous introduira et nous accompagnera dans la contemplation accueillante et g\u00e9n\u00e9reuse du Myst\u00e8re du Dieu fait homme.","breadcrumb":{"@id":"https:\/\/www.carmelitaniscalzi.com\/fr\/2020\/12\/23\/voeux-de-noel-de-la-maison-generale\/#breadcrumb"},"inLanguage":"fr-FR","potentialAction":[{"@type":"ReadAction","target":["https:\/\/www.carmelitaniscalzi.com\/fr\/2020\/12\/23\/voeux-de-noel-de-la-maison-generale\/"]}]},{"@type":"ImageObject","inLanguage":"fr-FR","@id":"https:\/\/www.carmelitaniscalzi.com\/fr\/2020\/12\/23\/voeux-de-noel-de-la-maison-generale\/#primaryimage","url":"https:\/\/www.carmelitaniscalzi.com\/wp-content\/uploads\/2020\/12\/FR_copertina_noel2020.jpeg","contentUrl":"https:\/\/www.carmelitaniscalzi.com\/wp-content\/uploads\/2020\/12\/FR_copertina_noel2020.jpeg","width":937,"height":549},{"@type":"BreadcrumbList","@id":"https:\/\/www.carmelitaniscalzi.com\/fr\/2020\/12\/23\/voeux-de-noel-de-la-maison-generale\/#breadcrumb","itemListElement":[{"@type":"ListItem","position":1,"name":"Home","item":"https:\/\/www.carmelitaniscalzi.com\/fr\/"},{"@type":"ListItem","position":2,"name":"Voeux de Noel de la Maison G\u00e9n\u00e9rale"}]},{"@type":"WebSite","@id":"https:\/\/www.carmelitaniscalzi.com\/#website","url":"https:\/\/www.carmelitaniscalzi.com\/","name":"CARMELITANI SCALZI - Curia Generale del Carmelo Teresiano","description":"Curie G\u00e9n\u00e9ralice du Carmel D\u00e9chauss\u00e9","publisher":{"@id":"https:\/\/www.carmelitaniscalzi.com\/#organization"},"alternateName":"CARMELITANI SCALZI","potentialAction":[{"@type":"SearchAction","target":{"@type":"EntryPoint","urlTemplate":"https:\/\/www.carmelitaniscalzi.com\/?s={search_term_string}"},"query-input":{"@type":"PropertyValueSpecification","valueRequired":true,"valueName":"search_term_string"}}],"inLanguage":"fr-FR"},{"@type":"Organization","@id":"https:\/\/www.carmelitaniscalzi.com\/#organization","name":"CARMELITANI SCALZI - Curia Generale del Carmelo Teresiano","url":"https:\/\/www.carmelitaniscalzi.com\/","logo":{"@type":"ImageObject","inLanguage":"fr-FR","@id":"https:\/\/www.carmelitaniscalzi.com\/#\/schema\/logo\/image\/","url":"https:\/\/www.carmelitaniscalzi.com\/wp-content\/uploads\/2025\/11\/login-logo.png","contentUrl":"https:\/\/www.carmelitaniscalzi.com\/wp-content\/uploads\/2025\/11\/login-logo.png","width":256,"height":256,"caption":"CARMELITANI SCALZI - Curia Generale del Carmelo Teresiano"},"image":{"@id":"https:\/\/www.carmelitaniscalzi.com\/#\/schema\/logo\/image\/"},"sameAs":["https:\/\/www.facebook.com\/Curia-Generalizia-Carmelitani-Scalzi-658766940887784\/","https:\/\/x.com\/ocdcuria","https:\/\/www.youtube.com\/channel\/UC2J5ZL0ycOY0qBSTCLX_NGQ\/videos","https:\/\/www.instagram.com\/ocdinform\/"]},{"@type":"Person","@id":"https:\/\/www.carmelitaniscalzi.com\/#\/schema\/person\/6d1c0d9bea7b6625c437246a5d6da409","name":"ocd web master","image":{"@type":"ImageObject","inLanguage":"fr-FR","@id":"https:\/\/www.carmelitaniscalzi.com\/#\/schema\/person\/image\/","url":"https:\/\/secure.gravatar.com\/avatar\/41fbc5f82bad909fbaf2984c43fa50d8519ac5853e25b454d022b6868f80d0e7?s=96&d=mm&r=g","contentUrl":"https:\/\/secure.gravatar.com\/avatar\/41fbc5f82bad909fbaf2984c43fa50d8519ac5853e25b454d022b6868f80d0e7?s=96&d=mm&r=g","caption":"ocd web master"},"url":"https:\/\/www.carmelitaniscalzi.com\/fr\/author\/ocdwebmaster\/"}]}},"_links":{"self":[{"href":"https:\/\/www.carmelitaniscalzi.com\/fr\/wp-json\/wp\/v2\/posts\/44657","targetHints":{"allow":["GET"]}}],"collection":[{"href":"https:\/\/www.carmelitaniscalzi.com\/fr\/wp-json\/wp\/v2\/posts"}],"about":[{"href":"https:\/\/www.carmelitaniscalzi.com\/fr\/wp-json\/wp\/v2\/types\/post"}],"author":[{"embeddable":true,"href":"https:\/\/www.carmelitaniscalzi.com\/fr\/wp-json\/wp\/v2\/users\/7"}],"replies":[{"embeddable":true,"href":"https:\/\/www.carmelitaniscalzi.com\/fr\/wp-json\/wp\/v2\/comments?post=44657"}],"version-history":[{"count":0,"href":"https:\/\/www.carmelitaniscalzi.com\/fr\/wp-json\/wp\/v2\/posts\/44657\/revisions"}],"wp:featuredmedia":[{"embeddable":true,"href":"https:\/\/www.carmelitaniscalzi.com\/fr\/wp-json\/wp\/v2\/media\/44613"}],"wp:attachment":[{"href":"https:\/\/www.carmelitaniscalzi.com\/fr\/wp-json\/wp\/v2\/media?parent=44657"}],"wp:term":[{"taxonomy":"category","embeddable":true,"href":"https:\/\/www.carmelitaniscalzi.com\/fr\/wp-json\/wp\/v2\/categories?post=44657"},{"taxonomy":"post_tag","embeddable":true,"href":"https:\/\/www.carmelitaniscalzi.com\/fr\/wp-json\/wp\/v2\/tags?post=44657"}],"curies":[{"name":"wp","href":"https:\/\/api.w.org\/{rel}","templated":true}]}}