{"id":395359,"date":"2024-11-08T00:30:45","date_gmt":"2024-11-07T23:30:45","guid":{"rendered":"https:\/\/www.carmelitaniscalzi.com\/?p=395359"},"modified":"2024-10-27T00:58:21","modified_gmt":"2024-10-26T22:58:21","slug":"autriche-celebration-du-jubile-de-linz","status":"publish","type":"post","link":"https:\/\/www.carmelitaniscalzi.com\/fr\/2024\/11\/08\/autriche-celebration-du-jubile-de-linz\/","title":{"rendered":"Autriche : C\u00e9l\u00e9bration du Jubil\u00e9 de Linz"},"content":{"rendered":"<p>Le dimanche 15 septembre, nous avons eu le plaisir de c\u00e9l\u00e9brer la messe pontificale avec Mgr Manfred Scheuer dans l&rsquo;\u00e9glise des Carmes de Linz, \u00e0 l&rsquo;occasion de la conclusion des ann\u00e9es jubilaires de l&rsquo;Ordre du Carmel th\u00e9r\u00e9sien en Autriche. De nombreux fr\u00e8res autrichiens et \u00e9trangers, des pr\u00eatres amis, un grand nombre de moniales carm\u00e9lites de toute l&rsquo;Autriche, des membres de l&rsquo;OCDS et de nombreux fid\u00e8les ont assist\u00e9 \u00e0 cette c\u00e9l\u00e9bration solennelle.<\/p>\n<p>Le Provincial a fait mention des gr\u00e2ces qui se r\u00e9pandent sur tout l&rsquo;Ordre du Carmel, mais aussi sur le couvent de Linz en particulier, gr\u00e2ce aux nombreuses c\u00e9l\u00e9brations eucharistiques quotidiennes, aux sacrements inlassablement dispens\u00e9s, mais surtout gr\u00e2ce aux nombreuses possibilit\u00e9s de confession et de rencontre, ainsi qu&rsquo;aux multiples propositions pour approfondir sa propre foi.<\/p>\n<p>Au cours de la c\u00e9r\u00e9monie, Mgr Manfred Scheuer a exprim\u00e9 sa gratitude et sa joie pour la pr\u00e9sence du couvent des Carmes, situ\u00e9 en plein c\u0153ur de Linz. Il a conclu la messe solennelle par ces mots : \u00ab Vous \u00eates une b\u00e9n\u00e9diction \u00bb.<\/p>\n<p>Le P\u00e8re Paul Saji a conclu avec la pr\u00e9sentation du livre comm\u00e9moratif, dans lequel les \u00e9v\u00e9nements des ann\u00e9es jubilaires sont pr\u00e9sent\u00e9s de mani\u00e8re chronologique, et o\u00f9 l&rsquo;identit\u00e9 et la mission du Carmel sont r\u00e9affirm\u00e9es : vivre l&rsquo;amiti\u00e9 avec Dieu en toutes choses.<\/p>\n<p>&nbsp;<\/p>\n<div class=\"wpmf-gallerys wpmf-gallerys-life \" ><div id=\"gallery-1\"\n data-gutter-width=\"5\"\n  data-wpmfcolumns=\"3\" class=\"wpmf-gallery gallery-link-file gallery_life gallery-masonry gallery-columns-3 gallery-size-thumbnail wpmf-gallery-bottomspace-default wpmf-gallery-clear wpmf-has-border-radius-0 wpmf-gutterwidth-5\"><div class=\"wpmf-gallery-item\n     wpmf-gallery-item-position-0 wpmf-gallery-item-attachment-395191\" data-index=\"0\"><div class=\"wpmf-gallery-icon\"><a class=\" not_video noLightbox\" data-lightbox=\"1\" data-href=\"https:\/\/www.carmelitaniscalzi.com\/wp-content\/uploads\/2024\/10\/Austria-1-1024x703.jpg\" title=\"Austria 1\" target=\"_self\" data-index=\"0\"><img decoding=\"async\" class=\"wpmf_img\" alt=\"Austria 1\" src=\"https:\/\/www.carmelitaniscalzi.com\/wp-content\/uploads\/2024\/10\/Austria-1-150x150.jpg\" data-type=\"wpmfgalleryimg\" data-lazy-src=\"https:\/\/www.carmelitaniscalzi.com\/wp-content\/uploads\/2024\/10\/Austria-1-150x150.jpg\"><\/a><\/div><\/div><div class=\"wpmf-gallery-item\n     wpmf-gallery-item-position-1 wpmf-gallery-item-attachment-395197\" data-index=\"1\"><div class=\"wpmf-gallery-icon\"><a class=\" not_video noLightbox\" data-lightbox=\"1\" data-href=\"https:\/\/www.carmelitaniscalzi.com\/wp-content\/uploads\/2024\/10\/Austria-2-1024x698.jpg\" title=\"Austria 2\" target=\"_self\" data-index=\"1\"><img decoding=\"async\" class=\"wpmf_img\" alt=\"Austria 2\" src=\"https:\/\/www.carmelitaniscalzi.com\/wp-content\/uploads\/2024\/10\/Austria-2-150x150.jpg\" data-type=\"wpmfgalleryimg\" data-lazy-src=\"https:\/\/www.carmelitaniscalzi.com\/wp-content\/uploads\/2024\/10\/Austria-2-150x150.jpg\"><\/a><\/div><\/div><div class=\"wpmf-gallery-item\n     wpmf-gallery-item-position-2 wpmf-gallery-item-attachment-395203\" data-index=\"2\"><div class=\"wpmf-gallery-icon\"><a class=\" not_video noLightbox\" data-lightbox=\"1\" data-href=\"https:\/\/www.carmelitaniscalzi.com\/wp-content\/uploads\/2024\/10\/Austria-3-1024x612.jpg\" title=\"Austria 3\" target=\"_self\" data-index=\"2\"><img decoding=\"async\" class=\"wpmf_img\" alt=\"Austria 3\" src=\"https:\/\/www.carmelitaniscalzi.com\/wp-content\/uploads\/2024\/10\/Austria-3-150x150.jpg\" data-type=\"wpmfgalleryimg\" data-lazy-src=\"https:\/\/www.carmelitaniscalzi.com\/wp-content\/uploads\/2024\/10\/Austria-3-150x150.jpg\"><\/a><\/div><\/div><\/div><\/div>\n\n","protected":false},"excerpt":{"rendered":"<p>Le dimanche 15 septembre, nous avons eu le plaisir de c\u00e9l\u00e9brer la messe pontificale avec Mgr Manfred Scheuer dans l&rsquo;\u00e9glise des Carmes de Linz, \u00e0 l&rsquo;occasion de la conclusion des ann\u00e9es jubilaires de l&rsquo;Ordre du Carmel th\u00e9r\u00e9sien en Autriche. De nombreux fr\u00e8res autrichiens et \u00e9trangers, des pr\u00eatres amis, un grand nombre de moniales carm\u00e9lites de [&hellip;]<\/p>\n","protected":false},"author":7,"featured_media":395209,"comment_status":"closed","ping_status":"open","sticky":false,"template":"","format":"standard","meta":{"_acf_changed":false,"footnotes":""},"categories":[198,201,203,261,370],"tags":[],"class_list":["post-395359","post","type-post","status-publish","format-standard","has-post-thumbnail","hentry","category-nouvelles-definiteurs","category-nouvelles-freres","category-nouvelles-moniales","category-nouvelles-ocds","category-nouvelles"],"acf":[],"yoast_head":"<!-- This site is optimized with the Yoast SEO plugin v26.3 - https:\/\/yoast.com\/wordpress\/plugins\/seo\/ -->\n<title>Autriche : C\u00e9l\u00e9bration du Jubil\u00e9 de Linz - CARMES D\u00c9CHAUX<\/title>\n<meta name=\"robots\" content=\"index, follow, max-snippet:-1, max-image-preview:large, max-video-preview:-1\" \/>\n<link rel=\"canonical\" href=\"https:\/\/www.carmelitaniscalzi.com\/fr\/2024\/11\/08\/autriche-celebration-du-jubile-de-linz\/\" \/>\n<meta property=\"og:locale\" content=\"fr_FR\" \/>\n<meta property=\"og:type\" content=\"article\" \/>\n<meta property=\"og:title\" content=\"Autriche : C\u00e9l\u00e9bration du Jubil\u00e9 de Linz - CARMES D\u00c9CHAUX\" \/>\n<meta property=\"og:description\" content=\"Le dimanche 15 septembre, nous avons eu le plaisir de c\u00e9l\u00e9brer la messe pontificale avec Mgr Manfred Scheuer dans l&rsquo;\u00e9glise des Carmes de Linz, \u00e0 l&rsquo;occasion de la conclusion des ann\u00e9es jubilaires de l&rsquo;Ordre du Carmel th\u00e9r\u00e9sien en Autriche. De nombreux fr\u00e8res autrichiens et \u00e9trangers, des pr\u00eatres amis, un grand nombre de moniales carm\u00e9lites de [&hellip;]\" \/>\n<meta property=\"og:url\" content=\"https:\/\/www.carmelitaniscalzi.com\/fr\/2024\/11\/08\/autriche-celebration-du-jubile-de-linz\/\" \/>\n<meta property=\"og:site_name\" content=\"CARMES D\u00c9CHAUX\" \/>\n<meta property=\"article:publisher\" content=\"https:\/\/www.facebook.com\/Curia-Generalizia-Carmelitani-Scalzi-658766940887784\/\" \/>\n<meta property=\"article:published_time\" content=\"2024-11-07T23:30:45+00:00\" \/>\n<meta property=\"og:image\" content=\"https:\/\/www.carmelitaniscalzi.com\/wp-content\/uploads\/2024\/10\/cover_austria_10.2024.jpg\" \/>\n\t<meta property=\"og:image:width\" content=\"1200\" \/>\n\t<meta property=\"og:image:height\" content=\"800\" \/>\n\t<meta property=\"og:image:type\" content=\"image\/jpeg\" \/>\n<meta name=\"author\" content=\"ocd web master\" \/>\n<meta name=\"twitter:card\" content=\"summary_large_image\" \/>\n<meta name=\"twitter:creator\" content=\"@ocdcuria\" \/>\n<meta name=\"twitter:site\" content=\"@ocdcuria\" \/>\n<meta name=\"twitter:label1\" content=\"\u00c9crit par\" \/>\n\t<meta name=\"twitter:data1\" content=\"ocd web master\" \/>\n\t<meta name=\"twitter:label2\" content=\"Dur\u00e9e de lecture estim\u00e9e\" \/>\n\t<meta name=\"twitter:data2\" content=\"1 minute\" \/>\n<script type=\"application\/ld+json\" class=\"yoast-schema-graph\">{\"@context\":\"https:\/\/schema.org\",\"@graph\":[{\"@type\":\"Article\",\"@id\":\"https:\/\/www.carmelitaniscalzi.com\/fr\/2024\/11\/08\/autriche-celebration-du-jubile-de-linz\/#article\",\"isPartOf\":{\"@id\":\"https:\/\/www.carmelitaniscalzi.com\/fr\/2024\/11\/08\/autriche-celebration-du-jubile-de-linz\/\"},\"author\":{\"name\":\"ocd web master\",\"@id\":\"https:\/\/www.carmelitaniscalzi.com\/#\/schema\/person\/6d1c0d9bea7b6625c437246a5d6da409\"},\"headline\":\"Autriche : C\u00e9l\u00e9bration du Jubil\u00e9 de Linz\",\"datePublished\":\"2024-11-07T23:30:45+00:00\",\"mainEntityOfPage\":{\"@id\":\"https:\/\/www.carmelitaniscalzi.com\/fr\/2024\/11\/08\/autriche-celebration-du-jubile-de-linz\/\"},\"wordCount\":266,\"publisher\":{\"@id\":\"https:\/\/www.carmelitaniscalzi.com\/#organization\"},\"image\":{\"@id\":\"https:\/\/www.carmelitaniscalzi.com\/fr\/2024\/11\/08\/autriche-celebration-du-jubile-de-linz\/#primaryimage\"},\"thumbnailUrl\":\"https:\/\/www.carmelitaniscalzi.com\/wp-content\/uploads\/2024\/10\/cover_austria_10.2024.jpg\",\"articleSection\":[\"Nouvelles D\u00e9finiteurs\",\"Nouvelles Fr\u00e8res\",\"Nouvelles Moniales\",\"Nouvelles OCDS\",\"Nouvelles\"],\"inLanguage\":\"fr-FR\"},{\"@type\":\"WebPage\",\"@id\":\"https:\/\/www.carmelitaniscalzi.com\/fr\/2024\/11\/08\/autriche-celebration-du-jubile-de-linz\/\",\"url\":\"https:\/\/www.carmelitaniscalzi.com\/fr\/2024\/11\/08\/autriche-celebration-du-jubile-de-linz\/\",\"name\":\"Autriche : C\u00e9l\u00e9bration du Jubil\u00e9 de Linz - CARMES D\u00c9CHAUX\",\"isPartOf\":{\"@id\":\"https:\/\/www.carmelitaniscalzi.com\/#website\"},\"primaryImageOfPage\":{\"@id\":\"https:\/\/www.carmelitaniscalzi.com\/fr\/2024\/11\/08\/autriche-celebration-du-jubile-de-linz\/#primaryimage\"},\"image\":{\"@id\":\"https:\/\/www.carmelitaniscalzi.com\/fr\/2024\/11\/08\/autriche-celebration-du-jubile-de-linz\/#primaryimage\"},\"thumbnailUrl\":\"https:\/\/www.carmelitaniscalzi.com\/wp-content\/uploads\/2024\/10\/cover_austria_10.2024.jpg\",\"datePublished\":\"2024-11-07T23:30:45+00:00\",\"breadcrumb\":{\"@id\":\"https:\/\/www.carmelitaniscalzi.com\/fr\/2024\/11\/08\/autriche-celebration-du-jubile-de-linz\/#breadcrumb\"},\"inLanguage\":\"fr-FR\",\"potentialAction\":[{\"@type\":\"ReadAction\",\"target\":[\"https:\/\/www.carmelitaniscalzi.com\/fr\/2024\/11\/08\/autriche-celebration-du-jubile-de-linz\/\"]}]},{\"@type\":\"ImageObject\",\"inLanguage\":\"fr-FR\",\"@id\":\"https:\/\/www.carmelitaniscalzi.com\/fr\/2024\/11\/08\/autriche-celebration-du-jubile-de-linz\/#primaryimage\",\"url\":\"https:\/\/www.carmelitaniscalzi.com\/wp-content\/uploads\/2024\/10\/cover_austria_10.2024.jpg\",\"contentUrl\":\"https:\/\/www.carmelitaniscalzi.com\/wp-content\/uploads\/2024\/10\/cover_austria_10.2024.jpg\",\"width\":1200,\"height\":800},{\"@type\":\"BreadcrumbList\",\"@id\":\"https:\/\/www.carmelitaniscalzi.com\/fr\/2024\/11\/08\/autriche-celebration-du-jubile-de-linz\/#breadcrumb\",\"itemListElement\":[{\"@type\":\"ListItem\",\"position\":1,\"name\":\"Home\",\"item\":\"https:\/\/www.carmelitaniscalzi.com\/fr\/\"},{\"@type\":\"ListItem\",\"position\":2,\"name\":\"Autriche : C\u00e9l\u00e9bration du Jubil\u00e9 de Linz\"}]},{\"@type\":\"WebSite\",\"@id\":\"https:\/\/www.carmelitaniscalzi.com\/#website\",\"url\":\"https:\/\/www.carmelitaniscalzi.com\/\",\"name\":\"CARMELITANI SCALZI - Curia Generale del Carmelo Teresiano\",\"description\":\"Curie G\u00e9n\u00e9ralice du Carmel D\u00e9chauss\u00e9\",\"publisher\":{\"@id\":\"https:\/\/www.carmelitaniscalzi.com\/#organization\"},\"alternateName\":\"CARMELITANI SCALZI\",\"potentialAction\":[{\"@type\":\"SearchAction\",\"target\":{\"@type\":\"EntryPoint\",\"urlTemplate\":\"https:\/\/www.carmelitaniscalzi.com\/?s={search_term_string}\"},\"query-input\":{\"@type\":\"PropertyValueSpecification\",\"valueRequired\":true,\"valueName\":\"search_term_string\"}}],\"inLanguage\":\"fr-FR\"},{\"@type\":\"Organization\",\"@id\":\"https:\/\/www.carmelitaniscalzi.com\/#organization\",\"name\":\"CARMELITANI SCALZI - Curia Generale del Carmelo Teresiano\",\"url\":\"https:\/\/www.carmelitaniscalzi.com\/\",\"logo\":{\"@type\":\"ImageObject\",\"inLanguage\":\"fr-FR\",\"@id\":\"https:\/\/www.carmelitaniscalzi.com\/#\/schema\/logo\/image\/\",\"url\":\"https:\/\/www.carmelitaniscalzi.com\/wp-content\/uploads\/2025\/11\/login-logo.png\",\"contentUrl\":\"https:\/\/www.carmelitaniscalzi.com\/wp-content\/uploads\/2025\/11\/login-logo.png\",\"width\":256,\"height\":256,\"caption\":\"CARMELITANI SCALZI - Curia Generale del Carmelo Teresiano\"},\"image\":{\"@id\":\"https:\/\/www.carmelitaniscalzi.com\/#\/schema\/logo\/image\/\"},\"sameAs\":[\"https:\/\/www.facebook.com\/Curia-Generalizia-Carmelitani-Scalzi-658766940887784\/\",\"https:\/\/x.com\/ocdcuria\",\"https:\/\/www.youtube.com\/channel\/UC2J5ZL0ycOY0qBSTCLX_NGQ\/videos\",\"https:\/\/www.instagram.com\/ocdinform\/\"]},{\"@type\":\"Person\",\"@id\":\"https:\/\/www.carmelitaniscalzi.com\/#\/schema\/person\/6d1c0d9bea7b6625c437246a5d6da409\",\"name\":\"ocd web master\",\"image\":{\"@type\":\"ImageObject\",\"inLanguage\":\"fr-FR\",\"@id\":\"https:\/\/www.carmelitaniscalzi.com\/#\/schema\/person\/image\/\",\"url\":\"https:\/\/secure.gravatar.com\/avatar\/41fbc5f82bad909fbaf2984c43fa50d8519ac5853e25b454d022b6868f80d0e7?s=96&d=mm&r=g\",\"contentUrl\":\"https:\/\/secure.gravatar.com\/avatar\/41fbc5f82bad909fbaf2984c43fa50d8519ac5853e25b454d022b6868f80d0e7?s=96&d=mm&r=g\",\"caption\":\"ocd web master\"},\"url\":\"https:\/\/www.carmelitaniscalzi.com\/fr\/author\/ocdwebmaster\/\"}]}<\/script>\n<!-- \/ Yoast SEO plugin. -->","yoast_head_json":{"title":"Autriche : C\u00e9l\u00e9bration du Jubil\u00e9 de Linz - CARMES D\u00c9CHAUX","robots":{"index":"index","follow":"follow","max-snippet":"max-snippet:-1","max-image-preview":"max-image-preview:large","max-video-preview":"max-video-preview:-1"},"canonical":"https:\/\/www.carmelitaniscalzi.com\/fr\/2024\/11\/08\/autriche-celebration-du-jubile-de-linz\/","og_locale":"fr_FR","og_type":"article","og_title":"Autriche : C\u00e9l\u00e9bration du Jubil\u00e9 de Linz - CARMES D\u00c9CHAUX","og_description":"Le dimanche 15 septembre, nous avons eu le plaisir de c\u00e9l\u00e9brer la messe pontificale avec Mgr Manfred Scheuer dans l&rsquo;\u00e9glise des Carmes de Linz, \u00e0 l&rsquo;occasion de la conclusion des ann\u00e9es jubilaires de l&rsquo;Ordre du Carmel th\u00e9r\u00e9sien en Autriche. De nombreux fr\u00e8res autrichiens et \u00e9trangers, des pr\u00eatres amis, un grand nombre de moniales carm\u00e9lites de [&hellip;]","og_url":"https:\/\/www.carmelitaniscalzi.com\/fr\/2024\/11\/08\/autriche-celebration-du-jubile-de-linz\/","og_site_name":"CARMES D\u00c9CHAUX","article_publisher":"https:\/\/www.facebook.com\/Curia-Generalizia-Carmelitani-Scalzi-658766940887784\/","article_published_time":"2024-11-07T23:30:45+00:00","og_image":[{"width":1200,"height":800,"url":"https:\/\/www.carmelitaniscalzi.com\/wp-content\/uploads\/2024\/10\/cover_austria_10.2024.jpg","type":"image\/jpeg"}],"author":"ocd web master","twitter_card":"summary_large_image","twitter_creator":"@ocdcuria","twitter_site":"@ocdcuria","twitter_misc":{"\u00c9crit par":"ocd web master","Dur\u00e9e de lecture estim\u00e9e":"1 minute"},"schema":{"@context":"https:\/\/schema.org","@graph":[{"@type":"Article","@id":"https:\/\/www.carmelitaniscalzi.com\/fr\/2024\/11\/08\/autriche-celebration-du-jubile-de-linz\/#article","isPartOf":{"@id":"https:\/\/www.carmelitaniscalzi.com\/fr\/2024\/11\/08\/autriche-celebration-du-jubile-de-linz\/"},"author":{"name":"ocd web master","@id":"https:\/\/www.carmelitaniscalzi.com\/#\/schema\/person\/6d1c0d9bea7b6625c437246a5d6da409"},"headline":"Autriche : C\u00e9l\u00e9bration du Jubil\u00e9 de Linz","datePublished":"2024-11-07T23:30:45+00:00","mainEntityOfPage":{"@id":"https:\/\/www.carmelitaniscalzi.com\/fr\/2024\/11\/08\/autriche-celebration-du-jubile-de-linz\/"},"wordCount":266,"publisher":{"@id":"https:\/\/www.carmelitaniscalzi.com\/#organization"},"image":{"@id":"https:\/\/www.carmelitaniscalzi.com\/fr\/2024\/11\/08\/autriche-celebration-du-jubile-de-linz\/#primaryimage"},"thumbnailUrl":"https:\/\/www.carmelitaniscalzi.com\/wp-content\/uploads\/2024\/10\/cover_austria_10.2024.jpg","articleSection":["Nouvelles D\u00e9finiteurs","Nouvelles Fr\u00e8res","Nouvelles Moniales","Nouvelles OCDS","Nouvelles"],"inLanguage":"fr-FR"},{"@type":"WebPage","@id":"https:\/\/www.carmelitaniscalzi.com\/fr\/2024\/11\/08\/autriche-celebration-du-jubile-de-linz\/","url":"https:\/\/www.carmelitaniscalzi.com\/fr\/2024\/11\/08\/autriche-celebration-du-jubile-de-linz\/","name":"Autriche : C\u00e9l\u00e9bration du Jubil\u00e9 de Linz - CARMES D\u00c9CHAUX","isPartOf":{"@id":"https:\/\/www.carmelitaniscalzi.com\/#website"},"primaryImageOfPage":{"@id":"https:\/\/www.carmelitaniscalzi.com\/fr\/2024\/11\/08\/autriche-celebration-du-jubile-de-linz\/#primaryimage"},"image":{"@id":"https:\/\/www.carmelitaniscalzi.com\/fr\/2024\/11\/08\/autriche-celebration-du-jubile-de-linz\/#primaryimage"},"thumbnailUrl":"https:\/\/www.carmelitaniscalzi.com\/wp-content\/uploads\/2024\/10\/cover_austria_10.2024.jpg","datePublished":"2024-11-07T23:30:45+00:00","breadcrumb":{"@id":"https:\/\/www.carmelitaniscalzi.com\/fr\/2024\/11\/08\/autriche-celebration-du-jubile-de-linz\/#breadcrumb"},"inLanguage":"fr-FR","potentialAction":[{"@type":"ReadAction","target":["https:\/\/www.carmelitaniscalzi.com\/fr\/2024\/11\/08\/autriche-celebration-du-jubile-de-linz\/"]}]},{"@type":"ImageObject","inLanguage":"fr-FR","@id":"https:\/\/www.carmelitaniscalzi.com\/fr\/2024\/11\/08\/autriche-celebration-du-jubile-de-linz\/#primaryimage","url":"https:\/\/www.carmelitaniscalzi.com\/wp-content\/uploads\/2024\/10\/cover_austria_10.2024.jpg","contentUrl":"https:\/\/www.carmelitaniscalzi.com\/wp-content\/uploads\/2024\/10\/cover_austria_10.2024.jpg","width":1200,"height":800},{"@type":"BreadcrumbList","@id":"https:\/\/www.carmelitaniscalzi.com\/fr\/2024\/11\/08\/autriche-celebration-du-jubile-de-linz\/#breadcrumb","itemListElement":[{"@type":"ListItem","position":1,"name":"Home","item":"https:\/\/www.carmelitaniscalzi.com\/fr\/"},{"@type":"ListItem","position":2,"name":"Autriche : C\u00e9l\u00e9bration du Jubil\u00e9 de Linz"}]},{"@type":"WebSite","@id":"https:\/\/www.carmelitaniscalzi.com\/#website","url":"https:\/\/www.carmelitaniscalzi.com\/","name":"CARMELITANI SCALZI - Curia Generale del Carmelo Teresiano","description":"Curie G\u00e9n\u00e9ralice du Carmel D\u00e9chauss\u00e9","publisher":{"@id":"https:\/\/www.carmelitaniscalzi.com\/#organization"},"alternateName":"CARMELITANI SCALZI","potentialAction":[{"@type":"SearchAction","target":{"@type":"EntryPoint","urlTemplate":"https:\/\/www.carmelitaniscalzi.com\/?s={search_term_string}"},"query-input":{"@type":"PropertyValueSpecification","valueRequired":true,"valueName":"search_term_string"}}],"inLanguage":"fr-FR"},{"@type":"Organization","@id":"https:\/\/www.carmelitaniscalzi.com\/#organization","name":"CARMELITANI SCALZI - Curia Generale del Carmelo Teresiano","url":"https:\/\/www.carmelitaniscalzi.com\/","logo":{"@type":"ImageObject","inLanguage":"fr-FR","@id":"https:\/\/www.carmelitaniscalzi.com\/#\/schema\/logo\/image\/","url":"https:\/\/www.carmelitaniscalzi.com\/wp-content\/uploads\/2025\/11\/login-logo.png","contentUrl":"https:\/\/www.carmelitaniscalzi.com\/wp-content\/uploads\/2025\/11\/login-logo.png","width":256,"height":256,"caption":"CARMELITANI SCALZI - Curia Generale del Carmelo Teresiano"},"image":{"@id":"https:\/\/www.carmelitaniscalzi.com\/#\/schema\/logo\/image\/"},"sameAs":["https:\/\/www.facebook.com\/Curia-Generalizia-Carmelitani-Scalzi-658766940887784\/","https:\/\/x.com\/ocdcuria","https:\/\/www.youtube.com\/channel\/UC2J5ZL0ycOY0qBSTCLX_NGQ\/videos","https:\/\/www.instagram.com\/ocdinform\/"]},{"@type":"Person","@id":"https:\/\/www.carmelitaniscalzi.com\/#\/schema\/person\/6d1c0d9bea7b6625c437246a5d6da409","name":"ocd web master","image":{"@type":"ImageObject","inLanguage":"fr-FR","@id":"https:\/\/www.carmelitaniscalzi.com\/#\/schema\/person\/image\/","url":"https:\/\/secure.gravatar.com\/avatar\/41fbc5f82bad909fbaf2984c43fa50d8519ac5853e25b454d022b6868f80d0e7?s=96&d=mm&r=g","contentUrl":"https:\/\/secure.gravatar.com\/avatar\/41fbc5f82bad909fbaf2984c43fa50d8519ac5853e25b454d022b6868f80d0e7?s=96&d=mm&r=g","caption":"ocd web master"},"url":"https:\/\/www.carmelitaniscalzi.com\/fr\/author\/ocdwebmaster\/"}]}},"_links":{"self":[{"href":"https:\/\/www.carmelitaniscalzi.com\/fr\/wp-json\/wp\/v2\/posts\/395359","targetHints":{"allow":["GET"]}}],"collection":[{"href":"https:\/\/www.carmelitaniscalzi.com\/fr\/wp-json\/wp\/v2\/posts"}],"about":[{"href":"https:\/\/www.carmelitaniscalzi.com\/fr\/wp-json\/wp\/v2\/types\/post"}],"author":[{"embeddable":true,"href":"https:\/\/www.carmelitaniscalzi.com\/fr\/wp-json\/wp\/v2\/users\/7"}],"replies":[{"embeddable":true,"href":"https:\/\/www.carmelitaniscalzi.com\/fr\/wp-json\/wp\/v2\/comments?post=395359"}],"version-history":[{"count":1,"href":"https:\/\/www.carmelitaniscalzi.com\/fr\/wp-json\/wp\/v2\/posts\/395359\/revisions"}],"predecessor-version":[{"id":395360,"href":"https:\/\/www.carmelitaniscalzi.com\/fr\/wp-json\/wp\/v2\/posts\/395359\/revisions\/395360"}],"wp:featuredmedia":[{"embeddable":true,"href":"https:\/\/www.carmelitaniscalzi.com\/fr\/wp-json\/wp\/v2\/media\/395209"}],"wp:attachment":[{"href":"https:\/\/www.carmelitaniscalzi.com\/fr\/wp-json\/wp\/v2\/media?parent=395359"}],"wp:term":[{"taxonomy":"category","embeddable":true,"href":"https:\/\/www.carmelitaniscalzi.com\/fr\/wp-json\/wp\/v2\/categories?post=395359"},{"taxonomy":"post_tag","embeddable":true,"href":"https:\/\/www.carmelitaniscalzi.com\/fr\/wp-json\/wp\/v2\/tags?post=395359"}],"curies":[{"name":"wp","href":"https:\/\/api.w.org\/{rel}","templated":true}]}}