{"id":290526,"date":"2023-11-20T03:00:12","date_gmt":"2023-11-20T02:00:12","guid":{"rendered":"https:\/\/www.carmelitaniscalzi.com\/?p=290526"},"modified":"2023-11-11T03:01:36","modified_gmt":"2023-11-11T02:01:36","slug":"nouvelles-de-la-province-dallemagne","status":"publish","type":"post","link":"https:\/\/www.carmelitaniscalzi.com\/fr\/2023\/11\/20\/nouvelles-de-la-province-dallemagne\/","title":{"rendered":"Nouvelles de la Province d&rsquo;Allemagne"},"content":{"rendered":"<p>Du 29 septembre au 1<sup>er<\/sup> octobre 2023, l&rsquo;Assembl\u00e9e nationale de l&rsquo;ODCS de la Province d&rsquo;Allemagne s&rsquo;est tenue dans le Centre spirituel du couvent des Carmes de Birkenwerder, en pr\u00e9sence du Provincial, le P\u00e8re Jean-Raoul Kiyangi, et du D\u00e9l\u00e9gu\u00e9 provincial, le P\u00e8re Reinhard K\u00f6rner. Les Pr\u00e9sidents et les D\u00e9l\u00e9gu\u00e9s des 18 communaut\u00e9s ont \u00e9chang\u00e9 sur la situation actuelle de chacune d&rsquo;entre elles. La r\u00e9flexion a \u00e9galement port\u00e9 sur les activit\u00e9s \u00e0 venir de l&rsquo;ensemble de la famille religieuse de la Province. Les \u00e9lections ont conduit \u00e0 la r\u00e9\u00e9lection du pr\u00e9c\u00e9dent Conseil national.<\/p>\n<p>&nbsp;<\/p>\n<p><img loading=\"lazy\" decoding=\"async\" class=\"alignnone size-full wp-image-290145\" src=\"https:\/\/www.carmelitaniscalzi.com\/wp-content\/uploads\/2023\/11\/Germania.jpg\" alt=\"\" width=\"1920\" height=\"1065\" srcset=\"https:\/\/www.carmelitaniscalzi.com\/wp-content\/uploads\/2023\/11\/Germania.jpg 1920w, https:\/\/www.carmelitaniscalzi.com\/wp-content\/uploads\/2023\/11\/Germania-300x166.jpg 300w, https:\/\/www.carmelitaniscalzi.com\/wp-content\/uploads\/2023\/11\/Germania-1024x568.jpg 1024w, https:\/\/www.carmelitaniscalzi.com\/wp-content\/uploads\/2023\/11\/Germania-768x426.jpg 768w, https:\/\/www.carmelitaniscalzi.com\/wp-content\/uploads\/2023\/11\/Germania-1536x852.jpg 1536w\" sizes=\"auto, (max-width: 1920px) 100vw, 1920px\" \/><\/p>\n","protected":false},"excerpt":{"rendered":"<p>Du 29 septembre au 1er octobre 2023, l&rsquo;Assembl\u00e9e nationale de l&rsquo;ODCS de la Province d&rsquo;Allemagne s&rsquo;est tenue dans le Centre spirituel du couvent des Carmes de Birkenwerder, en pr\u00e9sence du Provincial, le P\u00e8re Jean-Raoul Kiyangi, et du D\u00e9l\u00e9gu\u00e9 provincial, le P\u00e8re Reinhard K\u00f6rner. Les Pr\u00e9sidents et les D\u00e9l\u00e9gu\u00e9s des 18 communaut\u00e9s ont \u00e9chang\u00e9 sur la [&hellip;]<\/p>\n","protected":false},"author":7,"featured_media":290139,"comment_status":"closed","ping_status":"open","sticky":false,"template":"","format":"standard","meta":{"_acf_changed":false,"footnotes":""},"categories":[201,261,370],"tags":[],"class_list":["post-290526","post","type-post","status-publish","format-standard","has-post-thumbnail","hentry","category-nouvelles-freres","category-nouvelles-ocds","category-nouvelles"],"acf":[],"yoast_head":"<!-- This site is optimized with the Yoast SEO plugin v26.3 - https:\/\/yoast.com\/wordpress\/plugins\/seo\/ -->\n<title>Nouvelles de la Province d&#039;Allemagne - CARMES D\u00c9CHAUX<\/title>\n<meta name=\"robots\" content=\"index, follow, max-snippet:-1, max-image-preview:large, max-video-preview:-1\" \/>\n<link rel=\"canonical\" href=\"https:\/\/www.carmelitaniscalzi.com\/fr\/2023\/11\/20\/nouvelles-de-la-province-dallemagne\/\" \/>\n<meta property=\"og:locale\" content=\"fr_FR\" \/>\n<meta property=\"og:type\" content=\"article\" \/>\n<meta property=\"og:title\" content=\"Nouvelles de la Province d&#039;Allemagne - CARMES D\u00c9CHAUX\" \/>\n<meta property=\"og:description\" content=\"Du 29 septembre au 1er octobre 2023, l&rsquo;Assembl\u00e9e nationale de l&rsquo;ODCS de la Province d&rsquo;Allemagne s&rsquo;est tenue dans le Centre spirituel du couvent des Carmes de Birkenwerder, en pr\u00e9sence du Provincial, le P\u00e8re Jean-Raoul Kiyangi, et du D\u00e9l\u00e9gu\u00e9 provincial, le P\u00e8re Reinhard K\u00f6rner. Les Pr\u00e9sidents et les D\u00e9l\u00e9gu\u00e9s des 18 communaut\u00e9s ont \u00e9chang\u00e9 sur la [&hellip;]\" \/>\n<meta property=\"og:url\" content=\"https:\/\/www.carmelitaniscalzi.com\/fr\/2023\/11\/20\/nouvelles-de-la-province-dallemagne\/\" \/>\n<meta property=\"og:site_name\" content=\"CARMES D\u00c9CHAUX\" \/>\n<meta property=\"article:publisher\" content=\"https:\/\/www.facebook.com\/Curia-Generalizia-Carmelitani-Scalzi-658766940887784\/\" \/>\n<meta property=\"article:published_time\" content=\"2023-11-20T02:00:12+00:00\" \/>\n<meta property=\"og:image\" content=\"https:\/\/www.carmelitaniscalzi.com\/wp-content\/uploads\/2023\/11\/cover_germania_10.2023.jpg\" \/>\n\t<meta property=\"og:image:width\" content=\"1200\" \/>\n\t<meta property=\"og:image:height\" content=\"800\" \/>\n\t<meta property=\"og:image:type\" content=\"image\/jpeg\" \/>\n<meta name=\"author\" content=\"ocd web master\" \/>\n<meta name=\"twitter:card\" content=\"summary_large_image\" \/>\n<meta name=\"twitter:creator\" content=\"@ocdcuria\" \/>\n<meta name=\"twitter:site\" content=\"@ocdcuria\" \/>\n<meta name=\"twitter:label1\" content=\"\u00c9crit par\" \/>\n\t<meta name=\"twitter:data1\" content=\"ocd web master\" \/>\n\t<meta name=\"twitter:label2\" content=\"Dur\u00e9e de lecture estim\u00e9e\" \/>\n\t<meta name=\"twitter:data2\" content=\"1 minute\" \/>\n<script type=\"application\/ld+json\" class=\"yoast-schema-graph\">{\"@context\":\"https:\/\/schema.org\",\"@graph\":[{\"@type\":\"Article\",\"@id\":\"https:\/\/www.carmelitaniscalzi.com\/fr\/2023\/11\/20\/nouvelles-de-la-province-dallemagne\/#article\",\"isPartOf\":{\"@id\":\"https:\/\/www.carmelitaniscalzi.com\/fr\/2023\/11\/20\/nouvelles-de-la-province-dallemagne\/\"},\"author\":{\"name\":\"ocd web master\",\"@id\":\"https:\/\/www.carmelitaniscalzi.com\/#\/schema\/person\/6d1c0d9bea7b6625c437246a5d6da409\"},\"headline\":\"Nouvelles de la Province d&rsquo;Allemagne\",\"datePublished\":\"2023-11-20T02:00:12+00:00\",\"mainEntityOfPage\":{\"@id\":\"https:\/\/www.carmelitaniscalzi.com\/fr\/2023\/11\/20\/nouvelles-de-la-province-dallemagne\/\"},\"wordCount\":116,\"publisher\":{\"@id\":\"https:\/\/www.carmelitaniscalzi.com\/#organization\"},\"image\":{\"@id\":\"https:\/\/www.carmelitaniscalzi.com\/fr\/2023\/11\/20\/nouvelles-de-la-province-dallemagne\/#primaryimage\"},\"thumbnailUrl\":\"https:\/\/www.carmelitaniscalzi.com\/wp-content\/uploads\/2023\/11\/cover_germania_10.2023.jpg\",\"articleSection\":[\"Nouvelles Fr\u00e8res\",\"Nouvelles OCDS\",\"Nouvelles\"],\"inLanguage\":\"fr-FR\"},{\"@type\":\"WebPage\",\"@id\":\"https:\/\/www.carmelitaniscalzi.com\/fr\/2023\/11\/20\/nouvelles-de-la-province-dallemagne\/\",\"url\":\"https:\/\/www.carmelitaniscalzi.com\/fr\/2023\/11\/20\/nouvelles-de-la-province-dallemagne\/\",\"name\":\"Nouvelles de la Province d'Allemagne - CARMES D\u00c9CHAUX\",\"isPartOf\":{\"@id\":\"https:\/\/www.carmelitaniscalzi.com\/#website\"},\"primaryImageOfPage\":{\"@id\":\"https:\/\/www.carmelitaniscalzi.com\/fr\/2023\/11\/20\/nouvelles-de-la-province-dallemagne\/#primaryimage\"},\"image\":{\"@id\":\"https:\/\/www.carmelitaniscalzi.com\/fr\/2023\/11\/20\/nouvelles-de-la-province-dallemagne\/#primaryimage\"},\"thumbnailUrl\":\"https:\/\/www.carmelitaniscalzi.com\/wp-content\/uploads\/2023\/11\/cover_germania_10.2023.jpg\",\"datePublished\":\"2023-11-20T02:00:12+00:00\",\"breadcrumb\":{\"@id\":\"https:\/\/www.carmelitaniscalzi.com\/fr\/2023\/11\/20\/nouvelles-de-la-province-dallemagne\/#breadcrumb\"},\"inLanguage\":\"fr-FR\",\"potentialAction\":[{\"@type\":\"ReadAction\",\"target\":[\"https:\/\/www.carmelitaniscalzi.com\/fr\/2023\/11\/20\/nouvelles-de-la-province-dallemagne\/\"]}]},{\"@type\":\"ImageObject\",\"inLanguage\":\"fr-FR\",\"@id\":\"https:\/\/www.carmelitaniscalzi.com\/fr\/2023\/11\/20\/nouvelles-de-la-province-dallemagne\/#primaryimage\",\"url\":\"https:\/\/www.carmelitaniscalzi.com\/wp-content\/uploads\/2023\/11\/cover_germania_10.2023.jpg\",\"contentUrl\":\"https:\/\/www.carmelitaniscalzi.com\/wp-content\/uploads\/2023\/11\/cover_germania_10.2023.jpg\",\"width\":1200,\"height\":800},{\"@type\":\"BreadcrumbList\",\"@id\":\"https:\/\/www.carmelitaniscalzi.com\/fr\/2023\/11\/20\/nouvelles-de-la-province-dallemagne\/#breadcrumb\",\"itemListElement\":[{\"@type\":\"ListItem\",\"position\":1,\"name\":\"Home\",\"item\":\"https:\/\/www.carmelitaniscalzi.com\/fr\/\"},{\"@type\":\"ListItem\",\"position\":2,\"name\":\"Nouvelles de la Province d&#8217;Allemagne\"}]},{\"@type\":\"WebSite\",\"@id\":\"https:\/\/www.carmelitaniscalzi.com\/#website\",\"url\":\"https:\/\/www.carmelitaniscalzi.com\/\",\"name\":\"CARMELITANI SCALZI - Curia Generale del Carmelo Teresiano\",\"description\":\"Curie G\u00e9n\u00e9ralice du Carmel D\u00e9chauss\u00e9\",\"publisher\":{\"@id\":\"https:\/\/www.carmelitaniscalzi.com\/#organization\"},\"alternateName\":\"CARMELITANI SCALZI\",\"potentialAction\":[{\"@type\":\"SearchAction\",\"target\":{\"@type\":\"EntryPoint\",\"urlTemplate\":\"https:\/\/www.carmelitaniscalzi.com\/?s={search_term_string}\"},\"query-input\":{\"@type\":\"PropertyValueSpecification\",\"valueRequired\":true,\"valueName\":\"search_term_string\"}}],\"inLanguage\":\"fr-FR\"},{\"@type\":\"Organization\",\"@id\":\"https:\/\/www.carmelitaniscalzi.com\/#organization\",\"name\":\"CARMELITANI SCALZI - Curia Generale del Carmelo Teresiano\",\"url\":\"https:\/\/www.carmelitaniscalzi.com\/\",\"logo\":{\"@type\":\"ImageObject\",\"inLanguage\":\"fr-FR\",\"@id\":\"https:\/\/www.carmelitaniscalzi.com\/#\/schema\/logo\/image\/\",\"url\":\"https:\/\/www.carmelitaniscalzi.com\/wp-content\/uploads\/2025\/11\/login-logo.png\",\"contentUrl\":\"https:\/\/www.carmelitaniscalzi.com\/wp-content\/uploads\/2025\/11\/login-logo.png\",\"width\":256,\"height\":256,\"caption\":\"CARMELITANI SCALZI - Curia Generale del Carmelo Teresiano\"},\"image\":{\"@id\":\"https:\/\/www.carmelitaniscalzi.com\/#\/schema\/logo\/image\/\"},\"sameAs\":[\"https:\/\/www.facebook.com\/Curia-Generalizia-Carmelitani-Scalzi-658766940887784\/\",\"https:\/\/x.com\/ocdcuria\",\"https:\/\/www.youtube.com\/channel\/UC2J5ZL0ycOY0qBSTCLX_NGQ\/videos\",\"https:\/\/www.instagram.com\/ocdinform\/\"]},{\"@type\":\"Person\",\"@id\":\"https:\/\/www.carmelitaniscalzi.com\/#\/schema\/person\/6d1c0d9bea7b6625c437246a5d6da409\",\"name\":\"ocd web master\",\"image\":{\"@type\":\"ImageObject\",\"inLanguage\":\"fr-FR\",\"@id\":\"https:\/\/www.carmelitaniscalzi.com\/#\/schema\/person\/image\/\",\"url\":\"https:\/\/secure.gravatar.com\/avatar\/41fbc5f82bad909fbaf2984c43fa50d8519ac5853e25b454d022b6868f80d0e7?s=96&d=mm&r=g\",\"contentUrl\":\"https:\/\/secure.gravatar.com\/avatar\/41fbc5f82bad909fbaf2984c43fa50d8519ac5853e25b454d022b6868f80d0e7?s=96&d=mm&r=g\",\"caption\":\"ocd web master\"},\"url\":\"https:\/\/www.carmelitaniscalzi.com\/fr\/author\/ocdwebmaster\/\"}]}<\/script>\n<!-- \/ Yoast SEO plugin. -->","yoast_head_json":{"title":"Nouvelles de la Province d'Allemagne - CARMES D\u00c9CHAUX","robots":{"index":"index","follow":"follow","max-snippet":"max-snippet:-1","max-image-preview":"max-image-preview:large","max-video-preview":"max-video-preview:-1"},"canonical":"https:\/\/www.carmelitaniscalzi.com\/fr\/2023\/11\/20\/nouvelles-de-la-province-dallemagne\/","og_locale":"fr_FR","og_type":"article","og_title":"Nouvelles de la Province d'Allemagne - CARMES D\u00c9CHAUX","og_description":"Du 29 septembre au 1er octobre 2023, l&rsquo;Assembl\u00e9e nationale de l&rsquo;ODCS de la Province d&rsquo;Allemagne s&rsquo;est tenue dans le Centre spirituel du couvent des Carmes de Birkenwerder, en pr\u00e9sence du Provincial, le P\u00e8re Jean-Raoul Kiyangi, et du D\u00e9l\u00e9gu\u00e9 provincial, le P\u00e8re Reinhard K\u00f6rner. Les Pr\u00e9sidents et les D\u00e9l\u00e9gu\u00e9s des 18 communaut\u00e9s ont \u00e9chang\u00e9 sur la [&hellip;]","og_url":"https:\/\/www.carmelitaniscalzi.com\/fr\/2023\/11\/20\/nouvelles-de-la-province-dallemagne\/","og_site_name":"CARMES D\u00c9CHAUX","article_publisher":"https:\/\/www.facebook.com\/Curia-Generalizia-Carmelitani-Scalzi-658766940887784\/","article_published_time":"2023-11-20T02:00:12+00:00","og_image":[{"width":1200,"height":800,"url":"https:\/\/www.carmelitaniscalzi.com\/wp-content\/uploads\/2023\/11\/cover_germania_10.2023.jpg","type":"image\/jpeg"}],"author":"ocd web master","twitter_card":"summary_large_image","twitter_creator":"@ocdcuria","twitter_site":"@ocdcuria","twitter_misc":{"\u00c9crit par":"ocd web master","Dur\u00e9e de lecture estim\u00e9e":"1 minute"},"schema":{"@context":"https:\/\/schema.org","@graph":[{"@type":"Article","@id":"https:\/\/www.carmelitaniscalzi.com\/fr\/2023\/11\/20\/nouvelles-de-la-province-dallemagne\/#article","isPartOf":{"@id":"https:\/\/www.carmelitaniscalzi.com\/fr\/2023\/11\/20\/nouvelles-de-la-province-dallemagne\/"},"author":{"name":"ocd web master","@id":"https:\/\/www.carmelitaniscalzi.com\/#\/schema\/person\/6d1c0d9bea7b6625c437246a5d6da409"},"headline":"Nouvelles de la Province d&rsquo;Allemagne","datePublished":"2023-11-20T02:00:12+00:00","mainEntityOfPage":{"@id":"https:\/\/www.carmelitaniscalzi.com\/fr\/2023\/11\/20\/nouvelles-de-la-province-dallemagne\/"},"wordCount":116,"publisher":{"@id":"https:\/\/www.carmelitaniscalzi.com\/#organization"},"image":{"@id":"https:\/\/www.carmelitaniscalzi.com\/fr\/2023\/11\/20\/nouvelles-de-la-province-dallemagne\/#primaryimage"},"thumbnailUrl":"https:\/\/www.carmelitaniscalzi.com\/wp-content\/uploads\/2023\/11\/cover_germania_10.2023.jpg","articleSection":["Nouvelles Fr\u00e8res","Nouvelles OCDS","Nouvelles"],"inLanguage":"fr-FR"},{"@type":"WebPage","@id":"https:\/\/www.carmelitaniscalzi.com\/fr\/2023\/11\/20\/nouvelles-de-la-province-dallemagne\/","url":"https:\/\/www.carmelitaniscalzi.com\/fr\/2023\/11\/20\/nouvelles-de-la-province-dallemagne\/","name":"Nouvelles de la Province d'Allemagne - CARMES D\u00c9CHAUX","isPartOf":{"@id":"https:\/\/www.carmelitaniscalzi.com\/#website"},"primaryImageOfPage":{"@id":"https:\/\/www.carmelitaniscalzi.com\/fr\/2023\/11\/20\/nouvelles-de-la-province-dallemagne\/#primaryimage"},"image":{"@id":"https:\/\/www.carmelitaniscalzi.com\/fr\/2023\/11\/20\/nouvelles-de-la-province-dallemagne\/#primaryimage"},"thumbnailUrl":"https:\/\/www.carmelitaniscalzi.com\/wp-content\/uploads\/2023\/11\/cover_germania_10.2023.jpg","datePublished":"2023-11-20T02:00:12+00:00","breadcrumb":{"@id":"https:\/\/www.carmelitaniscalzi.com\/fr\/2023\/11\/20\/nouvelles-de-la-province-dallemagne\/#breadcrumb"},"inLanguage":"fr-FR","potentialAction":[{"@type":"ReadAction","target":["https:\/\/www.carmelitaniscalzi.com\/fr\/2023\/11\/20\/nouvelles-de-la-province-dallemagne\/"]}]},{"@type":"ImageObject","inLanguage":"fr-FR","@id":"https:\/\/www.carmelitaniscalzi.com\/fr\/2023\/11\/20\/nouvelles-de-la-province-dallemagne\/#primaryimage","url":"https:\/\/www.carmelitaniscalzi.com\/wp-content\/uploads\/2023\/11\/cover_germania_10.2023.jpg","contentUrl":"https:\/\/www.carmelitaniscalzi.com\/wp-content\/uploads\/2023\/11\/cover_germania_10.2023.jpg","width":1200,"height":800},{"@type":"BreadcrumbList","@id":"https:\/\/www.carmelitaniscalzi.com\/fr\/2023\/11\/20\/nouvelles-de-la-province-dallemagne\/#breadcrumb","itemListElement":[{"@type":"ListItem","position":1,"name":"Home","item":"https:\/\/www.carmelitaniscalzi.com\/fr\/"},{"@type":"ListItem","position":2,"name":"Nouvelles de la Province d&#8217;Allemagne"}]},{"@type":"WebSite","@id":"https:\/\/www.carmelitaniscalzi.com\/#website","url":"https:\/\/www.carmelitaniscalzi.com\/","name":"CARMELITANI SCALZI - Curia Generale del Carmelo Teresiano","description":"Curie G\u00e9n\u00e9ralice du Carmel D\u00e9chauss\u00e9","publisher":{"@id":"https:\/\/www.carmelitaniscalzi.com\/#organization"},"alternateName":"CARMELITANI SCALZI","potentialAction":[{"@type":"SearchAction","target":{"@type":"EntryPoint","urlTemplate":"https:\/\/www.carmelitaniscalzi.com\/?s={search_term_string}"},"query-input":{"@type":"PropertyValueSpecification","valueRequired":true,"valueName":"search_term_string"}}],"inLanguage":"fr-FR"},{"@type":"Organization","@id":"https:\/\/www.carmelitaniscalzi.com\/#organization","name":"CARMELITANI SCALZI - Curia Generale del Carmelo Teresiano","url":"https:\/\/www.carmelitaniscalzi.com\/","logo":{"@type":"ImageObject","inLanguage":"fr-FR","@id":"https:\/\/www.carmelitaniscalzi.com\/#\/schema\/logo\/image\/","url":"https:\/\/www.carmelitaniscalzi.com\/wp-content\/uploads\/2025\/11\/login-logo.png","contentUrl":"https:\/\/www.carmelitaniscalzi.com\/wp-content\/uploads\/2025\/11\/login-logo.png","width":256,"height":256,"caption":"CARMELITANI SCALZI - Curia Generale del Carmelo Teresiano"},"image":{"@id":"https:\/\/www.carmelitaniscalzi.com\/#\/schema\/logo\/image\/"},"sameAs":["https:\/\/www.facebook.com\/Curia-Generalizia-Carmelitani-Scalzi-658766940887784\/","https:\/\/x.com\/ocdcuria","https:\/\/www.youtube.com\/channel\/UC2J5ZL0ycOY0qBSTCLX_NGQ\/videos","https:\/\/www.instagram.com\/ocdinform\/"]},{"@type":"Person","@id":"https:\/\/www.carmelitaniscalzi.com\/#\/schema\/person\/6d1c0d9bea7b6625c437246a5d6da409","name":"ocd web master","image":{"@type":"ImageObject","inLanguage":"fr-FR","@id":"https:\/\/www.carmelitaniscalzi.com\/#\/schema\/person\/image\/","url":"https:\/\/secure.gravatar.com\/avatar\/41fbc5f82bad909fbaf2984c43fa50d8519ac5853e25b454d022b6868f80d0e7?s=96&d=mm&r=g","contentUrl":"https:\/\/secure.gravatar.com\/avatar\/41fbc5f82bad909fbaf2984c43fa50d8519ac5853e25b454d022b6868f80d0e7?s=96&d=mm&r=g","caption":"ocd web master"},"url":"https:\/\/www.carmelitaniscalzi.com\/fr\/author\/ocdwebmaster\/"}]}},"_links":{"self":[{"href":"https:\/\/www.carmelitaniscalzi.com\/fr\/wp-json\/wp\/v2\/posts\/290526","targetHints":{"allow":["GET"]}}],"collection":[{"href":"https:\/\/www.carmelitaniscalzi.com\/fr\/wp-json\/wp\/v2\/posts"}],"about":[{"href":"https:\/\/www.carmelitaniscalzi.com\/fr\/wp-json\/wp\/v2\/types\/post"}],"author":[{"embeddable":true,"href":"https:\/\/www.carmelitaniscalzi.com\/fr\/wp-json\/wp\/v2\/users\/7"}],"replies":[{"embeddable":true,"href":"https:\/\/www.carmelitaniscalzi.com\/fr\/wp-json\/wp\/v2\/comments?post=290526"}],"version-history":[{"count":1,"href":"https:\/\/www.carmelitaniscalzi.com\/fr\/wp-json\/wp\/v2\/posts\/290526\/revisions"}],"predecessor-version":[{"id":290527,"href":"https:\/\/www.carmelitaniscalzi.com\/fr\/wp-json\/wp\/v2\/posts\/290526\/revisions\/290527"}],"wp:featuredmedia":[{"embeddable":true,"href":"https:\/\/www.carmelitaniscalzi.com\/fr\/wp-json\/wp\/v2\/media\/290139"}],"wp:attachment":[{"href":"https:\/\/www.carmelitaniscalzi.com\/fr\/wp-json\/wp\/v2\/media?parent=290526"}],"wp:term":[{"taxonomy":"category","embeddable":true,"href":"https:\/\/www.carmelitaniscalzi.com\/fr\/wp-json\/wp\/v2\/categories?post=290526"},{"taxonomy":"post_tag","embeddable":true,"href":"https:\/\/www.carmelitaniscalzi.com\/fr\/wp-json\/wp\/v2\/tags?post=290526"}],"curies":[{"name":"wp","href":"https:\/\/api.w.org\/{rel}","templated":true}]}}