{"id":290285,"date":"2023-11-08T00:59:50","date_gmt":"2023-11-07T23:59:50","guid":{"rendered":"https:\/\/www.carmelitaniscalzi.com\/?p=290285"},"modified":"2023-11-08T00:59:50","modified_gmt":"2023-11-07T23:59:50","slug":"espagne-cloture-de-lannee-jubilaire-dans-le-diocese-davila","status":"publish","type":"post","link":"https:\/\/www.carmelitaniscalzi.com\/fr\/2023\/11\/08\/espagne-cloture-de-lannee-jubilaire-dans-le-diocese-davila\/","title":{"rendered":"Espagne : Cl\u00f4ture de l&rsquo;ann\u00e9e jubilaire dans le dioc\u00e8se d&rsquo;Avila"},"content":{"rendered":"<p>Le 14 octobre 2023 en fin d&rsquo;apr\u00e8s-midi, veille de la solennit\u00e9 de Sainte Th\u00e9r\u00e8se de J\u00e9sus, l&rsquo;ann\u00e9e jubilaire th\u00e9r\u00e9sienne dans le dioc\u00e8se d&rsquo;Avila a \u00e9t\u00e9 close avec la fermeture de la Porte Sainte. Un an et demi de jubil\u00e9 s&rsquo;est ainsi achev\u00e9, puisque le IV<sup>\u00e8me<\/sup> centenaire de la canonisation de sainte Th\u00e9r\u00e8se a co\u00efncid\u00e9 avec l&rsquo;ann\u00e9e jubilaire que l&rsquo;on accorde au dioc\u00e8se d&rsquo;Avila chaque fois que la f\u00eate de sa sainte patronne tombe un dimanche, comme c&rsquo;est le cas en 2023.<\/p>\n<p>La c\u00e9r\u00e9monie liturgique a \u00e9t\u00e9 pr\u00e9sid\u00e9e par l&rsquo;\u00e9v\u00eaque d&rsquo;Avila, Mgr Jes\u00fas Rico, en pr\u00e9sence du Sup\u00e9rieur de la Province ib\u00e9rique, le P\u00e8re Francisco S\u00e1nchez Oreja, de la communaut\u00e9 des Carmes de la ville natale de Sainte Th\u00e9r\u00e8se et de l&rsquo;\u00e9v\u00eaque \u00e9m\u00e9rite de Salamanque, Mgr Carlos L\u00f3pez.<\/p>\n<p>La Porte Sainte du Jubil\u00e9 th\u00e9r\u00e9sien est situ\u00e9e \u00e0 l&rsquo;entr\u00e9e de l&rsquo;\u00e9glise du couvent des Carmes d&rsquo;Avila, construite sur la maison natale de Sainte Th\u00e9r\u00e8se de J\u00e9sus.<\/p>\n<p>Apr\u00e8s la fermeture de la Porte Sainte, les V\u00eapres solennelles de la f\u00eate de Sainte Th\u00e9r\u00e8se ont \u00e9t\u00e9 chant\u00e9es.\u00a0 Ensuite, la procession de la statue de sainte Th\u00e9r\u00e8se de la basilique \u00e0 la cath\u00e9drale d&rsquo;\u00c1vila, a eu lieu.<\/p>\n<p>&nbsp;<\/p>\n<div class=\"wpmf-gallerys wpmf-gallerys-life \" ><div id=\"gallery-1\"\n data-gutter-width=\"5\"\n  data-wpmfcolumns=\"5\" class=\"wpmf-gallery gallery-link-file gallery_life gallery-masonry gallery-columns-5 gallery-size-thumbnail wpmf-gallery-bottomspace-default wpmf-gallery-clear wpmf-has-border-radius-0 wpmf-gutterwidth-5\"><div class=\"wpmf-gallery-item\n     wpmf-gallery-item-position-0 wpmf-gallery-item-attachment-290049\" data-index=\"0\"><div class=\"wpmf-gallery-icon\"><a class=\" not_video noLightbox\" data-lightbox=\"1\" data-href=\"https:\/\/www.carmelitaniscalzi.com\/wp-content\/uploads\/2023\/11\/Espana-1.png\" title=\"Espana 1\" target=\"_self\" data-index=\"0\"><img decoding=\"async\" class=\"wpmf_img\" alt=\"Espana 1\" src=\"https:\/\/www.carmelitaniscalzi.com\/wp-content\/uploads\/2023\/11\/Espana-1-150x150.png\" data-type=\"wpmfgalleryimg\" data-lazy-src=\"https:\/\/www.carmelitaniscalzi.com\/wp-content\/uploads\/2023\/11\/Espana-1-150x150.png\"><\/a><\/div><\/div><div class=\"wpmf-gallery-item\n     wpmf-gallery-item-position-1 wpmf-gallery-item-attachment-290055\" data-index=\"1\"><div class=\"wpmf-gallery-icon\"><a class=\" not_video noLightbox\" data-lightbox=\"1\" data-href=\"https:\/\/www.carmelitaniscalzi.com\/wp-content\/uploads\/2023\/11\/Espana-2.png\" title=\"Espana 2\" target=\"_self\" data-index=\"1\"><img decoding=\"async\" class=\"wpmf_img\" alt=\"Espana 2\" src=\"https:\/\/www.carmelitaniscalzi.com\/wp-content\/uploads\/2023\/11\/Espana-2-150x150.png\" data-type=\"wpmfgalleryimg\" data-lazy-src=\"https:\/\/www.carmelitaniscalzi.com\/wp-content\/uploads\/2023\/11\/Espana-2-150x150.png\"><\/a><\/div><\/div><div class=\"wpmf-gallery-item\n     wpmf-gallery-item-position-2 wpmf-gallery-item-attachment-290061\" data-index=\"2\"><div class=\"wpmf-gallery-icon\"><a class=\" not_video noLightbox\" data-lightbox=\"1\" data-href=\"https:\/\/www.carmelitaniscalzi.com\/wp-content\/uploads\/2023\/11\/Espana-3.png\" title=\"Espana 3\" target=\"_self\" data-index=\"2\"><img decoding=\"async\" class=\"wpmf_img\" alt=\"Espana 3\" src=\"https:\/\/www.carmelitaniscalzi.com\/wp-content\/uploads\/2023\/11\/Espana-3-150x150.png\" data-type=\"wpmfgalleryimg\" data-lazy-src=\"https:\/\/www.carmelitaniscalzi.com\/wp-content\/uploads\/2023\/11\/Espana-3-150x150.png\"><\/a><\/div><\/div><div class=\"wpmf-gallery-item\n     wpmf-gallery-item-position-3 wpmf-gallery-item-attachment-290067\" data-index=\"3\"><div class=\"wpmf-gallery-icon\"><a class=\" not_video noLightbox\" data-lightbox=\"1\" data-href=\"https:\/\/www.carmelitaniscalzi.com\/wp-content\/uploads\/2023\/11\/Espana-4.png\" title=\"Espana 4\" target=\"_self\" data-index=\"3\"><img decoding=\"async\" class=\"wpmf_img\" alt=\"Espana 4\" src=\"https:\/\/www.carmelitaniscalzi.com\/wp-content\/uploads\/2023\/11\/Espana-4-150x150.png\" data-type=\"wpmfgalleryimg\" data-lazy-src=\"https:\/\/www.carmelitaniscalzi.com\/wp-content\/uploads\/2023\/11\/Espana-4-150x150.png\"><\/a><\/div><\/div><div class=\"wpmf-gallery-item\n     wpmf-gallery-item-position-4 wpmf-gallery-item-attachment-290073\" data-index=\"4\"><div class=\"wpmf-gallery-icon\"><a class=\" not_video noLightbox\" data-lightbox=\"1\" data-href=\"https:\/\/www.carmelitaniscalzi.com\/wp-content\/uploads\/2023\/11\/Espana-5-1024x574.jpg\" title=\"Espana 5\" target=\"_self\" data-index=\"4\"><img decoding=\"async\" class=\"wpmf_img\" alt=\"Espana 5\" src=\"https:\/\/www.carmelitaniscalzi.com\/wp-content\/uploads\/2023\/11\/Espana-5-150x150.jpg\" data-type=\"wpmfgalleryimg\" data-lazy-src=\"https:\/\/www.carmelitaniscalzi.com\/wp-content\/uploads\/2023\/11\/Espana-5-150x150.jpg\"><\/a><\/div><\/div><\/div><\/div>\n\n","protected":false},"excerpt":{"rendered":"<p>Le 14 octobre 2023 en fin d&rsquo;apr\u00e8s-midi, veille de la solennit\u00e9 de Sainte Th\u00e9r\u00e8se de J\u00e9sus, l&rsquo;ann\u00e9e jubilaire th\u00e9r\u00e9sienne dans le dioc\u00e8se d&rsquo;Avila a \u00e9t\u00e9 close avec la fermeture de la Porte Sainte. Un an et demi de jubil\u00e9 s&rsquo;est ainsi achev\u00e9, puisque le IV\u00e8me centenaire de la canonisation de sainte Th\u00e9r\u00e8se a co\u00efncid\u00e9 avec [&hellip;]<\/p>\n","protected":false},"author":7,"featured_media":290043,"comment_status":"closed","ping_status":"open","sticky":false,"template":"","format":"standard","meta":{"_acf_changed":false,"footnotes":""},"categories":[201,370],"tags":[],"class_list":["post-290285","post","type-post","status-publish","format-standard","has-post-thumbnail","hentry","category-nouvelles-freres","category-nouvelles"],"acf":[],"yoast_head":"<!-- This site is optimized with the Yoast SEO plugin v26.3 - https:\/\/yoast.com\/wordpress\/plugins\/seo\/ -->\n<title>Espagne : Cl\u00f4ture de l&#039;ann\u00e9e jubilaire dans le dioc\u00e8se d&#039;Avila - CARMES D\u00c9CHAUX<\/title>\n<meta name=\"robots\" content=\"index, follow, max-snippet:-1, max-image-preview:large, max-video-preview:-1\" \/>\n<link rel=\"canonical\" href=\"https:\/\/www.carmelitaniscalzi.com\/fr\/2023\/11\/08\/espagne-cloture-de-lannee-jubilaire-dans-le-diocese-davila\/\" \/>\n<meta property=\"og:locale\" content=\"fr_FR\" \/>\n<meta property=\"og:type\" content=\"article\" \/>\n<meta property=\"og:title\" content=\"Espagne : Cl\u00f4ture de l&#039;ann\u00e9e jubilaire dans le dioc\u00e8se d&#039;Avila - CARMES D\u00c9CHAUX\" \/>\n<meta property=\"og:description\" content=\"Le 14 octobre 2023 en fin d&rsquo;apr\u00e8s-midi, veille de la solennit\u00e9 de Sainte Th\u00e9r\u00e8se de J\u00e9sus, l&rsquo;ann\u00e9e jubilaire th\u00e9r\u00e9sienne dans le dioc\u00e8se d&rsquo;Avila a \u00e9t\u00e9 close avec la fermeture de la Porte Sainte. Un an et demi de jubil\u00e9 s&rsquo;est ainsi achev\u00e9, puisque le IV\u00e8me centenaire de la canonisation de sainte Th\u00e9r\u00e8se a co\u00efncid\u00e9 avec [&hellip;]\" \/>\n<meta property=\"og:url\" content=\"https:\/\/www.carmelitaniscalzi.com\/fr\/2023\/11\/08\/espagne-cloture-de-lannee-jubilaire-dans-le-diocese-davila\/\" \/>\n<meta property=\"og:site_name\" content=\"CARMES D\u00c9CHAUX\" \/>\n<meta property=\"article:publisher\" content=\"https:\/\/www.facebook.com\/Curia-Generalizia-Carmelitani-Scalzi-658766940887784\/\" \/>\n<meta property=\"article:published_time\" content=\"2023-11-07T23:59:50+00:00\" \/>\n<meta property=\"og:image\" content=\"https:\/\/www.carmelitaniscalzi.com\/wp-content\/uploads\/2023\/11\/cover_espana_10.2023.jpg\" \/>\n\t<meta property=\"og:image:width\" content=\"1200\" \/>\n\t<meta property=\"og:image:height\" content=\"800\" \/>\n\t<meta property=\"og:image:type\" content=\"image\/jpeg\" \/>\n<meta name=\"author\" content=\"ocd web master\" \/>\n<meta name=\"twitter:card\" content=\"summary_large_image\" \/>\n<meta name=\"twitter:creator\" content=\"@ocdcuria\" \/>\n<meta name=\"twitter:site\" content=\"@ocdcuria\" \/>\n<meta name=\"twitter:label1\" content=\"\u00c9crit par\" \/>\n\t<meta name=\"twitter:data1\" content=\"ocd web master\" \/>\n\t<meta name=\"twitter:label2\" content=\"Dur\u00e9e de lecture estim\u00e9e\" \/>\n\t<meta name=\"twitter:data2\" content=\"1 minute\" \/>\n<script type=\"application\/ld+json\" class=\"yoast-schema-graph\">{\"@context\":\"https:\/\/schema.org\",\"@graph\":[{\"@type\":\"Article\",\"@id\":\"https:\/\/www.carmelitaniscalzi.com\/fr\/2023\/11\/08\/espagne-cloture-de-lannee-jubilaire-dans-le-diocese-davila\/#article\",\"isPartOf\":{\"@id\":\"https:\/\/www.carmelitaniscalzi.com\/fr\/2023\/11\/08\/espagne-cloture-de-lannee-jubilaire-dans-le-diocese-davila\/\"},\"author\":{\"name\":\"ocd web master\",\"@id\":\"https:\/\/www.carmelitaniscalzi.com\/#\/schema\/person\/6d1c0d9bea7b6625c437246a5d6da409\"},\"headline\":\"Espagne : Cl\u00f4ture de l&rsquo;ann\u00e9e jubilaire dans le dioc\u00e8se d&rsquo;Avila\",\"datePublished\":\"2023-11-07T23:59:50+00:00\",\"mainEntityOfPage\":{\"@id\":\"https:\/\/www.carmelitaniscalzi.com\/fr\/2023\/11\/08\/espagne-cloture-de-lannee-jubilaire-dans-le-diocese-davila\/\"},\"wordCount\":274,\"publisher\":{\"@id\":\"https:\/\/www.carmelitaniscalzi.com\/#organization\"},\"image\":{\"@id\":\"https:\/\/www.carmelitaniscalzi.com\/fr\/2023\/11\/08\/espagne-cloture-de-lannee-jubilaire-dans-le-diocese-davila\/#primaryimage\"},\"thumbnailUrl\":\"https:\/\/www.carmelitaniscalzi.com\/wp-content\/uploads\/2023\/11\/cover_espana_10.2023.jpg\",\"articleSection\":[\"Nouvelles Fr\u00e8res\",\"Nouvelles\"],\"inLanguage\":\"fr-FR\"},{\"@type\":\"WebPage\",\"@id\":\"https:\/\/www.carmelitaniscalzi.com\/fr\/2023\/11\/08\/espagne-cloture-de-lannee-jubilaire-dans-le-diocese-davila\/\",\"url\":\"https:\/\/www.carmelitaniscalzi.com\/fr\/2023\/11\/08\/espagne-cloture-de-lannee-jubilaire-dans-le-diocese-davila\/\",\"name\":\"Espagne : Cl\u00f4ture de l'ann\u00e9e jubilaire dans le dioc\u00e8se d'Avila - CARMES D\u00c9CHAUX\",\"isPartOf\":{\"@id\":\"https:\/\/www.carmelitaniscalzi.com\/#website\"},\"primaryImageOfPage\":{\"@id\":\"https:\/\/www.carmelitaniscalzi.com\/fr\/2023\/11\/08\/espagne-cloture-de-lannee-jubilaire-dans-le-diocese-davila\/#primaryimage\"},\"image\":{\"@id\":\"https:\/\/www.carmelitaniscalzi.com\/fr\/2023\/11\/08\/espagne-cloture-de-lannee-jubilaire-dans-le-diocese-davila\/#primaryimage\"},\"thumbnailUrl\":\"https:\/\/www.carmelitaniscalzi.com\/wp-content\/uploads\/2023\/11\/cover_espana_10.2023.jpg\",\"datePublished\":\"2023-11-07T23:59:50+00:00\",\"breadcrumb\":{\"@id\":\"https:\/\/www.carmelitaniscalzi.com\/fr\/2023\/11\/08\/espagne-cloture-de-lannee-jubilaire-dans-le-diocese-davila\/#breadcrumb\"},\"inLanguage\":\"fr-FR\",\"potentialAction\":[{\"@type\":\"ReadAction\",\"target\":[\"https:\/\/www.carmelitaniscalzi.com\/fr\/2023\/11\/08\/espagne-cloture-de-lannee-jubilaire-dans-le-diocese-davila\/\"]}]},{\"@type\":\"ImageObject\",\"inLanguage\":\"fr-FR\",\"@id\":\"https:\/\/www.carmelitaniscalzi.com\/fr\/2023\/11\/08\/espagne-cloture-de-lannee-jubilaire-dans-le-diocese-davila\/#primaryimage\",\"url\":\"https:\/\/www.carmelitaniscalzi.com\/wp-content\/uploads\/2023\/11\/cover_espana_10.2023.jpg\",\"contentUrl\":\"https:\/\/www.carmelitaniscalzi.com\/wp-content\/uploads\/2023\/11\/cover_espana_10.2023.jpg\",\"width\":1200,\"height\":800},{\"@type\":\"BreadcrumbList\",\"@id\":\"https:\/\/www.carmelitaniscalzi.com\/fr\/2023\/11\/08\/espagne-cloture-de-lannee-jubilaire-dans-le-diocese-davila\/#breadcrumb\",\"itemListElement\":[{\"@type\":\"ListItem\",\"position\":1,\"name\":\"Home\",\"item\":\"https:\/\/www.carmelitaniscalzi.com\/fr\/\"},{\"@type\":\"ListItem\",\"position\":2,\"name\":\"Espagne : Cl\u00f4ture de l&#8217;ann\u00e9e jubilaire dans le dioc\u00e8se d&#8217;Avila\"}]},{\"@type\":\"WebSite\",\"@id\":\"https:\/\/www.carmelitaniscalzi.com\/#website\",\"url\":\"https:\/\/www.carmelitaniscalzi.com\/\",\"name\":\"CARMELITANI SCALZI - Curia Generale del Carmelo Teresiano\",\"description\":\"Curie G\u00e9n\u00e9ralice du Carmel D\u00e9chauss\u00e9\",\"publisher\":{\"@id\":\"https:\/\/www.carmelitaniscalzi.com\/#organization\"},\"alternateName\":\"CARMELITANI SCALZI\",\"potentialAction\":[{\"@type\":\"SearchAction\",\"target\":{\"@type\":\"EntryPoint\",\"urlTemplate\":\"https:\/\/www.carmelitaniscalzi.com\/?s={search_term_string}\"},\"query-input\":{\"@type\":\"PropertyValueSpecification\",\"valueRequired\":true,\"valueName\":\"search_term_string\"}}],\"inLanguage\":\"fr-FR\"},{\"@type\":\"Organization\",\"@id\":\"https:\/\/www.carmelitaniscalzi.com\/#organization\",\"name\":\"CARMELITANI SCALZI - Curia Generale del Carmelo Teresiano\",\"url\":\"https:\/\/www.carmelitaniscalzi.com\/\",\"logo\":{\"@type\":\"ImageObject\",\"inLanguage\":\"fr-FR\",\"@id\":\"https:\/\/www.carmelitaniscalzi.com\/#\/schema\/logo\/image\/\",\"url\":\"https:\/\/www.carmelitaniscalzi.com\/wp-content\/uploads\/2025\/11\/login-logo.png\",\"contentUrl\":\"https:\/\/www.carmelitaniscalzi.com\/wp-content\/uploads\/2025\/11\/login-logo.png\",\"width\":256,\"height\":256,\"caption\":\"CARMELITANI SCALZI - Curia Generale del Carmelo Teresiano\"},\"image\":{\"@id\":\"https:\/\/www.carmelitaniscalzi.com\/#\/schema\/logo\/image\/\"},\"sameAs\":[\"https:\/\/www.facebook.com\/Curia-Generalizia-Carmelitani-Scalzi-658766940887784\/\",\"https:\/\/x.com\/ocdcuria\",\"https:\/\/www.youtube.com\/channel\/UC2J5ZL0ycOY0qBSTCLX_NGQ\/videos\",\"https:\/\/www.instagram.com\/ocdinform\/\"]},{\"@type\":\"Person\",\"@id\":\"https:\/\/www.carmelitaniscalzi.com\/#\/schema\/person\/6d1c0d9bea7b6625c437246a5d6da409\",\"name\":\"ocd web master\",\"image\":{\"@type\":\"ImageObject\",\"inLanguage\":\"fr-FR\",\"@id\":\"https:\/\/www.carmelitaniscalzi.com\/#\/schema\/person\/image\/\",\"url\":\"https:\/\/secure.gravatar.com\/avatar\/41fbc5f82bad909fbaf2984c43fa50d8519ac5853e25b454d022b6868f80d0e7?s=96&d=mm&r=g\",\"contentUrl\":\"https:\/\/secure.gravatar.com\/avatar\/41fbc5f82bad909fbaf2984c43fa50d8519ac5853e25b454d022b6868f80d0e7?s=96&d=mm&r=g\",\"caption\":\"ocd web master\"},\"url\":\"https:\/\/www.carmelitaniscalzi.com\/fr\/author\/ocdwebmaster\/\"}]}<\/script>\n<!-- \/ Yoast SEO plugin. -->","yoast_head_json":{"title":"Espagne : Cl\u00f4ture de l'ann\u00e9e jubilaire dans le dioc\u00e8se d'Avila - CARMES D\u00c9CHAUX","robots":{"index":"index","follow":"follow","max-snippet":"max-snippet:-1","max-image-preview":"max-image-preview:large","max-video-preview":"max-video-preview:-1"},"canonical":"https:\/\/www.carmelitaniscalzi.com\/fr\/2023\/11\/08\/espagne-cloture-de-lannee-jubilaire-dans-le-diocese-davila\/","og_locale":"fr_FR","og_type":"article","og_title":"Espagne : Cl\u00f4ture de l'ann\u00e9e jubilaire dans le dioc\u00e8se d'Avila - CARMES D\u00c9CHAUX","og_description":"Le 14 octobre 2023 en fin d&rsquo;apr\u00e8s-midi, veille de la solennit\u00e9 de Sainte Th\u00e9r\u00e8se de J\u00e9sus, l&rsquo;ann\u00e9e jubilaire th\u00e9r\u00e9sienne dans le dioc\u00e8se d&rsquo;Avila a \u00e9t\u00e9 close avec la fermeture de la Porte Sainte. Un an et demi de jubil\u00e9 s&rsquo;est ainsi achev\u00e9, puisque le IV\u00e8me centenaire de la canonisation de sainte Th\u00e9r\u00e8se a co\u00efncid\u00e9 avec [&hellip;]","og_url":"https:\/\/www.carmelitaniscalzi.com\/fr\/2023\/11\/08\/espagne-cloture-de-lannee-jubilaire-dans-le-diocese-davila\/","og_site_name":"CARMES D\u00c9CHAUX","article_publisher":"https:\/\/www.facebook.com\/Curia-Generalizia-Carmelitani-Scalzi-658766940887784\/","article_published_time":"2023-11-07T23:59:50+00:00","og_image":[{"width":1200,"height":800,"url":"https:\/\/www.carmelitaniscalzi.com\/wp-content\/uploads\/2023\/11\/cover_espana_10.2023.jpg","type":"image\/jpeg"}],"author":"ocd web master","twitter_card":"summary_large_image","twitter_creator":"@ocdcuria","twitter_site":"@ocdcuria","twitter_misc":{"\u00c9crit par":"ocd web master","Dur\u00e9e de lecture estim\u00e9e":"1 minute"},"schema":{"@context":"https:\/\/schema.org","@graph":[{"@type":"Article","@id":"https:\/\/www.carmelitaniscalzi.com\/fr\/2023\/11\/08\/espagne-cloture-de-lannee-jubilaire-dans-le-diocese-davila\/#article","isPartOf":{"@id":"https:\/\/www.carmelitaniscalzi.com\/fr\/2023\/11\/08\/espagne-cloture-de-lannee-jubilaire-dans-le-diocese-davila\/"},"author":{"name":"ocd web master","@id":"https:\/\/www.carmelitaniscalzi.com\/#\/schema\/person\/6d1c0d9bea7b6625c437246a5d6da409"},"headline":"Espagne : Cl\u00f4ture de l&rsquo;ann\u00e9e jubilaire dans le dioc\u00e8se d&rsquo;Avila","datePublished":"2023-11-07T23:59:50+00:00","mainEntityOfPage":{"@id":"https:\/\/www.carmelitaniscalzi.com\/fr\/2023\/11\/08\/espagne-cloture-de-lannee-jubilaire-dans-le-diocese-davila\/"},"wordCount":274,"publisher":{"@id":"https:\/\/www.carmelitaniscalzi.com\/#organization"},"image":{"@id":"https:\/\/www.carmelitaniscalzi.com\/fr\/2023\/11\/08\/espagne-cloture-de-lannee-jubilaire-dans-le-diocese-davila\/#primaryimage"},"thumbnailUrl":"https:\/\/www.carmelitaniscalzi.com\/wp-content\/uploads\/2023\/11\/cover_espana_10.2023.jpg","articleSection":["Nouvelles Fr\u00e8res","Nouvelles"],"inLanguage":"fr-FR"},{"@type":"WebPage","@id":"https:\/\/www.carmelitaniscalzi.com\/fr\/2023\/11\/08\/espagne-cloture-de-lannee-jubilaire-dans-le-diocese-davila\/","url":"https:\/\/www.carmelitaniscalzi.com\/fr\/2023\/11\/08\/espagne-cloture-de-lannee-jubilaire-dans-le-diocese-davila\/","name":"Espagne : Cl\u00f4ture de l'ann\u00e9e jubilaire dans le dioc\u00e8se d'Avila - CARMES D\u00c9CHAUX","isPartOf":{"@id":"https:\/\/www.carmelitaniscalzi.com\/#website"},"primaryImageOfPage":{"@id":"https:\/\/www.carmelitaniscalzi.com\/fr\/2023\/11\/08\/espagne-cloture-de-lannee-jubilaire-dans-le-diocese-davila\/#primaryimage"},"image":{"@id":"https:\/\/www.carmelitaniscalzi.com\/fr\/2023\/11\/08\/espagne-cloture-de-lannee-jubilaire-dans-le-diocese-davila\/#primaryimage"},"thumbnailUrl":"https:\/\/www.carmelitaniscalzi.com\/wp-content\/uploads\/2023\/11\/cover_espana_10.2023.jpg","datePublished":"2023-11-07T23:59:50+00:00","breadcrumb":{"@id":"https:\/\/www.carmelitaniscalzi.com\/fr\/2023\/11\/08\/espagne-cloture-de-lannee-jubilaire-dans-le-diocese-davila\/#breadcrumb"},"inLanguage":"fr-FR","potentialAction":[{"@type":"ReadAction","target":["https:\/\/www.carmelitaniscalzi.com\/fr\/2023\/11\/08\/espagne-cloture-de-lannee-jubilaire-dans-le-diocese-davila\/"]}]},{"@type":"ImageObject","inLanguage":"fr-FR","@id":"https:\/\/www.carmelitaniscalzi.com\/fr\/2023\/11\/08\/espagne-cloture-de-lannee-jubilaire-dans-le-diocese-davila\/#primaryimage","url":"https:\/\/www.carmelitaniscalzi.com\/wp-content\/uploads\/2023\/11\/cover_espana_10.2023.jpg","contentUrl":"https:\/\/www.carmelitaniscalzi.com\/wp-content\/uploads\/2023\/11\/cover_espana_10.2023.jpg","width":1200,"height":800},{"@type":"BreadcrumbList","@id":"https:\/\/www.carmelitaniscalzi.com\/fr\/2023\/11\/08\/espagne-cloture-de-lannee-jubilaire-dans-le-diocese-davila\/#breadcrumb","itemListElement":[{"@type":"ListItem","position":1,"name":"Home","item":"https:\/\/www.carmelitaniscalzi.com\/fr\/"},{"@type":"ListItem","position":2,"name":"Espagne : Cl\u00f4ture de l&#8217;ann\u00e9e jubilaire dans le dioc\u00e8se d&#8217;Avila"}]},{"@type":"WebSite","@id":"https:\/\/www.carmelitaniscalzi.com\/#website","url":"https:\/\/www.carmelitaniscalzi.com\/","name":"CARMELITANI SCALZI - Curia Generale del Carmelo Teresiano","description":"Curie G\u00e9n\u00e9ralice du Carmel D\u00e9chauss\u00e9","publisher":{"@id":"https:\/\/www.carmelitaniscalzi.com\/#organization"},"alternateName":"CARMELITANI SCALZI","potentialAction":[{"@type":"SearchAction","target":{"@type":"EntryPoint","urlTemplate":"https:\/\/www.carmelitaniscalzi.com\/?s={search_term_string}"},"query-input":{"@type":"PropertyValueSpecification","valueRequired":true,"valueName":"search_term_string"}}],"inLanguage":"fr-FR"},{"@type":"Organization","@id":"https:\/\/www.carmelitaniscalzi.com\/#organization","name":"CARMELITANI SCALZI - Curia Generale del Carmelo Teresiano","url":"https:\/\/www.carmelitaniscalzi.com\/","logo":{"@type":"ImageObject","inLanguage":"fr-FR","@id":"https:\/\/www.carmelitaniscalzi.com\/#\/schema\/logo\/image\/","url":"https:\/\/www.carmelitaniscalzi.com\/wp-content\/uploads\/2025\/11\/login-logo.png","contentUrl":"https:\/\/www.carmelitaniscalzi.com\/wp-content\/uploads\/2025\/11\/login-logo.png","width":256,"height":256,"caption":"CARMELITANI SCALZI - Curia Generale del Carmelo Teresiano"},"image":{"@id":"https:\/\/www.carmelitaniscalzi.com\/#\/schema\/logo\/image\/"},"sameAs":["https:\/\/www.facebook.com\/Curia-Generalizia-Carmelitani-Scalzi-658766940887784\/","https:\/\/x.com\/ocdcuria","https:\/\/www.youtube.com\/channel\/UC2J5ZL0ycOY0qBSTCLX_NGQ\/videos","https:\/\/www.instagram.com\/ocdinform\/"]},{"@type":"Person","@id":"https:\/\/www.carmelitaniscalzi.com\/#\/schema\/person\/6d1c0d9bea7b6625c437246a5d6da409","name":"ocd web master","image":{"@type":"ImageObject","inLanguage":"fr-FR","@id":"https:\/\/www.carmelitaniscalzi.com\/#\/schema\/person\/image\/","url":"https:\/\/secure.gravatar.com\/avatar\/41fbc5f82bad909fbaf2984c43fa50d8519ac5853e25b454d022b6868f80d0e7?s=96&d=mm&r=g","contentUrl":"https:\/\/secure.gravatar.com\/avatar\/41fbc5f82bad909fbaf2984c43fa50d8519ac5853e25b454d022b6868f80d0e7?s=96&d=mm&r=g","caption":"ocd web master"},"url":"https:\/\/www.carmelitaniscalzi.com\/fr\/author\/ocdwebmaster\/"}]}},"_links":{"self":[{"href":"https:\/\/www.carmelitaniscalzi.com\/fr\/wp-json\/wp\/v2\/posts\/290285","targetHints":{"allow":["GET"]}}],"collection":[{"href":"https:\/\/www.carmelitaniscalzi.com\/fr\/wp-json\/wp\/v2\/posts"}],"about":[{"href":"https:\/\/www.carmelitaniscalzi.com\/fr\/wp-json\/wp\/v2\/types\/post"}],"author":[{"embeddable":true,"href":"https:\/\/www.carmelitaniscalzi.com\/fr\/wp-json\/wp\/v2\/users\/7"}],"replies":[{"embeddable":true,"href":"https:\/\/www.carmelitaniscalzi.com\/fr\/wp-json\/wp\/v2\/comments?post=290285"}],"version-history":[{"count":1,"href":"https:\/\/www.carmelitaniscalzi.com\/fr\/wp-json\/wp\/v2\/posts\/290285\/revisions"}],"predecessor-version":[{"id":290286,"href":"https:\/\/www.carmelitaniscalzi.com\/fr\/wp-json\/wp\/v2\/posts\/290285\/revisions\/290286"}],"wp:featuredmedia":[{"embeddable":true,"href":"https:\/\/www.carmelitaniscalzi.com\/fr\/wp-json\/wp\/v2\/media\/290043"}],"wp:attachment":[{"href":"https:\/\/www.carmelitaniscalzi.com\/fr\/wp-json\/wp\/v2\/media?parent=290285"}],"wp:term":[{"taxonomy":"category","embeddable":true,"href":"https:\/\/www.carmelitaniscalzi.com\/fr\/wp-json\/wp\/v2\/categories?post=290285"},{"taxonomy":"post_tag","embeddable":true,"href":"https:\/\/www.carmelitaniscalzi.com\/fr\/wp-json\/wp\/v2\/tags?post=290285"}],"curies":[{"name":"wp","href":"https:\/\/api.w.org\/{rel}","templated":true}]}}