{"id":27442,"date":"2020-01-28T06:00:06","date_gmt":"2020-01-28T05:00:06","guid":{"rendered":"https:\/\/www.carmelitaniscalzi.com\/?p=27442\/"},"modified":"2020-01-23T02:14:50","modified_gmt":"2020-01-23T01:14:50","slug":"le-secretaire-pour-la-cooperation-missionnaire-de-lordre-visite-la-obra-maxima","status":"publish","type":"post","link":"https:\/\/www.carmelitaniscalzi.com\/fr\/2020\/01\/28\/le-secretaire-pour-la-cooperation-missionnaire-de-lordre-visite-la-obra-maxima\/","title":{"rendered":"Le Secr\u00e9taire pour la Coop\u00e9ration Missionnaire de l\u2019Ordre visite la \u00abObra Maxima\u00bb"},"content":{"rendered":"<p>Le lundi 13 et mardi 14 janvier 2020, le P\u00e8re J\u00e9r\u00f4me Paluku, Secr\u00e9taire G\u00e9n\u00e9ral pour la Coop\u00e9ration Missionnaire de notre Ordre, a s\u00e9journ\u00e9 \u00e0 San S\u00e9bastian, au Si\u00e8ge de la Obra Maxima. L\u2019objectif de sa visite \u00e9tait de f\u00e9liciter et\u00a0 surtout d\u2019encourager les animateurs de cette Organisation Non Gouvernementale carm\u00e9litaine tr\u00e8s engag\u00e9e dans la promotion et le financement des \u0153uvres de d\u00e9veloppement dans beaucoup de nos missions dans divers pays du monde.<\/p>\n<p>Le P\u00e8re Jon Korta, Administrateur G\u00e9n\u00e9ral de la \u00abObra Maxima\u00bb l\u2019a fait d\u00e9couvrir le grand travail que l\u2019\u00e9quipe d\u2019administration r\u00e9alise quotidiennement pour une gestion transparente et responsable de l\u2019organisation. La multitude des projets qui sont envoy\u00e9s par beaucoup de nos missionnaires, l\u2019attention avec laquelle les dossiers sont analys\u00e9s pour y r\u00e9pondre g\u00e9n\u00e9reusement sont l\u00e0 des signes palpables de l\u2019attention de la Province Carm\u00e9litaine de Navarre aux besoins de l\u2019Eglise universelle en g\u00e9n\u00e9ral et des missions carm\u00e9litaines en particulier. Que tous les membres de la Province en soient f\u00e9licit\u00e9s.<\/p>\n<p>Pr\u00e9cisons que, dans toute son autonomie comme structure provinciale, pour le souci de la transparence et de l\u2019effectivit\u00e9 des fonds qui lui sont g\u00e9n\u00e9reusement donn\u00e9s par des bienfaiteurs, la \u00abObra Maxima\u00bb informe r\u00e9guli\u00e8rement le Secr\u00e9tariat pour la Coop\u00e9ration Missionnaire des projets qu\u2019elle finance dans diverses missions de l\u2019Ordre. Il a une bonne collaboration entre le Secr\u00e9tariat pour la Coop\u00e9ration Missionnaire et la \u00abObra Maxima\u00bb.<\/p>\n<p>Le P\u00e8re Secr\u00e9taire pour la Coop\u00e9ration Missionnaire a profit\u00e9 de sa visite pour exprimer au P\u00e8re Administrateur de \u00a0la \u00abObra Maxima\u00bb l\u2019appr\u00e9ciation tr\u00e8s positive du Centre de l\u2019Ordre, du travail qu\u2019accomplit la Province de Navarre par l\u2019Obra Maxima.<\/p>\n<p>Rappelons \u00a0que la \u00abObra Maxima\u00bb est une Organisation Non Gouvernementale de D\u00e9veloppement qui appartient \u00e0 la Province de Navarre. Depuis plus de 85 ans maintenant, elle travaille pour le d\u00e9veloppement et l\u2019\u00e9vang\u00e9lisation des peuples. Cette ONGD a soutenu et continue \u00e0 soutenir de nombreux projets dans les communaut\u00e9s pauvres et vuln\u00e9rables. Elle continue \u00e0 soutenir beaucoup d\u2019actions missionnaires et la promotion des vocations au sein de l\u2019Ordre.<\/p>\n<p>&nbsp;<\/p>\n<p><a href=\"https:\/\/www.carmelitaniscalzi.com\/wp-content\/uploads\/2020\/01\/00-1-e1579741212490.jpg\"><img loading=\"lazy\" decoding=\"async\" class=\"alignnone size-medium wp-image-27435\" src=\"https:\/\/www.carmelitaniscalzi.com\/wp-content\/uploads\/2020\/01\/00-1-e1579741212490-225x300.jpg\" alt=\"\" width=\"225\" height=\"300\" srcset=\"https:\/\/www.carmelitaniscalzi.com\/wp-content\/uploads\/2020\/01\/00-1-e1579741212490-225x300.jpg 225w, https:\/\/www.carmelitaniscalzi.com\/wp-content\/uploads\/2020\/01\/00-1-e1579741212490-768x1024.jpg 768w, https:\/\/www.carmelitaniscalzi.com\/wp-content\/uploads\/2020\/01\/00-1-e1579741212490-41x55.jpg 41w, https:\/\/www.carmelitaniscalzi.com\/wp-content\/uploads\/2020\/01\/00-1-e1579741212490-1600x2133.jpg 1600w, https:\/\/www.carmelitaniscalzi.com\/wp-content\/uploads\/2020\/01\/00-1-e1579741212490-800x1067.jpg 800w, https:\/\/www.carmelitaniscalzi.com\/wp-content\/uploads\/2020\/01\/00-1-e1579741212490-580x773.jpg 580w\" sizes=\"auto, (max-width: 225px) 100vw, 225px\" \/><\/a><\/p>\n","protected":false},"excerpt":{"rendered":"<p>Le lundi 13 et mardi 14 janvier 2020, le P\u00e8re J\u00e9r\u00f4me Paluku, Secr\u00e9taire G\u00e9n\u00e9ral pour la Coop\u00e9ration Missionnaire de notre Ordre, a s\u00e9journ\u00e9 \u00e0 San S\u00e9bastian, au Si\u00e8ge de la Obra Maxima. L\u2019objectif de sa visite \u00e9tait de f\u00e9liciter et\u00a0 surtout d\u2019encourager les animateurs de cette Organisation Non Gouvernementale carm\u00e9litaine tr\u00e8s engag\u00e9e dans la promotion [&hellip;]<\/p>\n","protected":false},"author":7,"featured_media":27435,"comment_status":"closed","ping_status":"closed","sticky":false,"template":"","format":"standard","meta":{"_acf_changed":false,"footnotes":""},"categories":[202,370],"tags":[],"class_list":["post-27442","post","type-post","status-publish","format-standard","has-post-thumbnail","hentry","category-nouvelles-missions","category-nouvelles"],"acf":[],"yoast_head":"<!-- This site is optimized with the Yoast SEO plugin v26.3 - https:\/\/yoast.com\/wordpress\/plugins\/seo\/ -->\n<title>Le Secr\u00e9taire pour la Coop\u00e9ration Missionnaire de l\u2019Ordre visite la \u00abObra Maxima\u00bb - CARMES D\u00c9CHAUX<\/title>\n<meta name=\"robots\" content=\"index, follow, max-snippet:-1, max-image-preview:large, max-video-preview:-1\" \/>\n<link rel=\"canonical\" href=\"https:\/\/www.carmelitaniscalzi.com\/fr\/2020\/01\/28\/le-secretaire-pour-la-cooperation-missionnaire-de-lordre-visite-la-obra-maxima\/\" \/>\n<meta property=\"og:locale\" content=\"fr_FR\" \/>\n<meta property=\"og:type\" content=\"article\" \/>\n<meta property=\"og:title\" content=\"Le Secr\u00e9taire pour la Coop\u00e9ration Missionnaire de l\u2019Ordre visite la \u00abObra Maxima\u00bb - CARMES D\u00c9CHAUX\" \/>\n<meta property=\"og:description\" content=\"Le lundi 13 et mardi 14 janvier 2020, le P\u00e8re J\u00e9r\u00f4me Paluku, Secr\u00e9taire G\u00e9n\u00e9ral pour la Coop\u00e9ration Missionnaire de notre Ordre, a s\u00e9journ\u00e9 \u00e0 San S\u00e9bastian, au Si\u00e8ge de la Obra Maxima. L\u2019objectif de sa visite \u00e9tait de f\u00e9liciter et\u00a0 surtout d\u2019encourager les animateurs de cette Organisation Non Gouvernementale carm\u00e9litaine tr\u00e8s engag\u00e9e dans la promotion [&hellip;]\" \/>\n<meta property=\"og:url\" content=\"https:\/\/www.carmelitaniscalzi.com\/fr\/2020\/01\/28\/le-secretaire-pour-la-cooperation-missionnaire-de-lordre-visite-la-obra-maxima\/\" \/>\n<meta property=\"og:site_name\" content=\"CARMES D\u00c9CHAUX\" \/>\n<meta property=\"article:publisher\" content=\"https:\/\/www.facebook.com\/Curia-Generalizia-Carmelitani-Scalzi-658766940887784\/\" \/>\n<meta property=\"article:published_time\" content=\"2020-01-28T05:00:06+00:00\" \/>\n<meta property=\"og:image\" content=\"https:\/\/www.carmelitaniscalzi.com\/wp-content\/uploads\/2020\/01\/00-1-e1579741212490.jpg\" \/>\n\t<meta property=\"og:image:width\" content=\"3096\" \/>\n\t<meta property=\"og:image:height\" content=\"4128\" \/>\n\t<meta property=\"og:image:type\" content=\"image\/jpeg\" \/>\n<meta name=\"author\" content=\"ocd web master\" \/>\n<meta name=\"twitter:card\" content=\"summary_large_image\" \/>\n<meta name=\"twitter:creator\" content=\"@ocdcuria\" \/>\n<meta name=\"twitter:site\" content=\"@ocdcuria\" \/>\n<meta name=\"twitter:label1\" content=\"\u00c9crit par\" \/>\n\t<meta name=\"twitter:data1\" content=\"ocd web master\" \/>\n\t<meta name=\"twitter:label2\" content=\"Dur\u00e9e de lecture estim\u00e9e\" \/>\n\t<meta name=\"twitter:data2\" content=\"2 minutes\" \/>\n<script type=\"application\/ld+json\" class=\"yoast-schema-graph\">{\"@context\":\"https:\/\/schema.org\",\"@graph\":[{\"@type\":\"Article\",\"@id\":\"https:\/\/www.carmelitaniscalzi.com\/fr\/2020\/01\/28\/le-secretaire-pour-la-cooperation-missionnaire-de-lordre-visite-la-obra-maxima\/#article\",\"isPartOf\":{\"@id\":\"https:\/\/www.carmelitaniscalzi.com\/fr\/2020\/01\/28\/le-secretaire-pour-la-cooperation-missionnaire-de-lordre-visite-la-obra-maxima\/\"},\"author\":{\"name\":\"ocd web master\",\"@id\":\"https:\/\/www.carmelitaniscalzi.com\/#\/schema\/person\/6d1c0d9bea7b6625c437246a5d6da409\"},\"headline\":\"Le Secr\u00e9taire pour la Coop\u00e9ration Missionnaire de l\u2019Ordre visite la \u00abObra Maxima\u00bb\",\"datePublished\":\"2020-01-28T05:00:06+00:00\",\"mainEntityOfPage\":{\"@id\":\"https:\/\/www.carmelitaniscalzi.com\/fr\/2020\/01\/28\/le-secretaire-pour-la-cooperation-missionnaire-de-lordre-visite-la-obra-maxima\/\"},\"wordCount\":408,\"publisher\":{\"@id\":\"https:\/\/www.carmelitaniscalzi.com\/#organization\"},\"image\":{\"@id\":\"https:\/\/www.carmelitaniscalzi.com\/fr\/2020\/01\/28\/le-secretaire-pour-la-cooperation-missionnaire-de-lordre-visite-la-obra-maxima\/#primaryimage\"},\"thumbnailUrl\":\"https:\/\/www.carmelitaniscalzi.com\/wp-content\/uploads\/2020\/01\/00-1-e1579741212490.jpg\",\"articleSection\":[\"Nouvelles Missions\",\"Nouvelles\"],\"inLanguage\":\"fr-FR\"},{\"@type\":\"WebPage\",\"@id\":\"https:\/\/www.carmelitaniscalzi.com\/fr\/2020\/01\/28\/le-secretaire-pour-la-cooperation-missionnaire-de-lordre-visite-la-obra-maxima\/\",\"url\":\"https:\/\/www.carmelitaniscalzi.com\/fr\/2020\/01\/28\/le-secretaire-pour-la-cooperation-missionnaire-de-lordre-visite-la-obra-maxima\/\",\"name\":\"Le Secr\u00e9taire pour la Coop\u00e9ration Missionnaire de l\u2019Ordre visite la \u00abObra Maxima\u00bb - CARMES D\u00c9CHAUX\",\"isPartOf\":{\"@id\":\"https:\/\/www.carmelitaniscalzi.com\/#website\"},\"primaryImageOfPage\":{\"@id\":\"https:\/\/www.carmelitaniscalzi.com\/fr\/2020\/01\/28\/le-secretaire-pour-la-cooperation-missionnaire-de-lordre-visite-la-obra-maxima\/#primaryimage\"},\"image\":{\"@id\":\"https:\/\/www.carmelitaniscalzi.com\/fr\/2020\/01\/28\/le-secretaire-pour-la-cooperation-missionnaire-de-lordre-visite-la-obra-maxima\/#primaryimage\"},\"thumbnailUrl\":\"https:\/\/www.carmelitaniscalzi.com\/wp-content\/uploads\/2020\/01\/00-1-e1579741212490.jpg\",\"datePublished\":\"2020-01-28T05:00:06+00:00\",\"breadcrumb\":{\"@id\":\"https:\/\/www.carmelitaniscalzi.com\/fr\/2020\/01\/28\/le-secretaire-pour-la-cooperation-missionnaire-de-lordre-visite-la-obra-maxima\/#breadcrumb\"},\"inLanguage\":\"fr-FR\",\"potentialAction\":[{\"@type\":\"ReadAction\",\"target\":[\"https:\/\/www.carmelitaniscalzi.com\/fr\/2020\/01\/28\/le-secretaire-pour-la-cooperation-missionnaire-de-lordre-visite-la-obra-maxima\/\"]}]},{\"@type\":\"ImageObject\",\"inLanguage\":\"fr-FR\",\"@id\":\"https:\/\/www.carmelitaniscalzi.com\/fr\/2020\/01\/28\/le-secretaire-pour-la-cooperation-missionnaire-de-lordre-visite-la-obra-maxima\/#primaryimage\",\"url\":\"https:\/\/www.carmelitaniscalzi.com\/wp-content\/uploads\/2020\/01\/00-1-e1579741212490.jpg\",\"contentUrl\":\"https:\/\/www.carmelitaniscalzi.com\/wp-content\/uploads\/2020\/01\/00-1-e1579741212490.jpg\",\"width\":3096,\"height\":4128},{\"@type\":\"BreadcrumbList\",\"@id\":\"https:\/\/www.carmelitaniscalzi.com\/fr\/2020\/01\/28\/le-secretaire-pour-la-cooperation-missionnaire-de-lordre-visite-la-obra-maxima\/#breadcrumb\",\"itemListElement\":[{\"@type\":\"ListItem\",\"position\":1,\"name\":\"Home\",\"item\":\"https:\/\/www.carmelitaniscalzi.com\/fr\/\"},{\"@type\":\"ListItem\",\"position\":2,\"name\":\"Le Secr\u00e9taire pour la Coop\u00e9ration Missionnaire de l\u2019Ordre visite la \u00abObra Maxima\u00bb\"}]},{\"@type\":\"WebSite\",\"@id\":\"https:\/\/www.carmelitaniscalzi.com\/#website\",\"url\":\"https:\/\/www.carmelitaniscalzi.com\/\",\"name\":\"CARMELITANI SCALZI - Curia Generale del Carmelo Teresiano\",\"description\":\"Curie G\u00e9n\u00e9ralice du Carmel D\u00e9chauss\u00e9\",\"publisher\":{\"@id\":\"https:\/\/www.carmelitaniscalzi.com\/#organization\"},\"alternateName\":\"CARMELITANI SCALZI\",\"potentialAction\":[{\"@type\":\"SearchAction\",\"target\":{\"@type\":\"EntryPoint\",\"urlTemplate\":\"https:\/\/www.carmelitaniscalzi.com\/?s={search_term_string}\"},\"query-input\":{\"@type\":\"PropertyValueSpecification\",\"valueRequired\":true,\"valueName\":\"search_term_string\"}}],\"inLanguage\":\"fr-FR\"},{\"@type\":\"Organization\",\"@id\":\"https:\/\/www.carmelitaniscalzi.com\/#organization\",\"name\":\"CARMELITANI SCALZI - Curia Generale del Carmelo Teresiano\",\"url\":\"https:\/\/www.carmelitaniscalzi.com\/\",\"logo\":{\"@type\":\"ImageObject\",\"inLanguage\":\"fr-FR\",\"@id\":\"https:\/\/www.carmelitaniscalzi.com\/#\/schema\/logo\/image\/\",\"url\":\"https:\/\/www.carmelitaniscalzi.com\/wp-content\/uploads\/2025\/11\/login-logo.png\",\"contentUrl\":\"https:\/\/www.carmelitaniscalzi.com\/wp-content\/uploads\/2025\/11\/login-logo.png\",\"width\":256,\"height\":256,\"caption\":\"CARMELITANI SCALZI - Curia Generale del Carmelo Teresiano\"},\"image\":{\"@id\":\"https:\/\/www.carmelitaniscalzi.com\/#\/schema\/logo\/image\/\"},\"sameAs\":[\"https:\/\/www.facebook.com\/Curia-Generalizia-Carmelitani-Scalzi-658766940887784\/\",\"https:\/\/x.com\/ocdcuria\",\"https:\/\/www.youtube.com\/channel\/UC2J5ZL0ycOY0qBSTCLX_NGQ\/videos\",\"https:\/\/www.instagram.com\/ocdinform\/\"]},{\"@type\":\"Person\",\"@id\":\"https:\/\/www.carmelitaniscalzi.com\/#\/schema\/person\/6d1c0d9bea7b6625c437246a5d6da409\",\"name\":\"ocd web master\",\"image\":{\"@type\":\"ImageObject\",\"inLanguage\":\"fr-FR\",\"@id\":\"https:\/\/www.carmelitaniscalzi.com\/#\/schema\/person\/image\/\",\"url\":\"https:\/\/secure.gravatar.com\/avatar\/41fbc5f82bad909fbaf2984c43fa50d8519ac5853e25b454d022b6868f80d0e7?s=96&d=mm&r=g\",\"contentUrl\":\"https:\/\/secure.gravatar.com\/avatar\/41fbc5f82bad909fbaf2984c43fa50d8519ac5853e25b454d022b6868f80d0e7?s=96&d=mm&r=g\",\"caption\":\"ocd web master\"},\"url\":\"https:\/\/www.carmelitaniscalzi.com\/fr\/author\/ocdwebmaster\/\"}]}<\/script>\n<!-- \/ Yoast SEO plugin. -->","yoast_head_json":{"title":"Le Secr\u00e9taire pour la Coop\u00e9ration Missionnaire de l\u2019Ordre visite la \u00abObra Maxima\u00bb - CARMES D\u00c9CHAUX","robots":{"index":"index","follow":"follow","max-snippet":"max-snippet:-1","max-image-preview":"max-image-preview:large","max-video-preview":"max-video-preview:-1"},"canonical":"https:\/\/www.carmelitaniscalzi.com\/fr\/2020\/01\/28\/le-secretaire-pour-la-cooperation-missionnaire-de-lordre-visite-la-obra-maxima\/","og_locale":"fr_FR","og_type":"article","og_title":"Le Secr\u00e9taire pour la Coop\u00e9ration Missionnaire de l\u2019Ordre visite la \u00abObra Maxima\u00bb - CARMES D\u00c9CHAUX","og_description":"Le lundi 13 et mardi 14 janvier 2020, le P\u00e8re J\u00e9r\u00f4me Paluku, Secr\u00e9taire G\u00e9n\u00e9ral pour la Coop\u00e9ration Missionnaire de notre Ordre, a s\u00e9journ\u00e9 \u00e0 San S\u00e9bastian, au Si\u00e8ge de la Obra Maxima. L\u2019objectif de sa visite \u00e9tait de f\u00e9liciter et\u00a0 surtout d\u2019encourager les animateurs de cette Organisation Non Gouvernementale carm\u00e9litaine tr\u00e8s engag\u00e9e dans la promotion [&hellip;]","og_url":"https:\/\/www.carmelitaniscalzi.com\/fr\/2020\/01\/28\/le-secretaire-pour-la-cooperation-missionnaire-de-lordre-visite-la-obra-maxima\/","og_site_name":"CARMES D\u00c9CHAUX","article_publisher":"https:\/\/www.facebook.com\/Curia-Generalizia-Carmelitani-Scalzi-658766940887784\/","article_published_time":"2020-01-28T05:00:06+00:00","og_image":[{"width":3096,"height":4128,"url":"https:\/\/www.carmelitaniscalzi.com\/wp-content\/uploads\/2020\/01\/00-1-e1579741212490.jpg","type":"image\/jpeg"}],"author":"ocd web master","twitter_card":"summary_large_image","twitter_creator":"@ocdcuria","twitter_site":"@ocdcuria","twitter_misc":{"\u00c9crit par":"ocd web master","Dur\u00e9e de lecture estim\u00e9e":"2 minutes"},"schema":{"@context":"https:\/\/schema.org","@graph":[{"@type":"Article","@id":"https:\/\/www.carmelitaniscalzi.com\/fr\/2020\/01\/28\/le-secretaire-pour-la-cooperation-missionnaire-de-lordre-visite-la-obra-maxima\/#article","isPartOf":{"@id":"https:\/\/www.carmelitaniscalzi.com\/fr\/2020\/01\/28\/le-secretaire-pour-la-cooperation-missionnaire-de-lordre-visite-la-obra-maxima\/"},"author":{"name":"ocd web master","@id":"https:\/\/www.carmelitaniscalzi.com\/#\/schema\/person\/6d1c0d9bea7b6625c437246a5d6da409"},"headline":"Le Secr\u00e9taire pour la Coop\u00e9ration Missionnaire de l\u2019Ordre visite la \u00abObra Maxima\u00bb","datePublished":"2020-01-28T05:00:06+00:00","mainEntityOfPage":{"@id":"https:\/\/www.carmelitaniscalzi.com\/fr\/2020\/01\/28\/le-secretaire-pour-la-cooperation-missionnaire-de-lordre-visite-la-obra-maxima\/"},"wordCount":408,"publisher":{"@id":"https:\/\/www.carmelitaniscalzi.com\/#organization"},"image":{"@id":"https:\/\/www.carmelitaniscalzi.com\/fr\/2020\/01\/28\/le-secretaire-pour-la-cooperation-missionnaire-de-lordre-visite-la-obra-maxima\/#primaryimage"},"thumbnailUrl":"https:\/\/www.carmelitaniscalzi.com\/wp-content\/uploads\/2020\/01\/00-1-e1579741212490.jpg","articleSection":["Nouvelles Missions","Nouvelles"],"inLanguage":"fr-FR"},{"@type":"WebPage","@id":"https:\/\/www.carmelitaniscalzi.com\/fr\/2020\/01\/28\/le-secretaire-pour-la-cooperation-missionnaire-de-lordre-visite-la-obra-maxima\/","url":"https:\/\/www.carmelitaniscalzi.com\/fr\/2020\/01\/28\/le-secretaire-pour-la-cooperation-missionnaire-de-lordre-visite-la-obra-maxima\/","name":"Le Secr\u00e9taire pour la Coop\u00e9ration Missionnaire de l\u2019Ordre visite la \u00abObra Maxima\u00bb - CARMES D\u00c9CHAUX","isPartOf":{"@id":"https:\/\/www.carmelitaniscalzi.com\/#website"},"primaryImageOfPage":{"@id":"https:\/\/www.carmelitaniscalzi.com\/fr\/2020\/01\/28\/le-secretaire-pour-la-cooperation-missionnaire-de-lordre-visite-la-obra-maxima\/#primaryimage"},"image":{"@id":"https:\/\/www.carmelitaniscalzi.com\/fr\/2020\/01\/28\/le-secretaire-pour-la-cooperation-missionnaire-de-lordre-visite-la-obra-maxima\/#primaryimage"},"thumbnailUrl":"https:\/\/www.carmelitaniscalzi.com\/wp-content\/uploads\/2020\/01\/00-1-e1579741212490.jpg","datePublished":"2020-01-28T05:00:06+00:00","breadcrumb":{"@id":"https:\/\/www.carmelitaniscalzi.com\/fr\/2020\/01\/28\/le-secretaire-pour-la-cooperation-missionnaire-de-lordre-visite-la-obra-maxima\/#breadcrumb"},"inLanguage":"fr-FR","potentialAction":[{"@type":"ReadAction","target":["https:\/\/www.carmelitaniscalzi.com\/fr\/2020\/01\/28\/le-secretaire-pour-la-cooperation-missionnaire-de-lordre-visite-la-obra-maxima\/"]}]},{"@type":"ImageObject","inLanguage":"fr-FR","@id":"https:\/\/www.carmelitaniscalzi.com\/fr\/2020\/01\/28\/le-secretaire-pour-la-cooperation-missionnaire-de-lordre-visite-la-obra-maxima\/#primaryimage","url":"https:\/\/www.carmelitaniscalzi.com\/wp-content\/uploads\/2020\/01\/00-1-e1579741212490.jpg","contentUrl":"https:\/\/www.carmelitaniscalzi.com\/wp-content\/uploads\/2020\/01\/00-1-e1579741212490.jpg","width":3096,"height":4128},{"@type":"BreadcrumbList","@id":"https:\/\/www.carmelitaniscalzi.com\/fr\/2020\/01\/28\/le-secretaire-pour-la-cooperation-missionnaire-de-lordre-visite-la-obra-maxima\/#breadcrumb","itemListElement":[{"@type":"ListItem","position":1,"name":"Home","item":"https:\/\/www.carmelitaniscalzi.com\/fr\/"},{"@type":"ListItem","position":2,"name":"Le Secr\u00e9taire pour la Coop\u00e9ration Missionnaire de l\u2019Ordre visite la \u00abObra Maxima\u00bb"}]},{"@type":"WebSite","@id":"https:\/\/www.carmelitaniscalzi.com\/#website","url":"https:\/\/www.carmelitaniscalzi.com\/","name":"CARMELITANI SCALZI - Curia Generale del Carmelo Teresiano","description":"Curie G\u00e9n\u00e9ralice du Carmel D\u00e9chauss\u00e9","publisher":{"@id":"https:\/\/www.carmelitaniscalzi.com\/#organization"},"alternateName":"CARMELITANI SCALZI","potentialAction":[{"@type":"SearchAction","target":{"@type":"EntryPoint","urlTemplate":"https:\/\/www.carmelitaniscalzi.com\/?s={search_term_string}"},"query-input":{"@type":"PropertyValueSpecification","valueRequired":true,"valueName":"search_term_string"}}],"inLanguage":"fr-FR"},{"@type":"Organization","@id":"https:\/\/www.carmelitaniscalzi.com\/#organization","name":"CARMELITANI SCALZI - Curia Generale del Carmelo Teresiano","url":"https:\/\/www.carmelitaniscalzi.com\/","logo":{"@type":"ImageObject","inLanguage":"fr-FR","@id":"https:\/\/www.carmelitaniscalzi.com\/#\/schema\/logo\/image\/","url":"https:\/\/www.carmelitaniscalzi.com\/wp-content\/uploads\/2025\/11\/login-logo.png","contentUrl":"https:\/\/www.carmelitaniscalzi.com\/wp-content\/uploads\/2025\/11\/login-logo.png","width":256,"height":256,"caption":"CARMELITANI SCALZI - Curia Generale del Carmelo Teresiano"},"image":{"@id":"https:\/\/www.carmelitaniscalzi.com\/#\/schema\/logo\/image\/"},"sameAs":["https:\/\/www.facebook.com\/Curia-Generalizia-Carmelitani-Scalzi-658766940887784\/","https:\/\/x.com\/ocdcuria","https:\/\/www.youtube.com\/channel\/UC2J5ZL0ycOY0qBSTCLX_NGQ\/videos","https:\/\/www.instagram.com\/ocdinform\/"]},{"@type":"Person","@id":"https:\/\/www.carmelitaniscalzi.com\/#\/schema\/person\/6d1c0d9bea7b6625c437246a5d6da409","name":"ocd web master","image":{"@type":"ImageObject","inLanguage":"fr-FR","@id":"https:\/\/www.carmelitaniscalzi.com\/#\/schema\/person\/image\/","url":"https:\/\/secure.gravatar.com\/avatar\/41fbc5f82bad909fbaf2984c43fa50d8519ac5853e25b454d022b6868f80d0e7?s=96&d=mm&r=g","contentUrl":"https:\/\/secure.gravatar.com\/avatar\/41fbc5f82bad909fbaf2984c43fa50d8519ac5853e25b454d022b6868f80d0e7?s=96&d=mm&r=g","caption":"ocd web master"},"url":"https:\/\/www.carmelitaniscalzi.com\/fr\/author\/ocdwebmaster\/"}]}},"_links":{"self":[{"href":"https:\/\/www.carmelitaniscalzi.com\/fr\/wp-json\/wp\/v2\/posts\/27442","targetHints":{"allow":["GET"]}}],"collection":[{"href":"https:\/\/www.carmelitaniscalzi.com\/fr\/wp-json\/wp\/v2\/posts"}],"about":[{"href":"https:\/\/www.carmelitaniscalzi.com\/fr\/wp-json\/wp\/v2\/types\/post"}],"author":[{"embeddable":true,"href":"https:\/\/www.carmelitaniscalzi.com\/fr\/wp-json\/wp\/v2\/users\/7"}],"replies":[{"embeddable":true,"href":"https:\/\/www.carmelitaniscalzi.com\/fr\/wp-json\/wp\/v2\/comments?post=27442"}],"version-history":[{"count":0,"href":"https:\/\/www.carmelitaniscalzi.com\/fr\/wp-json\/wp\/v2\/posts\/27442\/revisions"}],"wp:featuredmedia":[{"embeddable":true,"href":"https:\/\/www.carmelitaniscalzi.com\/fr\/wp-json\/wp\/v2\/media\/27435"}],"wp:attachment":[{"href":"https:\/\/www.carmelitaniscalzi.com\/fr\/wp-json\/wp\/v2\/media?parent=27442"}],"wp:term":[{"taxonomy":"category","embeddable":true,"href":"https:\/\/www.carmelitaniscalzi.com\/fr\/wp-json\/wp\/v2\/categories?post=27442"},{"taxonomy":"post_tag","embeddable":true,"href":"https:\/\/www.carmelitaniscalzi.com\/fr\/wp-json\/wp\/v2\/tags?post=27442"}],"curies":[{"name":"wp","href":"https:\/\/api.w.org\/{rel}","templated":true}]}}