{"id":260505,"date":"2023-07-06T01:12:25","date_gmt":"2023-07-05T23:12:25","guid":{"rendered":"https:\/\/www.carmelitaniscalzi.com\/?p=260505"},"modified":"2023-07-06T01:12:25","modified_gmt":"2023-07-05T23:12:25","slug":"italie-therese-et-ses-parents-se-rendent-a-rome","status":"publish","type":"post","link":"https:\/\/www.carmelitaniscalzi.com\/fr\/2023\/07\/06\/italie-therese-et-ses-parents-se-rendent-a-rome\/","title":{"rendered":"Italie : Th\u00e9r\u00e8se et ses parents se rendent \u00e0 Rome"},"content":{"rendered":"<p>\u00c0 l&rsquo;initiative du Coll\u00e8ge Pontifical Russicum de Rome, les reliques de Sainte Th\u00e9r\u00e8se de l&rsquo;Enfant-J\u00e9sus et de ses parents, Louis et Z\u00e9lie Martin, se sont rendues en p\u00e8lerinage \u00e0 Rome du 6 au 16 juin.<\/p>\n<p>Le 7 juin, les reliques ont assist\u00e9 \u00e0 l&rsquo;audience g\u00e9n\u00e9rale du Pape Fran\u00e7ois sur la Place Saint-Pierre. Le Pape Fran\u00e7ois a consacr\u00e9 sa cat\u00e9ch\u00e8se \u00e0 Th\u00e9r\u00e8se, \u00ab\u00a0patronne des missions\u00a0\u00bb. Il a d\u00e9clar\u00e9 que la pr\u00e9sence de Th\u00e9r\u00e8se \u00e9tait une consolation pour lui et a annonc\u00e9 son intention de lui d\u00e9dier une lettre apostolique cette ann\u00e9e. \u00ab\u00a0<em>Le Pape Fran\u00e7ois a affirm\u00e9 que la force motrice de la mission est pr\u00e9cis\u00e9ment cette \u00ab\u00a0force d&rsquo;intercession mue par la charit\u00e9\u00a0\u00bb, et il a soulign\u00e9 que les missionnaires \u00ab\u00a0ce ne sont pas seulement ceux qui voyagent loin, qui apprennent de nouvelles langues\u00a0\u00bb, mais sont \u00e9galement missionnaires tous ceux qui, l\u00e0 o\u00f9 ils se trouvent, vivent \u00ab\u00a0comme des instruments de l&rsquo;amour de Dieu\u00a0\u00bb\u00a0; sont missionnaires ceux qui \u00ab\u00a0font tout pour que, \u00e0 travers leur t\u00e9moignage, leur pri\u00e8re, leur intercession, J\u00e9sus puisse passer<\/em>\u00a0\u00bb <a href=\"#_ftn1\" name=\"_ftnref1\">[1]<\/a>.<\/p>\n<p>Le jeudi 8 juin, les reliques ont \u00e9t\u00e9 accueillies au Teresianum. Le m\u00eame jour, un s\u00e9minaire de recherche sur la saintet\u00e9 de Th\u00e9r\u00e8se de Lisieux a d\u00e9but\u00e9, r\u00e9unissant 17 sp\u00e9cialistes qui ont partag\u00e9 le fruit de leurs recherches. \u00c0 18 heures, au Teresianum, la messe solennelle a \u00e9t\u00e9 pr\u00e9sid\u00e9e par le P\u00e8re G\u00e9n\u00e9ral, le P\u00e8re Miguel M\u00e1rquez Calle, avec la participation de nombreux fid\u00e8les et de nombreux membres de la grande famille du Carmel, religieux, religieuses et s\u00e9culiers. \u00c0 la fin de la c\u00e9l\u00e9bration, les reliques ont \u00e9t\u00e9 transf\u00e9r\u00e9es en procession \u00e0 la basilique voisine de Saint Pancrace, des Carmes D\u00e9chaux d&rsquo;Italie Centrale, pour une nuit d&rsquo;adoration anim\u00e9e par des jeunes. Le dimanche 11, d\u00e8s 8h30, les reliques \u00e9taient expos\u00e9es dans notre paroisse Sainte Th\u00e9r\u00e8se d&rsquo;Avila, Via del Corso d&rsquo;Italia. \u00c0 10h30, le P\u00e8re G\u00e9n\u00e9ral a pr\u00e9sid\u00e9 la messe solennelle de Corpus Christi, en pr\u00e9sence des reliques. L&rsquo;apr\u00e8s-midi, les reliques ont poursuivi leur p\u00e8lerinage romain.<\/p>\n<p><a href=\"#_ftnref1\" name=\"_ftn1\">[1]<\/a> <a href=\"https:\/\/www.vaticannews.va\/it\/papa\/news\/2023-06\/papa-francesco-udienza-generale-zelo-missioni-santa-teresina.html\">https:\/\/www.vaticannews.va\/it\/papa\/news\/2023-06\/papa-francesco-udienza-generale-zelo-missioni-santa-teresina.html<\/a><\/p>\n<p>&nbsp;<\/p>\n<div class=\"wpmf-gallerys wpmf-gallerys-life \" ><div id=\"gallery-1\"\n data-gutter-width=\"5\"\n  data-wpmfcolumns=\"5\" class=\"wpmf-gallery gallery-link-file gallery_life gallery-masonry gallery-columns-5 gallery-size-thumbnail wpmf-gallery-bottomspace-default wpmf-gallery-clear wpmf-has-border-radius-0 wpmf-gutterwidth-5\"><div class=\"wpmf-gallery-item\n     wpmf-gallery-item-position-0 wpmf-gallery-item-attachment-260227\" data-index=\"0\"><div class=\"wpmf-gallery-icon\"><a class=\" not_video noLightbox\" data-lightbox=\"1\" data-href=\"https:\/\/www.carmelitaniscalzi.com\/wp-content\/uploads\/2023\/07\/Teresina-1-1024x613.jpg\" title=\"Teresina 1\" target=\"_self\" data-index=\"0\"><img decoding=\"async\" class=\"wpmf_img\" alt=\"Teresina 1\" src=\"https:\/\/www.carmelitaniscalzi.com\/wp-content\/uploads\/2023\/07\/Teresina-1-150x150.jpg\" data-type=\"wpmfgalleryimg\" data-lazy-src=\"https:\/\/www.carmelitaniscalzi.com\/wp-content\/uploads\/2023\/07\/Teresina-1-150x150.jpg\"><\/a><\/div><\/div><div class=\"wpmf-gallery-item\n     wpmf-gallery-item-position-1 wpmf-gallery-item-attachment-260233\" data-index=\"1\"><div class=\"wpmf-gallery-icon\"><a class=\" not_video noLightbox\" data-lightbox=\"1\" data-href=\"https:\/\/www.carmelitaniscalzi.com\/wp-content\/uploads\/2023\/07\/Teresina-2-1024x768.jpg\" title=\"Teresina 2\" target=\"_self\" data-index=\"1\"><img decoding=\"async\" class=\"wpmf_img\" alt=\"Teresina 2\" src=\"https:\/\/www.carmelitaniscalzi.com\/wp-content\/uploads\/2023\/07\/Teresina-2-150x150.jpg\" data-type=\"wpmfgalleryimg\" data-lazy-src=\"https:\/\/www.carmelitaniscalzi.com\/wp-content\/uploads\/2023\/07\/Teresina-2-150x150.jpg\"><\/a><\/div><\/div><div class=\"wpmf-gallery-item\n     wpmf-gallery-item-position-2 wpmf-gallery-item-attachment-260239\" data-index=\"2\"><div class=\"wpmf-gallery-icon\"><a class=\" not_video noLightbox\" data-lightbox=\"1\" data-href=\"https:\/\/www.carmelitaniscalzi.com\/wp-content\/uploads\/2023\/07\/Teresina-3-1024x505.jpg\" title=\"Teresina 3\" target=\"_self\" data-index=\"2\"><img decoding=\"async\" class=\"wpmf_img\" alt=\"Teresina 3\" src=\"https:\/\/www.carmelitaniscalzi.com\/wp-content\/uploads\/2023\/07\/Teresina-3-150x150.jpg\" data-type=\"wpmfgalleryimg\" data-lazy-src=\"https:\/\/www.carmelitaniscalzi.com\/wp-content\/uploads\/2023\/07\/Teresina-3-150x150.jpg\"><\/a><\/div><\/div><div class=\"wpmf-gallery-item\n     wpmf-gallery-item-position-3 wpmf-gallery-item-attachment-260245\" data-index=\"3\"><div class=\"wpmf-gallery-icon\"><a class=\" not_video noLightbox\" data-lightbox=\"1\" data-href=\"https:\/\/www.carmelitaniscalzi.com\/wp-content\/uploads\/2023\/07\/Teresina-4-1024x576.jpg\" title=\"Teresina 4\" target=\"_self\" data-index=\"3\"><img decoding=\"async\" class=\"wpmf_img\" alt=\"Teresina 4\" src=\"https:\/\/www.carmelitaniscalzi.com\/wp-content\/uploads\/2023\/07\/Teresina-4-150x150.jpg\" data-type=\"wpmfgalleryimg\" data-lazy-src=\"https:\/\/www.carmelitaniscalzi.com\/wp-content\/uploads\/2023\/07\/Teresina-4-150x150.jpg\"><\/a><\/div><\/div><div class=\"wpmf-gallery-item\n     wpmf-gallery-item-position-4 wpmf-gallery-item-attachment-260251\" data-index=\"4\"><div class=\"wpmf-gallery-icon\"><a class=\" not_video noLightbox\" data-lightbox=\"1\" data-href=\"https:\/\/www.carmelitaniscalzi.com\/wp-content\/uploads\/2023\/07\/Teresina-6-1024x592.jpg\" title=\"Teresina 6\" target=\"_self\" data-index=\"4\"><img decoding=\"async\" class=\"wpmf_img\" alt=\"Teresina 6\" src=\"https:\/\/www.carmelitaniscalzi.com\/wp-content\/uploads\/2023\/07\/Teresina-6-150x150.jpg\" data-type=\"wpmfgalleryimg\" data-lazy-src=\"https:\/\/www.carmelitaniscalzi.com\/wp-content\/uploads\/2023\/07\/Teresina-6-150x150.jpg\"><\/a><\/div><\/div><div class=\"wpmf-gallery-item\n     wpmf-gallery-item-position-5 wpmf-gallery-item-attachment-260257\" data-index=\"5\"><div class=\"wpmf-gallery-icon\"><a class=\" not_video noLightbox\" data-lightbox=\"1\" data-href=\"https:\/\/www.carmelitaniscalzi.com\/wp-content\/uploads\/2023\/07\/Teresina-7-731x1024.jpg\" title=\"Teresina 7\" target=\"_self\" data-index=\"5\"><img decoding=\"async\" class=\"wpmf_img\" alt=\"Teresina 7\" src=\"https:\/\/www.carmelitaniscalzi.com\/wp-content\/uploads\/2023\/07\/Teresina-7-150x150.jpg\" data-type=\"wpmfgalleryimg\" data-lazy-src=\"https:\/\/www.carmelitaniscalzi.com\/wp-content\/uploads\/2023\/07\/Teresina-7-150x150.jpg\"><\/a><\/div><\/div><div class=\"wpmf-gallery-item\n     wpmf-gallery-item-position-6 wpmf-gallery-item-attachment-260263\" data-index=\"6\"><div class=\"wpmf-gallery-icon\"><a class=\" not_video noLightbox\" data-lightbox=\"1\" data-href=\"https:\/\/www.carmelitaniscalzi.com\/wp-content\/uploads\/2023\/07\/Teresina-8-1024x585.jpg\" title=\"Teresina 8\" target=\"_self\" data-index=\"6\"><img decoding=\"async\" class=\"wpmf_img\" alt=\"Teresina 8\" src=\"https:\/\/www.carmelitaniscalzi.com\/wp-content\/uploads\/2023\/07\/Teresina-8-150x150.jpg\" data-type=\"wpmfgalleryimg\" data-lazy-src=\"https:\/\/www.carmelitaniscalzi.com\/wp-content\/uploads\/2023\/07\/Teresina-8-150x150.jpg\"><\/a><\/div><\/div><\/div><\/div>\n\n","protected":false},"excerpt":{"rendered":"<p>\u00c0 l&rsquo;initiative du Coll\u00e8ge Pontifical Russicum de Rome, les reliques de Sainte Th\u00e9r\u00e8se de l&rsquo;Enfant-J\u00e9sus et de ses parents, Louis et Z\u00e9lie Martin, se sont rendues en p\u00e8lerinage \u00e0 Rome du 6 au 16 juin. Le 7 juin, les reliques ont assist\u00e9 \u00e0 l&rsquo;audience g\u00e9n\u00e9rale du Pape Fran\u00e7ois sur la Place Saint-Pierre. Le Pape Fran\u00e7ois [&hellip;]<\/p>\n","protected":false},"author":7,"featured_media":260221,"comment_status":"closed","ping_status":"open","sticky":false,"template":"","format":"standard","meta":{"_acf_changed":false,"footnotes":""},"categories":[201,203,204,261,370],"tags":[],"class_list":["post-260505","post","type-post","status-publish","format-standard","has-post-thumbnail","hentry","category-nouvelles-freres","category-nouvelles-moniales","category-nouvelles-prepose-general","category-nouvelles-ocds","category-nouvelles"],"acf":[],"yoast_head":"<!-- This site is optimized with the Yoast SEO plugin v26.3 - https:\/\/yoast.com\/wordpress\/plugins\/seo\/ -->\n<title>Italie : Th\u00e9r\u00e8se et ses parents se rendent \u00e0 Rome - CARMES D\u00c9CHAUX<\/title>\n<meta name=\"robots\" content=\"index, follow, max-snippet:-1, max-image-preview:large, max-video-preview:-1\" \/>\n<link rel=\"canonical\" href=\"https:\/\/www.carmelitaniscalzi.com\/fr\/2023\/07\/06\/italie-therese-et-ses-parents-se-rendent-a-rome\/\" \/>\n<meta property=\"og:locale\" content=\"fr_FR\" \/>\n<meta property=\"og:type\" content=\"article\" \/>\n<meta property=\"og:title\" content=\"Italie : Th\u00e9r\u00e8se et ses parents se rendent \u00e0 Rome - CARMES D\u00c9CHAUX\" \/>\n<meta property=\"og:description\" content=\"\u00c0 l&rsquo;initiative du Coll\u00e8ge Pontifical Russicum de Rome, les reliques de Sainte Th\u00e9r\u00e8se de l&rsquo;Enfant-J\u00e9sus et de ses parents, Louis et Z\u00e9lie Martin, se sont rendues en p\u00e8lerinage \u00e0 Rome du 6 au 16 juin. Le 7 juin, les reliques ont assist\u00e9 \u00e0 l&rsquo;audience g\u00e9n\u00e9rale du Pape Fran\u00e7ois sur la Place Saint-Pierre. Le Pape Fran\u00e7ois [&hellip;]\" \/>\n<meta property=\"og:url\" content=\"https:\/\/www.carmelitaniscalzi.com\/fr\/2023\/07\/06\/italie-therese-et-ses-parents-se-rendent-a-rome\/\" \/>\n<meta property=\"og:site_name\" content=\"CARMES D\u00c9CHAUX\" \/>\n<meta property=\"article:publisher\" content=\"https:\/\/www.facebook.com\/Curia-Generalizia-Carmelitani-Scalzi-658766940887784\/\" \/>\n<meta property=\"article:published_time\" content=\"2023-07-05T23:12:25+00:00\" \/>\n<meta property=\"og:image\" content=\"https:\/\/www.carmelitaniscalzi.com\/wp-content\/uploads\/2023\/07\/cover_teresina_06.2023.jpg\" \/>\n\t<meta property=\"og:image:width\" content=\"1200\" \/>\n\t<meta property=\"og:image:height\" content=\"800\" \/>\n\t<meta property=\"og:image:type\" content=\"image\/jpeg\" \/>\n<meta name=\"author\" content=\"ocd web master\" \/>\n<meta name=\"twitter:card\" content=\"summary_large_image\" \/>\n<meta name=\"twitter:creator\" content=\"@ocdcuria\" \/>\n<meta name=\"twitter:site\" content=\"@ocdcuria\" \/>\n<meta name=\"twitter:label1\" content=\"\u00c9crit par\" \/>\n\t<meta name=\"twitter:data1\" content=\"ocd web master\" \/>\n\t<meta name=\"twitter:label2\" content=\"Dur\u00e9e de lecture estim\u00e9e\" \/>\n\t<meta name=\"twitter:data2\" content=\"2 minutes\" \/>\n<script type=\"application\/ld+json\" class=\"yoast-schema-graph\">{\"@context\":\"https:\/\/schema.org\",\"@graph\":[{\"@type\":\"Article\",\"@id\":\"https:\/\/www.carmelitaniscalzi.com\/fr\/2023\/07\/06\/italie-therese-et-ses-parents-se-rendent-a-rome\/#article\",\"isPartOf\":{\"@id\":\"https:\/\/www.carmelitaniscalzi.com\/fr\/2023\/07\/06\/italie-therese-et-ses-parents-se-rendent-a-rome\/\"},\"author\":{\"name\":\"ocd web master\",\"@id\":\"https:\/\/www.carmelitaniscalzi.com\/#\/schema\/person\/6d1c0d9bea7b6625c437246a5d6da409\"},\"headline\":\"Italie : Th\u00e9r\u00e8se et ses parents se rendent \u00e0 Rome\",\"datePublished\":\"2023-07-05T23:12:25+00:00\",\"mainEntityOfPage\":{\"@id\":\"https:\/\/www.carmelitaniscalzi.com\/fr\/2023\/07\/06\/italie-therese-et-ses-parents-se-rendent-a-rome\/\"},\"wordCount\":410,\"publisher\":{\"@id\":\"https:\/\/www.carmelitaniscalzi.com\/#organization\"},\"image\":{\"@id\":\"https:\/\/www.carmelitaniscalzi.com\/fr\/2023\/07\/06\/italie-therese-et-ses-parents-se-rendent-a-rome\/#primaryimage\"},\"thumbnailUrl\":\"https:\/\/www.carmelitaniscalzi.com\/wp-content\/uploads\/2023\/07\/cover_teresina_06.2023.jpg\",\"articleSection\":[\"Nouvelles Fr\u00e8res\",\"Nouvelles Moniales\",\"Nouvelles Pr\u00e9pos\u00e9 G\u00e9n\u00e9ral\",\"Nouvelles OCDS\",\"Nouvelles\"],\"inLanguage\":\"fr-FR\"},{\"@type\":\"WebPage\",\"@id\":\"https:\/\/www.carmelitaniscalzi.com\/fr\/2023\/07\/06\/italie-therese-et-ses-parents-se-rendent-a-rome\/\",\"url\":\"https:\/\/www.carmelitaniscalzi.com\/fr\/2023\/07\/06\/italie-therese-et-ses-parents-se-rendent-a-rome\/\",\"name\":\"Italie : Th\u00e9r\u00e8se et ses parents se rendent \u00e0 Rome - CARMES D\u00c9CHAUX\",\"isPartOf\":{\"@id\":\"https:\/\/www.carmelitaniscalzi.com\/#website\"},\"primaryImageOfPage\":{\"@id\":\"https:\/\/www.carmelitaniscalzi.com\/fr\/2023\/07\/06\/italie-therese-et-ses-parents-se-rendent-a-rome\/#primaryimage\"},\"image\":{\"@id\":\"https:\/\/www.carmelitaniscalzi.com\/fr\/2023\/07\/06\/italie-therese-et-ses-parents-se-rendent-a-rome\/#primaryimage\"},\"thumbnailUrl\":\"https:\/\/www.carmelitaniscalzi.com\/wp-content\/uploads\/2023\/07\/cover_teresina_06.2023.jpg\",\"datePublished\":\"2023-07-05T23:12:25+00:00\",\"breadcrumb\":{\"@id\":\"https:\/\/www.carmelitaniscalzi.com\/fr\/2023\/07\/06\/italie-therese-et-ses-parents-se-rendent-a-rome\/#breadcrumb\"},\"inLanguage\":\"fr-FR\",\"potentialAction\":[{\"@type\":\"ReadAction\",\"target\":[\"https:\/\/www.carmelitaniscalzi.com\/fr\/2023\/07\/06\/italie-therese-et-ses-parents-se-rendent-a-rome\/\"]}]},{\"@type\":\"ImageObject\",\"inLanguage\":\"fr-FR\",\"@id\":\"https:\/\/www.carmelitaniscalzi.com\/fr\/2023\/07\/06\/italie-therese-et-ses-parents-se-rendent-a-rome\/#primaryimage\",\"url\":\"https:\/\/www.carmelitaniscalzi.com\/wp-content\/uploads\/2023\/07\/cover_teresina_06.2023.jpg\",\"contentUrl\":\"https:\/\/www.carmelitaniscalzi.com\/wp-content\/uploads\/2023\/07\/cover_teresina_06.2023.jpg\",\"width\":1200,\"height\":800},{\"@type\":\"BreadcrumbList\",\"@id\":\"https:\/\/www.carmelitaniscalzi.com\/fr\/2023\/07\/06\/italie-therese-et-ses-parents-se-rendent-a-rome\/#breadcrumb\",\"itemListElement\":[{\"@type\":\"ListItem\",\"position\":1,\"name\":\"Home\",\"item\":\"https:\/\/www.carmelitaniscalzi.com\/fr\/\"},{\"@type\":\"ListItem\",\"position\":2,\"name\":\"Italie : Th\u00e9r\u00e8se et ses parents se rendent \u00e0 Rome\"}]},{\"@type\":\"WebSite\",\"@id\":\"https:\/\/www.carmelitaniscalzi.com\/#website\",\"url\":\"https:\/\/www.carmelitaniscalzi.com\/\",\"name\":\"CARMELITANI SCALZI - Curia Generale del Carmelo Teresiano\",\"description\":\"Curie G\u00e9n\u00e9ralice du Carmel D\u00e9chauss\u00e9\",\"publisher\":{\"@id\":\"https:\/\/www.carmelitaniscalzi.com\/#organization\"},\"alternateName\":\"CARMELITANI SCALZI\",\"potentialAction\":[{\"@type\":\"SearchAction\",\"target\":{\"@type\":\"EntryPoint\",\"urlTemplate\":\"https:\/\/www.carmelitaniscalzi.com\/?s={search_term_string}\"},\"query-input\":{\"@type\":\"PropertyValueSpecification\",\"valueRequired\":true,\"valueName\":\"search_term_string\"}}],\"inLanguage\":\"fr-FR\"},{\"@type\":\"Organization\",\"@id\":\"https:\/\/www.carmelitaniscalzi.com\/#organization\",\"name\":\"CARMELITANI SCALZI - Curia Generale del Carmelo Teresiano\",\"url\":\"https:\/\/www.carmelitaniscalzi.com\/\",\"logo\":{\"@type\":\"ImageObject\",\"inLanguage\":\"fr-FR\",\"@id\":\"https:\/\/www.carmelitaniscalzi.com\/#\/schema\/logo\/image\/\",\"url\":\"https:\/\/www.carmelitaniscalzi.com\/wp-content\/uploads\/2025\/11\/login-logo.png\",\"contentUrl\":\"https:\/\/www.carmelitaniscalzi.com\/wp-content\/uploads\/2025\/11\/login-logo.png\",\"width\":256,\"height\":256,\"caption\":\"CARMELITANI SCALZI - Curia Generale del Carmelo Teresiano\"},\"image\":{\"@id\":\"https:\/\/www.carmelitaniscalzi.com\/#\/schema\/logo\/image\/\"},\"sameAs\":[\"https:\/\/www.facebook.com\/Curia-Generalizia-Carmelitani-Scalzi-658766940887784\/\",\"https:\/\/x.com\/ocdcuria\",\"https:\/\/www.youtube.com\/channel\/UC2J5ZL0ycOY0qBSTCLX_NGQ\/videos\",\"https:\/\/www.instagram.com\/ocdinform\/\"]},{\"@type\":\"Person\",\"@id\":\"https:\/\/www.carmelitaniscalzi.com\/#\/schema\/person\/6d1c0d9bea7b6625c437246a5d6da409\",\"name\":\"ocd web master\",\"image\":{\"@type\":\"ImageObject\",\"inLanguage\":\"fr-FR\",\"@id\":\"https:\/\/www.carmelitaniscalzi.com\/#\/schema\/person\/image\/\",\"url\":\"https:\/\/secure.gravatar.com\/avatar\/41fbc5f82bad909fbaf2984c43fa50d8519ac5853e25b454d022b6868f80d0e7?s=96&d=mm&r=g\",\"contentUrl\":\"https:\/\/secure.gravatar.com\/avatar\/41fbc5f82bad909fbaf2984c43fa50d8519ac5853e25b454d022b6868f80d0e7?s=96&d=mm&r=g\",\"caption\":\"ocd web master\"},\"url\":\"https:\/\/www.carmelitaniscalzi.com\/fr\/author\/ocdwebmaster\/\"}]}<\/script>\n<!-- \/ Yoast SEO plugin. -->","yoast_head_json":{"title":"Italie : Th\u00e9r\u00e8se et ses parents se rendent \u00e0 Rome - CARMES D\u00c9CHAUX","robots":{"index":"index","follow":"follow","max-snippet":"max-snippet:-1","max-image-preview":"max-image-preview:large","max-video-preview":"max-video-preview:-1"},"canonical":"https:\/\/www.carmelitaniscalzi.com\/fr\/2023\/07\/06\/italie-therese-et-ses-parents-se-rendent-a-rome\/","og_locale":"fr_FR","og_type":"article","og_title":"Italie : Th\u00e9r\u00e8se et ses parents se rendent \u00e0 Rome - CARMES D\u00c9CHAUX","og_description":"\u00c0 l&rsquo;initiative du Coll\u00e8ge Pontifical Russicum de Rome, les reliques de Sainte Th\u00e9r\u00e8se de l&rsquo;Enfant-J\u00e9sus et de ses parents, Louis et Z\u00e9lie Martin, se sont rendues en p\u00e8lerinage \u00e0 Rome du 6 au 16 juin. Le 7 juin, les reliques ont assist\u00e9 \u00e0 l&rsquo;audience g\u00e9n\u00e9rale du Pape Fran\u00e7ois sur la Place Saint-Pierre. Le Pape Fran\u00e7ois [&hellip;]","og_url":"https:\/\/www.carmelitaniscalzi.com\/fr\/2023\/07\/06\/italie-therese-et-ses-parents-se-rendent-a-rome\/","og_site_name":"CARMES D\u00c9CHAUX","article_publisher":"https:\/\/www.facebook.com\/Curia-Generalizia-Carmelitani-Scalzi-658766940887784\/","article_published_time":"2023-07-05T23:12:25+00:00","og_image":[{"width":1200,"height":800,"url":"https:\/\/www.carmelitaniscalzi.com\/wp-content\/uploads\/2023\/07\/cover_teresina_06.2023.jpg","type":"image\/jpeg"}],"author":"ocd web master","twitter_card":"summary_large_image","twitter_creator":"@ocdcuria","twitter_site":"@ocdcuria","twitter_misc":{"\u00c9crit par":"ocd web master","Dur\u00e9e de lecture estim\u00e9e":"2 minutes"},"schema":{"@context":"https:\/\/schema.org","@graph":[{"@type":"Article","@id":"https:\/\/www.carmelitaniscalzi.com\/fr\/2023\/07\/06\/italie-therese-et-ses-parents-se-rendent-a-rome\/#article","isPartOf":{"@id":"https:\/\/www.carmelitaniscalzi.com\/fr\/2023\/07\/06\/italie-therese-et-ses-parents-se-rendent-a-rome\/"},"author":{"name":"ocd web master","@id":"https:\/\/www.carmelitaniscalzi.com\/#\/schema\/person\/6d1c0d9bea7b6625c437246a5d6da409"},"headline":"Italie : Th\u00e9r\u00e8se et ses parents se rendent \u00e0 Rome","datePublished":"2023-07-05T23:12:25+00:00","mainEntityOfPage":{"@id":"https:\/\/www.carmelitaniscalzi.com\/fr\/2023\/07\/06\/italie-therese-et-ses-parents-se-rendent-a-rome\/"},"wordCount":410,"publisher":{"@id":"https:\/\/www.carmelitaniscalzi.com\/#organization"},"image":{"@id":"https:\/\/www.carmelitaniscalzi.com\/fr\/2023\/07\/06\/italie-therese-et-ses-parents-se-rendent-a-rome\/#primaryimage"},"thumbnailUrl":"https:\/\/www.carmelitaniscalzi.com\/wp-content\/uploads\/2023\/07\/cover_teresina_06.2023.jpg","articleSection":["Nouvelles Fr\u00e8res","Nouvelles Moniales","Nouvelles Pr\u00e9pos\u00e9 G\u00e9n\u00e9ral","Nouvelles OCDS","Nouvelles"],"inLanguage":"fr-FR"},{"@type":"WebPage","@id":"https:\/\/www.carmelitaniscalzi.com\/fr\/2023\/07\/06\/italie-therese-et-ses-parents-se-rendent-a-rome\/","url":"https:\/\/www.carmelitaniscalzi.com\/fr\/2023\/07\/06\/italie-therese-et-ses-parents-se-rendent-a-rome\/","name":"Italie : Th\u00e9r\u00e8se et ses parents se rendent \u00e0 Rome - CARMES D\u00c9CHAUX","isPartOf":{"@id":"https:\/\/www.carmelitaniscalzi.com\/#website"},"primaryImageOfPage":{"@id":"https:\/\/www.carmelitaniscalzi.com\/fr\/2023\/07\/06\/italie-therese-et-ses-parents-se-rendent-a-rome\/#primaryimage"},"image":{"@id":"https:\/\/www.carmelitaniscalzi.com\/fr\/2023\/07\/06\/italie-therese-et-ses-parents-se-rendent-a-rome\/#primaryimage"},"thumbnailUrl":"https:\/\/www.carmelitaniscalzi.com\/wp-content\/uploads\/2023\/07\/cover_teresina_06.2023.jpg","datePublished":"2023-07-05T23:12:25+00:00","breadcrumb":{"@id":"https:\/\/www.carmelitaniscalzi.com\/fr\/2023\/07\/06\/italie-therese-et-ses-parents-se-rendent-a-rome\/#breadcrumb"},"inLanguage":"fr-FR","potentialAction":[{"@type":"ReadAction","target":["https:\/\/www.carmelitaniscalzi.com\/fr\/2023\/07\/06\/italie-therese-et-ses-parents-se-rendent-a-rome\/"]}]},{"@type":"ImageObject","inLanguage":"fr-FR","@id":"https:\/\/www.carmelitaniscalzi.com\/fr\/2023\/07\/06\/italie-therese-et-ses-parents-se-rendent-a-rome\/#primaryimage","url":"https:\/\/www.carmelitaniscalzi.com\/wp-content\/uploads\/2023\/07\/cover_teresina_06.2023.jpg","contentUrl":"https:\/\/www.carmelitaniscalzi.com\/wp-content\/uploads\/2023\/07\/cover_teresina_06.2023.jpg","width":1200,"height":800},{"@type":"BreadcrumbList","@id":"https:\/\/www.carmelitaniscalzi.com\/fr\/2023\/07\/06\/italie-therese-et-ses-parents-se-rendent-a-rome\/#breadcrumb","itemListElement":[{"@type":"ListItem","position":1,"name":"Home","item":"https:\/\/www.carmelitaniscalzi.com\/fr\/"},{"@type":"ListItem","position":2,"name":"Italie : Th\u00e9r\u00e8se et ses parents se rendent \u00e0 Rome"}]},{"@type":"WebSite","@id":"https:\/\/www.carmelitaniscalzi.com\/#website","url":"https:\/\/www.carmelitaniscalzi.com\/","name":"CARMELITANI SCALZI - Curia Generale del Carmelo Teresiano","description":"Curie G\u00e9n\u00e9ralice du Carmel D\u00e9chauss\u00e9","publisher":{"@id":"https:\/\/www.carmelitaniscalzi.com\/#organization"},"alternateName":"CARMELITANI SCALZI","potentialAction":[{"@type":"SearchAction","target":{"@type":"EntryPoint","urlTemplate":"https:\/\/www.carmelitaniscalzi.com\/?s={search_term_string}"},"query-input":{"@type":"PropertyValueSpecification","valueRequired":true,"valueName":"search_term_string"}}],"inLanguage":"fr-FR"},{"@type":"Organization","@id":"https:\/\/www.carmelitaniscalzi.com\/#organization","name":"CARMELITANI SCALZI - Curia Generale del Carmelo Teresiano","url":"https:\/\/www.carmelitaniscalzi.com\/","logo":{"@type":"ImageObject","inLanguage":"fr-FR","@id":"https:\/\/www.carmelitaniscalzi.com\/#\/schema\/logo\/image\/","url":"https:\/\/www.carmelitaniscalzi.com\/wp-content\/uploads\/2025\/11\/login-logo.png","contentUrl":"https:\/\/www.carmelitaniscalzi.com\/wp-content\/uploads\/2025\/11\/login-logo.png","width":256,"height":256,"caption":"CARMELITANI SCALZI - Curia Generale del Carmelo Teresiano"},"image":{"@id":"https:\/\/www.carmelitaniscalzi.com\/#\/schema\/logo\/image\/"},"sameAs":["https:\/\/www.facebook.com\/Curia-Generalizia-Carmelitani-Scalzi-658766940887784\/","https:\/\/x.com\/ocdcuria","https:\/\/www.youtube.com\/channel\/UC2J5ZL0ycOY0qBSTCLX_NGQ\/videos","https:\/\/www.instagram.com\/ocdinform\/"]},{"@type":"Person","@id":"https:\/\/www.carmelitaniscalzi.com\/#\/schema\/person\/6d1c0d9bea7b6625c437246a5d6da409","name":"ocd web master","image":{"@type":"ImageObject","inLanguage":"fr-FR","@id":"https:\/\/www.carmelitaniscalzi.com\/#\/schema\/person\/image\/","url":"https:\/\/secure.gravatar.com\/avatar\/41fbc5f82bad909fbaf2984c43fa50d8519ac5853e25b454d022b6868f80d0e7?s=96&d=mm&r=g","contentUrl":"https:\/\/secure.gravatar.com\/avatar\/41fbc5f82bad909fbaf2984c43fa50d8519ac5853e25b454d022b6868f80d0e7?s=96&d=mm&r=g","caption":"ocd web master"},"url":"https:\/\/www.carmelitaniscalzi.com\/fr\/author\/ocdwebmaster\/"}]}},"_links":{"self":[{"href":"https:\/\/www.carmelitaniscalzi.com\/fr\/wp-json\/wp\/v2\/posts\/260505","targetHints":{"allow":["GET"]}}],"collection":[{"href":"https:\/\/www.carmelitaniscalzi.com\/fr\/wp-json\/wp\/v2\/posts"}],"about":[{"href":"https:\/\/www.carmelitaniscalzi.com\/fr\/wp-json\/wp\/v2\/types\/post"}],"author":[{"embeddable":true,"href":"https:\/\/www.carmelitaniscalzi.com\/fr\/wp-json\/wp\/v2\/users\/7"}],"replies":[{"embeddable":true,"href":"https:\/\/www.carmelitaniscalzi.com\/fr\/wp-json\/wp\/v2\/comments?post=260505"}],"version-history":[{"count":1,"href":"https:\/\/www.carmelitaniscalzi.com\/fr\/wp-json\/wp\/v2\/posts\/260505\/revisions"}],"predecessor-version":[{"id":260506,"href":"https:\/\/www.carmelitaniscalzi.com\/fr\/wp-json\/wp\/v2\/posts\/260505\/revisions\/260506"}],"wp:featuredmedia":[{"embeddable":true,"href":"https:\/\/www.carmelitaniscalzi.com\/fr\/wp-json\/wp\/v2\/media\/260221"}],"wp:attachment":[{"href":"https:\/\/www.carmelitaniscalzi.com\/fr\/wp-json\/wp\/v2\/media?parent=260505"}],"wp:term":[{"taxonomy":"category","embeddable":true,"href":"https:\/\/www.carmelitaniscalzi.com\/fr\/wp-json\/wp\/v2\/categories?post=260505"},{"taxonomy":"post_tag","embeddable":true,"href":"https:\/\/www.carmelitaniscalzi.com\/fr\/wp-json\/wp\/v2\/tags?post=260505"}],"curies":[{"name":"wp","href":"https:\/\/api.w.org\/{rel}","templated":true}]}}