{"id":242050,"date":"2023-05-25T01:49:31","date_gmt":"2023-05-24T23:49:31","guid":{"rendered":"https:\/\/www.carmelitaniscalzi.com\/?p=242050"},"modified":"2023-05-17T01:50:40","modified_gmt":"2023-05-16T23:50:40","slug":"burundi-approbation-des-statuts-des-amis-du-carmel","status":"publish","type":"post","link":"https:\/\/www.carmelitaniscalzi.com\/fr\/2023\/05\/25\/burundi-approbation-des-statuts-des-amis-du-carmel\/","title":{"rendered":"Burundi : Approbation des statuts des \u00ab Amis du Carmel \u00bb"},"content":{"rendered":"<p>Le dimanche 19 mars 2023 ont \u00e9t\u00e9 approuv\u00e9s pour cinq ans <em>Ad experimentum<\/em> les Statuts des \u00ab\u00a0Amis du Carmel\u00a0\u00bb surgis le 12 janvier 2017 aupr\u00e8s du Couvent des Carmes de Bujumbura, le jour de l\u2019inauguration de leur r\u00e9sidence actuelle.<\/p>\n<p>Parmi ces <em>Amis<\/em>, certains ont commenc\u00e9 \u00e0 fr\u00e9quenter le couvent d\u00e8s les premiers jours de son implantation \u00e0 Bujumbura, attir\u00e9s par la disponibilit\u00e9 pour le sacrement de la r\u00e9conciliation d\u2019abord, puis par la messe matinale dont l\u2019horaire s\u2019harmonise ais\u00e9ment avec les horaires du travail, et enfin par l\u2019adoration au Saint Sacrement tous les jours ouvrables du lundi au vendredi.<\/p>\n<p>De cette attention pastorale \u00e0 tous, ce groupe de fid\u00e8les s\u2019est progressivement trouv\u00e9 en amiti\u00e9 spontan\u00e9e avec les Carmes au point de partager de mani\u00e8re active la liturgie, y compris en animant par le chant et les lectures, particuli\u00e8rement les mardis et les jeudis. Puis, ils se montrent solidaires entre eux et avec les Carmes dans les circonstances de la vie, au point qu\u2019ils se reconnaissent dans les \u00ab\u00a0Amis dans le Christ\u00a0\u00bb dont parle Sainte Th\u00e9r\u00e8se de J\u00e9sus (cf. <em>Vie<\/em> 16, 7). Apr\u00e8s un parcours informel de six ans, ils ont \u00e9t\u00e9 encourag\u00e9s \u00e0 \u00e9laborer des statuts pour \u00eatre constitu\u00e9s en Association de fid\u00e8les. Le Provincial a charg\u00e9 le Vicaire r\u00e9gional d\u2019approuver ces statuts. Ils sont plac\u00e9s sous le co-patronage des Saints Joseph et Th\u00e9r\u00e8se de l\u2019Enfants J\u00e9sus de la Sainte Face. L\u2019agr\u00e9gation des dix-huit premiers a \u00e9t\u00e9 scell\u00e9e par un acte d\u2019engagement.<\/p>\n<p>&nbsp;<\/p>\n<div class=\"wpmf-gallerys wpmf-gallerys-life \" ><div id=\"gallery-1\"\n data-gutter-width=\"5\"\n  data-wpmfcolumns=\"4\" class=\"wpmf-gallery gallery-link-file gallery_life gallery-masonry gallery-columns-4 gallery-size-thumbnail wpmf-gallery-bottomspace-default wpmf-gallery-clear wpmf-has-border-radius-0 wpmf-gutterwidth-5\"><div class=\"wpmf-gallery-item\n     wpmf-gallery-item-position-0 wpmf-gallery-item-attachment-241887\" data-index=\"0\"><div class=\"wpmf-gallery-icon\"><a class=\" not_video noLightbox\" data-lightbox=\"1\" data-href=\"https:\/\/www.carmelitaniscalzi.com\/wp-content\/uploads\/2023\/05\/Burundi-1-712x1024.jpg\" title=\"Burundi 1\" target=\"_self\" data-index=\"0\"><img decoding=\"async\" class=\"wpmf_img\" alt=\"Burundi 1\" src=\"https:\/\/www.carmelitaniscalzi.com\/wp-content\/uploads\/2023\/05\/Burundi-1-150x150.jpg\" data-type=\"wpmfgalleryimg\" data-lazy-src=\"https:\/\/www.carmelitaniscalzi.com\/wp-content\/uploads\/2023\/05\/Burundi-1-150x150.jpg\"><\/a><\/div><\/div><div class=\"wpmf-gallery-item\n     wpmf-gallery-item-position-1 wpmf-gallery-item-attachment-241905\" data-index=\"1\"><div class=\"wpmf-gallery-icon\"><a class=\" not_video noLightbox\" data-lightbox=\"1\" data-href=\"https:\/\/www.carmelitaniscalzi.com\/wp-content\/uploads\/2023\/05\/Burundi-4-1024x576.jpg\" title=\"Burundi 4\" target=\"_self\" data-index=\"1\"><img decoding=\"async\" class=\"wpmf_img\" alt=\"Burundi 4\" src=\"https:\/\/www.carmelitaniscalzi.com\/wp-content\/uploads\/2023\/05\/Burundi-4-150x150.jpg\" data-type=\"wpmfgalleryimg\" data-lazy-src=\"https:\/\/www.carmelitaniscalzi.com\/wp-content\/uploads\/2023\/05\/Burundi-4-150x150.jpg\"><\/a><\/div><\/div><div class=\"wpmf-gallery-item\n     wpmf-gallery-item-position-2 wpmf-gallery-item-attachment-241899\" data-index=\"2\"><div class=\"wpmf-gallery-icon\"><a class=\" not_video noLightbox\" data-lightbox=\"1\" data-href=\"https:\/\/www.carmelitaniscalzi.com\/wp-content\/uploads\/2023\/05\/Burundi-3-1024x576.jpg\" title=\"Burundi 3\" target=\"_self\" data-index=\"2\"><img decoding=\"async\" class=\"wpmf_img\" alt=\"Burundi 3\" src=\"https:\/\/www.carmelitaniscalzi.com\/wp-content\/uploads\/2023\/05\/Burundi-3-150x150.jpg\" data-type=\"wpmfgalleryimg\" data-lazy-src=\"https:\/\/www.carmelitaniscalzi.com\/wp-content\/uploads\/2023\/05\/Burundi-3-150x150.jpg\"><\/a><\/div><\/div><div class=\"wpmf-gallery-item\n     wpmf-gallery-item-position-3 wpmf-gallery-item-attachment-241893\" data-index=\"3\"><div class=\"wpmf-gallery-icon\"><a class=\" not_video noLightbox\" data-lightbox=\"1\" data-href=\"https:\/\/www.carmelitaniscalzi.com\/wp-content\/uploads\/2023\/05\/Burundi-2-1024x587.jpg\" title=\"Burundi 2\" target=\"_self\" data-index=\"3\"><img decoding=\"async\" class=\"wpmf_img\" alt=\"Burundi 2\" src=\"https:\/\/www.carmelitaniscalzi.com\/wp-content\/uploads\/2023\/05\/Burundi-2-150x150.jpg\" data-type=\"wpmfgalleryimg\" data-lazy-src=\"https:\/\/www.carmelitaniscalzi.com\/wp-content\/uploads\/2023\/05\/Burundi-2-150x150.jpg\"><\/a><\/div><\/div><\/div><\/div>\n\n","protected":false},"excerpt":{"rendered":"<p>Le dimanche 19 mars 2023 ont \u00e9t\u00e9 approuv\u00e9s pour cinq ans Ad experimentum les Statuts des \u00ab\u00a0Amis du Carmel\u00a0\u00bb surgis le 12 janvier 2017 aupr\u00e8s du Couvent des Carmes de Bujumbura, le jour de l\u2019inauguration de leur r\u00e9sidence actuelle. Parmi ces Amis, certains ont commenc\u00e9 \u00e0 fr\u00e9quenter le couvent d\u00e8s les premiers jours de son [&hellip;]<\/p>\n","protected":false},"author":7,"featured_media":242012,"comment_status":"closed","ping_status":"open","sticky":false,"template":"","format":"standard","meta":{"_acf_changed":false,"footnotes":""},"categories":[201,370],"tags":[],"class_list":["post-242050","post","type-post","status-publish","format-standard","has-post-thumbnail","hentry","category-nouvelles-freres","category-nouvelles"],"acf":[],"yoast_head":"<!-- This site is optimized with the Yoast SEO plugin v26.3 - https:\/\/yoast.com\/wordpress\/plugins\/seo\/ -->\n<title>Burundi : Approbation des statuts des \u00ab Amis du Carmel \u00bb - CARMES D\u00c9CHAUX<\/title>\n<meta name=\"robots\" content=\"index, follow, max-snippet:-1, max-image-preview:large, max-video-preview:-1\" \/>\n<link rel=\"canonical\" href=\"https:\/\/www.carmelitaniscalzi.com\/fr\/2023\/05\/25\/burundi-approbation-des-statuts-des-amis-du-carmel\/\" \/>\n<meta property=\"og:locale\" content=\"fr_FR\" \/>\n<meta property=\"og:type\" content=\"article\" \/>\n<meta property=\"og:title\" content=\"Burundi : Approbation des statuts des \u00ab Amis du Carmel \u00bb - CARMES D\u00c9CHAUX\" \/>\n<meta property=\"og:description\" content=\"Le dimanche 19 mars 2023 ont \u00e9t\u00e9 approuv\u00e9s pour cinq ans Ad experimentum les Statuts des \u00ab\u00a0Amis du Carmel\u00a0\u00bb surgis le 12 janvier 2017 aupr\u00e8s du Couvent des Carmes de Bujumbura, le jour de l\u2019inauguration de leur r\u00e9sidence actuelle. Parmi ces Amis, certains ont commenc\u00e9 \u00e0 fr\u00e9quenter le couvent d\u00e8s les premiers jours de son [&hellip;]\" \/>\n<meta property=\"og:url\" content=\"https:\/\/www.carmelitaniscalzi.com\/fr\/2023\/05\/25\/burundi-approbation-des-statuts-des-amis-du-carmel\/\" \/>\n<meta property=\"og:site_name\" content=\"CARMES D\u00c9CHAUX\" \/>\n<meta property=\"article:publisher\" content=\"https:\/\/www.facebook.com\/Curia-Generalizia-Carmelitani-Scalzi-658766940887784\/\" \/>\n<meta property=\"article:published_time\" content=\"2023-05-24T23:49:31+00:00\" \/>\n<meta property=\"og:image\" content=\"https:\/\/www.carmelitaniscalzi.com\/wp-content\/uploads\/2023\/05\/cover_burundi_04.2023.jpg\" \/>\n\t<meta property=\"og:image:width\" content=\"1200\" \/>\n\t<meta property=\"og:image:height\" content=\"800\" \/>\n\t<meta property=\"og:image:type\" content=\"image\/jpeg\" \/>\n<meta name=\"author\" content=\"ocd web master\" \/>\n<meta name=\"twitter:card\" content=\"summary_large_image\" \/>\n<meta name=\"twitter:creator\" content=\"@ocdcuria\" \/>\n<meta name=\"twitter:site\" content=\"@ocdcuria\" \/>\n<meta name=\"twitter:label1\" content=\"\u00c9crit par\" \/>\n\t<meta name=\"twitter:data1\" content=\"ocd web master\" \/>\n\t<meta name=\"twitter:label2\" content=\"Dur\u00e9e de lecture estim\u00e9e\" \/>\n\t<meta name=\"twitter:data2\" content=\"1 minute\" \/>\n<script type=\"application\/ld+json\" class=\"yoast-schema-graph\">{\"@context\":\"https:\/\/schema.org\",\"@graph\":[{\"@type\":\"Article\",\"@id\":\"https:\/\/www.carmelitaniscalzi.com\/fr\/2023\/05\/25\/burundi-approbation-des-statuts-des-amis-du-carmel\/#article\",\"isPartOf\":{\"@id\":\"https:\/\/www.carmelitaniscalzi.com\/fr\/2023\/05\/25\/burundi-approbation-des-statuts-des-amis-du-carmel\/\"},\"author\":{\"name\":\"ocd web master\",\"@id\":\"https:\/\/www.carmelitaniscalzi.com\/#\/schema\/person\/6d1c0d9bea7b6625c437246a5d6da409\"},\"headline\":\"Burundi : Approbation des statuts des \u00ab Amis du Carmel \u00bb\",\"datePublished\":\"2023-05-24T23:49:31+00:00\",\"mainEntityOfPage\":{\"@id\":\"https:\/\/www.carmelitaniscalzi.com\/fr\/2023\/05\/25\/burundi-approbation-des-statuts-des-amis-du-carmel\/\"},\"wordCount\":287,\"publisher\":{\"@id\":\"https:\/\/www.carmelitaniscalzi.com\/#organization\"},\"image\":{\"@id\":\"https:\/\/www.carmelitaniscalzi.com\/fr\/2023\/05\/25\/burundi-approbation-des-statuts-des-amis-du-carmel\/#primaryimage\"},\"thumbnailUrl\":\"https:\/\/www.carmelitaniscalzi.com\/wp-content\/uploads\/2023\/05\/cover_burundi_04.2023.jpg\",\"articleSection\":[\"Nouvelles Fr\u00e8res\",\"Nouvelles\"],\"inLanguage\":\"fr-FR\"},{\"@type\":\"WebPage\",\"@id\":\"https:\/\/www.carmelitaniscalzi.com\/fr\/2023\/05\/25\/burundi-approbation-des-statuts-des-amis-du-carmel\/\",\"url\":\"https:\/\/www.carmelitaniscalzi.com\/fr\/2023\/05\/25\/burundi-approbation-des-statuts-des-amis-du-carmel\/\",\"name\":\"Burundi : Approbation des statuts des \u00ab Amis du Carmel \u00bb - CARMES D\u00c9CHAUX\",\"isPartOf\":{\"@id\":\"https:\/\/www.carmelitaniscalzi.com\/#website\"},\"primaryImageOfPage\":{\"@id\":\"https:\/\/www.carmelitaniscalzi.com\/fr\/2023\/05\/25\/burundi-approbation-des-statuts-des-amis-du-carmel\/#primaryimage\"},\"image\":{\"@id\":\"https:\/\/www.carmelitaniscalzi.com\/fr\/2023\/05\/25\/burundi-approbation-des-statuts-des-amis-du-carmel\/#primaryimage\"},\"thumbnailUrl\":\"https:\/\/www.carmelitaniscalzi.com\/wp-content\/uploads\/2023\/05\/cover_burundi_04.2023.jpg\",\"datePublished\":\"2023-05-24T23:49:31+00:00\",\"breadcrumb\":{\"@id\":\"https:\/\/www.carmelitaniscalzi.com\/fr\/2023\/05\/25\/burundi-approbation-des-statuts-des-amis-du-carmel\/#breadcrumb\"},\"inLanguage\":\"fr-FR\",\"potentialAction\":[{\"@type\":\"ReadAction\",\"target\":[\"https:\/\/www.carmelitaniscalzi.com\/fr\/2023\/05\/25\/burundi-approbation-des-statuts-des-amis-du-carmel\/\"]}]},{\"@type\":\"ImageObject\",\"inLanguage\":\"fr-FR\",\"@id\":\"https:\/\/www.carmelitaniscalzi.com\/fr\/2023\/05\/25\/burundi-approbation-des-statuts-des-amis-du-carmel\/#primaryimage\",\"url\":\"https:\/\/www.carmelitaniscalzi.com\/wp-content\/uploads\/2023\/05\/cover_burundi_04.2023.jpg\",\"contentUrl\":\"https:\/\/www.carmelitaniscalzi.com\/wp-content\/uploads\/2023\/05\/cover_burundi_04.2023.jpg\",\"width\":1200,\"height\":800},{\"@type\":\"BreadcrumbList\",\"@id\":\"https:\/\/www.carmelitaniscalzi.com\/fr\/2023\/05\/25\/burundi-approbation-des-statuts-des-amis-du-carmel\/#breadcrumb\",\"itemListElement\":[{\"@type\":\"ListItem\",\"position\":1,\"name\":\"Home\",\"item\":\"https:\/\/www.carmelitaniscalzi.com\/fr\/\"},{\"@type\":\"ListItem\",\"position\":2,\"name\":\"Burundi : Approbation des statuts des \u00ab Amis du Carmel \u00bb\"}]},{\"@type\":\"WebSite\",\"@id\":\"https:\/\/www.carmelitaniscalzi.com\/#website\",\"url\":\"https:\/\/www.carmelitaniscalzi.com\/\",\"name\":\"CARMELITANI SCALZI - Curia Generale del Carmelo Teresiano\",\"description\":\"Curie G\u00e9n\u00e9ralice du Carmel D\u00e9chauss\u00e9\",\"publisher\":{\"@id\":\"https:\/\/www.carmelitaniscalzi.com\/#organization\"},\"alternateName\":\"CARMELITANI SCALZI\",\"potentialAction\":[{\"@type\":\"SearchAction\",\"target\":{\"@type\":\"EntryPoint\",\"urlTemplate\":\"https:\/\/www.carmelitaniscalzi.com\/?s={search_term_string}\"},\"query-input\":{\"@type\":\"PropertyValueSpecification\",\"valueRequired\":true,\"valueName\":\"search_term_string\"}}],\"inLanguage\":\"fr-FR\"},{\"@type\":\"Organization\",\"@id\":\"https:\/\/www.carmelitaniscalzi.com\/#organization\",\"name\":\"CARMELITANI SCALZI - Curia Generale del Carmelo Teresiano\",\"url\":\"https:\/\/www.carmelitaniscalzi.com\/\",\"logo\":{\"@type\":\"ImageObject\",\"inLanguage\":\"fr-FR\",\"@id\":\"https:\/\/www.carmelitaniscalzi.com\/#\/schema\/logo\/image\/\",\"url\":\"https:\/\/www.carmelitaniscalzi.com\/wp-content\/uploads\/2025\/11\/login-logo.png\",\"contentUrl\":\"https:\/\/www.carmelitaniscalzi.com\/wp-content\/uploads\/2025\/11\/login-logo.png\",\"width\":256,\"height\":256,\"caption\":\"CARMELITANI SCALZI - Curia Generale del Carmelo Teresiano\"},\"image\":{\"@id\":\"https:\/\/www.carmelitaniscalzi.com\/#\/schema\/logo\/image\/\"},\"sameAs\":[\"https:\/\/www.facebook.com\/Curia-Generalizia-Carmelitani-Scalzi-658766940887784\/\",\"https:\/\/x.com\/ocdcuria\",\"https:\/\/www.youtube.com\/channel\/UC2J5ZL0ycOY0qBSTCLX_NGQ\/videos\",\"https:\/\/www.instagram.com\/ocdinform\/\"]},{\"@type\":\"Person\",\"@id\":\"https:\/\/www.carmelitaniscalzi.com\/#\/schema\/person\/6d1c0d9bea7b6625c437246a5d6da409\",\"name\":\"ocd web master\",\"image\":{\"@type\":\"ImageObject\",\"inLanguage\":\"fr-FR\",\"@id\":\"https:\/\/www.carmelitaniscalzi.com\/#\/schema\/person\/image\/\",\"url\":\"https:\/\/secure.gravatar.com\/avatar\/41fbc5f82bad909fbaf2984c43fa50d8519ac5853e25b454d022b6868f80d0e7?s=96&d=mm&r=g\",\"contentUrl\":\"https:\/\/secure.gravatar.com\/avatar\/41fbc5f82bad909fbaf2984c43fa50d8519ac5853e25b454d022b6868f80d0e7?s=96&d=mm&r=g\",\"caption\":\"ocd web master\"},\"url\":\"https:\/\/www.carmelitaniscalzi.com\/fr\/author\/ocdwebmaster\/\"}]}<\/script>\n<!-- \/ Yoast SEO plugin. -->","yoast_head_json":{"title":"Burundi : Approbation des statuts des \u00ab Amis du Carmel \u00bb - CARMES D\u00c9CHAUX","robots":{"index":"index","follow":"follow","max-snippet":"max-snippet:-1","max-image-preview":"max-image-preview:large","max-video-preview":"max-video-preview:-1"},"canonical":"https:\/\/www.carmelitaniscalzi.com\/fr\/2023\/05\/25\/burundi-approbation-des-statuts-des-amis-du-carmel\/","og_locale":"fr_FR","og_type":"article","og_title":"Burundi : Approbation des statuts des \u00ab Amis du Carmel \u00bb - CARMES D\u00c9CHAUX","og_description":"Le dimanche 19 mars 2023 ont \u00e9t\u00e9 approuv\u00e9s pour cinq ans Ad experimentum les Statuts des \u00ab\u00a0Amis du Carmel\u00a0\u00bb surgis le 12 janvier 2017 aupr\u00e8s du Couvent des Carmes de Bujumbura, le jour de l\u2019inauguration de leur r\u00e9sidence actuelle. Parmi ces Amis, certains ont commenc\u00e9 \u00e0 fr\u00e9quenter le couvent d\u00e8s les premiers jours de son [&hellip;]","og_url":"https:\/\/www.carmelitaniscalzi.com\/fr\/2023\/05\/25\/burundi-approbation-des-statuts-des-amis-du-carmel\/","og_site_name":"CARMES D\u00c9CHAUX","article_publisher":"https:\/\/www.facebook.com\/Curia-Generalizia-Carmelitani-Scalzi-658766940887784\/","article_published_time":"2023-05-24T23:49:31+00:00","og_image":[{"width":1200,"height":800,"url":"https:\/\/www.carmelitaniscalzi.com\/wp-content\/uploads\/2023\/05\/cover_burundi_04.2023.jpg","type":"image\/jpeg"}],"author":"ocd web master","twitter_card":"summary_large_image","twitter_creator":"@ocdcuria","twitter_site":"@ocdcuria","twitter_misc":{"\u00c9crit par":"ocd web master","Dur\u00e9e de lecture estim\u00e9e":"1 minute"},"schema":{"@context":"https:\/\/schema.org","@graph":[{"@type":"Article","@id":"https:\/\/www.carmelitaniscalzi.com\/fr\/2023\/05\/25\/burundi-approbation-des-statuts-des-amis-du-carmel\/#article","isPartOf":{"@id":"https:\/\/www.carmelitaniscalzi.com\/fr\/2023\/05\/25\/burundi-approbation-des-statuts-des-amis-du-carmel\/"},"author":{"name":"ocd web master","@id":"https:\/\/www.carmelitaniscalzi.com\/#\/schema\/person\/6d1c0d9bea7b6625c437246a5d6da409"},"headline":"Burundi : Approbation des statuts des \u00ab Amis du Carmel \u00bb","datePublished":"2023-05-24T23:49:31+00:00","mainEntityOfPage":{"@id":"https:\/\/www.carmelitaniscalzi.com\/fr\/2023\/05\/25\/burundi-approbation-des-statuts-des-amis-du-carmel\/"},"wordCount":287,"publisher":{"@id":"https:\/\/www.carmelitaniscalzi.com\/#organization"},"image":{"@id":"https:\/\/www.carmelitaniscalzi.com\/fr\/2023\/05\/25\/burundi-approbation-des-statuts-des-amis-du-carmel\/#primaryimage"},"thumbnailUrl":"https:\/\/www.carmelitaniscalzi.com\/wp-content\/uploads\/2023\/05\/cover_burundi_04.2023.jpg","articleSection":["Nouvelles Fr\u00e8res","Nouvelles"],"inLanguage":"fr-FR"},{"@type":"WebPage","@id":"https:\/\/www.carmelitaniscalzi.com\/fr\/2023\/05\/25\/burundi-approbation-des-statuts-des-amis-du-carmel\/","url":"https:\/\/www.carmelitaniscalzi.com\/fr\/2023\/05\/25\/burundi-approbation-des-statuts-des-amis-du-carmel\/","name":"Burundi : Approbation des statuts des \u00ab Amis du Carmel \u00bb - CARMES D\u00c9CHAUX","isPartOf":{"@id":"https:\/\/www.carmelitaniscalzi.com\/#website"},"primaryImageOfPage":{"@id":"https:\/\/www.carmelitaniscalzi.com\/fr\/2023\/05\/25\/burundi-approbation-des-statuts-des-amis-du-carmel\/#primaryimage"},"image":{"@id":"https:\/\/www.carmelitaniscalzi.com\/fr\/2023\/05\/25\/burundi-approbation-des-statuts-des-amis-du-carmel\/#primaryimage"},"thumbnailUrl":"https:\/\/www.carmelitaniscalzi.com\/wp-content\/uploads\/2023\/05\/cover_burundi_04.2023.jpg","datePublished":"2023-05-24T23:49:31+00:00","breadcrumb":{"@id":"https:\/\/www.carmelitaniscalzi.com\/fr\/2023\/05\/25\/burundi-approbation-des-statuts-des-amis-du-carmel\/#breadcrumb"},"inLanguage":"fr-FR","potentialAction":[{"@type":"ReadAction","target":["https:\/\/www.carmelitaniscalzi.com\/fr\/2023\/05\/25\/burundi-approbation-des-statuts-des-amis-du-carmel\/"]}]},{"@type":"ImageObject","inLanguage":"fr-FR","@id":"https:\/\/www.carmelitaniscalzi.com\/fr\/2023\/05\/25\/burundi-approbation-des-statuts-des-amis-du-carmel\/#primaryimage","url":"https:\/\/www.carmelitaniscalzi.com\/wp-content\/uploads\/2023\/05\/cover_burundi_04.2023.jpg","contentUrl":"https:\/\/www.carmelitaniscalzi.com\/wp-content\/uploads\/2023\/05\/cover_burundi_04.2023.jpg","width":1200,"height":800},{"@type":"BreadcrumbList","@id":"https:\/\/www.carmelitaniscalzi.com\/fr\/2023\/05\/25\/burundi-approbation-des-statuts-des-amis-du-carmel\/#breadcrumb","itemListElement":[{"@type":"ListItem","position":1,"name":"Home","item":"https:\/\/www.carmelitaniscalzi.com\/fr\/"},{"@type":"ListItem","position":2,"name":"Burundi : Approbation des statuts des \u00ab Amis du Carmel \u00bb"}]},{"@type":"WebSite","@id":"https:\/\/www.carmelitaniscalzi.com\/#website","url":"https:\/\/www.carmelitaniscalzi.com\/","name":"CARMELITANI SCALZI - Curia Generale del Carmelo Teresiano","description":"Curie G\u00e9n\u00e9ralice du Carmel D\u00e9chauss\u00e9","publisher":{"@id":"https:\/\/www.carmelitaniscalzi.com\/#organization"},"alternateName":"CARMELITANI SCALZI","potentialAction":[{"@type":"SearchAction","target":{"@type":"EntryPoint","urlTemplate":"https:\/\/www.carmelitaniscalzi.com\/?s={search_term_string}"},"query-input":{"@type":"PropertyValueSpecification","valueRequired":true,"valueName":"search_term_string"}}],"inLanguage":"fr-FR"},{"@type":"Organization","@id":"https:\/\/www.carmelitaniscalzi.com\/#organization","name":"CARMELITANI SCALZI - Curia Generale del Carmelo Teresiano","url":"https:\/\/www.carmelitaniscalzi.com\/","logo":{"@type":"ImageObject","inLanguage":"fr-FR","@id":"https:\/\/www.carmelitaniscalzi.com\/#\/schema\/logo\/image\/","url":"https:\/\/www.carmelitaniscalzi.com\/wp-content\/uploads\/2025\/11\/login-logo.png","contentUrl":"https:\/\/www.carmelitaniscalzi.com\/wp-content\/uploads\/2025\/11\/login-logo.png","width":256,"height":256,"caption":"CARMELITANI SCALZI - Curia Generale del Carmelo Teresiano"},"image":{"@id":"https:\/\/www.carmelitaniscalzi.com\/#\/schema\/logo\/image\/"},"sameAs":["https:\/\/www.facebook.com\/Curia-Generalizia-Carmelitani-Scalzi-658766940887784\/","https:\/\/x.com\/ocdcuria","https:\/\/www.youtube.com\/channel\/UC2J5ZL0ycOY0qBSTCLX_NGQ\/videos","https:\/\/www.instagram.com\/ocdinform\/"]},{"@type":"Person","@id":"https:\/\/www.carmelitaniscalzi.com\/#\/schema\/person\/6d1c0d9bea7b6625c437246a5d6da409","name":"ocd web master","image":{"@type":"ImageObject","inLanguage":"fr-FR","@id":"https:\/\/www.carmelitaniscalzi.com\/#\/schema\/person\/image\/","url":"https:\/\/secure.gravatar.com\/avatar\/41fbc5f82bad909fbaf2984c43fa50d8519ac5853e25b454d022b6868f80d0e7?s=96&d=mm&r=g","contentUrl":"https:\/\/secure.gravatar.com\/avatar\/41fbc5f82bad909fbaf2984c43fa50d8519ac5853e25b454d022b6868f80d0e7?s=96&d=mm&r=g","caption":"ocd web master"},"url":"https:\/\/www.carmelitaniscalzi.com\/fr\/author\/ocdwebmaster\/"}]}},"_links":{"self":[{"href":"https:\/\/www.carmelitaniscalzi.com\/fr\/wp-json\/wp\/v2\/posts\/242050","targetHints":{"allow":["GET"]}}],"collection":[{"href":"https:\/\/www.carmelitaniscalzi.com\/fr\/wp-json\/wp\/v2\/posts"}],"about":[{"href":"https:\/\/www.carmelitaniscalzi.com\/fr\/wp-json\/wp\/v2\/types\/post"}],"author":[{"embeddable":true,"href":"https:\/\/www.carmelitaniscalzi.com\/fr\/wp-json\/wp\/v2\/users\/7"}],"replies":[{"embeddable":true,"href":"https:\/\/www.carmelitaniscalzi.com\/fr\/wp-json\/wp\/v2\/comments?post=242050"}],"version-history":[{"count":1,"href":"https:\/\/www.carmelitaniscalzi.com\/fr\/wp-json\/wp\/v2\/posts\/242050\/revisions"}],"predecessor-version":[{"id":242051,"href":"https:\/\/www.carmelitaniscalzi.com\/fr\/wp-json\/wp\/v2\/posts\/242050\/revisions\/242051"}],"wp:featuredmedia":[{"embeddable":true,"href":"https:\/\/www.carmelitaniscalzi.com\/fr\/wp-json\/wp\/v2\/media\/242012"}],"wp:attachment":[{"href":"https:\/\/www.carmelitaniscalzi.com\/fr\/wp-json\/wp\/v2\/media?parent=242050"}],"wp:term":[{"taxonomy":"category","embeddable":true,"href":"https:\/\/www.carmelitaniscalzi.com\/fr\/wp-json\/wp\/v2\/categories?post=242050"},{"taxonomy":"post_tag","embeddable":true,"href":"https:\/\/www.carmelitaniscalzi.com\/fr\/wp-json\/wp\/v2\/tags?post=242050"}],"curies":[{"name":"wp","href":"https:\/\/api.w.org\/{rel}","templated":true}]}}