{"id":21451,"date":"2018-07-30T13:56:22","date_gmt":"2018-07-30T11:56:22","guid":{"rendered":"https:\/\/www.carmelitaniscalzi.com\/fr\/?p=21451"},"modified":"2018-07-30T13:56:22","modified_gmt":"2018-07-30T11:56:22","slug":"le-cardinal-braz-de-aviz-rend-visite-aux-carmelites-dechaussees-de-bologne","status":"publish","type":"post","link":"https:\/\/www.carmelitaniscalzi.com\/fr\/2018\/07\/30\/le-cardinal-braz-de-aviz-rend-visite-aux-carmelites-dechaussees-de-bologne\/","title":{"rendered":"Le Cardinal Braz de Aviz rend visite aux Carm\u00e9lites D\u00e9chauss\u00e9es de Bologne"},"content":{"rendered":"<p>Le 10 juin dernier, nos s\u0153urs de Bologne ont re\u00e7u la visite fraternelle du Cardinal Pr\u00e9fet de la CIVCSVA, Mgr. Jo\u00e3o Braz de Aviz, qui se rendait dans la localit\u00e9 voisine de Pontecchio Marconi, afin de participer \u00e0 une journ\u00e9e du Chapitre G\u00e9n\u00e9ral des Missionnaires de l\u2019Immacul\u00e9e du P\u00e8re Kolbe.<\/p>\n<p>Au cours de sa courte visite, le Cardinal Braz de Aviz, en plus de prier avec les s\u0153urs, a pu dialoguer spontan\u00e9ment avec elles, abordant quelques th\u00e8mes se rapportant \u00e0 la vie concr\u00e8te des moniales, son t\u00e9moignage simple et joyeux, et leur a demand\u00e9 de continuer \u00e0 cultiver, l\u2019esprit de communion entre elles et avec l\u2019\u00c9glise. De m\u00eame, nos s\u0153urs ont pu partager avec lui quelques premi\u00e8res impressions sur l\u2019instruction Cor<em> Orans <\/em>consacr\u00e9e \u00e0 la vie contemplative.<\/p>\n<p>Dans la version en italien de la page web on peut trouver une chronique plus d\u00e9taill\u00e9e de la rencontre.<\/p>\n<p><img loading=\"lazy\" decoding=\"async\" class=\"alignnone size-medium wp-image-21447\" src=\"https:\/\/www.carmelitaniscalzi.com\/wp-content\/uploads\/2018\/07\/03-2-300x225.jpg\" alt=\"\" width=\"300\" height=\"225\" srcset=\"https:\/\/www.carmelitaniscalzi.com\/wp-content\/uploads\/2018\/07\/03-2-300x225.jpg 300w, https:\/\/www.carmelitaniscalzi.com\/wp-content\/uploads\/2018\/07\/03-2-73x55.jpg 73w, https:\/\/www.carmelitaniscalzi.com\/wp-content\/uploads\/2018\/07\/03-2-580x435.jpg 580w, https:\/\/www.carmelitaniscalzi.com\/wp-content\/uploads\/2018\/07\/03-2.jpg 640w\" sizes=\"auto, (max-width: 300px) 100vw, 300px\" \/> <img loading=\"lazy\" decoding=\"async\" class=\"alignnone size-medium wp-image-21446\" src=\"https:\/\/www.carmelitaniscalzi.com\/wp-content\/uploads\/2018\/07\/02-3-225x300.jpg\" alt=\"\" width=\"225\" height=\"300\" srcset=\"https:\/\/www.carmelitaniscalzi.com\/wp-content\/uploads\/2018\/07\/02-3-225x300.jpg 225w, https:\/\/www.carmelitaniscalzi.com\/wp-content\/uploads\/2018\/07\/02-3-41x55.jpg 41w, https:\/\/www.carmelitaniscalzi.com\/wp-content\/uploads\/2018\/07\/02-3.jpg 480w\" sizes=\"auto, (max-width: 225px) 100vw, 225px\" \/> <img loading=\"lazy\" decoding=\"async\" class=\"alignnone size-medium wp-image-21445\" src=\"https:\/\/www.carmelitaniscalzi.com\/wp-content\/uploads\/2018\/07\/01-4-300x225.jpg\" alt=\"\" width=\"300\" height=\"225\" srcset=\"https:\/\/www.carmelitaniscalzi.com\/wp-content\/uploads\/2018\/07\/01-4-300x225.jpg 300w, https:\/\/www.carmelitaniscalzi.com\/wp-content\/uploads\/2018\/07\/01-4-73x55.jpg 73w, https:\/\/www.carmelitaniscalzi.com\/wp-content\/uploads\/2018\/07\/01-4-580x435.jpg 580w, https:\/\/www.carmelitaniscalzi.com\/wp-content\/uploads\/2018\/07\/01-4.jpg 640w\" sizes=\"auto, (max-width: 300px) 100vw, 300px\" \/><\/p>\n<p>&nbsp;<\/p>\n","protected":false},"excerpt":{"rendered":"<p>Le 10 juin dernier, nos s\u0153urs de Bologne ont re\u00e7u la visite fraternelle du Cardinal Pr\u00e9fet de la CIVCSVA, Mgr. Jo\u00e3o Braz de Aviz, qui se rendait dans la localit\u00e9 voisine de Pontecchio Marconi, afin de participer \u00e0 une journ\u00e9e du Chapitre G\u00e9n\u00e9ral des Missionnaires de l\u2019Immacul\u00e9e du P\u00e8re Kolbe. Au cours de sa courte [&hellip;]<\/p>\n","protected":false},"author":7,"featured_media":21444,"comment_status":"closed","ping_status":"closed","sticky":false,"template":"","format":"standard","meta":{"_acf_changed":false,"footnotes":""},"categories":[203,370],"tags":[],"class_list":["post-21451","post","type-post","status-publish","format-standard","has-post-thumbnail","hentry","category-nouvelles-moniales","category-nouvelles"],"acf":[],"yoast_head":"<!-- This site is optimized with the Yoast SEO plugin v26.3 - https:\/\/yoast.com\/wordpress\/plugins\/seo\/ -->\n<title>Le Cardinal Braz de Aviz rend visite aux Carm\u00e9lites D\u00e9chauss\u00e9es de Bologne - CARMES D\u00c9CHAUX<\/title>\n<meta name=\"robots\" content=\"index, follow, max-snippet:-1, max-image-preview:large, max-video-preview:-1\" \/>\n<link rel=\"canonical\" href=\"https:\/\/www.carmelitaniscalzi.com\/fr\/2018\/07\/30\/le-cardinal-braz-de-aviz-rend-visite-aux-carmelites-dechaussees-de-bologne\/\" \/>\n<meta property=\"og:locale\" content=\"fr_FR\" \/>\n<meta property=\"og:type\" content=\"article\" \/>\n<meta property=\"og:title\" content=\"Le Cardinal Braz de Aviz rend visite aux Carm\u00e9lites D\u00e9chauss\u00e9es de Bologne - CARMES D\u00c9CHAUX\" \/>\n<meta property=\"og:description\" content=\"Le 10 juin dernier, nos s\u0153urs de Bologne ont re\u00e7u la visite fraternelle du Cardinal Pr\u00e9fet de la CIVCSVA, Mgr. Jo\u00e3o Braz de Aviz, qui se rendait dans la localit\u00e9 voisine de Pontecchio Marconi, afin de participer \u00e0 une journ\u00e9e du Chapitre G\u00e9n\u00e9ral des Missionnaires de l\u2019Immacul\u00e9e du P\u00e8re Kolbe. Au cours de sa courte [&hellip;]\" \/>\n<meta property=\"og:url\" content=\"https:\/\/www.carmelitaniscalzi.com\/fr\/2018\/07\/30\/le-cardinal-braz-de-aviz-rend-visite-aux-carmelites-dechaussees-de-bologne\/\" \/>\n<meta property=\"og:site_name\" content=\"CARMES D\u00c9CHAUX\" \/>\n<meta property=\"article:publisher\" content=\"https:\/\/www.facebook.com\/Curia-Generalizia-Carmelitani-Scalzi-658766940887784\/\" \/>\n<meta property=\"article:published_time\" content=\"2018-07-30T11:56:22+00:00\" \/>\n<meta property=\"og:image\" content=\"https:\/\/www.carmelitaniscalzi.com\/wp-content\/uploads\/2018\/07\/00-4.jpg\" \/>\n\t<meta property=\"og:image:width\" content=\"640\" \/>\n\t<meta property=\"og:image:height\" content=\"480\" \/>\n\t<meta property=\"og:image:type\" content=\"image\/jpeg\" \/>\n<meta name=\"author\" content=\"ocd web master\" \/>\n<meta name=\"twitter:card\" content=\"summary_large_image\" \/>\n<meta name=\"twitter:creator\" content=\"@ocdcuria\" \/>\n<meta name=\"twitter:site\" content=\"@ocdcuria\" \/>\n<meta name=\"twitter:label1\" content=\"\u00c9crit par\" \/>\n\t<meta name=\"twitter:data1\" content=\"ocd web master\" \/>\n\t<meta name=\"twitter:label2\" content=\"Dur\u00e9e de lecture estim\u00e9e\" \/>\n\t<meta name=\"twitter:data2\" content=\"1 minute\" \/>\n<script type=\"application\/ld+json\" class=\"yoast-schema-graph\">{\"@context\":\"https:\/\/schema.org\",\"@graph\":[{\"@type\":\"Article\",\"@id\":\"https:\/\/www.carmelitaniscalzi.com\/fr\/2018\/07\/30\/le-cardinal-braz-de-aviz-rend-visite-aux-carmelites-dechaussees-de-bologne\/#article\",\"isPartOf\":{\"@id\":\"https:\/\/www.carmelitaniscalzi.com\/fr\/2018\/07\/30\/le-cardinal-braz-de-aviz-rend-visite-aux-carmelites-dechaussees-de-bologne\/\"},\"author\":{\"name\":\"ocd web master\",\"@id\":\"https:\/\/www.carmelitaniscalzi.com\/#\/schema\/person\/6d1c0d9bea7b6625c437246a5d6da409\"},\"headline\":\"Le Cardinal Braz de Aviz rend visite aux Carm\u00e9lites D\u00e9chauss\u00e9es de Bologne\",\"datePublished\":\"2018-07-30T11:56:22+00:00\",\"mainEntityOfPage\":{\"@id\":\"https:\/\/www.carmelitaniscalzi.com\/fr\/2018\/07\/30\/le-cardinal-braz-de-aviz-rend-visite-aux-carmelites-dechaussees-de-bologne\/\"},\"wordCount\":181,\"publisher\":{\"@id\":\"https:\/\/www.carmelitaniscalzi.com\/#organization\"},\"image\":{\"@id\":\"https:\/\/www.carmelitaniscalzi.com\/fr\/2018\/07\/30\/le-cardinal-braz-de-aviz-rend-visite-aux-carmelites-dechaussees-de-bologne\/#primaryimage\"},\"thumbnailUrl\":\"https:\/\/www.carmelitaniscalzi.com\/wp-content\/uploads\/2018\/07\/00-4.jpg\",\"articleSection\":[\"Nouvelles Moniales\",\"Nouvelles\"],\"inLanguage\":\"fr-FR\"},{\"@type\":\"WebPage\",\"@id\":\"https:\/\/www.carmelitaniscalzi.com\/fr\/2018\/07\/30\/le-cardinal-braz-de-aviz-rend-visite-aux-carmelites-dechaussees-de-bologne\/\",\"url\":\"https:\/\/www.carmelitaniscalzi.com\/fr\/2018\/07\/30\/le-cardinal-braz-de-aviz-rend-visite-aux-carmelites-dechaussees-de-bologne\/\",\"name\":\"Le Cardinal Braz de Aviz rend visite aux Carm\u00e9lites D\u00e9chauss\u00e9es de Bologne - CARMES D\u00c9CHAUX\",\"isPartOf\":{\"@id\":\"https:\/\/www.carmelitaniscalzi.com\/#website\"},\"primaryImageOfPage\":{\"@id\":\"https:\/\/www.carmelitaniscalzi.com\/fr\/2018\/07\/30\/le-cardinal-braz-de-aviz-rend-visite-aux-carmelites-dechaussees-de-bologne\/#primaryimage\"},\"image\":{\"@id\":\"https:\/\/www.carmelitaniscalzi.com\/fr\/2018\/07\/30\/le-cardinal-braz-de-aviz-rend-visite-aux-carmelites-dechaussees-de-bologne\/#primaryimage\"},\"thumbnailUrl\":\"https:\/\/www.carmelitaniscalzi.com\/wp-content\/uploads\/2018\/07\/00-4.jpg\",\"datePublished\":\"2018-07-30T11:56:22+00:00\",\"breadcrumb\":{\"@id\":\"https:\/\/www.carmelitaniscalzi.com\/fr\/2018\/07\/30\/le-cardinal-braz-de-aviz-rend-visite-aux-carmelites-dechaussees-de-bologne\/#breadcrumb\"},\"inLanguage\":\"fr-FR\",\"potentialAction\":[{\"@type\":\"ReadAction\",\"target\":[\"https:\/\/www.carmelitaniscalzi.com\/fr\/2018\/07\/30\/le-cardinal-braz-de-aviz-rend-visite-aux-carmelites-dechaussees-de-bologne\/\"]}]},{\"@type\":\"ImageObject\",\"inLanguage\":\"fr-FR\",\"@id\":\"https:\/\/www.carmelitaniscalzi.com\/fr\/2018\/07\/30\/le-cardinal-braz-de-aviz-rend-visite-aux-carmelites-dechaussees-de-bologne\/#primaryimage\",\"url\":\"https:\/\/www.carmelitaniscalzi.com\/wp-content\/uploads\/2018\/07\/00-4.jpg\",\"contentUrl\":\"https:\/\/www.carmelitaniscalzi.com\/wp-content\/uploads\/2018\/07\/00-4.jpg\",\"width\":640,\"height\":480},{\"@type\":\"BreadcrumbList\",\"@id\":\"https:\/\/www.carmelitaniscalzi.com\/fr\/2018\/07\/30\/le-cardinal-braz-de-aviz-rend-visite-aux-carmelites-dechaussees-de-bologne\/#breadcrumb\",\"itemListElement\":[{\"@type\":\"ListItem\",\"position\":1,\"name\":\"Home\",\"item\":\"https:\/\/www.carmelitaniscalzi.com\/fr\/\"},{\"@type\":\"ListItem\",\"position\":2,\"name\":\"Le Cardinal Braz de Aviz rend visite aux Carm\u00e9lites D\u00e9chauss\u00e9es de Bologne\"}]},{\"@type\":\"WebSite\",\"@id\":\"https:\/\/www.carmelitaniscalzi.com\/#website\",\"url\":\"https:\/\/www.carmelitaniscalzi.com\/\",\"name\":\"CARMELITANI SCALZI - Curia Generale del Carmelo Teresiano\",\"description\":\"Curie G\u00e9n\u00e9ralice du Carmel D\u00e9chauss\u00e9\",\"publisher\":{\"@id\":\"https:\/\/www.carmelitaniscalzi.com\/#organization\"},\"alternateName\":\"CARMELITANI SCALZI\",\"potentialAction\":[{\"@type\":\"SearchAction\",\"target\":{\"@type\":\"EntryPoint\",\"urlTemplate\":\"https:\/\/www.carmelitaniscalzi.com\/?s={search_term_string}\"},\"query-input\":{\"@type\":\"PropertyValueSpecification\",\"valueRequired\":true,\"valueName\":\"search_term_string\"}}],\"inLanguage\":\"fr-FR\"},{\"@type\":\"Organization\",\"@id\":\"https:\/\/www.carmelitaniscalzi.com\/#organization\",\"name\":\"CARMELITANI SCALZI - Curia Generale del Carmelo Teresiano\",\"url\":\"https:\/\/www.carmelitaniscalzi.com\/\",\"logo\":{\"@type\":\"ImageObject\",\"inLanguage\":\"fr-FR\",\"@id\":\"https:\/\/www.carmelitaniscalzi.com\/#\/schema\/logo\/image\/\",\"url\":\"https:\/\/www.carmelitaniscalzi.com\/wp-content\/uploads\/2025\/11\/login-logo.png\",\"contentUrl\":\"https:\/\/www.carmelitaniscalzi.com\/wp-content\/uploads\/2025\/11\/login-logo.png\",\"width\":256,\"height\":256,\"caption\":\"CARMELITANI SCALZI - Curia Generale del Carmelo Teresiano\"},\"image\":{\"@id\":\"https:\/\/www.carmelitaniscalzi.com\/#\/schema\/logo\/image\/\"},\"sameAs\":[\"https:\/\/www.facebook.com\/Curia-Generalizia-Carmelitani-Scalzi-658766940887784\/\",\"https:\/\/x.com\/ocdcuria\",\"https:\/\/www.youtube.com\/channel\/UC2J5ZL0ycOY0qBSTCLX_NGQ\/videos\",\"https:\/\/www.instagram.com\/ocdinform\/\"]},{\"@type\":\"Person\",\"@id\":\"https:\/\/www.carmelitaniscalzi.com\/#\/schema\/person\/6d1c0d9bea7b6625c437246a5d6da409\",\"name\":\"ocd web master\",\"image\":{\"@type\":\"ImageObject\",\"inLanguage\":\"fr-FR\",\"@id\":\"https:\/\/www.carmelitaniscalzi.com\/#\/schema\/person\/image\/\",\"url\":\"https:\/\/secure.gravatar.com\/avatar\/41fbc5f82bad909fbaf2984c43fa50d8519ac5853e25b454d022b6868f80d0e7?s=96&d=mm&r=g\",\"contentUrl\":\"https:\/\/secure.gravatar.com\/avatar\/41fbc5f82bad909fbaf2984c43fa50d8519ac5853e25b454d022b6868f80d0e7?s=96&d=mm&r=g\",\"caption\":\"ocd web master\"},\"url\":\"https:\/\/www.carmelitaniscalzi.com\/fr\/author\/ocdwebmaster\/\"}]}<\/script>\n<!-- \/ Yoast SEO plugin. -->","yoast_head_json":{"title":"Le Cardinal Braz de Aviz rend visite aux Carm\u00e9lites D\u00e9chauss\u00e9es de Bologne - CARMES D\u00c9CHAUX","robots":{"index":"index","follow":"follow","max-snippet":"max-snippet:-1","max-image-preview":"max-image-preview:large","max-video-preview":"max-video-preview:-1"},"canonical":"https:\/\/www.carmelitaniscalzi.com\/fr\/2018\/07\/30\/le-cardinal-braz-de-aviz-rend-visite-aux-carmelites-dechaussees-de-bologne\/","og_locale":"fr_FR","og_type":"article","og_title":"Le Cardinal Braz de Aviz rend visite aux Carm\u00e9lites D\u00e9chauss\u00e9es de Bologne - CARMES D\u00c9CHAUX","og_description":"Le 10 juin dernier, nos s\u0153urs de Bologne ont re\u00e7u la visite fraternelle du Cardinal Pr\u00e9fet de la CIVCSVA, Mgr. Jo\u00e3o Braz de Aviz, qui se rendait dans la localit\u00e9 voisine de Pontecchio Marconi, afin de participer \u00e0 une journ\u00e9e du Chapitre G\u00e9n\u00e9ral des Missionnaires de l\u2019Immacul\u00e9e du P\u00e8re Kolbe. Au cours de sa courte [&hellip;]","og_url":"https:\/\/www.carmelitaniscalzi.com\/fr\/2018\/07\/30\/le-cardinal-braz-de-aviz-rend-visite-aux-carmelites-dechaussees-de-bologne\/","og_site_name":"CARMES D\u00c9CHAUX","article_publisher":"https:\/\/www.facebook.com\/Curia-Generalizia-Carmelitani-Scalzi-658766940887784\/","article_published_time":"2018-07-30T11:56:22+00:00","og_image":[{"width":640,"height":480,"url":"https:\/\/www.carmelitaniscalzi.com\/wp-content\/uploads\/2018\/07\/00-4.jpg","type":"image\/jpeg"}],"author":"ocd web master","twitter_card":"summary_large_image","twitter_creator":"@ocdcuria","twitter_site":"@ocdcuria","twitter_misc":{"\u00c9crit par":"ocd web master","Dur\u00e9e de lecture estim\u00e9e":"1 minute"},"schema":{"@context":"https:\/\/schema.org","@graph":[{"@type":"Article","@id":"https:\/\/www.carmelitaniscalzi.com\/fr\/2018\/07\/30\/le-cardinal-braz-de-aviz-rend-visite-aux-carmelites-dechaussees-de-bologne\/#article","isPartOf":{"@id":"https:\/\/www.carmelitaniscalzi.com\/fr\/2018\/07\/30\/le-cardinal-braz-de-aviz-rend-visite-aux-carmelites-dechaussees-de-bologne\/"},"author":{"name":"ocd web master","@id":"https:\/\/www.carmelitaniscalzi.com\/#\/schema\/person\/6d1c0d9bea7b6625c437246a5d6da409"},"headline":"Le Cardinal Braz de Aviz rend visite aux Carm\u00e9lites D\u00e9chauss\u00e9es de Bologne","datePublished":"2018-07-30T11:56:22+00:00","mainEntityOfPage":{"@id":"https:\/\/www.carmelitaniscalzi.com\/fr\/2018\/07\/30\/le-cardinal-braz-de-aviz-rend-visite-aux-carmelites-dechaussees-de-bologne\/"},"wordCount":181,"publisher":{"@id":"https:\/\/www.carmelitaniscalzi.com\/#organization"},"image":{"@id":"https:\/\/www.carmelitaniscalzi.com\/fr\/2018\/07\/30\/le-cardinal-braz-de-aviz-rend-visite-aux-carmelites-dechaussees-de-bologne\/#primaryimage"},"thumbnailUrl":"https:\/\/www.carmelitaniscalzi.com\/wp-content\/uploads\/2018\/07\/00-4.jpg","articleSection":["Nouvelles Moniales","Nouvelles"],"inLanguage":"fr-FR"},{"@type":"WebPage","@id":"https:\/\/www.carmelitaniscalzi.com\/fr\/2018\/07\/30\/le-cardinal-braz-de-aviz-rend-visite-aux-carmelites-dechaussees-de-bologne\/","url":"https:\/\/www.carmelitaniscalzi.com\/fr\/2018\/07\/30\/le-cardinal-braz-de-aviz-rend-visite-aux-carmelites-dechaussees-de-bologne\/","name":"Le Cardinal Braz de Aviz rend visite aux Carm\u00e9lites D\u00e9chauss\u00e9es de Bologne - CARMES D\u00c9CHAUX","isPartOf":{"@id":"https:\/\/www.carmelitaniscalzi.com\/#website"},"primaryImageOfPage":{"@id":"https:\/\/www.carmelitaniscalzi.com\/fr\/2018\/07\/30\/le-cardinal-braz-de-aviz-rend-visite-aux-carmelites-dechaussees-de-bologne\/#primaryimage"},"image":{"@id":"https:\/\/www.carmelitaniscalzi.com\/fr\/2018\/07\/30\/le-cardinal-braz-de-aviz-rend-visite-aux-carmelites-dechaussees-de-bologne\/#primaryimage"},"thumbnailUrl":"https:\/\/www.carmelitaniscalzi.com\/wp-content\/uploads\/2018\/07\/00-4.jpg","datePublished":"2018-07-30T11:56:22+00:00","breadcrumb":{"@id":"https:\/\/www.carmelitaniscalzi.com\/fr\/2018\/07\/30\/le-cardinal-braz-de-aviz-rend-visite-aux-carmelites-dechaussees-de-bologne\/#breadcrumb"},"inLanguage":"fr-FR","potentialAction":[{"@type":"ReadAction","target":["https:\/\/www.carmelitaniscalzi.com\/fr\/2018\/07\/30\/le-cardinal-braz-de-aviz-rend-visite-aux-carmelites-dechaussees-de-bologne\/"]}]},{"@type":"ImageObject","inLanguage":"fr-FR","@id":"https:\/\/www.carmelitaniscalzi.com\/fr\/2018\/07\/30\/le-cardinal-braz-de-aviz-rend-visite-aux-carmelites-dechaussees-de-bologne\/#primaryimage","url":"https:\/\/www.carmelitaniscalzi.com\/wp-content\/uploads\/2018\/07\/00-4.jpg","contentUrl":"https:\/\/www.carmelitaniscalzi.com\/wp-content\/uploads\/2018\/07\/00-4.jpg","width":640,"height":480},{"@type":"BreadcrumbList","@id":"https:\/\/www.carmelitaniscalzi.com\/fr\/2018\/07\/30\/le-cardinal-braz-de-aviz-rend-visite-aux-carmelites-dechaussees-de-bologne\/#breadcrumb","itemListElement":[{"@type":"ListItem","position":1,"name":"Home","item":"https:\/\/www.carmelitaniscalzi.com\/fr\/"},{"@type":"ListItem","position":2,"name":"Le Cardinal Braz de Aviz rend visite aux Carm\u00e9lites D\u00e9chauss\u00e9es de Bologne"}]},{"@type":"WebSite","@id":"https:\/\/www.carmelitaniscalzi.com\/#website","url":"https:\/\/www.carmelitaniscalzi.com\/","name":"CARMELITANI SCALZI - Curia Generale del Carmelo Teresiano","description":"Curie G\u00e9n\u00e9ralice du Carmel D\u00e9chauss\u00e9","publisher":{"@id":"https:\/\/www.carmelitaniscalzi.com\/#organization"},"alternateName":"CARMELITANI SCALZI","potentialAction":[{"@type":"SearchAction","target":{"@type":"EntryPoint","urlTemplate":"https:\/\/www.carmelitaniscalzi.com\/?s={search_term_string}"},"query-input":{"@type":"PropertyValueSpecification","valueRequired":true,"valueName":"search_term_string"}}],"inLanguage":"fr-FR"},{"@type":"Organization","@id":"https:\/\/www.carmelitaniscalzi.com\/#organization","name":"CARMELITANI SCALZI - Curia Generale del Carmelo Teresiano","url":"https:\/\/www.carmelitaniscalzi.com\/","logo":{"@type":"ImageObject","inLanguage":"fr-FR","@id":"https:\/\/www.carmelitaniscalzi.com\/#\/schema\/logo\/image\/","url":"https:\/\/www.carmelitaniscalzi.com\/wp-content\/uploads\/2025\/11\/login-logo.png","contentUrl":"https:\/\/www.carmelitaniscalzi.com\/wp-content\/uploads\/2025\/11\/login-logo.png","width":256,"height":256,"caption":"CARMELITANI SCALZI - Curia Generale del Carmelo Teresiano"},"image":{"@id":"https:\/\/www.carmelitaniscalzi.com\/#\/schema\/logo\/image\/"},"sameAs":["https:\/\/www.facebook.com\/Curia-Generalizia-Carmelitani-Scalzi-658766940887784\/","https:\/\/x.com\/ocdcuria","https:\/\/www.youtube.com\/channel\/UC2J5ZL0ycOY0qBSTCLX_NGQ\/videos","https:\/\/www.instagram.com\/ocdinform\/"]},{"@type":"Person","@id":"https:\/\/www.carmelitaniscalzi.com\/#\/schema\/person\/6d1c0d9bea7b6625c437246a5d6da409","name":"ocd web master","image":{"@type":"ImageObject","inLanguage":"fr-FR","@id":"https:\/\/www.carmelitaniscalzi.com\/#\/schema\/person\/image\/","url":"https:\/\/secure.gravatar.com\/avatar\/41fbc5f82bad909fbaf2984c43fa50d8519ac5853e25b454d022b6868f80d0e7?s=96&d=mm&r=g","contentUrl":"https:\/\/secure.gravatar.com\/avatar\/41fbc5f82bad909fbaf2984c43fa50d8519ac5853e25b454d022b6868f80d0e7?s=96&d=mm&r=g","caption":"ocd web master"},"url":"https:\/\/www.carmelitaniscalzi.com\/fr\/author\/ocdwebmaster\/"}]}},"_links":{"self":[{"href":"https:\/\/www.carmelitaniscalzi.com\/fr\/wp-json\/wp\/v2\/posts\/21451","targetHints":{"allow":["GET"]}}],"collection":[{"href":"https:\/\/www.carmelitaniscalzi.com\/fr\/wp-json\/wp\/v2\/posts"}],"about":[{"href":"https:\/\/www.carmelitaniscalzi.com\/fr\/wp-json\/wp\/v2\/types\/post"}],"author":[{"embeddable":true,"href":"https:\/\/www.carmelitaniscalzi.com\/fr\/wp-json\/wp\/v2\/users\/7"}],"replies":[{"embeddable":true,"href":"https:\/\/www.carmelitaniscalzi.com\/fr\/wp-json\/wp\/v2\/comments?post=21451"}],"version-history":[{"count":0,"href":"https:\/\/www.carmelitaniscalzi.com\/fr\/wp-json\/wp\/v2\/posts\/21451\/revisions"}],"wp:featuredmedia":[{"embeddable":true,"href":"https:\/\/www.carmelitaniscalzi.com\/fr\/wp-json\/wp\/v2\/media\/21444"}],"wp:attachment":[{"href":"https:\/\/www.carmelitaniscalzi.com\/fr\/wp-json\/wp\/v2\/media?parent=21451"}],"wp:term":[{"taxonomy":"category","embeddable":true,"href":"https:\/\/www.carmelitaniscalzi.com\/fr\/wp-json\/wp\/v2\/categories?post=21451"},{"taxonomy":"post_tag","embeddable":true,"href":"https:\/\/www.carmelitaniscalzi.com\/fr\/wp-json\/wp\/v2\/tags?post=21451"}],"curies":[{"name":"wp","href":"https:\/\/api.w.org\/{rel}","templated":true}]}}