{"id":205713,"date":"2023-01-10T02:00:53","date_gmt":"2023-01-10T01:00:53","guid":{"rendered":"https:\/\/www.carmelitaniscalzi.com\/?p=205713"},"modified":"2023-01-16T02:52:11","modified_gmt":"2023-01-16T01:52:11","slug":"italie-locds-de-la-province-de-venise-rencontre-le-pere-general","status":"publish","type":"post","link":"https:\/\/www.carmelitaniscalzi.com\/fr\/2023\/01\/10\/italie-locds-de-la-province-de-venise-rencontre-le-pere-general\/","title":{"rendered":"Italie : L&rsquo;OCDS de la Province de Venise rencontre le P\u00e8re G\u00e9n\u00e9ral"},"content":{"rendered":"<p>Samedi 3 d\u00e9cembre, au Couvent des P\u00e8res Carmes de V\u00e9rone, les Communaut\u00e9s OCDS de la Province de Venise ont v\u00e9cu un apr\u00e8s-midi de joie et de fraternit\u00e9 avec le P\u00e8re G\u00e9n\u00e9ral, le P. Miguel M\u00e1rquez Calle, le P. Roberto Maria Pirastu, D\u00e9finiteur G\u00e9n\u00e9ral, le P. Fabio Silvestri, Provincial de Venise, et le P. Aldo Formentin, D\u00e9l\u00e9gu\u00e9 Provincial pour l&rsquo;OCDS.<\/p>\n<p>La Pr\u00e9sidente Provinciale a pr\u00e9sent\u00e9 la situation de la Province, soulignant les inqui\u00e9tudes mais aussi les signes de confiance dans l&rsquo;avenir. Puis, le Pr\u00e9sident de la Coordination interprovinciale a fait part aux personnes pr\u00e9sentes du projet de Congr\u00e8s national de l&rsquo;OCDS, du 12 au 15 juillet 2023. Pour finir, le Responsable national pour la Formation a expos\u00e9 la mani\u00e8re dont le groupe des Formateurs Provinciaux suit la formation initiale dans les Provinces et comment est utilis\u00e9 le nouveau programme national de formation.<\/p>\n<p>Le P. Miguel nous a racont\u00e9 quelques anecdotes personnelles concernant l&rsquo;enseignement qu&rsquo;il a re\u00e7u de ses parents, ses premiers moments de peur apr\u00e8s avoir \u00e9t\u00e9 \u00e9lu G\u00e9n\u00e9ral, et ensuite sa confiance entre les mains de Dieu. Dans une intervention fondamentale et incisive, il nous a propos\u00e9 des mots cl\u00e9s, des d\u00e9fis \u00e0 relever pour fa\u00e7onner notre vie dans un style carm\u00e9litain.<\/p>\n<p>La rencontre s&rsquo;est termin\u00e9e par un temps de r\u00e9jouissances et de partage fraternel et une photo de groupe en souvenir de cette belle exp\u00e9rience.<\/p>\n","protected":false},"excerpt":{"rendered":"<p>Samedi 3 d\u00e9cembre, au Couvent des P\u00e8res Carmes de V\u00e9rone, les Communaut\u00e9s OCDS de la Province de Venise ont v\u00e9cu un apr\u00e8s-midi de joie et de fraternit\u00e9 avec le P\u00e8re G\u00e9n\u00e9ral, le P. Miguel M\u00e1rquez Calle, le P. Roberto Maria Pirastu, D\u00e9finiteur G\u00e9n\u00e9ral, le P. Fabio Silvestri, Provincial de Venise, et le P. Aldo Formentin, [&hellip;]<\/p>\n","protected":false},"author":7,"featured_media":205669,"comment_status":"closed","ping_status":"open","sticky":false,"template":"","format":"standard","meta":{"_acf_changed":false,"footnotes":""},"categories":[204,261,370],"tags":[],"class_list":["post-205713","post","type-post","status-publish","format-standard","has-post-thumbnail","hentry","category-nouvelles-prepose-general","category-nouvelles-ocds","category-nouvelles"],"acf":[],"yoast_head":"<!-- This site is optimized with the Yoast SEO plugin v26.3 - https:\/\/yoast.com\/wordpress\/plugins\/seo\/ -->\n<title>Italie : L&#039;OCDS de la Province de Venise rencontre le P\u00e8re G\u00e9n\u00e9ral - CARMES D\u00c9CHAUX<\/title>\n<meta name=\"robots\" content=\"index, follow, max-snippet:-1, max-image-preview:large, max-video-preview:-1\" \/>\n<link rel=\"canonical\" href=\"https:\/\/www.carmelitaniscalzi.com\/fr\/2023\/01\/10\/italie-locds-de-la-province-de-venise-rencontre-le-pere-general\/\" \/>\n<meta property=\"og:locale\" content=\"fr_FR\" \/>\n<meta property=\"og:type\" content=\"article\" \/>\n<meta property=\"og:title\" content=\"Italie : L&#039;OCDS de la Province de Venise rencontre le P\u00e8re G\u00e9n\u00e9ral - CARMES D\u00c9CHAUX\" \/>\n<meta property=\"og:description\" content=\"Samedi 3 d\u00e9cembre, au Couvent des P\u00e8res Carmes de V\u00e9rone, les Communaut\u00e9s OCDS de la Province de Venise ont v\u00e9cu un apr\u00e8s-midi de joie et de fraternit\u00e9 avec le P\u00e8re G\u00e9n\u00e9ral, le P. Miguel M\u00e1rquez Calle, le P. Roberto Maria Pirastu, D\u00e9finiteur G\u00e9n\u00e9ral, le P. Fabio Silvestri, Provincial de Venise, et le P. Aldo Formentin, [&hellip;]\" \/>\n<meta property=\"og:url\" content=\"https:\/\/www.carmelitaniscalzi.com\/fr\/2023\/01\/10\/italie-locds-de-la-province-de-venise-rencontre-le-pere-general\/\" \/>\n<meta property=\"og:site_name\" content=\"CARMES D\u00c9CHAUX\" \/>\n<meta property=\"article:publisher\" content=\"https:\/\/www.facebook.com\/Curia-Generalizia-Carmelitani-Scalzi-658766940887784\/\" \/>\n<meta property=\"article:published_time\" content=\"2023-01-10T01:00:53+00:00\" \/>\n<meta property=\"article:modified_time\" content=\"2023-01-16T01:52:11+00:00\" \/>\n<meta property=\"og:image\" content=\"https:\/\/www.carmelitaniscalzi.com\/wp-content\/uploads\/2023\/01\/Cover_italia_12.2022.jpg\" \/>\n\t<meta property=\"og:image:width\" content=\"1200\" \/>\n\t<meta property=\"og:image:height\" content=\"800\" \/>\n\t<meta property=\"og:image:type\" content=\"image\/jpeg\" \/>\n<meta name=\"author\" content=\"ocd web master\" \/>\n<meta name=\"twitter:card\" content=\"summary_large_image\" \/>\n<meta name=\"twitter:creator\" content=\"@ocdcuria\" \/>\n<meta name=\"twitter:site\" content=\"@ocdcuria\" \/>\n<meta name=\"twitter:label1\" content=\"\u00c9crit par\" \/>\n\t<meta name=\"twitter:data1\" content=\"ocd web master\" \/>\n\t<meta name=\"twitter:label2\" content=\"Dur\u00e9e de lecture estim\u00e9e\" \/>\n\t<meta name=\"twitter:data2\" content=\"1 minute\" \/>\n<script type=\"application\/ld+json\" class=\"yoast-schema-graph\">{\"@context\":\"https:\/\/schema.org\",\"@graph\":[{\"@type\":\"Article\",\"@id\":\"https:\/\/www.carmelitaniscalzi.com\/fr\/2023\/01\/10\/italie-locds-de-la-province-de-venise-rencontre-le-pere-general\/#article\",\"isPartOf\":{\"@id\":\"https:\/\/www.carmelitaniscalzi.com\/fr\/2023\/01\/10\/italie-locds-de-la-province-de-venise-rencontre-le-pere-general\/\"},\"author\":{\"name\":\"ocd web master\",\"@id\":\"https:\/\/www.carmelitaniscalzi.com\/#\/schema\/person\/6d1c0d9bea7b6625c437246a5d6da409\"},\"headline\":\"Italie : L&rsquo;OCDS de la Province de Venise rencontre le P\u00e8re G\u00e9n\u00e9ral\",\"datePublished\":\"2023-01-10T01:00:53+00:00\",\"dateModified\":\"2023-01-16T01:52:11+00:00\",\"mainEntityOfPage\":{\"@id\":\"https:\/\/www.carmelitaniscalzi.com\/fr\/2023\/01\/10\/italie-locds-de-la-province-de-venise-rencontre-le-pere-general\/\"},\"wordCount\":275,\"publisher\":{\"@id\":\"https:\/\/www.carmelitaniscalzi.com\/#organization\"},\"image\":{\"@id\":\"https:\/\/www.carmelitaniscalzi.com\/fr\/2023\/01\/10\/italie-locds-de-la-province-de-venise-rencontre-le-pere-general\/#primaryimage\"},\"thumbnailUrl\":\"https:\/\/www.carmelitaniscalzi.com\/wp-content\/uploads\/2023\/01\/Cover_italia_12.2022.jpg\",\"articleSection\":[\"Nouvelles Pr\u00e9pos\u00e9 G\u00e9n\u00e9ral\",\"Nouvelles OCDS\",\"Nouvelles\"],\"inLanguage\":\"fr-FR\"},{\"@type\":\"WebPage\",\"@id\":\"https:\/\/www.carmelitaniscalzi.com\/fr\/2023\/01\/10\/italie-locds-de-la-province-de-venise-rencontre-le-pere-general\/\",\"url\":\"https:\/\/www.carmelitaniscalzi.com\/fr\/2023\/01\/10\/italie-locds-de-la-province-de-venise-rencontre-le-pere-general\/\",\"name\":\"Italie : L'OCDS de la Province de Venise rencontre le P\u00e8re G\u00e9n\u00e9ral - CARMES D\u00c9CHAUX\",\"isPartOf\":{\"@id\":\"https:\/\/www.carmelitaniscalzi.com\/#website\"},\"primaryImageOfPage\":{\"@id\":\"https:\/\/www.carmelitaniscalzi.com\/fr\/2023\/01\/10\/italie-locds-de-la-province-de-venise-rencontre-le-pere-general\/#primaryimage\"},\"image\":{\"@id\":\"https:\/\/www.carmelitaniscalzi.com\/fr\/2023\/01\/10\/italie-locds-de-la-province-de-venise-rencontre-le-pere-general\/#primaryimage\"},\"thumbnailUrl\":\"https:\/\/www.carmelitaniscalzi.com\/wp-content\/uploads\/2023\/01\/Cover_italia_12.2022.jpg\",\"datePublished\":\"2023-01-10T01:00:53+00:00\",\"dateModified\":\"2023-01-16T01:52:11+00:00\",\"breadcrumb\":{\"@id\":\"https:\/\/www.carmelitaniscalzi.com\/fr\/2023\/01\/10\/italie-locds-de-la-province-de-venise-rencontre-le-pere-general\/#breadcrumb\"},\"inLanguage\":\"fr-FR\",\"potentialAction\":[{\"@type\":\"ReadAction\",\"target\":[\"https:\/\/www.carmelitaniscalzi.com\/fr\/2023\/01\/10\/italie-locds-de-la-province-de-venise-rencontre-le-pere-general\/\"]}]},{\"@type\":\"ImageObject\",\"inLanguage\":\"fr-FR\",\"@id\":\"https:\/\/www.carmelitaniscalzi.com\/fr\/2023\/01\/10\/italie-locds-de-la-province-de-venise-rencontre-le-pere-general\/#primaryimage\",\"url\":\"https:\/\/www.carmelitaniscalzi.com\/wp-content\/uploads\/2023\/01\/Cover_italia_12.2022.jpg\",\"contentUrl\":\"https:\/\/www.carmelitaniscalzi.com\/wp-content\/uploads\/2023\/01\/Cover_italia_12.2022.jpg\",\"width\":1200,\"height\":800},{\"@type\":\"BreadcrumbList\",\"@id\":\"https:\/\/www.carmelitaniscalzi.com\/fr\/2023\/01\/10\/italie-locds-de-la-province-de-venise-rencontre-le-pere-general\/#breadcrumb\",\"itemListElement\":[{\"@type\":\"ListItem\",\"position\":1,\"name\":\"Home\",\"item\":\"https:\/\/www.carmelitaniscalzi.com\/fr\/\"},{\"@type\":\"ListItem\",\"position\":2,\"name\":\"Italie : L&#8217;OCDS de la Province de Venise rencontre le P\u00e8re G\u00e9n\u00e9ral\"}]},{\"@type\":\"WebSite\",\"@id\":\"https:\/\/www.carmelitaniscalzi.com\/#website\",\"url\":\"https:\/\/www.carmelitaniscalzi.com\/\",\"name\":\"CARMELITANI SCALZI - Curia Generale del Carmelo Teresiano\",\"description\":\"Curie G\u00e9n\u00e9ralice du Carmel D\u00e9chauss\u00e9\",\"publisher\":{\"@id\":\"https:\/\/www.carmelitaniscalzi.com\/#organization\"},\"alternateName\":\"CARMELITANI SCALZI\",\"potentialAction\":[{\"@type\":\"SearchAction\",\"target\":{\"@type\":\"EntryPoint\",\"urlTemplate\":\"https:\/\/www.carmelitaniscalzi.com\/?s={search_term_string}\"},\"query-input\":{\"@type\":\"PropertyValueSpecification\",\"valueRequired\":true,\"valueName\":\"search_term_string\"}}],\"inLanguage\":\"fr-FR\"},{\"@type\":\"Organization\",\"@id\":\"https:\/\/www.carmelitaniscalzi.com\/#organization\",\"name\":\"CARMELITANI SCALZI - Curia Generale del Carmelo Teresiano\",\"url\":\"https:\/\/www.carmelitaniscalzi.com\/\",\"logo\":{\"@type\":\"ImageObject\",\"inLanguage\":\"fr-FR\",\"@id\":\"https:\/\/www.carmelitaniscalzi.com\/#\/schema\/logo\/image\/\",\"url\":\"https:\/\/www.carmelitaniscalzi.com\/wp-content\/uploads\/2025\/11\/login-logo.png\",\"contentUrl\":\"https:\/\/www.carmelitaniscalzi.com\/wp-content\/uploads\/2025\/11\/login-logo.png\",\"width\":256,\"height\":256,\"caption\":\"CARMELITANI SCALZI - Curia Generale del Carmelo Teresiano\"},\"image\":{\"@id\":\"https:\/\/www.carmelitaniscalzi.com\/#\/schema\/logo\/image\/\"},\"sameAs\":[\"https:\/\/www.facebook.com\/Curia-Generalizia-Carmelitani-Scalzi-658766940887784\/\",\"https:\/\/x.com\/ocdcuria\",\"https:\/\/www.youtube.com\/channel\/UC2J5ZL0ycOY0qBSTCLX_NGQ\/videos\",\"https:\/\/www.instagram.com\/ocdinform\/\"]},{\"@type\":\"Person\",\"@id\":\"https:\/\/www.carmelitaniscalzi.com\/#\/schema\/person\/6d1c0d9bea7b6625c437246a5d6da409\",\"name\":\"ocd web master\",\"image\":{\"@type\":\"ImageObject\",\"inLanguage\":\"fr-FR\",\"@id\":\"https:\/\/www.carmelitaniscalzi.com\/#\/schema\/person\/image\/\",\"url\":\"https:\/\/secure.gravatar.com\/avatar\/41fbc5f82bad909fbaf2984c43fa50d8519ac5853e25b454d022b6868f80d0e7?s=96&d=mm&r=g\",\"contentUrl\":\"https:\/\/secure.gravatar.com\/avatar\/41fbc5f82bad909fbaf2984c43fa50d8519ac5853e25b454d022b6868f80d0e7?s=96&d=mm&r=g\",\"caption\":\"ocd web master\"},\"url\":\"https:\/\/www.carmelitaniscalzi.com\/fr\/author\/ocdwebmaster\/\"}]}<\/script>\n<!-- \/ Yoast SEO plugin. -->","yoast_head_json":{"title":"Italie : L'OCDS de la Province de Venise rencontre le P\u00e8re G\u00e9n\u00e9ral - CARMES D\u00c9CHAUX","robots":{"index":"index","follow":"follow","max-snippet":"max-snippet:-1","max-image-preview":"max-image-preview:large","max-video-preview":"max-video-preview:-1"},"canonical":"https:\/\/www.carmelitaniscalzi.com\/fr\/2023\/01\/10\/italie-locds-de-la-province-de-venise-rencontre-le-pere-general\/","og_locale":"fr_FR","og_type":"article","og_title":"Italie : L'OCDS de la Province de Venise rencontre le P\u00e8re G\u00e9n\u00e9ral - CARMES D\u00c9CHAUX","og_description":"Samedi 3 d\u00e9cembre, au Couvent des P\u00e8res Carmes de V\u00e9rone, les Communaut\u00e9s OCDS de la Province de Venise ont v\u00e9cu un apr\u00e8s-midi de joie et de fraternit\u00e9 avec le P\u00e8re G\u00e9n\u00e9ral, le P. Miguel M\u00e1rquez Calle, le P. Roberto Maria Pirastu, D\u00e9finiteur G\u00e9n\u00e9ral, le P. Fabio Silvestri, Provincial de Venise, et le P. Aldo Formentin, [&hellip;]","og_url":"https:\/\/www.carmelitaniscalzi.com\/fr\/2023\/01\/10\/italie-locds-de-la-province-de-venise-rencontre-le-pere-general\/","og_site_name":"CARMES D\u00c9CHAUX","article_publisher":"https:\/\/www.facebook.com\/Curia-Generalizia-Carmelitani-Scalzi-658766940887784\/","article_published_time":"2023-01-10T01:00:53+00:00","article_modified_time":"2023-01-16T01:52:11+00:00","og_image":[{"width":1200,"height":800,"url":"https:\/\/www.carmelitaniscalzi.com\/wp-content\/uploads\/2023\/01\/Cover_italia_12.2022.jpg","type":"image\/jpeg"}],"author":"ocd web master","twitter_card":"summary_large_image","twitter_creator":"@ocdcuria","twitter_site":"@ocdcuria","twitter_misc":{"\u00c9crit par":"ocd web master","Dur\u00e9e de lecture estim\u00e9e":"1 minute"},"schema":{"@context":"https:\/\/schema.org","@graph":[{"@type":"Article","@id":"https:\/\/www.carmelitaniscalzi.com\/fr\/2023\/01\/10\/italie-locds-de-la-province-de-venise-rencontre-le-pere-general\/#article","isPartOf":{"@id":"https:\/\/www.carmelitaniscalzi.com\/fr\/2023\/01\/10\/italie-locds-de-la-province-de-venise-rencontre-le-pere-general\/"},"author":{"name":"ocd web master","@id":"https:\/\/www.carmelitaniscalzi.com\/#\/schema\/person\/6d1c0d9bea7b6625c437246a5d6da409"},"headline":"Italie : L&rsquo;OCDS de la Province de Venise rencontre le P\u00e8re G\u00e9n\u00e9ral","datePublished":"2023-01-10T01:00:53+00:00","dateModified":"2023-01-16T01:52:11+00:00","mainEntityOfPage":{"@id":"https:\/\/www.carmelitaniscalzi.com\/fr\/2023\/01\/10\/italie-locds-de-la-province-de-venise-rencontre-le-pere-general\/"},"wordCount":275,"publisher":{"@id":"https:\/\/www.carmelitaniscalzi.com\/#organization"},"image":{"@id":"https:\/\/www.carmelitaniscalzi.com\/fr\/2023\/01\/10\/italie-locds-de-la-province-de-venise-rencontre-le-pere-general\/#primaryimage"},"thumbnailUrl":"https:\/\/www.carmelitaniscalzi.com\/wp-content\/uploads\/2023\/01\/Cover_italia_12.2022.jpg","articleSection":["Nouvelles Pr\u00e9pos\u00e9 G\u00e9n\u00e9ral","Nouvelles OCDS","Nouvelles"],"inLanguage":"fr-FR"},{"@type":"WebPage","@id":"https:\/\/www.carmelitaniscalzi.com\/fr\/2023\/01\/10\/italie-locds-de-la-province-de-venise-rencontre-le-pere-general\/","url":"https:\/\/www.carmelitaniscalzi.com\/fr\/2023\/01\/10\/italie-locds-de-la-province-de-venise-rencontre-le-pere-general\/","name":"Italie : L'OCDS de la Province de Venise rencontre le P\u00e8re G\u00e9n\u00e9ral - CARMES D\u00c9CHAUX","isPartOf":{"@id":"https:\/\/www.carmelitaniscalzi.com\/#website"},"primaryImageOfPage":{"@id":"https:\/\/www.carmelitaniscalzi.com\/fr\/2023\/01\/10\/italie-locds-de-la-province-de-venise-rencontre-le-pere-general\/#primaryimage"},"image":{"@id":"https:\/\/www.carmelitaniscalzi.com\/fr\/2023\/01\/10\/italie-locds-de-la-province-de-venise-rencontre-le-pere-general\/#primaryimage"},"thumbnailUrl":"https:\/\/www.carmelitaniscalzi.com\/wp-content\/uploads\/2023\/01\/Cover_italia_12.2022.jpg","datePublished":"2023-01-10T01:00:53+00:00","dateModified":"2023-01-16T01:52:11+00:00","breadcrumb":{"@id":"https:\/\/www.carmelitaniscalzi.com\/fr\/2023\/01\/10\/italie-locds-de-la-province-de-venise-rencontre-le-pere-general\/#breadcrumb"},"inLanguage":"fr-FR","potentialAction":[{"@type":"ReadAction","target":["https:\/\/www.carmelitaniscalzi.com\/fr\/2023\/01\/10\/italie-locds-de-la-province-de-venise-rencontre-le-pere-general\/"]}]},{"@type":"ImageObject","inLanguage":"fr-FR","@id":"https:\/\/www.carmelitaniscalzi.com\/fr\/2023\/01\/10\/italie-locds-de-la-province-de-venise-rencontre-le-pere-general\/#primaryimage","url":"https:\/\/www.carmelitaniscalzi.com\/wp-content\/uploads\/2023\/01\/Cover_italia_12.2022.jpg","contentUrl":"https:\/\/www.carmelitaniscalzi.com\/wp-content\/uploads\/2023\/01\/Cover_italia_12.2022.jpg","width":1200,"height":800},{"@type":"BreadcrumbList","@id":"https:\/\/www.carmelitaniscalzi.com\/fr\/2023\/01\/10\/italie-locds-de-la-province-de-venise-rencontre-le-pere-general\/#breadcrumb","itemListElement":[{"@type":"ListItem","position":1,"name":"Home","item":"https:\/\/www.carmelitaniscalzi.com\/fr\/"},{"@type":"ListItem","position":2,"name":"Italie : L&#8217;OCDS de la Province de Venise rencontre le P\u00e8re G\u00e9n\u00e9ral"}]},{"@type":"WebSite","@id":"https:\/\/www.carmelitaniscalzi.com\/#website","url":"https:\/\/www.carmelitaniscalzi.com\/","name":"CARMELITANI SCALZI - Curia Generale del Carmelo Teresiano","description":"Curie G\u00e9n\u00e9ralice du Carmel D\u00e9chauss\u00e9","publisher":{"@id":"https:\/\/www.carmelitaniscalzi.com\/#organization"},"alternateName":"CARMELITANI SCALZI","potentialAction":[{"@type":"SearchAction","target":{"@type":"EntryPoint","urlTemplate":"https:\/\/www.carmelitaniscalzi.com\/?s={search_term_string}"},"query-input":{"@type":"PropertyValueSpecification","valueRequired":true,"valueName":"search_term_string"}}],"inLanguage":"fr-FR"},{"@type":"Organization","@id":"https:\/\/www.carmelitaniscalzi.com\/#organization","name":"CARMELITANI SCALZI - Curia Generale del Carmelo Teresiano","url":"https:\/\/www.carmelitaniscalzi.com\/","logo":{"@type":"ImageObject","inLanguage":"fr-FR","@id":"https:\/\/www.carmelitaniscalzi.com\/#\/schema\/logo\/image\/","url":"https:\/\/www.carmelitaniscalzi.com\/wp-content\/uploads\/2025\/11\/login-logo.png","contentUrl":"https:\/\/www.carmelitaniscalzi.com\/wp-content\/uploads\/2025\/11\/login-logo.png","width":256,"height":256,"caption":"CARMELITANI SCALZI - Curia Generale del Carmelo Teresiano"},"image":{"@id":"https:\/\/www.carmelitaniscalzi.com\/#\/schema\/logo\/image\/"},"sameAs":["https:\/\/www.facebook.com\/Curia-Generalizia-Carmelitani-Scalzi-658766940887784\/","https:\/\/x.com\/ocdcuria","https:\/\/www.youtube.com\/channel\/UC2J5ZL0ycOY0qBSTCLX_NGQ\/videos","https:\/\/www.instagram.com\/ocdinform\/"]},{"@type":"Person","@id":"https:\/\/www.carmelitaniscalzi.com\/#\/schema\/person\/6d1c0d9bea7b6625c437246a5d6da409","name":"ocd web master","image":{"@type":"ImageObject","inLanguage":"fr-FR","@id":"https:\/\/www.carmelitaniscalzi.com\/#\/schema\/person\/image\/","url":"https:\/\/secure.gravatar.com\/avatar\/41fbc5f82bad909fbaf2984c43fa50d8519ac5853e25b454d022b6868f80d0e7?s=96&d=mm&r=g","contentUrl":"https:\/\/secure.gravatar.com\/avatar\/41fbc5f82bad909fbaf2984c43fa50d8519ac5853e25b454d022b6868f80d0e7?s=96&d=mm&r=g","caption":"ocd web master"},"url":"https:\/\/www.carmelitaniscalzi.com\/fr\/author\/ocdwebmaster\/"}]}},"_links":{"self":[{"href":"https:\/\/www.carmelitaniscalzi.com\/fr\/wp-json\/wp\/v2\/posts\/205713","targetHints":{"allow":["GET"]}}],"collection":[{"href":"https:\/\/www.carmelitaniscalzi.com\/fr\/wp-json\/wp\/v2\/posts"}],"about":[{"href":"https:\/\/www.carmelitaniscalzi.com\/fr\/wp-json\/wp\/v2\/types\/post"}],"author":[{"embeddable":true,"href":"https:\/\/www.carmelitaniscalzi.com\/fr\/wp-json\/wp\/v2\/users\/7"}],"replies":[{"embeddable":true,"href":"https:\/\/www.carmelitaniscalzi.com\/fr\/wp-json\/wp\/v2\/comments?post=205713"}],"version-history":[{"count":1,"href":"https:\/\/www.carmelitaniscalzi.com\/fr\/wp-json\/wp\/v2\/posts\/205713\/revisions"}],"predecessor-version":[{"id":205714,"href":"https:\/\/www.carmelitaniscalzi.com\/fr\/wp-json\/wp\/v2\/posts\/205713\/revisions\/205714"}],"wp:featuredmedia":[{"embeddable":true,"href":"https:\/\/www.carmelitaniscalzi.com\/fr\/wp-json\/wp\/v2\/media\/205669"}],"wp:attachment":[{"href":"https:\/\/www.carmelitaniscalzi.com\/fr\/wp-json\/wp\/v2\/media?parent=205713"}],"wp:term":[{"taxonomy":"category","embeddable":true,"href":"https:\/\/www.carmelitaniscalzi.com\/fr\/wp-json\/wp\/v2\/categories?post=205713"},{"taxonomy":"post_tag","embeddable":true,"href":"https:\/\/www.carmelitaniscalzi.com\/fr\/wp-json\/wp\/v2\/tags?post=205713"}],"curies":[{"name":"wp","href":"https:\/\/api.w.org\/{rel}","templated":true}]}}