{"id":19879,"date":"2018-03-05T11:25:49","date_gmt":"2018-03-05T10:25:49","guid":{"rendered":"https:\/\/www.carmelitaniscalzi.com\/fr\/?p=19879"},"modified":"2018-03-05T11:25:49","modified_gmt":"2018-03-05T10:25:49","slug":"les-moniales-de-linde-avec-le-pere-general-et-le-definiteur-en-charge","status":"publish","type":"post","link":"https:\/\/www.carmelitaniscalzi.com\/fr\/2018\/03\/05\/les-moniales-de-linde-avec-le-pere-general-et-le-definiteur-en-charge\/","title":{"rendered":"Les moniales de l\u2019Inde avec le P\u00e8re g\u00e9n\u00e9ral et le D\u00e9finiteur en charge"},"content":{"rendered":"<p>Le 3 f\u00e9vrier a commenc\u00e9 la rencontre du p\u00e8re Saverio Cannistr\u00e0 avec les sup\u00e9rieures des monast\u00e8res de carm\u00e9lites d\u00e9chauss\u00e9es de l\u2019Inde, accompagn\u00e9es par 11 d\u00e9l\u00e9gu\u00e9es, toutes appartenant aux trois Associations du pays. Le P\u00e8re g\u00e9n\u00e9ral a c\u00e9l\u00e9br\u00e9 la messe avec le D\u00e9finiteur charg\u00e9 de l\u2019Asie m\u00e9ridionale, le p\u00e8re Johannes Gorantla, et les Provinciaux indiens, qu\u2019il avait rencontr\u00e9 la veille.<\/p>\n<p>Nos s\u0153urs sont \u00e0 Hyderabad pour cette rencontre avec le p\u00e8re Saverio qui a partag\u00e9 avec elles jusqu\u2019au 4 f\u00e9vrier quelques th\u00e8mes de formation en relation avec <em>Vultum Dei Quaerere<\/em>. Le p\u00e8re Johannes, a continu\u00e9 un jour de plus avec les s\u0153urs, jusqu\u2019\u00e0 la fin de la rencontre. Ce fut un moment de communion profonde et d\u2019un affermissement des liens charismatiques, tr\u00e8s appr\u00e9ci\u00e9 par les s\u0153urs. 45 moniales \u00e9taient pr\u00e9sentes, 34 d\u2019entre elles \u00e9taient sup\u00e9rieures.<\/p>\n<p>Le Carmel th\u00e9r\u00e9sien f\u00e9minin indien compte 34 monast\u00e8res, le dernier d\u2019entre eux a \u00e9t\u00e9 fond\u00e9 le 29 janvier dernier \u00e0 Koyalad (Kerala) \u2013 la nouvelle a paru, accompagn\u00e9e de quelques photos de l\u2019\u00e9v\u00e9nement, sur notre page <em>fanpage <\/em>de Facebook, Curia Generalizia Carmelitani Scalzi.<\/p>\n<div class=\"wpmf-gallerys wpmf-gallerys-life \" ><div id=\"gallery-1\" class=\"gallery gallery_life wpmf_gallery_default gallery_default  gallery-columns-6 gallery-size-thumbnail gallery-link-file wpmf-has-border-radius-0 wpmf-gutterwidth-5 no_ratio\"><figure class=\"wpmf-gallery-item\" data-index=\"0\"><div class=\"wpmf-gallery-icon\"><div class=\"square_thumbnail\"><div class=\"img_centered\"><a class=\" not_video noLightbox\" data-lightbox=\"1\" data-href=\"https:\/\/www.carmelitaniscalzi.com\/wp-content\/uploads\/2018\/03\/01.jpg\" title=\"01\" target=\"_self\" data-index=\"0\"><img decoding=\"async\" class=\"wpmf_img\" alt=\"01\" src=\"https:\/\/www.carmelitaniscalzi.com\/wp-content\/uploads\/2018\/03\/01-150x150.jpg\" data-type=\"wpmfgalleryimg\" data-lazy-src=\"https:\/\/www.carmelitaniscalzi.com\/wp-content\/uploads\/2018\/03\/01-150x150.jpg\"><\/a><\/div><\/div><\/div><\/figure><figure class=\"wpmf-gallery-item\" data-index=\"1\"><div class=\"wpmf-gallery-icon\"><div class=\"square_thumbnail\"><div class=\"img_centered\"><a class=\" not_video noLightbox\" data-lightbox=\"1\" data-href=\"https:\/\/www.carmelitaniscalzi.com\/wp-content\/uploads\/2018\/03\/02-1.jpg\" title=\"02\" target=\"_self\" data-index=\"1\"><img decoding=\"async\" class=\"wpmf_img\" alt=\"02\" src=\"https:\/\/www.carmelitaniscalzi.com\/wp-content\/uploads\/2018\/03\/02-1-150x150.jpg\" data-type=\"wpmfgalleryimg\" data-lazy-src=\"https:\/\/www.carmelitaniscalzi.com\/wp-content\/uploads\/2018\/03\/02-1-150x150.jpg\"><\/a><\/div><\/div><\/div><\/figure><figure class=\"wpmf-gallery-item\" data-index=\"2\"><div class=\"wpmf-gallery-icon\"><div class=\"square_thumbnail\"><div class=\"img_centered\"><a class=\" not_video noLightbox\" data-lightbox=\"1\" data-href=\"https:\/\/www.carmelitaniscalzi.com\/wp-content\/uploads\/2018\/03\/03.jpg\" title=\"03\" target=\"_self\" data-index=\"2\"><img decoding=\"async\" class=\"wpmf_img\" alt=\"03\" src=\"https:\/\/www.carmelitaniscalzi.com\/wp-content\/uploads\/2018\/03\/03-150x150.jpg\" data-type=\"wpmfgalleryimg\" data-lazy-src=\"https:\/\/www.carmelitaniscalzi.com\/wp-content\/uploads\/2018\/03\/03-150x150.jpg\"><\/a><\/div><\/div><\/div><\/figure><figure class=\"wpmf-gallery-item\" data-index=\"3\"><div class=\"wpmf-gallery-icon\"><div class=\"square_thumbnail\"><div class=\"img_centered\"><a class=\" not_video noLightbox\" data-lightbox=\"1\" data-href=\"https:\/\/www.carmelitaniscalzi.com\/wp-content\/uploads\/2018\/03\/04.jpg\" title=\"04\" target=\"_self\" data-index=\"3\"><img decoding=\"async\" class=\"wpmf_img\" alt=\"04\" src=\"https:\/\/www.carmelitaniscalzi.com\/wp-content\/uploads\/2018\/03\/04-150x150.jpg\" data-type=\"wpmfgalleryimg\" data-lazy-src=\"https:\/\/www.carmelitaniscalzi.com\/wp-content\/uploads\/2018\/03\/04-150x150.jpg\"><\/a><\/div><\/div><\/div><\/figure><figure class=\"wpmf-gallery-item\" data-index=\"4\"><div class=\"wpmf-gallery-icon\"><div class=\"square_thumbnail\"><div class=\"img_centered\"><a class=\" not_video noLightbox\" data-lightbox=\"1\" data-href=\"https:\/\/www.carmelitaniscalzi.com\/wp-content\/uploads\/2018\/03\/05.jpg\" title=\"05\" target=\"_self\" data-index=\"4\"><img decoding=\"async\" class=\"wpmf_img\" alt=\"05\" src=\"https:\/\/www.carmelitaniscalzi.com\/wp-content\/uploads\/2018\/03\/05-150x150.jpg\" data-type=\"wpmfgalleryimg\" data-lazy-src=\"https:\/\/www.carmelitaniscalzi.com\/wp-content\/uploads\/2018\/03\/05-150x150.jpg\"><\/a><\/div><\/div><\/div><\/figure><figure class=\"wpmf-gallery-item\" data-index=\"5\"><div class=\"wpmf-gallery-icon\"><div class=\"square_thumbnail\"><div class=\"img_centered\"><a class=\" not_video noLightbox\" data-lightbox=\"1\" data-href=\"https:\/\/www.carmelitaniscalzi.com\/wp-content\/uploads\/2018\/03\/06.jpg\" title=\"06\" target=\"_self\" data-index=\"5\"><img decoding=\"async\" class=\"wpmf_img\" alt=\"06\" src=\"https:\/\/www.carmelitaniscalzi.com\/wp-content\/uploads\/2018\/03\/06-150x150.jpg\" data-type=\"wpmfgalleryimg\" data-lazy-src=\"https:\/\/www.carmelitaniscalzi.com\/wp-content\/uploads\/2018\/03\/06-150x150.jpg\"><\/a><\/div><\/div><\/div><\/figure><\/div><\/div>\n","protected":false},"excerpt":{"rendered":"<p>Le 3 f\u00e9vrier a commenc\u00e9 la rencontre du p\u00e8re Saverio Cannistr\u00e0 avec les sup\u00e9rieures des monast\u00e8res de carm\u00e9lites d\u00e9chauss\u00e9es de l\u2019Inde, accompagn\u00e9es par 11 d\u00e9l\u00e9gu\u00e9es, toutes appartenant aux trois Associations du pays. Le P\u00e8re g\u00e9n\u00e9ral a c\u00e9l\u00e9br\u00e9 la messe avec le D\u00e9finiteur charg\u00e9 de l\u2019Asie m\u00e9ridionale, le p\u00e8re Johannes Gorantla, et les Provinciaux indiens, qu\u2019il [&hellip;]<\/p>\n","protected":false},"author":7,"featured_media":19868,"comment_status":"closed","ping_status":"closed","sticky":false,"template":"","format":"standard","meta":{"_acf_changed":false,"footnotes":""},"categories":[203,370],"tags":[],"class_list":["post-19879","post","type-post","status-publish","format-standard","has-post-thumbnail","hentry","category-nouvelles-moniales","category-nouvelles"],"acf":[],"yoast_head":"<!-- This site is optimized with the Yoast SEO plugin v26.3 - https:\/\/yoast.com\/wordpress\/plugins\/seo\/ -->\n<title>Les moniales de l\u2019Inde avec le P\u00e8re g\u00e9n\u00e9ral et le D\u00e9finiteur en charge - CARMES D\u00c9CHAUX<\/title>\n<meta name=\"robots\" content=\"index, follow, max-snippet:-1, max-image-preview:large, max-video-preview:-1\" \/>\n<link rel=\"canonical\" href=\"https:\/\/www.carmelitaniscalzi.com\/fr\/2018\/03\/05\/les-moniales-de-linde-avec-le-pere-general-et-le-definiteur-en-charge\/\" \/>\n<meta property=\"og:locale\" content=\"fr_FR\" \/>\n<meta property=\"og:type\" content=\"article\" \/>\n<meta property=\"og:title\" content=\"Les moniales de l\u2019Inde avec le P\u00e8re g\u00e9n\u00e9ral et le D\u00e9finiteur en charge - CARMES D\u00c9CHAUX\" \/>\n<meta property=\"og:description\" content=\"Le 3 f\u00e9vrier a commenc\u00e9 la rencontre du p\u00e8re Saverio Cannistr\u00e0 avec les sup\u00e9rieures des monast\u00e8res de carm\u00e9lites d\u00e9chauss\u00e9es de l\u2019Inde, accompagn\u00e9es par 11 d\u00e9l\u00e9gu\u00e9es, toutes appartenant aux trois Associations du pays. Le P\u00e8re g\u00e9n\u00e9ral a c\u00e9l\u00e9br\u00e9 la messe avec le D\u00e9finiteur charg\u00e9 de l\u2019Asie m\u00e9ridionale, le p\u00e8re Johannes Gorantla, et les Provinciaux indiens, qu\u2019il [&hellip;]\" \/>\n<meta property=\"og:url\" content=\"https:\/\/www.carmelitaniscalzi.com\/fr\/2018\/03\/05\/les-moniales-de-linde-avec-le-pere-general-et-le-definiteur-en-charge\/\" \/>\n<meta property=\"og:site_name\" content=\"CARMES D\u00c9CHAUX\" \/>\n<meta property=\"article:publisher\" content=\"https:\/\/www.facebook.com\/Curia-Generalizia-Carmelitani-Scalzi-658766940887784\/\" \/>\n<meta property=\"article:published_time\" content=\"2018-03-05T10:25:49+00:00\" \/>\n<meta property=\"og:image\" content=\"https:\/\/www.carmelitaniscalzi.com\/wp-content\/uploads\/2018\/03\/00-1.jpg\" \/>\n\t<meta property=\"og:image:width\" content=\"640\" \/>\n\t<meta property=\"og:image:height\" content=\"480\" \/>\n\t<meta property=\"og:image:type\" content=\"image\/jpeg\" \/>\n<meta name=\"author\" content=\"ocd web master\" \/>\n<meta name=\"twitter:card\" content=\"summary_large_image\" \/>\n<meta name=\"twitter:creator\" content=\"@ocdcuria\" \/>\n<meta name=\"twitter:site\" content=\"@ocdcuria\" \/>\n<meta name=\"twitter:label1\" content=\"\u00c9crit par\" \/>\n\t<meta name=\"twitter:data1\" content=\"ocd web master\" \/>\n\t<meta name=\"twitter:label2\" content=\"Dur\u00e9e de lecture estim\u00e9e\" \/>\n\t<meta name=\"twitter:data2\" content=\"1 minute\" \/>\n<script type=\"application\/ld+json\" class=\"yoast-schema-graph\">{\"@context\":\"https:\/\/schema.org\",\"@graph\":[{\"@type\":\"Article\",\"@id\":\"https:\/\/www.carmelitaniscalzi.com\/fr\/2018\/03\/05\/les-moniales-de-linde-avec-le-pere-general-et-le-definiteur-en-charge\/#article\",\"isPartOf\":{\"@id\":\"https:\/\/www.carmelitaniscalzi.com\/fr\/2018\/03\/05\/les-moniales-de-linde-avec-le-pere-general-et-le-definiteur-en-charge\/\"},\"author\":{\"name\":\"ocd web master\",\"@id\":\"https:\/\/www.carmelitaniscalzi.com\/#\/schema\/person\/6d1c0d9bea7b6625c437246a5d6da409\"},\"headline\":\"Les moniales de l\u2019Inde avec le P\u00e8re g\u00e9n\u00e9ral et le D\u00e9finiteur en charge\",\"datePublished\":\"2018-03-05T10:25:49+00:00\",\"mainEntityOfPage\":{\"@id\":\"https:\/\/www.carmelitaniscalzi.com\/fr\/2018\/03\/05\/les-moniales-de-linde-avec-le-pere-general-et-le-definiteur-en-charge\/\"},\"wordCount\":237,\"publisher\":{\"@id\":\"https:\/\/www.carmelitaniscalzi.com\/#organization\"},\"image\":{\"@id\":\"https:\/\/www.carmelitaniscalzi.com\/fr\/2018\/03\/05\/les-moniales-de-linde-avec-le-pere-general-et-le-definiteur-en-charge\/#primaryimage\"},\"thumbnailUrl\":\"https:\/\/www.carmelitaniscalzi.com\/wp-content\/uploads\/2018\/03\/00-1.jpg\",\"articleSection\":[\"Nouvelles Moniales\",\"Nouvelles\"],\"inLanguage\":\"fr-FR\"},{\"@type\":\"WebPage\",\"@id\":\"https:\/\/www.carmelitaniscalzi.com\/fr\/2018\/03\/05\/les-moniales-de-linde-avec-le-pere-general-et-le-definiteur-en-charge\/\",\"url\":\"https:\/\/www.carmelitaniscalzi.com\/fr\/2018\/03\/05\/les-moniales-de-linde-avec-le-pere-general-et-le-definiteur-en-charge\/\",\"name\":\"Les moniales de l\u2019Inde avec le P\u00e8re g\u00e9n\u00e9ral et le D\u00e9finiteur en charge - CARMES D\u00c9CHAUX\",\"isPartOf\":{\"@id\":\"https:\/\/www.carmelitaniscalzi.com\/#website\"},\"primaryImageOfPage\":{\"@id\":\"https:\/\/www.carmelitaniscalzi.com\/fr\/2018\/03\/05\/les-moniales-de-linde-avec-le-pere-general-et-le-definiteur-en-charge\/#primaryimage\"},\"image\":{\"@id\":\"https:\/\/www.carmelitaniscalzi.com\/fr\/2018\/03\/05\/les-moniales-de-linde-avec-le-pere-general-et-le-definiteur-en-charge\/#primaryimage\"},\"thumbnailUrl\":\"https:\/\/www.carmelitaniscalzi.com\/wp-content\/uploads\/2018\/03\/00-1.jpg\",\"datePublished\":\"2018-03-05T10:25:49+00:00\",\"breadcrumb\":{\"@id\":\"https:\/\/www.carmelitaniscalzi.com\/fr\/2018\/03\/05\/les-moniales-de-linde-avec-le-pere-general-et-le-definiteur-en-charge\/#breadcrumb\"},\"inLanguage\":\"fr-FR\",\"potentialAction\":[{\"@type\":\"ReadAction\",\"target\":[\"https:\/\/www.carmelitaniscalzi.com\/fr\/2018\/03\/05\/les-moniales-de-linde-avec-le-pere-general-et-le-definiteur-en-charge\/\"]}]},{\"@type\":\"ImageObject\",\"inLanguage\":\"fr-FR\",\"@id\":\"https:\/\/www.carmelitaniscalzi.com\/fr\/2018\/03\/05\/les-moniales-de-linde-avec-le-pere-general-et-le-definiteur-en-charge\/#primaryimage\",\"url\":\"https:\/\/www.carmelitaniscalzi.com\/wp-content\/uploads\/2018\/03\/00-1.jpg\",\"contentUrl\":\"https:\/\/www.carmelitaniscalzi.com\/wp-content\/uploads\/2018\/03\/00-1.jpg\",\"width\":640,\"height\":480,\"caption\":\"Processed with MOLDIV\"},{\"@type\":\"BreadcrumbList\",\"@id\":\"https:\/\/www.carmelitaniscalzi.com\/fr\/2018\/03\/05\/les-moniales-de-linde-avec-le-pere-general-et-le-definiteur-en-charge\/#breadcrumb\",\"itemListElement\":[{\"@type\":\"ListItem\",\"position\":1,\"name\":\"Home\",\"item\":\"https:\/\/www.carmelitaniscalzi.com\/fr\/\"},{\"@type\":\"ListItem\",\"position\":2,\"name\":\"Les moniales de l\u2019Inde avec le P\u00e8re g\u00e9n\u00e9ral et le D\u00e9finiteur en charge\"}]},{\"@type\":\"WebSite\",\"@id\":\"https:\/\/www.carmelitaniscalzi.com\/#website\",\"url\":\"https:\/\/www.carmelitaniscalzi.com\/\",\"name\":\"CARMELITANI SCALZI - Curia Generale del Carmelo Teresiano\",\"description\":\"Curie G\u00e9n\u00e9ralice du Carmel D\u00e9chauss\u00e9\",\"publisher\":{\"@id\":\"https:\/\/www.carmelitaniscalzi.com\/#organization\"},\"alternateName\":\"CARMELITANI SCALZI\",\"potentialAction\":[{\"@type\":\"SearchAction\",\"target\":{\"@type\":\"EntryPoint\",\"urlTemplate\":\"https:\/\/www.carmelitaniscalzi.com\/?s={search_term_string}\"},\"query-input\":{\"@type\":\"PropertyValueSpecification\",\"valueRequired\":true,\"valueName\":\"search_term_string\"}}],\"inLanguage\":\"fr-FR\"},{\"@type\":\"Organization\",\"@id\":\"https:\/\/www.carmelitaniscalzi.com\/#organization\",\"name\":\"CARMELITANI SCALZI - Curia Generale del Carmelo Teresiano\",\"url\":\"https:\/\/www.carmelitaniscalzi.com\/\",\"logo\":{\"@type\":\"ImageObject\",\"inLanguage\":\"fr-FR\",\"@id\":\"https:\/\/www.carmelitaniscalzi.com\/#\/schema\/logo\/image\/\",\"url\":\"https:\/\/www.carmelitaniscalzi.com\/wp-content\/uploads\/2025\/11\/login-logo.png\",\"contentUrl\":\"https:\/\/www.carmelitaniscalzi.com\/wp-content\/uploads\/2025\/11\/login-logo.png\",\"width\":256,\"height\":256,\"caption\":\"CARMELITANI SCALZI - Curia Generale del Carmelo Teresiano\"},\"image\":{\"@id\":\"https:\/\/www.carmelitaniscalzi.com\/#\/schema\/logo\/image\/\"},\"sameAs\":[\"https:\/\/www.facebook.com\/Curia-Generalizia-Carmelitani-Scalzi-658766940887784\/\",\"https:\/\/x.com\/ocdcuria\",\"https:\/\/www.youtube.com\/channel\/UC2J5ZL0ycOY0qBSTCLX_NGQ\/videos\",\"https:\/\/www.instagram.com\/ocdinform\/\"]},{\"@type\":\"Person\",\"@id\":\"https:\/\/www.carmelitaniscalzi.com\/#\/schema\/person\/6d1c0d9bea7b6625c437246a5d6da409\",\"name\":\"ocd web master\",\"image\":{\"@type\":\"ImageObject\",\"inLanguage\":\"fr-FR\",\"@id\":\"https:\/\/www.carmelitaniscalzi.com\/#\/schema\/person\/image\/\",\"url\":\"https:\/\/secure.gravatar.com\/avatar\/41fbc5f82bad909fbaf2984c43fa50d8519ac5853e25b454d022b6868f80d0e7?s=96&d=mm&r=g\",\"contentUrl\":\"https:\/\/secure.gravatar.com\/avatar\/41fbc5f82bad909fbaf2984c43fa50d8519ac5853e25b454d022b6868f80d0e7?s=96&d=mm&r=g\",\"caption\":\"ocd web master\"},\"url\":\"https:\/\/www.carmelitaniscalzi.com\/fr\/author\/ocdwebmaster\/\"}]}<\/script>\n<!-- \/ Yoast SEO plugin. -->","yoast_head_json":{"title":"Les moniales de l\u2019Inde avec le P\u00e8re g\u00e9n\u00e9ral et le D\u00e9finiteur en charge - CARMES D\u00c9CHAUX","robots":{"index":"index","follow":"follow","max-snippet":"max-snippet:-1","max-image-preview":"max-image-preview:large","max-video-preview":"max-video-preview:-1"},"canonical":"https:\/\/www.carmelitaniscalzi.com\/fr\/2018\/03\/05\/les-moniales-de-linde-avec-le-pere-general-et-le-definiteur-en-charge\/","og_locale":"fr_FR","og_type":"article","og_title":"Les moniales de l\u2019Inde avec le P\u00e8re g\u00e9n\u00e9ral et le D\u00e9finiteur en charge - CARMES D\u00c9CHAUX","og_description":"Le 3 f\u00e9vrier a commenc\u00e9 la rencontre du p\u00e8re Saverio Cannistr\u00e0 avec les sup\u00e9rieures des monast\u00e8res de carm\u00e9lites d\u00e9chauss\u00e9es de l\u2019Inde, accompagn\u00e9es par 11 d\u00e9l\u00e9gu\u00e9es, toutes appartenant aux trois Associations du pays. Le P\u00e8re g\u00e9n\u00e9ral a c\u00e9l\u00e9br\u00e9 la messe avec le D\u00e9finiteur charg\u00e9 de l\u2019Asie m\u00e9ridionale, le p\u00e8re Johannes Gorantla, et les Provinciaux indiens, qu\u2019il [&hellip;]","og_url":"https:\/\/www.carmelitaniscalzi.com\/fr\/2018\/03\/05\/les-moniales-de-linde-avec-le-pere-general-et-le-definiteur-en-charge\/","og_site_name":"CARMES D\u00c9CHAUX","article_publisher":"https:\/\/www.facebook.com\/Curia-Generalizia-Carmelitani-Scalzi-658766940887784\/","article_published_time":"2018-03-05T10:25:49+00:00","og_image":[{"width":640,"height":480,"url":"https:\/\/www.carmelitaniscalzi.com\/wp-content\/uploads\/2018\/03\/00-1.jpg","type":"image\/jpeg"}],"author":"ocd web master","twitter_card":"summary_large_image","twitter_creator":"@ocdcuria","twitter_site":"@ocdcuria","twitter_misc":{"\u00c9crit par":"ocd web master","Dur\u00e9e de lecture estim\u00e9e":"1 minute"},"schema":{"@context":"https:\/\/schema.org","@graph":[{"@type":"Article","@id":"https:\/\/www.carmelitaniscalzi.com\/fr\/2018\/03\/05\/les-moniales-de-linde-avec-le-pere-general-et-le-definiteur-en-charge\/#article","isPartOf":{"@id":"https:\/\/www.carmelitaniscalzi.com\/fr\/2018\/03\/05\/les-moniales-de-linde-avec-le-pere-general-et-le-definiteur-en-charge\/"},"author":{"name":"ocd web master","@id":"https:\/\/www.carmelitaniscalzi.com\/#\/schema\/person\/6d1c0d9bea7b6625c437246a5d6da409"},"headline":"Les moniales de l\u2019Inde avec le P\u00e8re g\u00e9n\u00e9ral et le D\u00e9finiteur en charge","datePublished":"2018-03-05T10:25:49+00:00","mainEntityOfPage":{"@id":"https:\/\/www.carmelitaniscalzi.com\/fr\/2018\/03\/05\/les-moniales-de-linde-avec-le-pere-general-et-le-definiteur-en-charge\/"},"wordCount":237,"publisher":{"@id":"https:\/\/www.carmelitaniscalzi.com\/#organization"},"image":{"@id":"https:\/\/www.carmelitaniscalzi.com\/fr\/2018\/03\/05\/les-moniales-de-linde-avec-le-pere-general-et-le-definiteur-en-charge\/#primaryimage"},"thumbnailUrl":"https:\/\/www.carmelitaniscalzi.com\/wp-content\/uploads\/2018\/03\/00-1.jpg","articleSection":["Nouvelles Moniales","Nouvelles"],"inLanguage":"fr-FR"},{"@type":"WebPage","@id":"https:\/\/www.carmelitaniscalzi.com\/fr\/2018\/03\/05\/les-moniales-de-linde-avec-le-pere-general-et-le-definiteur-en-charge\/","url":"https:\/\/www.carmelitaniscalzi.com\/fr\/2018\/03\/05\/les-moniales-de-linde-avec-le-pere-general-et-le-definiteur-en-charge\/","name":"Les moniales de l\u2019Inde avec le P\u00e8re g\u00e9n\u00e9ral et le D\u00e9finiteur en charge - CARMES D\u00c9CHAUX","isPartOf":{"@id":"https:\/\/www.carmelitaniscalzi.com\/#website"},"primaryImageOfPage":{"@id":"https:\/\/www.carmelitaniscalzi.com\/fr\/2018\/03\/05\/les-moniales-de-linde-avec-le-pere-general-et-le-definiteur-en-charge\/#primaryimage"},"image":{"@id":"https:\/\/www.carmelitaniscalzi.com\/fr\/2018\/03\/05\/les-moniales-de-linde-avec-le-pere-general-et-le-definiteur-en-charge\/#primaryimage"},"thumbnailUrl":"https:\/\/www.carmelitaniscalzi.com\/wp-content\/uploads\/2018\/03\/00-1.jpg","datePublished":"2018-03-05T10:25:49+00:00","breadcrumb":{"@id":"https:\/\/www.carmelitaniscalzi.com\/fr\/2018\/03\/05\/les-moniales-de-linde-avec-le-pere-general-et-le-definiteur-en-charge\/#breadcrumb"},"inLanguage":"fr-FR","potentialAction":[{"@type":"ReadAction","target":["https:\/\/www.carmelitaniscalzi.com\/fr\/2018\/03\/05\/les-moniales-de-linde-avec-le-pere-general-et-le-definiteur-en-charge\/"]}]},{"@type":"ImageObject","inLanguage":"fr-FR","@id":"https:\/\/www.carmelitaniscalzi.com\/fr\/2018\/03\/05\/les-moniales-de-linde-avec-le-pere-general-et-le-definiteur-en-charge\/#primaryimage","url":"https:\/\/www.carmelitaniscalzi.com\/wp-content\/uploads\/2018\/03\/00-1.jpg","contentUrl":"https:\/\/www.carmelitaniscalzi.com\/wp-content\/uploads\/2018\/03\/00-1.jpg","width":640,"height":480,"caption":"Processed with MOLDIV"},{"@type":"BreadcrumbList","@id":"https:\/\/www.carmelitaniscalzi.com\/fr\/2018\/03\/05\/les-moniales-de-linde-avec-le-pere-general-et-le-definiteur-en-charge\/#breadcrumb","itemListElement":[{"@type":"ListItem","position":1,"name":"Home","item":"https:\/\/www.carmelitaniscalzi.com\/fr\/"},{"@type":"ListItem","position":2,"name":"Les moniales de l\u2019Inde avec le P\u00e8re g\u00e9n\u00e9ral et le D\u00e9finiteur en charge"}]},{"@type":"WebSite","@id":"https:\/\/www.carmelitaniscalzi.com\/#website","url":"https:\/\/www.carmelitaniscalzi.com\/","name":"CARMELITANI SCALZI - Curia Generale del Carmelo Teresiano","description":"Curie G\u00e9n\u00e9ralice du Carmel D\u00e9chauss\u00e9","publisher":{"@id":"https:\/\/www.carmelitaniscalzi.com\/#organization"},"alternateName":"CARMELITANI SCALZI","potentialAction":[{"@type":"SearchAction","target":{"@type":"EntryPoint","urlTemplate":"https:\/\/www.carmelitaniscalzi.com\/?s={search_term_string}"},"query-input":{"@type":"PropertyValueSpecification","valueRequired":true,"valueName":"search_term_string"}}],"inLanguage":"fr-FR"},{"@type":"Organization","@id":"https:\/\/www.carmelitaniscalzi.com\/#organization","name":"CARMELITANI SCALZI - Curia Generale del Carmelo Teresiano","url":"https:\/\/www.carmelitaniscalzi.com\/","logo":{"@type":"ImageObject","inLanguage":"fr-FR","@id":"https:\/\/www.carmelitaniscalzi.com\/#\/schema\/logo\/image\/","url":"https:\/\/www.carmelitaniscalzi.com\/wp-content\/uploads\/2025\/11\/login-logo.png","contentUrl":"https:\/\/www.carmelitaniscalzi.com\/wp-content\/uploads\/2025\/11\/login-logo.png","width":256,"height":256,"caption":"CARMELITANI SCALZI - Curia Generale del Carmelo Teresiano"},"image":{"@id":"https:\/\/www.carmelitaniscalzi.com\/#\/schema\/logo\/image\/"},"sameAs":["https:\/\/www.facebook.com\/Curia-Generalizia-Carmelitani-Scalzi-658766940887784\/","https:\/\/x.com\/ocdcuria","https:\/\/www.youtube.com\/channel\/UC2J5ZL0ycOY0qBSTCLX_NGQ\/videos","https:\/\/www.instagram.com\/ocdinform\/"]},{"@type":"Person","@id":"https:\/\/www.carmelitaniscalzi.com\/#\/schema\/person\/6d1c0d9bea7b6625c437246a5d6da409","name":"ocd web master","image":{"@type":"ImageObject","inLanguage":"fr-FR","@id":"https:\/\/www.carmelitaniscalzi.com\/#\/schema\/person\/image\/","url":"https:\/\/secure.gravatar.com\/avatar\/41fbc5f82bad909fbaf2984c43fa50d8519ac5853e25b454d022b6868f80d0e7?s=96&d=mm&r=g","contentUrl":"https:\/\/secure.gravatar.com\/avatar\/41fbc5f82bad909fbaf2984c43fa50d8519ac5853e25b454d022b6868f80d0e7?s=96&d=mm&r=g","caption":"ocd web master"},"url":"https:\/\/www.carmelitaniscalzi.com\/fr\/author\/ocdwebmaster\/"}]}},"_links":{"self":[{"href":"https:\/\/www.carmelitaniscalzi.com\/fr\/wp-json\/wp\/v2\/posts\/19879","targetHints":{"allow":["GET"]}}],"collection":[{"href":"https:\/\/www.carmelitaniscalzi.com\/fr\/wp-json\/wp\/v2\/posts"}],"about":[{"href":"https:\/\/www.carmelitaniscalzi.com\/fr\/wp-json\/wp\/v2\/types\/post"}],"author":[{"embeddable":true,"href":"https:\/\/www.carmelitaniscalzi.com\/fr\/wp-json\/wp\/v2\/users\/7"}],"replies":[{"embeddable":true,"href":"https:\/\/www.carmelitaniscalzi.com\/fr\/wp-json\/wp\/v2\/comments?post=19879"}],"version-history":[{"count":0,"href":"https:\/\/www.carmelitaniscalzi.com\/fr\/wp-json\/wp\/v2\/posts\/19879\/revisions"}],"wp:featuredmedia":[{"embeddable":true,"href":"https:\/\/www.carmelitaniscalzi.com\/fr\/wp-json\/wp\/v2\/media\/19868"}],"wp:attachment":[{"href":"https:\/\/www.carmelitaniscalzi.com\/fr\/wp-json\/wp\/v2\/media?parent=19879"}],"wp:term":[{"taxonomy":"category","embeddable":true,"href":"https:\/\/www.carmelitaniscalzi.com\/fr\/wp-json\/wp\/v2\/categories?post=19879"},{"taxonomy":"post_tag","embeddable":true,"href":"https:\/\/www.carmelitaniscalzi.com\/fr\/wp-json\/wp\/v2\/tags?post=19879"}],"curies":[{"name":"wp","href":"https:\/\/api.w.org\/{rel}","templated":true}]}}