{"id":196501,"date":"2022-12-08T00:59:29","date_gmt":"2022-12-07T23:59:29","guid":{"rendered":"https:\/\/www.carmelitaniscalzi.com\/?p=196501"},"modified":"2022-12-09T00:59:59","modified_gmt":"2022-12-08T23:59:59","slug":"informations-pour-les-jmj2023","status":"publish","type":"post","link":"https:\/\/www.carmelitaniscalzi.com\/fr\/2022\/12\/08\/informations-pour-les-jmj2023\/","title":{"rendered":"INFORMATIONS POUR LES JMJ2023"},"content":{"rendered":"<p>Toutes les questions relatives aux <em>JMJ2023<\/em> et \u00e0 la <em>Rencontre Carm\u00e9litaine Internationale des Jeunes <\/em>doivent \u00eatre envoy\u00e9es \u00e0 <a href=\"mailto:jmj2023@carmelitas.pt\">jmj2023@carmelitas.pt<\/a>. De m\u00eame, toutes les informations dont nous disposons concernant les <em>JMJ2023<\/em> et la <em>Rencontre Carm\u00e9litaine Internationale<\/em> seront communiqu\u00e9es par le m\u00eame e-mail et disponibles sur le site <a href=\"http:\/\/jmj2023.carmelitas.pt\/\">http:\/\/jmj2023.carmelitas.pt\/<\/a>.<\/p>\n<p>&nbsp;<\/p>\n<p><strong><u>INFORMATIONS SUR LA <em>RENCONTRE CARM\u00c9LITAINE INTERNATIONALE DES JEUNES <\/em><\/u><\/strong><\/p>\n<p><strong>\u00a0<\/strong><\/p>\n<p><strong>Lieu<\/strong> : F\u00e1tima, Portugal<\/p>\n<p><strong>Date<\/strong> : 31 juillet 2023, de 10h \u00e0 20h (sous r\u00e9serve de modifications)<\/p>\n<p>&nbsp;<\/p>\n<p><strong>Prise de contact<\/strong><\/p>\n<p>Chaque groupe doit envoyer un e-mail \u00e0 <a href=\"mailto:jmj2023@carmelitas.pt\">jmj2023@carmelitas.pt<\/a>, en indiquant son intention de participer \u00e0 la r\u00e9union\u00a0; en pr\u00e9sentant le groupe (pays, type de communaut\u00e9 carm\u00e9litaine [s\u0153urs, fr\u00e8res, s\u00e9culiers, paroisse, coll\u00e8ge, mouvement eccl\u00e9sial, etc.] ainsi que le nom du responsable)\u00a0; et indiquer le nombre approximatif de participants.<\/p>\n<p>&nbsp;<\/p>\n<p><strong>Inscription \u00e0 la <em>Rencontre Carm\u00e9litaine Internationale des Jeunes<\/em><\/strong><\/p>\n<p><strong>\u00c9tape n\u00ba 1 :<\/strong><\/p>\n<ul>\n<li><em>Si vous avez besoin d&rsquo;un h\u00e9bergement <u>pour la nuit du 30 juillet<\/u> : <\/em><\/li>\n<\/ul>\n<p>L&rsquo;h\u00e9bergement sera le m\u00eame que pour les autres jours des JMJ<a href=\"#_ftn1\" name=\"_ftnref1\">[1]<\/a>. Afin de pouvoir garantir un h\u00e9bergement, chaque groupe doit s&rsquo;inscrire aux JMJ dans le cadre du macro-groupe appel\u00e9 <strong>ODC2023<\/strong> et choisir le forfait A1+(30 juillet) ou A3+(30 juillet) ;<\/p>\n<ul>\n<li><em>Si vous n&rsquo;avez pas besoin d\u2019h\u00e9bergement <u>pour la nuit du 30 juillet<\/u> :<\/em><\/li>\n<\/ul>\n<p>Passez \u00e0 l&rsquo;\u00e9tape n\u00ba 2.<\/p>\n<p>&nbsp;<\/p>\n<p><strong>\u00c9tape n\u00ba 2 : Inscription \u00e0 la <em>Rencontre Carm\u00e9litaine Internationale des Jeunes\u00a0:<\/em><\/strong><\/p>\n<p>Vers la fin 2022 d\u00e9but 2023, un formulaire d&rsquo;inscription en ligne sera disponible. Chaque groupe effectuera son inscription. La proc\u00e9dure se terminera par le paiement des frais de participation.<\/p>\n<p>&nbsp;<\/p>\n<p><strong>Informations g\u00e9n\u00e9rales pour la <em>Rencontre Carm\u00e9litaine Internationale des Jeunes\u00a0:<\/em><\/strong><\/p>\n<p>&#8211; Chaque groupe assurera son propre transport pour venir jusqu&rsquo;\u00e0 F\u00e1tima et retourner \u00e0 Lisbonne (ou ailleurs) afin de participer \u00e0 la Rencontre Internationale de la Jeunesse Carm\u00e9lite.<\/p>\n<p>&#8211; Les repas (d\u00e9jeuner et d\u00eener) sont inclus dans le forfait de participation.<\/p>\n<p>&#8211; Le programme de la <em>Rencontre<\/em> sera communiqu\u00e9 en temps utile. N\u00e9anmoins, tous les participants seront invit\u00e9s \u00e0 plusieurs moments : Eucharistie, temps de pri\u00e8re, ateliers, visite de F\u00e1tima, etc&#8230;<\/p>\n<p>&nbsp;<\/p>\n<p>&nbsp;<\/p>\n<p><strong><u>INFORMATIONS SUR LES JMJ2023<\/u><\/strong><\/p>\n<p><strong>\u00a0<\/strong><\/p>\n<p><strong>Modalit\u00e9s d&rsquo;inscription<\/strong><\/p>\n<p>&#8211; Chaque groupe doit s&rsquo;inscrire au sein du macro-groupe carm\u00e9litain \u00ab\u00a0<strong>OCD2023<\/strong>\u00ab\u00a0.<\/p>\n<p>&#8211; Chaque groupe, m\u00eame s&rsquo;il doit \u00eatre inscrit au sein du macro-groupe carm\u00e9litain, peut choisir le forfait qui correspond le mieux \u00e0 ses besoins.<\/p>\n<p>&nbsp;<\/p>\n<p><strong>Journ\u00e9es dans les dioc\u00e8ses<\/strong><\/p>\n<p>&#8211; Pour toute question relative aux Journ\u00e9es dans les Dioc\u00e8ses, merci de vous adresser aux organisateurs des JMJ2023 ou bien de consulter le site officiel :<\/p>\n<p><a href=\"https:\/\/www.lisboa2023.org\/pt\/preparacao\/dias-nas-dioceses\">https:\/\/www.lisboa2023.org\/pt\/preparacao\/dias-nas-dioceses<\/a>.<\/p>\n<p><a href=\"#_ftnref1\" name=\"_ftn1\">[1]<\/a> Comme nous ne disposons pas d&rsquo;un nombre suffisant de logements pour le nombre de participants attendus \u00e0 la <em>Rencontre<\/em>, nous nous sommes entendus avec les organisateurs des JMJ pour que les participants \u00e0 la <em>Rencontre<\/em> puissent s&rsquo;enregistrer dans les h\u00e9bergements des JMJ la veille de l&rsquo;ouverture officielle des JMJ, de fa\u00e7on \u00e0 pouvoir y passer la nuit et se rendre ensuite \u00e0 F\u00e1tima.<\/p>\n<p><img loading=\"lazy\" decoding=\"async\" class=\"alignnone size-full wp-image-196421\" src=\"https:\/\/www.carmelitaniscalzi.com\/wp-content\/uploads\/2022\/12\/JMJ1.png\" alt=\"\" width=\"1201\" height=\"676\" srcset=\"https:\/\/www.carmelitaniscalzi.com\/wp-content\/uploads\/2022\/12\/JMJ1.png 1201w, https:\/\/www.carmelitaniscalzi.com\/wp-content\/uploads\/2022\/12\/JMJ1-300x169.png 300w, https:\/\/www.carmelitaniscalzi.com\/wp-content\/uploads\/2022\/12\/JMJ1-1024x576.png 1024w, https:\/\/www.carmelitaniscalzi.com\/wp-content\/uploads\/2022\/12\/JMJ1-768x432.png 768w\" sizes=\"auto, (max-width: 1201px) 100vw, 1201px\" \/><\/p>\n","protected":false},"excerpt":{"rendered":"<p>Toutes les questions relatives aux JMJ2023 et \u00e0 la Rencontre Carm\u00e9litaine Internationale des Jeunes doivent \u00eatre envoy\u00e9es \u00e0 jmj2023@carmelitas.pt. De m\u00eame, toutes les informations dont nous disposons concernant les JMJ2023 et la Rencontre Carm\u00e9litaine Internationale seront communiqu\u00e9es par le m\u00eame e-mail et disponibles sur le site http:\/\/jmj2023.carmelitas.pt\/. &nbsp; INFORMATIONS SUR LA RENCONTRE CARM\u00c9LITAINE INTERNATIONALE DES [&hellip;]<\/p>\n","protected":false},"author":7,"featured_media":196415,"comment_status":"closed","ping_status":"open","sticky":false,"template":"","format":"standard","meta":{"_acf_changed":false,"footnotes":""},"categories":[201,203,261,370],"tags":[],"class_list":["post-196501","post","type-post","status-publish","format-standard","has-post-thumbnail","hentry","category-nouvelles-freres","category-nouvelles-moniales","category-nouvelles-ocds","category-nouvelles"],"acf":[],"yoast_head":"<!-- This site is optimized with the Yoast SEO plugin v26.3 - https:\/\/yoast.com\/wordpress\/plugins\/seo\/ -->\n<title>INFORMATIONS POUR LES JMJ2023 - CARMES D\u00c9CHAUX<\/title>\n<meta name=\"robots\" content=\"index, follow, max-snippet:-1, max-image-preview:large, max-video-preview:-1\" \/>\n<link rel=\"canonical\" href=\"https:\/\/www.carmelitaniscalzi.com\/fr\/2022\/12\/08\/informations-pour-les-jmj2023\/\" \/>\n<meta property=\"og:locale\" content=\"fr_FR\" \/>\n<meta property=\"og:type\" content=\"article\" \/>\n<meta property=\"og:title\" content=\"INFORMATIONS POUR LES JMJ2023 - CARMES D\u00c9CHAUX\" \/>\n<meta property=\"og:description\" content=\"Toutes les questions relatives aux JMJ2023 et \u00e0 la Rencontre Carm\u00e9litaine Internationale des Jeunes doivent \u00eatre envoy\u00e9es \u00e0 jmj2023@carmelitas.pt. De m\u00eame, toutes les informations dont nous disposons concernant les JMJ2023 et la Rencontre Carm\u00e9litaine Internationale seront communiqu\u00e9es par le m\u00eame e-mail et disponibles sur le site http:\/\/jmj2023.carmelitas.pt\/. &nbsp; INFORMATIONS SUR LA RENCONTRE CARM\u00c9LITAINE INTERNATIONALE DES [&hellip;]\" \/>\n<meta property=\"og:url\" content=\"https:\/\/www.carmelitaniscalzi.com\/fr\/2022\/12\/08\/informations-pour-les-jmj2023\/\" \/>\n<meta property=\"og:site_name\" content=\"CARMES D\u00c9CHAUX\" \/>\n<meta property=\"article:publisher\" content=\"https:\/\/www.facebook.com\/Curia-Generalizia-Carmelitani-Scalzi-658766940887784\/\" \/>\n<meta property=\"article:published_time\" content=\"2022-12-07T23:59:29+00:00\" \/>\n<meta property=\"article:modified_time\" content=\"2022-12-08T23:59:59+00:00\" \/>\n<meta property=\"og:image\" content=\"https:\/\/www.carmelitaniscalzi.com\/wp-content\/uploads\/2022\/12\/cover_jmj_11.2022.jpg\" \/>\n\t<meta property=\"og:image:width\" content=\"1200\" \/>\n\t<meta property=\"og:image:height\" content=\"800\" \/>\n\t<meta property=\"og:image:type\" content=\"image\/jpeg\" \/>\n<meta name=\"author\" content=\"ocd web master\" \/>\n<meta name=\"twitter:card\" content=\"summary_large_image\" \/>\n<meta name=\"twitter:creator\" content=\"@ocdcuria\" \/>\n<meta name=\"twitter:site\" content=\"@ocdcuria\" \/>\n<meta name=\"twitter:label1\" content=\"\u00c9crit par\" \/>\n\t<meta name=\"twitter:data1\" content=\"ocd web master\" \/>\n\t<meta name=\"twitter:label2\" content=\"Dur\u00e9e de lecture estim\u00e9e\" \/>\n\t<meta name=\"twitter:data2\" content=\"2 minutes\" \/>\n<script type=\"application\/ld+json\" class=\"yoast-schema-graph\">{\"@context\":\"https:\/\/schema.org\",\"@graph\":[{\"@type\":\"Article\",\"@id\":\"https:\/\/www.carmelitaniscalzi.com\/fr\/2022\/12\/08\/informations-pour-les-jmj2023\/#article\",\"isPartOf\":{\"@id\":\"https:\/\/www.carmelitaniscalzi.com\/fr\/2022\/12\/08\/informations-pour-les-jmj2023\/\"},\"author\":{\"name\":\"ocd web master\",\"@id\":\"https:\/\/www.carmelitaniscalzi.com\/#\/schema\/person\/6d1c0d9bea7b6625c437246a5d6da409\"},\"headline\":\"INFORMATIONS POUR LES JMJ2023\",\"datePublished\":\"2022-12-07T23:59:29+00:00\",\"dateModified\":\"2022-12-08T23:59:59+00:00\",\"mainEntityOfPage\":{\"@id\":\"https:\/\/www.carmelitaniscalzi.com\/fr\/2022\/12\/08\/informations-pour-les-jmj2023\/\"},\"wordCount\":513,\"publisher\":{\"@id\":\"https:\/\/www.carmelitaniscalzi.com\/#organization\"},\"image\":{\"@id\":\"https:\/\/www.carmelitaniscalzi.com\/fr\/2022\/12\/08\/informations-pour-les-jmj2023\/#primaryimage\"},\"thumbnailUrl\":\"https:\/\/www.carmelitaniscalzi.com\/wp-content\/uploads\/2022\/12\/cover_jmj_11.2022.jpg\",\"articleSection\":[\"Nouvelles Fr\u00e8res\",\"Nouvelles Moniales\",\"Nouvelles OCDS\",\"Nouvelles\"],\"inLanguage\":\"fr-FR\"},{\"@type\":\"WebPage\",\"@id\":\"https:\/\/www.carmelitaniscalzi.com\/fr\/2022\/12\/08\/informations-pour-les-jmj2023\/\",\"url\":\"https:\/\/www.carmelitaniscalzi.com\/fr\/2022\/12\/08\/informations-pour-les-jmj2023\/\",\"name\":\"INFORMATIONS POUR LES JMJ2023 - CARMES D\u00c9CHAUX\",\"isPartOf\":{\"@id\":\"https:\/\/www.carmelitaniscalzi.com\/#website\"},\"primaryImageOfPage\":{\"@id\":\"https:\/\/www.carmelitaniscalzi.com\/fr\/2022\/12\/08\/informations-pour-les-jmj2023\/#primaryimage\"},\"image\":{\"@id\":\"https:\/\/www.carmelitaniscalzi.com\/fr\/2022\/12\/08\/informations-pour-les-jmj2023\/#primaryimage\"},\"thumbnailUrl\":\"https:\/\/www.carmelitaniscalzi.com\/wp-content\/uploads\/2022\/12\/cover_jmj_11.2022.jpg\",\"datePublished\":\"2022-12-07T23:59:29+00:00\",\"dateModified\":\"2022-12-08T23:59:59+00:00\",\"breadcrumb\":{\"@id\":\"https:\/\/www.carmelitaniscalzi.com\/fr\/2022\/12\/08\/informations-pour-les-jmj2023\/#breadcrumb\"},\"inLanguage\":\"fr-FR\",\"potentialAction\":[{\"@type\":\"ReadAction\",\"target\":[\"https:\/\/www.carmelitaniscalzi.com\/fr\/2022\/12\/08\/informations-pour-les-jmj2023\/\"]}]},{\"@type\":\"ImageObject\",\"inLanguage\":\"fr-FR\",\"@id\":\"https:\/\/www.carmelitaniscalzi.com\/fr\/2022\/12\/08\/informations-pour-les-jmj2023\/#primaryimage\",\"url\":\"https:\/\/www.carmelitaniscalzi.com\/wp-content\/uploads\/2022\/12\/cover_jmj_11.2022.jpg\",\"contentUrl\":\"https:\/\/www.carmelitaniscalzi.com\/wp-content\/uploads\/2022\/12\/cover_jmj_11.2022.jpg\",\"width\":1200,\"height\":800},{\"@type\":\"BreadcrumbList\",\"@id\":\"https:\/\/www.carmelitaniscalzi.com\/fr\/2022\/12\/08\/informations-pour-les-jmj2023\/#breadcrumb\",\"itemListElement\":[{\"@type\":\"ListItem\",\"position\":1,\"name\":\"Home\",\"item\":\"https:\/\/www.carmelitaniscalzi.com\/fr\/\"},{\"@type\":\"ListItem\",\"position\":2,\"name\":\"INFORMATIONS POUR LES JMJ2023\"}]},{\"@type\":\"WebSite\",\"@id\":\"https:\/\/www.carmelitaniscalzi.com\/#website\",\"url\":\"https:\/\/www.carmelitaniscalzi.com\/\",\"name\":\"CARMELITANI SCALZI - Curia Generale del Carmelo Teresiano\",\"description\":\"Curie G\u00e9n\u00e9ralice du Carmel D\u00e9chauss\u00e9\",\"publisher\":{\"@id\":\"https:\/\/www.carmelitaniscalzi.com\/#organization\"},\"alternateName\":\"CARMELITANI SCALZI\",\"potentialAction\":[{\"@type\":\"SearchAction\",\"target\":{\"@type\":\"EntryPoint\",\"urlTemplate\":\"https:\/\/www.carmelitaniscalzi.com\/?s={search_term_string}\"},\"query-input\":{\"@type\":\"PropertyValueSpecification\",\"valueRequired\":true,\"valueName\":\"search_term_string\"}}],\"inLanguage\":\"fr-FR\"},{\"@type\":\"Organization\",\"@id\":\"https:\/\/www.carmelitaniscalzi.com\/#organization\",\"name\":\"CARMELITANI SCALZI - Curia Generale del Carmelo Teresiano\",\"url\":\"https:\/\/www.carmelitaniscalzi.com\/\",\"logo\":{\"@type\":\"ImageObject\",\"inLanguage\":\"fr-FR\",\"@id\":\"https:\/\/www.carmelitaniscalzi.com\/#\/schema\/logo\/image\/\",\"url\":\"https:\/\/www.carmelitaniscalzi.com\/wp-content\/uploads\/2025\/11\/login-logo.png\",\"contentUrl\":\"https:\/\/www.carmelitaniscalzi.com\/wp-content\/uploads\/2025\/11\/login-logo.png\",\"width\":256,\"height\":256,\"caption\":\"CARMELITANI SCALZI - Curia Generale del Carmelo Teresiano\"},\"image\":{\"@id\":\"https:\/\/www.carmelitaniscalzi.com\/#\/schema\/logo\/image\/\"},\"sameAs\":[\"https:\/\/www.facebook.com\/Curia-Generalizia-Carmelitani-Scalzi-658766940887784\/\",\"https:\/\/x.com\/ocdcuria\",\"https:\/\/www.youtube.com\/channel\/UC2J5ZL0ycOY0qBSTCLX_NGQ\/videos\",\"https:\/\/www.instagram.com\/ocdinform\/\"]},{\"@type\":\"Person\",\"@id\":\"https:\/\/www.carmelitaniscalzi.com\/#\/schema\/person\/6d1c0d9bea7b6625c437246a5d6da409\",\"name\":\"ocd web master\",\"image\":{\"@type\":\"ImageObject\",\"inLanguage\":\"fr-FR\",\"@id\":\"https:\/\/www.carmelitaniscalzi.com\/#\/schema\/person\/image\/\",\"url\":\"https:\/\/secure.gravatar.com\/avatar\/41fbc5f82bad909fbaf2984c43fa50d8519ac5853e25b454d022b6868f80d0e7?s=96&d=mm&r=g\",\"contentUrl\":\"https:\/\/secure.gravatar.com\/avatar\/41fbc5f82bad909fbaf2984c43fa50d8519ac5853e25b454d022b6868f80d0e7?s=96&d=mm&r=g\",\"caption\":\"ocd web master\"},\"url\":\"https:\/\/www.carmelitaniscalzi.com\/fr\/author\/ocdwebmaster\/\"}]}<\/script>\n<!-- \/ Yoast SEO plugin. -->","yoast_head_json":{"title":"INFORMATIONS POUR LES JMJ2023 - CARMES D\u00c9CHAUX","robots":{"index":"index","follow":"follow","max-snippet":"max-snippet:-1","max-image-preview":"max-image-preview:large","max-video-preview":"max-video-preview:-1"},"canonical":"https:\/\/www.carmelitaniscalzi.com\/fr\/2022\/12\/08\/informations-pour-les-jmj2023\/","og_locale":"fr_FR","og_type":"article","og_title":"INFORMATIONS POUR LES JMJ2023 - CARMES D\u00c9CHAUX","og_description":"Toutes les questions relatives aux JMJ2023 et \u00e0 la Rencontre Carm\u00e9litaine Internationale des Jeunes doivent \u00eatre envoy\u00e9es \u00e0 jmj2023@carmelitas.pt. De m\u00eame, toutes les informations dont nous disposons concernant les JMJ2023 et la Rencontre Carm\u00e9litaine Internationale seront communiqu\u00e9es par le m\u00eame e-mail et disponibles sur le site http:\/\/jmj2023.carmelitas.pt\/. &nbsp; INFORMATIONS SUR LA RENCONTRE CARM\u00c9LITAINE INTERNATIONALE DES [&hellip;]","og_url":"https:\/\/www.carmelitaniscalzi.com\/fr\/2022\/12\/08\/informations-pour-les-jmj2023\/","og_site_name":"CARMES D\u00c9CHAUX","article_publisher":"https:\/\/www.facebook.com\/Curia-Generalizia-Carmelitani-Scalzi-658766940887784\/","article_published_time":"2022-12-07T23:59:29+00:00","article_modified_time":"2022-12-08T23:59:59+00:00","og_image":[{"width":1200,"height":800,"url":"https:\/\/www.carmelitaniscalzi.com\/wp-content\/uploads\/2022\/12\/cover_jmj_11.2022.jpg","type":"image\/jpeg"}],"author":"ocd web master","twitter_card":"summary_large_image","twitter_creator":"@ocdcuria","twitter_site":"@ocdcuria","twitter_misc":{"\u00c9crit par":"ocd web master","Dur\u00e9e de lecture estim\u00e9e":"2 minutes"},"schema":{"@context":"https:\/\/schema.org","@graph":[{"@type":"Article","@id":"https:\/\/www.carmelitaniscalzi.com\/fr\/2022\/12\/08\/informations-pour-les-jmj2023\/#article","isPartOf":{"@id":"https:\/\/www.carmelitaniscalzi.com\/fr\/2022\/12\/08\/informations-pour-les-jmj2023\/"},"author":{"name":"ocd web master","@id":"https:\/\/www.carmelitaniscalzi.com\/#\/schema\/person\/6d1c0d9bea7b6625c437246a5d6da409"},"headline":"INFORMATIONS POUR LES JMJ2023","datePublished":"2022-12-07T23:59:29+00:00","dateModified":"2022-12-08T23:59:59+00:00","mainEntityOfPage":{"@id":"https:\/\/www.carmelitaniscalzi.com\/fr\/2022\/12\/08\/informations-pour-les-jmj2023\/"},"wordCount":513,"publisher":{"@id":"https:\/\/www.carmelitaniscalzi.com\/#organization"},"image":{"@id":"https:\/\/www.carmelitaniscalzi.com\/fr\/2022\/12\/08\/informations-pour-les-jmj2023\/#primaryimage"},"thumbnailUrl":"https:\/\/www.carmelitaniscalzi.com\/wp-content\/uploads\/2022\/12\/cover_jmj_11.2022.jpg","articleSection":["Nouvelles Fr\u00e8res","Nouvelles Moniales","Nouvelles OCDS","Nouvelles"],"inLanguage":"fr-FR"},{"@type":"WebPage","@id":"https:\/\/www.carmelitaniscalzi.com\/fr\/2022\/12\/08\/informations-pour-les-jmj2023\/","url":"https:\/\/www.carmelitaniscalzi.com\/fr\/2022\/12\/08\/informations-pour-les-jmj2023\/","name":"INFORMATIONS POUR LES JMJ2023 - CARMES D\u00c9CHAUX","isPartOf":{"@id":"https:\/\/www.carmelitaniscalzi.com\/#website"},"primaryImageOfPage":{"@id":"https:\/\/www.carmelitaniscalzi.com\/fr\/2022\/12\/08\/informations-pour-les-jmj2023\/#primaryimage"},"image":{"@id":"https:\/\/www.carmelitaniscalzi.com\/fr\/2022\/12\/08\/informations-pour-les-jmj2023\/#primaryimage"},"thumbnailUrl":"https:\/\/www.carmelitaniscalzi.com\/wp-content\/uploads\/2022\/12\/cover_jmj_11.2022.jpg","datePublished":"2022-12-07T23:59:29+00:00","dateModified":"2022-12-08T23:59:59+00:00","breadcrumb":{"@id":"https:\/\/www.carmelitaniscalzi.com\/fr\/2022\/12\/08\/informations-pour-les-jmj2023\/#breadcrumb"},"inLanguage":"fr-FR","potentialAction":[{"@type":"ReadAction","target":["https:\/\/www.carmelitaniscalzi.com\/fr\/2022\/12\/08\/informations-pour-les-jmj2023\/"]}]},{"@type":"ImageObject","inLanguage":"fr-FR","@id":"https:\/\/www.carmelitaniscalzi.com\/fr\/2022\/12\/08\/informations-pour-les-jmj2023\/#primaryimage","url":"https:\/\/www.carmelitaniscalzi.com\/wp-content\/uploads\/2022\/12\/cover_jmj_11.2022.jpg","contentUrl":"https:\/\/www.carmelitaniscalzi.com\/wp-content\/uploads\/2022\/12\/cover_jmj_11.2022.jpg","width":1200,"height":800},{"@type":"BreadcrumbList","@id":"https:\/\/www.carmelitaniscalzi.com\/fr\/2022\/12\/08\/informations-pour-les-jmj2023\/#breadcrumb","itemListElement":[{"@type":"ListItem","position":1,"name":"Home","item":"https:\/\/www.carmelitaniscalzi.com\/fr\/"},{"@type":"ListItem","position":2,"name":"INFORMATIONS POUR LES JMJ2023"}]},{"@type":"WebSite","@id":"https:\/\/www.carmelitaniscalzi.com\/#website","url":"https:\/\/www.carmelitaniscalzi.com\/","name":"CARMELITANI SCALZI - Curia Generale del Carmelo Teresiano","description":"Curie G\u00e9n\u00e9ralice du Carmel D\u00e9chauss\u00e9","publisher":{"@id":"https:\/\/www.carmelitaniscalzi.com\/#organization"},"alternateName":"CARMELITANI SCALZI","potentialAction":[{"@type":"SearchAction","target":{"@type":"EntryPoint","urlTemplate":"https:\/\/www.carmelitaniscalzi.com\/?s={search_term_string}"},"query-input":{"@type":"PropertyValueSpecification","valueRequired":true,"valueName":"search_term_string"}}],"inLanguage":"fr-FR"},{"@type":"Organization","@id":"https:\/\/www.carmelitaniscalzi.com\/#organization","name":"CARMELITANI SCALZI - Curia Generale del Carmelo Teresiano","url":"https:\/\/www.carmelitaniscalzi.com\/","logo":{"@type":"ImageObject","inLanguage":"fr-FR","@id":"https:\/\/www.carmelitaniscalzi.com\/#\/schema\/logo\/image\/","url":"https:\/\/www.carmelitaniscalzi.com\/wp-content\/uploads\/2025\/11\/login-logo.png","contentUrl":"https:\/\/www.carmelitaniscalzi.com\/wp-content\/uploads\/2025\/11\/login-logo.png","width":256,"height":256,"caption":"CARMELITANI SCALZI - Curia Generale del Carmelo Teresiano"},"image":{"@id":"https:\/\/www.carmelitaniscalzi.com\/#\/schema\/logo\/image\/"},"sameAs":["https:\/\/www.facebook.com\/Curia-Generalizia-Carmelitani-Scalzi-658766940887784\/","https:\/\/x.com\/ocdcuria","https:\/\/www.youtube.com\/channel\/UC2J5ZL0ycOY0qBSTCLX_NGQ\/videos","https:\/\/www.instagram.com\/ocdinform\/"]},{"@type":"Person","@id":"https:\/\/www.carmelitaniscalzi.com\/#\/schema\/person\/6d1c0d9bea7b6625c437246a5d6da409","name":"ocd web master","image":{"@type":"ImageObject","inLanguage":"fr-FR","@id":"https:\/\/www.carmelitaniscalzi.com\/#\/schema\/person\/image\/","url":"https:\/\/secure.gravatar.com\/avatar\/41fbc5f82bad909fbaf2984c43fa50d8519ac5853e25b454d022b6868f80d0e7?s=96&d=mm&r=g","contentUrl":"https:\/\/secure.gravatar.com\/avatar\/41fbc5f82bad909fbaf2984c43fa50d8519ac5853e25b454d022b6868f80d0e7?s=96&d=mm&r=g","caption":"ocd web master"},"url":"https:\/\/www.carmelitaniscalzi.com\/fr\/author\/ocdwebmaster\/"}]}},"_links":{"self":[{"href":"https:\/\/www.carmelitaniscalzi.com\/fr\/wp-json\/wp\/v2\/posts\/196501","targetHints":{"allow":["GET"]}}],"collection":[{"href":"https:\/\/www.carmelitaniscalzi.com\/fr\/wp-json\/wp\/v2\/posts"}],"about":[{"href":"https:\/\/www.carmelitaniscalzi.com\/fr\/wp-json\/wp\/v2\/types\/post"}],"author":[{"embeddable":true,"href":"https:\/\/www.carmelitaniscalzi.com\/fr\/wp-json\/wp\/v2\/users\/7"}],"replies":[{"embeddable":true,"href":"https:\/\/www.carmelitaniscalzi.com\/fr\/wp-json\/wp\/v2\/comments?post=196501"}],"version-history":[{"count":1,"href":"https:\/\/www.carmelitaniscalzi.com\/fr\/wp-json\/wp\/v2\/posts\/196501\/revisions"}],"predecessor-version":[{"id":196502,"href":"https:\/\/www.carmelitaniscalzi.com\/fr\/wp-json\/wp\/v2\/posts\/196501\/revisions\/196502"}],"wp:featuredmedia":[{"embeddable":true,"href":"https:\/\/www.carmelitaniscalzi.com\/fr\/wp-json\/wp\/v2\/media\/196415"}],"wp:attachment":[{"href":"https:\/\/www.carmelitaniscalzi.com\/fr\/wp-json\/wp\/v2\/media?parent=196501"}],"wp:term":[{"taxonomy":"category","embeddable":true,"href":"https:\/\/www.carmelitaniscalzi.com\/fr\/wp-json\/wp\/v2\/categories?post=196501"},{"taxonomy":"post_tag","embeddable":true,"href":"https:\/\/www.carmelitaniscalzi.com\/fr\/wp-json\/wp\/v2\/tags?post=196501"}],"curies":[{"name":"wp","href":"https:\/\/api.w.org\/{rel}","templated":true}]}}