{"id":19500,"date":"2018-01-23T10:49:12","date_gmt":"2018-01-23T09:49:12","guid":{"rendered":"https:\/\/www.carmelitaniscalzi.com\/fr\/?p=19500"},"modified":"2018-01-23T10:49:12","modified_gmt":"2018-01-23T09:49:12","slug":"les-carmelites-dechaussees-de-tolentino","status":"publish","type":"post","link":"https:\/\/www.carmelitaniscalzi.com\/fr\/2018\/01\/23\/les-carmelites-dechaussees-de-tolentino\/","title":{"rendered":"Les Carm\u00e9lites d\u00e9chauss\u00e9es de Tolentino"},"content":{"rendered":"<p>\u00c0 ce service d\u2019information nous recevons fr\u00e9quemment des questions sur la situation de nos s\u0153urs carm\u00e9lites d\u00e9chauss\u00e9es de Tolentino, qui, comme nous vous en informions le 3 novembre 2016 ont d\u00fb abandonner leur monast\u00e8re apr\u00e8s le tremblement de terre du 30 octobre de la m\u00eame ann\u00e9e, alors que la communaut\u00e9 avait \u00e0 peine commenc\u00e9 \u00e0 c\u00e9l\u00e9brer la messe, pr\u00e9sid\u00e9e par le provincial d\u2019Italie centrale d\u2019alors, le p\u00e8re Gabriel Morra.<\/p>\n<p>Accueillies par les s\u0153urs de Fano le jour m\u00eame, les moniales commenc\u00e8rent \u00e0 chercher des solutions alternatives afin de lib\u00e9rer le monast\u00e8re et la communaut\u00e9 de Fano de la surcharge mat\u00e9rielle que suppose la pr\u00e9sence en ces lieux de 19 moniales de plus, bien que la bonne volont\u00e9 et l\u2019amour fraternel fussent plus forts que n\u2019importe quelle difficult\u00e9. Trouvant un lieu ad\u00e9quat, la communaut\u00e9 de Tolentino pourrait retrouver aussi une certaine autonomie, toujours n\u00e9cessaire.<\/p>\n<p>Finalement, le 22 juillet 2017 les moniales, gr\u00e2ce \u00e0 l\u2019int\u00e9r\u00eat des P\u00e8res Augustins et \u00e0 la g\u00e9n\u00e9rosit\u00e9 des S\u0153urs Augustines de Sainte Rita de Casia, purent se transf\u00e9rer \u00e0 la maison d\u2019accueil vocationnel \u00ab Saint-Augustin \u00bb tr\u00e8s proche de cette ville italienne. Elles se trouvent l\u00e0 depuis cette date dans l\u2019attente de pouvoir reconstruire le monast\u00e8re de Tolentino. Il reste encore beaucoup de chemin avant d\u2019atteindre cet objectif. \u00a0Il faudra recueillir aussi de nombreuses aides\u2013 d\u00e9j\u00e0 se sont mis en marche des initiatives solidaires dont nous avons parl\u00e9 sur nos r\u00e9seaux sociaux \u2013, mais la communaut\u00e9 vit le chemin emprunt\u00e9 apr\u00e8s la douloureuse journ\u00e9e du 30 octobre 2016 dans l\u2019abandon et l\u2019esp\u00e9rance en la mis\u00e9ricorde de Dieu.<\/p>\n<p>Avec ce lien on peut t\u00e9l\u00e9charger, en italien, une chronique \u00e9crite par les s\u0153urs elles-m\u00eames, dont nous vous donnons ici un r\u00e9sum\u00e9: <a href=\"http:\/\/www.sannicoladatolentino.it\/files\/Bollettino-luglio-settembre-2017--DEF.pdf\">http:\/\/www.sannicoladatolentino.it\/files\/Bollettino-luglio-settembre-2017&#8211;DEF.pdf<\/a><\/p>\n<p><img loading=\"lazy\" decoding=\"async\" class=\"alignnone size-full wp-image-19469\" src=\"https:\/\/www.carmelitaniscalzi.com\/wp-content\/uploads\/2018\/01\/02-2.png\" alt=\"\" width=\"297\" height=\"411\" srcset=\"https:\/\/www.carmelitaniscalzi.com\/wp-content\/uploads\/2018\/01\/02-2.png 297w, https:\/\/www.carmelitaniscalzi.com\/wp-content\/uploads\/2018\/01\/02-2-217x300.png 217w, https:\/\/www.carmelitaniscalzi.com\/wp-content\/uploads\/2018\/01\/02-2-40x55.png 40w\" sizes=\"auto, (max-width: 297px) 100vw, 297px\" \/> <img loading=\"lazy\" decoding=\"async\" class=\"alignnone size-full wp-image-19468\" src=\"https:\/\/www.carmelitaniscalzi.com\/wp-content\/uploads\/2018\/01\/01-2.png\" alt=\"\" width=\"603\" height=\"259\" srcset=\"https:\/\/www.carmelitaniscalzi.com\/wp-content\/uploads\/2018\/01\/01-2.png 603w, https:\/\/www.carmelitaniscalzi.com\/wp-content\/uploads\/2018\/01\/01-2-300x129.png 300w, https:\/\/www.carmelitaniscalzi.com\/wp-content\/uploads\/2018\/01\/01-2-128x55.png 128w, https:\/\/www.carmelitaniscalzi.com\/wp-content\/uploads\/2018\/01\/01-2-580x249.png 580w\" sizes=\"auto, (max-width: 603px) 100vw, 603px\" \/><\/p>\n","protected":false},"excerpt":{"rendered":"<p>\u00c0 ce service d\u2019information nous recevons fr\u00e9quemment des questions sur la situation de nos s\u0153urs carm\u00e9lites d\u00e9chauss\u00e9es de Tolentino, qui, comme nous vous en informions le 3 novembre 2016 ont d\u00fb abandonner leur monast\u00e8re apr\u00e8s le tremblement de terre du 30 octobre de la m\u00eame ann\u00e9e, alors que la communaut\u00e9 avait \u00e0 peine commenc\u00e9 \u00e0 [&hellip;]<\/p>\n","protected":false},"author":7,"featured_media":19467,"comment_status":"closed","ping_status":"closed","sticky":false,"template":"","format":"standard","meta":{"_acf_changed":false,"footnotes":""},"categories":[203,370],"tags":[],"class_list":["post-19500","post","type-post","status-publish","format-standard","has-post-thumbnail","hentry","category-nouvelles-moniales","category-nouvelles"],"acf":[],"yoast_head":"<!-- This site is optimized with the Yoast SEO plugin v26.3 - https:\/\/yoast.com\/wordpress\/plugins\/seo\/ -->\n<title>Les Carm\u00e9lites d\u00e9chauss\u00e9es de Tolentino - CARMES D\u00c9CHAUX<\/title>\n<meta name=\"robots\" content=\"index, follow, max-snippet:-1, max-image-preview:large, max-video-preview:-1\" \/>\n<link rel=\"canonical\" href=\"https:\/\/www.carmelitaniscalzi.com\/fr\/2018\/01\/23\/les-carmelites-dechaussees-de-tolentino\/\" \/>\n<meta property=\"og:locale\" content=\"fr_FR\" \/>\n<meta property=\"og:type\" content=\"article\" \/>\n<meta property=\"og:title\" content=\"Les Carm\u00e9lites d\u00e9chauss\u00e9es de Tolentino - CARMES D\u00c9CHAUX\" \/>\n<meta property=\"og:description\" content=\"\u00c0 ce service d\u2019information nous recevons fr\u00e9quemment des questions sur la situation de nos s\u0153urs carm\u00e9lites d\u00e9chauss\u00e9es de Tolentino, qui, comme nous vous en informions le 3 novembre 2016 ont d\u00fb abandonner leur monast\u00e8re apr\u00e8s le tremblement de terre du 30 octobre de la m\u00eame ann\u00e9e, alors que la communaut\u00e9 avait \u00e0 peine commenc\u00e9 \u00e0 [&hellip;]\" \/>\n<meta property=\"og:url\" content=\"https:\/\/www.carmelitaniscalzi.com\/fr\/2018\/01\/23\/les-carmelites-dechaussees-de-tolentino\/\" \/>\n<meta property=\"og:site_name\" content=\"CARMES D\u00c9CHAUX\" \/>\n<meta property=\"article:publisher\" content=\"https:\/\/www.facebook.com\/Curia-Generalizia-Carmelitani-Scalzi-658766940887784\/\" \/>\n<meta property=\"article:published_time\" content=\"2018-01-23T09:49:12+00:00\" \/>\n<meta property=\"og:image\" content=\"https:\/\/www.carmelitaniscalzi.com\/wp-content\/uploads\/2018\/01\/00-2.png\" \/>\n\t<meta property=\"og:image:width\" content=\"640\" \/>\n\t<meta property=\"og:image:height\" content=\"366\" \/>\n\t<meta property=\"og:image:type\" content=\"image\/png\" \/>\n<meta name=\"author\" content=\"ocd web master\" \/>\n<meta name=\"twitter:card\" content=\"summary_large_image\" \/>\n<meta name=\"twitter:creator\" content=\"@ocdcuria\" \/>\n<meta name=\"twitter:site\" content=\"@ocdcuria\" \/>\n<meta name=\"twitter:label1\" content=\"\u00c9crit par\" \/>\n\t<meta name=\"twitter:data1\" content=\"ocd web master\" \/>\n\t<meta name=\"twitter:label2\" content=\"Dur\u00e9e de lecture estim\u00e9e\" \/>\n\t<meta name=\"twitter:data2\" content=\"2 minutes\" \/>\n<script type=\"application\/ld+json\" class=\"yoast-schema-graph\">{\"@context\":\"https:\/\/schema.org\",\"@graph\":[{\"@type\":\"Article\",\"@id\":\"https:\/\/www.carmelitaniscalzi.com\/fr\/2018\/01\/23\/les-carmelites-dechaussees-de-tolentino\/#article\",\"isPartOf\":{\"@id\":\"https:\/\/www.carmelitaniscalzi.com\/fr\/2018\/01\/23\/les-carmelites-dechaussees-de-tolentino\/\"},\"author\":{\"name\":\"ocd web master\",\"@id\":\"https:\/\/www.carmelitaniscalzi.com\/#\/schema\/person\/6d1c0d9bea7b6625c437246a5d6da409\"},\"headline\":\"Les Carm\u00e9lites d\u00e9chauss\u00e9es de Tolentino\",\"datePublished\":\"2018-01-23T09:49:12+00:00\",\"mainEntityOfPage\":{\"@id\":\"https:\/\/www.carmelitaniscalzi.com\/fr\/2018\/01\/23\/les-carmelites-dechaussees-de-tolentino\/\"},\"wordCount\":335,\"publisher\":{\"@id\":\"https:\/\/www.carmelitaniscalzi.com\/#organization\"},\"image\":{\"@id\":\"https:\/\/www.carmelitaniscalzi.com\/fr\/2018\/01\/23\/les-carmelites-dechaussees-de-tolentino\/#primaryimage\"},\"thumbnailUrl\":\"https:\/\/www.carmelitaniscalzi.com\/wp-content\/uploads\/2018\/01\/00-2.png\",\"articleSection\":[\"Nouvelles Moniales\",\"Nouvelles\"],\"inLanguage\":\"fr-FR\"},{\"@type\":\"WebPage\",\"@id\":\"https:\/\/www.carmelitaniscalzi.com\/fr\/2018\/01\/23\/les-carmelites-dechaussees-de-tolentino\/\",\"url\":\"https:\/\/www.carmelitaniscalzi.com\/fr\/2018\/01\/23\/les-carmelites-dechaussees-de-tolentino\/\",\"name\":\"Les Carm\u00e9lites d\u00e9chauss\u00e9es de Tolentino - CARMES D\u00c9CHAUX\",\"isPartOf\":{\"@id\":\"https:\/\/www.carmelitaniscalzi.com\/#website\"},\"primaryImageOfPage\":{\"@id\":\"https:\/\/www.carmelitaniscalzi.com\/fr\/2018\/01\/23\/les-carmelites-dechaussees-de-tolentino\/#primaryimage\"},\"image\":{\"@id\":\"https:\/\/www.carmelitaniscalzi.com\/fr\/2018\/01\/23\/les-carmelites-dechaussees-de-tolentino\/#primaryimage\"},\"thumbnailUrl\":\"https:\/\/www.carmelitaniscalzi.com\/wp-content\/uploads\/2018\/01\/00-2.png\",\"datePublished\":\"2018-01-23T09:49:12+00:00\",\"breadcrumb\":{\"@id\":\"https:\/\/www.carmelitaniscalzi.com\/fr\/2018\/01\/23\/les-carmelites-dechaussees-de-tolentino\/#breadcrumb\"},\"inLanguage\":\"fr-FR\",\"potentialAction\":[{\"@type\":\"ReadAction\",\"target\":[\"https:\/\/www.carmelitaniscalzi.com\/fr\/2018\/01\/23\/les-carmelites-dechaussees-de-tolentino\/\"]}]},{\"@type\":\"ImageObject\",\"inLanguage\":\"fr-FR\",\"@id\":\"https:\/\/www.carmelitaniscalzi.com\/fr\/2018\/01\/23\/les-carmelites-dechaussees-de-tolentino\/#primaryimage\",\"url\":\"https:\/\/www.carmelitaniscalzi.com\/wp-content\/uploads\/2018\/01\/00-2.png\",\"contentUrl\":\"https:\/\/www.carmelitaniscalzi.com\/wp-content\/uploads\/2018\/01\/00-2.png\",\"width\":640,\"height\":366},{\"@type\":\"BreadcrumbList\",\"@id\":\"https:\/\/www.carmelitaniscalzi.com\/fr\/2018\/01\/23\/les-carmelites-dechaussees-de-tolentino\/#breadcrumb\",\"itemListElement\":[{\"@type\":\"ListItem\",\"position\":1,\"name\":\"Home\",\"item\":\"https:\/\/www.carmelitaniscalzi.com\/fr\/\"},{\"@type\":\"ListItem\",\"position\":2,\"name\":\"Les Carm\u00e9lites d\u00e9chauss\u00e9es de Tolentino\"}]},{\"@type\":\"WebSite\",\"@id\":\"https:\/\/www.carmelitaniscalzi.com\/#website\",\"url\":\"https:\/\/www.carmelitaniscalzi.com\/\",\"name\":\"CARMELITANI SCALZI - Curia Generale del Carmelo Teresiano\",\"description\":\"Curie G\u00e9n\u00e9ralice du Carmel D\u00e9chauss\u00e9\",\"publisher\":{\"@id\":\"https:\/\/www.carmelitaniscalzi.com\/#organization\"},\"alternateName\":\"CARMELITANI SCALZI\",\"potentialAction\":[{\"@type\":\"SearchAction\",\"target\":{\"@type\":\"EntryPoint\",\"urlTemplate\":\"https:\/\/www.carmelitaniscalzi.com\/?s={search_term_string}\"},\"query-input\":{\"@type\":\"PropertyValueSpecification\",\"valueRequired\":true,\"valueName\":\"search_term_string\"}}],\"inLanguage\":\"fr-FR\"},{\"@type\":\"Organization\",\"@id\":\"https:\/\/www.carmelitaniscalzi.com\/#organization\",\"name\":\"CARMELITANI SCALZI - Curia Generale del Carmelo Teresiano\",\"url\":\"https:\/\/www.carmelitaniscalzi.com\/\",\"logo\":{\"@type\":\"ImageObject\",\"inLanguage\":\"fr-FR\",\"@id\":\"https:\/\/www.carmelitaniscalzi.com\/#\/schema\/logo\/image\/\",\"url\":\"https:\/\/www.carmelitaniscalzi.com\/wp-content\/uploads\/2025\/11\/login-logo.png\",\"contentUrl\":\"https:\/\/www.carmelitaniscalzi.com\/wp-content\/uploads\/2025\/11\/login-logo.png\",\"width\":256,\"height\":256,\"caption\":\"CARMELITANI SCALZI - Curia Generale del Carmelo Teresiano\"},\"image\":{\"@id\":\"https:\/\/www.carmelitaniscalzi.com\/#\/schema\/logo\/image\/\"},\"sameAs\":[\"https:\/\/www.facebook.com\/Curia-Generalizia-Carmelitani-Scalzi-658766940887784\/\",\"https:\/\/x.com\/ocdcuria\",\"https:\/\/www.youtube.com\/channel\/UC2J5ZL0ycOY0qBSTCLX_NGQ\/videos\",\"https:\/\/www.instagram.com\/ocdinform\/\"]},{\"@type\":\"Person\",\"@id\":\"https:\/\/www.carmelitaniscalzi.com\/#\/schema\/person\/6d1c0d9bea7b6625c437246a5d6da409\",\"name\":\"ocd web master\",\"image\":{\"@type\":\"ImageObject\",\"inLanguage\":\"fr-FR\",\"@id\":\"https:\/\/www.carmelitaniscalzi.com\/#\/schema\/person\/image\/\",\"url\":\"https:\/\/secure.gravatar.com\/avatar\/41fbc5f82bad909fbaf2984c43fa50d8519ac5853e25b454d022b6868f80d0e7?s=96&d=mm&r=g\",\"contentUrl\":\"https:\/\/secure.gravatar.com\/avatar\/41fbc5f82bad909fbaf2984c43fa50d8519ac5853e25b454d022b6868f80d0e7?s=96&d=mm&r=g\",\"caption\":\"ocd web master\"},\"url\":\"https:\/\/www.carmelitaniscalzi.com\/fr\/author\/ocdwebmaster\/\"}]}<\/script>\n<!-- \/ Yoast SEO plugin. -->","yoast_head_json":{"title":"Les Carm\u00e9lites d\u00e9chauss\u00e9es de Tolentino - CARMES D\u00c9CHAUX","robots":{"index":"index","follow":"follow","max-snippet":"max-snippet:-1","max-image-preview":"max-image-preview:large","max-video-preview":"max-video-preview:-1"},"canonical":"https:\/\/www.carmelitaniscalzi.com\/fr\/2018\/01\/23\/les-carmelites-dechaussees-de-tolentino\/","og_locale":"fr_FR","og_type":"article","og_title":"Les Carm\u00e9lites d\u00e9chauss\u00e9es de Tolentino - CARMES D\u00c9CHAUX","og_description":"\u00c0 ce service d\u2019information nous recevons fr\u00e9quemment des questions sur la situation de nos s\u0153urs carm\u00e9lites d\u00e9chauss\u00e9es de Tolentino, qui, comme nous vous en informions le 3 novembre 2016 ont d\u00fb abandonner leur monast\u00e8re apr\u00e8s le tremblement de terre du 30 octobre de la m\u00eame ann\u00e9e, alors que la communaut\u00e9 avait \u00e0 peine commenc\u00e9 \u00e0 [&hellip;]","og_url":"https:\/\/www.carmelitaniscalzi.com\/fr\/2018\/01\/23\/les-carmelites-dechaussees-de-tolentino\/","og_site_name":"CARMES D\u00c9CHAUX","article_publisher":"https:\/\/www.facebook.com\/Curia-Generalizia-Carmelitani-Scalzi-658766940887784\/","article_published_time":"2018-01-23T09:49:12+00:00","og_image":[{"width":640,"height":366,"url":"https:\/\/www.carmelitaniscalzi.com\/wp-content\/uploads\/2018\/01\/00-2.png","type":"image\/png"}],"author":"ocd web master","twitter_card":"summary_large_image","twitter_creator":"@ocdcuria","twitter_site":"@ocdcuria","twitter_misc":{"\u00c9crit par":"ocd web master","Dur\u00e9e de lecture estim\u00e9e":"2 minutes"},"schema":{"@context":"https:\/\/schema.org","@graph":[{"@type":"Article","@id":"https:\/\/www.carmelitaniscalzi.com\/fr\/2018\/01\/23\/les-carmelites-dechaussees-de-tolentino\/#article","isPartOf":{"@id":"https:\/\/www.carmelitaniscalzi.com\/fr\/2018\/01\/23\/les-carmelites-dechaussees-de-tolentino\/"},"author":{"name":"ocd web master","@id":"https:\/\/www.carmelitaniscalzi.com\/#\/schema\/person\/6d1c0d9bea7b6625c437246a5d6da409"},"headline":"Les Carm\u00e9lites d\u00e9chauss\u00e9es de Tolentino","datePublished":"2018-01-23T09:49:12+00:00","mainEntityOfPage":{"@id":"https:\/\/www.carmelitaniscalzi.com\/fr\/2018\/01\/23\/les-carmelites-dechaussees-de-tolentino\/"},"wordCount":335,"publisher":{"@id":"https:\/\/www.carmelitaniscalzi.com\/#organization"},"image":{"@id":"https:\/\/www.carmelitaniscalzi.com\/fr\/2018\/01\/23\/les-carmelites-dechaussees-de-tolentino\/#primaryimage"},"thumbnailUrl":"https:\/\/www.carmelitaniscalzi.com\/wp-content\/uploads\/2018\/01\/00-2.png","articleSection":["Nouvelles Moniales","Nouvelles"],"inLanguage":"fr-FR"},{"@type":"WebPage","@id":"https:\/\/www.carmelitaniscalzi.com\/fr\/2018\/01\/23\/les-carmelites-dechaussees-de-tolentino\/","url":"https:\/\/www.carmelitaniscalzi.com\/fr\/2018\/01\/23\/les-carmelites-dechaussees-de-tolentino\/","name":"Les Carm\u00e9lites d\u00e9chauss\u00e9es de Tolentino - CARMES D\u00c9CHAUX","isPartOf":{"@id":"https:\/\/www.carmelitaniscalzi.com\/#website"},"primaryImageOfPage":{"@id":"https:\/\/www.carmelitaniscalzi.com\/fr\/2018\/01\/23\/les-carmelites-dechaussees-de-tolentino\/#primaryimage"},"image":{"@id":"https:\/\/www.carmelitaniscalzi.com\/fr\/2018\/01\/23\/les-carmelites-dechaussees-de-tolentino\/#primaryimage"},"thumbnailUrl":"https:\/\/www.carmelitaniscalzi.com\/wp-content\/uploads\/2018\/01\/00-2.png","datePublished":"2018-01-23T09:49:12+00:00","breadcrumb":{"@id":"https:\/\/www.carmelitaniscalzi.com\/fr\/2018\/01\/23\/les-carmelites-dechaussees-de-tolentino\/#breadcrumb"},"inLanguage":"fr-FR","potentialAction":[{"@type":"ReadAction","target":["https:\/\/www.carmelitaniscalzi.com\/fr\/2018\/01\/23\/les-carmelites-dechaussees-de-tolentino\/"]}]},{"@type":"ImageObject","inLanguage":"fr-FR","@id":"https:\/\/www.carmelitaniscalzi.com\/fr\/2018\/01\/23\/les-carmelites-dechaussees-de-tolentino\/#primaryimage","url":"https:\/\/www.carmelitaniscalzi.com\/wp-content\/uploads\/2018\/01\/00-2.png","contentUrl":"https:\/\/www.carmelitaniscalzi.com\/wp-content\/uploads\/2018\/01\/00-2.png","width":640,"height":366},{"@type":"BreadcrumbList","@id":"https:\/\/www.carmelitaniscalzi.com\/fr\/2018\/01\/23\/les-carmelites-dechaussees-de-tolentino\/#breadcrumb","itemListElement":[{"@type":"ListItem","position":1,"name":"Home","item":"https:\/\/www.carmelitaniscalzi.com\/fr\/"},{"@type":"ListItem","position":2,"name":"Les Carm\u00e9lites d\u00e9chauss\u00e9es de Tolentino"}]},{"@type":"WebSite","@id":"https:\/\/www.carmelitaniscalzi.com\/#website","url":"https:\/\/www.carmelitaniscalzi.com\/","name":"CARMELITANI SCALZI - Curia Generale del Carmelo Teresiano","description":"Curie G\u00e9n\u00e9ralice du Carmel D\u00e9chauss\u00e9","publisher":{"@id":"https:\/\/www.carmelitaniscalzi.com\/#organization"},"alternateName":"CARMELITANI SCALZI","potentialAction":[{"@type":"SearchAction","target":{"@type":"EntryPoint","urlTemplate":"https:\/\/www.carmelitaniscalzi.com\/?s={search_term_string}"},"query-input":{"@type":"PropertyValueSpecification","valueRequired":true,"valueName":"search_term_string"}}],"inLanguage":"fr-FR"},{"@type":"Organization","@id":"https:\/\/www.carmelitaniscalzi.com\/#organization","name":"CARMELITANI SCALZI - Curia Generale del Carmelo Teresiano","url":"https:\/\/www.carmelitaniscalzi.com\/","logo":{"@type":"ImageObject","inLanguage":"fr-FR","@id":"https:\/\/www.carmelitaniscalzi.com\/#\/schema\/logo\/image\/","url":"https:\/\/www.carmelitaniscalzi.com\/wp-content\/uploads\/2025\/11\/login-logo.png","contentUrl":"https:\/\/www.carmelitaniscalzi.com\/wp-content\/uploads\/2025\/11\/login-logo.png","width":256,"height":256,"caption":"CARMELITANI SCALZI - Curia Generale del Carmelo Teresiano"},"image":{"@id":"https:\/\/www.carmelitaniscalzi.com\/#\/schema\/logo\/image\/"},"sameAs":["https:\/\/www.facebook.com\/Curia-Generalizia-Carmelitani-Scalzi-658766940887784\/","https:\/\/x.com\/ocdcuria","https:\/\/www.youtube.com\/channel\/UC2J5ZL0ycOY0qBSTCLX_NGQ\/videos","https:\/\/www.instagram.com\/ocdinform\/"]},{"@type":"Person","@id":"https:\/\/www.carmelitaniscalzi.com\/#\/schema\/person\/6d1c0d9bea7b6625c437246a5d6da409","name":"ocd web master","image":{"@type":"ImageObject","inLanguage":"fr-FR","@id":"https:\/\/www.carmelitaniscalzi.com\/#\/schema\/person\/image\/","url":"https:\/\/secure.gravatar.com\/avatar\/41fbc5f82bad909fbaf2984c43fa50d8519ac5853e25b454d022b6868f80d0e7?s=96&d=mm&r=g","contentUrl":"https:\/\/secure.gravatar.com\/avatar\/41fbc5f82bad909fbaf2984c43fa50d8519ac5853e25b454d022b6868f80d0e7?s=96&d=mm&r=g","caption":"ocd web master"},"url":"https:\/\/www.carmelitaniscalzi.com\/fr\/author\/ocdwebmaster\/"}]}},"_links":{"self":[{"href":"https:\/\/www.carmelitaniscalzi.com\/fr\/wp-json\/wp\/v2\/posts\/19500","targetHints":{"allow":["GET"]}}],"collection":[{"href":"https:\/\/www.carmelitaniscalzi.com\/fr\/wp-json\/wp\/v2\/posts"}],"about":[{"href":"https:\/\/www.carmelitaniscalzi.com\/fr\/wp-json\/wp\/v2\/types\/post"}],"author":[{"embeddable":true,"href":"https:\/\/www.carmelitaniscalzi.com\/fr\/wp-json\/wp\/v2\/users\/7"}],"replies":[{"embeddable":true,"href":"https:\/\/www.carmelitaniscalzi.com\/fr\/wp-json\/wp\/v2\/comments?post=19500"}],"version-history":[{"count":0,"href":"https:\/\/www.carmelitaniscalzi.com\/fr\/wp-json\/wp\/v2\/posts\/19500\/revisions"}],"wp:featuredmedia":[{"embeddable":true,"href":"https:\/\/www.carmelitaniscalzi.com\/fr\/wp-json\/wp\/v2\/media\/19467"}],"wp:attachment":[{"href":"https:\/\/www.carmelitaniscalzi.com\/fr\/wp-json\/wp\/v2\/media?parent=19500"}],"wp:term":[{"taxonomy":"category","embeddable":true,"href":"https:\/\/www.carmelitaniscalzi.com\/fr\/wp-json\/wp\/v2\/categories?post=19500"},{"taxonomy":"post_tag","embeddable":true,"href":"https:\/\/www.carmelitaniscalzi.com\/fr\/wp-json\/wp\/v2\/tags?post=19500"}],"curies":[{"name":"wp","href":"https:\/\/api.w.org\/{rel}","templated":true}]}}