{"id":188285,"date":"2022-11-30T00:30:47","date_gmt":"2022-11-29T23:30:47","guid":{"rendered":"https:\/\/www.carmelitaniscalzi.com\/?p=188285"},"modified":"2022-11-22T00:25:18","modified_gmt":"2022-11-21T23:25:18","slug":"terre-sainte-150e-anniversaire-de-la-fondation-du-carmel-de-jerusalem","status":"publish","type":"post","link":"https:\/\/www.carmelitaniscalzi.com\/fr\/2022\/11\/30\/terre-sainte-150e-anniversaire-de-la-fondation-du-carmel-de-jerusalem\/","title":{"rendered":"Terre Sainte : 150e anniversaire de la fondation du Carmel de J\u00e9rusalem"},"content":{"rendered":"<p>Samedi 15 octobre, le Carmel du Pater Noster, au sommet du Mont des Oliviers, a c\u00e9l\u00e9br\u00e9 la f\u00eate de Sainte Th\u00e9r\u00e8se d&rsquo;Avila.<\/p>\n<p>La c\u00e9l\u00e9bration, qui a \u00e9t\u00e9 pr\u00e9sid\u00e9e par Sa B\u00e9atitude Pierbattista Pizzaballa, Patriarche latin de J\u00e9rusalem, a \u00e9galement marqu\u00e9 l&rsquo;ouverture du 150<sup>e<\/sup> anniversaire de la fondation du Carmel, qui a \u00e9t\u00e9 cr\u00e9\u00e9 en 1873 par des Carm\u00e9lites fran\u00e7aises (l&rsquo;anniversaire sera officiellement c\u00e9l\u00e9br\u00e9 l&rsquo;ann\u00e9e prochaine, en 2023). Pour l&rsquo;occasion, les fid\u00e8les et les invit\u00e9s ont eu l&rsquo;occasion de visiter le clo\u00eetre du Carmel, une belle cour normalement accessible uniquement aux religieuses, o\u00f9 ils ont \u00e9t\u00e9 chaleureusement accueillis par les Carm\u00e9lites et les b\u00e9n\u00e9voles du Carmel apr\u00e8s la messe.<\/p>\n<p>&nbsp;<\/p>\n<div class=\"wpmf-gallerys wpmf-gallerys-life \" ><div id=\"gallery-1\"\n data-gutter-width=\"5\"\n  data-wpmfcolumns=\"4\" class=\"wpmf-gallery gallery-link-file gallery_life gallery-masonry gallery-columns-4 gallery-size-thumbnail wpmf-gallery-bottomspace-default wpmf-gallery-clear wpmf-has-border-radius-0 wpmf-gutterwidth-5\"><div class=\"wpmf-gallery-item\n     wpmf-gallery-item-position-0 wpmf-gallery-item-attachment-188250\" data-index=\"0\"><div class=\"wpmf-gallery-icon\"><a class=\" not_video noLightbox\" data-lightbox=\"1\" data-href=\"https:\/\/www.carmelitaniscalzi.com\/wp-content\/uploads\/2022\/11\/Je\u0301rusalem-4.jpg\" title=\"Je\u0301rusalem 4\" target=\"_self\" data-index=\"0\"><img decoding=\"async\" class=\"wpmf_img\" alt=\"Je\u0301rusalem 4\" src=\"https:\/\/www.carmelitaniscalzi.com\/wp-content\/uploads\/2022\/11\/Je\u0301rusalem-4-150x150.jpg\" data-type=\"wpmfgalleryimg\" data-lazy-src=\"https:\/\/www.carmelitaniscalzi.com\/wp-content\/uploads\/2022\/11\/Je\u0301rusalem-4-150x150.jpg\"><\/a><\/div><\/div><div class=\"wpmf-gallery-item\n     wpmf-gallery-item-position-1 wpmf-gallery-item-attachment-188244\" data-index=\"1\"><div class=\"wpmf-gallery-icon\"><a class=\" not_video noLightbox\" data-lightbox=\"1\" data-href=\"https:\/\/www.carmelitaniscalzi.com\/wp-content\/uploads\/2022\/11\/Je\u0301rusalem-3.jpg\" title=\"Je\u0301rusalem 3\" target=\"_self\" data-index=\"1\"><img decoding=\"async\" class=\"wpmf_img\" alt=\"Je\u0301rusalem 3\" src=\"https:\/\/www.carmelitaniscalzi.com\/wp-content\/uploads\/2022\/11\/Je\u0301rusalem-3-150x150.jpg\" data-type=\"wpmfgalleryimg\" data-lazy-src=\"https:\/\/www.carmelitaniscalzi.com\/wp-content\/uploads\/2022\/11\/Je\u0301rusalem-3-150x150.jpg\"><\/a><\/div><\/div><div class=\"wpmf-gallery-item\n     wpmf-gallery-item-position-2 wpmf-gallery-item-attachment-188238\" data-index=\"2\"><div class=\"wpmf-gallery-icon\"><a class=\" not_video noLightbox\" data-lightbox=\"1\" data-href=\"https:\/\/www.carmelitaniscalzi.com\/wp-content\/uploads\/2022\/11\/Je\u0301rusalem-2.jpg\" title=\"Je\u0301rusalem 2\" target=\"_self\" data-index=\"2\"><img decoding=\"async\" class=\"wpmf_img\" alt=\"Je\u0301rusalem 2\" src=\"https:\/\/www.carmelitaniscalzi.com\/wp-content\/uploads\/2022\/11\/Je\u0301rusalem-2-150x150.jpg\" data-type=\"wpmfgalleryimg\" data-lazy-src=\"https:\/\/www.carmelitaniscalzi.com\/wp-content\/uploads\/2022\/11\/Je\u0301rusalem-2-150x150.jpg\"><\/a><\/div><\/div><div class=\"wpmf-gallery-item\n     wpmf-gallery-item-position-3 wpmf-gallery-item-attachment-188232\" data-index=\"3\"><div class=\"wpmf-gallery-icon\"><a class=\" not_video noLightbox\" data-lightbox=\"1\" data-href=\"https:\/\/www.carmelitaniscalzi.com\/wp-content\/uploads\/2022\/11\/Je\u0301rusalem-1.jpg\" title=\"Je\u0301rusalem 1\" target=\"_self\" data-index=\"3\"><img decoding=\"async\" class=\"wpmf_img\" alt=\"Je\u0301rusalem 1\" src=\"https:\/\/www.carmelitaniscalzi.com\/wp-content\/uploads\/2022\/11\/Je\u0301rusalem-1-150x150.jpg\" data-type=\"wpmfgalleryimg\" data-lazy-src=\"https:\/\/www.carmelitaniscalzi.com\/wp-content\/uploads\/2022\/11\/Je\u0301rusalem-1-150x150.jpg\"><\/a><\/div><\/div><\/div><\/div>\n\n","protected":false},"excerpt":{"rendered":"<p>Samedi 15 octobre, le Carmel du Pater Noster, au sommet du Mont des Oliviers, a c\u00e9l\u00e9br\u00e9 la f\u00eate de Sainte Th\u00e9r\u00e8se d&rsquo;Avila. La c\u00e9l\u00e9bration, qui a \u00e9t\u00e9 pr\u00e9sid\u00e9e par Sa B\u00e9atitude Pierbattista Pizzaballa, Patriarche latin de J\u00e9rusalem, a \u00e9galement marqu\u00e9 l&rsquo;ouverture du 150e anniversaire de la fondation du Carmel, qui a \u00e9t\u00e9 cr\u00e9\u00e9 en 1873 [&hellip;]<\/p>\n","protected":false},"author":7,"featured_media":188226,"comment_status":"closed","ping_status":"open","sticky":false,"template":"","format":"standard","meta":{"_acf_changed":false,"footnotes":""},"categories":[201,203,261,370],"tags":[],"class_list":["post-188285","post","type-post","status-publish","format-standard","has-post-thumbnail","hentry","category-nouvelles-freres","category-nouvelles-moniales","category-nouvelles-ocds","category-nouvelles"],"acf":[],"yoast_head":"<!-- This site is optimized with the Yoast SEO plugin v26.3 - https:\/\/yoast.com\/wordpress\/plugins\/seo\/ -->\n<title>Terre Sainte : 150e anniversaire de la fondation du Carmel de J\u00e9rusalem - CARMES D\u00c9CHAUX<\/title>\n<meta name=\"robots\" content=\"index, follow, max-snippet:-1, max-image-preview:large, max-video-preview:-1\" \/>\n<link rel=\"canonical\" href=\"https:\/\/www.carmelitaniscalzi.com\/fr\/2022\/11\/30\/terre-sainte-150e-anniversaire-de-la-fondation-du-carmel-de-jerusalem\/\" \/>\n<meta property=\"og:locale\" content=\"fr_FR\" \/>\n<meta property=\"og:type\" content=\"article\" \/>\n<meta property=\"og:title\" content=\"Terre Sainte : 150e anniversaire de la fondation du Carmel de J\u00e9rusalem - CARMES D\u00c9CHAUX\" \/>\n<meta property=\"og:description\" content=\"Samedi 15 octobre, le Carmel du Pater Noster, au sommet du Mont des Oliviers, a c\u00e9l\u00e9br\u00e9 la f\u00eate de Sainte Th\u00e9r\u00e8se d&rsquo;Avila. La c\u00e9l\u00e9bration, qui a \u00e9t\u00e9 pr\u00e9sid\u00e9e par Sa B\u00e9atitude Pierbattista Pizzaballa, Patriarche latin de J\u00e9rusalem, a \u00e9galement marqu\u00e9 l&rsquo;ouverture du 150e anniversaire de la fondation du Carmel, qui a \u00e9t\u00e9 cr\u00e9\u00e9 en 1873 [&hellip;]\" \/>\n<meta property=\"og:url\" content=\"https:\/\/www.carmelitaniscalzi.com\/fr\/2022\/11\/30\/terre-sainte-150e-anniversaire-de-la-fondation-du-carmel-de-jerusalem\/\" \/>\n<meta property=\"og:site_name\" content=\"CARMES D\u00c9CHAUX\" \/>\n<meta property=\"article:publisher\" content=\"https:\/\/www.facebook.com\/Curia-Generalizia-Carmelitani-Scalzi-658766940887784\/\" \/>\n<meta property=\"article:published_time\" content=\"2022-11-29T23:30:47+00:00\" \/>\n<meta property=\"og:image\" content=\"https:\/\/www.carmelitaniscalzi.com\/wp-content\/uploads\/2022\/11\/cover_jerusalem_10.2022.jpg\" \/>\n\t<meta property=\"og:image:width\" content=\"1200\" \/>\n\t<meta property=\"og:image:height\" content=\"800\" \/>\n\t<meta property=\"og:image:type\" content=\"image\/jpeg\" \/>\n<meta name=\"author\" content=\"ocd web master\" \/>\n<meta name=\"twitter:card\" content=\"summary_large_image\" \/>\n<meta name=\"twitter:creator\" content=\"@ocdcuria\" \/>\n<meta name=\"twitter:site\" content=\"@ocdcuria\" \/>\n<meta name=\"twitter:label1\" content=\"\u00c9crit par\" \/>\n\t<meta name=\"twitter:data1\" content=\"ocd web master\" \/>\n\t<meta name=\"twitter:label2\" content=\"Dur\u00e9e de lecture estim\u00e9e\" \/>\n\t<meta name=\"twitter:data2\" content=\"1 minute\" \/>\n<script type=\"application\/ld+json\" class=\"yoast-schema-graph\">{\"@context\":\"https:\/\/schema.org\",\"@graph\":[{\"@type\":\"Article\",\"@id\":\"https:\/\/www.carmelitaniscalzi.com\/fr\/2022\/11\/30\/terre-sainte-150e-anniversaire-de-la-fondation-du-carmel-de-jerusalem\/#article\",\"isPartOf\":{\"@id\":\"https:\/\/www.carmelitaniscalzi.com\/fr\/2022\/11\/30\/terre-sainte-150e-anniversaire-de-la-fondation-du-carmel-de-jerusalem\/\"},\"author\":{\"name\":\"ocd web master\",\"@id\":\"https:\/\/www.carmelitaniscalzi.com\/#\/schema\/person\/6d1c0d9bea7b6625c437246a5d6da409\"},\"headline\":\"Terre Sainte : 150e anniversaire de la fondation du Carmel de J\u00e9rusalem\",\"datePublished\":\"2022-11-29T23:30:47+00:00\",\"mainEntityOfPage\":{\"@id\":\"https:\/\/www.carmelitaniscalzi.com\/fr\/2022\/11\/30\/terre-sainte-150e-anniversaire-de-la-fondation-du-carmel-de-jerusalem\/\"},\"wordCount\":157,\"publisher\":{\"@id\":\"https:\/\/www.carmelitaniscalzi.com\/#organization\"},\"image\":{\"@id\":\"https:\/\/www.carmelitaniscalzi.com\/fr\/2022\/11\/30\/terre-sainte-150e-anniversaire-de-la-fondation-du-carmel-de-jerusalem\/#primaryimage\"},\"thumbnailUrl\":\"https:\/\/www.carmelitaniscalzi.com\/wp-content\/uploads\/2022\/11\/cover_jerusalem_10.2022.jpg\",\"articleSection\":[\"Nouvelles Fr\u00e8res\",\"Nouvelles Moniales\",\"Nouvelles OCDS\",\"Nouvelles\"],\"inLanguage\":\"fr-FR\"},{\"@type\":\"WebPage\",\"@id\":\"https:\/\/www.carmelitaniscalzi.com\/fr\/2022\/11\/30\/terre-sainte-150e-anniversaire-de-la-fondation-du-carmel-de-jerusalem\/\",\"url\":\"https:\/\/www.carmelitaniscalzi.com\/fr\/2022\/11\/30\/terre-sainte-150e-anniversaire-de-la-fondation-du-carmel-de-jerusalem\/\",\"name\":\"Terre Sainte : 150e anniversaire de la fondation du Carmel de J\u00e9rusalem - CARMES D\u00c9CHAUX\",\"isPartOf\":{\"@id\":\"https:\/\/www.carmelitaniscalzi.com\/#website\"},\"primaryImageOfPage\":{\"@id\":\"https:\/\/www.carmelitaniscalzi.com\/fr\/2022\/11\/30\/terre-sainte-150e-anniversaire-de-la-fondation-du-carmel-de-jerusalem\/#primaryimage\"},\"image\":{\"@id\":\"https:\/\/www.carmelitaniscalzi.com\/fr\/2022\/11\/30\/terre-sainte-150e-anniversaire-de-la-fondation-du-carmel-de-jerusalem\/#primaryimage\"},\"thumbnailUrl\":\"https:\/\/www.carmelitaniscalzi.com\/wp-content\/uploads\/2022\/11\/cover_jerusalem_10.2022.jpg\",\"datePublished\":\"2022-11-29T23:30:47+00:00\",\"breadcrumb\":{\"@id\":\"https:\/\/www.carmelitaniscalzi.com\/fr\/2022\/11\/30\/terre-sainte-150e-anniversaire-de-la-fondation-du-carmel-de-jerusalem\/#breadcrumb\"},\"inLanguage\":\"fr-FR\",\"potentialAction\":[{\"@type\":\"ReadAction\",\"target\":[\"https:\/\/www.carmelitaniscalzi.com\/fr\/2022\/11\/30\/terre-sainte-150e-anniversaire-de-la-fondation-du-carmel-de-jerusalem\/\"]}]},{\"@type\":\"ImageObject\",\"inLanguage\":\"fr-FR\",\"@id\":\"https:\/\/www.carmelitaniscalzi.com\/fr\/2022\/11\/30\/terre-sainte-150e-anniversaire-de-la-fondation-du-carmel-de-jerusalem\/#primaryimage\",\"url\":\"https:\/\/www.carmelitaniscalzi.com\/wp-content\/uploads\/2022\/11\/cover_jerusalem_10.2022.jpg\",\"contentUrl\":\"https:\/\/www.carmelitaniscalzi.com\/wp-content\/uploads\/2022\/11\/cover_jerusalem_10.2022.jpg\",\"width\":1200,\"height\":800},{\"@type\":\"BreadcrumbList\",\"@id\":\"https:\/\/www.carmelitaniscalzi.com\/fr\/2022\/11\/30\/terre-sainte-150e-anniversaire-de-la-fondation-du-carmel-de-jerusalem\/#breadcrumb\",\"itemListElement\":[{\"@type\":\"ListItem\",\"position\":1,\"name\":\"Home\",\"item\":\"https:\/\/www.carmelitaniscalzi.com\/fr\/\"},{\"@type\":\"ListItem\",\"position\":2,\"name\":\"Terre Sainte : 150e anniversaire de la fondation du Carmel de J\u00e9rusalem\"}]},{\"@type\":\"WebSite\",\"@id\":\"https:\/\/www.carmelitaniscalzi.com\/#website\",\"url\":\"https:\/\/www.carmelitaniscalzi.com\/\",\"name\":\"CARMELITANI SCALZI - Curia Generale del Carmelo Teresiano\",\"description\":\"Curie G\u00e9n\u00e9ralice du Carmel D\u00e9chauss\u00e9\",\"publisher\":{\"@id\":\"https:\/\/www.carmelitaniscalzi.com\/#organization\"},\"alternateName\":\"CARMELITANI SCALZI\",\"potentialAction\":[{\"@type\":\"SearchAction\",\"target\":{\"@type\":\"EntryPoint\",\"urlTemplate\":\"https:\/\/www.carmelitaniscalzi.com\/?s={search_term_string}\"},\"query-input\":{\"@type\":\"PropertyValueSpecification\",\"valueRequired\":true,\"valueName\":\"search_term_string\"}}],\"inLanguage\":\"fr-FR\"},{\"@type\":\"Organization\",\"@id\":\"https:\/\/www.carmelitaniscalzi.com\/#organization\",\"name\":\"CARMELITANI SCALZI - Curia Generale del Carmelo Teresiano\",\"url\":\"https:\/\/www.carmelitaniscalzi.com\/\",\"logo\":{\"@type\":\"ImageObject\",\"inLanguage\":\"fr-FR\",\"@id\":\"https:\/\/www.carmelitaniscalzi.com\/#\/schema\/logo\/image\/\",\"url\":\"https:\/\/www.carmelitaniscalzi.com\/wp-content\/uploads\/2025\/11\/login-logo.png\",\"contentUrl\":\"https:\/\/www.carmelitaniscalzi.com\/wp-content\/uploads\/2025\/11\/login-logo.png\",\"width\":256,\"height\":256,\"caption\":\"CARMELITANI SCALZI - Curia Generale del Carmelo Teresiano\"},\"image\":{\"@id\":\"https:\/\/www.carmelitaniscalzi.com\/#\/schema\/logo\/image\/\"},\"sameAs\":[\"https:\/\/www.facebook.com\/Curia-Generalizia-Carmelitani-Scalzi-658766940887784\/\",\"https:\/\/x.com\/ocdcuria\",\"https:\/\/www.youtube.com\/channel\/UC2J5ZL0ycOY0qBSTCLX_NGQ\/videos\",\"https:\/\/www.instagram.com\/ocdinform\/\"]},{\"@type\":\"Person\",\"@id\":\"https:\/\/www.carmelitaniscalzi.com\/#\/schema\/person\/6d1c0d9bea7b6625c437246a5d6da409\",\"name\":\"ocd web master\",\"image\":{\"@type\":\"ImageObject\",\"inLanguage\":\"fr-FR\",\"@id\":\"https:\/\/www.carmelitaniscalzi.com\/#\/schema\/person\/image\/\",\"url\":\"https:\/\/secure.gravatar.com\/avatar\/41fbc5f82bad909fbaf2984c43fa50d8519ac5853e25b454d022b6868f80d0e7?s=96&d=mm&r=g\",\"contentUrl\":\"https:\/\/secure.gravatar.com\/avatar\/41fbc5f82bad909fbaf2984c43fa50d8519ac5853e25b454d022b6868f80d0e7?s=96&d=mm&r=g\",\"caption\":\"ocd web master\"},\"url\":\"https:\/\/www.carmelitaniscalzi.com\/fr\/author\/ocdwebmaster\/\"}]}<\/script>\n<!-- \/ Yoast SEO plugin. -->","yoast_head_json":{"title":"Terre Sainte : 150e anniversaire de la fondation du Carmel de J\u00e9rusalem - CARMES D\u00c9CHAUX","robots":{"index":"index","follow":"follow","max-snippet":"max-snippet:-1","max-image-preview":"max-image-preview:large","max-video-preview":"max-video-preview:-1"},"canonical":"https:\/\/www.carmelitaniscalzi.com\/fr\/2022\/11\/30\/terre-sainte-150e-anniversaire-de-la-fondation-du-carmel-de-jerusalem\/","og_locale":"fr_FR","og_type":"article","og_title":"Terre Sainte : 150e anniversaire de la fondation du Carmel de J\u00e9rusalem - CARMES D\u00c9CHAUX","og_description":"Samedi 15 octobre, le Carmel du Pater Noster, au sommet du Mont des Oliviers, a c\u00e9l\u00e9br\u00e9 la f\u00eate de Sainte Th\u00e9r\u00e8se d&rsquo;Avila. La c\u00e9l\u00e9bration, qui a \u00e9t\u00e9 pr\u00e9sid\u00e9e par Sa B\u00e9atitude Pierbattista Pizzaballa, Patriarche latin de J\u00e9rusalem, a \u00e9galement marqu\u00e9 l&rsquo;ouverture du 150e anniversaire de la fondation du Carmel, qui a \u00e9t\u00e9 cr\u00e9\u00e9 en 1873 [&hellip;]","og_url":"https:\/\/www.carmelitaniscalzi.com\/fr\/2022\/11\/30\/terre-sainte-150e-anniversaire-de-la-fondation-du-carmel-de-jerusalem\/","og_site_name":"CARMES D\u00c9CHAUX","article_publisher":"https:\/\/www.facebook.com\/Curia-Generalizia-Carmelitani-Scalzi-658766940887784\/","article_published_time":"2022-11-29T23:30:47+00:00","og_image":[{"width":1200,"height":800,"url":"https:\/\/www.carmelitaniscalzi.com\/wp-content\/uploads\/2022\/11\/cover_jerusalem_10.2022.jpg","type":"image\/jpeg"}],"author":"ocd web master","twitter_card":"summary_large_image","twitter_creator":"@ocdcuria","twitter_site":"@ocdcuria","twitter_misc":{"\u00c9crit par":"ocd web master","Dur\u00e9e de lecture estim\u00e9e":"1 minute"},"schema":{"@context":"https:\/\/schema.org","@graph":[{"@type":"Article","@id":"https:\/\/www.carmelitaniscalzi.com\/fr\/2022\/11\/30\/terre-sainte-150e-anniversaire-de-la-fondation-du-carmel-de-jerusalem\/#article","isPartOf":{"@id":"https:\/\/www.carmelitaniscalzi.com\/fr\/2022\/11\/30\/terre-sainte-150e-anniversaire-de-la-fondation-du-carmel-de-jerusalem\/"},"author":{"name":"ocd web master","@id":"https:\/\/www.carmelitaniscalzi.com\/#\/schema\/person\/6d1c0d9bea7b6625c437246a5d6da409"},"headline":"Terre Sainte : 150e anniversaire de la fondation du Carmel de J\u00e9rusalem","datePublished":"2022-11-29T23:30:47+00:00","mainEntityOfPage":{"@id":"https:\/\/www.carmelitaniscalzi.com\/fr\/2022\/11\/30\/terre-sainte-150e-anniversaire-de-la-fondation-du-carmel-de-jerusalem\/"},"wordCount":157,"publisher":{"@id":"https:\/\/www.carmelitaniscalzi.com\/#organization"},"image":{"@id":"https:\/\/www.carmelitaniscalzi.com\/fr\/2022\/11\/30\/terre-sainte-150e-anniversaire-de-la-fondation-du-carmel-de-jerusalem\/#primaryimage"},"thumbnailUrl":"https:\/\/www.carmelitaniscalzi.com\/wp-content\/uploads\/2022\/11\/cover_jerusalem_10.2022.jpg","articleSection":["Nouvelles Fr\u00e8res","Nouvelles Moniales","Nouvelles OCDS","Nouvelles"],"inLanguage":"fr-FR"},{"@type":"WebPage","@id":"https:\/\/www.carmelitaniscalzi.com\/fr\/2022\/11\/30\/terre-sainte-150e-anniversaire-de-la-fondation-du-carmel-de-jerusalem\/","url":"https:\/\/www.carmelitaniscalzi.com\/fr\/2022\/11\/30\/terre-sainte-150e-anniversaire-de-la-fondation-du-carmel-de-jerusalem\/","name":"Terre Sainte : 150e anniversaire de la fondation du Carmel de J\u00e9rusalem - CARMES D\u00c9CHAUX","isPartOf":{"@id":"https:\/\/www.carmelitaniscalzi.com\/#website"},"primaryImageOfPage":{"@id":"https:\/\/www.carmelitaniscalzi.com\/fr\/2022\/11\/30\/terre-sainte-150e-anniversaire-de-la-fondation-du-carmel-de-jerusalem\/#primaryimage"},"image":{"@id":"https:\/\/www.carmelitaniscalzi.com\/fr\/2022\/11\/30\/terre-sainte-150e-anniversaire-de-la-fondation-du-carmel-de-jerusalem\/#primaryimage"},"thumbnailUrl":"https:\/\/www.carmelitaniscalzi.com\/wp-content\/uploads\/2022\/11\/cover_jerusalem_10.2022.jpg","datePublished":"2022-11-29T23:30:47+00:00","breadcrumb":{"@id":"https:\/\/www.carmelitaniscalzi.com\/fr\/2022\/11\/30\/terre-sainte-150e-anniversaire-de-la-fondation-du-carmel-de-jerusalem\/#breadcrumb"},"inLanguage":"fr-FR","potentialAction":[{"@type":"ReadAction","target":["https:\/\/www.carmelitaniscalzi.com\/fr\/2022\/11\/30\/terre-sainte-150e-anniversaire-de-la-fondation-du-carmel-de-jerusalem\/"]}]},{"@type":"ImageObject","inLanguage":"fr-FR","@id":"https:\/\/www.carmelitaniscalzi.com\/fr\/2022\/11\/30\/terre-sainte-150e-anniversaire-de-la-fondation-du-carmel-de-jerusalem\/#primaryimage","url":"https:\/\/www.carmelitaniscalzi.com\/wp-content\/uploads\/2022\/11\/cover_jerusalem_10.2022.jpg","contentUrl":"https:\/\/www.carmelitaniscalzi.com\/wp-content\/uploads\/2022\/11\/cover_jerusalem_10.2022.jpg","width":1200,"height":800},{"@type":"BreadcrumbList","@id":"https:\/\/www.carmelitaniscalzi.com\/fr\/2022\/11\/30\/terre-sainte-150e-anniversaire-de-la-fondation-du-carmel-de-jerusalem\/#breadcrumb","itemListElement":[{"@type":"ListItem","position":1,"name":"Home","item":"https:\/\/www.carmelitaniscalzi.com\/fr\/"},{"@type":"ListItem","position":2,"name":"Terre Sainte : 150e anniversaire de la fondation du Carmel de J\u00e9rusalem"}]},{"@type":"WebSite","@id":"https:\/\/www.carmelitaniscalzi.com\/#website","url":"https:\/\/www.carmelitaniscalzi.com\/","name":"CARMELITANI SCALZI - Curia Generale del Carmelo Teresiano","description":"Curie G\u00e9n\u00e9ralice du Carmel D\u00e9chauss\u00e9","publisher":{"@id":"https:\/\/www.carmelitaniscalzi.com\/#organization"},"alternateName":"CARMELITANI SCALZI","potentialAction":[{"@type":"SearchAction","target":{"@type":"EntryPoint","urlTemplate":"https:\/\/www.carmelitaniscalzi.com\/?s={search_term_string}"},"query-input":{"@type":"PropertyValueSpecification","valueRequired":true,"valueName":"search_term_string"}}],"inLanguage":"fr-FR"},{"@type":"Organization","@id":"https:\/\/www.carmelitaniscalzi.com\/#organization","name":"CARMELITANI SCALZI - Curia Generale del Carmelo Teresiano","url":"https:\/\/www.carmelitaniscalzi.com\/","logo":{"@type":"ImageObject","inLanguage":"fr-FR","@id":"https:\/\/www.carmelitaniscalzi.com\/#\/schema\/logo\/image\/","url":"https:\/\/www.carmelitaniscalzi.com\/wp-content\/uploads\/2025\/11\/login-logo.png","contentUrl":"https:\/\/www.carmelitaniscalzi.com\/wp-content\/uploads\/2025\/11\/login-logo.png","width":256,"height":256,"caption":"CARMELITANI SCALZI - Curia Generale del Carmelo Teresiano"},"image":{"@id":"https:\/\/www.carmelitaniscalzi.com\/#\/schema\/logo\/image\/"},"sameAs":["https:\/\/www.facebook.com\/Curia-Generalizia-Carmelitani-Scalzi-658766940887784\/","https:\/\/x.com\/ocdcuria","https:\/\/www.youtube.com\/channel\/UC2J5ZL0ycOY0qBSTCLX_NGQ\/videos","https:\/\/www.instagram.com\/ocdinform\/"]},{"@type":"Person","@id":"https:\/\/www.carmelitaniscalzi.com\/#\/schema\/person\/6d1c0d9bea7b6625c437246a5d6da409","name":"ocd web master","image":{"@type":"ImageObject","inLanguage":"fr-FR","@id":"https:\/\/www.carmelitaniscalzi.com\/#\/schema\/person\/image\/","url":"https:\/\/secure.gravatar.com\/avatar\/41fbc5f82bad909fbaf2984c43fa50d8519ac5853e25b454d022b6868f80d0e7?s=96&d=mm&r=g","contentUrl":"https:\/\/secure.gravatar.com\/avatar\/41fbc5f82bad909fbaf2984c43fa50d8519ac5853e25b454d022b6868f80d0e7?s=96&d=mm&r=g","caption":"ocd web master"},"url":"https:\/\/www.carmelitaniscalzi.com\/fr\/author\/ocdwebmaster\/"}]}},"_links":{"self":[{"href":"https:\/\/www.carmelitaniscalzi.com\/fr\/wp-json\/wp\/v2\/posts\/188285","targetHints":{"allow":["GET"]}}],"collection":[{"href":"https:\/\/www.carmelitaniscalzi.com\/fr\/wp-json\/wp\/v2\/posts"}],"about":[{"href":"https:\/\/www.carmelitaniscalzi.com\/fr\/wp-json\/wp\/v2\/types\/post"}],"author":[{"embeddable":true,"href":"https:\/\/www.carmelitaniscalzi.com\/fr\/wp-json\/wp\/v2\/users\/7"}],"replies":[{"embeddable":true,"href":"https:\/\/www.carmelitaniscalzi.com\/fr\/wp-json\/wp\/v2\/comments?post=188285"}],"version-history":[{"count":1,"href":"https:\/\/www.carmelitaniscalzi.com\/fr\/wp-json\/wp\/v2\/posts\/188285\/revisions"}],"predecessor-version":[{"id":188286,"href":"https:\/\/www.carmelitaniscalzi.com\/fr\/wp-json\/wp\/v2\/posts\/188285\/revisions\/188286"}],"wp:featuredmedia":[{"embeddable":true,"href":"https:\/\/www.carmelitaniscalzi.com\/fr\/wp-json\/wp\/v2\/media\/188226"}],"wp:attachment":[{"href":"https:\/\/www.carmelitaniscalzi.com\/fr\/wp-json\/wp\/v2\/media?parent=188285"}],"wp:term":[{"taxonomy":"category","embeddable":true,"href":"https:\/\/www.carmelitaniscalzi.com\/fr\/wp-json\/wp\/v2\/categories?post=188285"},{"taxonomy":"post_tag","embeddable":true,"href":"https:\/\/www.carmelitaniscalzi.com\/fr\/wp-json\/wp\/v2\/tags?post=188285"}],"curies":[{"name":"wp","href":"https:\/\/api.w.org\/{rel}","templated":true}]}}