{"id":187878,"date":"2022-11-14T03:00:44","date_gmt":"2022-11-14T02:00:44","guid":{"rendered":"https:\/\/www.carmelitaniscalzi.com\/?p=187878"},"modified":"2022-11-18T03:30:45","modified_gmt":"2022-11-18T02:30:45","slug":"salamanque-espagne-commemoration-du-100e-anniversaire-du-doctorat-de-sainte-therese-davila","status":"publish","type":"post","link":"https:\/\/www.carmelitaniscalzi.com\/fr\/2022\/11\/14\/salamanque-espagne-commemoration-du-100e-anniversaire-du-doctorat-de-sainte-therese-davila\/","title":{"rendered":"Salamanque (Espagne) : comm\u00e9moration du 100e anniversaire du Doctorat de sainte Th\u00e9r\u00e8se d\u2019Avila."},"content":{"rendered":"<p>Le 6 octobre, l&rsquo;Universit\u00e9 de Salamanque a comm\u00e9mor\u00e9 le centenaire de l&rsquo;attribution \u00e0 titre posthume du Doctorat <em>honoris causa<\/em> \u00e0 Sainte Th\u00e9r\u00e8se de J\u00e9sus. Une c\u00e9r\u00e9monie comm\u00e9morative a \u00e9t\u00e9 organis\u00e9e autour de \u00ab\u00a0la femme la plus importante de l&rsquo;histoire de l&rsquo;Espagne pour son rayonnement international et ses aptitudes intellectuelles\u00a0\u00bb. La c\u00e9l\u00e9bration a d\u00e9but\u00e9 par une procession acad\u00e9mique compos\u00e9e d&rsquo;environ 70 docteurs de l&rsquo;Universit\u00e9 et de 20 fr\u00e8res carmes. Lors de l\u2019acte, il a \u00e9t\u00e9 rappel\u00e9 que le 6 octobre 1922, Teresa de Cepeda y Ahumada a \u00e9t\u00e9 honor\u00e9 parmi les savants espagnols pour sa culture, sa qualit\u00e9 litt\u00e9raire, sa spiritualit\u00e9 et les valeurs r\u00e9formistes qu&rsquo;elle a transmises.<\/p>\n<p>La nomination de sainte Th\u00e9r\u00e8se comme Docteur <em>honoris causa<\/em> a \u00e9t\u00e9 un \u00e9v\u00e9nement particuli\u00e8rement important \u00e0 Salamanque et \u00e0 Alba de Tormes, et a \u00e9t\u00e9 c\u00e9l\u00e9br\u00e9e pendant trois jours. Le 7 octobre 1922, l&rsquo;acte acad\u00e9mique a eu lieu au Th\u00e9\u00e2tre Liceo, en pr\u00e9sence du Roi et de la Reine d&rsquo;Espagne ainsi que de nombreuses personnalit\u00e9s politiques et culturelles de Salamanque. Le point culminant fut le voyage du Roi et de la Reine \u00e0 Alba de Tormes le 8 octobre 1922, au cours duquel le Roi remit \u00e0 sainte Th\u00e9r\u00e8se une plume d&rsquo;or et la Reine la barrette de docteur.<\/p>\n<p>&nbsp;<\/p>\n<div class=\"wpmf-gallerys wpmf-gallerys-life \" ><div id=\"gallery-1\"\n data-gutter-width=\"5\"\n  data-wpmfcolumns=\"4\" class=\"wpmf-gallery gallery-link-file gallery_life gallery-masonry gallery-columns-4 gallery-size-thumbnail wpmf-gallery-bottomspace-default wpmf-gallery-clear wpmf-has-border-radius-0 wpmf-gutterwidth-5\"><div class=\"wpmf-gallery-item\n     wpmf-gallery-item-position-0 wpmf-gallery-item-attachment-187872\" data-index=\"0\"><div class=\"wpmf-gallery-icon\"><a class=\" not_video noLightbox\" data-lightbox=\"1\" data-href=\"https:\/\/www.carmelitaniscalzi.com\/wp-content\/uploads\/2022\/11\/cover_salamanca_10.2022-1024x683.jpg\" title=\"cover_salamanca_10.2022\" target=\"_self\" data-index=\"0\"><img decoding=\"async\" class=\"wpmf_img\" alt=\"cover_salamanca_10.2022\" src=\"https:\/\/www.carmelitaniscalzi.com\/wp-content\/uploads\/2022\/11\/cover_salamanca_10.2022-150x150.jpg\" data-type=\"wpmfgalleryimg\" data-lazy-src=\"https:\/\/www.carmelitaniscalzi.com\/wp-content\/uploads\/2022\/11\/cover_salamanca_10.2022-150x150.jpg\"><\/a><\/div><\/div><div class=\"wpmf-gallery-item\n     wpmf-gallery-item-position-1 wpmf-gallery-item-attachment-187831\" data-index=\"1\"><div class=\"wpmf-gallery-icon\"><a class=\" not_video noLightbox\" data-lightbox=\"1\" data-href=\"https:\/\/www.carmelitaniscalzi.com\/wp-content\/uploads\/2022\/11\/Spagna-Salamanca-3-1024x683.jpg\" title=\"Spagna Salamanca 3\" target=\"_self\" data-index=\"1\"><img decoding=\"async\" class=\"wpmf_img\" alt=\"Spagna Salamanca 3\" src=\"https:\/\/www.carmelitaniscalzi.com\/wp-content\/uploads\/2022\/11\/Spagna-Salamanca-3-150x150.jpg\" data-type=\"wpmfgalleryimg\" data-lazy-src=\"https:\/\/www.carmelitaniscalzi.com\/wp-content\/uploads\/2022\/11\/Spagna-Salamanca-3-150x150.jpg\"><\/a><\/div><\/div><div class=\"wpmf-gallery-item\n     wpmf-gallery-item-position-2 wpmf-gallery-item-attachment-187825\" data-index=\"2\"><div class=\"wpmf-gallery-icon\"><a class=\" not_video noLightbox\" data-lightbox=\"1\" data-href=\"https:\/\/www.carmelitaniscalzi.com\/wp-content\/uploads\/2022\/11\/Spagna-Salamanca-2-1024x760.jpg\" title=\"Spagna Salamanca 2\" target=\"_self\" data-index=\"2\"><img decoding=\"async\" class=\"wpmf_img\" alt=\"Spagna Salamanca 2\" src=\"https:\/\/www.carmelitaniscalzi.com\/wp-content\/uploads\/2022\/11\/Spagna-Salamanca-2-150x150.jpg\" data-type=\"wpmfgalleryimg\" data-lazy-src=\"https:\/\/www.carmelitaniscalzi.com\/wp-content\/uploads\/2022\/11\/Spagna-Salamanca-2-150x150.jpg\"><\/a><\/div><\/div><div class=\"wpmf-gallery-item\n     wpmf-gallery-item-position-3 wpmf-gallery-item-attachment-187819\" data-index=\"3\"><div class=\"wpmf-gallery-icon\"><a class=\" not_video noLightbox\" data-lightbox=\"1\" data-href=\"https:\/\/www.carmelitaniscalzi.com\/wp-content\/uploads\/2022\/11\/Spagna-Salamanca-1-1024x682.jpg\" title=\"Spagna Salamanca 1\" target=\"_self\" data-index=\"3\"><img decoding=\"async\" class=\"wpmf_img\" alt=\"Spagna Salamanca 1\" src=\"https:\/\/www.carmelitaniscalzi.com\/wp-content\/uploads\/2022\/11\/Spagna-Salamanca-1-150x150.jpg\" data-type=\"wpmfgalleryimg\" data-lazy-src=\"https:\/\/www.carmelitaniscalzi.com\/wp-content\/uploads\/2022\/11\/Spagna-Salamanca-1-150x150.jpg\"><\/a><\/div><\/div><\/div><\/div>\n\n","protected":false},"excerpt":{"rendered":"<p>Le 6 octobre, l&rsquo;Universit\u00e9 de Salamanque a comm\u00e9mor\u00e9 le centenaire de l&rsquo;attribution \u00e0 titre posthume du Doctorat honoris causa \u00e0 Sainte Th\u00e9r\u00e8se de J\u00e9sus. Une c\u00e9r\u00e9monie comm\u00e9morative a \u00e9t\u00e9 organis\u00e9e autour de \u00ab\u00a0la femme la plus importante de l&rsquo;histoire de l&rsquo;Espagne pour son rayonnement international et ses aptitudes intellectuelles\u00a0\u00bb. La c\u00e9l\u00e9bration a d\u00e9but\u00e9 par une [&hellip;]<\/p>\n","protected":false},"author":7,"featured_media":187872,"comment_status":"closed","ping_status":"open","sticky":false,"template":"","format":"standard","meta":{"_acf_changed":false,"footnotes":""},"categories":[201,203,261,370],"tags":[],"class_list":["post-187878","post","type-post","status-publish","format-standard","has-post-thumbnail","hentry","category-nouvelles-freres","category-nouvelles-moniales","category-nouvelles-ocds","category-nouvelles"],"acf":[],"yoast_head":"<!-- This site is optimized with the Yoast SEO plugin v26.3 - https:\/\/yoast.com\/wordpress\/plugins\/seo\/ -->\n<title>Salamanque (Espagne) : comm\u00e9moration du 100e anniversaire du Doctorat de sainte Th\u00e9r\u00e8se d\u2019Avila. - CARMES D\u00c9CHAUX<\/title>\n<meta name=\"robots\" content=\"index, follow, max-snippet:-1, max-image-preview:large, max-video-preview:-1\" \/>\n<link rel=\"canonical\" href=\"https:\/\/www.carmelitaniscalzi.com\/fr\/2022\/11\/14\/salamanque-espagne-commemoration-du-100e-anniversaire-du-doctorat-de-sainte-therese-davila\/\" \/>\n<meta property=\"og:locale\" content=\"fr_FR\" \/>\n<meta property=\"og:type\" content=\"article\" \/>\n<meta property=\"og:title\" content=\"Salamanque (Espagne) : comm\u00e9moration du 100e anniversaire du Doctorat de sainte Th\u00e9r\u00e8se d\u2019Avila. - CARMES D\u00c9CHAUX\" \/>\n<meta property=\"og:description\" content=\"Le 6 octobre, l&rsquo;Universit\u00e9 de Salamanque a comm\u00e9mor\u00e9 le centenaire de l&rsquo;attribution \u00e0 titre posthume du Doctorat honoris causa \u00e0 Sainte Th\u00e9r\u00e8se de J\u00e9sus. Une c\u00e9r\u00e9monie comm\u00e9morative a \u00e9t\u00e9 organis\u00e9e autour de \u00ab\u00a0la femme la plus importante de l&rsquo;histoire de l&rsquo;Espagne pour son rayonnement international et ses aptitudes intellectuelles\u00a0\u00bb. La c\u00e9l\u00e9bration a d\u00e9but\u00e9 par une [&hellip;]\" \/>\n<meta property=\"og:url\" content=\"https:\/\/www.carmelitaniscalzi.com\/fr\/2022\/11\/14\/salamanque-espagne-commemoration-du-100e-anniversaire-du-doctorat-de-sainte-therese-davila\/\" \/>\n<meta property=\"og:site_name\" content=\"CARMES D\u00c9CHAUX\" \/>\n<meta property=\"article:publisher\" content=\"https:\/\/www.facebook.com\/Curia-Generalizia-Carmelitani-Scalzi-658766940887784\/\" \/>\n<meta property=\"article:published_time\" content=\"2022-11-14T02:00:44+00:00\" \/>\n<meta property=\"article:modified_time\" content=\"2022-11-18T02:30:45+00:00\" \/>\n<meta property=\"og:image\" content=\"https:\/\/www.carmelitaniscalzi.com\/wp-content\/uploads\/2022\/11\/cover_salamanca_10.2022.jpg\" \/>\n\t<meta property=\"og:image:width\" content=\"1200\" \/>\n\t<meta property=\"og:image:height\" content=\"800\" \/>\n\t<meta property=\"og:image:type\" content=\"image\/jpeg\" \/>\n<meta name=\"author\" content=\"ocd web master\" \/>\n<meta name=\"twitter:card\" content=\"summary_large_image\" \/>\n<meta name=\"twitter:creator\" content=\"@ocdcuria\" \/>\n<meta name=\"twitter:site\" content=\"@ocdcuria\" \/>\n<meta name=\"twitter:label1\" content=\"\u00c9crit par\" \/>\n\t<meta name=\"twitter:data1\" content=\"ocd web master\" \/>\n\t<meta name=\"twitter:label2\" content=\"Dur\u00e9e de lecture estim\u00e9e\" \/>\n\t<meta name=\"twitter:data2\" content=\"1 minute\" \/>\n<script type=\"application\/ld+json\" class=\"yoast-schema-graph\">{\"@context\":\"https:\/\/schema.org\",\"@graph\":[{\"@type\":\"Article\",\"@id\":\"https:\/\/www.carmelitaniscalzi.com\/fr\/2022\/11\/14\/salamanque-espagne-commemoration-du-100e-anniversaire-du-doctorat-de-sainte-therese-davila\/#article\",\"isPartOf\":{\"@id\":\"https:\/\/www.carmelitaniscalzi.com\/fr\/2022\/11\/14\/salamanque-espagne-commemoration-du-100e-anniversaire-du-doctorat-de-sainte-therese-davila\/\"},\"author\":{\"name\":\"ocd web master\",\"@id\":\"https:\/\/www.carmelitaniscalzi.com\/#\/schema\/person\/6d1c0d9bea7b6625c437246a5d6da409\"},\"headline\":\"Salamanque (Espagne) : comm\u00e9moration du 100e anniversaire du Doctorat de sainte Th\u00e9r\u00e8se d\u2019Avila.\",\"datePublished\":\"2022-11-14T02:00:44+00:00\",\"dateModified\":\"2022-11-18T02:30:45+00:00\",\"mainEntityOfPage\":{\"@id\":\"https:\/\/www.carmelitaniscalzi.com\/fr\/2022\/11\/14\/salamanque-espagne-commemoration-du-100e-anniversaire-du-doctorat-de-sainte-therese-davila\/\"},\"wordCount\":258,\"publisher\":{\"@id\":\"https:\/\/www.carmelitaniscalzi.com\/#organization\"},\"image\":{\"@id\":\"https:\/\/www.carmelitaniscalzi.com\/fr\/2022\/11\/14\/salamanque-espagne-commemoration-du-100e-anniversaire-du-doctorat-de-sainte-therese-davila\/#primaryimage\"},\"thumbnailUrl\":\"https:\/\/www.carmelitaniscalzi.com\/wp-content\/uploads\/2022\/11\/cover_salamanca_10.2022.jpg\",\"articleSection\":[\"Nouvelles Fr\u00e8res\",\"Nouvelles Moniales\",\"Nouvelles OCDS\",\"Nouvelles\"],\"inLanguage\":\"fr-FR\"},{\"@type\":\"WebPage\",\"@id\":\"https:\/\/www.carmelitaniscalzi.com\/fr\/2022\/11\/14\/salamanque-espagne-commemoration-du-100e-anniversaire-du-doctorat-de-sainte-therese-davila\/\",\"url\":\"https:\/\/www.carmelitaniscalzi.com\/fr\/2022\/11\/14\/salamanque-espagne-commemoration-du-100e-anniversaire-du-doctorat-de-sainte-therese-davila\/\",\"name\":\"Salamanque (Espagne) : comm\u00e9moration du 100e anniversaire du Doctorat de sainte Th\u00e9r\u00e8se d\u2019Avila. - CARMES D\u00c9CHAUX\",\"isPartOf\":{\"@id\":\"https:\/\/www.carmelitaniscalzi.com\/#website\"},\"primaryImageOfPage\":{\"@id\":\"https:\/\/www.carmelitaniscalzi.com\/fr\/2022\/11\/14\/salamanque-espagne-commemoration-du-100e-anniversaire-du-doctorat-de-sainte-therese-davila\/#primaryimage\"},\"image\":{\"@id\":\"https:\/\/www.carmelitaniscalzi.com\/fr\/2022\/11\/14\/salamanque-espagne-commemoration-du-100e-anniversaire-du-doctorat-de-sainte-therese-davila\/#primaryimage\"},\"thumbnailUrl\":\"https:\/\/www.carmelitaniscalzi.com\/wp-content\/uploads\/2022\/11\/cover_salamanca_10.2022.jpg\",\"datePublished\":\"2022-11-14T02:00:44+00:00\",\"dateModified\":\"2022-11-18T02:30:45+00:00\",\"breadcrumb\":{\"@id\":\"https:\/\/www.carmelitaniscalzi.com\/fr\/2022\/11\/14\/salamanque-espagne-commemoration-du-100e-anniversaire-du-doctorat-de-sainte-therese-davila\/#breadcrumb\"},\"inLanguage\":\"fr-FR\",\"potentialAction\":[{\"@type\":\"ReadAction\",\"target\":[\"https:\/\/www.carmelitaniscalzi.com\/fr\/2022\/11\/14\/salamanque-espagne-commemoration-du-100e-anniversaire-du-doctorat-de-sainte-therese-davila\/\"]}]},{\"@type\":\"ImageObject\",\"inLanguage\":\"fr-FR\",\"@id\":\"https:\/\/www.carmelitaniscalzi.com\/fr\/2022\/11\/14\/salamanque-espagne-commemoration-du-100e-anniversaire-du-doctorat-de-sainte-therese-davila\/#primaryimage\",\"url\":\"https:\/\/www.carmelitaniscalzi.com\/wp-content\/uploads\/2022\/11\/cover_salamanca_10.2022.jpg\",\"contentUrl\":\"https:\/\/www.carmelitaniscalzi.com\/wp-content\/uploads\/2022\/11\/cover_salamanca_10.2022.jpg\",\"width\":1200,\"height\":800},{\"@type\":\"BreadcrumbList\",\"@id\":\"https:\/\/www.carmelitaniscalzi.com\/fr\/2022\/11\/14\/salamanque-espagne-commemoration-du-100e-anniversaire-du-doctorat-de-sainte-therese-davila\/#breadcrumb\",\"itemListElement\":[{\"@type\":\"ListItem\",\"position\":1,\"name\":\"Home\",\"item\":\"https:\/\/www.carmelitaniscalzi.com\/fr\/\"},{\"@type\":\"ListItem\",\"position\":2,\"name\":\"Salamanque (Espagne) : comm\u00e9moration du 100e anniversaire du Doctorat de sainte Th\u00e9r\u00e8se d\u2019Avila.\"}]},{\"@type\":\"WebSite\",\"@id\":\"https:\/\/www.carmelitaniscalzi.com\/#website\",\"url\":\"https:\/\/www.carmelitaniscalzi.com\/\",\"name\":\"CARMELITANI SCALZI - Curia Generale del Carmelo Teresiano\",\"description\":\"Curie G\u00e9n\u00e9ralice du Carmel D\u00e9chauss\u00e9\",\"publisher\":{\"@id\":\"https:\/\/www.carmelitaniscalzi.com\/#organization\"},\"alternateName\":\"CARMELITANI SCALZI\",\"potentialAction\":[{\"@type\":\"SearchAction\",\"target\":{\"@type\":\"EntryPoint\",\"urlTemplate\":\"https:\/\/www.carmelitaniscalzi.com\/?s={search_term_string}\"},\"query-input\":{\"@type\":\"PropertyValueSpecification\",\"valueRequired\":true,\"valueName\":\"search_term_string\"}}],\"inLanguage\":\"fr-FR\"},{\"@type\":\"Organization\",\"@id\":\"https:\/\/www.carmelitaniscalzi.com\/#organization\",\"name\":\"CARMELITANI SCALZI - Curia Generale del Carmelo Teresiano\",\"url\":\"https:\/\/www.carmelitaniscalzi.com\/\",\"logo\":{\"@type\":\"ImageObject\",\"inLanguage\":\"fr-FR\",\"@id\":\"https:\/\/www.carmelitaniscalzi.com\/#\/schema\/logo\/image\/\",\"url\":\"https:\/\/www.carmelitaniscalzi.com\/wp-content\/uploads\/2025\/11\/login-logo.png\",\"contentUrl\":\"https:\/\/www.carmelitaniscalzi.com\/wp-content\/uploads\/2025\/11\/login-logo.png\",\"width\":256,\"height\":256,\"caption\":\"CARMELITANI SCALZI - Curia Generale del Carmelo Teresiano\"},\"image\":{\"@id\":\"https:\/\/www.carmelitaniscalzi.com\/#\/schema\/logo\/image\/\"},\"sameAs\":[\"https:\/\/www.facebook.com\/Curia-Generalizia-Carmelitani-Scalzi-658766940887784\/\",\"https:\/\/x.com\/ocdcuria\",\"https:\/\/www.youtube.com\/channel\/UC2J5ZL0ycOY0qBSTCLX_NGQ\/videos\",\"https:\/\/www.instagram.com\/ocdinform\/\"]},{\"@type\":\"Person\",\"@id\":\"https:\/\/www.carmelitaniscalzi.com\/#\/schema\/person\/6d1c0d9bea7b6625c437246a5d6da409\",\"name\":\"ocd web master\",\"image\":{\"@type\":\"ImageObject\",\"inLanguage\":\"fr-FR\",\"@id\":\"https:\/\/www.carmelitaniscalzi.com\/#\/schema\/person\/image\/\",\"url\":\"https:\/\/secure.gravatar.com\/avatar\/41fbc5f82bad909fbaf2984c43fa50d8519ac5853e25b454d022b6868f80d0e7?s=96&d=mm&r=g\",\"contentUrl\":\"https:\/\/secure.gravatar.com\/avatar\/41fbc5f82bad909fbaf2984c43fa50d8519ac5853e25b454d022b6868f80d0e7?s=96&d=mm&r=g\",\"caption\":\"ocd web master\"},\"url\":\"https:\/\/www.carmelitaniscalzi.com\/fr\/author\/ocdwebmaster\/\"}]}<\/script>\n<!-- \/ Yoast SEO plugin. -->","yoast_head_json":{"title":"Salamanque (Espagne) : comm\u00e9moration du 100e anniversaire du Doctorat de sainte Th\u00e9r\u00e8se d\u2019Avila. - CARMES D\u00c9CHAUX","robots":{"index":"index","follow":"follow","max-snippet":"max-snippet:-1","max-image-preview":"max-image-preview:large","max-video-preview":"max-video-preview:-1"},"canonical":"https:\/\/www.carmelitaniscalzi.com\/fr\/2022\/11\/14\/salamanque-espagne-commemoration-du-100e-anniversaire-du-doctorat-de-sainte-therese-davila\/","og_locale":"fr_FR","og_type":"article","og_title":"Salamanque (Espagne) : comm\u00e9moration du 100e anniversaire du Doctorat de sainte Th\u00e9r\u00e8se d\u2019Avila. - CARMES D\u00c9CHAUX","og_description":"Le 6 octobre, l&rsquo;Universit\u00e9 de Salamanque a comm\u00e9mor\u00e9 le centenaire de l&rsquo;attribution \u00e0 titre posthume du Doctorat honoris causa \u00e0 Sainte Th\u00e9r\u00e8se de J\u00e9sus. Une c\u00e9r\u00e9monie comm\u00e9morative a \u00e9t\u00e9 organis\u00e9e autour de \u00ab\u00a0la femme la plus importante de l&rsquo;histoire de l&rsquo;Espagne pour son rayonnement international et ses aptitudes intellectuelles\u00a0\u00bb. La c\u00e9l\u00e9bration a d\u00e9but\u00e9 par une [&hellip;]","og_url":"https:\/\/www.carmelitaniscalzi.com\/fr\/2022\/11\/14\/salamanque-espagne-commemoration-du-100e-anniversaire-du-doctorat-de-sainte-therese-davila\/","og_site_name":"CARMES D\u00c9CHAUX","article_publisher":"https:\/\/www.facebook.com\/Curia-Generalizia-Carmelitani-Scalzi-658766940887784\/","article_published_time":"2022-11-14T02:00:44+00:00","article_modified_time":"2022-11-18T02:30:45+00:00","og_image":[{"width":1200,"height":800,"url":"https:\/\/www.carmelitaniscalzi.com\/wp-content\/uploads\/2022\/11\/cover_salamanca_10.2022.jpg","type":"image\/jpeg"}],"author":"ocd web master","twitter_card":"summary_large_image","twitter_creator":"@ocdcuria","twitter_site":"@ocdcuria","twitter_misc":{"\u00c9crit par":"ocd web master","Dur\u00e9e de lecture estim\u00e9e":"1 minute"},"schema":{"@context":"https:\/\/schema.org","@graph":[{"@type":"Article","@id":"https:\/\/www.carmelitaniscalzi.com\/fr\/2022\/11\/14\/salamanque-espagne-commemoration-du-100e-anniversaire-du-doctorat-de-sainte-therese-davila\/#article","isPartOf":{"@id":"https:\/\/www.carmelitaniscalzi.com\/fr\/2022\/11\/14\/salamanque-espagne-commemoration-du-100e-anniversaire-du-doctorat-de-sainte-therese-davila\/"},"author":{"name":"ocd web master","@id":"https:\/\/www.carmelitaniscalzi.com\/#\/schema\/person\/6d1c0d9bea7b6625c437246a5d6da409"},"headline":"Salamanque (Espagne) : comm\u00e9moration du 100e anniversaire du Doctorat de sainte Th\u00e9r\u00e8se d\u2019Avila.","datePublished":"2022-11-14T02:00:44+00:00","dateModified":"2022-11-18T02:30:45+00:00","mainEntityOfPage":{"@id":"https:\/\/www.carmelitaniscalzi.com\/fr\/2022\/11\/14\/salamanque-espagne-commemoration-du-100e-anniversaire-du-doctorat-de-sainte-therese-davila\/"},"wordCount":258,"publisher":{"@id":"https:\/\/www.carmelitaniscalzi.com\/#organization"},"image":{"@id":"https:\/\/www.carmelitaniscalzi.com\/fr\/2022\/11\/14\/salamanque-espagne-commemoration-du-100e-anniversaire-du-doctorat-de-sainte-therese-davila\/#primaryimage"},"thumbnailUrl":"https:\/\/www.carmelitaniscalzi.com\/wp-content\/uploads\/2022\/11\/cover_salamanca_10.2022.jpg","articleSection":["Nouvelles Fr\u00e8res","Nouvelles Moniales","Nouvelles OCDS","Nouvelles"],"inLanguage":"fr-FR"},{"@type":"WebPage","@id":"https:\/\/www.carmelitaniscalzi.com\/fr\/2022\/11\/14\/salamanque-espagne-commemoration-du-100e-anniversaire-du-doctorat-de-sainte-therese-davila\/","url":"https:\/\/www.carmelitaniscalzi.com\/fr\/2022\/11\/14\/salamanque-espagne-commemoration-du-100e-anniversaire-du-doctorat-de-sainte-therese-davila\/","name":"Salamanque (Espagne) : comm\u00e9moration du 100e anniversaire du Doctorat de sainte Th\u00e9r\u00e8se d\u2019Avila. - CARMES D\u00c9CHAUX","isPartOf":{"@id":"https:\/\/www.carmelitaniscalzi.com\/#website"},"primaryImageOfPage":{"@id":"https:\/\/www.carmelitaniscalzi.com\/fr\/2022\/11\/14\/salamanque-espagne-commemoration-du-100e-anniversaire-du-doctorat-de-sainte-therese-davila\/#primaryimage"},"image":{"@id":"https:\/\/www.carmelitaniscalzi.com\/fr\/2022\/11\/14\/salamanque-espagne-commemoration-du-100e-anniversaire-du-doctorat-de-sainte-therese-davila\/#primaryimage"},"thumbnailUrl":"https:\/\/www.carmelitaniscalzi.com\/wp-content\/uploads\/2022\/11\/cover_salamanca_10.2022.jpg","datePublished":"2022-11-14T02:00:44+00:00","dateModified":"2022-11-18T02:30:45+00:00","breadcrumb":{"@id":"https:\/\/www.carmelitaniscalzi.com\/fr\/2022\/11\/14\/salamanque-espagne-commemoration-du-100e-anniversaire-du-doctorat-de-sainte-therese-davila\/#breadcrumb"},"inLanguage":"fr-FR","potentialAction":[{"@type":"ReadAction","target":["https:\/\/www.carmelitaniscalzi.com\/fr\/2022\/11\/14\/salamanque-espagne-commemoration-du-100e-anniversaire-du-doctorat-de-sainte-therese-davila\/"]}]},{"@type":"ImageObject","inLanguage":"fr-FR","@id":"https:\/\/www.carmelitaniscalzi.com\/fr\/2022\/11\/14\/salamanque-espagne-commemoration-du-100e-anniversaire-du-doctorat-de-sainte-therese-davila\/#primaryimage","url":"https:\/\/www.carmelitaniscalzi.com\/wp-content\/uploads\/2022\/11\/cover_salamanca_10.2022.jpg","contentUrl":"https:\/\/www.carmelitaniscalzi.com\/wp-content\/uploads\/2022\/11\/cover_salamanca_10.2022.jpg","width":1200,"height":800},{"@type":"BreadcrumbList","@id":"https:\/\/www.carmelitaniscalzi.com\/fr\/2022\/11\/14\/salamanque-espagne-commemoration-du-100e-anniversaire-du-doctorat-de-sainte-therese-davila\/#breadcrumb","itemListElement":[{"@type":"ListItem","position":1,"name":"Home","item":"https:\/\/www.carmelitaniscalzi.com\/fr\/"},{"@type":"ListItem","position":2,"name":"Salamanque (Espagne) : comm\u00e9moration du 100e anniversaire du Doctorat de sainte Th\u00e9r\u00e8se d\u2019Avila."}]},{"@type":"WebSite","@id":"https:\/\/www.carmelitaniscalzi.com\/#website","url":"https:\/\/www.carmelitaniscalzi.com\/","name":"CARMELITANI SCALZI - Curia Generale del Carmelo Teresiano","description":"Curie G\u00e9n\u00e9ralice du Carmel D\u00e9chauss\u00e9","publisher":{"@id":"https:\/\/www.carmelitaniscalzi.com\/#organization"},"alternateName":"CARMELITANI SCALZI","potentialAction":[{"@type":"SearchAction","target":{"@type":"EntryPoint","urlTemplate":"https:\/\/www.carmelitaniscalzi.com\/?s={search_term_string}"},"query-input":{"@type":"PropertyValueSpecification","valueRequired":true,"valueName":"search_term_string"}}],"inLanguage":"fr-FR"},{"@type":"Organization","@id":"https:\/\/www.carmelitaniscalzi.com\/#organization","name":"CARMELITANI SCALZI - Curia Generale del Carmelo Teresiano","url":"https:\/\/www.carmelitaniscalzi.com\/","logo":{"@type":"ImageObject","inLanguage":"fr-FR","@id":"https:\/\/www.carmelitaniscalzi.com\/#\/schema\/logo\/image\/","url":"https:\/\/www.carmelitaniscalzi.com\/wp-content\/uploads\/2025\/11\/login-logo.png","contentUrl":"https:\/\/www.carmelitaniscalzi.com\/wp-content\/uploads\/2025\/11\/login-logo.png","width":256,"height":256,"caption":"CARMELITANI SCALZI - Curia Generale del Carmelo Teresiano"},"image":{"@id":"https:\/\/www.carmelitaniscalzi.com\/#\/schema\/logo\/image\/"},"sameAs":["https:\/\/www.facebook.com\/Curia-Generalizia-Carmelitani-Scalzi-658766940887784\/","https:\/\/x.com\/ocdcuria","https:\/\/www.youtube.com\/channel\/UC2J5ZL0ycOY0qBSTCLX_NGQ\/videos","https:\/\/www.instagram.com\/ocdinform\/"]},{"@type":"Person","@id":"https:\/\/www.carmelitaniscalzi.com\/#\/schema\/person\/6d1c0d9bea7b6625c437246a5d6da409","name":"ocd web master","image":{"@type":"ImageObject","inLanguage":"fr-FR","@id":"https:\/\/www.carmelitaniscalzi.com\/#\/schema\/person\/image\/","url":"https:\/\/secure.gravatar.com\/avatar\/41fbc5f82bad909fbaf2984c43fa50d8519ac5853e25b454d022b6868f80d0e7?s=96&d=mm&r=g","contentUrl":"https:\/\/secure.gravatar.com\/avatar\/41fbc5f82bad909fbaf2984c43fa50d8519ac5853e25b454d022b6868f80d0e7?s=96&d=mm&r=g","caption":"ocd web master"},"url":"https:\/\/www.carmelitaniscalzi.com\/fr\/author\/ocdwebmaster\/"}]}},"_links":{"self":[{"href":"https:\/\/www.carmelitaniscalzi.com\/fr\/wp-json\/wp\/v2\/posts\/187878","targetHints":{"allow":["GET"]}}],"collection":[{"href":"https:\/\/www.carmelitaniscalzi.com\/fr\/wp-json\/wp\/v2\/posts"}],"about":[{"href":"https:\/\/www.carmelitaniscalzi.com\/fr\/wp-json\/wp\/v2\/types\/post"}],"author":[{"embeddable":true,"href":"https:\/\/www.carmelitaniscalzi.com\/fr\/wp-json\/wp\/v2\/users\/7"}],"replies":[{"embeddable":true,"href":"https:\/\/www.carmelitaniscalzi.com\/fr\/wp-json\/wp\/v2\/comments?post=187878"}],"version-history":[{"count":1,"href":"https:\/\/www.carmelitaniscalzi.com\/fr\/wp-json\/wp\/v2\/posts\/187878\/revisions"}],"predecessor-version":[{"id":187879,"href":"https:\/\/www.carmelitaniscalzi.com\/fr\/wp-json\/wp\/v2\/posts\/187878\/revisions\/187879"}],"wp:featuredmedia":[{"embeddable":true,"href":"https:\/\/www.carmelitaniscalzi.com\/fr\/wp-json\/wp\/v2\/media\/187872"}],"wp:attachment":[{"href":"https:\/\/www.carmelitaniscalzi.com\/fr\/wp-json\/wp\/v2\/media?parent=187878"}],"wp:term":[{"taxonomy":"category","embeddable":true,"href":"https:\/\/www.carmelitaniscalzi.com\/fr\/wp-json\/wp\/v2\/categories?post=187878"},{"taxonomy":"post_tag","embeddable":true,"href":"https:\/\/www.carmelitaniscalzi.com\/fr\/wp-json\/wp\/v2\/tags?post=187878"}],"curies":[{"name":"wp","href":"https:\/\/api.w.org\/{rel}","templated":true}]}}