{"id":186694,"date":"2022-11-05T01:00:26","date_gmt":"2022-11-05T00:00:26","guid":{"rendered":"https:\/\/www.carmelitaniscalzi.com\/?p=186694"},"modified":"2022-11-11T01:41:00","modified_gmt":"2022-11-11T00:41:00","slug":"lisieux-france-pelerinage-de-la-famille-du-carmel","status":"publish","type":"post","link":"https:\/\/www.carmelitaniscalzi.com\/fr\/2022\/11\/05\/lisieux-france-pelerinage-de-la-famille-du-carmel\/","title":{"rendered":"Lisieux (France) : p\u00e8lerinage de la famille du Carmel"},"content":{"rendered":"<p>Le samedi 1<sup>er<\/sup> octobre, toute la famille carm\u00e9litaine de la Province de Paris se retrouvait \u00e0 Lieux pour la dixi\u00e8me ann\u00e9e cons\u00e9cutive. Profitant de la visite pastorale, le P\u00e8re G\u00e9n\u00e9ral, P. Miguel M\u00e1rquez Calle, ainsi que fr. Roberto Maria Pirastu, d\u00e9finiteur, ont particip\u00e9 \u00e0 ces journ\u00e9es.<\/p>\n<p>Nous \u00e9tions pr\u00e8s de 160 personnes, fr\u00e8res, s\u00e9culiers du Carmel, religieuses de spiritualit\u00e9 carm\u00e9litaine r\u00e9unis autour de sainte Th\u00e9r\u00e8se et accueillis par les Carm\u00e9lites de Lisieux. Le P\u00e8re G\u00e9n\u00e9ral nous a entretenus sur la pertinence du doctorat de Th\u00e9r\u00e8se en \u2018science de l&rsquo;amour\u2019 : <em>\u00ab\u00a0Le doctorat de Th\u00e9r\u00e8se nous permet d\u2019affirmer que sa doctrine contient une parole sur Dieu et sur l\u2019\u00eatre humain pr\u00e9cieuse non seulement pour les croyants, mais aussi pour la soci\u00e9t\u00e9 d\u2019aujourd\u2019hui. (&#8230;) La sagesse de la petite Th\u00e9r\u00e8se peut nous aider \u00e0 restaurer l\u2019\u00c9vangile, \u00e0 surmonter notre situation d\u2019enlisement spirituel, \u00e0 vivre la Parole de J\u00e9sus comme une force lib\u00e9ratrice.\u00a0\u00bb<\/em><\/p>\n<p>Outre la messe dominicale pr\u00e9sid\u00e9e par Mgr Habert, \u00e9v\u00eaque de Bayeux-Lisieux et la procession des reliques, les moments marquants furent les temps de pri\u00e8re et de rencontre du P\u00e8re G\u00e9n\u00e9ral avec les s\u00e9culiers puis avec tous les fr\u00e8res.<\/p>\n<p>&nbsp;<\/p>\n<div class=\"wpmf-gallerys wpmf-gallerys-life \" ><div id=\"gallery-1\"\n data-gutter-width=\"5\"\n  data-wpmfcolumns=\"4\" class=\"wpmf-gallery gallery-link-file gallery_life gallery-masonry gallery-columns-4 gallery-size-thumbnail wpmf-gallery-bottomspace-default wpmf-gallery-clear wpmf-has-border-radius-0 wpmf-gutterwidth-5\"><div class=\"wpmf-gallery-item\n     wpmf-gallery-item-position-0 wpmf-gallery-item-attachment-186680\" data-index=\"0\"><div class=\"wpmf-gallery-icon\"><a class=\" not_video noLightbox\" data-lightbox=\"1\" data-href=\"https:\/\/www.carmelitaniscalzi.com\/wp-content\/uploads\/2022\/11\/Francia-7-1024x768.jpg\" title=\"Francia 7\" target=\"_self\" data-index=\"0\"><img decoding=\"async\" class=\"wpmf_img\" alt=\"Francia 7\" src=\"https:\/\/www.carmelitaniscalzi.com\/wp-content\/uploads\/2022\/11\/Francia-7-150x150.jpg\" data-type=\"wpmfgalleryimg\" data-lazy-src=\"https:\/\/www.carmelitaniscalzi.com\/wp-content\/uploads\/2022\/11\/Francia-7-150x150.jpg\"><\/a><\/div><\/div><div class=\"wpmf-gallery-item\n     wpmf-gallery-item-position-1 wpmf-gallery-item-attachment-186674\" data-index=\"1\"><div class=\"wpmf-gallery-icon\"><a class=\" not_video noLightbox\" data-lightbox=\"1\" data-href=\"https:\/\/www.carmelitaniscalzi.com\/wp-content\/uploads\/2022\/11\/Francia-6-1024x768.jpg\" title=\"Francia 6\" target=\"_self\" data-index=\"1\"><img decoding=\"async\" class=\"wpmf_img\" alt=\"Francia 6\" src=\"https:\/\/www.carmelitaniscalzi.com\/wp-content\/uploads\/2022\/11\/Francia-6-150x150.jpg\" data-type=\"wpmfgalleryimg\" data-lazy-src=\"https:\/\/www.carmelitaniscalzi.com\/wp-content\/uploads\/2022\/11\/Francia-6-150x150.jpg\"><\/a><\/div><\/div><div class=\"wpmf-gallery-item\n     wpmf-gallery-item-position-2 wpmf-gallery-item-attachment-186668\" data-index=\"2\"><div class=\"wpmf-gallery-icon\"><a class=\" not_video noLightbox\" data-lightbox=\"1\" data-href=\"https:\/\/www.carmelitaniscalzi.com\/wp-content\/uploads\/2022\/11\/Francia-4-1024x624.jpg\" title=\"Francia 4\" target=\"_self\" data-index=\"2\"><img decoding=\"async\" class=\"wpmf_img\" alt=\"Francia 4\" src=\"https:\/\/www.carmelitaniscalzi.com\/wp-content\/uploads\/2022\/11\/Francia-4-150x150.jpg\" data-type=\"wpmfgalleryimg\" data-lazy-src=\"https:\/\/www.carmelitaniscalzi.com\/wp-content\/uploads\/2022\/11\/Francia-4-150x150.jpg\"><\/a><\/div><\/div><div class=\"wpmf-gallery-item\n     wpmf-gallery-item-position-3 wpmf-gallery-item-attachment-186662\" data-index=\"3\"><div class=\"wpmf-gallery-icon\"><a class=\" not_video noLightbox\" data-lightbox=\"1\" data-href=\"https:\/\/www.carmelitaniscalzi.com\/wp-content\/uploads\/2022\/11\/Francia-3-1024x542.jpg\" title=\"Francia 3\" target=\"_self\" data-index=\"3\"><img decoding=\"async\" class=\"wpmf_img\" alt=\"Francia 3\" src=\"https:\/\/www.carmelitaniscalzi.com\/wp-content\/uploads\/2022\/11\/Francia-3-150x150.jpg\" data-type=\"wpmfgalleryimg\" data-lazy-src=\"https:\/\/www.carmelitaniscalzi.com\/wp-content\/uploads\/2022\/11\/Francia-3-150x150.jpg\"><\/a><\/div><\/div><\/div><\/div>\n\n","protected":false},"excerpt":{"rendered":"<p>Le samedi 1er octobre, toute la famille carm\u00e9litaine de la Province de Paris se retrouvait \u00e0 Lieux pour la dixi\u00e8me ann\u00e9e cons\u00e9cutive. Profitant de la visite pastorale, le P\u00e8re G\u00e9n\u00e9ral, P. Miguel M\u00e1rquez Calle, ainsi que fr. Roberto Maria Pirastu, d\u00e9finiteur, ont particip\u00e9 \u00e0 ces journ\u00e9es. Nous \u00e9tions pr\u00e8s de 160 personnes, fr\u00e8res, s\u00e9culiers du [&hellip;]<\/p>\n","protected":false},"author":7,"featured_media":186656,"comment_status":"closed","ping_status":"open","sticky":false,"template":"","format":"standard","meta":{"_acf_changed":false,"footnotes":""},"categories":[198,201,203,204,261,370],"tags":[],"class_list":["post-186694","post","type-post","status-publish","format-standard","has-post-thumbnail","hentry","category-nouvelles-definiteurs","category-nouvelles-freres","category-nouvelles-moniales","category-nouvelles-prepose-general","category-nouvelles-ocds","category-nouvelles"],"acf":[],"yoast_head":"<!-- This site is optimized with the Yoast SEO plugin v26.3 - https:\/\/yoast.com\/wordpress\/plugins\/seo\/ -->\n<title>Lisieux (France) : p\u00e8lerinage de la famille du Carmel - CARMES D\u00c9CHAUX<\/title>\n<meta name=\"robots\" content=\"index, follow, max-snippet:-1, max-image-preview:large, max-video-preview:-1\" \/>\n<link rel=\"canonical\" href=\"https:\/\/www.carmelitaniscalzi.com\/fr\/2022\/11\/05\/lisieux-france-pelerinage-de-la-famille-du-carmel\/\" \/>\n<meta property=\"og:locale\" content=\"fr_FR\" \/>\n<meta property=\"og:type\" content=\"article\" \/>\n<meta property=\"og:title\" content=\"Lisieux (France) : p\u00e8lerinage de la famille du Carmel - CARMES D\u00c9CHAUX\" \/>\n<meta property=\"og:description\" content=\"Le samedi 1er octobre, toute la famille carm\u00e9litaine de la Province de Paris se retrouvait \u00e0 Lieux pour la dixi\u00e8me ann\u00e9e cons\u00e9cutive. Profitant de la visite pastorale, le P\u00e8re G\u00e9n\u00e9ral, P. Miguel M\u00e1rquez Calle, ainsi que fr. Roberto Maria Pirastu, d\u00e9finiteur, ont particip\u00e9 \u00e0 ces journ\u00e9es. Nous \u00e9tions pr\u00e8s de 160 personnes, fr\u00e8res, s\u00e9culiers du [&hellip;]\" \/>\n<meta property=\"og:url\" content=\"https:\/\/www.carmelitaniscalzi.com\/fr\/2022\/11\/05\/lisieux-france-pelerinage-de-la-famille-du-carmel\/\" \/>\n<meta property=\"og:site_name\" content=\"CARMES D\u00c9CHAUX\" \/>\n<meta property=\"article:publisher\" content=\"https:\/\/www.facebook.com\/Curia-Generalizia-Carmelitani-Scalzi-658766940887784\/\" \/>\n<meta property=\"article:published_time\" content=\"2022-11-05T00:00:26+00:00\" \/>\n<meta property=\"article:modified_time\" content=\"2022-11-11T00:41:00+00:00\" \/>\n<meta property=\"og:image\" content=\"https:\/\/www.carmelitaniscalzi.com\/wp-content\/uploads\/2022\/11\/Cover_francia_10.2022.jpg\" \/>\n\t<meta property=\"og:image:width\" content=\"1200\" \/>\n\t<meta property=\"og:image:height\" content=\"800\" \/>\n\t<meta property=\"og:image:type\" content=\"image\/jpeg\" \/>\n<meta name=\"author\" content=\"ocd web master\" \/>\n<meta name=\"twitter:card\" content=\"summary_large_image\" \/>\n<meta name=\"twitter:creator\" content=\"@ocdcuria\" \/>\n<meta name=\"twitter:site\" content=\"@ocdcuria\" \/>\n<meta name=\"twitter:label1\" content=\"\u00c9crit par\" \/>\n\t<meta name=\"twitter:data1\" content=\"ocd web master\" \/>\n\t<meta name=\"twitter:label2\" content=\"Dur\u00e9e de lecture estim\u00e9e\" \/>\n\t<meta name=\"twitter:data2\" content=\"1 minute\" \/>\n<script type=\"application\/ld+json\" class=\"yoast-schema-graph\">{\"@context\":\"https:\/\/schema.org\",\"@graph\":[{\"@type\":\"Article\",\"@id\":\"https:\/\/www.carmelitaniscalzi.com\/fr\/2022\/11\/05\/lisieux-france-pelerinage-de-la-famille-du-carmel\/#article\",\"isPartOf\":{\"@id\":\"https:\/\/www.carmelitaniscalzi.com\/fr\/2022\/11\/05\/lisieux-france-pelerinage-de-la-famille-du-carmel\/\"},\"author\":{\"name\":\"ocd web master\",\"@id\":\"https:\/\/www.carmelitaniscalzi.com\/#\/schema\/person\/6d1c0d9bea7b6625c437246a5d6da409\"},\"headline\":\"Lisieux (France) : p\u00e8lerinage de la famille du Carmel\",\"datePublished\":\"2022-11-05T00:00:26+00:00\",\"dateModified\":\"2022-11-11T00:41:00+00:00\",\"mainEntityOfPage\":{\"@id\":\"https:\/\/www.carmelitaniscalzi.com\/fr\/2022\/11\/05\/lisieux-france-pelerinage-de-la-famille-du-carmel\/\"},\"wordCount\":247,\"publisher\":{\"@id\":\"https:\/\/www.carmelitaniscalzi.com\/#organization\"},\"image\":{\"@id\":\"https:\/\/www.carmelitaniscalzi.com\/fr\/2022\/11\/05\/lisieux-france-pelerinage-de-la-famille-du-carmel\/#primaryimage\"},\"thumbnailUrl\":\"https:\/\/www.carmelitaniscalzi.com\/wp-content\/uploads\/2022\/11\/Cover_francia_10.2022.jpg\",\"articleSection\":[\"Nouvelles D\u00e9finiteurs\",\"Nouvelles Fr\u00e8res\",\"Nouvelles Moniales\",\"Nouvelles Pr\u00e9pos\u00e9 G\u00e9n\u00e9ral\",\"Nouvelles OCDS\",\"Nouvelles\"],\"inLanguage\":\"fr-FR\"},{\"@type\":\"WebPage\",\"@id\":\"https:\/\/www.carmelitaniscalzi.com\/fr\/2022\/11\/05\/lisieux-france-pelerinage-de-la-famille-du-carmel\/\",\"url\":\"https:\/\/www.carmelitaniscalzi.com\/fr\/2022\/11\/05\/lisieux-france-pelerinage-de-la-famille-du-carmel\/\",\"name\":\"Lisieux (France) : p\u00e8lerinage de la famille du Carmel - CARMES D\u00c9CHAUX\",\"isPartOf\":{\"@id\":\"https:\/\/www.carmelitaniscalzi.com\/#website\"},\"primaryImageOfPage\":{\"@id\":\"https:\/\/www.carmelitaniscalzi.com\/fr\/2022\/11\/05\/lisieux-france-pelerinage-de-la-famille-du-carmel\/#primaryimage\"},\"image\":{\"@id\":\"https:\/\/www.carmelitaniscalzi.com\/fr\/2022\/11\/05\/lisieux-france-pelerinage-de-la-famille-du-carmel\/#primaryimage\"},\"thumbnailUrl\":\"https:\/\/www.carmelitaniscalzi.com\/wp-content\/uploads\/2022\/11\/Cover_francia_10.2022.jpg\",\"datePublished\":\"2022-11-05T00:00:26+00:00\",\"dateModified\":\"2022-11-11T00:41:00+00:00\",\"breadcrumb\":{\"@id\":\"https:\/\/www.carmelitaniscalzi.com\/fr\/2022\/11\/05\/lisieux-france-pelerinage-de-la-famille-du-carmel\/#breadcrumb\"},\"inLanguage\":\"fr-FR\",\"potentialAction\":[{\"@type\":\"ReadAction\",\"target\":[\"https:\/\/www.carmelitaniscalzi.com\/fr\/2022\/11\/05\/lisieux-france-pelerinage-de-la-famille-du-carmel\/\"]}]},{\"@type\":\"ImageObject\",\"inLanguage\":\"fr-FR\",\"@id\":\"https:\/\/www.carmelitaniscalzi.com\/fr\/2022\/11\/05\/lisieux-france-pelerinage-de-la-famille-du-carmel\/#primaryimage\",\"url\":\"https:\/\/www.carmelitaniscalzi.com\/wp-content\/uploads\/2022\/11\/Cover_francia_10.2022.jpg\",\"contentUrl\":\"https:\/\/www.carmelitaniscalzi.com\/wp-content\/uploads\/2022\/11\/Cover_francia_10.2022.jpg\",\"width\":1200,\"height\":800},{\"@type\":\"BreadcrumbList\",\"@id\":\"https:\/\/www.carmelitaniscalzi.com\/fr\/2022\/11\/05\/lisieux-france-pelerinage-de-la-famille-du-carmel\/#breadcrumb\",\"itemListElement\":[{\"@type\":\"ListItem\",\"position\":1,\"name\":\"Home\",\"item\":\"https:\/\/www.carmelitaniscalzi.com\/fr\/\"},{\"@type\":\"ListItem\",\"position\":2,\"name\":\"Lisieux (France) : p\u00e8lerinage de la famille du Carmel\"}]},{\"@type\":\"WebSite\",\"@id\":\"https:\/\/www.carmelitaniscalzi.com\/#website\",\"url\":\"https:\/\/www.carmelitaniscalzi.com\/\",\"name\":\"CARMELITANI SCALZI - Curia Generale del Carmelo Teresiano\",\"description\":\"Curie G\u00e9n\u00e9ralice du Carmel D\u00e9chauss\u00e9\",\"publisher\":{\"@id\":\"https:\/\/www.carmelitaniscalzi.com\/#organization\"},\"alternateName\":\"CARMELITANI SCALZI\",\"potentialAction\":[{\"@type\":\"SearchAction\",\"target\":{\"@type\":\"EntryPoint\",\"urlTemplate\":\"https:\/\/www.carmelitaniscalzi.com\/?s={search_term_string}\"},\"query-input\":{\"@type\":\"PropertyValueSpecification\",\"valueRequired\":true,\"valueName\":\"search_term_string\"}}],\"inLanguage\":\"fr-FR\"},{\"@type\":\"Organization\",\"@id\":\"https:\/\/www.carmelitaniscalzi.com\/#organization\",\"name\":\"CARMELITANI SCALZI - Curia Generale del Carmelo Teresiano\",\"url\":\"https:\/\/www.carmelitaniscalzi.com\/\",\"logo\":{\"@type\":\"ImageObject\",\"inLanguage\":\"fr-FR\",\"@id\":\"https:\/\/www.carmelitaniscalzi.com\/#\/schema\/logo\/image\/\",\"url\":\"https:\/\/www.carmelitaniscalzi.com\/wp-content\/uploads\/2025\/11\/login-logo.png\",\"contentUrl\":\"https:\/\/www.carmelitaniscalzi.com\/wp-content\/uploads\/2025\/11\/login-logo.png\",\"width\":256,\"height\":256,\"caption\":\"CARMELITANI SCALZI - Curia Generale del Carmelo Teresiano\"},\"image\":{\"@id\":\"https:\/\/www.carmelitaniscalzi.com\/#\/schema\/logo\/image\/\"},\"sameAs\":[\"https:\/\/www.facebook.com\/Curia-Generalizia-Carmelitani-Scalzi-658766940887784\/\",\"https:\/\/x.com\/ocdcuria\",\"https:\/\/www.youtube.com\/channel\/UC2J5ZL0ycOY0qBSTCLX_NGQ\/videos\",\"https:\/\/www.instagram.com\/ocdinform\/\"]},{\"@type\":\"Person\",\"@id\":\"https:\/\/www.carmelitaniscalzi.com\/#\/schema\/person\/6d1c0d9bea7b6625c437246a5d6da409\",\"name\":\"ocd web master\",\"image\":{\"@type\":\"ImageObject\",\"inLanguage\":\"fr-FR\",\"@id\":\"https:\/\/www.carmelitaniscalzi.com\/#\/schema\/person\/image\/\",\"url\":\"https:\/\/secure.gravatar.com\/avatar\/41fbc5f82bad909fbaf2984c43fa50d8519ac5853e25b454d022b6868f80d0e7?s=96&d=mm&r=g\",\"contentUrl\":\"https:\/\/secure.gravatar.com\/avatar\/41fbc5f82bad909fbaf2984c43fa50d8519ac5853e25b454d022b6868f80d0e7?s=96&d=mm&r=g\",\"caption\":\"ocd web master\"},\"url\":\"https:\/\/www.carmelitaniscalzi.com\/fr\/author\/ocdwebmaster\/\"}]}<\/script>\n<!-- \/ Yoast SEO plugin. -->","yoast_head_json":{"title":"Lisieux (France) : p\u00e8lerinage de la famille du Carmel - CARMES D\u00c9CHAUX","robots":{"index":"index","follow":"follow","max-snippet":"max-snippet:-1","max-image-preview":"max-image-preview:large","max-video-preview":"max-video-preview:-1"},"canonical":"https:\/\/www.carmelitaniscalzi.com\/fr\/2022\/11\/05\/lisieux-france-pelerinage-de-la-famille-du-carmel\/","og_locale":"fr_FR","og_type":"article","og_title":"Lisieux (France) : p\u00e8lerinage de la famille du Carmel - CARMES D\u00c9CHAUX","og_description":"Le samedi 1er octobre, toute la famille carm\u00e9litaine de la Province de Paris se retrouvait \u00e0 Lieux pour la dixi\u00e8me ann\u00e9e cons\u00e9cutive. Profitant de la visite pastorale, le P\u00e8re G\u00e9n\u00e9ral, P. Miguel M\u00e1rquez Calle, ainsi que fr. Roberto Maria Pirastu, d\u00e9finiteur, ont particip\u00e9 \u00e0 ces journ\u00e9es. Nous \u00e9tions pr\u00e8s de 160 personnes, fr\u00e8res, s\u00e9culiers du [&hellip;]","og_url":"https:\/\/www.carmelitaniscalzi.com\/fr\/2022\/11\/05\/lisieux-france-pelerinage-de-la-famille-du-carmel\/","og_site_name":"CARMES D\u00c9CHAUX","article_publisher":"https:\/\/www.facebook.com\/Curia-Generalizia-Carmelitani-Scalzi-658766940887784\/","article_published_time":"2022-11-05T00:00:26+00:00","article_modified_time":"2022-11-11T00:41:00+00:00","og_image":[{"width":1200,"height":800,"url":"https:\/\/www.carmelitaniscalzi.com\/wp-content\/uploads\/2022\/11\/Cover_francia_10.2022.jpg","type":"image\/jpeg"}],"author":"ocd web master","twitter_card":"summary_large_image","twitter_creator":"@ocdcuria","twitter_site":"@ocdcuria","twitter_misc":{"\u00c9crit par":"ocd web master","Dur\u00e9e de lecture estim\u00e9e":"1 minute"},"schema":{"@context":"https:\/\/schema.org","@graph":[{"@type":"Article","@id":"https:\/\/www.carmelitaniscalzi.com\/fr\/2022\/11\/05\/lisieux-france-pelerinage-de-la-famille-du-carmel\/#article","isPartOf":{"@id":"https:\/\/www.carmelitaniscalzi.com\/fr\/2022\/11\/05\/lisieux-france-pelerinage-de-la-famille-du-carmel\/"},"author":{"name":"ocd web master","@id":"https:\/\/www.carmelitaniscalzi.com\/#\/schema\/person\/6d1c0d9bea7b6625c437246a5d6da409"},"headline":"Lisieux (France) : p\u00e8lerinage de la famille du Carmel","datePublished":"2022-11-05T00:00:26+00:00","dateModified":"2022-11-11T00:41:00+00:00","mainEntityOfPage":{"@id":"https:\/\/www.carmelitaniscalzi.com\/fr\/2022\/11\/05\/lisieux-france-pelerinage-de-la-famille-du-carmel\/"},"wordCount":247,"publisher":{"@id":"https:\/\/www.carmelitaniscalzi.com\/#organization"},"image":{"@id":"https:\/\/www.carmelitaniscalzi.com\/fr\/2022\/11\/05\/lisieux-france-pelerinage-de-la-famille-du-carmel\/#primaryimage"},"thumbnailUrl":"https:\/\/www.carmelitaniscalzi.com\/wp-content\/uploads\/2022\/11\/Cover_francia_10.2022.jpg","articleSection":["Nouvelles D\u00e9finiteurs","Nouvelles Fr\u00e8res","Nouvelles Moniales","Nouvelles Pr\u00e9pos\u00e9 G\u00e9n\u00e9ral","Nouvelles OCDS","Nouvelles"],"inLanguage":"fr-FR"},{"@type":"WebPage","@id":"https:\/\/www.carmelitaniscalzi.com\/fr\/2022\/11\/05\/lisieux-france-pelerinage-de-la-famille-du-carmel\/","url":"https:\/\/www.carmelitaniscalzi.com\/fr\/2022\/11\/05\/lisieux-france-pelerinage-de-la-famille-du-carmel\/","name":"Lisieux (France) : p\u00e8lerinage de la famille du Carmel - CARMES D\u00c9CHAUX","isPartOf":{"@id":"https:\/\/www.carmelitaniscalzi.com\/#website"},"primaryImageOfPage":{"@id":"https:\/\/www.carmelitaniscalzi.com\/fr\/2022\/11\/05\/lisieux-france-pelerinage-de-la-famille-du-carmel\/#primaryimage"},"image":{"@id":"https:\/\/www.carmelitaniscalzi.com\/fr\/2022\/11\/05\/lisieux-france-pelerinage-de-la-famille-du-carmel\/#primaryimage"},"thumbnailUrl":"https:\/\/www.carmelitaniscalzi.com\/wp-content\/uploads\/2022\/11\/Cover_francia_10.2022.jpg","datePublished":"2022-11-05T00:00:26+00:00","dateModified":"2022-11-11T00:41:00+00:00","breadcrumb":{"@id":"https:\/\/www.carmelitaniscalzi.com\/fr\/2022\/11\/05\/lisieux-france-pelerinage-de-la-famille-du-carmel\/#breadcrumb"},"inLanguage":"fr-FR","potentialAction":[{"@type":"ReadAction","target":["https:\/\/www.carmelitaniscalzi.com\/fr\/2022\/11\/05\/lisieux-france-pelerinage-de-la-famille-du-carmel\/"]}]},{"@type":"ImageObject","inLanguage":"fr-FR","@id":"https:\/\/www.carmelitaniscalzi.com\/fr\/2022\/11\/05\/lisieux-france-pelerinage-de-la-famille-du-carmel\/#primaryimage","url":"https:\/\/www.carmelitaniscalzi.com\/wp-content\/uploads\/2022\/11\/Cover_francia_10.2022.jpg","contentUrl":"https:\/\/www.carmelitaniscalzi.com\/wp-content\/uploads\/2022\/11\/Cover_francia_10.2022.jpg","width":1200,"height":800},{"@type":"BreadcrumbList","@id":"https:\/\/www.carmelitaniscalzi.com\/fr\/2022\/11\/05\/lisieux-france-pelerinage-de-la-famille-du-carmel\/#breadcrumb","itemListElement":[{"@type":"ListItem","position":1,"name":"Home","item":"https:\/\/www.carmelitaniscalzi.com\/fr\/"},{"@type":"ListItem","position":2,"name":"Lisieux (France) : p\u00e8lerinage de la famille du Carmel"}]},{"@type":"WebSite","@id":"https:\/\/www.carmelitaniscalzi.com\/#website","url":"https:\/\/www.carmelitaniscalzi.com\/","name":"CARMELITANI SCALZI - Curia Generale del Carmelo Teresiano","description":"Curie G\u00e9n\u00e9ralice du Carmel D\u00e9chauss\u00e9","publisher":{"@id":"https:\/\/www.carmelitaniscalzi.com\/#organization"},"alternateName":"CARMELITANI SCALZI","potentialAction":[{"@type":"SearchAction","target":{"@type":"EntryPoint","urlTemplate":"https:\/\/www.carmelitaniscalzi.com\/?s={search_term_string}"},"query-input":{"@type":"PropertyValueSpecification","valueRequired":true,"valueName":"search_term_string"}}],"inLanguage":"fr-FR"},{"@type":"Organization","@id":"https:\/\/www.carmelitaniscalzi.com\/#organization","name":"CARMELITANI SCALZI - Curia Generale del Carmelo Teresiano","url":"https:\/\/www.carmelitaniscalzi.com\/","logo":{"@type":"ImageObject","inLanguage":"fr-FR","@id":"https:\/\/www.carmelitaniscalzi.com\/#\/schema\/logo\/image\/","url":"https:\/\/www.carmelitaniscalzi.com\/wp-content\/uploads\/2025\/11\/login-logo.png","contentUrl":"https:\/\/www.carmelitaniscalzi.com\/wp-content\/uploads\/2025\/11\/login-logo.png","width":256,"height":256,"caption":"CARMELITANI SCALZI - Curia Generale del Carmelo Teresiano"},"image":{"@id":"https:\/\/www.carmelitaniscalzi.com\/#\/schema\/logo\/image\/"},"sameAs":["https:\/\/www.facebook.com\/Curia-Generalizia-Carmelitani-Scalzi-658766940887784\/","https:\/\/x.com\/ocdcuria","https:\/\/www.youtube.com\/channel\/UC2J5ZL0ycOY0qBSTCLX_NGQ\/videos","https:\/\/www.instagram.com\/ocdinform\/"]},{"@type":"Person","@id":"https:\/\/www.carmelitaniscalzi.com\/#\/schema\/person\/6d1c0d9bea7b6625c437246a5d6da409","name":"ocd web master","image":{"@type":"ImageObject","inLanguage":"fr-FR","@id":"https:\/\/www.carmelitaniscalzi.com\/#\/schema\/person\/image\/","url":"https:\/\/secure.gravatar.com\/avatar\/41fbc5f82bad909fbaf2984c43fa50d8519ac5853e25b454d022b6868f80d0e7?s=96&d=mm&r=g","contentUrl":"https:\/\/secure.gravatar.com\/avatar\/41fbc5f82bad909fbaf2984c43fa50d8519ac5853e25b454d022b6868f80d0e7?s=96&d=mm&r=g","caption":"ocd web master"},"url":"https:\/\/www.carmelitaniscalzi.com\/fr\/author\/ocdwebmaster\/"}]}},"_links":{"self":[{"href":"https:\/\/www.carmelitaniscalzi.com\/fr\/wp-json\/wp\/v2\/posts\/186694","targetHints":{"allow":["GET"]}}],"collection":[{"href":"https:\/\/www.carmelitaniscalzi.com\/fr\/wp-json\/wp\/v2\/posts"}],"about":[{"href":"https:\/\/www.carmelitaniscalzi.com\/fr\/wp-json\/wp\/v2\/types\/post"}],"author":[{"embeddable":true,"href":"https:\/\/www.carmelitaniscalzi.com\/fr\/wp-json\/wp\/v2\/users\/7"}],"replies":[{"embeddable":true,"href":"https:\/\/www.carmelitaniscalzi.com\/fr\/wp-json\/wp\/v2\/comments?post=186694"}],"version-history":[{"count":1,"href":"https:\/\/www.carmelitaniscalzi.com\/fr\/wp-json\/wp\/v2\/posts\/186694\/revisions"}],"predecessor-version":[{"id":186695,"href":"https:\/\/www.carmelitaniscalzi.com\/fr\/wp-json\/wp\/v2\/posts\/186694\/revisions\/186695"}],"wp:featuredmedia":[{"embeddable":true,"href":"https:\/\/www.carmelitaniscalzi.com\/fr\/wp-json\/wp\/v2\/media\/186656"}],"wp:attachment":[{"href":"https:\/\/www.carmelitaniscalzi.com\/fr\/wp-json\/wp\/v2\/media?parent=186694"}],"wp:term":[{"taxonomy":"category","embeddable":true,"href":"https:\/\/www.carmelitaniscalzi.com\/fr\/wp-json\/wp\/v2\/categories?post=186694"},{"taxonomy":"post_tag","embeddable":true,"href":"https:\/\/www.carmelitaniscalzi.com\/fr\/wp-json\/wp\/v2\/tags?post=186694"}],"curies":[{"name":"wp","href":"https:\/\/api.w.org\/{rel}","templated":true}]}}