{"id":18244,"date":"2017-11-18T10:53:42","date_gmt":"2017-11-18T09:53:42","guid":{"rendered":"https:\/\/www.carmelitaniscalzi.com\/fr\/?p=18244"},"modified":"2017-11-18T10:53:42","modified_gmt":"2017-11-18T09:53:42","slug":"congres-bienheureux-marie-eugene","status":"publish","type":"post","link":"https:\/\/www.carmelitaniscalzi.com\/fr\/2017\/11\/18\/congres-bienheureux-marie-eugene\/","title":{"rendered":"Congr\u00e8s Bienheureux Marie-Eug\u00e8ne"},"content":{"rendered":"<p>Le Teresianum a tenu le 26 octobre un congr\u00e8s sur le bienheureux Marie-Eug\u00e8ne de l\u2019Enfant-J\u00e9sus, sous le titre : \u00ab\u00a0Le P\u00e8re Marie-Eug\u00e8ne, Mystique et Ma\u00eetre\u201d. Le mot de bienvenue du Pr\u00e9sident de la Facult\u00e9, le P. Denis Chardonnens, a ouvert un programme comportant six conf\u00e9rences: \u00a0\u00ab\u00a0Je veux voir Dieu et les d\u00e9bat contemporains sur la mystique\u00a0\u00bb (P. Bernard Minvielle); \u00ab\u00a0Le bienheureux Marie-Eug\u00e8ne de l\u2019Enfant-J\u00e9sus, Carme d\u00e9chaux\u00a0\u00bb (P. Emilio Jos\u00e9 Mart\u00ednez, ocd); \u00ab\u00a0Un concept de la vie mystique enracin\u00e9 dans l\u2019exp\u00e9rience\u201d (P. Louis Menvielle, Vice-Postulateur de la Cause); \u00ab\u00a0La sanctification de la vie ordinaire selon le bienheureux Marie-Eug\u00e8ne\u00a0\u00bb (P. Laurent Touze); \u00ab\u00a0Th\u00e9ologie et contemplation dans la pens\u00e9e du P. Marie-Eug\u00e8ne de l\u2019Enfant-J\u00e9sus: implications, probl\u00e8mes et perspectives\u00a0\u00bb (P. Jes\u00fas Manuel Garc\u00eda Guti\u00e9rrrez); et \u00ab\u00a0Je veux voir Dieu comme synth\u00e8se th\u00e9ologique\u201d (P. Fran\u00e7ois-Marie L\u00e9thel, ocd).<\/p>\n<p>Aux conf\u00e9rences a suivi une table-ronde pr\u00e9sid\u00e9e par le P. Pierre Coda et les conclusions ont \u00e9t\u00e9 \u00e0 la charge du P. Jean-Fran\u00e7ois Lefebvre, Directeur du \u00ab\u00a0Studium Notre Dame de Vie\u00a0\u00bb, associ\u00e9 au Teresianum.<\/p>\n<p>Le Congr\u00e8s a permis de manifester l\u2019apport du P. Marie-Eug\u00e8ne \u00e0 la th\u00e9ologie, en particulier \u00e0 la compr\u00e9hension de la vie mystique, en le situant dans son contexte et dans la tradition carm\u00e9litaine et en montrant la valeur de son \u0153uvre pour aujourd\u2019hui.<\/p>\n<p><img loading=\"lazy\" decoding=\"async\" class=\"alignnone size-thumbnail wp-image-18242\" src=\"https:\/\/www.carmelitaniscalzi.com\/wp-content\/uploads\/2017\/11\/IMG_3897-150x150.jpg\" alt=\"\" width=\"150\" height=\"150\" \/> <img loading=\"lazy\" decoding=\"async\" class=\"alignnone size-thumbnail wp-image-18241\" src=\"https:\/\/www.carmelitaniscalzi.com\/wp-content\/uploads\/2017\/11\/IMG_3889-150x150.jpg\" alt=\"\" width=\"150\" height=\"150\" \/> <img loading=\"lazy\" decoding=\"async\" class=\"alignnone size-thumbnail wp-image-18240\" src=\"https:\/\/www.carmelitaniscalzi.com\/wp-content\/uploads\/2017\/11\/IMG_3883-150x150.jpg\" alt=\"\" width=\"150\" height=\"150\" \/> <img loading=\"lazy\" decoding=\"async\" class=\"alignnone size-thumbnail wp-image-18239\" src=\"https:\/\/www.carmelitaniscalzi.com\/wp-content\/uploads\/2017\/11\/IMG_3855-150x150.jpg\" alt=\"\" width=\"150\" height=\"150\" \/> <img loading=\"lazy\" decoding=\"async\" class=\"alignnone size-thumbnail wp-image-18238\" src=\"https:\/\/www.carmelitaniscalzi.com\/wp-content\/uploads\/2017\/11\/IMG_3846-150x150.jpg\" alt=\"\" width=\"150\" height=\"150\" \/> <img loading=\"lazy\" decoding=\"async\" class=\"alignnone size-thumbnail wp-image-18237\" src=\"https:\/\/www.carmelitaniscalzi.com\/wp-content\/uploads\/2017\/11\/IMG_3831-150x150.jpg\" alt=\"\" width=\"150\" height=\"150\" \/> <img loading=\"lazy\" decoding=\"async\" class=\"alignnone size-thumbnail wp-image-18236\" src=\"https:\/\/www.carmelitaniscalzi.com\/wp-content\/uploads\/2017\/11\/IMG_3830-150x150.jpg\" alt=\"\" width=\"150\" height=\"150\" \/> <img loading=\"lazy\" decoding=\"async\" class=\"alignnone size-thumbnail wp-image-18235\" src=\"https:\/\/www.carmelitaniscalzi.com\/wp-content\/uploads\/2017\/11\/045-150x150.jpg\" alt=\"\" width=\"150\" height=\"150\" \/> <img loading=\"lazy\" decoding=\"async\" class=\"alignnone size-thumbnail wp-image-18234\" src=\"https:\/\/www.carmelitaniscalzi.com\/wp-content\/uploads\/2017\/11\/037-150x150.jpg\" alt=\"\" width=\"150\" height=\"150\" \/> <img loading=\"lazy\" decoding=\"async\" class=\"alignnone size-thumbnail wp-image-18233\" src=\"https:\/\/www.carmelitaniscalzi.com\/wp-content\/uploads\/2017\/11\/029-150x150.jpg\" alt=\"\" width=\"150\" height=\"150\" \/> <img loading=\"lazy\" decoding=\"async\" class=\"alignnone size-thumbnail wp-image-18232\" src=\"https:\/\/www.carmelitaniscalzi.com\/wp-content\/uploads\/2017\/11\/027-150x150.jpg\" alt=\"\" width=\"150\" height=\"150\" \/> <img loading=\"lazy\" decoding=\"async\" class=\"alignnone size-thumbnail wp-image-18231\" src=\"https:\/\/www.carmelitaniscalzi.com\/wp-content\/uploads\/2017\/11\/026-150x150.jpg\" alt=\"\" width=\"150\" height=\"150\" \/> <img loading=\"lazy\" decoding=\"async\" class=\"alignnone size-thumbnail wp-image-18230\" src=\"https:\/\/www.carmelitaniscalzi.com\/wp-content\/uploads\/2017\/11\/015-150x150.jpg\" alt=\"\" width=\"150\" height=\"150\" \/> <img loading=\"lazy\" decoding=\"async\" class=\"alignnone size-thumbnail wp-image-18229\" src=\"https:\/\/www.carmelitaniscalzi.com\/wp-content\/uploads\/2017\/11\/013-150x150.jpg\" alt=\"\" width=\"150\" height=\"150\" \/> <img loading=\"lazy\" decoding=\"async\" class=\"alignnone size-thumbnail wp-image-18228\" src=\"https:\/\/www.carmelitaniscalzi.com\/wp-content\/uploads\/2017\/11\/010-150x150.jpg\" alt=\"\" width=\"150\" height=\"150\" \/> <img loading=\"lazy\" decoding=\"async\" class=\"alignnone size-thumbnail wp-image-18227\" src=\"https:\/\/www.carmelitaniscalzi.com\/wp-content\/uploads\/2017\/11\/08-1-150x150.jpg\" alt=\"\" width=\"150\" height=\"150\" \/> <img loading=\"lazy\" decoding=\"async\" class=\"alignnone size-thumbnail wp-image-18226\" src=\"https:\/\/www.carmelitaniscalzi.com\/wp-content\/uploads\/2017\/11\/06-1-150x150.jpg\" alt=\"\" width=\"150\" height=\"150\" \/> <img loading=\"lazy\" decoding=\"async\" class=\"alignnone size-thumbnail wp-image-18225\" src=\"https:\/\/www.carmelitaniscalzi.com\/wp-content\/uploads\/2017\/11\/05-1-150x150.jpg\" alt=\"\" width=\"150\" height=\"150\" \/> <img loading=\"lazy\" decoding=\"async\" class=\"alignnone size-thumbnail wp-image-18224\" src=\"https:\/\/www.carmelitaniscalzi.com\/wp-content\/uploads\/2017\/11\/03-2-150x150.jpg\" alt=\"\" width=\"150\" height=\"150\" \/> <img loading=\"lazy\" decoding=\"async\" class=\"alignnone size-thumbnail wp-image-18223\" src=\"https:\/\/www.carmelitaniscalzi.com\/wp-content\/uploads\/2017\/11\/02-2-150x150.jpg\" alt=\"\" width=\"150\" height=\"150\" \/> <img loading=\"lazy\" decoding=\"async\" class=\"alignnone size-thumbnail wp-image-18222\" src=\"https:\/\/www.carmelitaniscalzi.com\/wp-content\/uploads\/2017\/11\/01-2-150x150.jpg\" alt=\"\" width=\"150\" height=\"150\" \/><\/p>\n","protected":false},"excerpt":{"rendered":"<p>Le Teresianum a tenu le 26 octobre un congr\u00e8s sur le bienheureux Marie-Eug\u00e8ne de l\u2019Enfant-J\u00e9sus, sous le titre : \u00ab\u00a0Le P\u00e8re Marie-Eug\u00e8ne, Mystique et Ma\u00eetre\u201d. Le mot de bienvenue du Pr\u00e9sident de la Facult\u00e9, le P. Denis Chardonnens, a ouvert un programme comportant six conf\u00e9rences: \u00a0\u00ab\u00a0Je veux voir Dieu et les d\u00e9bat contemporains sur la [&hellip;]<\/p>\n","protected":false},"author":7,"featured_media":18221,"comment_status":"closed","ping_status":"closed","sticky":false,"template":"","format":"standard","meta":{"_acf_changed":false,"footnotes":""},"categories":[200,370],"tags":[],"class_list":["post-18244","post","type-post","status-publish","format-standard","has-post-thumbnail","hentry","category-nouvelles-formation","category-nouvelles"],"acf":[],"yoast_head":"<!-- This site is optimized with the Yoast SEO plugin v26.3 - https:\/\/yoast.com\/wordpress\/plugins\/seo\/ -->\n<title>Congr\u00e8s Bienheureux Marie-Eug\u00e8ne - CARMES D\u00c9CHAUX<\/title>\n<meta name=\"robots\" content=\"index, follow, max-snippet:-1, max-image-preview:large, max-video-preview:-1\" \/>\n<link rel=\"canonical\" href=\"https:\/\/www.carmelitaniscalzi.com\/fr\/2017\/11\/18\/congres-bienheureux-marie-eugene\/\" \/>\n<meta property=\"og:locale\" content=\"fr_FR\" \/>\n<meta property=\"og:type\" content=\"article\" \/>\n<meta property=\"og:title\" content=\"Congr\u00e8s Bienheureux Marie-Eug\u00e8ne - CARMES D\u00c9CHAUX\" \/>\n<meta property=\"og:description\" content=\"Le Teresianum a tenu le 26 octobre un congr\u00e8s sur le bienheureux Marie-Eug\u00e8ne de l\u2019Enfant-J\u00e9sus, sous le titre : \u00ab\u00a0Le P\u00e8re Marie-Eug\u00e8ne, Mystique et Ma\u00eetre\u201d. Le mot de bienvenue du Pr\u00e9sident de la Facult\u00e9, le P. Denis Chardonnens, a ouvert un programme comportant six conf\u00e9rences: \u00a0\u00ab\u00a0Je veux voir Dieu et les d\u00e9bat contemporains sur la [&hellip;]\" \/>\n<meta property=\"og:url\" content=\"https:\/\/www.carmelitaniscalzi.com\/fr\/2017\/11\/18\/congres-bienheureux-marie-eugene\/\" \/>\n<meta property=\"og:site_name\" content=\"CARMES D\u00c9CHAUX\" \/>\n<meta property=\"article:publisher\" content=\"https:\/\/www.facebook.com\/Curia-Generalizia-Carmelitani-Scalzi-658766940887784\/\" \/>\n<meta property=\"article:published_time\" content=\"2017-11-18T09:53:42+00:00\" \/>\n<meta property=\"og:image\" content=\"https:\/\/www.carmelitaniscalzi.com\/wp-content\/uploads\/2017\/11\/00-1.jpg\" \/>\n\t<meta property=\"og:image:width\" content=\"1440\" \/>\n\t<meta property=\"og:image:height\" content=\"1080\" \/>\n\t<meta property=\"og:image:type\" content=\"image\/jpeg\" \/>\n<meta name=\"author\" content=\"ocd web master\" \/>\n<meta name=\"twitter:card\" content=\"summary_large_image\" \/>\n<meta name=\"twitter:creator\" content=\"@ocdcuria\" \/>\n<meta name=\"twitter:site\" content=\"@ocdcuria\" \/>\n<meta name=\"twitter:label1\" content=\"\u00c9crit par\" \/>\n\t<meta name=\"twitter:data1\" content=\"ocd web master\" \/>\n\t<meta name=\"twitter:label2\" content=\"Dur\u00e9e de lecture estim\u00e9e\" \/>\n\t<meta name=\"twitter:data2\" content=\"1 minute\" \/>\n<script type=\"application\/ld+json\" class=\"yoast-schema-graph\">{\"@context\":\"https:\/\/schema.org\",\"@graph\":[{\"@type\":\"Article\",\"@id\":\"https:\/\/www.carmelitaniscalzi.com\/fr\/2017\/11\/18\/congres-bienheureux-marie-eugene\/#article\",\"isPartOf\":{\"@id\":\"https:\/\/www.carmelitaniscalzi.com\/fr\/2017\/11\/18\/congres-bienheureux-marie-eugene\/\"},\"author\":{\"name\":\"ocd web master\",\"@id\":\"https:\/\/www.carmelitaniscalzi.com\/#\/schema\/person\/6d1c0d9bea7b6625c437246a5d6da409\"},\"headline\":\"Congr\u00e8s Bienheureux Marie-Eug\u00e8ne\",\"datePublished\":\"2017-11-18T09:53:42+00:00\",\"mainEntityOfPage\":{\"@id\":\"https:\/\/www.carmelitaniscalzi.com\/fr\/2017\/11\/18\/congres-bienheureux-marie-eugene\/\"},\"wordCount\":251,\"publisher\":{\"@id\":\"https:\/\/www.carmelitaniscalzi.com\/#organization\"},\"image\":{\"@id\":\"https:\/\/www.carmelitaniscalzi.com\/fr\/2017\/11\/18\/congres-bienheureux-marie-eugene\/#primaryimage\"},\"thumbnailUrl\":\"https:\/\/www.carmelitaniscalzi.com\/wp-content\/uploads\/2017\/11\/00-1.jpg\",\"articleSection\":[\"Nouvelles Formation\",\"Nouvelles\"],\"inLanguage\":\"fr-FR\"},{\"@type\":\"WebPage\",\"@id\":\"https:\/\/www.carmelitaniscalzi.com\/fr\/2017\/11\/18\/congres-bienheureux-marie-eugene\/\",\"url\":\"https:\/\/www.carmelitaniscalzi.com\/fr\/2017\/11\/18\/congres-bienheureux-marie-eugene\/\",\"name\":\"Congr\u00e8s Bienheureux Marie-Eug\u00e8ne - CARMES D\u00c9CHAUX\",\"isPartOf\":{\"@id\":\"https:\/\/www.carmelitaniscalzi.com\/#website\"},\"primaryImageOfPage\":{\"@id\":\"https:\/\/www.carmelitaniscalzi.com\/fr\/2017\/11\/18\/congres-bienheureux-marie-eugene\/#primaryimage\"},\"image\":{\"@id\":\"https:\/\/www.carmelitaniscalzi.com\/fr\/2017\/11\/18\/congres-bienheureux-marie-eugene\/#primaryimage\"},\"thumbnailUrl\":\"https:\/\/www.carmelitaniscalzi.com\/wp-content\/uploads\/2017\/11\/00-1.jpg\",\"datePublished\":\"2017-11-18T09:53:42+00:00\",\"breadcrumb\":{\"@id\":\"https:\/\/www.carmelitaniscalzi.com\/fr\/2017\/11\/18\/congres-bienheureux-marie-eugene\/#breadcrumb\"},\"inLanguage\":\"fr-FR\",\"potentialAction\":[{\"@type\":\"ReadAction\",\"target\":[\"https:\/\/www.carmelitaniscalzi.com\/fr\/2017\/11\/18\/congres-bienheureux-marie-eugene\/\"]}]},{\"@type\":\"ImageObject\",\"inLanguage\":\"fr-FR\",\"@id\":\"https:\/\/www.carmelitaniscalzi.com\/fr\/2017\/11\/18\/congres-bienheureux-marie-eugene\/#primaryimage\",\"url\":\"https:\/\/www.carmelitaniscalzi.com\/wp-content\/uploads\/2017\/11\/00-1.jpg\",\"contentUrl\":\"https:\/\/www.carmelitaniscalzi.com\/wp-content\/uploads\/2017\/11\/00-1.jpg\",\"width\":1440,\"height\":1080},{\"@type\":\"BreadcrumbList\",\"@id\":\"https:\/\/www.carmelitaniscalzi.com\/fr\/2017\/11\/18\/congres-bienheureux-marie-eugene\/#breadcrumb\",\"itemListElement\":[{\"@type\":\"ListItem\",\"position\":1,\"name\":\"Home\",\"item\":\"https:\/\/www.carmelitaniscalzi.com\/fr\/\"},{\"@type\":\"ListItem\",\"position\":2,\"name\":\"Congr\u00e8s Bienheureux Marie-Eug\u00e8ne\"}]},{\"@type\":\"WebSite\",\"@id\":\"https:\/\/www.carmelitaniscalzi.com\/#website\",\"url\":\"https:\/\/www.carmelitaniscalzi.com\/\",\"name\":\"CARMELITANI SCALZI - Curia Generale del Carmelo Teresiano\",\"description\":\"Curie G\u00e9n\u00e9ralice du Carmel D\u00e9chauss\u00e9\",\"publisher\":{\"@id\":\"https:\/\/www.carmelitaniscalzi.com\/#organization\"},\"alternateName\":\"CARMELITANI SCALZI\",\"potentialAction\":[{\"@type\":\"SearchAction\",\"target\":{\"@type\":\"EntryPoint\",\"urlTemplate\":\"https:\/\/www.carmelitaniscalzi.com\/?s={search_term_string}\"},\"query-input\":{\"@type\":\"PropertyValueSpecification\",\"valueRequired\":true,\"valueName\":\"search_term_string\"}}],\"inLanguage\":\"fr-FR\"},{\"@type\":\"Organization\",\"@id\":\"https:\/\/www.carmelitaniscalzi.com\/#organization\",\"name\":\"CARMELITANI SCALZI - Curia Generale del Carmelo Teresiano\",\"url\":\"https:\/\/www.carmelitaniscalzi.com\/\",\"logo\":{\"@type\":\"ImageObject\",\"inLanguage\":\"fr-FR\",\"@id\":\"https:\/\/www.carmelitaniscalzi.com\/#\/schema\/logo\/image\/\",\"url\":\"https:\/\/www.carmelitaniscalzi.com\/wp-content\/uploads\/2025\/11\/login-logo.png\",\"contentUrl\":\"https:\/\/www.carmelitaniscalzi.com\/wp-content\/uploads\/2025\/11\/login-logo.png\",\"width\":256,\"height\":256,\"caption\":\"CARMELITANI SCALZI - Curia Generale del Carmelo Teresiano\"},\"image\":{\"@id\":\"https:\/\/www.carmelitaniscalzi.com\/#\/schema\/logo\/image\/\"},\"sameAs\":[\"https:\/\/www.facebook.com\/Curia-Generalizia-Carmelitani-Scalzi-658766940887784\/\",\"https:\/\/x.com\/ocdcuria\",\"https:\/\/www.youtube.com\/channel\/UC2J5ZL0ycOY0qBSTCLX_NGQ\/videos\",\"https:\/\/www.instagram.com\/ocdinform\/\"]},{\"@type\":\"Person\",\"@id\":\"https:\/\/www.carmelitaniscalzi.com\/#\/schema\/person\/6d1c0d9bea7b6625c437246a5d6da409\",\"name\":\"ocd web master\",\"image\":{\"@type\":\"ImageObject\",\"inLanguage\":\"fr-FR\",\"@id\":\"https:\/\/www.carmelitaniscalzi.com\/#\/schema\/person\/image\/\",\"url\":\"https:\/\/secure.gravatar.com\/avatar\/41fbc5f82bad909fbaf2984c43fa50d8519ac5853e25b454d022b6868f80d0e7?s=96&d=mm&r=g\",\"contentUrl\":\"https:\/\/secure.gravatar.com\/avatar\/41fbc5f82bad909fbaf2984c43fa50d8519ac5853e25b454d022b6868f80d0e7?s=96&d=mm&r=g\",\"caption\":\"ocd web master\"},\"url\":\"https:\/\/www.carmelitaniscalzi.com\/fr\/author\/ocdwebmaster\/\"}]}<\/script>\n<!-- \/ Yoast SEO plugin. -->","yoast_head_json":{"title":"Congr\u00e8s Bienheureux Marie-Eug\u00e8ne - CARMES D\u00c9CHAUX","robots":{"index":"index","follow":"follow","max-snippet":"max-snippet:-1","max-image-preview":"max-image-preview:large","max-video-preview":"max-video-preview:-1"},"canonical":"https:\/\/www.carmelitaniscalzi.com\/fr\/2017\/11\/18\/congres-bienheureux-marie-eugene\/","og_locale":"fr_FR","og_type":"article","og_title":"Congr\u00e8s Bienheureux Marie-Eug\u00e8ne - CARMES D\u00c9CHAUX","og_description":"Le Teresianum a tenu le 26 octobre un congr\u00e8s sur le bienheureux Marie-Eug\u00e8ne de l\u2019Enfant-J\u00e9sus, sous le titre : \u00ab\u00a0Le P\u00e8re Marie-Eug\u00e8ne, Mystique et Ma\u00eetre\u201d. Le mot de bienvenue du Pr\u00e9sident de la Facult\u00e9, le P. Denis Chardonnens, a ouvert un programme comportant six conf\u00e9rences: \u00a0\u00ab\u00a0Je veux voir Dieu et les d\u00e9bat contemporains sur la [&hellip;]","og_url":"https:\/\/www.carmelitaniscalzi.com\/fr\/2017\/11\/18\/congres-bienheureux-marie-eugene\/","og_site_name":"CARMES D\u00c9CHAUX","article_publisher":"https:\/\/www.facebook.com\/Curia-Generalizia-Carmelitani-Scalzi-658766940887784\/","article_published_time":"2017-11-18T09:53:42+00:00","og_image":[{"width":1440,"height":1080,"url":"https:\/\/www.carmelitaniscalzi.com\/wp-content\/uploads\/2017\/11\/00-1.jpg","type":"image\/jpeg"}],"author":"ocd web master","twitter_card":"summary_large_image","twitter_creator":"@ocdcuria","twitter_site":"@ocdcuria","twitter_misc":{"\u00c9crit par":"ocd web master","Dur\u00e9e de lecture estim\u00e9e":"1 minute"},"schema":{"@context":"https:\/\/schema.org","@graph":[{"@type":"Article","@id":"https:\/\/www.carmelitaniscalzi.com\/fr\/2017\/11\/18\/congres-bienheureux-marie-eugene\/#article","isPartOf":{"@id":"https:\/\/www.carmelitaniscalzi.com\/fr\/2017\/11\/18\/congres-bienheureux-marie-eugene\/"},"author":{"name":"ocd web master","@id":"https:\/\/www.carmelitaniscalzi.com\/#\/schema\/person\/6d1c0d9bea7b6625c437246a5d6da409"},"headline":"Congr\u00e8s Bienheureux Marie-Eug\u00e8ne","datePublished":"2017-11-18T09:53:42+00:00","mainEntityOfPage":{"@id":"https:\/\/www.carmelitaniscalzi.com\/fr\/2017\/11\/18\/congres-bienheureux-marie-eugene\/"},"wordCount":251,"publisher":{"@id":"https:\/\/www.carmelitaniscalzi.com\/#organization"},"image":{"@id":"https:\/\/www.carmelitaniscalzi.com\/fr\/2017\/11\/18\/congres-bienheureux-marie-eugene\/#primaryimage"},"thumbnailUrl":"https:\/\/www.carmelitaniscalzi.com\/wp-content\/uploads\/2017\/11\/00-1.jpg","articleSection":["Nouvelles Formation","Nouvelles"],"inLanguage":"fr-FR"},{"@type":"WebPage","@id":"https:\/\/www.carmelitaniscalzi.com\/fr\/2017\/11\/18\/congres-bienheureux-marie-eugene\/","url":"https:\/\/www.carmelitaniscalzi.com\/fr\/2017\/11\/18\/congres-bienheureux-marie-eugene\/","name":"Congr\u00e8s Bienheureux Marie-Eug\u00e8ne - CARMES D\u00c9CHAUX","isPartOf":{"@id":"https:\/\/www.carmelitaniscalzi.com\/#website"},"primaryImageOfPage":{"@id":"https:\/\/www.carmelitaniscalzi.com\/fr\/2017\/11\/18\/congres-bienheureux-marie-eugene\/#primaryimage"},"image":{"@id":"https:\/\/www.carmelitaniscalzi.com\/fr\/2017\/11\/18\/congres-bienheureux-marie-eugene\/#primaryimage"},"thumbnailUrl":"https:\/\/www.carmelitaniscalzi.com\/wp-content\/uploads\/2017\/11\/00-1.jpg","datePublished":"2017-11-18T09:53:42+00:00","breadcrumb":{"@id":"https:\/\/www.carmelitaniscalzi.com\/fr\/2017\/11\/18\/congres-bienheureux-marie-eugene\/#breadcrumb"},"inLanguage":"fr-FR","potentialAction":[{"@type":"ReadAction","target":["https:\/\/www.carmelitaniscalzi.com\/fr\/2017\/11\/18\/congres-bienheureux-marie-eugene\/"]}]},{"@type":"ImageObject","inLanguage":"fr-FR","@id":"https:\/\/www.carmelitaniscalzi.com\/fr\/2017\/11\/18\/congres-bienheureux-marie-eugene\/#primaryimage","url":"https:\/\/www.carmelitaniscalzi.com\/wp-content\/uploads\/2017\/11\/00-1.jpg","contentUrl":"https:\/\/www.carmelitaniscalzi.com\/wp-content\/uploads\/2017\/11\/00-1.jpg","width":1440,"height":1080},{"@type":"BreadcrumbList","@id":"https:\/\/www.carmelitaniscalzi.com\/fr\/2017\/11\/18\/congres-bienheureux-marie-eugene\/#breadcrumb","itemListElement":[{"@type":"ListItem","position":1,"name":"Home","item":"https:\/\/www.carmelitaniscalzi.com\/fr\/"},{"@type":"ListItem","position":2,"name":"Congr\u00e8s Bienheureux Marie-Eug\u00e8ne"}]},{"@type":"WebSite","@id":"https:\/\/www.carmelitaniscalzi.com\/#website","url":"https:\/\/www.carmelitaniscalzi.com\/","name":"CARMELITANI SCALZI - Curia Generale del Carmelo Teresiano","description":"Curie G\u00e9n\u00e9ralice du Carmel D\u00e9chauss\u00e9","publisher":{"@id":"https:\/\/www.carmelitaniscalzi.com\/#organization"},"alternateName":"CARMELITANI SCALZI","potentialAction":[{"@type":"SearchAction","target":{"@type":"EntryPoint","urlTemplate":"https:\/\/www.carmelitaniscalzi.com\/?s={search_term_string}"},"query-input":{"@type":"PropertyValueSpecification","valueRequired":true,"valueName":"search_term_string"}}],"inLanguage":"fr-FR"},{"@type":"Organization","@id":"https:\/\/www.carmelitaniscalzi.com\/#organization","name":"CARMELITANI SCALZI - Curia Generale del Carmelo Teresiano","url":"https:\/\/www.carmelitaniscalzi.com\/","logo":{"@type":"ImageObject","inLanguage":"fr-FR","@id":"https:\/\/www.carmelitaniscalzi.com\/#\/schema\/logo\/image\/","url":"https:\/\/www.carmelitaniscalzi.com\/wp-content\/uploads\/2025\/11\/login-logo.png","contentUrl":"https:\/\/www.carmelitaniscalzi.com\/wp-content\/uploads\/2025\/11\/login-logo.png","width":256,"height":256,"caption":"CARMELITANI SCALZI - Curia Generale del Carmelo Teresiano"},"image":{"@id":"https:\/\/www.carmelitaniscalzi.com\/#\/schema\/logo\/image\/"},"sameAs":["https:\/\/www.facebook.com\/Curia-Generalizia-Carmelitani-Scalzi-658766940887784\/","https:\/\/x.com\/ocdcuria","https:\/\/www.youtube.com\/channel\/UC2J5ZL0ycOY0qBSTCLX_NGQ\/videos","https:\/\/www.instagram.com\/ocdinform\/"]},{"@type":"Person","@id":"https:\/\/www.carmelitaniscalzi.com\/#\/schema\/person\/6d1c0d9bea7b6625c437246a5d6da409","name":"ocd web master","image":{"@type":"ImageObject","inLanguage":"fr-FR","@id":"https:\/\/www.carmelitaniscalzi.com\/#\/schema\/person\/image\/","url":"https:\/\/secure.gravatar.com\/avatar\/41fbc5f82bad909fbaf2984c43fa50d8519ac5853e25b454d022b6868f80d0e7?s=96&d=mm&r=g","contentUrl":"https:\/\/secure.gravatar.com\/avatar\/41fbc5f82bad909fbaf2984c43fa50d8519ac5853e25b454d022b6868f80d0e7?s=96&d=mm&r=g","caption":"ocd web master"},"url":"https:\/\/www.carmelitaniscalzi.com\/fr\/author\/ocdwebmaster\/"}]}},"_links":{"self":[{"href":"https:\/\/www.carmelitaniscalzi.com\/fr\/wp-json\/wp\/v2\/posts\/18244","targetHints":{"allow":["GET"]}}],"collection":[{"href":"https:\/\/www.carmelitaniscalzi.com\/fr\/wp-json\/wp\/v2\/posts"}],"about":[{"href":"https:\/\/www.carmelitaniscalzi.com\/fr\/wp-json\/wp\/v2\/types\/post"}],"author":[{"embeddable":true,"href":"https:\/\/www.carmelitaniscalzi.com\/fr\/wp-json\/wp\/v2\/users\/7"}],"replies":[{"embeddable":true,"href":"https:\/\/www.carmelitaniscalzi.com\/fr\/wp-json\/wp\/v2\/comments?post=18244"}],"version-history":[{"count":0,"href":"https:\/\/www.carmelitaniscalzi.com\/fr\/wp-json\/wp\/v2\/posts\/18244\/revisions"}],"wp:featuredmedia":[{"embeddable":true,"href":"https:\/\/www.carmelitaniscalzi.com\/fr\/wp-json\/wp\/v2\/media\/18221"}],"wp:attachment":[{"href":"https:\/\/www.carmelitaniscalzi.com\/fr\/wp-json\/wp\/v2\/media?parent=18244"}],"wp:term":[{"taxonomy":"category","embeddable":true,"href":"https:\/\/www.carmelitaniscalzi.com\/fr\/wp-json\/wp\/v2\/categories?post=18244"},{"taxonomy":"post_tag","embeddable":true,"href":"https:\/\/www.carmelitaniscalzi.com\/fr\/wp-json\/wp\/v2\/tags?post=18244"}],"curies":[{"name":"wp","href":"https:\/\/api.w.org\/{rel}","templated":true}]}}