{"id":170145,"date":"2022-09-16T17:41:56","date_gmt":"2022-09-16T15:41:56","guid":{"rendered":"https:\/\/www.carmelitaniscalzi.com\/?p=170145"},"modified":"2022-09-21T17:42:27","modified_gmt":"2022-09-21T15:42:27","slug":"vietnam-benediction-de-la-premiere-chapelle-des-carmes","status":"publish","type":"post","link":"https:\/\/www.carmelitaniscalzi.com\/fr\/2022\/09\/16\/vietnam-benediction-de-la-premiere-chapelle-des-carmes\/","title":{"rendered":"Vietnam : b\u00e9n\u00e9diction de la premi\u00e8re chapelle des Carmes"},"content":{"rendered":"<p>Le 13 juillet 2022 a \u00e9t\u00e9 une journ\u00e9e de grande action de gr\u00e2ce pour les Fr\u00e8res Carmes D\u00e9chaux du Vietnam\u00a0: c\u2019\u00e9tait la b\u00e9n\u00e9diction du couvent et la cons\u00e9cration de l&rsquo;autel de la premi\u00e8re chapelle de l\u2019Ordre au Vietnam.<\/p>\n<p>Depuis le d\u00e9but, l\u2019histoire des fr\u00e8res Carmes au Vietnam est faite de haut et de bas et de d\u00e9fis \u00e0 relever, aujourd&rsquo;hui encore. En 1961, le monast\u00e8re des Carm\u00e9lites de Saint-Joseph de Saigon f\u00eatait son centenaire. Cela donna \u00e0 certains jeunes vietnamiens l\u2019occasion de d\u00e9couvrir l&rsquo;Ordre des Carmes D\u00e9chaux. Ils furent envoy\u00e9s en formation au couvent des Carmes de Montpellier, dans la Province d&rsquo;Avignon-Aquitaine (France). Ils y prononc\u00e8rent leurs v\u0153ux solennels en 1968 et furent ordonn\u00e9s pr\u00eatres le 6 ao\u00fbt 1971 au monast\u00e8re des Carm\u00e9lites de Saigon (Vietnam). La crise eccl\u00e9sial et social de l\u2019apr\u00e8s mai 1968 et la guerre du Vietnam ont conduit \u00e0 la suspension l\u2019implantation des Fr\u00e8res au Vietnam.<\/p>\n<p>Le 19 juin 1998, le G\u00e9n\u00e9ral de l\u2019Ordre, le P\u00e8re Camilo Maccise, et le P\u00e8re Charles Serrao, apr\u00e8s s\u2019\u00eatre rendus au Vietnam, d\u00e9cident d&rsquo;envoyer les nouvelles vocations se former aux Philippines. Afin de pr\u00e9parer la fondation de la premi\u00e8re communaut\u00e9 de Fr\u00e8res au Vietnam, en 2002, le centre de l\u2019Ordre ach\u00e8te \u00e0 Cao Thai, avec l&rsquo;aide des Carm\u00e9lites D\u00e9chauss\u00e9es, une maison suffisamment spacieuse pour quatre ou cinq personnes et proche de la paroisse locale. Les premiers fr\u00e8res vietnamiens sont revenus au Vietnam le 12 juin 2011. En D\u00e9cembre 2011, le cardinal Gioan Baotixita Ph\u1ea1m Minh M\u1eabn, de l\u2019archidioc\u00e8se de Saigon, autorise l\u2019installation d\u2019une nouvelle communaut\u00e9 dans son dioc\u00e8se. La maison s&rsquo;\u00e9tant d\u00e9t\u00e9rior\u00e9e et \u00e9tant devenue \u00e9troite, il fut d\u00e9cid\u00e9 de reconstruire le couvent.<\/p>\n<p>Le 13 juillet 2022, en pr\u00e9sence du P\u00e8re Provincial Dan Lim, des fr\u00e8res et d\u2019une nombreuse assembl\u00e9e, Mgr Joseph Nguyen Nang proc\u00e9dait \u00e0 la d\u00e9dicace et \u00e0 la b\u00e9n\u00e9diction de l&rsquo;autel de la chapelle des Carmes D\u00e9chaux. C\u2019est le c\u0153ur plein de reconnaissance et d&rsquo;action de gr\u00e2ce, que chacun des fr\u00e8res vietnamiens chante et loue le Nom du Seigneur Dieu. Que le Seigneur continue \u00e0 d\u00e9verser ses b\u00e9n\u00e9dictions sur l\u2019\u00c9glise et le Carmel du Vietnam.<\/p>\n<p>&nbsp;<\/p>\n<div class=\"wpmf-gallerys wpmf-gallerys-life \" ><div id=\"gallery-1\"\n data-gutter-width=\"5\"\n  data-wpmfcolumns=\"4\" class=\"wpmf-gallery gallery-link-file gallery_life gallery-masonry gallery-columns-4 gallery-size-thumbnail wpmf-gallery-bottomspace-default wpmf-gallery-clear wpmf-has-border-radius-0 wpmf-gutterwidth-5\"><div class=\"wpmf-gallery-item\n     wpmf-gallery-item-position-0 wpmf-gallery-item-attachment-170099\" data-index=\"0\"><div class=\"wpmf-gallery-icon\"><a class=\" not_video noLightbox\" data-lightbox=\"1\" data-href=\"https:\/\/www.carmelitaniscalzi.com\/wp-content\/uploads\/2022\/09\/Vietnam-2022-68-1024x576.jpg\" title=\"Vietnam 2022-68\" target=\"_self\" data-index=\"0\"><img decoding=\"async\" class=\"wpmf_img\" alt=\"Vietnam 2022-68\" src=\"https:\/\/www.carmelitaniscalzi.com\/wp-content\/uploads\/2022\/09\/Vietnam-2022-68-150x150.jpg\" data-type=\"wpmfgalleryimg\" data-lazy-src=\"https:\/\/www.carmelitaniscalzi.com\/wp-content\/uploads\/2022\/09\/Vietnam-2022-68-150x150.jpg\"><\/a><\/div><\/div><div class=\"wpmf-gallery-item\n     wpmf-gallery-item-position-1 wpmf-gallery-item-attachment-170093\" data-index=\"1\"><div class=\"wpmf-gallery-icon\"><a class=\" not_video noLightbox\" data-lightbox=\"1\" data-href=\"https:\/\/www.carmelitaniscalzi.com\/wp-content\/uploads\/2022\/09\/Vietnam-2022-67-1024x576.jpg\" title=\"Vietnam 2022-67\" target=\"_self\" data-index=\"1\"><img decoding=\"async\" class=\"wpmf_img\" alt=\"Vietnam 2022-67\" src=\"https:\/\/www.carmelitaniscalzi.com\/wp-content\/uploads\/2022\/09\/Vietnam-2022-67-150x150.jpg\" data-type=\"wpmfgalleryimg\" data-lazy-src=\"https:\/\/www.carmelitaniscalzi.com\/wp-content\/uploads\/2022\/09\/Vietnam-2022-67-150x150.jpg\"><\/a><\/div><\/div><div class=\"wpmf-gallery-item\n     wpmf-gallery-item-position-2 wpmf-gallery-item-attachment-170087\" data-index=\"2\"><div class=\"wpmf-gallery-icon\"><a class=\" not_video noLightbox\" data-lightbox=\"1\" data-href=\"https:\/\/www.carmelitaniscalzi.com\/wp-content\/uploads\/2022\/09\/Vietnam-2022-65-1024x576.jpg\" title=\"Vietnam 2022-65\" target=\"_self\" data-index=\"2\"><img decoding=\"async\" class=\"wpmf_img\" alt=\"Vietnam 2022-65\" src=\"https:\/\/www.carmelitaniscalzi.com\/wp-content\/uploads\/2022\/09\/Vietnam-2022-65-150x150.jpg\" data-type=\"wpmfgalleryimg\" data-lazy-src=\"https:\/\/www.carmelitaniscalzi.com\/wp-content\/uploads\/2022\/09\/Vietnam-2022-65-150x150.jpg\"><\/a><\/div><\/div><div class=\"wpmf-gallery-item\n     wpmf-gallery-item-position-3 wpmf-gallery-item-attachment-170081\" data-index=\"3\"><div class=\"wpmf-gallery-icon\"><a class=\" not_video noLightbox\" data-lightbox=\"1\" data-href=\"https:\/\/www.carmelitaniscalzi.com\/wp-content\/uploads\/2022\/09\/Vietnam-2022-61-1024x576.jpg\" title=\"Vietnam 2022-61\" target=\"_self\" data-index=\"3\"><img decoding=\"async\" class=\"wpmf_img\" alt=\"Vietnam 2022-61\" src=\"https:\/\/www.carmelitaniscalzi.com\/wp-content\/uploads\/2022\/09\/Vietnam-2022-61-150x150.jpg\" data-type=\"wpmfgalleryimg\" data-lazy-src=\"https:\/\/www.carmelitaniscalzi.com\/wp-content\/uploads\/2022\/09\/Vietnam-2022-61-150x150.jpg\"><\/a><\/div><\/div><\/div><\/div>\n\n","protected":false},"excerpt":{"rendered":"<p>Le 13 juillet 2022 a \u00e9t\u00e9 une journ\u00e9e de grande action de gr\u00e2ce pour les Fr\u00e8res Carmes D\u00e9chaux du Vietnam\u00a0: c\u2019\u00e9tait la b\u00e9n\u00e9diction du couvent et la cons\u00e9cration de l&rsquo;autel de la premi\u00e8re chapelle de l\u2019Ordre au Vietnam. Depuis le d\u00e9but, l\u2019histoire des fr\u00e8res Carmes au Vietnam est faite de haut et de bas et [&hellip;]<\/p>\n","protected":false},"author":7,"featured_media":170075,"comment_status":"closed","ping_status":"open","sticky":false,"template":"","format":"standard","meta":{"_acf_changed":false,"footnotes":""},"categories":[201,202,203,261,370],"tags":[],"class_list":["post-170145","post","type-post","status-publish","format-standard","has-post-thumbnail","hentry","category-nouvelles-freres","category-nouvelles-missions","category-nouvelles-moniales","category-nouvelles-ocds","category-nouvelles"],"acf":[],"yoast_head":"<!-- This site is optimized with the Yoast SEO plugin v26.3 - https:\/\/yoast.com\/wordpress\/plugins\/seo\/ -->\n<title>Vietnam : b\u00e9n\u00e9diction de la premi\u00e8re chapelle des Carmes - CARMES D\u00c9CHAUX<\/title>\n<meta name=\"robots\" content=\"index, follow, max-snippet:-1, max-image-preview:large, max-video-preview:-1\" \/>\n<link rel=\"canonical\" href=\"https:\/\/www.carmelitaniscalzi.com\/fr\/2022\/09\/16\/vietnam-benediction-de-la-premiere-chapelle-des-carmes\/\" \/>\n<meta property=\"og:locale\" content=\"fr_FR\" \/>\n<meta property=\"og:type\" content=\"article\" \/>\n<meta property=\"og:title\" content=\"Vietnam : b\u00e9n\u00e9diction de la premi\u00e8re chapelle des Carmes - CARMES D\u00c9CHAUX\" \/>\n<meta property=\"og:description\" content=\"Le 13 juillet 2022 a \u00e9t\u00e9 une journ\u00e9e de grande action de gr\u00e2ce pour les Fr\u00e8res Carmes D\u00e9chaux du Vietnam\u00a0: c\u2019\u00e9tait la b\u00e9n\u00e9diction du couvent et la cons\u00e9cration de l&rsquo;autel de la premi\u00e8re chapelle de l\u2019Ordre au Vietnam. Depuis le d\u00e9but, l\u2019histoire des fr\u00e8res Carmes au Vietnam est faite de haut et de bas et [&hellip;]\" \/>\n<meta property=\"og:url\" content=\"https:\/\/www.carmelitaniscalzi.com\/fr\/2022\/09\/16\/vietnam-benediction-de-la-premiere-chapelle-des-carmes\/\" \/>\n<meta property=\"og:site_name\" content=\"CARMES D\u00c9CHAUX\" \/>\n<meta property=\"article:publisher\" content=\"https:\/\/www.facebook.com\/Curia-Generalizia-Carmelitani-Scalzi-658766940887784\/\" \/>\n<meta property=\"article:published_time\" content=\"2022-09-16T15:41:56+00:00\" \/>\n<meta property=\"article:modified_time\" content=\"2022-09-21T15:42:27+00:00\" \/>\n<meta property=\"og:image\" content=\"https:\/\/www.carmelitaniscalzi.com\/wp-content\/uploads\/2022\/09\/Cover_Vietnam_08_2022.jpg\" \/>\n\t<meta property=\"og:image:width\" content=\"1200\" \/>\n\t<meta property=\"og:image:height\" content=\"800\" \/>\n\t<meta property=\"og:image:type\" content=\"image\/jpeg\" \/>\n<meta name=\"author\" content=\"ocd web master\" \/>\n<meta name=\"twitter:card\" content=\"summary_large_image\" \/>\n<meta name=\"twitter:creator\" content=\"@ocdcuria\" \/>\n<meta name=\"twitter:site\" content=\"@ocdcuria\" \/>\n<meta name=\"twitter:label1\" content=\"\u00c9crit par\" \/>\n\t<meta name=\"twitter:data1\" content=\"ocd web master\" \/>\n\t<meta name=\"twitter:label2\" content=\"Dur\u00e9e de lecture estim\u00e9e\" \/>\n\t<meta name=\"twitter:data2\" content=\"2 minutes\" \/>\n<script type=\"application\/ld+json\" class=\"yoast-schema-graph\">{\"@context\":\"https:\/\/schema.org\",\"@graph\":[{\"@type\":\"Article\",\"@id\":\"https:\/\/www.carmelitaniscalzi.com\/fr\/2022\/09\/16\/vietnam-benediction-de-la-premiere-chapelle-des-carmes\/#article\",\"isPartOf\":{\"@id\":\"https:\/\/www.carmelitaniscalzi.com\/fr\/2022\/09\/16\/vietnam-benediction-de-la-premiere-chapelle-des-carmes\/\"},\"author\":{\"name\":\"ocd web master\",\"@id\":\"https:\/\/www.carmelitaniscalzi.com\/#\/schema\/person\/6d1c0d9bea7b6625c437246a5d6da409\"},\"headline\":\"Vietnam : b\u00e9n\u00e9diction de la premi\u00e8re chapelle des Carmes\",\"datePublished\":\"2022-09-16T15:41:56+00:00\",\"dateModified\":\"2022-09-21T15:42:27+00:00\",\"mainEntityOfPage\":{\"@id\":\"https:\/\/www.carmelitaniscalzi.com\/fr\/2022\/09\/16\/vietnam-benediction-de-la-premiere-chapelle-des-carmes\/\"},\"wordCount\":437,\"publisher\":{\"@id\":\"https:\/\/www.carmelitaniscalzi.com\/#organization\"},\"image\":{\"@id\":\"https:\/\/www.carmelitaniscalzi.com\/fr\/2022\/09\/16\/vietnam-benediction-de-la-premiere-chapelle-des-carmes\/#primaryimage\"},\"thumbnailUrl\":\"https:\/\/www.carmelitaniscalzi.com\/wp-content\/uploads\/2022\/09\/Cover_Vietnam_08_2022.jpg\",\"articleSection\":[\"Nouvelles Fr\u00e8res\",\"Nouvelles Missions\",\"Nouvelles Moniales\",\"Nouvelles OCDS\",\"Nouvelles\"],\"inLanguage\":\"fr-FR\"},{\"@type\":\"WebPage\",\"@id\":\"https:\/\/www.carmelitaniscalzi.com\/fr\/2022\/09\/16\/vietnam-benediction-de-la-premiere-chapelle-des-carmes\/\",\"url\":\"https:\/\/www.carmelitaniscalzi.com\/fr\/2022\/09\/16\/vietnam-benediction-de-la-premiere-chapelle-des-carmes\/\",\"name\":\"Vietnam : b\u00e9n\u00e9diction de la premi\u00e8re chapelle des Carmes - CARMES D\u00c9CHAUX\",\"isPartOf\":{\"@id\":\"https:\/\/www.carmelitaniscalzi.com\/#website\"},\"primaryImageOfPage\":{\"@id\":\"https:\/\/www.carmelitaniscalzi.com\/fr\/2022\/09\/16\/vietnam-benediction-de-la-premiere-chapelle-des-carmes\/#primaryimage\"},\"image\":{\"@id\":\"https:\/\/www.carmelitaniscalzi.com\/fr\/2022\/09\/16\/vietnam-benediction-de-la-premiere-chapelle-des-carmes\/#primaryimage\"},\"thumbnailUrl\":\"https:\/\/www.carmelitaniscalzi.com\/wp-content\/uploads\/2022\/09\/Cover_Vietnam_08_2022.jpg\",\"datePublished\":\"2022-09-16T15:41:56+00:00\",\"dateModified\":\"2022-09-21T15:42:27+00:00\",\"breadcrumb\":{\"@id\":\"https:\/\/www.carmelitaniscalzi.com\/fr\/2022\/09\/16\/vietnam-benediction-de-la-premiere-chapelle-des-carmes\/#breadcrumb\"},\"inLanguage\":\"fr-FR\",\"potentialAction\":[{\"@type\":\"ReadAction\",\"target\":[\"https:\/\/www.carmelitaniscalzi.com\/fr\/2022\/09\/16\/vietnam-benediction-de-la-premiere-chapelle-des-carmes\/\"]}]},{\"@type\":\"ImageObject\",\"inLanguage\":\"fr-FR\",\"@id\":\"https:\/\/www.carmelitaniscalzi.com\/fr\/2022\/09\/16\/vietnam-benediction-de-la-premiere-chapelle-des-carmes\/#primaryimage\",\"url\":\"https:\/\/www.carmelitaniscalzi.com\/wp-content\/uploads\/2022\/09\/Cover_Vietnam_08_2022.jpg\",\"contentUrl\":\"https:\/\/www.carmelitaniscalzi.com\/wp-content\/uploads\/2022\/09\/Cover_Vietnam_08_2022.jpg\",\"width\":1200,\"height\":800},{\"@type\":\"BreadcrumbList\",\"@id\":\"https:\/\/www.carmelitaniscalzi.com\/fr\/2022\/09\/16\/vietnam-benediction-de-la-premiere-chapelle-des-carmes\/#breadcrumb\",\"itemListElement\":[{\"@type\":\"ListItem\",\"position\":1,\"name\":\"Home\",\"item\":\"https:\/\/www.carmelitaniscalzi.com\/fr\/\"},{\"@type\":\"ListItem\",\"position\":2,\"name\":\"Vietnam : b\u00e9n\u00e9diction de la premi\u00e8re chapelle des Carmes\"}]},{\"@type\":\"WebSite\",\"@id\":\"https:\/\/www.carmelitaniscalzi.com\/#website\",\"url\":\"https:\/\/www.carmelitaniscalzi.com\/\",\"name\":\"CARMELITANI SCALZI - Curia Generale del Carmelo Teresiano\",\"description\":\"Curie G\u00e9n\u00e9ralice du Carmel D\u00e9chauss\u00e9\",\"publisher\":{\"@id\":\"https:\/\/www.carmelitaniscalzi.com\/#organization\"},\"alternateName\":\"CARMELITANI SCALZI\",\"potentialAction\":[{\"@type\":\"SearchAction\",\"target\":{\"@type\":\"EntryPoint\",\"urlTemplate\":\"https:\/\/www.carmelitaniscalzi.com\/?s={search_term_string}\"},\"query-input\":{\"@type\":\"PropertyValueSpecification\",\"valueRequired\":true,\"valueName\":\"search_term_string\"}}],\"inLanguage\":\"fr-FR\"},{\"@type\":\"Organization\",\"@id\":\"https:\/\/www.carmelitaniscalzi.com\/#organization\",\"name\":\"CARMELITANI SCALZI - Curia Generale del Carmelo Teresiano\",\"url\":\"https:\/\/www.carmelitaniscalzi.com\/\",\"logo\":{\"@type\":\"ImageObject\",\"inLanguage\":\"fr-FR\",\"@id\":\"https:\/\/www.carmelitaniscalzi.com\/#\/schema\/logo\/image\/\",\"url\":\"https:\/\/www.carmelitaniscalzi.com\/wp-content\/uploads\/2025\/11\/login-logo.png\",\"contentUrl\":\"https:\/\/www.carmelitaniscalzi.com\/wp-content\/uploads\/2025\/11\/login-logo.png\",\"width\":256,\"height\":256,\"caption\":\"CARMELITANI SCALZI - Curia Generale del Carmelo Teresiano\"},\"image\":{\"@id\":\"https:\/\/www.carmelitaniscalzi.com\/#\/schema\/logo\/image\/\"},\"sameAs\":[\"https:\/\/www.facebook.com\/Curia-Generalizia-Carmelitani-Scalzi-658766940887784\/\",\"https:\/\/x.com\/ocdcuria\",\"https:\/\/www.youtube.com\/channel\/UC2J5ZL0ycOY0qBSTCLX_NGQ\/videos\",\"https:\/\/www.instagram.com\/ocdinform\/\"]},{\"@type\":\"Person\",\"@id\":\"https:\/\/www.carmelitaniscalzi.com\/#\/schema\/person\/6d1c0d9bea7b6625c437246a5d6da409\",\"name\":\"ocd web master\",\"image\":{\"@type\":\"ImageObject\",\"inLanguage\":\"fr-FR\",\"@id\":\"https:\/\/www.carmelitaniscalzi.com\/#\/schema\/person\/image\/\",\"url\":\"https:\/\/secure.gravatar.com\/avatar\/41fbc5f82bad909fbaf2984c43fa50d8519ac5853e25b454d022b6868f80d0e7?s=96&d=mm&r=g\",\"contentUrl\":\"https:\/\/secure.gravatar.com\/avatar\/41fbc5f82bad909fbaf2984c43fa50d8519ac5853e25b454d022b6868f80d0e7?s=96&d=mm&r=g\",\"caption\":\"ocd web master\"},\"url\":\"https:\/\/www.carmelitaniscalzi.com\/fr\/author\/ocdwebmaster\/\"}]}<\/script>\n<!-- \/ Yoast SEO plugin. -->","yoast_head_json":{"title":"Vietnam : b\u00e9n\u00e9diction de la premi\u00e8re chapelle des Carmes - CARMES D\u00c9CHAUX","robots":{"index":"index","follow":"follow","max-snippet":"max-snippet:-1","max-image-preview":"max-image-preview:large","max-video-preview":"max-video-preview:-1"},"canonical":"https:\/\/www.carmelitaniscalzi.com\/fr\/2022\/09\/16\/vietnam-benediction-de-la-premiere-chapelle-des-carmes\/","og_locale":"fr_FR","og_type":"article","og_title":"Vietnam : b\u00e9n\u00e9diction de la premi\u00e8re chapelle des Carmes - CARMES D\u00c9CHAUX","og_description":"Le 13 juillet 2022 a \u00e9t\u00e9 une journ\u00e9e de grande action de gr\u00e2ce pour les Fr\u00e8res Carmes D\u00e9chaux du Vietnam\u00a0: c\u2019\u00e9tait la b\u00e9n\u00e9diction du couvent et la cons\u00e9cration de l&rsquo;autel de la premi\u00e8re chapelle de l\u2019Ordre au Vietnam. Depuis le d\u00e9but, l\u2019histoire des fr\u00e8res Carmes au Vietnam est faite de haut et de bas et [&hellip;]","og_url":"https:\/\/www.carmelitaniscalzi.com\/fr\/2022\/09\/16\/vietnam-benediction-de-la-premiere-chapelle-des-carmes\/","og_site_name":"CARMES D\u00c9CHAUX","article_publisher":"https:\/\/www.facebook.com\/Curia-Generalizia-Carmelitani-Scalzi-658766940887784\/","article_published_time":"2022-09-16T15:41:56+00:00","article_modified_time":"2022-09-21T15:42:27+00:00","og_image":[{"width":1200,"height":800,"url":"https:\/\/www.carmelitaniscalzi.com\/wp-content\/uploads\/2022\/09\/Cover_Vietnam_08_2022.jpg","type":"image\/jpeg"}],"author":"ocd web master","twitter_card":"summary_large_image","twitter_creator":"@ocdcuria","twitter_site":"@ocdcuria","twitter_misc":{"\u00c9crit par":"ocd web master","Dur\u00e9e de lecture estim\u00e9e":"2 minutes"},"schema":{"@context":"https:\/\/schema.org","@graph":[{"@type":"Article","@id":"https:\/\/www.carmelitaniscalzi.com\/fr\/2022\/09\/16\/vietnam-benediction-de-la-premiere-chapelle-des-carmes\/#article","isPartOf":{"@id":"https:\/\/www.carmelitaniscalzi.com\/fr\/2022\/09\/16\/vietnam-benediction-de-la-premiere-chapelle-des-carmes\/"},"author":{"name":"ocd web master","@id":"https:\/\/www.carmelitaniscalzi.com\/#\/schema\/person\/6d1c0d9bea7b6625c437246a5d6da409"},"headline":"Vietnam : b\u00e9n\u00e9diction de la premi\u00e8re chapelle des Carmes","datePublished":"2022-09-16T15:41:56+00:00","dateModified":"2022-09-21T15:42:27+00:00","mainEntityOfPage":{"@id":"https:\/\/www.carmelitaniscalzi.com\/fr\/2022\/09\/16\/vietnam-benediction-de-la-premiere-chapelle-des-carmes\/"},"wordCount":437,"publisher":{"@id":"https:\/\/www.carmelitaniscalzi.com\/#organization"},"image":{"@id":"https:\/\/www.carmelitaniscalzi.com\/fr\/2022\/09\/16\/vietnam-benediction-de-la-premiere-chapelle-des-carmes\/#primaryimage"},"thumbnailUrl":"https:\/\/www.carmelitaniscalzi.com\/wp-content\/uploads\/2022\/09\/Cover_Vietnam_08_2022.jpg","articleSection":["Nouvelles Fr\u00e8res","Nouvelles Missions","Nouvelles Moniales","Nouvelles OCDS","Nouvelles"],"inLanguage":"fr-FR"},{"@type":"WebPage","@id":"https:\/\/www.carmelitaniscalzi.com\/fr\/2022\/09\/16\/vietnam-benediction-de-la-premiere-chapelle-des-carmes\/","url":"https:\/\/www.carmelitaniscalzi.com\/fr\/2022\/09\/16\/vietnam-benediction-de-la-premiere-chapelle-des-carmes\/","name":"Vietnam : b\u00e9n\u00e9diction de la premi\u00e8re chapelle des Carmes - CARMES D\u00c9CHAUX","isPartOf":{"@id":"https:\/\/www.carmelitaniscalzi.com\/#website"},"primaryImageOfPage":{"@id":"https:\/\/www.carmelitaniscalzi.com\/fr\/2022\/09\/16\/vietnam-benediction-de-la-premiere-chapelle-des-carmes\/#primaryimage"},"image":{"@id":"https:\/\/www.carmelitaniscalzi.com\/fr\/2022\/09\/16\/vietnam-benediction-de-la-premiere-chapelle-des-carmes\/#primaryimage"},"thumbnailUrl":"https:\/\/www.carmelitaniscalzi.com\/wp-content\/uploads\/2022\/09\/Cover_Vietnam_08_2022.jpg","datePublished":"2022-09-16T15:41:56+00:00","dateModified":"2022-09-21T15:42:27+00:00","breadcrumb":{"@id":"https:\/\/www.carmelitaniscalzi.com\/fr\/2022\/09\/16\/vietnam-benediction-de-la-premiere-chapelle-des-carmes\/#breadcrumb"},"inLanguage":"fr-FR","potentialAction":[{"@type":"ReadAction","target":["https:\/\/www.carmelitaniscalzi.com\/fr\/2022\/09\/16\/vietnam-benediction-de-la-premiere-chapelle-des-carmes\/"]}]},{"@type":"ImageObject","inLanguage":"fr-FR","@id":"https:\/\/www.carmelitaniscalzi.com\/fr\/2022\/09\/16\/vietnam-benediction-de-la-premiere-chapelle-des-carmes\/#primaryimage","url":"https:\/\/www.carmelitaniscalzi.com\/wp-content\/uploads\/2022\/09\/Cover_Vietnam_08_2022.jpg","contentUrl":"https:\/\/www.carmelitaniscalzi.com\/wp-content\/uploads\/2022\/09\/Cover_Vietnam_08_2022.jpg","width":1200,"height":800},{"@type":"BreadcrumbList","@id":"https:\/\/www.carmelitaniscalzi.com\/fr\/2022\/09\/16\/vietnam-benediction-de-la-premiere-chapelle-des-carmes\/#breadcrumb","itemListElement":[{"@type":"ListItem","position":1,"name":"Home","item":"https:\/\/www.carmelitaniscalzi.com\/fr\/"},{"@type":"ListItem","position":2,"name":"Vietnam : b\u00e9n\u00e9diction de la premi\u00e8re chapelle des Carmes"}]},{"@type":"WebSite","@id":"https:\/\/www.carmelitaniscalzi.com\/#website","url":"https:\/\/www.carmelitaniscalzi.com\/","name":"CARMELITANI SCALZI - Curia Generale del Carmelo Teresiano","description":"Curie G\u00e9n\u00e9ralice du Carmel D\u00e9chauss\u00e9","publisher":{"@id":"https:\/\/www.carmelitaniscalzi.com\/#organization"},"alternateName":"CARMELITANI SCALZI","potentialAction":[{"@type":"SearchAction","target":{"@type":"EntryPoint","urlTemplate":"https:\/\/www.carmelitaniscalzi.com\/?s={search_term_string}"},"query-input":{"@type":"PropertyValueSpecification","valueRequired":true,"valueName":"search_term_string"}}],"inLanguage":"fr-FR"},{"@type":"Organization","@id":"https:\/\/www.carmelitaniscalzi.com\/#organization","name":"CARMELITANI SCALZI - Curia Generale del Carmelo Teresiano","url":"https:\/\/www.carmelitaniscalzi.com\/","logo":{"@type":"ImageObject","inLanguage":"fr-FR","@id":"https:\/\/www.carmelitaniscalzi.com\/#\/schema\/logo\/image\/","url":"https:\/\/www.carmelitaniscalzi.com\/wp-content\/uploads\/2025\/11\/login-logo.png","contentUrl":"https:\/\/www.carmelitaniscalzi.com\/wp-content\/uploads\/2025\/11\/login-logo.png","width":256,"height":256,"caption":"CARMELITANI SCALZI - Curia Generale del Carmelo Teresiano"},"image":{"@id":"https:\/\/www.carmelitaniscalzi.com\/#\/schema\/logo\/image\/"},"sameAs":["https:\/\/www.facebook.com\/Curia-Generalizia-Carmelitani-Scalzi-658766940887784\/","https:\/\/x.com\/ocdcuria","https:\/\/www.youtube.com\/channel\/UC2J5ZL0ycOY0qBSTCLX_NGQ\/videos","https:\/\/www.instagram.com\/ocdinform\/"]},{"@type":"Person","@id":"https:\/\/www.carmelitaniscalzi.com\/#\/schema\/person\/6d1c0d9bea7b6625c437246a5d6da409","name":"ocd web master","image":{"@type":"ImageObject","inLanguage":"fr-FR","@id":"https:\/\/www.carmelitaniscalzi.com\/#\/schema\/person\/image\/","url":"https:\/\/secure.gravatar.com\/avatar\/41fbc5f82bad909fbaf2984c43fa50d8519ac5853e25b454d022b6868f80d0e7?s=96&d=mm&r=g","contentUrl":"https:\/\/secure.gravatar.com\/avatar\/41fbc5f82bad909fbaf2984c43fa50d8519ac5853e25b454d022b6868f80d0e7?s=96&d=mm&r=g","caption":"ocd web master"},"url":"https:\/\/www.carmelitaniscalzi.com\/fr\/author\/ocdwebmaster\/"}]}},"_links":{"self":[{"href":"https:\/\/www.carmelitaniscalzi.com\/fr\/wp-json\/wp\/v2\/posts\/170145","targetHints":{"allow":["GET"]}}],"collection":[{"href":"https:\/\/www.carmelitaniscalzi.com\/fr\/wp-json\/wp\/v2\/posts"}],"about":[{"href":"https:\/\/www.carmelitaniscalzi.com\/fr\/wp-json\/wp\/v2\/types\/post"}],"author":[{"embeddable":true,"href":"https:\/\/www.carmelitaniscalzi.com\/fr\/wp-json\/wp\/v2\/users\/7"}],"replies":[{"embeddable":true,"href":"https:\/\/www.carmelitaniscalzi.com\/fr\/wp-json\/wp\/v2\/comments?post=170145"}],"version-history":[{"count":1,"href":"https:\/\/www.carmelitaniscalzi.com\/fr\/wp-json\/wp\/v2\/posts\/170145\/revisions"}],"predecessor-version":[{"id":170146,"href":"https:\/\/www.carmelitaniscalzi.com\/fr\/wp-json\/wp\/v2\/posts\/170145\/revisions\/170146"}],"wp:featuredmedia":[{"embeddable":true,"href":"https:\/\/www.carmelitaniscalzi.com\/fr\/wp-json\/wp\/v2\/media\/170075"}],"wp:attachment":[{"href":"https:\/\/www.carmelitaniscalzi.com\/fr\/wp-json\/wp\/v2\/media?parent=170145"}],"wp:term":[{"taxonomy":"category","embeddable":true,"href":"https:\/\/www.carmelitaniscalzi.com\/fr\/wp-json\/wp\/v2\/categories?post=170145"},{"taxonomy":"post_tag","embeddable":true,"href":"https:\/\/www.carmelitaniscalzi.com\/fr\/wp-json\/wp\/v2\/tags?post=170145"}],"curies":[{"name":"wp","href":"https:\/\/api.w.org\/{rel}","templated":true}]}}