{"id":170121,"date":"2022-09-07T17:28:38","date_gmt":"2022-09-07T15:28:38","guid":{"rendered":"https:\/\/www.carmelitaniscalzi.com\/?p=170121"},"modified":"2022-09-21T17:29:16","modified_gmt":"2022-09-21T15:29:16","slug":"avila-le-saint-siege-accorde-le-titre-de-basilique-mineure-a-leglise-de-la-santa-maison-natale-de-sainte-therese-de-jesus","status":"publish","type":"post","link":"https:\/\/www.carmelitaniscalzi.com\/fr\/2022\/09\/07\/avila-le-saint-siege-accorde-le-titre-de-basilique-mineure-a-leglise-de-la-santa-maison-natale-de-sainte-therese-de-jesus\/","title":{"rendered":"Avila : le Saint-Si\u00e8ge accorde le titre de Basilique mineure \u00e0 l&rsquo;\u00e9glise de La Santa, maison natale de sainte Th\u00e9r\u00e8se de J\u00e9sus."},"content":{"rendered":"<p>Suite \u00e0 la demande formelle faite au Vatican par l&rsquo;\u00e9v\u00eaque d&rsquo;Avila, Mgr Gil Tamayo, appuy\u00e9e par l&rsquo;Ordre du Carmel, le Nonce de Sa Saintet\u00e9 en Espagne a envoy\u00e9 le 13 juillet \u00e0 Mgr Gil Tamayo le d\u00e9cret conf\u00e9rant le titre de Basilique mineure \u00ab\u00a0\u00e0 l&rsquo;\u00e9glise du couvent de Sainte Th\u00e9r\u00e8se de J\u00e9sus, construite sur le lieu de naissance de la Sainte d&rsquo;Avila\u00a0\u00bb. Le Nonce apostolique lui-m\u00eame dans sa lettre d\u00e9crit ce lieu comme \u00ab\u00a0important pour le dioc\u00e8se d&rsquo;Avila et l&rsquo;\u00c9glise universelle\u00a0\u00bb.<\/p>\n<p>Le samedi 27 ao\u00fbt \u00e0 20 heures, Mgr Gil Tamayo a pr\u00e9sid\u00e9 la c\u00e9l\u00e9bration religieuse au cours de laquelle l&rsquo;\u00e9glise de La Santa est devenu une Basilique mineure. C&rsquo;est un moment unique pour l\u2019Ordre du Carmel D\u00e9chauss\u00e9, pour le dioc\u00e8se d\u2019Avila, pour tous ceux qui aiment Sainte Th\u00e9r\u00e8se de J\u00e9sus, ainsi qu\u2019un v\u00e9ritable cadeau en cette ann\u00e9e jubilaire o\u00f9 nous c\u00e9l\u00e9brons le IV<sup>e<\/sup> centenaire de sa canonisation.<\/p>\n<p>&nbsp;<\/p>\n<div class=\"wpmf-gallerys wpmf-gallerys-life \" ><div id=\"gallery-1\"\n data-gutter-width=\"5\"\n  data-wpmfcolumns=\"4\" class=\"wpmf-gallery gallery-link-file gallery_life gallery-masonry gallery-columns-4 gallery-size-thumbnail wpmf-gallery-bottomspace-default wpmf-gallery-clear wpmf-has-border-radius-0 wpmf-gutterwidth-5\"><div class=\"wpmf-gallery-item\n     wpmf-gallery-item-position-0 wpmf-gallery-item-attachment-170045\" data-index=\"0\"><div class=\"wpmf-gallery-icon\"><a class=\" not_video noLightbox\" data-lightbox=\"1\" data-href=\"https:\/\/www.carmelitaniscalzi.com\/wp-content\/uploads\/2022\/09\/A\u0301vila-6-1024x683.jpg\" title=\"A\u0301vila 6\" target=\"_self\" data-index=\"0\"><img decoding=\"async\" class=\"wpmf_img\" alt=\"A\u0301vila 6\" src=\"https:\/\/www.carmelitaniscalzi.com\/wp-content\/uploads\/2022\/09\/A\u0301vila-6-150x150.jpg\" data-type=\"wpmfgalleryimg\" data-lazy-src=\"https:\/\/www.carmelitaniscalzi.com\/wp-content\/uploads\/2022\/09\/A\u0301vila-6-150x150.jpg\"><\/a><\/div><\/div><div class=\"wpmf-gallery-item\n     wpmf-gallery-item-position-1 wpmf-gallery-item-attachment-170039\" data-index=\"1\"><div class=\"wpmf-gallery-icon\"><a class=\" not_video noLightbox\" data-lightbox=\"1\" data-href=\"https:\/\/www.carmelitaniscalzi.com\/wp-content\/uploads\/2022\/09\/A\u0301vila-5-1024x683.jpg\" title=\"A\u0301vila 5\" target=\"_self\" data-index=\"1\"><img decoding=\"async\" class=\"wpmf_img\" alt=\"A\u0301vila 5\" src=\"https:\/\/www.carmelitaniscalzi.com\/wp-content\/uploads\/2022\/09\/A\u0301vila-5-150x150.jpg\" data-type=\"wpmfgalleryimg\" data-lazy-src=\"https:\/\/www.carmelitaniscalzi.com\/wp-content\/uploads\/2022\/09\/A\u0301vila-5-150x150.jpg\"><\/a><\/div><\/div><div class=\"wpmf-gallery-item\n     wpmf-gallery-item-position-2 wpmf-gallery-item-attachment-170033\" data-index=\"2\"><div class=\"wpmf-gallery-icon\"><a class=\" not_video noLightbox\" data-lightbox=\"1\" data-href=\"https:\/\/www.carmelitaniscalzi.com\/wp-content\/uploads\/2022\/09\/A\u0301vila-4-1024x614.jpg\" title=\"A\u0301vila 4\" target=\"_self\" data-index=\"2\"><img decoding=\"async\" class=\"wpmf_img\" alt=\"A\u0301vila 4\" src=\"https:\/\/www.carmelitaniscalzi.com\/wp-content\/uploads\/2022\/09\/A\u0301vila-4-150x150.jpg\" data-type=\"wpmfgalleryimg\" data-lazy-src=\"https:\/\/www.carmelitaniscalzi.com\/wp-content\/uploads\/2022\/09\/A\u0301vila-4-150x150.jpg\"><\/a><\/div><\/div><div class=\"wpmf-gallery-item\n     wpmf-gallery-item-position-3 wpmf-gallery-item-attachment-170027\" data-index=\"3\"><div class=\"wpmf-gallery-icon\"><a class=\" not_video noLightbox\" data-lightbox=\"1\" data-href=\"https:\/\/www.carmelitaniscalzi.com\/wp-content\/uploads\/2022\/09\/A\u0301vila-3-1024x683.jpg\" title=\"A\u0301vila 3\" target=\"_self\" data-index=\"3\"><img decoding=\"async\" class=\"wpmf_img\" alt=\"A\u0301vila 3\" src=\"https:\/\/www.carmelitaniscalzi.com\/wp-content\/uploads\/2022\/09\/A\u0301vila-3-150x150.jpg\" data-type=\"wpmfgalleryimg\" data-lazy-src=\"https:\/\/www.carmelitaniscalzi.com\/wp-content\/uploads\/2022\/09\/A\u0301vila-3-150x150.jpg\"><\/a><\/div><\/div><div class=\"wpmf-gallery-item\n     wpmf-gallery-item-position-4 wpmf-gallery-item-attachment-170021\" data-index=\"4\"><div class=\"wpmf-gallery-icon\"><a class=\" not_video noLightbox\" data-lightbox=\"1\" data-href=\"https:\/\/www.carmelitaniscalzi.com\/wp-content\/uploads\/2022\/09\/A\u0301vila-2-835x1024.jpg\" title=\"A\u0301vila 2\" target=\"_self\" data-index=\"4\"><img decoding=\"async\" class=\"wpmf_img\" alt=\"A\u0301vila 2\" src=\"https:\/\/www.carmelitaniscalzi.com\/wp-content\/uploads\/2022\/09\/A\u0301vila-2-150x150.jpg\" data-type=\"wpmfgalleryimg\" data-lazy-src=\"https:\/\/www.carmelitaniscalzi.com\/wp-content\/uploads\/2022\/09\/A\u0301vila-2-150x150.jpg\"><\/a><\/div><\/div><div class=\"wpmf-gallery-item\n     wpmf-gallery-item-position-5 wpmf-gallery-item-attachment-170015\" data-index=\"5\"><div class=\"wpmf-gallery-icon\"><a class=\" not_video noLightbox\" data-lightbox=\"1\" data-href=\"https:\/\/www.carmelitaniscalzi.com\/wp-content\/uploads\/2022\/09\/A\u0301vila-1-1024x461.jpg\" title=\"A\u0301vila 1\" target=\"_self\" data-index=\"5\"><img decoding=\"async\" class=\"wpmf_img\" alt=\"A\u0301vila 1\" src=\"https:\/\/www.carmelitaniscalzi.com\/wp-content\/uploads\/2022\/09\/A\u0301vila-1-150x150.jpg\" data-type=\"wpmfgalleryimg\" data-lazy-src=\"https:\/\/www.carmelitaniscalzi.com\/wp-content\/uploads\/2022\/09\/A\u0301vila-1-150x150.jpg\"><\/a><\/div><\/div><\/div><\/div>\n\n<p>&nbsp;<\/p>\n","protected":false},"excerpt":{"rendered":"<p>Suite \u00e0 la demande formelle faite au Vatican par l&rsquo;\u00e9v\u00eaque d&rsquo;Avila, Mgr Gil Tamayo, appuy\u00e9e par l&rsquo;Ordre du Carmel, le Nonce de Sa Saintet\u00e9 en Espagne a envoy\u00e9 le 13 juillet \u00e0 Mgr Gil Tamayo le d\u00e9cret conf\u00e9rant le titre de Basilique mineure \u00ab\u00a0\u00e0 l&rsquo;\u00e9glise du couvent de Sainte Th\u00e9r\u00e8se de J\u00e9sus, construite sur le [&hellip;]<\/p>\n","protected":false},"author":7,"featured_media":170051,"comment_status":"closed","ping_status":"open","sticky":false,"template":"","format":"standard","meta":{"_acf_changed":false,"footnotes":""},"categories":[201,203,204,370],"tags":[],"class_list":["post-170121","post","type-post","status-publish","format-standard","has-post-thumbnail","hentry","category-nouvelles-freres","category-nouvelles-moniales","category-nouvelles-prepose-general","category-nouvelles"],"acf":[],"yoast_head":"<!-- This site is optimized with the Yoast SEO plugin v26.3 - https:\/\/yoast.com\/wordpress\/plugins\/seo\/ -->\n<title>Avila : le Saint-Si\u00e8ge accorde le titre de Basilique mineure \u00e0 l&#039;\u00e9glise de La Santa, maison natale de sainte Th\u00e9r\u00e8se de J\u00e9sus. - CARMES D\u00c9CHAUX<\/title>\n<meta name=\"robots\" content=\"index, follow, max-snippet:-1, max-image-preview:large, max-video-preview:-1\" \/>\n<link rel=\"canonical\" href=\"https:\/\/www.carmelitaniscalzi.com\/fr\/2022\/09\/07\/avila-le-saint-siege-accorde-le-titre-de-basilique-mineure-a-leglise-de-la-santa-maison-natale-de-sainte-therese-de-jesus\/\" \/>\n<meta property=\"og:locale\" content=\"fr_FR\" \/>\n<meta property=\"og:type\" content=\"article\" \/>\n<meta property=\"og:title\" content=\"Avila : le Saint-Si\u00e8ge accorde le titre de Basilique mineure \u00e0 l&#039;\u00e9glise de La Santa, maison natale de sainte Th\u00e9r\u00e8se de J\u00e9sus. - CARMES D\u00c9CHAUX\" \/>\n<meta property=\"og:description\" content=\"Suite \u00e0 la demande formelle faite au Vatican par l&rsquo;\u00e9v\u00eaque d&rsquo;Avila, Mgr Gil Tamayo, appuy\u00e9e par l&rsquo;Ordre du Carmel, le Nonce de Sa Saintet\u00e9 en Espagne a envoy\u00e9 le 13 juillet \u00e0 Mgr Gil Tamayo le d\u00e9cret conf\u00e9rant le titre de Basilique mineure \u00ab\u00a0\u00e0 l&rsquo;\u00e9glise du couvent de Sainte Th\u00e9r\u00e8se de J\u00e9sus, construite sur le [&hellip;]\" \/>\n<meta property=\"og:url\" content=\"https:\/\/www.carmelitaniscalzi.com\/fr\/2022\/09\/07\/avila-le-saint-siege-accorde-le-titre-de-basilique-mineure-a-leglise-de-la-santa-maison-natale-de-sainte-therese-de-jesus\/\" \/>\n<meta property=\"og:site_name\" content=\"CARMES D\u00c9CHAUX\" \/>\n<meta property=\"article:publisher\" content=\"https:\/\/www.facebook.com\/Curia-Generalizia-Carmelitani-Scalzi-658766940887784\/\" \/>\n<meta property=\"article:published_time\" content=\"2022-09-07T15:28:38+00:00\" \/>\n<meta property=\"article:modified_time\" content=\"2022-09-21T15:29:16+00:00\" \/>\n<meta property=\"og:image\" content=\"https:\/\/www.carmelitaniscalzi.com\/wp-content\/uploads\/2022\/09\/Cover_Avila_08_2022.jpg\" \/>\n\t<meta property=\"og:image:width\" content=\"1200\" \/>\n\t<meta property=\"og:image:height\" content=\"800\" \/>\n\t<meta property=\"og:image:type\" content=\"image\/jpeg\" \/>\n<meta name=\"author\" content=\"ocd web master\" \/>\n<meta name=\"twitter:card\" content=\"summary_large_image\" \/>\n<meta name=\"twitter:creator\" content=\"@ocdcuria\" \/>\n<meta name=\"twitter:site\" content=\"@ocdcuria\" \/>\n<meta name=\"twitter:label1\" content=\"\u00c9crit par\" \/>\n\t<meta name=\"twitter:data1\" content=\"ocd web master\" \/>\n\t<meta name=\"twitter:label2\" content=\"Dur\u00e9e de lecture estim\u00e9e\" \/>\n\t<meta name=\"twitter:data2\" content=\"1 minute\" \/>\n<script type=\"application\/ld+json\" class=\"yoast-schema-graph\">{\"@context\":\"https:\/\/schema.org\",\"@graph\":[{\"@type\":\"Article\",\"@id\":\"https:\/\/www.carmelitaniscalzi.com\/fr\/2022\/09\/07\/avila-le-saint-siege-accorde-le-titre-de-basilique-mineure-a-leglise-de-la-santa-maison-natale-de-sainte-therese-de-jesus\/#article\",\"isPartOf\":{\"@id\":\"https:\/\/www.carmelitaniscalzi.com\/fr\/2022\/09\/07\/avila-le-saint-siege-accorde-le-titre-de-basilique-mineure-a-leglise-de-la-santa-maison-natale-de-sainte-therese-de-jesus\/\"},\"author\":{\"name\":\"ocd web master\",\"@id\":\"https:\/\/www.carmelitaniscalzi.com\/#\/schema\/person\/6d1c0d9bea7b6625c437246a5d6da409\"},\"headline\":\"Avila : le Saint-Si\u00e8ge accorde le titre de Basilique mineure \u00e0 l&rsquo;\u00e9glise de La Santa, maison natale de sainte Th\u00e9r\u00e8se de J\u00e9sus.\",\"datePublished\":\"2022-09-07T15:28:38+00:00\",\"dateModified\":\"2022-09-21T15:29:16+00:00\",\"mainEntityOfPage\":{\"@id\":\"https:\/\/www.carmelitaniscalzi.com\/fr\/2022\/09\/07\/avila-le-saint-siege-accorde-le-titre-de-basilique-mineure-a-leglise-de-la-santa-maison-natale-de-sainte-therese-de-jesus\/\"},\"wordCount\":213,\"publisher\":{\"@id\":\"https:\/\/www.carmelitaniscalzi.com\/#organization\"},\"image\":{\"@id\":\"https:\/\/www.carmelitaniscalzi.com\/fr\/2022\/09\/07\/avila-le-saint-siege-accorde-le-titre-de-basilique-mineure-a-leglise-de-la-santa-maison-natale-de-sainte-therese-de-jesus\/#primaryimage\"},\"thumbnailUrl\":\"https:\/\/www.carmelitaniscalzi.com\/wp-content\/uploads\/2022\/09\/Cover_Avila_08_2022.jpg\",\"articleSection\":[\"Nouvelles Fr\u00e8res\",\"Nouvelles Moniales\",\"Nouvelles Pr\u00e9pos\u00e9 G\u00e9n\u00e9ral\",\"Nouvelles\"],\"inLanguage\":\"fr-FR\"},{\"@type\":\"WebPage\",\"@id\":\"https:\/\/www.carmelitaniscalzi.com\/fr\/2022\/09\/07\/avila-le-saint-siege-accorde-le-titre-de-basilique-mineure-a-leglise-de-la-santa-maison-natale-de-sainte-therese-de-jesus\/\",\"url\":\"https:\/\/www.carmelitaniscalzi.com\/fr\/2022\/09\/07\/avila-le-saint-siege-accorde-le-titre-de-basilique-mineure-a-leglise-de-la-santa-maison-natale-de-sainte-therese-de-jesus\/\",\"name\":\"Avila : le Saint-Si\u00e8ge accorde le titre de Basilique mineure \u00e0 l'\u00e9glise de La Santa, maison natale de sainte Th\u00e9r\u00e8se de J\u00e9sus. - CARMES D\u00c9CHAUX\",\"isPartOf\":{\"@id\":\"https:\/\/www.carmelitaniscalzi.com\/#website\"},\"primaryImageOfPage\":{\"@id\":\"https:\/\/www.carmelitaniscalzi.com\/fr\/2022\/09\/07\/avila-le-saint-siege-accorde-le-titre-de-basilique-mineure-a-leglise-de-la-santa-maison-natale-de-sainte-therese-de-jesus\/#primaryimage\"},\"image\":{\"@id\":\"https:\/\/www.carmelitaniscalzi.com\/fr\/2022\/09\/07\/avila-le-saint-siege-accorde-le-titre-de-basilique-mineure-a-leglise-de-la-santa-maison-natale-de-sainte-therese-de-jesus\/#primaryimage\"},\"thumbnailUrl\":\"https:\/\/www.carmelitaniscalzi.com\/wp-content\/uploads\/2022\/09\/Cover_Avila_08_2022.jpg\",\"datePublished\":\"2022-09-07T15:28:38+00:00\",\"dateModified\":\"2022-09-21T15:29:16+00:00\",\"breadcrumb\":{\"@id\":\"https:\/\/www.carmelitaniscalzi.com\/fr\/2022\/09\/07\/avila-le-saint-siege-accorde-le-titre-de-basilique-mineure-a-leglise-de-la-santa-maison-natale-de-sainte-therese-de-jesus\/#breadcrumb\"},\"inLanguage\":\"fr-FR\",\"potentialAction\":[{\"@type\":\"ReadAction\",\"target\":[\"https:\/\/www.carmelitaniscalzi.com\/fr\/2022\/09\/07\/avila-le-saint-siege-accorde-le-titre-de-basilique-mineure-a-leglise-de-la-santa-maison-natale-de-sainte-therese-de-jesus\/\"]}]},{\"@type\":\"ImageObject\",\"inLanguage\":\"fr-FR\",\"@id\":\"https:\/\/www.carmelitaniscalzi.com\/fr\/2022\/09\/07\/avila-le-saint-siege-accorde-le-titre-de-basilique-mineure-a-leglise-de-la-santa-maison-natale-de-sainte-therese-de-jesus\/#primaryimage\",\"url\":\"https:\/\/www.carmelitaniscalzi.com\/wp-content\/uploads\/2022\/09\/Cover_Avila_08_2022.jpg\",\"contentUrl\":\"https:\/\/www.carmelitaniscalzi.com\/wp-content\/uploads\/2022\/09\/Cover_Avila_08_2022.jpg\",\"width\":1200,\"height\":800},{\"@type\":\"BreadcrumbList\",\"@id\":\"https:\/\/www.carmelitaniscalzi.com\/fr\/2022\/09\/07\/avila-le-saint-siege-accorde-le-titre-de-basilique-mineure-a-leglise-de-la-santa-maison-natale-de-sainte-therese-de-jesus\/#breadcrumb\",\"itemListElement\":[{\"@type\":\"ListItem\",\"position\":1,\"name\":\"Home\",\"item\":\"https:\/\/www.carmelitaniscalzi.com\/fr\/\"},{\"@type\":\"ListItem\",\"position\":2,\"name\":\"Avila : le Saint-Si\u00e8ge accorde le titre de Basilique mineure \u00e0 l&#8217;\u00e9glise de La Santa, maison natale de sainte Th\u00e9r\u00e8se de J\u00e9sus.\"}]},{\"@type\":\"WebSite\",\"@id\":\"https:\/\/www.carmelitaniscalzi.com\/#website\",\"url\":\"https:\/\/www.carmelitaniscalzi.com\/\",\"name\":\"CARMELITANI SCALZI - Curia Generale del Carmelo Teresiano\",\"description\":\"Curie G\u00e9n\u00e9ralice du Carmel D\u00e9chauss\u00e9\",\"publisher\":{\"@id\":\"https:\/\/www.carmelitaniscalzi.com\/#organization\"},\"alternateName\":\"CARMELITANI SCALZI\",\"potentialAction\":[{\"@type\":\"SearchAction\",\"target\":{\"@type\":\"EntryPoint\",\"urlTemplate\":\"https:\/\/www.carmelitaniscalzi.com\/?s={search_term_string}\"},\"query-input\":{\"@type\":\"PropertyValueSpecification\",\"valueRequired\":true,\"valueName\":\"search_term_string\"}}],\"inLanguage\":\"fr-FR\"},{\"@type\":\"Organization\",\"@id\":\"https:\/\/www.carmelitaniscalzi.com\/#organization\",\"name\":\"CARMELITANI SCALZI - Curia Generale del Carmelo Teresiano\",\"url\":\"https:\/\/www.carmelitaniscalzi.com\/\",\"logo\":{\"@type\":\"ImageObject\",\"inLanguage\":\"fr-FR\",\"@id\":\"https:\/\/www.carmelitaniscalzi.com\/#\/schema\/logo\/image\/\",\"url\":\"https:\/\/www.carmelitaniscalzi.com\/wp-content\/uploads\/2025\/11\/login-logo.png\",\"contentUrl\":\"https:\/\/www.carmelitaniscalzi.com\/wp-content\/uploads\/2025\/11\/login-logo.png\",\"width\":256,\"height\":256,\"caption\":\"CARMELITANI SCALZI - Curia Generale del Carmelo Teresiano\"},\"image\":{\"@id\":\"https:\/\/www.carmelitaniscalzi.com\/#\/schema\/logo\/image\/\"},\"sameAs\":[\"https:\/\/www.facebook.com\/Curia-Generalizia-Carmelitani-Scalzi-658766940887784\/\",\"https:\/\/x.com\/ocdcuria\",\"https:\/\/www.youtube.com\/channel\/UC2J5ZL0ycOY0qBSTCLX_NGQ\/videos\",\"https:\/\/www.instagram.com\/ocdinform\/\"]},{\"@type\":\"Person\",\"@id\":\"https:\/\/www.carmelitaniscalzi.com\/#\/schema\/person\/6d1c0d9bea7b6625c437246a5d6da409\",\"name\":\"ocd web master\",\"image\":{\"@type\":\"ImageObject\",\"inLanguage\":\"fr-FR\",\"@id\":\"https:\/\/www.carmelitaniscalzi.com\/#\/schema\/person\/image\/\",\"url\":\"https:\/\/secure.gravatar.com\/avatar\/41fbc5f82bad909fbaf2984c43fa50d8519ac5853e25b454d022b6868f80d0e7?s=96&d=mm&r=g\",\"contentUrl\":\"https:\/\/secure.gravatar.com\/avatar\/41fbc5f82bad909fbaf2984c43fa50d8519ac5853e25b454d022b6868f80d0e7?s=96&d=mm&r=g\",\"caption\":\"ocd web master\"},\"url\":\"https:\/\/www.carmelitaniscalzi.com\/fr\/author\/ocdwebmaster\/\"}]}<\/script>\n<!-- \/ Yoast SEO plugin. -->","yoast_head_json":{"title":"Avila : le Saint-Si\u00e8ge accorde le titre de Basilique mineure \u00e0 l'\u00e9glise de La Santa, maison natale de sainte Th\u00e9r\u00e8se de J\u00e9sus. - CARMES D\u00c9CHAUX","robots":{"index":"index","follow":"follow","max-snippet":"max-snippet:-1","max-image-preview":"max-image-preview:large","max-video-preview":"max-video-preview:-1"},"canonical":"https:\/\/www.carmelitaniscalzi.com\/fr\/2022\/09\/07\/avila-le-saint-siege-accorde-le-titre-de-basilique-mineure-a-leglise-de-la-santa-maison-natale-de-sainte-therese-de-jesus\/","og_locale":"fr_FR","og_type":"article","og_title":"Avila : le Saint-Si\u00e8ge accorde le titre de Basilique mineure \u00e0 l'\u00e9glise de La Santa, maison natale de sainte Th\u00e9r\u00e8se de J\u00e9sus. - CARMES D\u00c9CHAUX","og_description":"Suite \u00e0 la demande formelle faite au Vatican par l&rsquo;\u00e9v\u00eaque d&rsquo;Avila, Mgr Gil Tamayo, appuy\u00e9e par l&rsquo;Ordre du Carmel, le Nonce de Sa Saintet\u00e9 en Espagne a envoy\u00e9 le 13 juillet \u00e0 Mgr Gil Tamayo le d\u00e9cret conf\u00e9rant le titre de Basilique mineure \u00ab\u00a0\u00e0 l&rsquo;\u00e9glise du couvent de Sainte Th\u00e9r\u00e8se de J\u00e9sus, construite sur le [&hellip;]","og_url":"https:\/\/www.carmelitaniscalzi.com\/fr\/2022\/09\/07\/avila-le-saint-siege-accorde-le-titre-de-basilique-mineure-a-leglise-de-la-santa-maison-natale-de-sainte-therese-de-jesus\/","og_site_name":"CARMES D\u00c9CHAUX","article_publisher":"https:\/\/www.facebook.com\/Curia-Generalizia-Carmelitani-Scalzi-658766940887784\/","article_published_time":"2022-09-07T15:28:38+00:00","article_modified_time":"2022-09-21T15:29:16+00:00","og_image":[{"width":1200,"height":800,"url":"https:\/\/www.carmelitaniscalzi.com\/wp-content\/uploads\/2022\/09\/Cover_Avila_08_2022.jpg","type":"image\/jpeg"}],"author":"ocd web master","twitter_card":"summary_large_image","twitter_creator":"@ocdcuria","twitter_site":"@ocdcuria","twitter_misc":{"\u00c9crit par":"ocd web master","Dur\u00e9e de lecture estim\u00e9e":"1 minute"},"schema":{"@context":"https:\/\/schema.org","@graph":[{"@type":"Article","@id":"https:\/\/www.carmelitaniscalzi.com\/fr\/2022\/09\/07\/avila-le-saint-siege-accorde-le-titre-de-basilique-mineure-a-leglise-de-la-santa-maison-natale-de-sainte-therese-de-jesus\/#article","isPartOf":{"@id":"https:\/\/www.carmelitaniscalzi.com\/fr\/2022\/09\/07\/avila-le-saint-siege-accorde-le-titre-de-basilique-mineure-a-leglise-de-la-santa-maison-natale-de-sainte-therese-de-jesus\/"},"author":{"name":"ocd web master","@id":"https:\/\/www.carmelitaniscalzi.com\/#\/schema\/person\/6d1c0d9bea7b6625c437246a5d6da409"},"headline":"Avila : le Saint-Si\u00e8ge accorde le titre de Basilique mineure \u00e0 l&rsquo;\u00e9glise de La Santa, maison natale de sainte Th\u00e9r\u00e8se de J\u00e9sus.","datePublished":"2022-09-07T15:28:38+00:00","dateModified":"2022-09-21T15:29:16+00:00","mainEntityOfPage":{"@id":"https:\/\/www.carmelitaniscalzi.com\/fr\/2022\/09\/07\/avila-le-saint-siege-accorde-le-titre-de-basilique-mineure-a-leglise-de-la-santa-maison-natale-de-sainte-therese-de-jesus\/"},"wordCount":213,"publisher":{"@id":"https:\/\/www.carmelitaniscalzi.com\/#organization"},"image":{"@id":"https:\/\/www.carmelitaniscalzi.com\/fr\/2022\/09\/07\/avila-le-saint-siege-accorde-le-titre-de-basilique-mineure-a-leglise-de-la-santa-maison-natale-de-sainte-therese-de-jesus\/#primaryimage"},"thumbnailUrl":"https:\/\/www.carmelitaniscalzi.com\/wp-content\/uploads\/2022\/09\/Cover_Avila_08_2022.jpg","articleSection":["Nouvelles Fr\u00e8res","Nouvelles Moniales","Nouvelles Pr\u00e9pos\u00e9 G\u00e9n\u00e9ral","Nouvelles"],"inLanguage":"fr-FR"},{"@type":"WebPage","@id":"https:\/\/www.carmelitaniscalzi.com\/fr\/2022\/09\/07\/avila-le-saint-siege-accorde-le-titre-de-basilique-mineure-a-leglise-de-la-santa-maison-natale-de-sainte-therese-de-jesus\/","url":"https:\/\/www.carmelitaniscalzi.com\/fr\/2022\/09\/07\/avila-le-saint-siege-accorde-le-titre-de-basilique-mineure-a-leglise-de-la-santa-maison-natale-de-sainte-therese-de-jesus\/","name":"Avila : le Saint-Si\u00e8ge accorde le titre de Basilique mineure \u00e0 l'\u00e9glise de La Santa, maison natale de sainte Th\u00e9r\u00e8se de J\u00e9sus. - CARMES D\u00c9CHAUX","isPartOf":{"@id":"https:\/\/www.carmelitaniscalzi.com\/#website"},"primaryImageOfPage":{"@id":"https:\/\/www.carmelitaniscalzi.com\/fr\/2022\/09\/07\/avila-le-saint-siege-accorde-le-titre-de-basilique-mineure-a-leglise-de-la-santa-maison-natale-de-sainte-therese-de-jesus\/#primaryimage"},"image":{"@id":"https:\/\/www.carmelitaniscalzi.com\/fr\/2022\/09\/07\/avila-le-saint-siege-accorde-le-titre-de-basilique-mineure-a-leglise-de-la-santa-maison-natale-de-sainte-therese-de-jesus\/#primaryimage"},"thumbnailUrl":"https:\/\/www.carmelitaniscalzi.com\/wp-content\/uploads\/2022\/09\/Cover_Avila_08_2022.jpg","datePublished":"2022-09-07T15:28:38+00:00","dateModified":"2022-09-21T15:29:16+00:00","breadcrumb":{"@id":"https:\/\/www.carmelitaniscalzi.com\/fr\/2022\/09\/07\/avila-le-saint-siege-accorde-le-titre-de-basilique-mineure-a-leglise-de-la-santa-maison-natale-de-sainte-therese-de-jesus\/#breadcrumb"},"inLanguage":"fr-FR","potentialAction":[{"@type":"ReadAction","target":["https:\/\/www.carmelitaniscalzi.com\/fr\/2022\/09\/07\/avila-le-saint-siege-accorde-le-titre-de-basilique-mineure-a-leglise-de-la-santa-maison-natale-de-sainte-therese-de-jesus\/"]}]},{"@type":"ImageObject","inLanguage":"fr-FR","@id":"https:\/\/www.carmelitaniscalzi.com\/fr\/2022\/09\/07\/avila-le-saint-siege-accorde-le-titre-de-basilique-mineure-a-leglise-de-la-santa-maison-natale-de-sainte-therese-de-jesus\/#primaryimage","url":"https:\/\/www.carmelitaniscalzi.com\/wp-content\/uploads\/2022\/09\/Cover_Avila_08_2022.jpg","contentUrl":"https:\/\/www.carmelitaniscalzi.com\/wp-content\/uploads\/2022\/09\/Cover_Avila_08_2022.jpg","width":1200,"height":800},{"@type":"BreadcrumbList","@id":"https:\/\/www.carmelitaniscalzi.com\/fr\/2022\/09\/07\/avila-le-saint-siege-accorde-le-titre-de-basilique-mineure-a-leglise-de-la-santa-maison-natale-de-sainte-therese-de-jesus\/#breadcrumb","itemListElement":[{"@type":"ListItem","position":1,"name":"Home","item":"https:\/\/www.carmelitaniscalzi.com\/fr\/"},{"@type":"ListItem","position":2,"name":"Avila : le Saint-Si\u00e8ge accorde le titre de Basilique mineure \u00e0 l&#8217;\u00e9glise de La Santa, maison natale de sainte Th\u00e9r\u00e8se de J\u00e9sus."}]},{"@type":"WebSite","@id":"https:\/\/www.carmelitaniscalzi.com\/#website","url":"https:\/\/www.carmelitaniscalzi.com\/","name":"CARMELITANI SCALZI - Curia Generale del Carmelo Teresiano","description":"Curie G\u00e9n\u00e9ralice du Carmel D\u00e9chauss\u00e9","publisher":{"@id":"https:\/\/www.carmelitaniscalzi.com\/#organization"},"alternateName":"CARMELITANI SCALZI","potentialAction":[{"@type":"SearchAction","target":{"@type":"EntryPoint","urlTemplate":"https:\/\/www.carmelitaniscalzi.com\/?s={search_term_string}"},"query-input":{"@type":"PropertyValueSpecification","valueRequired":true,"valueName":"search_term_string"}}],"inLanguage":"fr-FR"},{"@type":"Organization","@id":"https:\/\/www.carmelitaniscalzi.com\/#organization","name":"CARMELITANI SCALZI - Curia Generale del Carmelo Teresiano","url":"https:\/\/www.carmelitaniscalzi.com\/","logo":{"@type":"ImageObject","inLanguage":"fr-FR","@id":"https:\/\/www.carmelitaniscalzi.com\/#\/schema\/logo\/image\/","url":"https:\/\/www.carmelitaniscalzi.com\/wp-content\/uploads\/2025\/11\/login-logo.png","contentUrl":"https:\/\/www.carmelitaniscalzi.com\/wp-content\/uploads\/2025\/11\/login-logo.png","width":256,"height":256,"caption":"CARMELITANI SCALZI - Curia Generale del Carmelo Teresiano"},"image":{"@id":"https:\/\/www.carmelitaniscalzi.com\/#\/schema\/logo\/image\/"},"sameAs":["https:\/\/www.facebook.com\/Curia-Generalizia-Carmelitani-Scalzi-658766940887784\/","https:\/\/x.com\/ocdcuria","https:\/\/www.youtube.com\/channel\/UC2J5ZL0ycOY0qBSTCLX_NGQ\/videos","https:\/\/www.instagram.com\/ocdinform\/"]},{"@type":"Person","@id":"https:\/\/www.carmelitaniscalzi.com\/#\/schema\/person\/6d1c0d9bea7b6625c437246a5d6da409","name":"ocd web master","image":{"@type":"ImageObject","inLanguage":"fr-FR","@id":"https:\/\/www.carmelitaniscalzi.com\/#\/schema\/person\/image\/","url":"https:\/\/secure.gravatar.com\/avatar\/41fbc5f82bad909fbaf2984c43fa50d8519ac5853e25b454d022b6868f80d0e7?s=96&d=mm&r=g","contentUrl":"https:\/\/secure.gravatar.com\/avatar\/41fbc5f82bad909fbaf2984c43fa50d8519ac5853e25b454d022b6868f80d0e7?s=96&d=mm&r=g","caption":"ocd web master"},"url":"https:\/\/www.carmelitaniscalzi.com\/fr\/author\/ocdwebmaster\/"}]}},"_links":{"self":[{"href":"https:\/\/www.carmelitaniscalzi.com\/fr\/wp-json\/wp\/v2\/posts\/170121","targetHints":{"allow":["GET"]}}],"collection":[{"href":"https:\/\/www.carmelitaniscalzi.com\/fr\/wp-json\/wp\/v2\/posts"}],"about":[{"href":"https:\/\/www.carmelitaniscalzi.com\/fr\/wp-json\/wp\/v2\/types\/post"}],"author":[{"embeddable":true,"href":"https:\/\/www.carmelitaniscalzi.com\/fr\/wp-json\/wp\/v2\/users\/7"}],"replies":[{"embeddable":true,"href":"https:\/\/www.carmelitaniscalzi.com\/fr\/wp-json\/wp\/v2\/comments?post=170121"}],"version-history":[{"count":1,"href":"https:\/\/www.carmelitaniscalzi.com\/fr\/wp-json\/wp\/v2\/posts\/170121\/revisions"}],"predecessor-version":[{"id":170122,"href":"https:\/\/www.carmelitaniscalzi.com\/fr\/wp-json\/wp\/v2\/posts\/170121\/revisions\/170122"}],"wp:featuredmedia":[{"embeddable":true,"href":"https:\/\/www.carmelitaniscalzi.com\/fr\/wp-json\/wp\/v2\/media\/170051"}],"wp:attachment":[{"href":"https:\/\/www.carmelitaniscalzi.com\/fr\/wp-json\/wp\/v2\/media?parent=170121"}],"wp:term":[{"taxonomy":"category","embeddable":true,"href":"https:\/\/www.carmelitaniscalzi.com\/fr\/wp-json\/wp\/v2\/categories?post=170121"},{"taxonomy":"post_tag","embeddable":true,"href":"https:\/\/www.carmelitaniscalzi.com\/fr\/wp-json\/wp\/v2\/tags?post=170121"}],"curies":[{"name":"wp","href":"https:\/\/api.w.org\/{rel}","templated":true}]}}