{"id":152447,"date":"2022-06-22T02:00:50","date_gmt":"2022-06-22T00:00:50","guid":{"rendered":"https:\/\/www.carmelitaniscalzi.com\/?p=152447"},"modified":"2022-06-11T02:13:05","modified_gmt":"2022-06-11T00:13:05","slug":"5eme-rencontre-de-locds-de-la-cicla-sud-en-bolivie","status":"publish","type":"post","link":"https:\/\/www.carmelitaniscalzi.com\/fr\/2022\/06\/22\/5eme-rencontre-de-locds-de-la-cicla-sud-en-bolivie\/","title":{"rendered":"5\u00e8me rencontre de l&rsquo;OCDS de la CICLA-Sud, en Bolivie"},"content":{"rendered":"<p>La 5<sup>\u00e8me<\/sup> rencontre de l&rsquo;OCDS de la CICLA-Sud a eu lieu dans la ville de Cochabamba, en Bolivie, du 20 au 24 avril 2022. Elle est compos\u00e9e de l&rsquo;Argentine, de la Bolivie, du Br\u00e9sil, du Chili, du Paraguay et de l&rsquo;Uruguay. Le th\u00e8me du congr\u00e8s \u00e9tait \u00ab\u00a0<em>D\u00e9chausse-toi\u00a0!<\/em>\u00ab\u00a0. Les conf\u00e9rences ont permis de comprendre ce que cela veut dire d&rsquo;\u00eatre d\u00e9chauss\u00e9 dans le cadre de l&rsquo;OCDS et de trouver ainsi des moyens concrets de le mettre en pratique.<\/p>\n<p>Le congr\u00e8s s&rsquo;est d\u00e9roul\u00e9 dans une atmosph\u00e8re de concorde et de fraternit\u00e9. Les conf\u00e9rences ont \u00e9t\u00e9 suivies \u00e0 la fois en pr\u00e9sentiel et via Internet. Les participants ont pu interagir et approfondir les sujets abord\u00e9s. Le congr\u00e8s \u00e9tait tr\u00e8s bien organis\u00e9: il y a eu des moments de travail ensemble, de r\u00e9flexion personnelle et de r\u00e9cr\u00e9ation fraternelle. Et la nourriture \u00e9tait abondante! Nous avons tous eu le plaisir de go\u00fbter aux sp\u00e9cialit\u00e9s culinaires de la Bolivie: des repas provenant de diff\u00e9rentes r\u00e9gions du pays ont \u00e9t\u00e9 servis chaque jour.<\/p>\n<p>La 5\u00e8me rencontre de l&rsquo;OCDS de la CICLA-Sud en Bolivie a permis de r\u00e9pandre des semences dans le c\u0153ur de tous ceux qui ont v\u00e9cu cette exp\u00e9rience. Cela portera s\u00fbrement beaucoup de fruits dans la vie des S\u00e9culi\u00e8res du Carmel de cette r\u00e9gion et du monde entier. Lors de ce m\u00eame congr\u00e8s, il a \u00e9t\u00e9 d\u00e9cid\u00e9 que le prochain CICLA-Sud se tiendrait en Uruguay en 2025.<\/p>\n<p>&nbsp;<\/p>\n<div class=\"wpmf-gallerys wpmf-gallerys-life \" ><div id=\"gallery-1\"\n data-gutter-width=\"5\"\n  data-wpmfcolumns=\"3\" class=\"wpmf-gallery gallery-link-file gallery_life gallery-masonry gallery-columns-3 gallery-size-thumbnail wpmf-gallery-bottomspace-default wpmf-gallery-clear wpmf-has-border-radius-0 wpmf-gutterwidth-5\"><div class=\"wpmf-gallery-item\n     wpmf-gallery-item-position-0 wpmf-gallery-item-attachment-152311\" data-index=\"0\"><div class=\"wpmf-gallery-icon\"><a class=\" not_video noLightbox\" data-lightbox=\"1\" data-href=\"https:\/\/www.carmelitaniscalzi.com\/wp-content\/uploads\/2022\/06\/Bolivia_3-1024x586.jpeg\" title=\"Bolivia_3\" target=\"_self\" data-index=\"0\"><img decoding=\"async\" class=\"wpmf_img\" alt=\"Bolivia_3\" src=\"https:\/\/www.carmelitaniscalzi.com\/wp-content\/uploads\/2022\/06\/Bolivia_3-150x150.jpeg\" data-type=\"wpmfgalleryimg\" data-lazy-src=\"https:\/\/www.carmelitaniscalzi.com\/wp-content\/uploads\/2022\/06\/Bolivia_3-150x150.jpeg\"><\/a><\/div><\/div><div class=\"wpmf-gallery-item\n     wpmf-gallery-item-position-1 wpmf-gallery-item-attachment-152305\" data-index=\"1\"><div class=\"wpmf-gallery-icon\"><a class=\" not_video noLightbox\" data-lightbox=\"1\" data-href=\"https:\/\/www.carmelitaniscalzi.com\/wp-content\/uploads\/2022\/06\/Bolivia_2.jpg\" title=\"Bolivia_2\" target=\"_self\" data-index=\"1\"><img decoding=\"async\" class=\"wpmf_img\" alt=\"Bolivia_2\" src=\"https:\/\/www.carmelitaniscalzi.com\/wp-content\/uploads\/2022\/06\/Bolivia_2-150x150.jpg\" data-type=\"wpmfgalleryimg\" data-lazy-src=\"https:\/\/www.carmelitaniscalzi.com\/wp-content\/uploads\/2022\/06\/Bolivia_2-150x150.jpg\"><\/a><\/div><\/div><div class=\"wpmf-gallery-item\n     wpmf-gallery-item-position-2 wpmf-gallery-item-attachment-152299\" data-index=\"2\"><div class=\"wpmf-gallery-icon\"><a class=\" not_video noLightbox\" data-lightbox=\"1\" data-href=\"https:\/\/www.carmelitaniscalzi.com\/wp-content\/uploads\/2022\/06\/Bolivia_1-1024x613.jpeg\" title=\"Bolivia_1\" target=\"_self\" data-index=\"2\"><img decoding=\"async\" class=\"wpmf_img\" alt=\"Bolivia_1\" src=\"https:\/\/www.carmelitaniscalzi.com\/wp-content\/uploads\/2022\/06\/Bolivia_1-150x150.jpeg\" data-type=\"wpmfgalleryimg\" data-lazy-src=\"https:\/\/www.carmelitaniscalzi.com\/wp-content\/uploads\/2022\/06\/Bolivia_1-150x150.jpeg\"><\/a><\/div><\/div><\/div><\/div>\n\n","protected":false},"excerpt":{"rendered":"<p>La 5\u00e8me rencontre de l&rsquo;OCDS de la CICLA-Sud a eu lieu dans la ville de Cochabamba, en Bolivie, du 20 au 24 avril 2022. Elle est compos\u00e9e de l&rsquo;Argentine, de la Bolivie, du Br\u00e9sil, du Chili, du Paraguay et de l&rsquo;Uruguay. Le th\u00e8me du congr\u00e8s \u00e9tait \u00ab\u00a0D\u00e9chausse-toi\u00a0!\u00ab\u00a0. Les conf\u00e9rences ont permis de comprendre ce que [&hellip;]<\/p>\n","protected":false},"author":7,"featured_media":152317,"comment_status":"closed","ping_status":"open","sticky":false,"template":"","format":"standard","meta":{"_acf_changed":false,"footnotes":""},"categories":[261,370],"tags":[],"class_list":["post-152447","post","type-post","status-publish","format-standard","has-post-thumbnail","hentry","category-nouvelles-ocds","category-nouvelles"],"acf":[],"yoast_head":"<!-- This site is optimized with the Yoast SEO plugin v26.3 - https:\/\/yoast.com\/wordpress\/plugins\/seo\/ -->\n<title>5\u00e8me rencontre de l&#039;OCDS de la CICLA-Sud, en Bolivie - CARMES D\u00c9CHAUX<\/title>\n<meta name=\"robots\" content=\"index, follow, max-snippet:-1, max-image-preview:large, max-video-preview:-1\" \/>\n<link rel=\"canonical\" href=\"https:\/\/www.carmelitaniscalzi.com\/fr\/2022\/06\/22\/5eme-rencontre-de-locds-de-la-cicla-sud-en-bolivie\/\" \/>\n<meta property=\"og:locale\" content=\"fr_FR\" \/>\n<meta property=\"og:type\" content=\"article\" \/>\n<meta property=\"og:title\" content=\"5\u00e8me rencontre de l&#039;OCDS de la CICLA-Sud, en Bolivie - CARMES D\u00c9CHAUX\" \/>\n<meta property=\"og:description\" content=\"La 5\u00e8me rencontre de l&rsquo;OCDS de la CICLA-Sud a eu lieu dans la ville de Cochabamba, en Bolivie, du 20 au 24 avril 2022. Elle est compos\u00e9e de l&rsquo;Argentine, de la Bolivie, du Br\u00e9sil, du Chili, du Paraguay et de l&rsquo;Uruguay. Le th\u00e8me du congr\u00e8s \u00e9tait \u00ab\u00a0D\u00e9chausse-toi\u00a0!\u00ab\u00a0. Les conf\u00e9rences ont permis de comprendre ce que [&hellip;]\" \/>\n<meta property=\"og:url\" content=\"https:\/\/www.carmelitaniscalzi.com\/fr\/2022\/06\/22\/5eme-rencontre-de-locds-de-la-cicla-sud-en-bolivie\/\" \/>\n<meta property=\"og:site_name\" content=\"CARMES D\u00c9CHAUX\" \/>\n<meta property=\"article:publisher\" content=\"https:\/\/www.facebook.com\/Curia-Generalizia-Carmelitani-Scalzi-658766940887784\/\" \/>\n<meta property=\"article:published_time\" content=\"2022-06-22T00:00:50+00:00\" \/>\n<meta property=\"og:image\" content=\"https:\/\/www.carmelitaniscalzi.com\/wp-content\/uploads\/2022\/06\/cover_bolivia_05.2022.jpg\" \/>\n\t<meta property=\"og:image:width\" content=\"1200\" \/>\n\t<meta property=\"og:image:height\" content=\"800\" \/>\n\t<meta property=\"og:image:type\" content=\"image\/jpeg\" \/>\n<meta name=\"author\" content=\"ocd web master\" \/>\n<meta name=\"twitter:card\" content=\"summary_large_image\" \/>\n<meta name=\"twitter:creator\" content=\"@ocdcuria\" \/>\n<meta name=\"twitter:site\" content=\"@ocdcuria\" \/>\n<meta name=\"twitter:label1\" content=\"\u00c9crit par\" \/>\n\t<meta name=\"twitter:data1\" content=\"ocd web master\" \/>\n\t<meta name=\"twitter:label2\" content=\"Dur\u00e9e de lecture estim\u00e9e\" \/>\n\t<meta name=\"twitter:data2\" content=\"1 minute\" \/>\n<script type=\"application\/ld+json\" class=\"yoast-schema-graph\">{\"@context\":\"https:\/\/schema.org\",\"@graph\":[{\"@type\":\"Article\",\"@id\":\"https:\/\/www.carmelitaniscalzi.com\/fr\/2022\/06\/22\/5eme-rencontre-de-locds-de-la-cicla-sud-en-bolivie\/#article\",\"isPartOf\":{\"@id\":\"https:\/\/www.carmelitaniscalzi.com\/fr\/2022\/06\/22\/5eme-rencontre-de-locds-de-la-cicla-sud-en-bolivie\/\"},\"author\":{\"name\":\"ocd web master\",\"@id\":\"https:\/\/www.carmelitaniscalzi.com\/#\/schema\/person\/6d1c0d9bea7b6625c437246a5d6da409\"},\"headline\":\"5\u00e8me rencontre de l&rsquo;OCDS de la CICLA-Sud, en Bolivie\",\"datePublished\":\"2022-06-22T00:00:50+00:00\",\"mainEntityOfPage\":{\"@id\":\"https:\/\/www.carmelitaniscalzi.com\/fr\/2022\/06\/22\/5eme-rencontre-de-locds-de-la-cicla-sud-en-bolivie\/\"},\"wordCount\":288,\"publisher\":{\"@id\":\"https:\/\/www.carmelitaniscalzi.com\/#organization\"},\"image\":{\"@id\":\"https:\/\/www.carmelitaniscalzi.com\/fr\/2022\/06\/22\/5eme-rencontre-de-locds-de-la-cicla-sud-en-bolivie\/#primaryimage\"},\"thumbnailUrl\":\"https:\/\/www.carmelitaniscalzi.com\/wp-content\/uploads\/2022\/06\/cover_bolivia_05.2022.jpg\",\"articleSection\":[\"Nouvelles OCDS\",\"Nouvelles\"],\"inLanguage\":\"fr-FR\"},{\"@type\":\"WebPage\",\"@id\":\"https:\/\/www.carmelitaniscalzi.com\/fr\/2022\/06\/22\/5eme-rencontre-de-locds-de-la-cicla-sud-en-bolivie\/\",\"url\":\"https:\/\/www.carmelitaniscalzi.com\/fr\/2022\/06\/22\/5eme-rencontre-de-locds-de-la-cicla-sud-en-bolivie\/\",\"name\":\"5\u00e8me rencontre de l'OCDS de la CICLA-Sud, en Bolivie - CARMES D\u00c9CHAUX\",\"isPartOf\":{\"@id\":\"https:\/\/www.carmelitaniscalzi.com\/#website\"},\"primaryImageOfPage\":{\"@id\":\"https:\/\/www.carmelitaniscalzi.com\/fr\/2022\/06\/22\/5eme-rencontre-de-locds-de-la-cicla-sud-en-bolivie\/#primaryimage\"},\"image\":{\"@id\":\"https:\/\/www.carmelitaniscalzi.com\/fr\/2022\/06\/22\/5eme-rencontre-de-locds-de-la-cicla-sud-en-bolivie\/#primaryimage\"},\"thumbnailUrl\":\"https:\/\/www.carmelitaniscalzi.com\/wp-content\/uploads\/2022\/06\/cover_bolivia_05.2022.jpg\",\"datePublished\":\"2022-06-22T00:00:50+00:00\",\"breadcrumb\":{\"@id\":\"https:\/\/www.carmelitaniscalzi.com\/fr\/2022\/06\/22\/5eme-rencontre-de-locds-de-la-cicla-sud-en-bolivie\/#breadcrumb\"},\"inLanguage\":\"fr-FR\",\"potentialAction\":[{\"@type\":\"ReadAction\",\"target\":[\"https:\/\/www.carmelitaniscalzi.com\/fr\/2022\/06\/22\/5eme-rencontre-de-locds-de-la-cicla-sud-en-bolivie\/\"]}]},{\"@type\":\"ImageObject\",\"inLanguage\":\"fr-FR\",\"@id\":\"https:\/\/www.carmelitaniscalzi.com\/fr\/2022\/06\/22\/5eme-rencontre-de-locds-de-la-cicla-sud-en-bolivie\/#primaryimage\",\"url\":\"https:\/\/www.carmelitaniscalzi.com\/wp-content\/uploads\/2022\/06\/cover_bolivia_05.2022.jpg\",\"contentUrl\":\"https:\/\/www.carmelitaniscalzi.com\/wp-content\/uploads\/2022\/06\/cover_bolivia_05.2022.jpg\",\"width\":1200,\"height\":800},{\"@type\":\"BreadcrumbList\",\"@id\":\"https:\/\/www.carmelitaniscalzi.com\/fr\/2022\/06\/22\/5eme-rencontre-de-locds-de-la-cicla-sud-en-bolivie\/#breadcrumb\",\"itemListElement\":[{\"@type\":\"ListItem\",\"position\":1,\"name\":\"Home\",\"item\":\"https:\/\/www.carmelitaniscalzi.com\/fr\/\"},{\"@type\":\"ListItem\",\"position\":2,\"name\":\"5\u00e8me rencontre de l&#8217;OCDS de la CICLA-Sud, en Bolivie\"}]},{\"@type\":\"WebSite\",\"@id\":\"https:\/\/www.carmelitaniscalzi.com\/#website\",\"url\":\"https:\/\/www.carmelitaniscalzi.com\/\",\"name\":\"CARMELITANI SCALZI - Curia Generale del Carmelo Teresiano\",\"description\":\"Curie G\u00e9n\u00e9ralice du Carmel D\u00e9chauss\u00e9\",\"publisher\":{\"@id\":\"https:\/\/www.carmelitaniscalzi.com\/#organization\"},\"alternateName\":\"CARMELITANI SCALZI\",\"potentialAction\":[{\"@type\":\"SearchAction\",\"target\":{\"@type\":\"EntryPoint\",\"urlTemplate\":\"https:\/\/www.carmelitaniscalzi.com\/?s={search_term_string}\"},\"query-input\":{\"@type\":\"PropertyValueSpecification\",\"valueRequired\":true,\"valueName\":\"search_term_string\"}}],\"inLanguage\":\"fr-FR\"},{\"@type\":\"Organization\",\"@id\":\"https:\/\/www.carmelitaniscalzi.com\/#organization\",\"name\":\"CARMELITANI SCALZI - Curia Generale del Carmelo Teresiano\",\"url\":\"https:\/\/www.carmelitaniscalzi.com\/\",\"logo\":{\"@type\":\"ImageObject\",\"inLanguage\":\"fr-FR\",\"@id\":\"https:\/\/www.carmelitaniscalzi.com\/#\/schema\/logo\/image\/\",\"url\":\"https:\/\/www.carmelitaniscalzi.com\/wp-content\/uploads\/2025\/11\/login-logo.png\",\"contentUrl\":\"https:\/\/www.carmelitaniscalzi.com\/wp-content\/uploads\/2025\/11\/login-logo.png\",\"width\":256,\"height\":256,\"caption\":\"CARMELITANI SCALZI - Curia Generale del Carmelo Teresiano\"},\"image\":{\"@id\":\"https:\/\/www.carmelitaniscalzi.com\/#\/schema\/logo\/image\/\"},\"sameAs\":[\"https:\/\/www.facebook.com\/Curia-Generalizia-Carmelitani-Scalzi-658766940887784\/\",\"https:\/\/x.com\/ocdcuria\",\"https:\/\/www.youtube.com\/channel\/UC2J5ZL0ycOY0qBSTCLX_NGQ\/videos\",\"https:\/\/www.instagram.com\/ocdinform\/\"]},{\"@type\":\"Person\",\"@id\":\"https:\/\/www.carmelitaniscalzi.com\/#\/schema\/person\/6d1c0d9bea7b6625c437246a5d6da409\",\"name\":\"ocd web master\",\"image\":{\"@type\":\"ImageObject\",\"inLanguage\":\"fr-FR\",\"@id\":\"https:\/\/www.carmelitaniscalzi.com\/#\/schema\/person\/image\/\",\"url\":\"https:\/\/secure.gravatar.com\/avatar\/41fbc5f82bad909fbaf2984c43fa50d8519ac5853e25b454d022b6868f80d0e7?s=96&d=mm&r=g\",\"contentUrl\":\"https:\/\/secure.gravatar.com\/avatar\/41fbc5f82bad909fbaf2984c43fa50d8519ac5853e25b454d022b6868f80d0e7?s=96&d=mm&r=g\",\"caption\":\"ocd web master\"},\"url\":\"https:\/\/www.carmelitaniscalzi.com\/fr\/author\/ocdwebmaster\/\"}]}<\/script>\n<!-- \/ Yoast SEO plugin. -->","yoast_head_json":{"title":"5\u00e8me rencontre de l'OCDS de la CICLA-Sud, en Bolivie - CARMES D\u00c9CHAUX","robots":{"index":"index","follow":"follow","max-snippet":"max-snippet:-1","max-image-preview":"max-image-preview:large","max-video-preview":"max-video-preview:-1"},"canonical":"https:\/\/www.carmelitaniscalzi.com\/fr\/2022\/06\/22\/5eme-rencontre-de-locds-de-la-cicla-sud-en-bolivie\/","og_locale":"fr_FR","og_type":"article","og_title":"5\u00e8me rencontre de l'OCDS de la CICLA-Sud, en Bolivie - CARMES D\u00c9CHAUX","og_description":"La 5\u00e8me rencontre de l&rsquo;OCDS de la CICLA-Sud a eu lieu dans la ville de Cochabamba, en Bolivie, du 20 au 24 avril 2022. Elle est compos\u00e9e de l&rsquo;Argentine, de la Bolivie, du Br\u00e9sil, du Chili, du Paraguay et de l&rsquo;Uruguay. Le th\u00e8me du congr\u00e8s \u00e9tait \u00ab\u00a0D\u00e9chausse-toi\u00a0!\u00ab\u00a0. Les conf\u00e9rences ont permis de comprendre ce que [&hellip;]","og_url":"https:\/\/www.carmelitaniscalzi.com\/fr\/2022\/06\/22\/5eme-rencontre-de-locds-de-la-cicla-sud-en-bolivie\/","og_site_name":"CARMES D\u00c9CHAUX","article_publisher":"https:\/\/www.facebook.com\/Curia-Generalizia-Carmelitani-Scalzi-658766940887784\/","article_published_time":"2022-06-22T00:00:50+00:00","og_image":[{"width":1200,"height":800,"url":"https:\/\/www.carmelitaniscalzi.com\/wp-content\/uploads\/2022\/06\/cover_bolivia_05.2022.jpg","type":"image\/jpeg"}],"author":"ocd web master","twitter_card":"summary_large_image","twitter_creator":"@ocdcuria","twitter_site":"@ocdcuria","twitter_misc":{"\u00c9crit par":"ocd web master","Dur\u00e9e de lecture estim\u00e9e":"1 minute"},"schema":{"@context":"https:\/\/schema.org","@graph":[{"@type":"Article","@id":"https:\/\/www.carmelitaniscalzi.com\/fr\/2022\/06\/22\/5eme-rencontre-de-locds-de-la-cicla-sud-en-bolivie\/#article","isPartOf":{"@id":"https:\/\/www.carmelitaniscalzi.com\/fr\/2022\/06\/22\/5eme-rencontre-de-locds-de-la-cicla-sud-en-bolivie\/"},"author":{"name":"ocd web master","@id":"https:\/\/www.carmelitaniscalzi.com\/#\/schema\/person\/6d1c0d9bea7b6625c437246a5d6da409"},"headline":"5\u00e8me rencontre de l&rsquo;OCDS de la CICLA-Sud, en Bolivie","datePublished":"2022-06-22T00:00:50+00:00","mainEntityOfPage":{"@id":"https:\/\/www.carmelitaniscalzi.com\/fr\/2022\/06\/22\/5eme-rencontre-de-locds-de-la-cicla-sud-en-bolivie\/"},"wordCount":288,"publisher":{"@id":"https:\/\/www.carmelitaniscalzi.com\/#organization"},"image":{"@id":"https:\/\/www.carmelitaniscalzi.com\/fr\/2022\/06\/22\/5eme-rencontre-de-locds-de-la-cicla-sud-en-bolivie\/#primaryimage"},"thumbnailUrl":"https:\/\/www.carmelitaniscalzi.com\/wp-content\/uploads\/2022\/06\/cover_bolivia_05.2022.jpg","articleSection":["Nouvelles OCDS","Nouvelles"],"inLanguage":"fr-FR"},{"@type":"WebPage","@id":"https:\/\/www.carmelitaniscalzi.com\/fr\/2022\/06\/22\/5eme-rencontre-de-locds-de-la-cicla-sud-en-bolivie\/","url":"https:\/\/www.carmelitaniscalzi.com\/fr\/2022\/06\/22\/5eme-rencontre-de-locds-de-la-cicla-sud-en-bolivie\/","name":"5\u00e8me rencontre de l'OCDS de la CICLA-Sud, en Bolivie - CARMES D\u00c9CHAUX","isPartOf":{"@id":"https:\/\/www.carmelitaniscalzi.com\/#website"},"primaryImageOfPage":{"@id":"https:\/\/www.carmelitaniscalzi.com\/fr\/2022\/06\/22\/5eme-rencontre-de-locds-de-la-cicla-sud-en-bolivie\/#primaryimage"},"image":{"@id":"https:\/\/www.carmelitaniscalzi.com\/fr\/2022\/06\/22\/5eme-rencontre-de-locds-de-la-cicla-sud-en-bolivie\/#primaryimage"},"thumbnailUrl":"https:\/\/www.carmelitaniscalzi.com\/wp-content\/uploads\/2022\/06\/cover_bolivia_05.2022.jpg","datePublished":"2022-06-22T00:00:50+00:00","breadcrumb":{"@id":"https:\/\/www.carmelitaniscalzi.com\/fr\/2022\/06\/22\/5eme-rencontre-de-locds-de-la-cicla-sud-en-bolivie\/#breadcrumb"},"inLanguage":"fr-FR","potentialAction":[{"@type":"ReadAction","target":["https:\/\/www.carmelitaniscalzi.com\/fr\/2022\/06\/22\/5eme-rencontre-de-locds-de-la-cicla-sud-en-bolivie\/"]}]},{"@type":"ImageObject","inLanguage":"fr-FR","@id":"https:\/\/www.carmelitaniscalzi.com\/fr\/2022\/06\/22\/5eme-rencontre-de-locds-de-la-cicla-sud-en-bolivie\/#primaryimage","url":"https:\/\/www.carmelitaniscalzi.com\/wp-content\/uploads\/2022\/06\/cover_bolivia_05.2022.jpg","contentUrl":"https:\/\/www.carmelitaniscalzi.com\/wp-content\/uploads\/2022\/06\/cover_bolivia_05.2022.jpg","width":1200,"height":800},{"@type":"BreadcrumbList","@id":"https:\/\/www.carmelitaniscalzi.com\/fr\/2022\/06\/22\/5eme-rencontre-de-locds-de-la-cicla-sud-en-bolivie\/#breadcrumb","itemListElement":[{"@type":"ListItem","position":1,"name":"Home","item":"https:\/\/www.carmelitaniscalzi.com\/fr\/"},{"@type":"ListItem","position":2,"name":"5\u00e8me rencontre de l&#8217;OCDS de la CICLA-Sud, en Bolivie"}]},{"@type":"WebSite","@id":"https:\/\/www.carmelitaniscalzi.com\/#website","url":"https:\/\/www.carmelitaniscalzi.com\/","name":"CARMELITANI SCALZI - Curia Generale del Carmelo Teresiano","description":"Curie G\u00e9n\u00e9ralice du Carmel D\u00e9chauss\u00e9","publisher":{"@id":"https:\/\/www.carmelitaniscalzi.com\/#organization"},"alternateName":"CARMELITANI SCALZI","potentialAction":[{"@type":"SearchAction","target":{"@type":"EntryPoint","urlTemplate":"https:\/\/www.carmelitaniscalzi.com\/?s={search_term_string}"},"query-input":{"@type":"PropertyValueSpecification","valueRequired":true,"valueName":"search_term_string"}}],"inLanguage":"fr-FR"},{"@type":"Organization","@id":"https:\/\/www.carmelitaniscalzi.com\/#organization","name":"CARMELITANI SCALZI - Curia Generale del Carmelo Teresiano","url":"https:\/\/www.carmelitaniscalzi.com\/","logo":{"@type":"ImageObject","inLanguage":"fr-FR","@id":"https:\/\/www.carmelitaniscalzi.com\/#\/schema\/logo\/image\/","url":"https:\/\/www.carmelitaniscalzi.com\/wp-content\/uploads\/2025\/11\/login-logo.png","contentUrl":"https:\/\/www.carmelitaniscalzi.com\/wp-content\/uploads\/2025\/11\/login-logo.png","width":256,"height":256,"caption":"CARMELITANI SCALZI - Curia Generale del Carmelo Teresiano"},"image":{"@id":"https:\/\/www.carmelitaniscalzi.com\/#\/schema\/logo\/image\/"},"sameAs":["https:\/\/www.facebook.com\/Curia-Generalizia-Carmelitani-Scalzi-658766940887784\/","https:\/\/x.com\/ocdcuria","https:\/\/www.youtube.com\/channel\/UC2J5ZL0ycOY0qBSTCLX_NGQ\/videos","https:\/\/www.instagram.com\/ocdinform\/"]},{"@type":"Person","@id":"https:\/\/www.carmelitaniscalzi.com\/#\/schema\/person\/6d1c0d9bea7b6625c437246a5d6da409","name":"ocd web master","image":{"@type":"ImageObject","inLanguage":"fr-FR","@id":"https:\/\/www.carmelitaniscalzi.com\/#\/schema\/person\/image\/","url":"https:\/\/secure.gravatar.com\/avatar\/41fbc5f82bad909fbaf2984c43fa50d8519ac5853e25b454d022b6868f80d0e7?s=96&d=mm&r=g","contentUrl":"https:\/\/secure.gravatar.com\/avatar\/41fbc5f82bad909fbaf2984c43fa50d8519ac5853e25b454d022b6868f80d0e7?s=96&d=mm&r=g","caption":"ocd web master"},"url":"https:\/\/www.carmelitaniscalzi.com\/fr\/author\/ocdwebmaster\/"}]}},"_links":{"self":[{"href":"https:\/\/www.carmelitaniscalzi.com\/fr\/wp-json\/wp\/v2\/posts\/152447","targetHints":{"allow":["GET"]}}],"collection":[{"href":"https:\/\/www.carmelitaniscalzi.com\/fr\/wp-json\/wp\/v2\/posts"}],"about":[{"href":"https:\/\/www.carmelitaniscalzi.com\/fr\/wp-json\/wp\/v2\/types\/post"}],"author":[{"embeddable":true,"href":"https:\/\/www.carmelitaniscalzi.com\/fr\/wp-json\/wp\/v2\/users\/7"}],"replies":[{"embeddable":true,"href":"https:\/\/www.carmelitaniscalzi.com\/fr\/wp-json\/wp\/v2\/comments?post=152447"}],"version-history":[{"count":1,"href":"https:\/\/www.carmelitaniscalzi.com\/fr\/wp-json\/wp\/v2\/posts\/152447\/revisions"}],"predecessor-version":[{"id":152448,"href":"https:\/\/www.carmelitaniscalzi.com\/fr\/wp-json\/wp\/v2\/posts\/152447\/revisions\/152448"}],"wp:featuredmedia":[{"embeddable":true,"href":"https:\/\/www.carmelitaniscalzi.com\/fr\/wp-json\/wp\/v2\/media\/152317"}],"wp:attachment":[{"href":"https:\/\/www.carmelitaniscalzi.com\/fr\/wp-json\/wp\/v2\/media?parent=152447"}],"wp:term":[{"taxonomy":"category","embeddable":true,"href":"https:\/\/www.carmelitaniscalzi.com\/fr\/wp-json\/wp\/v2\/categories?post=152447"},{"taxonomy":"post_tag","embeddable":true,"href":"https:\/\/www.carmelitaniscalzi.com\/fr\/wp-json\/wp\/v2\/tags?post=152447"}],"curies":[{"name":"wp","href":"https:\/\/api.w.org\/{rel}","templated":true}]}}