{"id":144854,"date":"2022-05-31T05:14:33","date_gmt":"2022-05-31T03:14:33","guid":{"rendered":"https:\/\/www.carmelitaniscalzi.com\/?p=144854"},"modified":"2022-05-31T05:14:33","modified_gmt":"2022-05-31T03:14:33","slug":"le-teresianum-celebre-le-25e-anniversaire-du-doctorat-de-sainte-therese-de-lisieux","status":"publish","type":"post","link":"https:\/\/www.carmelitaniscalzi.com\/fr\/2022\/05\/31\/le-teresianum-celebre-le-25e-anniversaire-du-doctorat-de-sainte-therese-de-lisieux\/","title":{"rendered":"Le Teresianum c\u00e9l\u00e8bre le 25e anniversaire du Doctorat de Sainte Th\u00e9r\u00e8se de Lisieux"},"content":{"rendered":"<p>Le 13 mai, une Journ\u00e9e Acad\u00e9mique a \u00e9t\u00e9 organis\u00e9e au Teresianum (Rome) pour c\u00e9l\u00e9brer le 25<sup>\u00e8me<\/sup> anniversaire du Doctorat de Sainte Th\u00e9r\u00e8se de Lisieux.<\/p>\n<p>Lors de la session du matin, les professeurs le P. Fran\u00e7ois-Marie L\u00e9thel a pr\u00e9sent\u00e9 \u00ab\u00a0L&rsquo;histoire d&rsquo;une \u00e2me comme synth\u00e8se th\u00e9ologique\u00a0\u00bb et le P. Bruno Moriconi a \u00e9voqu\u00e9 \u00ab\u00a0Th\u00e9r\u00e8se de Lisieux, une femme forte\u00a0\u00bb. Au cours de la session de l&rsquo;apr\u00e8s-midi, les professeurs P. Francesco Asti, Sr. Antonella Piccirilli et P. Emilio Mart\u00ednez ont abord\u00e9 le th\u00e8me \u00ab\u00a0Pourquoi le Doctorat de Sainte Th\u00e9r\u00e8se de Lisieux est-il important aujourd&rsquo;hui\u00a0?\u00a0\u00bb. Sur la cha\u00eene YouTube du Teresianum <a href=\"http:\/\/www.youtube.com\/c\/teresianumroma\">www.youtube.com\/c\/teresianumroma<\/a>, vous pouvez (re)voir leurs conf\u00e9rences.<\/p>\n<p>\u00c0 18 heures, le P\u00e8re G\u00e9n\u00e9ral Miguel Marquez Calle, OCD, Grand Chancelier du Teresianum, a rendu hommage aux P\u00e8res L\u00e9thel et Moriconi. Il a exprim\u00e9 son admiration \u00e0 nos deux conf\u00e9renciers et les a remerci\u00e9s pour toutes ces ann\u00e9es de d\u00e9vouement \u00e0 l&rsquo;enseignement et \u00e0 la recherche universitaire. Apr\u00e8s quoi, le num\u00e9ro sp\u00e9cial de la Revue <em>Teresianum<\/em>, \u201cStudi in onore di Bruno Moriconi ocd e Fran\u00e7ois-Marie L\u00e9thel ocd\u201d, r\u00e9alis\u00e9 en hommage \u00e0 nos deux professeurs, leur a \u00e9t\u00e9 remis.<\/p>\n<p>Nous concluons avec les mots du P\u00e8re G\u00e9n\u00e9ral : \u00ab\u00a0Merci, cher P\u00e8re et Fr\u00e8re Fran\u00e7ois-Marie, pour votre passion et votre enthousiasme dans tout ce que vous faites et vivez. Merci car votre vie et votre d\u00e9vouement sont \u00ab\u00a0pour les \u00e2mes\u00a0\u00bb. Merci pour votre volont\u00e9 de vivre ce que Dieu propose avec l&rsquo;esprit d&rsquo;un disciple, ce qui est le meilleur enseignement d&rsquo;un vrai ma\u00eetre. Merci, cher P\u00e8re et Fr\u00e8re Bruno, pour votre humanit\u00e9, pour avoir montr\u00e9 le c\u00f4t\u00e9 plus humain de la th\u00e9ologie, pour avoir mis le Christ au centre, pour l&rsquo;art de dire les choses importantes avec des mots simples, pour nous avoir enseign\u00e9 des vertus praticables par des personnes ordinaires.\u00a0\u00bb<\/p>\n<p>&nbsp;<\/p>\n<div class=\"wpmf-gallerys wpmf-gallerys-life \" ><div id=\"gallery-1\"\n data-gutter-width=\"5\"\n  data-wpmfcolumns=\"4\" class=\"wpmf-gallery gallery-link-file gallery_life gallery-masonry gallery-columns-4 gallery-size-thumbnail wpmf-gallery-bottomspace-default wpmf-gallery-clear wpmf-has-border-radius-0 wpmf-gutterwidth-5\"><div class=\"wpmf-gallery-item\n     wpmf-gallery-item-position-0 wpmf-gallery-item-attachment-144822\" data-index=\"0\"><div class=\"wpmf-gallery-icon\"><a class=\" not_video noLightbox\" data-lightbox=\"1\" data-href=\"https:\/\/www.carmelitaniscalzi.com\/wp-content\/uploads\/2022\/05\/Teresianum_1-1024x1024.jpg\" title=\"Teresianum_1\" target=\"_self\" data-index=\"0\"><img decoding=\"async\" class=\"wpmf_img\" alt=\"Teresianum_1\" src=\"https:\/\/www.carmelitaniscalzi.com\/wp-content\/uploads\/2022\/05\/Teresianum_1-150x150.jpg\" data-type=\"wpmfgalleryimg\" data-lazy-src=\"https:\/\/www.carmelitaniscalzi.com\/wp-content\/uploads\/2022\/05\/Teresianum_1-150x150.jpg\"><\/a><\/div><\/div><div class=\"wpmf-gallery-item\n     wpmf-gallery-item-position-1 wpmf-gallery-item-attachment-144828\" data-index=\"1\"><div class=\"wpmf-gallery-icon\"><a class=\" not_video noLightbox\" data-lightbox=\"1\" data-href=\"https:\/\/www.carmelitaniscalzi.com\/wp-content\/uploads\/2022\/05\/Teresianum_2-1024x577.jpg\" title=\"Teresianum_2\" target=\"_self\" data-index=\"1\"><img decoding=\"async\" class=\"wpmf_img\" alt=\"Teresianum_2\" src=\"https:\/\/www.carmelitaniscalzi.com\/wp-content\/uploads\/2022\/05\/Teresianum_2-150x150.jpg\" data-type=\"wpmfgalleryimg\" data-lazy-src=\"https:\/\/www.carmelitaniscalzi.com\/wp-content\/uploads\/2022\/05\/Teresianum_2-150x150.jpg\"><\/a><\/div><\/div><div class=\"wpmf-gallery-item\n     wpmf-gallery-item-position-2 wpmf-gallery-item-attachment-144834\" data-index=\"2\"><div class=\"wpmf-gallery-icon\"><a class=\" not_video noLightbox\" data-lightbox=\"1\" data-href=\"https:\/\/www.carmelitaniscalzi.com\/wp-content\/uploads\/2022\/05\/Teresianum_3-1024x491.jpg\" title=\"Teresianum_3\" target=\"_self\" data-index=\"2\"><img decoding=\"async\" class=\"wpmf_img\" alt=\"Teresianum_3\" src=\"https:\/\/www.carmelitaniscalzi.com\/wp-content\/uploads\/2022\/05\/Teresianum_3-150x150.jpg\" data-type=\"wpmfgalleryimg\" data-lazy-src=\"https:\/\/www.carmelitaniscalzi.com\/wp-content\/uploads\/2022\/05\/Teresianum_3-150x150.jpg\"><\/a><\/div><\/div><div class=\"wpmf-gallery-item\n     wpmf-gallery-item-position-3 wpmf-gallery-item-attachment-144840\" data-index=\"3\"><div class=\"wpmf-gallery-icon\"><a class=\" not_video noLightbox\" data-lightbox=\"1\" data-href=\"https:\/\/www.carmelitaniscalzi.com\/wp-content\/uploads\/2022\/05\/Teresianum_4-1024x577.jpg\" title=\"Teresianum_4\" target=\"_self\" data-index=\"3\"><img decoding=\"async\" class=\"wpmf_img\" alt=\"Teresianum_4\" src=\"https:\/\/www.carmelitaniscalzi.com\/wp-content\/uploads\/2022\/05\/Teresianum_4-150x150.jpg\" data-type=\"wpmfgalleryimg\" data-lazy-src=\"https:\/\/www.carmelitaniscalzi.com\/wp-content\/uploads\/2022\/05\/Teresianum_4-150x150.jpg\"><\/a><\/div><\/div><\/div><\/div>\n\n","protected":false},"excerpt":{"rendered":"<p>Le 13 mai, une Journ\u00e9e Acad\u00e9mique a \u00e9t\u00e9 organis\u00e9e au Teresianum (Rome) pour c\u00e9l\u00e9brer le 25\u00e8me anniversaire du Doctorat de Sainte Th\u00e9r\u00e8se de Lisieux. Lors de la session du matin, les professeurs le P. Fran\u00e7ois-Marie L\u00e9thel a pr\u00e9sent\u00e9 \u00ab\u00a0L&rsquo;histoire d&rsquo;une \u00e2me comme synth\u00e8se th\u00e9ologique\u00a0\u00bb et le P. Bruno Moriconi a \u00e9voqu\u00e9 \u00ab\u00a0Th\u00e9r\u00e8se de Lisieux, une [&hellip;]<\/p>\n","protected":false},"author":7,"featured_media":144846,"comment_status":"closed","ping_status":"open","sticky":false,"template":"","format":"standard","meta":{"_acf_changed":false,"footnotes":""},"categories":[200,201,204,370],"tags":[],"class_list":["post-144854","post","type-post","status-publish","format-standard","has-post-thumbnail","hentry","category-nouvelles-formation","category-nouvelles-freres","category-nouvelles-prepose-general","category-nouvelles"],"acf":[],"yoast_head":"<!-- This site is optimized with the Yoast SEO plugin v26.3 - https:\/\/yoast.com\/wordpress\/plugins\/seo\/ -->\n<title>Le Teresianum c\u00e9l\u00e8bre le 25e anniversaire du Doctorat de Sainte Th\u00e9r\u00e8se de Lisieux - CARMES D\u00c9CHAUX<\/title>\n<meta name=\"robots\" content=\"index, follow, max-snippet:-1, max-image-preview:large, max-video-preview:-1\" \/>\n<link rel=\"canonical\" href=\"https:\/\/www.carmelitaniscalzi.com\/fr\/2022\/05\/31\/le-teresianum-celebre-le-25e-anniversaire-du-doctorat-de-sainte-therese-de-lisieux\/\" \/>\n<meta property=\"og:locale\" content=\"fr_FR\" \/>\n<meta property=\"og:type\" content=\"article\" \/>\n<meta property=\"og:title\" content=\"Le Teresianum c\u00e9l\u00e8bre le 25e anniversaire du Doctorat de Sainte Th\u00e9r\u00e8se de Lisieux - CARMES D\u00c9CHAUX\" \/>\n<meta property=\"og:description\" content=\"Le 13 mai, une Journ\u00e9e Acad\u00e9mique a \u00e9t\u00e9 organis\u00e9e au Teresianum (Rome) pour c\u00e9l\u00e9brer le 25\u00e8me anniversaire du Doctorat de Sainte Th\u00e9r\u00e8se de Lisieux. Lors de la session du matin, les professeurs le P. Fran\u00e7ois-Marie L\u00e9thel a pr\u00e9sent\u00e9 \u00ab\u00a0L&rsquo;histoire d&rsquo;une \u00e2me comme synth\u00e8se th\u00e9ologique\u00a0\u00bb et le P. Bruno Moriconi a \u00e9voqu\u00e9 \u00ab\u00a0Th\u00e9r\u00e8se de Lisieux, une [&hellip;]\" \/>\n<meta property=\"og:url\" content=\"https:\/\/www.carmelitaniscalzi.com\/fr\/2022\/05\/31\/le-teresianum-celebre-le-25e-anniversaire-du-doctorat-de-sainte-therese-de-lisieux\/\" \/>\n<meta property=\"og:site_name\" content=\"CARMES D\u00c9CHAUX\" \/>\n<meta property=\"article:publisher\" content=\"https:\/\/www.facebook.com\/Curia-Generalizia-Carmelitani-Scalzi-658766940887784\/\" \/>\n<meta property=\"article:published_time\" content=\"2022-05-31T03:14:33+00:00\" \/>\n<meta property=\"og:image\" content=\"https:\/\/www.carmelitaniscalzi.com\/wp-content\/uploads\/2022\/05\/cover_teresianum_05.2022.jpg\" \/>\n\t<meta property=\"og:image:width\" content=\"1200\" \/>\n\t<meta property=\"og:image:height\" content=\"800\" \/>\n\t<meta property=\"og:image:type\" content=\"image\/jpeg\" \/>\n<meta name=\"author\" content=\"ocd web master\" \/>\n<meta name=\"twitter:card\" content=\"summary_large_image\" \/>\n<meta name=\"twitter:creator\" content=\"@ocdcuria\" \/>\n<meta name=\"twitter:site\" content=\"@ocdcuria\" \/>\n<meta name=\"twitter:label1\" content=\"\u00c9crit par\" \/>\n\t<meta name=\"twitter:data1\" content=\"ocd web master\" \/>\n\t<meta name=\"twitter:label2\" content=\"Dur\u00e9e de lecture estim\u00e9e\" \/>\n\t<meta name=\"twitter:data2\" content=\"2 minutes\" \/>\n<script type=\"application\/ld+json\" class=\"yoast-schema-graph\">{\"@context\":\"https:\/\/schema.org\",\"@graph\":[{\"@type\":\"Article\",\"@id\":\"https:\/\/www.carmelitaniscalzi.com\/fr\/2022\/05\/31\/le-teresianum-celebre-le-25e-anniversaire-du-doctorat-de-sainte-therese-de-lisieux\/#article\",\"isPartOf\":{\"@id\":\"https:\/\/www.carmelitaniscalzi.com\/fr\/2022\/05\/31\/le-teresianum-celebre-le-25e-anniversaire-du-doctorat-de-sainte-therese-de-lisieux\/\"},\"author\":{\"name\":\"ocd web master\",\"@id\":\"https:\/\/www.carmelitaniscalzi.com\/#\/schema\/person\/6d1c0d9bea7b6625c437246a5d6da409\"},\"headline\":\"Le Teresianum c\u00e9l\u00e8bre le 25e anniversaire du Doctorat de Sainte Th\u00e9r\u00e8se de Lisieux\",\"datePublished\":\"2022-05-31T03:14:33+00:00\",\"mainEntityOfPage\":{\"@id\":\"https:\/\/www.carmelitaniscalzi.com\/fr\/2022\/05\/31\/le-teresianum-celebre-le-25e-anniversaire-du-doctorat-de-sainte-therese-de-lisieux\/\"},\"wordCount\":375,\"publisher\":{\"@id\":\"https:\/\/www.carmelitaniscalzi.com\/#organization\"},\"image\":{\"@id\":\"https:\/\/www.carmelitaniscalzi.com\/fr\/2022\/05\/31\/le-teresianum-celebre-le-25e-anniversaire-du-doctorat-de-sainte-therese-de-lisieux\/#primaryimage\"},\"thumbnailUrl\":\"https:\/\/www.carmelitaniscalzi.com\/wp-content\/uploads\/2022\/05\/cover_teresianum_05.2022.jpg\",\"articleSection\":[\"Nouvelles Formation\",\"Nouvelles Fr\u00e8res\",\"Nouvelles Pr\u00e9pos\u00e9 G\u00e9n\u00e9ral\",\"Nouvelles\"],\"inLanguage\":\"fr-FR\"},{\"@type\":\"WebPage\",\"@id\":\"https:\/\/www.carmelitaniscalzi.com\/fr\/2022\/05\/31\/le-teresianum-celebre-le-25e-anniversaire-du-doctorat-de-sainte-therese-de-lisieux\/\",\"url\":\"https:\/\/www.carmelitaniscalzi.com\/fr\/2022\/05\/31\/le-teresianum-celebre-le-25e-anniversaire-du-doctorat-de-sainte-therese-de-lisieux\/\",\"name\":\"Le Teresianum c\u00e9l\u00e8bre le 25e anniversaire du Doctorat de Sainte Th\u00e9r\u00e8se de Lisieux - CARMES D\u00c9CHAUX\",\"isPartOf\":{\"@id\":\"https:\/\/www.carmelitaniscalzi.com\/#website\"},\"primaryImageOfPage\":{\"@id\":\"https:\/\/www.carmelitaniscalzi.com\/fr\/2022\/05\/31\/le-teresianum-celebre-le-25e-anniversaire-du-doctorat-de-sainte-therese-de-lisieux\/#primaryimage\"},\"image\":{\"@id\":\"https:\/\/www.carmelitaniscalzi.com\/fr\/2022\/05\/31\/le-teresianum-celebre-le-25e-anniversaire-du-doctorat-de-sainte-therese-de-lisieux\/#primaryimage\"},\"thumbnailUrl\":\"https:\/\/www.carmelitaniscalzi.com\/wp-content\/uploads\/2022\/05\/cover_teresianum_05.2022.jpg\",\"datePublished\":\"2022-05-31T03:14:33+00:00\",\"breadcrumb\":{\"@id\":\"https:\/\/www.carmelitaniscalzi.com\/fr\/2022\/05\/31\/le-teresianum-celebre-le-25e-anniversaire-du-doctorat-de-sainte-therese-de-lisieux\/#breadcrumb\"},\"inLanguage\":\"fr-FR\",\"potentialAction\":[{\"@type\":\"ReadAction\",\"target\":[\"https:\/\/www.carmelitaniscalzi.com\/fr\/2022\/05\/31\/le-teresianum-celebre-le-25e-anniversaire-du-doctorat-de-sainte-therese-de-lisieux\/\"]}]},{\"@type\":\"ImageObject\",\"inLanguage\":\"fr-FR\",\"@id\":\"https:\/\/www.carmelitaniscalzi.com\/fr\/2022\/05\/31\/le-teresianum-celebre-le-25e-anniversaire-du-doctorat-de-sainte-therese-de-lisieux\/#primaryimage\",\"url\":\"https:\/\/www.carmelitaniscalzi.com\/wp-content\/uploads\/2022\/05\/cover_teresianum_05.2022.jpg\",\"contentUrl\":\"https:\/\/www.carmelitaniscalzi.com\/wp-content\/uploads\/2022\/05\/cover_teresianum_05.2022.jpg\",\"width\":1200,\"height\":800},{\"@type\":\"BreadcrumbList\",\"@id\":\"https:\/\/www.carmelitaniscalzi.com\/fr\/2022\/05\/31\/le-teresianum-celebre-le-25e-anniversaire-du-doctorat-de-sainte-therese-de-lisieux\/#breadcrumb\",\"itemListElement\":[{\"@type\":\"ListItem\",\"position\":1,\"name\":\"Home\",\"item\":\"https:\/\/www.carmelitaniscalzi.com\/fr\/\"},{\"@type\":\"ListItem\",\"position\":2,\"name\":\"Le Teresianum c\u00e9l\u00e8bre le 25e anniversaire du Doctorat de Sainte Th\u00e9r\u00e8se de Lisieux\"}]},{\"@type\":\"WebSite\",\"@id\":\"https:\/\/www.carmelitaniscalzi.com\/#website\",\"url\":\"https:\/\/www.carmelitaniscalzi.com\/\",\"name\":\"CARMELITANI SCALZI - Curia Generale del Carmelo Teresiano\",\"description\":\"Curie G\u00e9n\u00e9ralice du Carmel D\u00e9chauss\u00e9\",\"publisher\":{\"@id\":\"https:\/\/www.carmelitaniscalzi.com\/#organization\"},\"alternateName\":\"CARMELITANI SCALZI\",\"potentialAction\":[{\"@type\":\"SearchAction\",\"target\":{\"@type\":\"EntryPoint\",\"urlTemplate\":\"https:\/\/www.carmelitaniscalzi.com\/?s={search_term_string}\"},\"query-input\":{\"@type\":\"PropertyValueSpecification\",\"valueRequired\":true,\"valueName\":\"search_term_string\"}}],\"inLanguage\":\"fr-FR\"},{\"@type\":\"Organization\",\"@id\":\"https:\/\/www.carmelitaniscalzi.com\/#organization\",\"name\":\"CARMELITANI SCALZI - Curia Generale del Carmelo Teresiano\",\"url\":\"https:\/\/www.carmelitaniscalzi.com\/\",\"logo\":{\"@type\":\"ImageObject\",\"inLanguage\":\"fr-FR\",\"@id\":\"https:\/\/www.carmelitaniscalzi.com\/#\/schema\/logo\/image\/\",\"url\":\"https:\/\/www.carmelitaniscalzi.com\/wp-content\/uploads\/2025\/11\/login-logo.png\",\"contentUrl\":\"https:\/\/www.carmelitaniscalzi.com\/wp-content\/uploads\/2025\/11\/login-logo.png\",\"width\":256,\"height\":256,\"caption\":\"CARMELITANI SCALZI - Curia Generale del Carmelo Teresiano\"},\"image\":{\"@id\":\"https:\/\/www.carmelitaniscalzi.com\/#\/schema\/logo\/image\/\"},\"sameAs\":[\"https:\/\/www.facebook.com\/Curia-Generalizia-Carmelitani-Scalzi-658766940887784\/\",\"https:\/\/x.com\/ocdcuria\",\"https:\/\/www.youtube.com\/channel\/UC2J5ZL0ycOY0qBSTCLX_NGQ\/videos\",\"https:\/\/www.instagram.com\/ocdinform\/\"]},{\"@type\":\"Person\",\"@id\":\"https:\/\/www.carmelitaniscalzi.com\/#\/schema\/person\/6d1c0d9bea7b6625c437246a5d6da409\",\"name\":\"ocd web master\",\"image\":{\"@type\":\"ImageObject\",\"inLanguage\":\"fr-FR\",\"@id\":\"https:\/\/www.carmelitaniscalzi.com\/#\/schema\/person\/image\/\",\"url\":\"https:\/\/secure.gravatar.com\/avatar\/41fbc5f82bad909fbaf2984c43fa50d8519ac5853e25b454d022b6868f80d0e7?s=96&d=mm&r=g\",\"contentUrl\":\"https:\/\/secure.gravatar.com\/avatar\/41fbc5f82bad909fbaf2984c43fa50d8519ac5853e25b454d022b6868f80d0e7?s=96&d=mm&r=g\",\"caption\":\"ocd web master\"},\"url\":\"https:\/\/www.carmelitaniscalzi.com\/fr\/author\/ocdwebmaster\/\"}]}<\/script>\n<!-- \/ Yoast SEO plugin. -->","yoast_head_json":{"title":"Le Teresianum c\u00e9l\u00e8bre le 25e anniversaire du Doctorat de Sainte Th\u00e9r\u00e8se de Lisieux - CARMES D\u00c9CHAUX","robots":{"index":"index","follow":"follow","max-snippet":"max-snippet:-1","max-image-preview":"max-image-preview:large","max-video-preview":"max-video-preview:-1"},"canonical":"https:\/\/www.carmelitaniscalzi.com\/fr\/2022\/05\/31\/le-teresianum-celebre-le-25e-anniversaire-du-doctorat-de-sainte-therese-de-lisieux\/","og_locale":"fr_FR","og_type":"article","og_title":"Le Teresianum c\u00e9l\u00e8bre le 25e anniversaire du Doctorat de Sainte Th\u00e9r\u00e8se de Lisieux - CARMES D\u00c9CHAUX","og_description":"Le 13 mai, une Journ\u00e9e Acad\u00e9mique a \u00e9t\u00e9 organis\u00e9e au Teresianum (Rome) pour c\u00e9l\u00e9brer le 25\u00e8me anniversaire du Doctorat de Sainte Th\u00e9r\u00e8se de Lisieux. Lors de la session du matin, les professeurs le P. Fran\u00e7ois-Marie L\u00e9thel a pr\u00e9sent\u00e9 \u00ab\u00a0L&rsquo;histoire d&rsquo;une \u00e2me comme synth\u00e8se th\u00e9ologique\u00a0\u00bb et le P. Bruno Moriconi a \u00e9voqu\u00e9 \u00ab\u00a0Th\u00e9r\u00e8se de Lisieux, une [&hellip;]","og_url":"https:\/\/www.carmelitaniscalzi.com\/fr\/2022\/05\/31\/le-teresianum-celebre-le-25e-anniversaire-du-doctorat-de-sainte-therese-de-lisieux\/","og_site_name":"CARMES D\u00c9CHAUX","article_publisher":"https:\/\/www.facebook.com\/Curia-Generalizia-Carmelitani-Scalzi-658766940887784\/","article_published_time":"2022-05-31T03:14:33+00:00","og_image":[{"width":1200,"height":800,"url":"https:\/\/www.carmelitaniscalzi.com\/wp-content\/uploads\/2022\/05\/cover_teresianum_05.2022.jpg","type":"image\/jpeg"}],"author":"ocd web master","twitter_card":"summary_large_image","twitter_creator":"@ocdcuria","twitter_site":"@ocdcuria","twitter_misc":{"\u00c9crit par":"ocd web master","Dur\u00e9e de lecture estim\u00e9e":"2 minutes"},"schema":{"@context":"https:\/\/schema.org","@graph":[{"@type":"Article","@id":"https:\/\/www.carmelitaniscalzi.com\/fr\/2022\/05\/31\/le-teresianum-celebre-le-25e-anniversaire-du-doctorat-de-sainte-therese-de-lisieux\/#article","isPartOf":{"@id":"https:\/\/www.carmelitaniscalzi.com\/fr\/2022\/05\/31\/le-teresianum-celebre-le-25e-anniversaire-du-doctorat-de-sainte-therese-de-lisieux\/"},"author":{"name":"ocd web master","@id":"https:\/\/www.carmelitaniscalzi.com\/#\/schema\/person\/6d1c0d9bea7b6625c437246a5d6da409"},"headline":"Le Teresianum c\u00e9l\u00e8bre le 25e anniversaire du Doctorat de Sainte Th\u00e9r\u00e8se de Lisieux","datePublished":"2022-05-31T03:14:33+00:00","mainEntityOfPage":{"@id":"https:\/\/www.carmelitaniscalzi.com\/fr\/2022\/05\/31\/le-teresianum-celebre-le-25e-anniversaire-du-doctorat-de-sainte-therese-de-lisieux\/"},"wordCount":375,"publisher":{"@id":"https:\/\/www.carmelitaniscalzi.com\/#organization"},"image":{"@id":"https:\/\/www.carmelitaniscalzi.com\/fr\/2022\/05\/31\/le-teresianum-celebre-le-25e-anniversaire-du-doctorat-de-sainte-therese-de-lisieux\/#primaryimage"},"thumbnailUrl":"https:\/\/www.carmelitaniscalzi.com\/wp-content\/uploads\/2022\/05\/cover_teresianum_05.2022.jpg","articleSection":["Nouvelles Formation","Nouvelles Fr\u00e8res","Nouvelles Pr\u00e9pos\u00e9 G\u00e9n\u00e9ral","Nouvelles"],"inLanguage":"fr-FR"},{"@type":"WebPage","@id":"https:\/\/www.carmelitaniscalzi.com\/fr\/2022\/05\/31\/le-teresianum-celebre-le-25e-anniversaire-du-doctorat-de-sainte-therese-de-lisieux\/","url":"https:\/\/www.carmelitaniscalzi.com\/fr\/2022\/05\/31\/le-teresianum-celebre-le-25e-anniversaire-du-doctorat-de-sainte-therese-de-lisieux\/","name":"Le Teresianum c\u00e9l\u00e8bre le 25e anniversaire du Doctorat de Sainte Th\u00e9r\u00e8se de Lisieux - CARMES D\u00c9CHAUX","isPartOf":{"@id":"https:\/\/www.carmelitaniscalzi.com\/#website"},"primaryImageOfPage":{"@id":"https:\/\/www.carmelitaniscalzi.com\/fr\/2022\/05\/31\/le-teresianum-celebre-le-25e-anniversaire-du-doctorat-de-sainte-therese-de-lisieux\/#primaryimage"},"image":{"@id":"https:\/\/www.carmelitaniscalzi.com\/fr\/2022\/05\/31\/le-teresianum-celebre-le-25e-anniversaire-du-doctorat-de-sainte-therese-de-lisieux\/#primaryimage"},"thumbnailUrl":"https:\/\/www.carmelitaniscalzi.com\/wp-content\/uploads\/2022\/05\/cover_teresianum_05.2022.jpg","datePublished":"2022-05-31T03:14:33+00:00","breadcrumb":{"@id":"https:\/\/www.carmelitaniscalzi.com\/fr\/2022\/05\/31\/le-teresianum-celebre-le-25e-anniversaire-du-doctorat-de-sainte-therese-de-lisieux\/#breadcrumb"},"inLanguage":"fr-FR","potentialAction":[{"@type":"ReadAction","target":["https:\/\/www.carmelitaniscalzi.com\/fr\/2022\/05\/31\/le-teresianum-celebre-le-25e-anniversaire-du-doctorat-de-sainte-therese-de-lisieux\/"]}]},{"@type":"ImageObject","inLanguage":"fr-FR","@id":"https:\/\/www.carmelitaniscalzi.com\/fr\/2022\/05\/31\/le-teresianum-celebre-le-25e-anniversaire-du-doctorat-de-sainte-therese-de-lisieux\/#primaryimage","url":"https:\/\/www.carmelitaniscalzi.com\/wp-content\/uploads\/2022\/05\/cover_teresianum_05.2022.jpg","contentUrl":"https:\/\/www.carmelitaniscalzi.com\/wp-content\/uploads\/2022\/05\/cover_teresianum_05.2022.jpg","width":1200,"height":800},{"@type":"BreadcrumbList","@id":"https:\/\/www.carmelitaniscalzi.com\/fr\/2022\/05\/31\/le-teresianum-celebre-le-25e-anniversaire-du-doctorat-de-sainte-therese-de-lisieux\/#breadcrumb","itemListElement":[{"@type":"ListItem","position":1,"name":"Home","item":"https:\/\/www.carmelitaniscalzi.com\/fr\/"},{"@type":"ListItem","position":2,"name":"Le Teresianum c\u00e9l\u00e8bre le 25e anniversaire du Doctorat de Sainte Th\u00e9r\u00e8se de Lisieux"}]},{"@type":"WebSite","@id":"https:\/\/www.carmelitaniscalzi.com\/#website","url":"https:\/\/www.carmelitaniscalzi.com\/","name":"CARMELITANI SCALZI - Curia Generale del Carmelo Teresiano","description":"Curie G\u00e9n\u00e9ralice du Carmel D\u00e9chauss\u00e9","publisher":{"@id":"https:\/\/www.carmelitaniscalzi.com\/#organization"},"alternateName":"CARMELITANI SCALZI","potentialAction":[{"@type":"SearchAction","target":{"@type":"EntryPoint","urlTemplate":"https:\/\/www.carmelitaniscalzi.com\/?s={search_term_string}"},"query-input":{"@type":"PropertyValueSpecification","valueRequired":true,"valueName":"search_term_string"}}],"inLanguage":"fr-FR"},{"@type":"Organization","@id":"https:\/\/www.carmelitaniscalzi.com\/#organization","name":"CARMELITANI SCALZI - Curia Generale del Carmelo Teresiano","url":"https:\/\/www.carmelitaniscalzi.com\/","logo":{"@type":"ImageObject","inLanguage":"fr-FR","@id":"https:\/\/www.carmelitaniscalzi.com\/#\/schema\/logo\/image\/","url":"https:\/\/www.carmelitaniscalzi.com\/wp-content\/uploads\/2025\/11\/login-logo.png","contentUrl":"https:\/\/www.carmelitaniscalzi.com\/wp-content\/uploads\/2025\/11\/login-logo.png","width":256,"height":256,"caption":"CARMELITANI SCALZI - Curia Generale del Carmelo Teresiano"},"image":{"@id":"https:\/\/www.carmelitaniscalzi.com\/#\/schema\/logo\/image\/"},"sameAs":["https:\/\/www.facebook.com\/Curia-Generalizia-Carmelitani-Scalzi-658766940887784\/","https:\/\/x.com\/ocdcuria","https:\/\/www.youtube.com\/channel\/UC2J5ZL0ycOY0qBSTCLX_NGQ\/videos","https:\/\/www.instagram.com\/ocdinform\/"]},{"@type":"Person","@id":"https:\/\/www.carmelitaniscalzi.com\/#\/schema\/person\/6d1c0d9bea7b6625c437246a5d6da409","name":"ocd web master","image":{"@type":"ImageObject","inLanguage":"fr-FR","@id":"https:\/\/www.carmelitaniscalzi.com\/#\/schema\/person\/image\/","url":"https:\/\/secure.gravatar.com\/avatar\/41fbc5f82bad909fbaf2984c43fa50d8519ac5853e25b454d022b6868f80d0e7?s=96&d=mm&r=g","contentUrl":"https:\/\/secure.gravatar.com\/avatar\/41fbc5f82bad909fbaf2984c43fa50d8519ac5853e25b454d022b6868f80d0e7?s=96&d=mm&r=g","caption":"ocd web master"},"url":"https:\/\/www.carmelitaniscalzi.com\/fr\/author\/ocdwebmaster\/"}]}},"_links":{"self":[{"href":"https:\/\/www.carmelitaniscalzi.com\/fr\/wp-json\/wp\/v2\/posts\/144854","targetHints":{"allow":["GET"]}}],"collection":[{"href":"https:\/\/www.carmelitaniscalzi.com\/fr\/wp-json\/wp\/v2\/posts"}],"about":[{"href":"https:\/\/www.carmelitaniscalzi.com\/fr\/wp-json\/wp\/v2\/types\/post"}],"author":[{"embeddable":true,"href":"https:\/\/www.carmelitaniscalzi.com\/fr\/wp-json\/wp\/v2\/users\/7"}],"replies":[{"embeddable":true,"href":"https:\/\/www.carmelitaniscalzi.com\/fr\/wp-json\/wp\/v2\/comments?post=144854"}],"version-history":[{"count":1,"href":"https:\/\/www.carmelitaniscalzi.com\/fr\/wp-json\/wp\/v2\/posts\/144854\/revisions"}],"predecessor-version":[{"id":144855,"href":"https:\/\/www.carmelitaniscalzi.com\/fr\/wp-json\/wp\/v2\/posts\/144854\/revisions\/144855"}],"wp:featuredmedia":[{"embeddable":true,"href":"https:\/\/www.carmelitaniscalzi.com\/fr\/wp-json\/wp\/v2\/media\/144846"}],"wp:attachment":[{"href":"https:\/\/www.carmelitaniscalzi.com\/fr\/wp-json\/wp\/v2\/media?parent=144854"}],"wp:term":[{"taxonomy":"category","embeddable":true,"href":"https:\/\/www.carmelitaniscalzi.com\/fr\/wp-json\/wp\/v2\/categories?post=144854"},{"taxonomy":"post_tag","embeddable":true,"href":"https:\/\/www.carmelitaniscalzi.com\/fr\/wp-json\/wp\/v2\/tags?post=144854"}],"curies":[{"name":"wp","href":"https:\/\/api.w.org\/{rel}","templated":true}]}}