{"id":14472,"date":"2017-06-03T21:33:43","date_gmt":"2017-06-03T19:33:43","guid":{"rendered":"https:\/\/www.carmelitaniscalzi.com\/fr\/?p=14472"},"modified":"2017-06-03T21:33:43","modified_gmt":"2017-06-03T19:33:43","slug":"nouveau-cardinal-dans-lordre-du-carmel-theresien","status":"publish","type":"post","link":"https:\/\/www.carmelitaniscalzi.com\/fr\/2017\/06\/03\/nouveau-cardinal-dans-lordre-du-carmel-theresien\/","title":{"rendered":"Nouveau cardinal dans l\u2019Ordre du  Carmel Th\u00e9r\u00e9sien"},"content":{"rendered":"<p>Le 21 mai, au cours de l\u2019allocution qui accompagne la pri\u00e8re du\u00a0 \u00abRegina Coeli \u00bb sur la place Saint-Pierre, le Pape a annonc\u00e9 la c\u00e9l\u00e9bration d\u2019un consistoire le 28 juin prochain pour la nomination de cinq nouveaux cardinaux, parmi lesquels se trouve Monseigneur Lars Anders Arborelius, ocd,\u00a0 \u00e9v\u00eaque de Stockholm depuis 1998.<\/p>\n<p>Monseigneur Arborelius\u00a0 est n\u00e9 \u00e0 Sorengo, en Suisse, le 24 septembre 1949, au sein d\u2019une famille luth\u00e9rienne non pratiquante. Lors du divorce de ses parents, il partit avec sa m\u00e8re \u00e0 Lund,\u00a0 en Su\u00e8de, dont il acquit \u00a0la nationalit\u00e9.<\/p>\n<p>Converti au catholicisme \u00e0 20 ans, la lecture de Sainte Th\u00e9r\u00e8se de l\u2019Enfant- J\u00e9sus l\u2019entraina \u00e0 entrer dans notre Ordre, dans la province de Flandre. Il fit ses \u00e9tudes \u00e0 Bruges (Belgique) et au\u00a0 Teresianum de Rome. Nomm\u00e9 \u00e9v\u00eaque en 1998 par saint Jean-Paul II, il fut ordonn\u00e9 la m\u00eame ann\u00e9e.<\/p>\n<p>\u00c0 partir du\u00a0 29 juin prochain, date \u00e0 laquelle il sera cr\u00e9\u00e9 cardinal il deviendra un proche conseiller \u00a0du pape Fran\u00e7ois, appel\u00e9 \u00e0 le soutenir dans son service d\u2019\u00e9v\u00eaque de Rome, Pasteur universel de l\u2019\u00c9glise, ainsi qu\u2019\u00e0 servir la communion eccl\u00e9siale et \u00a0\u00eatre un joyeux annonciateur de l\u2019\u00c9vangile, comme l\u2019a rappel\u00e9 Fran\u00e7ois lui-m\u00eame dans son allocution.<\/p>\n<p><a href=\"https:\/\/www.carmelitaniscalzi.com\/wp-content\/uploads\/2017\/06\/1.jpg\"><img loading=\"lazy\" decoding=\"async\" class=\"alignnone size-medium wp-image-14438\" src=\"https:\/\/www.carmelitaniscalzi.com\/wp-content\/uploads\/2017\/06\/1-300x202.jpg\" alt=\"\" width=\"300\" height=\"202\" srcset=\"https:\/\/www.carmelitaniscalzi.com\/wp-content\/uploads\/2017\/06\/1-300x202.jpg 300w, https:\/\/www.carmelitaniscalzi.com\/wp-content\/uploads\/2017\/06\/1-768x518.jpg 768w, https:\/\/www.carmelitaniscalzi.com\/wp-content\/uploads\/2017\/06\/1-1024x691.jpg 1024w, https:\/\/www.carmelitaniscalzi.com\/wp-content\/uploads\/2017\/06\/1-81x55.jpg 81w, https:\/\/www.carmelitaniscalzi.com\/wp-content\/uploads\/2017\/06\/1-800x540.jpg 800w, https:\/\/www.carmelitaniscalzi.com\/wp-content\/uploads\/2017\/06\/1-580x391.jpg 580w, https:\/\/www.carmelitaniscalzi.com\/wp-content\/uploads\/2017\/06\/1.jpg 1138w\" sizes=\"auto, (max-width: 300px) 100vw, 300px\" \/><\/a> <a href=\"https:\/\/www.carmelitaniscalzi.com\/wp-content\/uploads\/2017\/06\/2.jpg\"><img loading=\"lazy\" decoding=\"async\" class=\"alignnone size-medium wp-image-14439\" src=\"https:\/\/www.carmelitaniscalzi.com\/wp-content\/uploads\/2017\/06\/2-300x202.jpg\" alt=\"\" width=\"300\" height=\"202\" srcset=\"https:\/\/www.carmelitaniscalzi.com\/wp-content\/uploads\/2017\/06\/2-300x202.jpg 300w, https:\/\/www.carmelitaniscalzi.com\/wp-content\/uploads\/2017\/06\/2-768x518.jpg 768w, https:\/\/www.carmelitaniscalzi.com\/wp-content\/uploads\/2017\/06\/2-1024x691.jpg 1024w, https:\/\/www.carmelitaniscalzi.com\/wp-content\/uploads\/2017\/06\/2-81x55.jpg 81w, https:\/\/www.carmelitaniscalzi.com\/wp-content\/uploads\/2017\/06\/2-800x540.jpg 800w, https:\/\/www.carmelitaniscalzi.com\/wp-content\/uploads\/2017\/06\/2-580x391.jpg 580w, https:\/\/www.carmelitaniscalzi.com\/wp-content\/uploads\/2017\/06\/2.jpg 1138w\" sizes=\"auto, (max-width: 300px) 100vw, 300px\" \/><\/a><\/p>\n","protected":false},"excerpt":{"rendered":"<p>Le 21 mai, au cours de l\u2019allocution qui accompagne la pri\u00e8re du\u00a0 \u00abRegina Coeli \u00bb sur la place Saint-Pierre, le Pape a annonc\u00e9 la c\u00e9l\u00e9bration d\u2019un consistoire le 28 juin prochain pour la nomination de cinq nouveaux cardinaux, parmi lesquels se trouve Monseigneur Lars Anders Arborelius, ocd,\u00a0 \u00e9v\u00eaque de Stockholm depuis 1998. Monseigneur Arborelius\u00a0 est [&hellip;]<\/p>\n","protected":false},"author":7,"featured_media":14437,"comment_status":"closed","ping_status":"closed","sticky":false,"template":"","format":"standard","meta":{"_acf_changed":false,"footnotes":""},"categories":[201,370],"tags":[],"class_list":["post-14472","post","type-post","status-publish","format-standard","has-post-thumbnail","hentry","category-nouvelles-freres","category-nouvelles"],"acf":[],"yoast_head":"<!-- This site is optimized with the Yoast SEO plugin v26.3 - https:\/\/yoast.com\/wordpress\/plugins\/seo\/ -->\n<title>Nouveau cardinal dans l\u2019Ordre du Carmel Th\u00e9r\u00e9sien - CARMES D\u00c9CHAUX<\/title>\n<meta name=\"robots\" content=\"index, follow, max-snippet:-1, max-image-preview:large, max-video-preview:-1\" \/>\n<link rel=\"canonical\" href=\"https:\/\/www.carmelitaniscalzi.com\/fr\/2017\/06\/03\/nouveau-cardinal-dans-lordre-du-carmel-theresien\/\" \/>\n<meta property=\"og:locale\" content=\"fr_FR\" \/>\n<meta property=\"og:type\" content=\"article\" \/>\n<meta property=\"og:title\" content=\"Nouveau cardinal dans l\u2019Ordre du Carmel Th\u00e9r\u00e9sien - CARMES D\u00c9CHAUX\" \/>\n<meta property=\"og:description\" content=\"Le 21 mai, au cours de l\u2019allocution qui accompagne la pri\u00e8re du\u00a0 \u00abRegina Coeli \u00bb sur la place Saint-Pierre, le Pape a annonc\u00e9 la c\u00e9l\u00e9bration d\u2019un consistoire le 28 juin prochain pour la nomination de cinq nouveaux cardinaux, parmi lesquels se trouve Monseigneur Lars Anders Arborelius, ocd,\u00a0 \u00e9v\u00eaque de Stockholm depuis 1998. Monseigneur Arborelius\u00a0 est [&hellip;]\" \/>\n<meta property=\"og:url\" content=\"https:\/\/www.carmelitaniscalzi.com\/fr\/2017\/06\/03\/nouveau-cardinal-dans-lordre-du-carmel-theresien\/\" \/>\n<meta property=\"og:site_name\" content=\"CARMES D\u00c9CHAUX\" \/>\n<meta property=\"article:publisher\" content=\"https:\/\/www.facebook.com\/Curia-Generalizia-Carmelitani-Scalzi-658766940887784\/\" \/>\n<meta property=\"article:published_time\" content=\"2017-06-03T19:33:43+00:00\" \/>\n<meta property=\"og:image\" content=\"https:\/\/www.carmelitaniscalzi.com\/wp-content\/uploads\/2017\/06\/0.jpg\" \/>\n\t<meta property=\"og:image:width\" content=\"2228\" \/>\n\t<meta property=\"og:image:height\" content=\"2941\" \/>\n\t<meta property=\"og:image:type\" content=\"image\/jpeg\" \/>\n<meta name=\"author\" content=\"ocd web master\" \/>\n<meta name=\"twitter:card\" content=\"summary_large_image\" \/>\n<meta name=\"twitter:creator\" content=\"@ocdcuria\" \/>\n<meta name=\"twitter:site\" content=\"@ocdcuria\" \/>\n<meta name=\"twitter:label1\" content=\"\u00c9crit par\" \/>\n\t<meta name=\"twitter:data1\" content=\"ocd web master\" \/>\n\t<meta name=\"twitter:label2\" content=\"Dur\u00e9e de lecture estim\u00e9e\" \/>\n\t<meta name=\"twitter:data2\" content=\"1 minute\" \/>\n<script type=\"application\/ld+json\" class=\"yoast-schema-graph\">{\"@context\":\"https:\/\/schema.org\",\"@graph\":[{\"@type\":\"Article\",\"@id\":\"https:\/\/www.carmelitaniscalzi.com\/fr\/2017\/06\/03\/nouveau-cardinal-dans-lordre-du-carmel-theresien\/#article\",\"isPartOf\":{\"@id\":\"https:\/\/www.carmelitaniscalzi.com\/fr\/2017\/06\/03\/nouveau-cardinal-dans-lordre-du-carmel-theresien\/\"},\"author\":{\"name\":\"ocd web master\",\"@id\":\"https:\/\/www.carmelitaniscalzi.com\/#\/schema\/person\/6d1c0d9bea7b6625c437246a5d6da409\"},\"headline\":\"Nouveau cardinal dans l\u2019Ordre du Carmel Th\u00e9r\u00e9sien\",\"datePublished\":\"2017-06-03T19:33:43+00:00\",\"mainEntityOfPage\":{\"@id\":\"https:\/\/www.carmelitaniscalzi.com\/fr\/2017\/06\/03\/nouveau-cardinal-dans-lordre-du-carmel-theresien\/\"},\"wordCount\":218,\"publisher\":{\"@id\":\"https:\/\/www.carmelitaniscalzi.com\/#organization\"},\"image\":{\"@id\":\"https:\/\/www.carmelitaniscalzi.com\/fr\/2017\/06\/03\/nouveau-cardinal-dans-lordre-du-carmel-theresien\/#primaryimage\"},\"thumbnailUrl\":\"https:\/\/www.carmelitaniscalzi.com\/wp-content\/uploads\/2017\/06\/0.jpg\",\"articleSection\":[\"Nouvelles Fr\u00e8res\",\"Nouvelles\"],\"inLanguage\":\"fr-FR\"},{\"@type\":\"WebPage\",\"@id\":\"https:\/\/www.carmelitaniscalzi.com\/fr\/2017\/06\/03\/nouveau-cardinal-dans-lordre-du-carmel-theresien\/\",\"url\":\"https:\/\/www.carmelitaniscalzi.com\/fr\/2017\/06\/03\/nouveau-cardinal-dans-lordre-du-carmel-theresien\/\",\"name\":\"Nouveau cardinal dans l\u2019Ordre du Carmel Th\u00e9r\u00e9sien - CARMES D\u00c9CHAUX\",\"isPartOf\":{\"@id\":\"https:\/\/www.carmelitaniscalzi.com\/#website\"},\"primaryImageOfPage\":{\"@id\":\"https:\/\/www.carmelitaniscalzi.com\/fr\/2017\/06\/03\/nouveau-cardinal-dans-lordre-du-carmel-theresien\/#primaryimage\"},\"image\":{\"@id\":\"https:\/\/www.carmelitaniscalzi.com\/fr\/2017\/06\/03\/nouveau-cardinal-dans-lordre-du-carmel-theresien\/#primaryimage\"},\"thumbnailUrl\":\"https:\/\/www.carmelitaniscalzi.com\/wp-content\/uploads\/2017\/06\/0.jpg\",\"datePublished\":\"2017-06-03T19:33:43+00:00\",\"breadcrumb\":{\"@id\":\"https:\/\/www.carmelitaniscalzi.com\/fr\/2017\/06\/03\/nouveau-cardinal-dans-lordre-du-carmel-theresien\/#breadcrumb\"},\"inLanguage\":\"fr-FR\",\"potentialAction\":[{\"@type\":\"ReadAction\",\"target\":[\"https:\/\/www.carmelitaniscalzi.com\/fr\/2017\/06\/03\/nouveau-cardinal-dans-lordre-du-carmel-theresien\/\"]}]},{\"@type\":\"ImageObject\",\"inLanguage\":\"fr-FR\",\"@id\":\"https:\/\/www.carmelitaniscalzi.com\/fr\/2017\/06\/03\/nouveau-cardinal-dans-lordre-du-carmel-theresien\/#primaryimage\",\"url\":\"https:\/\/www.carmelitaniscalzi.com\/wp-content\/uploads\/2017\/06\/0.jpg\",\"contentUrl\":\"https:\/\/www.carmelitaniscalzi.com\/wp-content\/uploads\/2017\/06\/0.jpg\",\"width\":2228,\"height\":2941},{\"@type\":\"BreadcrumbList\",\"@id\":\"https:\/\/www.carmelitaniscalzi.com\/fr\/2017\/06\/03\/nouveau-cardinal-dans-lordre-du-carmel-theresien\/#breadcrumb\",\"itemListElement\":[{\"@type\":\"ListItem\",\"position\":1,\"name\":\"Home\",\"item\":\"https:\/\/www.carmelitaniscalzi.com\/fr\/\"},{\"@type\":\"ListItem\",\"position\":2,\"name\":\"Nouveau cardinal dans l\u2019Ordre du Carmel Th\u00e9r\u00e9sien\"}]},{\"@type\":\"WebSite\",\"@id\":\"https:\/\/www.carmelitaniscalzi.com\/#website\",\"url\":\"https:\/\/www.carmelitaniscalzi.com\/\",\"name\":\"CARMELITANI SCALZI - Curia Generale del Carmelo Teresiano\",\"description\":\"Curie G\u00e9n\u00e9ralice du Carmel D\u00e9chauss\u00e9\",\"publisher\":{\"@id\":\"https:\/\/www.carmelitaniscalzi.com\/#organization\"},\"alternateName\":\"CARMELITANI SCALZI\",\"potentialAction\":[{\"@type\":\"SearchAction\",\"target\":{\"@type\":\"EntryPoint\",\"urlTemplate\":\"https:\/\/www.carmelitaniscalzi.com\/?s={search_term_string}\"},\"query-input\":{\"@type\":\"PropertyValueSpecification\",\"valueRequired\":true,\"valueName\":\"search_term_string\"}}],\"inLanguage\":\"fr-FR\"},{\"@type\":\"Organization\",\"@id\":\"https:\/\/www.carmelitaniscalzi.com\/#organization\",\"name\":\"CARMELITANI SCALZI - Curia Generale del Carmelo Teresiano\",\"url\":\"https:\/\/www.carmelitaniscalzi.com\/\",\"logo\":{\"@type\":\"ImageObject\",\"inLanguage\":\"fr-FR\",\"@id\":\"https:\/\/www.carmelitaniscalzi.com\/#\/schema\/logo\/image\/\",\"url\":\"https:\/\/www.carmelitaniscalzi.com\/wp-content\/uploads\/2025\/11\/login-logo.png\",\"contentUrl\":\"https:\/\/www.carmelitaniscalzi.com\/wp-content\/uploads\/2025\/11\/login-logo.png\",\"width\":256,\"height\":256,\"caption\":\"CARMELITANI SCALZI - Curia Generale del Carmelo Teresiano\"},\"image\":{\"@id\":\"https:\/\/www.carmelitaniscalzi.com\/#\/schema\/logo\/image\/\"},\"sameAs\":[\"https:\/\/www.facebook.com\/Curia-Generalizia-Carmelitani-Scalzi-658766940887784\/\",\"https:\/\/x.com\/ocdcuria\",\"https:\/\/www.youtube.com\/channel\/UC2J5ZL0ycOY0qBSTCLX_NGQ\/videos\",\"https:\/\/www.instagram.com\/ocdinform\/\"]},{\"@type\":\"Person\",\"@id\":\"https:\/\/www.carmelitaniscalzi.com\/#\/schema\/person\/6d1c0d9bea7b6625c437246a5d6da409\",\"name\":\"ocd web master\",\"image\":{\"@type\":\"ImageObject\",\"inLanguage\":\"fr-FR\",\"@id\":\"https:\/\/www.carmelitaniscalzi.com\/#\/schema\/person\/image\/\",\"url\":\"https:\/\/secure.gravatar.com\/avatar\/41fbc5f82bad909fbaf2984c43fa50d8519ac5853e25b454d022b6868f80d0e7?s=96&d=mm&r=g\",\"contentUrl\":\"https:\/\/secure.gravatar.com\/avatar\/41fbc5f82bad909fbaf2984c43fa50d8519ac5853e25b454d022b6868f80d0e7?s=96&d=mm&r=g\",\"caption\":\"ocd web master\"},\"url\":\"https:\/\/www.carmelitaniscalzi.com\/fr\/author\/ocdwebmaster\/\"}]}<\/script>\n<!-- \/ Yoast SEO plugin. -->","yoast_head_json":{"title":"Nouveau cardinal dans l\u2019Ordre du Carmel Th\u00e9r\u00e9sien - CARMES D\u00c9CHAUX","robots":{"index":"index","follow":"follow","max-snippet":"max-snippet:-1","max-image-preview":"max-image-preview:large","max-video-preview":"max-video-preview:-1"},"canonical":"https:\/\/www.carmelitaniscalzi.com\/fr\/2017\/06\/03\/nouveau-cardinal-dans-lordre-du-carmel-theresien\/","og_locale":"fr_FR","og_type":"article","og_title":"Nouveau cardinal dans l\u2019Ordre du Carmel Th\u00e9r\u00e9sien - CARMES D\u00c9CHAUX","og_description":"Le 21 mai, au cours de l\u2019allocution qui accompagne la pri\u00e8re du\u00a0 \u00abRegina Coeli \u00bb sur la place Saint-Pierre, le Pape a annonc\u00e9 la c\u00e9l\u00e9bration d\u2019un consistoire le 28 juin prochain pour la nomination de cinq nouveaux cardinaux, parmi lesquels se trouve Monseigneur Lars Anders Arborelius, ocd,\u00a0 \u00e9v\u00eaque de Stockholm depuis 1998. Monseigneur Arborelius\u00a0 est [&hellip;]","og_url":"https:\/\/www.carmelitaniscalzi.com\/fr\/2017\/06\/03\/nouveau-cardinal-dans-lordre-du-carmel-theresien\/","og_site_name":"CARMES D\u00c9CHAUX","article_publisher":"https:\/\/www.facebook.com\/Curia-Generalizia-Carmelitani-Scalzi-658766940887784\/","article_published_time":"2017-06-03T19:33:43+00:00","og_image":[{"width":2228,"height":2941,"url":"https:\/\/www.carmelitaniscalzi.com\/wp-content\/uploads\/2017\/06\/0.jpg","type":"image\/jpeg"}],"author":"ocd web master","twitter_card":"summary_large_image","twitter_creator":"@ocdcuria","twitter_site":"@ocdcuria","twitter_misc":{"\u00c9crit par":"ocd web master","Dur\u00e9e de lecture estim\u00e9e":"1 minute"},"schema":{"@context":"https:\/\/schema.org","@graph":[{"@type":"Article","@id":"https:\/\/www.carmelitaniscalzi.com\/fr\/2017\/06\/03\/nouveau-cardinal-dans-lordre-du-carmel-theresien\/#article","isPartOf":{"@id":"https:\/\/www.carmelitaniscalzi.com\/fr\/2017\/06\/03\/nouveau-cardinal-dans-lordre-du-carmel-theresien\/"},"author":{"name":"ocd web master","@id":"https:\/\/www.carmelitaniscalzi.com\/#\/schema\/person\/6d1c0d9bea7b6625c437246a5d6da409"},"headline":"Nouveau cardinal dans l\u2019Ordre du Carmel Th\u00e9r\u00e9sien","datePublished":"2017-06-03T19:33:43+00:00","mainEntityOfPage":{"@id":"https:\/\/www.carmelitaniscalzi.com\/fr\/2017\/06\/03\/nouveau-cardinal-dans-lordre-du-carmel-theresien\/"},"wordCount":218,"publisher":{"@id":"https:\/\/www.carmelitaniscalzi.com\/#organization"},"image":{"@id":"https:\/\/www.carmelitaniscalzi.com\/fr\/2017\/06\/03\/nouveau-cardinal-dans-lordre-du-carmel-theresien\/#primaryimage"},"thumbnailUrl":"https:\/\/www.carmelitaniscalzi.com\/wp-content\/uploads\/2017\/06\/0.jpg","articleSection":["Nouvelles Fr\u00e8res","Nouvelles"],"inLanguage":"fr-FR"},{"@type":"WebPage","@id":"https:\/\/www.carmelitaniscalzi.com\/fr\/2017\/06\/03\/nouveau-cardinal-dans-lordre-du-carmel-theresien\/","url":"https:\/\/www.carmelitaniscalzi.com\/fr\/2017\/06\/03\/nouveau-cardinal-dans-lordre-du-carmel-theresien\/","name":"Nouveau cardinal dans l\u2019Ordre du Carmel Th\u00e9r\u00e9sien - CARMES D\u00c9CHAUX","isPartOf":{"@id":"https:\/\/www.carmelitaniscalzi.com\/#website"},"primaryImageOfPage":{"@id":"https:\/\/www.carmelitaniscalzi.com\/fr\/2017\/06\/03\/nouveau-cardinal-dans-lordre-du-carmel-theresien\/#primaryimage"},"image":{"@id":"https:\/\/www.carmelitaniscalzi.com\/fr\/2017\/06\/03\/nouveau-cardinal-dans-lordre-du-carmel-theresien\/#primaryimage"},"thumbnailUrl":"https:\/\/www.carmelitaniscalzi.com\/wp-content\/uploads\/2017\/06\/0.jpg","datePublished":"2017-06-03T19:33:43+00:00","breadcrumb":{"@id":"https:\/\/www.carmelitaniscalzi.com\/fr\/2017\/06\/03\/nouveau-cardinal-dans-lordre-du-carmel-theresien\/#breadcrumb"},"inLanguage":"fr-FR","potentialAction":[{"@type":"ReadAction","target":["https:\/\/www.carmelitaniscalzi.com\/fr\/2017\/06\/03\/nouveau-cardinal-dans-lordre-du-carmel-theresien\/"]}]},{"@type":"ImageObject","inLanguage":"fr-FR","@id":"https:\/\/www.carmelitaniscalzi.com\/fr\/2017\/06\/03\/nouveau-cardinal-dans-lordre-du-carmel-theresien\/#primaryimage","url":"https:\/\/www.carmelitaniscalzi.com\/wp-content\/uploads\/2017\/06\/0.jpg","contentUrl":"https:\/\/www.carmelitaniscalzi.com\/wp-content\/uploads\/2017\/06\/0.jpg","width":2228,"height":2941},{"@type":"BreadcrumbList","@id":"https:\/\/www.carmelitaniscalzi.com\/fr\/2017\/06\/03\/nouveau-cardinal-dans-lordre-du-carmel-theresien\/#breadcrumb","itemListElement":[{"@type":"ListItem","position":1,"name":"Home","item":"https:\/\/www.carmelitaniscalzi.com\/fr\/"},{"@type":"ListItem","position":2,"name":"Nouveau cardinal dans l\u2019Ordre du Carmel Th\u00e9r\u00e9sien"}]},{"@type":"WebSite","@id":"https:\/\/www.carmelitaniscalzi.com\/#website","url":"https:\/\/www.carmelitaniscalzi.com\/","name":"CARMELITANI SCALZI - Curia Generale del Carmelo Teresiano","description":"Curie G\u00e9n\u00e9ralice du Carmel D\u00e9chauss\u00e9","publisher":{"@id":"https:\/\/www.carmelitaniscalzi.com\/#organization"},"alternateName":"CARMELITANI SCALZI","potentialAction":[{"@type":"SearchAction","target":{"@type":"EntryPoint","urlTemplate":"https:\/\/www.carmelitaniscalzi.com\/?s={search_term_string}"},"query-input":{"@type":"PropertyValueSpecification","valueRequired":true,"valueName":"search_term_string"}}],"inLanguage":"fr-FR"},{"@type":"Organization","@id":"https:\/\/www.carmelitaniscalzi.com\/#organization","name":"CARMELITANI SCALZI - Curia Generale del Carmelo Teresiano","url":"https:\/\/www.carmelitaniscalzi.com\/","logo":{"@type":"ImageObject","inLanguage":"fr-FR","@id":"https:\/\/www.carmelitaniscalzi.com\/#\/schema\/logo\/image\/","url":"https:\/\/www.carmelitaniscalzi.com\/wp-content\/uploads\/2025\/11\/login-logo.png","contentUrl":"https:\/\/www.carmelitaniscalzi.com\/wp-content\/uploads\/2025\/11\/login-logo.png","width":256,"height":256,"caption":"CARMELITANI SCALZI - Curia Generale del Carmelo Teresiano"},"image":{"@id":"https:\/\/www.carmelitaniscalzi.com\/#\/schema\/logo\/image\/"},"sameAs":["https:\/\/www.facebook.com\/Curia-Generalizia-Carmelitani-Scalzi-658766940887784\/","https:\/\/x.com\/ocdcuria","https:\/\/www.youtube.com\/channel\/UC2J5ZL0ycOY0qBSTCLX_NGQ\/videos","https:\/\/www.instagram.com\/ocdinform\/"]},{"@type":"Person","@id":"https:\/\/www.carmelitaniscalzi.com\/#\/schema\/person\/6d1c0d9bea7b6625c437246a5d6da409","name":"ocd web master","image":{"@type":"ImageObject","inLanguage":"fr-FR","@id":"https:\/\/www.carmelitaniscalzi.com\/#\/schema\/person\/image\/","url":"https:\/\/secure.gravatar.com\/avatar\/41fbc5f82bad909fbaf2984c43fa50d8519ac5853e25b454d022b6868f80d0e7?s=96&d=mm&r=g","contentUrl":"https:\/\/secure.gravatar.com\/avatar\/41fbc5f82bad909fbaf2984c43fa50d8519ac5853e25b454d022b6868f80d0e7?s=96&d=mm&r=g","caption":"ocd web master"},"url":"https:\/\/www.carmelitaniscalzi.com\/fr\/author\/ocdwebmaster\/"}]}},"_links":{"self":[{"href":"https:\/\/www.carmelitaniscalzi.com\/fr\/wp-json\/wp\/v2\/posts\/14472","targetHints":{"allow":["GET"]}}],"collection":[{"href":"https:\/\/www.carmelitaniscalzi.com\/fr\/wp-json\/wp\/v2\/posts"}],"about":[{"href":"https:\/\/www.carmelitaniscalzi.com\/fr\/wp-json\/wp\/v2\/types\/post"}],"author":[{"embeddable":true,"href":"https:\/\/www.carmelitaniscalzi.com\/fr\/wp-json\/wp\/v2\/users\/7"}],"replies":[{"embeddable":true,"href":"https:\/\/www.carmelitaniscalzi.com\/fr\/wp-json\/wp\/v2\/comments?post=14472"}],"version-history":[{"count":0,"href":"https:\/\/www.carmelitaniscalzi.com\/fr\/wp-json\/wp\/v2\/posts\/14472\/revisions"}],"wp:featuredmedia":[{"embeddable":true,"href":"https:\/\/www.carmelitaniscalzi.com\/fr\/wp-json\/wp\/v2\/media\/14437"}],"wp:attachment":[{"href":"https:\/\/www.carmelitaniscalzi.com\/fr\/wp-json\/wp\/v2\/media?parent=14472"}],"wp:term":[{"taxonomy":"category","embeddable":true,"href":"https:\/\/www.carmelitaniscalzi.com\/fr\/wp-json\/wp\/v2\/categories?post=14472"},{"taxonomy":"post_tag","embeddable":true,"href":"https:\/\/www.carmelitaniscalzi.com\/fr\/wp-json\/wp\/v2\/tags?post=14472"}],"curies":[{"name":"wp","href":"https:\/\/api.w.org\/{rel}","templated":true}]}}