{"id":13952,"date":"2017-04-24T22:32:27","date_gmt":"2017-04-24T20:32:27","guid":{"rendered":"https:\/\/www.carmelitaniscalzi.com\/fr\/?p=13952"},"modified":"2017-04-24T22:32:27","modified_gmt":"2017-04-24T20:32:27","slug":"une-visite-virtuelle-du-teresianum","status":"publish","type":"post","link":"https:\/\/www.carmelitaniscalzi.com\/fr\/2017\/04\/24\/une-visite-virtuelle-du-teresianum\/","title":{"rendered":"Une visite virtuelle du Teresianum"},"content":{"rendered":"<p>Depuis le 5 avril dernier, la Facult\u00e9 de Th\u00e9ologie Pontificale et l&rsquo;Institut Pontifical de Spiritualit\u00e9, <em>Teresianum, <\/em>de Rome, est accessible, gr\u00e2ce \u00e0 une visite virtuelle qui permet d&rsquo;en conna\u00eetre les lieux les plus importants.<\/p>\n<p>La visite commence par le clo\u00eetre central, que nous pouvons parcourir gr\u00e2ce \u00e0 un panoramique de 360\u00b0 et\u00a0 avec les fl\u00e8ches qui se trouvent dans la partie inf\u00e9rieure de la photographie\u00a0 (sur l&rsquo;ordinateur)\u00a0 ou tout simplement en tournant l&rsquo;\u00e9cran ou en d\u00e9pla\u00e7ant la fl\u00e8che avec le doigt\u00a0 (pour les mobiles). Sur son chemin, le visiteur trouvera une s\u00e9rie d&rsquo;ic\u00f4nes (repr\u00e9sentant un appareil de photos). En cliquant dessus il pourra voir : l&rsquo;entr\u00e9e du Teresianum, la crypte, les salles de cours et le secr\u00e9tariat.<\/p>\n<p>Une ic\u00f4ne avec une fl\u00e8che permet d&rsquo;entrer virtuellement dans la chapelle et de la parcourir aussi dans une vision \u00e0 360\u00b0. A la hauteur des tuyaux de l&rsquo;orgue, le visiteur trouvera de nouveau une ic\u00f4ne avec une fl\u00e8che qui, d&rsquo;un simple clic, lui donnera acc\u00e8s \u00e0 la biblioth\u00e8que. L\u00e0, il pourra d\u00e9couvrir quelques ouvrages parmi les plus significatifs de son fonds.<\/p>\n<p>Depuis la porte de la chapelle, par une autre ic\u00f4ne, il pourra visiter l&rsquo;Aula Magna.<\/p>\n<p>Ce travail a \u00e9t\u00e9 r\u00e9alis\u00e9, de fa\u00e7on toute d\u00e9sinteress\u00e9e par le photographe D. Jos\u00e9 Angel Barbero et par D. Juan Borrego Alonso, de l&rsquo;entreprise leader dans les services li\u00e9s \u00e0 la technologie et la communication pour l&rsquo;Eglise :\u00a0COMUNICA+, de Salamanque, Espagne (<a href=\"http:\/\/www.comunicamas.com\">www.comunicamas.com<\/a>).<\/p>\n<p>Voici le lien pour cette visite virtuelle :<\/p>\n<p><a href=\"http:\/\/www.fotografiaspanoramicas.com\/teresianum\/\">http:\/\/www.fotografiaspanoramicas.com\/teresianum\/<\/a><\/p>\n","protected":false},"excerpt":{"rendered":"<p>Depuis le 5 avril dernier, la Facult\u00e9 de Th\u00e9ologie Pontificale et l&rsquo;Institut Pontifical de Spiritualit\u00e9, Teresianum, de Rome, est accessible, gr\u00e2ce \u00e0 une visite virtuelle qui permet d&rsquo;en conna\u00eetre les lieux les plus importants. La visite commence par le clo\u00eetre central, que nous pouvons parcourir gr\u00e2ce \u00e0 un panoramique de 360\u00b0 et\u00a0 avec les fl\u00e8ches [&hellip;]<\/p>\n","protected":false},"author":7,"featured_media":13948,"comment_status":"closed","ping_status":"closed","sticky":false,"template":"","format":"standard","meta":{"_acf_changed":false,"footnotes":""},"categories":[200,370],"tags":[],"class_list":["post-13952","post","type-post","status-publish","format-standard","has-post-thumbnail","hentry","category-nouvelles-formation","category-nouvelles"],"acf":[],"yoast_head":"<!-- This site is optimized with the Yoast SEO plugin v26.3 - https:\/\/yoast.com\/wordpress\/plugins\/seo\/ -->\n<title>Une visite virtuelle du Teresianum - CARMES D\u00c9CHAUX<\/title>\n<meta name=\"robots\" content=\"index, follow, max-snippet:-1, max-image-preview:large, max-video-preview:-1\" \/>\n<link rel=\"canonical\" href=\"https:\/\/www.carmelitaniscalzi.com\/fr\/2017\/04\/24\/une-visite-virtuelle-du-teresianum\/\" \/>\n<meta property=\"og:locale\" content=\"fr_FR\" \/>\n<meta property=\"og:type\" content=\"article\" \/>\n<meta property=\"og:title\" content=\"Une visite virtuelle du Teresianum - CARMES D\u00c9CHAUX\" \/>\n<meta property=\"og:description\" content=\"Depuis le 5 avril dernier, la Facult\u00e9 de Th\u00e9ologie Pontificale et l&rsquo;Institut Pontifical de Spiritualit\u00e9, Teresianum, de Rome, est accessible, gr\u00e2ce \u00e0 une visite virtuelle qui permet d&rsquo;en conna\u00eetre les lieux les plus importants. La visite commence par le clo\u00eetre central, que nous pouvons parcourir gr\u00e2ce \u00e0 un panoramique de 360\u00b0 et\u00a0 avec les fl\u00e8ches [&hellip;]\" \/>\n<meta property=\"og:url\" content=\"https:\/\/www.carmelitaniscalzi.com\/fr\/2017\/04\/24\/une-visite-virtuelle-du-teresianum\/\" \/>\n<meta property=\"og:site_name\" content=\"CARMES D\u00c9CHAUX\" \/>\n<meta property=\"article:publisher\" content=\"https:\/\/www.facebook.com\/Curia-Generalizia-Carmelitani-Scalzi-658766940887784\/\" \/>\n<meta property=\"article:published_time\" content=\"2017-04-24T20:32:27+00:00\" \/>\n<meta property=\"og:image\" content=\"https:\/\/www.carmelitaniscalzi.com\/wp-content\/uploads\/2017\/04\/Visita-virtual.jpeg\" \/>\n\t<meta property=\"og:image:width\" content=\"1600\" \/>\n\t<meta property=\"og:image:height\" content=\"1200\" \/>\n\t<meta property=\"og:image:type\" content=\"image\/jpeg\" \/>\n<meta name=\"author\" content=\"ocd web master\" \/>\n<meta name=\"twitter:card\" content=\"summary_large_image\" \/>\n<meta name=\"twitter:creator\" content=\"@ocdcuria\" \/>\n<meta name=\"twitter:site\" content=\"@ocdcuria\" \/>\n<meta name=\"twitter:label1\" content=\"\u00c9crit par\" \/>\n\t<meta name=\"twitter:data1\" content=\"ocd web master\" \/>\n\t<meta name=\"twitter:label2\" content=\"Dur\u00e9e de lecture estim\u00e9e\" \/>\n\t<meta name=\"twitter:data2\" content=\"1 minute\" \/>\n<script type=\"application\/ld+json\" class=\"yoast-schema-graph\">{\"@context\":\"https:\/\/schema.org\",\"@graph\":[{\"@type\":\"Article\",\"@id\":\"https:\/\/www.carmelitaniscalzi.com\/fr\/2017\/04\/24\/une-visite-virtuelle-du-teresianum\/#article\",\"isPartOf\":{\"@id\":\"https:\/\/www.carmelitaniscalzi.com\/fr\/2017\/04\/24\/une-visite-virtuelle-du-teresianum\/\"},\"author\":{\"name\":\"ocd web master\",\"@id\":\"https:\/\/www.carmelitaniscalzi.com\/#\/schema\/person\/6d1c0d9bea7b6625c437246a5d6da409\"},\"headline\":\"Une visite virtuelle du Teresianum\",\"datePublished\":\"2017-04-24T20:32:27+00:00\",\"mainEntityOfPage\":{\"@id\":\"https:\/\/www.carmelitaniscalzi.com\/fr\/2017\/04\/24\/une-visite-virtuelle-du-teresianum\/\"},\"wordCount\":285,\"publisher\":{\"@id\":\"https:\/\/www.carmelitaniscalzi.com\/#organization\"},\"image\":{\"@id\":\"https:\/\/www.carmelitaniscalzi.com\/fr\/2017\/04\/24\/une-visite-virtuelle-du-teresianum\/#primaryimage\"},\"thumbnailUrl\":\"https:\/\/www.carmelitaniscalzi.com\/wp-content\/uploads\/2017\/04\/Visita-virtual.jpeg\",\"articleSection\":[\"Nouvelles Formation\",\"Nouvelles\"],\"inLanguage\":\"fr-FR\"},{\"@type\":\"WebPage\",\"@id\":\"https:\/\/www.carmelitaniscalzi.com\/fr\/2017\/04\/24\/une-visite-virtuelle-du-teresianum\/\",\"url\":\"https:\/\/www.carmelitaniscalzi.com\/fr\/2017\/04\/24\/une-visite-virtuelle-du-teresianum\/\",\"name\":\"Une visite virtuelle du Teresianum - CARMES D\u00c9CHAUX\",\"isPartOf\":{\"@id\":\"https:\/\/www.carmelitaniscalzi.com\/#website\"},\"primaryImageOfPage\":{\"@id\":\"https:\/\/www.carmelitaniscalzi.com\/fr\/2017\/04\/24\/une-visite-virtuelle-du-teresianum\/#primaryimage\"},\"image\":{\"@id\":\"https:\/\/www.carmelitaniscalzi.com\/fr\/2017\/04\/24\/une-visite-virtuelle-du-teresianum\/#primaryimage\"},\"thumbnailUrl\":\"https:\/\/www.carmelitaniscalzi.com\/wp-content\/uploads\/2017\/04\/Visita-virtual.jpeg\",\"datePublished\":\"2017-04-24T20:32:27+00:00\",\"breadcrumb\":{\"@id\":\"https:\/\/www.carmelitaniscalzi.com\/fr\/2017\/04\/24\/une-visite-virtuelle-du-teresianum\/#breadcrumb\"},\"inLanguage\":\"fr-FR\",\"potentialAction\":[{\"@type\":\"ReadAction\",\"target\":[\"https:\/\/www.carmelitaniscalzi.com\/fr\/2017\/04\/24\/une-visite-virtuelle-du-teresianum\/\"]}]},{\"@type\":\"ImageObject\",\"inLanguage\":\"fr-FR\",\"@id\":\"https:\/\/www.carmelitaniscalzi.com\/fr\/2017\/04\/24\/une-visite-virtuelle-du-teresianum\/#primaryimage\",\"url\":\"https:\/\/www.carmelitaniscalzi.com\/wp-content\/uploads\/2017\/04\/Visita-virtual.jpeg\",\"contentUrl\":\"https:\/\/www.carmelitaniscalzi.com\/wp-content\/uploads\/2017\/04\/Visita-virtual.jpeg\",\"width\":1600,\"height\":1200},{\"@type\":\"BreadcrumbList\",\"@id\":\"https:\/\/www.carmelitaniscalzi.com\/fr\/2017\/04\/24\/une-visite-virtuelle-du-teresianum\/#breadcrumb\",\"itemListElement\":[{\"@type\":\"ListItem\",\"position\":1,\"name\":\"Home\",\"item\":\"https:\/\/www.carmelitaniscalzi.com\/fr\/\"},{\"@type\":\"ListItem\",\"position\":2,\"name\":\"Une visite virtuelle du Teresianum\"}]},{\"@type\":\"WebSite\",\"@id\":\"https:\/\/www.carmelitaniscalzi.com\/#website\",\"url\":\"https:\/\/www.carmelitaniscalzi.com\/\",\"name\":\"CARMELITANI SCALZI - Curia Generale del Carmelo Teresiano\",\"description\":\"Curie G\u00e9n\u00e9ralice du Carmel D\u00e9chauss\u00e9\",\"publisher\":{\"@id\":\"https:\/\/www.carmelitaniscalzi.com\/#organization\"},\"alternateName\":\"CARMELITANI SCALZI\",\"potentialAction\":[{\"@type\":\"SearchAction\",\"target\":{\"@type\":\"EntryPoint\",\"urlTemplate\":\"https:\/\/www.carmelitaniscalzi.com\/?s={search_term_string}\"},\"query-input\":{\"@type\":\"PropertyValueSpecification\",\"valueRequired\":true,\"valueName\":\"search_term_string\"}}],\"inLanguage\":\"fr-FR\"},{\"@type\":\"Organization\",\"@id\":\"https:\/\/www.carmelitaniscalzi.com\/#organization\",\"name\":\"CARMELITANI SCALZI - Curia Generale del Carmelo Teresiano\",\"url\":\"https:\/\/www.carmelitaniscalzi.com\/\",\"logo\":{\"@type\":\"ImageObject\",\"inLanguage\":\"fr-FR\",\"@id\":\"https:\/\/www.carmelitaniscalzi.com\/#\/schema\/logo\/image\/\",\"url\":\"https:\/\/www.carmelitaniscalzi.com\/wp-content\/uploads\/2025\/11\/login-logo.png\",\"contentUrl\":\"https:\/\/www.carmelitaniscalzi.com\/wp-content\/uploads\/2025\/11\/login-logo.png\",\"width\":256,\"height\":256,\"caption\":\"CARMELITANI SCALZI - Curia Generale del Carmelo Teresiano\"},\"image\":{\"@id\":\"https:\/\/www.carmelitaniscalzi.com\/#\/schema\/logo\/image\/\"},\"sameAs\":[\"https:\/\/www.facebook.com\/Curia-Generalizia-Carmelitani-Scalzi-658766940887784\/\",\"https:\/\/x.com\/ocdcuria\",\"https:\/\/www.youtube.com\/channel\/UC2J5ZL0ycOY0qBSTCLX_NGQ\/videos\",\"https:\/\/www.instagram.com\/ocdinform\/\"]},{\"@type\":\"Person\",\"@id\":\"https:\/\/www.carmelitaniscalzi.com\/#\/schema\/person\/6d1c0d9bea7b6625c437246a5d6da409\",\"name\":\"ocd web master\",\"image\":{\"@type\":\"ImageObject\",\"inLanguage\":\"fr-FR\",\"@id\":\"https:\/\/www.carmelitaniscalzi.com\/#\/schema\/person\/image\/\",\"url\":\"https:\/\/secure.gravatar.com\/avatar\/41fbc5f82bad909fbaf2984c43fa50d8519ac5853e25b454d022b6868f80d0e7?s=96&d=mm&r=g\",\"contentUrl\":\"https:\/\/secure.gravatar.com\/avatar\/41fbc5f82bad909fbaf2984c43fa50d8519ac5853e25b454d022b6868f80d0e7?s=96&d=mm&r=g\",\"caption\":\"ocd web master\"},\"url\":\"https:\/\/www.carmelitaniscalzi.com\/fr\/author\/ocdwebmaster\/\"}]}<\/script>\n<!-- \/ Yoast SEO plugin. -->","yoast_head_json":{"title":"Une visite virtuelle du Teresianum - CARMES D\u00c9CHAUX","robots":{"index":"index","follow":"follow","max-snippet":"max-snippet:-1","max-image-preview":"max-image-preview:large","max-video-preview":"max-video-preview:-1"},"canonical":"https:\/\/www.carmelitaniscalzi.com\/fr\/2017\/04\/24\/une-visite-virtuelle-du-teresianum\/","og_locale":"fr_FR","og_type":"article","og_title":"Une visite virtuelle du Teresianum - CARMES D\u00c9CHAUX","og_description":"Depuis le 5 avril dernier, la Facult\u00e9 de Th\u00e9ologie Pontificale et l&rsquo;Institut Pontifical de Spiritualit\u00e9, Teresianum, de Rome, est accessible, gr\u00e2ce \u00e0 une visite virtuelle qui permet d&rsquo;en conna\u00eetre les lieux les plus importants. La visite commence par le clo\u00eetre central, que nous pouvons parcourir gr\u00e2ce \u00e0 un panoramique de 360\u00b0 et\u00a0 avec les fl\u00e8ches [&hellip;]","og_url":"https:\/\/www.carmelitaniscalzi.com\/fr\/2017\/04\/24\/une-visite-virtuelle-du-teresianum\/","og_site_name":"CARMES D\u00c9CHAUX","article_publisher":"https:\/\/www.facebook.com\/Curia-Generalizia-Carmelitani-Scalzi-658766940887784\/","article_published_time":"2017-04-24T20:32:27+00:00","og_image":[{"width":1600,"height":1200,"url":"https:\/\/www.carmelitaniscalzi.com\/wp-content\/uploads\/2017\/04\/Visita-virtual.jpeg","type":"image\/jpeg"}],"author":"ocd web master","twitter_card":"summary_large_image","twitter_creator":"@ocdcuria","twitter_site":"@ocdcuria","twitter_misc":{"\u00c9crit par":"ocd web master","Dur\u00e9e de lecture estim\u00e9e":"1 minute"},"schema":{"@context":"https:\/\/schema.org","@graph":[{"@type":"Article","@id":"https:\/\/www.carmelitaniscalzi.com\/fr\/2017\/04\/24\/une-visite-virtuelle-du-teresianum\/#article","isPartOf":{"@id":"https:\/\/www.carmelitaniscalzi.com\/fr\/2017\/04\/24\/une-visite-virtuelle-du-teresianum\/"},"author":{"name":"ocd web master","@id":"https:\/\/www.carmelitaniscalzi.com\/#\/schema\/person\/6d1c0d9bea7b6625c437246a5d6da409"},"headline":"Une visite virtuelle du Teresianum","datePublished":"2017-04-24T20:32:27+00:00","mainEntityOfPage":{"@id":"https:\/\/www.carmelitaniscalzi.com\/fr\/2017\/04\/24\/une-visite-virtuelle-du-teresianum\/"},"wordCount":285,"publisher":{"@id":"https:\/\/www.carmelitaniscalzi.com\/#organization"},"image":{"@id":"https:\/\/www.carmelitaniscalzi.com\/fr\/2017\/04\/24\/une-visite-virtuelle-du-teresianum\/#primaryimage"},"thumbnailUrl":"https:\/\/www.carmelitaniscalzi.com\/wp-content\/uploads\/2017\/04\/Visita-virtual.jpeg","articleSection":["Nouvelles Formation","Nouvelles"],"inLanguage":"fr-FR"},{"@type":"WebPage","@id":"https:\/\/www.carmelitaniscalzi.com\/fr\/2017\/04\/24\/une-visite-virtuelle-du-teresianum\/","url":"https:\/\/www.carmelitaniscalzi.com\/fr\/2017\/04\/24\/une-visite-virtuelle-du-teresianum\/","name":"Une visite virtuelle du Teresianum - CARMES D\u00c9CHAUX","isPartOf":{"@id":"https:\/\/www.carmelitaniscalzi.com\/#website"},"primaryImageOfPage":{"@id":"https:\/\/www.carmelitaniscalzi.com\/fr\/2017\/04\/24\/une-visite-virtuelle-du-teresianum\/#primaryimage"},"image":{"@id":"https:\/\/www.carmelitaniscalzi.com\/fr\/2017\/04\/24\/une-visite-virtuelle-du-teresianum\/#primaryimage"},"thumbnailUrl":"https:\/\/www.carmelitaniscalzi.com\/wp-content\/uploads\/2017\/04\/Visita-virtual.jpeg","datePublished":"2017-04-24T20:32:27+00:00","breadcrumb":{"@id":"https:\/\/www.carmelitaniscalzi.com\/fr\/2017\/04\/24\/une-visite-virtuelle-du-teresianum\/#breadcrumb"},"inLanguage":"fr-FR","potentialAction":[{"@type":"ReadAction","target":["https:\/\/www.carmelitaniscalzi.com\/fr\/2017\/04\/24\/une-visite-virtuelle-du-teresianum\/"]}]},{"@type":"ImageObject","inLanguage":"fr-FR","@id":"https:\/\/www.carmelitaniscalzi.com\/fr\/2017\/04\/24\/une-visite-virtuelle-du-teresianum\/#primaryimage","url":"https:\/\/www.carmelitaniscalzi.com\/wp-content\/uploads\/2017\/04\/Visita-virtual.jpeg","contentUrl":"https:\/\/www.carmelitaniscalzi.com\/wp-content\/uploads\/2017\/04\/Visita-virtual.jpeg","width":1600,"height":1200},{"@type":"BreadcrumbList","@id":"https:\/\/www.carmelitaniscalzi.com\/fr\/2017\/04\/24\/une-visite-virtuelle-du-teresianum\/#breadcrumb","itemListElement":[{"@type":"ListItem","position":1,"name":"Home","item":"https:\/\/www.carmelitaniscalzi.com\/fr\/"},{"@type":"ListItem","position":2,"name":"Une visite virtuelle du Teresianum"}]},{"@type":"WebSite","@id":"https:\/\/www.carmelitaniscalzi.com\/#website","url":"https:\/\/www.carmelitaniscalzi.com\/","name":"CARMELITANI SCALZI - Curia Generale del Carmelo Teresiano","description":"Curie G\u00e9n\u00e9ralice du Carmel D\u00e9chauss\u00e9","publisher":{"@id":"https:\/\/www.carmelitaniscalzi.com\/#organization"},"alternateName":"CARMELITANI SCALZI","potentialAction":[{"@type":"SearchAction","target":{"@type":"EntryPoint","urlTemplate":"https:\/\/www.carmelitaniscalzi.com\/?s={search_term_string}"},"query-input":{"@type":"PropertyValueSpecification","valueRequired":true,"valueName":"search_term_string"}}],"inLanguage":"fr-FR"},{"@type":"Organization","@id":"https:\/\/www.carmelitaniscalzi.com\/#organization","name":"CARMELITANI SCALZI - Curia Generale del Carmelo Teresiano","url":"https:\/\/www.carmelitaniscalzi.com\/","logo":{"@type":"ImageObject","inLanguage":"fr-FR","@id":"https:\/\/www.carmelitaniscalzi.com\/#\/schema\/logo\/image\/","url":"https:\/\/www.carmelitaniscalzi.com\/wp-content\/uploads\/2025\/11\/login-logo.png","contentUrl":"https:\/\/www.carmelitaniscalzi.com\/wp-content\/uploads\/2025\/11\/login-logo.png","width":256,"height":256,"caption":"CARMELITANI SCALZI - Curia Generale del Carmelo Teresiano"},"image":{"@id":"https:\/\/www.carmelitaniscalzi.com\/#\/schema\/logo\/image\/"},"sameAs":["https:\/\/www.facebook.com\/Curia-Generalizia-Carmelitani-Scalzi-658766940887784\/","https:\/\/x.com\/ocdcuria","https:\/\/www.youtube.com\/channel\/UC2J5ZL0ycOY0qBSTCLX_NGQ\/videos","https:\/\/www.instagram.com\/ocdinform\/"]},{"@type":"Person","@id":"https:\/\/www.carmelitaniscalzi.com\/#\/schema\/person\/6d1c0d9bea7b6625c437246a5d6da409","name":"ocd web master","image":{"@type":"ImageObject","inLanguage":"fr-FR","@id":"https:\/\/www.carmelitaniscalzi.com\/#\/schema\/person\/image\/","url":"https:\/\/secure.gravatar.com\/avatar\/41fbc5f82bad909fbaf2984c43fa50d8519ac5853e25b454d022b6868f80d0e7?s=96&d=mm&r=g","contentUrl":"https:\/\/secure.gravatar.com\/avatar\/41fbc5f82bad909fbaf2984c43fa50d8519ac5853e25b454d022b6868f80d0e7?s=96&d=mm&r=g","caption":"ocd web master"},"url":"https:\/\/www.carmelitaniscalzi.com\/fr\/author\/ocdwebmaster\/"}]}},"_links":{"self":[{"href":"https:\/\/www.carmelitaniscalzi.com\/fr\/wp-json\/wp\/v2\/posts\/13952","targetHints":{"allow":["GET"]}}],"collection":[{"href":"https:\/\/www.carmelitaniscalzi.com\/fr\/wp-json\/wp\/v2\/posts"}],"about":[{"href":"https:\/\/www.carmelitaniscalzi.com\/fr\/wp-json\/wp\/v2\/types\/post"}],"author":[{"embeddable":true,"href":"https:\/\/www.carmelitaniscalzi.com\/fr\/wp-json\/wp\/v2\/users\/7"}],"replies":[{"embeddable":true,"href":"https:\/\/www.carmelitaniscalzi.com\/fr\/wp-json\/wp\/v2\/comments?post=13952"}],"version-history":[{"count":0,"href":"https:\/\/www.carmelitaniscalzi.com\/fr\/wp-json\/wp\/v2\/posts\/13952\/revisions"}],"wp:featuredmedia":[{"embeddable":true,"href":"https:\/\/www.carmelitaniscalzi.com\/fr\/wp-json\/wp\/v2\/media\/13948"}],"wp:attachment":[{"href":"https:\/\/www.carmelitaniscalzi.com\/fr\/wp-json\/wp\/v2\/media?parent=13952"}],"wp:term":[{"taxonomy":"category","embeddable":true,"href":"https:\/\/www.carmelitaniscalzi.com\/fr\/wp-json\/wp\/v2\/categories?post=13952"},{"taxonomy":"post_tag","embeddable":true,"href":"https:\/\/www.carmelitaniscalzi.com\/fr\/wp-json\/wp\/v2\/tags?post=13952"}],"curies":[{"name":"wp","href":"https:\/\/api.w.org\/{rel}","templated":true}]}}