{"id":13905,"date":"2017-04-17T00:27:22","date_gmt":"2017-04-16T22:27:22","guid":{"rendered":"https:\/\/www.carmelitaniscalzi.com\/fr\/?p=13905"},"modified":"2021-05-23T13:57:34","modified_gmt":"2021-05-23T11:57:34","slug":"chapitre-provincial-ocds-colombie","status":"publish","type":"post","link":"https:\/\/www.carmelitaniscalzi.com\/fr\/2017\/04\/17\/chapitre-provincial-ocds-colombie\/","title":{"rendered":"Chap\u00edtre Provincial OCDS Colombie"},"content":{"rendered":"<p>Les\u00a0 24, 25 et 26 mars, \u00e0\u00a0 Medell\u00edn, dans la Maison de Retraite Francisco Palau des Carm\u00e9lites Missionnaires, s&rsquo;est tenu le 5\u00e8me Chapitre provincial OCDS, avec la participation de d\u00e9l\u00e9gu\u00e9s des sept communaut\u00e9s du pays\u00a0 (Medell\u00edn, Pereira, Villa de Leyva, Cali, Bogot\u00e1, Anz\u00e1 y Bucaramanga) et la pr\u00e9sence des fr\u00e8res carmes d\u00e9chauss\u00e9s Milton Moulthon et Arcesio Escobar. La rencontre avait pour objectif principal l&rsquo;\u00e9lection des nouveaux participants au Conseil Procincial, qui, durant le prochain triennat exerceront les fonctions suivantes :<\/p>\n<p>Pr\u00e9sidente: Lucy del Carmen Quexada;<\/p>\n<p>Formatrice: Esther Leonor Galvis;<\/p>\n<p>Conseill\u00e8re pour la vie spirituelle: Josefina Espitia;<\/p>\n<p>Conseill\u00e8re pour l&rsquo;Apostolat: Gabriela Mar\u00edn;<\/p>\n<p>Conseill\u00e8re pour la Vie Mariale: Francisco Neira;<\/p>\n<p>Assistante \u00e0 la Tr\u00e9sorerie: Rosario Serrano;<\/p>\n<p>Secr\u00e9taire: Caroline Gebehart.<\/p>\n<p>Au cours de la rencontre ont \u00e9t\u00e9 examin\u00e9s les probl\u00e8mes \u00e9voqu\u00e9s par le Pr\u00e9pos\u00e9 G\u00e9n\u00e9ral dans la lettre envoy\u00e9e de Rome, le 27 mars 2016.<\/p>\n<p><a href=\"https:\/\/www.carmelitaniscalzi.com\/wp-content\/uploads\/2017\/04\/04.png\"><img loading=\"lazy\" decoding=\"async\" class=\"alignnone size-medium wp-image-13900\" src=\"https:\/\/www.carmelitaniscalzi.com\/wp-content\/uploads\/2017\/04\/04-300x175.png\" alt=\"\" width=\"300\" height=\"175\" srcset=\"https:\/\/www.carmelitaniscalzi.com\/wp-content\/uploads\/2017\/04\/04-300x175.png 300w, https:\/\/www.carmelitaniscalzi.com\/wp-content\/uploads\/2017\/04\/04-95x55.png 95w, https:\/\/www.carmelitaniscalzi.com\/wp-content\/uploads\/2017\/04\/04.png 557w\" sizes=\"auto, (max-width: 300px) 100vw, 300px\" \/><\/a> <a href=\"https:\/\/www.carmelitaniscalzi.com\/wp-content\/uploads\/2017\/04\/03.png\"><img loading=\"lazy\" decoding=\"async\" class=\"alignnone size-medium wp-image-13899\" src=\"https:\/\/www.carmelitaniscalzi.com\/wp-content\/uploads\/2017\/04\/03-300x160.png\" alt=\"\" width=\"300\" height=\"160\" srcset=\"https:\/\/www.carmelitaniscalzi.com\/wp-content\/uploads\/2017\/04\/03-300x160.png 300w, https:\/\/www.carmelitaniscalzi.com\/wp-content\/uploads\/2017\/04\/03-103x55.png 103w, https:\/\/www.carmelitaniscalzi.com\/wp-content\/uploads\/2017\/04\/03-580x310.png 580w, https:\/\/www.carmelitaniscalzi.com\/wp-content\/uploads\/2017\/04\/03.png 587w\" sizes=\"auto, (max-width: 300px) 100vw, 300px\" \/><\/a> <a href=\"https:\/\/www.carmelitaniscalzi.com\/wp-content\/uploads\/2017\/04\/02.png\"><img loading=\"lazy\" decoding=\"async\" class=\"alignnone size-medium wp-image-13898\" src=\"https:\/\/www.carmelitaniscalzi.com\/wp-content\/uploads\/2017\/04\/02-300x164.png\" alt=\"\" width=\"300\" height=\"164\" srcset=\"https:\/\/www.carmelitaniscalzi.com\/wp-content\/uploads\/2017\/04\/02-300x164.png 300w, https:\/\/www.carmelitaniscalzi.com\/wp-content\/uploads\/2017\/04\/02-100x55.png 100w, https:\/\/www.carmelitaniscalzi.com\/wp-content\/uploads\/2017\/04\/02-580x318.png 580w, https:\/\/www.carmelitaniscalzi.com\/wp-content\/uploads\/2017\/04\/02.png 611w\" sizes=\"auto, (max-width: 300px) 100vw, 300px\" \/><\/a><\/p>\n<p>&nbsp;<\/p>\n","protected":false},"excerpt":{"rendered":"<p>Les\u00a0 24, 25 et 26 mars, \u00e0\u00a0 Medell\u00edn, dans la Maison de Retraite Francisco Palau des Carm\u00e9lites Missionnaires, s&rsquo;est tenu le 5\u00e8me Chapitre provincial OCDS, avec la participation de d\u00e9l\u00e9gu\u00e9s des sept communaut\u00e9s du pays\u00a0 (Medell\u00edn, Pereira, Villa de Leyva, Cali, Bogot\u00e1, Anz\u00e1 y Bucaramanga) et la pr\u00e9sence des fr\u00e8res carmes d\u00e9chauss\u00e9s Milton Moulthon et [&hellip;]<\/p>\n","protected":false},"author":7,"featured_media":13897,"comment_status":"closed","ping_status":"closed","sticky":false,"template":"","format":"standard","meta":{"_acf_changed":false,"footnotes":""},"categories":[261,370],"tags":[],"class_list":["post-13905","post","type-post","status-publish","format-standard","has-post-thumbnail","hentry","category-nouvelles-ocds","category-nouvelles"],"acf":[],"yoast_head":"<!-- This site is optimized with the Yoast SEO plugin v26.3 - https:\/\/yoast.com\/wordpress\/plugins\/seo\/ -->\n<title>Chap\u00edtre Provincial OCDS Colombie - CARMES D\u00c9CHAUX<\/title>\n<meta name=\"robots\" content=\"index, follow, max-snippet:-1, max-image-preview:large, max-video-preview:-1\" \/>\n<link rel=\"canonical\" href=\"https:\/\/www.carmelitaniscalzi.com\/fr\/2017\/04\/17\/chapitre-provincial-ocds-colombie\/\" \/>\n<meta property=\"og:locale\" content=\"fr_FR\" \/>\n<meta property=\"og:type\" content=\"article\" \/>\n<meta property=\"og:title\" content=\"Chap\u00edtre Provincial OCDS Colombie - CARMES D\u00c9CHAUX\" \/>\n<meta property=\"og:description\" content=\"Les\u00a0 24, 25 et 26 mars, \u00e0\u00a0 Medell\u00edn, dans la Maison de Retraite Francisco Palau des Carm\u00e9lites Missionnaires, s&rsquo;est tenu le 5\u00e8me Chapitre provincial OCDS, avec la participation de d\u00e9l\u00e9gu\u00e9s des sept communaut\u00e9s du pays\u00a0 (Medell\u00edn, Pereira, Villa de Leyva, Cali, Bogot\u00e1, Anz\u00e1 y Bucaramanga) et la pr\u00e9sence des fr\u00e8res carmes d\u00e9chauss\u00e9s Milton Moulthon et [&hellip;]\" \/>\n<meta property=\"og:url\" content=\"https:\/\/www.carmelitaniscalzi.com\/fr\/2017\/04\/17\/chapitre-provincial-ocds-colombie\/\" \/>\n<meta property=\"og:site_name\" content=\"CARMES D\u00c9CHAUX\" \/>\n<meta property=\"article:publisher\" content=\"https:\/\/www.facebook.com\/Curia-Generalizia-Carmelitani-Scalzi-658766940887784\/\" \/>\n<meta property=\"article:published_time\" content=\"2017-04-16T22:27:22+00:00\" \/>\n<meta property=\"article:modified_time\" content=\"2021-05-23T11:57:34+00:00\" \/>\n<meta property=\"og:image\" content=\"https:\/\/www.carmelitaniscalzi.com\/wp-content\/uploads\/2017\/04\/01.png\" \/>\n\t<meta property=\"og:image:width\" content=\"574\" \/>\n\t<meta property=\"og:image:height\" content=\"354\" \/>\n\t<meta property=\"og:image:type\" content=\"image\/png\" \/>\n<meta name=\"author\" content=\"ocd web master\" \/>\n<meta name=\"twitter:card\" content=\"summary_large_image\" \/>\n<meta name=\"twitter:creator\" content=\"@ocdcuria\" \/>\n<meta name=\"twitter:site\" content=\"@ocdcuria\" \/>\n<meta name=\"twitter:label1\" content=\"\u00c9crit par\" \/>\n\t<meta name=\"twitter:data1\" content=\"ocd web master\" \/>\n\t<meta name=\"twitter:label2\" content=\"Dur\u00e9e de lecture estim\u00e9e\" \/>\n\t<meta name=\"twitter:data2\" content=\"1 minute\" \/>\n<script type=\"application\/ld+json\" class=\"yoast-schema-graph\">{\"@context\":\"https:\/\/schema.org\",\"@graph\":[{\"@type\":\"Article\",\"@id\":\"https:\/\/www.carmelitaniscalzi.com\/fr\/2017\/04\/17\/chapitre-provincial-ocds-colombie\/#article\",\"isPartOf\":{\"@id\":\"https:\/\/www.carmelitaniscalzi.com\/fr\/2017\/04\/17\/chapitre-provincial-ocds-colombie\/\"},\"author\":{\"name\":\"ocd web master\",\"@id\":\"https:\/\/www.carmelitaniscalzi.com\/#\/schema\/person\/6d1c0d9bea7b6625c437246a5d6da409\"},\"headline\":\"Chap\u00edtre Provincial OCDS Colombie\",\"datePublished\":\"2017-04-16T22:27:22+00:00\",\"dateModified\":\"2021-05-23T11:57:34+00:00\",\"mainEntityOfPage\":{\"@id\":\"https:\/\/www.carmelitaniscalzi.com\/fr\/2017\/04\/17\/chapitre-provincial-ocds-colombie\/\"},\"wordCount\":168,\"publisher\":{\"@id\":\"https:\/\/www.carmelitaniscalzi.com\/#organization\"},\"image\":{\"@id\":\"https:\/\/www.carmelitaniscalzi.com\/fr\/2017\/04\/17\/chapitre-provincial-ocds-colombie\/#primaryimage\"},\"thumbnailUrl\":\"https:\/\/www.carmelitaniscalzi.com\/wp-content\/uploads\/2017\/04\/01.png\",\"articleSection\":[\"Nouvelles OCDS\",\"Nouvelles\"],\"inLanguage\":\"fr-FR\"},{\"@type\":\"WebPage\",\"@id\":\"https:\/\/www.carmelitaniscalzi.com\/fr\/2017\/04\/17\/chapitre-provincial-ocds-colombie\/\",\"url\":\"https:\/\/www.carmelitaniscalzi.com\/fr\/2017\/04\/17\/chapitre-provincial-ocds-colombie\/\",\"name\":\"Chap\u00edtre Provincial OCDS Colombie - CARMES D\u00c9CHAUX\",\"isPartOf\":{\"@id\":\"https:\/\/www.carmelitaniscalzi.com\/#website\"},\"primaryImageOfPage\":{\"@id\":\"https:\/\/www.carmelitaniscalzi.com\/fr\/2017\/04\/17\/chapitre-provincial-ocds-colombie\/#primaryimage\"},\"image\":{\"@id\":\"https:\/\/www.carmelitaniscalzi.com\/fr\/2017\/04\/17\/chapitre-provincial-ocds-colombie\/#primaryimage\"},\"thumbnailUrl\":\"https:\/\/www.carmelitaniscalzi.com\/wp-content\/uploads\/2017\/04\/01.png\",\"datePublished\":\"2017-04-16T22:27:22+00:00\",\"dateModified\":\"2021-05-23T11:57:34+00:00\",\"breadcrumb\":{\"@id\":\"https:\/\/www.carmelitaniscalzi.com\/fr\/2017\/04\/17\/chapitre-provincial-ocds-colombie\/#breadcrumb\"},\"inLanguage\":\"fr-FR\",\"potentialAction\":[{\"@type\":\"ReadAction\",\"target\":[\"https:\/\/www.carmelitaniscalzi.com\/fr\/2017\/04\/17\/chapitre-provincial-ocds-colombie\/\"]}]},{\"@type\":\"ImageObject\",\"inLanguage\":\"fr-FR\",\"@id\":\"https:\/\/www.carmelitaniscalzi.com\/fr\/2017\/04\/17\/chapitre-provincial-ocds-colombie\/#primaryimage\",\"url\":\"https:\/\/www.carmelitaniscalzi.com\/wp-content\/uploads\/2017\/04\/01.png\",\"contentUrl\":\"https:\/\/www.carmelitaniscalzi.com\/wp-content\/uploads\/2017\/04\/01.png\",\"width\":574,\"height\":354},{\"@type\":\"BreadcrumbList\",\"@id\":\"https:\/\/www.carmelitaniscalzi.com\/fr\/2017\/04\/17\/chapitre-provincial-ocds-colombie\/#breadcrumb\",\"itemListElement\":[{\"@type\":\"ListItem\",\"position\":1,\"name\":\"Home\",\"item\":\"https:\/\/www.carmelitaniscalzi.com\/fr\/\"},{\"@type\":\"ListItem\",\"position\":2,\"name\":\"Chap\u00edtre Provincial OCDS Colombie\"}]},{\"@type\":\"WebSite\",\"@id\":\"https:\/\/www.carmelitaniscalzi.com\/#website\",\"url\":\"https:\/\/www.carmelitaniscalzi.com\/\",\"name\":\"CARMELITANI SCALZI - Curia Generale del Carmelo Teresiano\",\"description\":\"Curie G\u00e9n\u00e9ralice du Carmel D\u00e9chauss\u00e9\",\"publisher\":{\"@id\":\"https:\/\/www.carmelitaniscalzi.com\/#organization\"},\"alternateName\":\"CARMELITANI SCALZI\",\"potentialAction\":[{\"@type\":\"SearchAction\",\"target\":{\"@type\":\"EntryPoint\",\"urlTemplate\":\"https:\/\/www.carmelitaniscalzi.com\/?s={search_term_string}\"},\"query-input\":{\"@type\":\"PropertyValueSpecification\",\"valueRequired\":true,\"valueName\":\"search_term_string\"}}],\"inLanguage\":\"fr-FR\"},{\"@type\":\"Organization\",\"@id\":\"https:\/\/www.carmelitaniscalzi.com\/#organization\",\"name\":\"CARMELITANI SCALZI - Curia Generale del Carmelo Teresiano\",\"url\":\"https:\/\/www.carmelitaniscalzi.com\/\",\"logo\":{\"@type\":\"ImageObject\",\"inLanguage\":\"fr-FR\",\"@id\":\"https:\/\/www.carmelitaniscalzi.com\/#\/schema\/logo\/image\/\",\"url\":\"https:\/\/www.carmelitaniscalzi.com\/wp-content\/uploads\/2025\/11\/login-logo.png\",\"contentUrl\":\"https:\/\/www.carmelitaniscalzi.com\/wp-content\/uploads\/2025\/11\/login-logo.png\",\"width\":256,\"height\":256,\"caption\":\"CARMELITANI SCALZI - Curia Generale del Carmelo Teresiano\"},\"image\":{\"@id\":\"https:\/\/www.carmelitaniscalzi.com\/#\/schema\/logo\/image\/\"},\"sameAs\":[\"https:\/\/www.facebook.com\/Curia-Generalizia-Carmelitani-Scalzi-658766940887784\/\",\"https:\/\/x.com\/ocdcuria\",\"https:\/\/www.youtube.com\/channel\/UC2J5ZL0ycOY0qBSTCLX_NGQ\/videos\",\"https:\/\/www.instagram.com\/ocdinform\/\"]},{\"@type\":\"Person\",\"@id\":\"https:\/\/www.carmelitaniscalzi.com\/#\/schema\/person\/6d1c0d9bea7b6625c437246a5d6da409\",\"name\":\"ocd web master\",\"image\":{\"@type\":\"ImageObject\",\"inLanguage\":\"fr-FR\",\"@id\":\"https:\/\/www.carmelitaniscalzi.com\/#\/schema\/person\/image\/\",\"url\":\"https:\/\/secure.gravatar.com\/avatar\/41fbc5f82bad909fbaf2984c43fa50d8519ac5853e25b454d022b6868f80d0e7?s=96&d=mm&r=g\",\"contentUrl\":\"https:\/\/secure.gravatar.com\/avatar\/41fbc5f82bad909fbaf2984c43fa50d8519ac5853e25b454d022b6868f80d0e7?s=96&d=mm&r=g\",\"caption\":\"ocd web master\"},\"url\":\"https:\/\/www.carmelitaniscalzi.com\/fr\/author\/ocdwebmaster\/\"}]}<\/script>\n<!-- \/ Yoast SEO plugin. -->","yoast_head_json":{"title":"Chap\u00edtre Provincial OCDS Colombie - CARMES D\u00c9CHAUX","robots":{"index":"index","follow":"follow","max-snippet":"max-snippet:-1","max-image-preview":"max-image-preview:large","max-video-preview":"max-video-preview:-1"},"canonical":"https:\/\/www.carmelitaniscalzi.com\/fr\/2017\/04\/17\/chapitre-provincial-ocds-colombie\/","og_locale":"fr_FR","og_type":"article","og_title":"Chap\u00edtre Provincial OCDS Colombie - CARMES D\u00c9CHAUX","og_description":"Les\u00a0 24, 25 et 26 mars, \u00e0\u00a0 Medell\u00edn, dans la Maison de Retraite Francisco Palau des Carm\u00e9lites Missionnaires, s&rsquo;est tenu le 5\u00e8me Chapitre provincial OCDS, avec la participation de d\u00e9l\u00e9gu\u00e9s des sept communaut\u00e9s du pays\u00a0 (Medell\u00edn, Pereira, Villa de Leyva, Cali, Bogot\u00e1, Anz\u00e1 y Bucaramanga) et la pr\u00e9sence des fr\u00e8res carmes d\u00e9chauss\u00e9s Milton Moulthon et [&hellip;]","og_url":"https:\/\/www.carmelitaniscalzi.com\/fr\/2017\/04\/17\/chapitre-provincial-ocds-colombie\/","og_site_name":"CARMES D\u00c9CHAUX","article_publisher":"https:\/\/www.facebook.com\/Curia-Generalizia-Carmelitani-Scalzi-658766940887784\/","article_published_time":"2017-04-16T22:27:22+00:00","article_modified_time":"2021-05-23T11:57:34+00:00","og_image":[{"width":574,"height":354,"url":"https:\/\/www.carmelitaniscalzi.com\/wp-content\/uploads\/2017\/04\/01.png","type":"image\/png"}],"author":"ocd web master","twitter_card":"summary_large_image","twitter_creator":"@ocdcuria","twitter_site":"@ocdcuria","twitter_misc":{"\u00c9crit par":"ocd web master","Dur\u00e9e de lecture estim\u00e9e":"1 minute"},"schema":{"@context":"https:\/\/schema.org","@graph":[{"@type":"Article","@id":"https:\/\/www.carmelitaniscalzi.com\/fr\/2017\/04\/17\/chapitre-provincial-ocds-colombie\/#article","isPartOf":{"@id":"https:\/\/www.carmelitaniscalzi.com\/fr\/2017\/04\/17\/chapitre-provincial-ocds-colombie\/"},"author":{"name":"ocd web master","@id":"https:\/\/www.carmelitaniscalzi.com\/#\/schema\/person\/6d1c0d9bea7b6625c437246a5d6da409"},"headline":"Chap\u00edtre Provincial OCDS Colombie","datePublished":"2017-04-16T22:27:22+00:00","dateModified":"2021-05-23T11:57:34+00:00","mainEntityOfPage":{"@id":"https:\/\/www.carmelitaniscalzi.com\/fr\/2017\/04\/17\/chapitre-provincial-ocds-colombie\/"},"wordCount":168,"publisher":{"@id":"https:\/\/www.carmelitaniscalzi.com\/#organization"},"image":{"@id":"https:\/\/www.carmelitaniscalzi.com\/fr\/2017\/04\/17\/chapitre-provincial-ocds-colombie\/#primaryimage"},"thumbnailUrl":"https:\/\/www.carmelitaniscalzi.com\/wp-content\/uploads\/2017\/04\/01.png","articleSection":["Nouvelles OCDS","Nouvelles"],"inLanguage":"fr-FR"},{"@type":"WebPage","@id":"https:\/\/www.carmelitaniscalzi.com\/fr\/2017\/04\/17\/chapitre-provincial-ocds-colombie\/","url":"https:\/\/www.carmelitaniscalzi.com\/fr\/2017\/04\/17\/chapitre-provincial-ocds-colombie\/","name":"Chap\u00edtre Provincial OCDS Colombie - CARMES D\u00c9CHAUX","isPartOf":{"@id":"https:\/\/www.carmelitaniscalzi.com\/#website"},"primaryImageOfPage":{"@id":"https:\/\/www.carmelitaniscalzi.com\/fr\/2017\/04\/17\/chapitre-provincial-ocds-colombie\/#primaryimage"},"image":{"@id":"https:\/\/www.carmelitaniscalzi.com\/fr\/2017\/04\/17\/chapitre-provincial-ocds-colombie\/#primaryimage"},"thumbnailUrl":"https:\/\/www.carmelitaniscalzi.com\/wp-content\/uploads\/2017\/04\/01.png","datePublished":"2017-04-16T22:27:22+00:00","dateModified":"2021-05-23T11:57:34+00:00","breadcrumb":{"@id":"https:\/\/www.carmelitaniscalzi.com\/fr\/2017\/04\/17\/chapitre-provincial-ocds-colombie\/#breadcrumb"},"inLanguage":"fr-FR","potentialAction":[{"@type":"ReadAction","target":["https:\/\/www.carmelitaniscalzi.com\/fr\/2017\/04\/17\/chapitre-provincial-ocds-colombie\/"]}]},{"@type":"ImageObject","inLanguage":"fr-FR","@id":"https:\/\/www.carmelitaniscalzi.com\/fr\/2017\/04\/17\/chapitre-provincial-ocds-colombie\/#primaryimage","url":"https:\/\/www.carmelitaniscalzi.com\/wp-content\/uploads\/2017\/04\/01.png","contentUrl":"https:\/\/www.carmelitaniscalzi.com\/wp-content\/uploads\/2017\/04\/01.png","width":574,"height":354},{"@type":"BreadcrumbList","@id":"https:\/\/www.carmelitaniscalzi.com\/fr\/2017\/04\/17\/chapitre-provincial-ocds-colombie\/#breadcrumb","itemListElement":[{"@type":"ListItem","position":1,"name":"Home","item":"https:\/\/www.carmelitaniscalzi.com\/fr\/"},{"@type":"ListItem","position":2,"name":"Chap\u00edtre Provincial OCDS Colombie"}]},{"@type":"WebSite","@id":"https:\/\/www.carmelitaniscalzi.com\/#website","url":"https:\/\/www.carmelitaniscalzi.com\/","name":"CARMELITANI SCALZI - Curia Generale del Carmelo Teresiano","description":"Curie G\u00e9n\u00e9ralice du Carmel D\u00e9chauss\u00e9","publisher":{"@id":"https:\/\/www.carmelitaniscalzi.com\/#organization"},"alternateName":"CARMELITANI SCALZI","potentialAction":[{"@type":"SearchAction","target":{"@type":"EntryPoint","urlTemplate":"https:\/\/www.carmelitaniscalzi.com\/?s={search_term_string}"},"query-input":{"@type":"PropertyValueSpecification","valueRequired":true,"valueName":"search_term_string"}}],"inLanguage":"fr-FR"},{"@type":"Organization","@id":"https:\/\/www.carmelitaniscalzi.com\/#organization","name":"CARMELITANI SCALZI - Curia Generale del Carmelo Teresiano","url":"https:\/\/www.carmelitaniscalzi.com\/","logo":{"@type":"ImageObject","inLanguage":"fr-FR","@id":"https:\/\/www.carmelitaniscalzi.com\/#\/schema\/logo\/image\/","url":"https:\/\/www.carmelitaniscalzi.com\/wp-content\/uploads\/2025\/11\/login-logo.png","contentUrl":"https:\/\/www.carmelitaniscalzi.com\/wp-content\/uploads\/2025\/11\/login-logo.png","width":256,"height":256,"caption":"CARMELITANI SCALZI - Curia Generale del Carmelo Teresiano"},"image":{"@id":"https:\/\/www.carmelitaniscalzi.com\/#\/schema\/logo\/image\/"},"sameAs":["https:\/\/www.facebook.com\/Curia-Generalizia-Carmelitani-Scalzi-658766940887784\/","https:\/\/x.com\/ocdcuria","https:\/\/www.youtube.com\/channel\/UC2J5ZL0ycOY0qBSTCLX_NGQ\/videos","https:\/\/www.instagram.com\/ocdinform\/"]},{"@type":"Person","@id":"https:\/\/www.carmelitaniscalzi.com\/#\/schema\/person\/6d1c0d9bea7b6625c437246a5d6da409","name":"ocd web master","image":{"@type":"ImageObject","inLanguage":"fr-FR","@id":"https:\/\/www.carmelitaniscalzi.com\/#\/schema\/person\/image\/","url":"https:\/\/secure.gravatar.com\/avatar\/41fbc5f82bad909fbaf2984c43fa50d8519ac5853e25b454d022b6868f80d0e7?s=96&d=mm&r=g","contentUrl":"https:\/\/secure.gravatar.com\/avatar\/41fbc5f82bad909fbaf2984c43fa50d8519ac5853e25b454d022b6868f80d0e7?s=96&d=mm&r=g","caption":"ocd web master"},"url":"https:\/\/www.carmelitaniscalzi.com\/fr\/author\/ocdwebmaster\/"}]}},"_links":{"self":[{"href":"https:\/\/www.carmelitaniscalzi.com\/fr\/wp-json\/wp\/v2\/posts\/13905","targetHints":{"allow":["GET"]}}],"collection":[{"href":"https:\/\/www.carmelitaniscalzi.com\/fr\/wp-json\/wp\/v2\/posts"}],"about":[{"href":"https:\/\/www.carmelitaniscalzi.com\/fr\/wp-json\/wp\/v2\/types\/post"}],"author":[{"embeddable":true,"href":"https:\/\/www.carmelitaniscalzi.com\/fr\/wp-json\/wp\/v2\/users\/7"}],"replies":[{"embeddable":true,"href":"https:\/\/www.carmelitaniscalzi.com\/fr\/wp-json\/wp\/v2\/comments?post=13905"}],"version-history":[{"count":0,"href":"https:\/\/www.carmelitaniscalzi.com\/fr\/wp-json\/wp\/v2\/posts\/13905\/revisions"}],"wp:featuredmedia":[{"embeddable":true,"href":"https:\/\/www.carmelitaniscalzi.com\/fr\/wp-json\/wp\/v2\/media\/13897"}],"wp:attachment":[{"href":"https:\/\/www.carmelitaniscalzi.com\/fr\/wp-json\/wp\/v2\/media?parent=13905"}],"wp:term":[{"taxonomy":"category","embeddable":true,"href":"https:\/\/www.carmelitaniscalzi.com\/fr\/wp-json\/wp\/v2\/categories?post=13905"},{"taxonomy":"post_tag","embeddable":true,"href":"https:\/\/www.carmelitaniscalzi.com\/fr\/wp-json\/wp\/v2\/tags?post=13905"}],"curies":[{"name":"wp","href":"https:\/\/api.w.org\/{rel}","templated":true}]}}