{"id":13331,"date":"2017-02-19T21:21:08","date_gmt":"2017-02-19T20:21:08","guid":{"rendered":"https:\/\/www.carmelitaniscalzi.com\/fr\/?p=13331"},"modified":"2017-02-19T21:21:08","modified_gmt":"2017-02-19T20:21:08","slug":"premieres-ordinations-sacerdotales-dans-le-vicariat-regional-du-bengale-occidental","status":"publish","type":"post","link":"https:\/\/www.carmelitaniscalzi.com\/fr\/2017\/02\/19\/premieres-ordinations-sacerdotales-dans-le-vicariat-regional-du-bengale-occidental\/","title":{"rendered":"Premi\u00e8res Ordinations Sacerdotales dans le Vicariat R\u00e9gional du Bengale Occidental"},"content":{"rendered":"<p>Le mois de janvier 2017 a \u00e9t\u00e9 un mois de gr\u00e2ce pour le vicariat R\u00e9gional du Bengale occidental, au nord-ouest de l&rsquo;Inde, d\u00e9pendant de la Province des Carmes D\u00e9chauss\u00e9s du Kerala Sud. Voici pourquoi : quatre religieux, les fr\u00e8res Joel Sarkar, ocd, Arvind Tigga, ocd, Anil Tirkey, ocd, et Anil Kerketta, ocd, ont \u00e9t\u00e9 ordonn\u00e9s pr\u00eatres, les premiers du vicariat.<\/p>\n<p>La premi\u00e8re ordination sacerdotale, celle du diacre, fr. Joel Sarkar a eu lieu dans notre centre missionnaire de Dhupguri, le 20 janvier.<\/p>\n<p>Les diacres Arvind Tigga et Anil Kerketta ont \u00e9t\u00e9 ordonn\u00e9es dans la paroisse de Saunamara\u00a0 (dioc\u00e8se de Rourkela, Odisha) le 23 janvier, alors que la quatri\u00e8me ordination, celle du diacre Anil Tirkey a eu lieu dans la paroisse de Gaibira du dioc\u00e8se de Rourkela le 25. Nous \u00e9tions en f\u00eate et avec nos fr\u00e8re du Bengale Occidentale nous nous sommes r\u00e9jouis dans le Seigneur de cet heureux \u00e9v\u00e9nement qui laisse augurer une solide croissance de la Mission, avec la naissance de ces vocations.<\/p>\n<p>De plus, ce m\u00eame mois, tr\u00e8s exactement le 28 janvier, en pr\u00e9sence du Provincial de Kerala Sud, le r\u00e9v\u00e9rend p\u00e8re Fr\u00e8re Benjamin Elias ocd, Monseigneur George Palliparambil a b\u00e9ni l&rsquo;\u00e9glise du centre missionnaire de Kumari (Aunachal Pradesh), dans un \u00e9tat de l&rsquo;Inde proche de la fronti\u00e8re de Chine. Pendant de longues ann\u00e9es le\u00a0 fr. Jaison Kaimathuruthy, ocd, a travaill\u00e9 pour cette \u00e9glise\u00a0 qui restera li\u00e9e au Centre de Kumari.<\/p>\n<p><a href=\"https:\/\/www.carmelitaniscalzi.com\/wp-content\/uploads\/2017\/02\/05.jpg\"><img loading=\"lazy\" decoding=\"async\" class=\"alignnone size-medium wp-image-13327\" src=\"https:\/\/www.carmelitaniscalzi.com\/wp-content\/uploads\/2017\/02\/05-300x225.jpg\" alt=\"05\" width=\"300\" height=\"225\" srcset=\"https:\/\/www.carmelitaniscalzi.com\/wp-content\/uploads\/2017\/02\/05-300x225.jpg 300w, https:\/\/www.carmelitaniscalzi.com\/wp-content\/uploads\/2017\/02\/05.jpg 1024w, https:\/\/www.carmelitaniscalzi.com\/wp-content\/uploads\/2017\/02\/05-73x55.jpg 73w, https:\/\/www.carmelitaniscalzi.com\/wp-content\/uploads\/2017\/02\/05-800x600.jpg 800w, https:\/\/www.carmelitaniscalzi.com\/wp-content\/uploads\/2017\/02\/05-580x435.jpg 580w\" sizes=\"auto, (max-width: 300px) 100vw, 300px\" \/><\/a> <a href=\"https:\/\/www.carmelitaniscalzi.com\/wp-content\/uploads\/2017\/02\/032.jpg\"><img loading=\"lazy\" decoding=\"async\" class=\"alignnone size-medium wp-image-13325\" src=\"https:\/\/www.carmelitaniscalzi.com\/wp-content\/uploads\/2017\/02\/032-300x225.jpg\" alt=\"03\" width=\"300\" height=\"225\" srcset=\"https:\/\/www.carmelitaniscalzi.com\/wp-content\/uploads\/2017\/02\/032-300x225.jpg 300w, https:\/\/www.carmelitaniscalzi.com\/wp-content\/uploads\/2017\/02\/032.jpg 1024w, https:\/\/www.carmelitaniscalzi.com\/wp-content\/uploads\/2017\/02\/032-73x55.jpg 73w, https:\/\/www.carmelitaniscalzi.com\/wp-content\/uploads\/2017\/02\/032-800x600.jpg 800w, https:\/\/www.carmelitaniscalzi.com\/wp-content\/uploads\/2017\/02\/032-580x435.jpg 580w\" sizes=\"auto, (max-width: 300px) 100vw, 300px\" \/><\/a> <a href=\"https:\/\/www.carmelitaniscalzi.com\/wp-content\/uploads\/2017\/02\/022.jpg\"><img loading=\"lazy\" decoding=\"async\" class=\"alignnone size-medium wp-image-13324\" src=\"https:\/\/www.carmelitaniscalzi.com\/wp-content\/uploads\/2017\/02\/022-300x225.jpg\" alt=\"02\" width=\"300\" height=\"225\" srcset=\"https:\/\/www.carmelitaniscalzi.com\/wp-content\/uploads\/2017\/02\/022-300x225.jpg 300w, https:\/\/www.carmelitaniscalzi.com\/wp-content\/uploads\/2017\/02\/022.jpg 1024w, https:\/\/www.carmelitaniscalzi.com\/wp-content\/uploads\/2017\/02\/022-73x55.jpg 73w, https:\/\/www.carmelitaniscalzi.com\/wp-content\/uploads\/2017\/02\/022-800x600.jpg 800w, https:\/\/www.carmelitaniscalzi.com\/wp-content\/uploads\/2017\/02\/022-580x435.jpg 580w\" sizes=\"auto, (max-width: 300px) 100vw, 300px\" \/><\/a> <a href=\"https:\/\/www.carmelitaniscalzi.com\/wp-content\/uploads\/2017\/02\/04.jpg\"><img loading=\"lazy\" decoding=\"async\" class=\"alignnone size-medium wp-image-13326\" src=\"https:\/\/www.carmelitaniscalzi.com\/wp-content\/uploads\/2017\/02\/04-300x225.jpg\" alt=\"04\" width=\"300\" height=\"225\" srcset=\"https:\/\/www.carmelitaniscalzi.com\/wp-content\/uploads\/2017\/02\/04-300x225.jpg 300w, https:\/\/www.carmelitaniscalzi.com\/wp-content\/uploads\/2017\/02\/04.jpg 1024w, https:\/\/www.carmelitaniscalzi.com\/wp-content\/uploads\/2017\/02\/04-73x55.jpg 73w, https:\/\/www.carmelitaniscalzi.com\/wp-content\/uploads\/2017\/02\/04-800x600.jpg 800w, https:\/\/www.carmelitaniscalzi.com\/wp-content\/uploads\/2017\/02\/04-580x435.jpg 580w\" sizes=\"auto, (max-width: 300px) 100vw, 300px\" \/><\/a><\/p>\n","protected":false},"excerpt":{"rendered":"<p>Le mois de janvier 2017 a \u00e9t\u00e9 un mois de gr\u00e2ce pour le vicariat R\u00e9gional du Bengale occidental, au nord-ouest de l&rsquo;Inde, d\u00e9pendant de la Province des Carmes D\u00e9chauss\u00e9s du Kerala Sud. Voici pourquoi : quatre religieux, les fr\u00e8res Joel Sarkar, ocd, Arvind Tigga, ocd, Anil Tirkey, ocd, et Anil Kerketta, ocd, ont \u00e9t\u00e9 ordonn\u00e9s [&hellip;]<\/p>\n","protected":false},"author":7,"featured_media":13323,"comment_status":"closed","ping_status":"closed","sticky":false,"template":"","format":"standard","meta":{"_acf_changed":false,"footnotes":""},"categories":[202,370],"tags":[],"class_list":["post-13331","post","type-post","status-publish","format-standard","has-post-thumbnail","hentry","category-nouvelles-missions","category-nouvelles"],"acf":[],"yoast_head":"<!-- This site is optimized with the Yoast SEO plugin v26.3 - https:\/\/yoast.com\/wordpress\/plugins\/seo\/ -->\n<title>Premi\u00e8res Ordinations Sacerdotales dans le Vicariat R\u00e9gional du Bengale Occidental - CARMES D\u00c9CHAUX<\/title>\n<meta name=\"robots\" content=\"index, follow, max-snippet:-1, max-image-preview:large, max-video-preview:-1\" \/>\n<link rel=\"canonical\" href=\"https:\/\/www.carmelitaniscalzi.com\/fr\/2017\/02\/19\/premieres-ordinations-sacerdotales-dans-le-vicariat-regional-du-bengale-occidental\/\" \/>\n<meta property=\"og:locale\" content=\"fr_FR\" \/>\n<meta property=\"og:type\" content=\"article\" \/>\n<meta property=\"og:title\" content=\"Premi\u00e8res Ordinations Sacerdotales dans le Vicariat R\u00e9gional du Bengale Occidental - CARMES D\u00c9CHAUX\" \/>\n<meta property=\"og:description\" content=\"Le mois de janvier 2017 a \u00e9t\u00e9 un mois de gr\u00e2ce pour le vicariat R\u00e9gional du Bengale occidental, au nord-ouest de l&rsquo;Inde, d\u00e9pendant de la Province des Carmes D\u00e9chauss\u00e9s du Kerala Sud. Voici pourquoi : quatre religieux, les fr\u00e8res Joel Sarkar, ocd, Arvind Tigga, ocd, Anil Tirkey, ocd, et Anil Kerketta, ocd, ont \u00e9t\u00e9 ordonn\u00e9s [&hellip;]\" \/>\n<meta property=\"og:url\" content=\"https:\/\/www.carmelitaniscalzi.com\/fr\/2017\/02\/19\/premieres-ordinations-sacerdotales-dans-le-vicariat-regional-du-bengale-occidental\/\" \/>\n<meta property=\"og:site_name\" content=\"CARMES D\u00c9CHAUX\" \/>\n<meta property=\"article:publisher\" content=\"https:\/\/www.facebook.com\/Curia-Generalizia-Carmelitani-Scalzi-658766940887784\/\" \/>\n<meta property=\"article:published_time\" content=\"2017-02-19T20:21:08+00:00\" \/>\n<meta property=\"og:image\" content=\"https:\/\/www.carmelitaniscalzi.com\/wp-content\/uploads\/2017\/02\/012.jpg\" \/>\n\t<meta property=\"og:image:width\" content=\"1632\" \/>\n\t<meta property=\"og:image:height\" content=\"1080\" \/>\n\t<meta property=\"og:image:type\" content=\"image\/jpeg\" \/>\n<meta name=\"author\" content=\"ocd web master\" \/>\n<meta name=\"twitter:card\" content=\"summary_large_image\" \/>\n<meta name=\"twitter:creator\" content=\"@ocdcuria\" \/>\n<meta name=\"twitter:site\" content=\"@ocdcuria\" \/>\n<meta name=\"twitter:label1\" content=\"\u00c9crit par\" \/>\n\t<meta name=\"twitter:data1\" content=\"ocd web master\" \/>\n\t<meta name=\"twitter:label2\" content=\"Dur\u00e9e de lecture estim\u00e9e\" \/>\n\t<meta name=\"twitter:data2\" content=\"1 minute\" \/>\n<script type=\"application\/ld+json\" class=\"yoast-schema-graph\">{\"@context\":\"https:\/\/schema.org\",\"@graph\":[{\"@type\":\"Article\",\"@id\":\"https:\/\/www.carmelitaniscalzi.com\/fr\/2017\/02\/19\/premieres-ordinations-sacerdotales-dans-le-vicariat-regional-du-bengale-occidental\/#article\",\"isPartOf\":{\"@id\":\"https:\/\/www.carmelitaniscalzi.com\/fr\/2017\/02\/19\/premieres-ordinations-sacerdotales-dans-le-vicariat-regional-du-bengale-occidental\/\"},\"author\":{\"name\":\"ocd web master\",\"@id\":\"https:\/\/www.carmelitaniscalzi.com\/#\/schema\/person\/6d1c0d9bea7b6625c437246a5d6da409\"},\"headline\":\"Premi\u00e8res Ordinations Sacerdotales dans le Vicariat R\u00e9gional du Bengale Occidental\",\"datePublished\":\"2017-02-19T20:21:08+00:00\",\"mainEntityOfPage\":{\"@id\":\"https:\/\/www.carmelitaniscalzi.com\/fr\/2017\/02\/19\/premieres-ordinations-sacerdotales-dans-le-vicariat-regional-du-bengale-occidental\/\"},\"wordCount\":271,\"publisher\":{\"@id\":\"https:\/\/www.carmelitaniscalzi.com\/#organization\"},\"image\":{\"@id\":\"https:\/\/www.carmelitaniscalzi.com\/fr\/2017\/02\/19\/premieres-ordinations-sacerdotales-dans-le-vicariat-regional-du-bengale-occidental\/#primaryimage\"},\"thumbnailUrl\":\"https:\/\/www.carmelitaniscalzi.com\/wp-content\/uploads\/2017\/02\/012.jpg\",\"articleSection\":[\"Nouvelles Missions\",\"Nouvelles\"],\"inLanguage\":\"fr-FR\"},{\"@type\":\"WebPage\",\"@id\":\"https:\/\/www.carmelitaniscalzi.com\/fr\/2017\/02\/19\/premieres-ordinations-sacerdotales-dans-le-vicariat-regional-du-bengale-occidental\/\",\"url\":\"https:\/\/www.carmelitaniscalzi.com\/fr\/2017\/02\/19\/premieres-ordinations-sacerdotales-dans-le-vicariat-regional-du-bengale-occidental\/\",\"name\":\"Premi\u00e8res Ordinations Sacerdotales dans le Vicariat R\u00e9gional du Bengale Occidental - CARMES D\u00c9CHAUX\",\"isPartOf\":{\"@id\":\"https:\/\/www.carmelitaniscalzi.com\/#website\"},\"primaryImageOfPage\":{\"@id\":\"https:\/\/www.carmelitaniscalzi.com\/fr\/2017\/02\/19\/premieres-ordinations-sacerdotales-dans-le-vicariat-regional-du-bengale-occidental\/#primaryimage\"},\"image\":{\"@id\":\"https:\/\/www.carmelitaniscalzi.com\/fr\/2017\/02\/19\/premieres-ordinations-sacerdotales-dans-le-vicariat-regional-du-bengale-occidental\/#primaryimage\"},\"thumbnailUrl\":\"https:\/\/www.carmelitaniscalzi.com\/wp-content\/uploads\/2017\/02\/012.jpg\",\"datePublished\":\"2017-02-19T20:21:08+00:00\",\"breadcrumb\":{\"@id\":\"https:\/\/www.carmelitaniscalzi.com\/fr\/2017\/02\/19\/premieres-ordinations-sacerdotales-dans-le-vicariat-regional-du-bengale-occidental\/#breadcrumb\"},\"inLanguage\":\"fr-FR\",\"potentialAction\":[{\"@type\":\"ReadAction\",\"target\":[\"https:\/\/www.carmelitaniscalzi.com\/fr\/2017\/02\/19\/premieres-ordinations-sacerdotales-dans-le-vicariat-regional-du-bengale-occidental\/\"]}]},{\"@type\":\"ImageObject\",\"inLanguage\":\"fr-FR\",\"@id\":\"https:\/\/www.carmelitaniscalzi.com\/fr\/2017\/02\/19\/premieres-ordinations-sacerdotales-dans-le-vicariat-regional-du-bengale-occidental\/#primaryimage\",\"url\":\"https:\/\/www.carmelitaniscalzi.com\/wp-content\/uploads\/2017\/02\/012.jpg\",\"contentUrl\":\"https:\/\/www.carmelitaniscalzi.com\/wp-content\/uploads\/2017\/02\/012.jpg\",\"width\":1632,\"height\":1080},{\"@type\":\"BreadcrumbList\",\"@id\":\"https:\/\/www.carmelitaniscalzi.com\/fr\/2017\/02\/19\/premieres-ordinations-sacerdotales-dans-le-vicariat-regional-du-bengale-occidental\/#breadcrumb\",\"itemListElement\":[{\"@type\":\"ListItem\",\"position\":1,\"name\":\"Home\",\"item\":\"https:\/\/www.carmelitaniscalzi.com\/fr\/\"},{\"@type\":\"ListItem\",\"position\":2,\"name\":\"Premi\u00e8res Ordinations Sacerdotales dans le Vicariat R\u00e9gional du Bengale Occidental\"}]},{\"@type\":\"WebSite\",\"@id\":\"https:\/\/www.carmelitaniscalzi.com\/#website\",\"url\":\"https:\/\/www.carmelitaniscalzi.com\/\",\"name\":\"CARMELITANI SCALZI - Curia Generale del Carmelo Teresiano\",\"description\":\"Curie G\u00e9n\u00e9ralice du Carmel D\u00e9chauss\u00e9\",\"publisher\":{\"@id\":\"https:\/\/www.carmelitaniscalzi.com\/#organization\"},\"alternateName\":\"CARMELITANI SCALZI\",\"potentialAction\":[{\"@type\":\"SearchAction\",\"target\":{\"@type\":\"EntryPoint\",\"urlTemplate\":\"https:\/\/www.carmelitaniscalzi.com\/?s={search_term_string}\"},\"query-input\":{\"@type\":\"PropertyValueSpecification\",\"valueRequired\":true,\"valueName\":\"search_term_string\"}}],\"inLanguage\":\"fr-FR\"},{\"@type\":\"Organization\",\"@id\":\"https:\/\/www.carmelitaniscalzi.com\/#organization\",\"name\":\"CARMELITANI SCALZI - Curia Generale del Carmelo Teresiano\",\"url\":\"https:\/\/www.carmelitaniscalzi.com\/\",\"logo\":{\"@type\":\"ImageObject\",\"inLanguage\":\"fr-FR\",\"@id\":\"https:\/\/www.carmelitaniscalzi.com\/#\/schema\/logo\/image\/\",\"url\":\"https:\/\/www.carmelitaniscalzi.com\/wp-content\/uploads\/2025\/11\/login-logo.png\",\"contentUrl\":\"https:\/\/www.carmelitaniscalzi.com\/wp-content\/uploads\/2025\/11\/login-logo.png\",\"width\":256,\"height\":256,\"caption\":\"CARMELITANI SCALZI - Curia Generale del Carmelo Teresiano\"},\"image\":{\"@id\":\"https:\/\/www.carmelitaniscalzi.com\/#\/schema\/logo\/image\/\"},\"sameAs\":[\"https:\/\/www.facebook.com\/Curia-Generalizia-Carmelitani-Scalzi-658766940887784\/\",\"https:\/\/x.com\/ocdcuria\",\"https:\/\/www.youtube.com\/channel\/UC2J5ZL0ycOY0qBSTCLX_NGQ\/videos\",\"https:\/\/www.instagram.com\/ocdinform\/\"]},{\"@type\":\"Person\",\"@id\":\"https:\/\/www.carmelitaniscalzi.com\/#\/schema\/person\/6d1c0d9bea7b6625c437246a5d6da409\",\"name\":\"ocd web master\",\"image\":{\"@type\":\"ImageObject\",\"inLanguage\":\"fr-FR\",\"@id\":\"https:\/\/www.carmelitaniscalzi.com\/#\/schema\/person\/image\/\",\"url\":\"https:\/\/secure.gravatar.com\/avatar\/41fbc5f82bad909fbaf2984c43fa50d8519ac5853e25b454d022b6868f80d0e7?s=96&d=mm&r=g\",\"contentUrl\":\"https:\/\/secure.gravatar.com\/avatar\/41fbc5f82bad909fbaf2984c43fa50d8519ac5853e25b454d022b6868f80d0e7?s=96&d=mm&r=g\",\"caption\":\"ocd web master\"},\"url\":\"https:\/\/www.carmelitaniscalzi.com\/fr\/author\/ocdwebmaster\/\"}]}<\/script>\n<!-- \/ Yoast SEO plugin. -->","yoast_head_json":{"title":"Premi\u00e8res Ordinations Sacerdotales dans le Vicariat R\u00e9gional du Bengale Occidental - CARMES D\u00c9CHAUX","robots":{"index":"index","follow":"follow","max-snippet":"max-snippet:-1","max-image-preview":"max-image-preview:large","max-video-preview":"max-video-preview:-1"},"canonical":"https:\/\/www.carmelitaniscalzi.com\/fr\/2017\/02\/19\/premieres-ordinations-sacerdotales-dans-le-vicariat-regional-du-bengale-occidental\/","og_locale":"fr_FR","og_type":"article","og_title":"Premi\u00e8res Ordinations Sacerdotales dans le Vicariat R\u00e9gional du Bengale Occidental - CARMES D\u00c9CHAUX","og_description":"Le mois de janvier 2017 a \u00e9t\u00e9 un mois de gr\u00e2ce pour le vicariat R\u00e9gional du Bengale occidental, au nord-ouest de l&rsquo;Inde, d\u00e9pendant de la Province des Carmes D\u00e9chauss\u00e9s du Kerala Sud. Voici pourquoi : quatre religieux, les fr\u00e8res Joel Sarkar, ocd, Arvind Tigga, ocd, Anil Tirkey, ocd, et Anil Kerketta, ocd, ont \u00e9t\u00e9 ordonn\u00e9s [&hellip;]","og_url":"https:\/\/www.carmelitaniscalzi.com\/fr\/2017\/02\/19\/premieres-ordinations-sacerdotales-dans-le-vicariat-regional-du-bengale-occidental\/","og_site_name":"CARMES D\u00c9CHAUX","article_publisher":"https:\/\/www.facebook.com\/Curia-Generalizia-Carmelitani-Scalzi-658766940887784\/","article_published_time":"2017-02-19T20:21:08+00:00","og_image":[{"width":1632,"height":1080,"url":"https:\/\/www.carmelitaniscalzi.com\/wp-content\/uploads\/2017\/02\/012.jpg","type":"image\/jpeg"}],"author":"ocd web master","twitter_card":"summary_large_image","twitter_creator":"@ocdcuria","twitter_site":"@ocdcuria","twitter_misc":{"\u00c9crit par":"ocd web master","Dur\u00e9e de lecture estim\u00e9e":"1 minute"},"schema":{"@context":"https:\/\/schema.org","@graph":[{"@type":"Article","@id":"https:\/\/www.carmelitaniscalzi.com\/fr\/2017\/02\/19\/premieres-ordinations-sacerdotales-dans-le-vicariat-regional-du-bengale-occidental\/#article","isPartOf":{"@id":"https:\/\/www.carmelitaniscalzi.com\/fr\/2017\/02\/19\/premieres-ordinations-sacerdotales-dans-le-vicariat-regional-du-bengale-occidental\/"},"author":{"name":"ocd web master","@id":"https:\/\/www.carmelitaniscalzi.com\/#\/schema\/person\/6d1c0d9bea7b6625c437246a5d6da409"},"headline":"Premi\u00e8res Ordinations Sacerdotales dans le Vicariat R\u00e9gional du Bengale Occidental","datePublished":"2017-02-19T20:21:08+00:00","mainEntityOfPage":{"@id":"https:\/\/www.carmelitaniscalzi.com\/fr\/2017\/02\/19\/premieres-ordinations-sacerdotales-dans-le-vicariat-regional-du-bengale-occidental\/"},"wordCount":271,"publisher":{"@id":"https:\/\/www.carmelitaniscalzi.com\/#organization"},"image":{"@id":"https:\/\/www.carmelitaniscalzi.com\/fr\/2017\/02\/19\/premieres-ordinations-sacerdotales-dans-le-vicariat-regional-du-bengale-occidental\/#primaryimage"},"thumbnailUrl":"https:\/\/www.carmelitaniscalzi.com\/wp-content\/uploads\/2017\/02\/012.jpg","articleSection":["Nouvelles Missions","Nouvelles"],"inLanguage":"fr-FR"},{"@type":"WebPage","@id":"https:\/\/www.carmelitaniscalzi.com\/fr\/2017\/02\/19\/premieres-ordinations-sacerdotales-dans-le-vicariat-regional-du-bengale-occidental\/","url":"https:\/\/www.carmelitaniscalzi.com\/fr\/2017\/02\/19\/premieres-ordinations-sacerdotales-dans-le-vicariat-regional-du-bengale-occidental\/","name":"Premi\u00e8res Ordinations Sacerdotales dans le Vicariat R\u00e9gional du Bengale Occidental - CARMES D\u00c9CHAUX","isPartOf":{"@id":"https:\/\/www.carmelitaniscalzi.com\/#website"},"primaryImageOfPage":{"@id":"https:\/\/www.carmelitaniscalzi.com\/fr\/2017\/02\/19\/premieres-ordinations-sacerdotales-dans-le-vicariat-regional-du-bengale-occidental\/#primaryimage"},"image":{"@id":"https:\/\/www.carmelitaniscalzi.com\/fr\/2017\/02\/19\/premieres-ordinations-sacerdotales-dans-le-vicariat-regional-du-bengale-occidental\/#primaryimage"},"thumbnailUrl":"https:\/\/www.carmelitaniscalzi.com\/wp-content\/uploads\/2017\/02\/012.jpg","datePublished":"2017-02-19T20:21:08+00:00","breadcrumb":{"@id":"https:\/\/www.carmelitaniscalzi.com\/fr\/2017\/02\/19\/premieres-ordinations-sacerdotales-dans-le-vicariat-regional-du-bengale-occidental\/#breadcrumb"},"inLanguage":"fr-FR","potentialAction":[{"@type":"ReadAction","target":["https:\/\/www.carmelitaniscalzi.com\/fr\/2017\/02\/19\/premieres-ordinations-sacerdotales-dans-le-vicariat-regional-du-bengale-occidental\/"]}]},{"@type":"ImageObject","inLanguage":"fr-FR","@id":"https:\/\/www.carmelitaniscalzi.com\/fr\/2017\/02\/19\/premieres-ordinations-sacerdotales-dans-le-vicariat-regional-du-bengale-occidental\/#primaryimage","url":"https:\/\/www.carmelitaniscalzi.com\/wp-content\/uploads\/2017\/02\/012.jpg","contentUrl":"https:\/\/www.carmelitaniscalzi.com\/wp-content\/uploads\/2017\/02\/012.jpg","width":1632,"height":1080},{"@type":"BreadcrumbList","@id":"https:\/\/www.carmelitaniscalzi.com\/fr\/2017\/02\/19\/premieres-ordinations-sacerdotales-dans-le-vicariat-regional-du-bengale-occidental\/#breadcrumb","itemListElement":[{"@type":"ListItem","position":1,"name":"Home","item":"https:\/\/www.carmelitaniscalzi.com\/fr\/"},{"@type":"ListItem","position":2,"name":"Premi\u00e8res Ordinations Sacerdotales dans le Vicariat R\u00e9gional du Bengale Occidental"}]},{"@type":"WebSite","@id":"https:\/\/www.carmelitaniscalzi.com\/#website","url":"https:\/\/www.carmelitaniscalzi.com\/","name":"CARMELITANI SCALZI - Curia Generale del Carmelo Teresiano","description":"Curie G\u00e9n\u00e9ralice du Carmel D\u00e9chauss\u00e9","publisher":{"@id":"https:\/\/www.carmelitaniscalzi.com\/#organization"},"alternateName":"CARMELITANI SCALZI","potentialAction":[{"@type":"SearchAction","target":{"@type":"EntryPoint","urlTemplate":"https:\/\/www.carmelitaniscalzi.com\/?s={search_term_string}"},"query-input":{"@type":"PropertyValueSpecification","valueRequired":true,"valueName":"search_term_string"}}],"inLanguage":"fr-FR"},{"@type":"Organization","@id":"https:\/\/www.carmelitaniscalzi.com\/#organization","name":"CARMELITANI SCALZI - Curia Generale del Carmelo Teresiano","url":"https:\/\/www.carmelitaniscalzi.com\/","logo":{"@type":"ImageObject","inLanguage":"fr-FR","@id":"https:\/\/www.carmelitaniscalzi.com\/#\/schema\/logo\/image\/","url":"https:\/\/www.carmelitaniscalzi.com\/wp-content\/uploads\/2025\/11\/login-logo.png","contentUrl":"https:\/\/www.carmelitaniscalzi.com\/wp-content\/uploads\/2025\/11\/login-logo.png","width":256,"height":256,"caption":"CARMELITANI SCALZI - Curia Generale del Carmelo Teresiano"},"image":{"@id":"https:\/\/www.carmelitaniscalzi.com\/#\/schema\/logo\/image\/"},"sameAs":["https:\/\/www.facebook.com\/Curia-Generalizia-Carmelitani-Scalzi-658766940887784\/","https:\/\/x.com\/ocdcuria","https:\/\/www.youtube.com\/channel\/UC2J5ZL0ycOY0qBSTCLX_NGQ\/videos","https:\/\/www.instagram.com\/ocdinform\/"]},{"@type":"Person","@id":"https:\/\/www.carmelitaniscalzi.com\/#\/schema\/person\/6d1c0d9bea7b6625c437246a5d6da409","name":"ocd web master","image":{"@type":"ImageObject","inLanguage":"fr-FR","@id":"https:\/\/www.carmelitaniscalzi.com\/#\/schema\/person\/image\/","url":"https:\/\/secure.gravatar.com\/avatar\/41fbc5f82bad909fbaf2984c43fa50d8519ac5853e25b454d022b6868f80d0e7?s=96&d=mm&r=g","contentUrl":"https:\/\/secure.gravatar.com\/avatar\/41fbc5f82bad909fbaf2984c43fa50d8519ac5853e25b454d022b6868f80d0e7?s=96&d=mm&r=g","caption":"ocd web master"},"url":"https:\/\/www.carmelitaniscalzi.com\/fr\/author\/ocdwebmaster\/"}]}},"_links":{"self":[{"href":"https:\/\/www.carmelitaniscalzi.com\/fr\/wp-json\/wp\/v2\/posts\/13331","targetHints":{"allow":["GET"]}}],"collection":[{"href":"https:\/\/www.carmelitaniscalzi.com\/fr\/wp-json\/wp\/v2\/posts"}],"about":[{"href":"https:\/\/www.carmelitaniscalzi.com\/fr\/wp-json\/wp\/v2\/types\/post"}],"author":[{"embeddable":true,"href":"https:\/\/www.carmelitaniscalzi.com\/fr\/wp-json\/wp\/v2\/users\/7"}],"replies":[{"embeddable":true,"href":"https:\/\/www.carmelitaniscalzi.com\/fr\/wp-json\/wp\/v2\/comments?post=13331"}],"version-history":[{"count":0,"href":"https:\/\/www.carmelitaniscalzi.com\/fr\/wp-json\/wp\/v2\/posts\/13331\/revisions"}],"wp:featuredmedia":[{"embeddable":true,"href":"https:\/\/www.carmelitaniscalzi.com\/fr\/wp-json\/wp\/v2\/media\/13323"}],"wp:attachment":[{"href":"https:\/\/www.carmelitaniscalzi.com\/fr\/wp-json\/wp\/v2\/media?parent=13331"}],"wp:term":[{"taxonomy":"category","embeddable":true,"href":"https:\/\/www.carmelitaniscalzi.com\/fr\/wp-json\/wp\/v2\/categories?post=13331"},{"taxonomy":"post_tag","embeddable":true,"href":"https:\/\/www.carmelitaniscalzi.com\/fr\/wp-json\/wp\/v2\/tags?post=13331"}],"curies":[{"name":"wp","href":"https:\/\/api.w.org\/{rel}","templated":true}]}}