{"id":13311,"date":"2017-02-14T09:51:54","date_gmt":"2017-02-14T08:51:54","guid":{"rendered":"https:\/\/www.carmelitaniscalzi.com\/fr\/?p=13311"},"modified":"2017-02-16T09:53:00","modified_gmt":"2017-02-16T08:53:00","slug":"adieu-mgr-luna-carme-dechausse-et-eveque-equatorien","status":"publish","type":"post","link":"https:\/\/www.carmelitaniscalzi.com\/fr\/2017\/02\/14\/adieu-mgr-luna-carme-dechausse-et-eveque-equatorien\/","title":{"rendered":"Adieu Mgr Luna, Carme D\u00e9chauss\u00e9 et \u00e9v\u00eaque \u00e9quatorien"},"content":{"rendered":"<p>Le 7 f\u00e9vrier dernier, Mgr Luis Alberto Luna Tobar, carme d\u00e9chauss\u00e9 et archev\u00eaque \u00e9m\u00e9rite\u00a0 de Cuenca est d\u00e9c\u00e9d\u00e9 \u00e0 Quito (Equateur) \u00e0 l\u2019\u00e2ge de 94 ans.<\/p>\n<p>Mgr Luna \u00e9tait n\u00e9 le 15 d\u00e9cembre 1923 au sein d\u2019une famille ais\u00e9e de Quito. Il connut le Carmel lors d\u2019une visite \u00e0 la mission de Sucumb\u00edos. Il la fit avec quelques amis, dont trois entr\u00e8rent avec lui dans l\u2019Ordre. Ils admiraient les fr\u00e8res, et furent attir\u00e9s concr\u00e8tement, pour le dire avec ses propres paroles, \u201cpar leur vie, leur joie, leur formation, leur mani\u00e8re d\u2019\u00eatre\u201d.<\/p>\n<p>Il fut le seul \u00e0 pers\u00e9v\u00e9rer et fut envoy\u00e9 \u00e9tudier en Espagne, o\u00f9 il fut le premier\u00a0 Equatorien\u00a0 \u00e0 prendre l\u2019habit de carme \u00e0 Burgo de Osma le 3 ao\u00fbt 1939 (Il avait pr\u00e8s de 16 ans). Ordonn\u00e9 pr\u00eatre le 25 juillet 1946 \u00e0 la Chartreuse de Miraflores \u00e0 Burgos. Il rentra presque aussit\u00f4t \u00e0 Quito o\u00f9 il fut nomm\u00e9 cur\u00e9 de l\u2019\u00e9glise Sainte Th\u00e9r\u00e8se de Lisieux (Santa Teresita). Il y travailla inlassablement comme cur\u00e9 pendant 22 ans jusqu\u2019en 1968, avec un tel succ\u00e8s qu\u2019il devint en quelque sorte le pr\u00eatre \u00e0 la mode, celui qu\u2019on cherche pour c\u00e9l\u00e9brer bapt\u00eame, confession, mariage. Il avait un certain charisme qui inspirait confiance, il fut le conseiller de centaine de personnalit\u00e9s de la vie politique et sociale de la capitale. Il sera \u00e9galement professeur \u00e0 l\u2019universit\u00e9 catholique et en 1972 \u00e9lu membre de l\u2019Acad\u00e9mie Equatorienne de la Langue. Entre 1970 et 1973, il \u00e9tait d\u00e9finisseur g\u00e9n\u00e9ral de l&rsquo;Ordre, et nomm\u00e9 en 1977 \u00e9v\u00eaque auxiliaire de Quito. Mais le grand Ev\u00eaque, le grand Pasteur, le grand ami des pauvres et des paysans surgira \u00e0 son arriv\u00e9e \u00e0 Cuenca comme Archev\u00eaque en 1981. Accueilli avec r\u00e9serve et m\u00e9fiance par le clerg\u00e9 \u00e0 cause de son origine et de son pass\u00e9 un peu \u00e9litiste comme \u00e9v\u00eaque auxiliaire de Quito. Accompagn\u00e9 de son vicaire pour la Pastorale rurale, le P. Hern\u00e1n Rodas, il visitera le dioc\u00e8se jusque dans les coins les\u00a0 plus recul\u00e9s. Et c\u2019est ainsi qu\u2019il rencontrera sa conversion. Le m\u00eame esprit qui l\u2019avait conduit \u00e0 Quito \u00e0 rencontrer les personnalit\u00e9s de la vie politique, aristocratique et culturelle le conduisit \u00e0 se faire proche des paysans et paysannes, les campasinos. \u00ab\u00a0Ce qui me plait le plus, c\u2019est de m\u2019\u00eatre bien entendu avec les campasinos, nous avons une tr\u00e8s grande harmonie.\u00a0\u00bb<\/p>\n<p>Ainsi, il \u00e9tait connu comme \u201cl\u2019\u00e9v\u00eaque des pauvres\u201d et \u2018l\u2019\u00e9v\u00eaque sans privil\u00e8ges\u201d, ou comme le reconnaissaient ses fr\u00e8res \u00e9v\u00eaques : \u201cC\u2019est le proph\u00e8te de l\u2019Equateur\u201d. \u00a0Sa mort a eu un impact consid\u00e9rable dans l\u2019Eglise et la soci\u00e9t\u00e9 \u00e9quatorienne. Le Pr\u00e9sident de la R\u00e9publique, Monsieur Correa lui-m\u00eame a exprim\u00e9 sa tristesse publiquement et consacr\u00e9 un \u00e9loge fun\u00e8bre \u00e0 Mgr Luna.<\/p>\n<p>Avec Mgr Proa\u00f1o, d\u00e9c\u00e9d\u00e9 il y a presque 30 ans, et Mgr Gonzalo, qui nous a quitt\u00e9s r\u00e9cemment, ces trois \u00e9v\u00eaques forment le groupe le plus remarquable d\u2019\u00e9v\u00eaques engag\u00e9s \u00e0 conduire la r\u00e9forme mise en \u0153uvre par le concile Vatican II et les r\u00e9unions de l\u2019\u00e9piscopat latino-am\u00e9ricain \u00e0 Medellin et Puebla.<\/p>\n<p>Que notre fr\u00e8re repose en paix.<\/p>\n<p><a href=\"https:\/\/www.carmelitaniscalzi.com\/wp-content\/uploads\/2017\/02\/3Foto.jpg\"><img loading=\"lazy\" decoding=\"async\" class=\"alignnone size-medium wp-image-13237\" src=\"https:\/\/www.carmelitaniscalzi.com\/wp-content\/uploads\/2017\/02\/3Foto-300x221.jpg\" alt=\"3foto\" width=\"300\" height=\"221\" srcset=\"https:\/\/www.carmelitaniscalzi.com\/wp-content\/uploads\/2017\/02\/3Foto-300x221.jpg 300w, https:\/\/www.carmelitaniscalzi.com\/wp-content\/uploads\/2017\/02\/3Foto-75x55.jpg 75w, https:\/\/www.carmelitaniscalzi.com\/wp-content\/uploads\/2017\/02\/3Foto.jpg 456w\" sizes=\"auto, (max-width: 300px) 100vw, 300px\" \/><\/a> <a href=\"https:\/\/www.carmelitaniscalzi.com\/wp-content\/uploads\/2017\/02\/1Foto.jpeg\"><img loading=\"lazy\" decoding=\"async\" class=\"alignnone size-medium wp-image-13235\" src=\"https:\/\/www.carmelitaniscalzi.com\/wp-content\/uploads\/2017\/02\/1Foto-300x168.jpeg\" alt=\"1foto\" width=\"300\" height=\"168\" srcset=\"https:\/\/www.carmelitaniscalzi.com\/wp-content\/uploads\/2017\/02\/1Foto-300x168.jpeg 300w, https:\/\/www.carmelitaniscalzi.com\/wp-content\/uploads\/2017\/02\/1Foto-98x55.jpeg 98w, https:\/\/www.carmelitaniscalzi.com\/wp-content\/uploads\/2017\/02\/1Foto-270x152.jpeg 270w, https:\/\/www.carmelitaniscalzi.com\/wp-content\/uploads\/2017\/02\/1Foto-580x324.jpeg 580w, https:\/\/www.carmelitaniscalzi.com\/wp-content\/uploads\/2017\/02\/1Foto.jpeg 612w\" sizes=\"auto, (max-width: 300px) 100vw, 300px\" \/><\/a><\/p>\n","protected":false},"excerpt":{"rendered":"<p>Le 7 f\u00e9vrier dernier, Mgr Luis Alberto Luna Tobar, carme d\u00e9chauss\u00e9 et archev\u00eaque \u00e9m\u00e9rite\u00a0 de Cuenca est d\u00e9c\u00e9d\u00e9 \u00e0 Quito (Equateur) \u00e0 l\u2019\u00e2ge de 94 ans. Mgr Luna \u00e9tait n\u00e9 le 15 d\u00e9cembre 1923 au sein d\u2019une famille ais\u00e9e de Quito. Il connut le Carmel lors d\u2019une visite \u00e0 la mission de Sucumb\u00edos. Il la [&hellip;]<\/p>\n","protected":false},"author":7,"featured_media":13236,"comment_status":"closed","ping_status":"closed","sticky":false,"template":"","format":"standard","meta":{"_acf_changed":false,"footnotes":""},"categories":[201,370],"tags":[],"class_list":["post-13311","post","type-post","status-publish","format-standard","has-post-thumbnail","hentry","category-nouvelles-freres","category-nouvelles"],"acf":[],"yoast_head":"<!-- This site is optimized with the Yoast SEO plugin v26.3 - https:\/\/yoast.com\/wordpress\/plugins\/seo\/ -->\n<title>Adieu Mgr Luna, Carme D\u00e9chauss\u00e9 et \u00e9v\u00eaque \u00e9quatorien - CARMES D\u00c9CHAUX<\/title>\n<meta name=\"robots\" content=\"index, follow, max-snippet:-1, max-image-preview:large, max-video-preview:-1\" \/>\n<link rel=\"canonical\" href=\"https:\/\/www.carmelitaniscalzi.com\/fr\/2017\/02\/14\/adieu-mgr-luna-carme-dechausse-et-eveque-equatorien\/\" \/>\n<meta property=\"og:locale\" content=\"fr_FR\" \/>\n<meta property=\"og:type\" content=\"article\" \/>\n<meta property=\"og:title\" content=\"Adieu Mgr Luna, Carme D\u00e9chauss\u00e9 et \u00e9v\u00eaque \u00e9quatorien - CARMES D\u00c9CHAUX\" \/>\n<meta property=\"og:description\" content=\"Le 7 f\u00e9vrier dernier, Mgr Luis Alberto Luna Tobar, carme d\u00e9chauss\u00e9 et archev\u00eaque \u00e9m\u00e9rite\u00a0 de Cuenca est d\u00e9c\u00e9d\u00e9 \u00e0 Quito (Equateur) \u00e0 l\u2019\u00e2ge de 94 ans. Mgr Luna \u00e9tait n\u00e9 le 15 d\u00e9cembre 1923 au sein d\u2019une famille ais\u00e9e de Quito. Il connut le Carmel lors d\u2019une visite \u00e0 la mission de Sucumb\u00edos. Il la [&hellip;]\" \/>\n<meta property=\"og:url\" content=\"https:\/\/www.carmelitaniscalzi.com\/fr\/2017\/02\/14\/adieu-mgr-luna-carme-dechausse-et-eveque-equatorien\/\" \/>\n<meta property=\"og:site_name\" content=\"CARMES D\u00c9CHAUX\" \/>\n<meta property=\"article:publisher\" content=\"https:\/\/www.facebook.com\/Curia-Generalizia-Carmelitani-Scalzi-658766940887784\/\" \/>\n<meta property=\"article:published_time\" content=\"2017-02-14T08:51:54+00:00\" \/>\n<meta property=\"article:modified_time\" content=\"2017-02-16T08:53:00+00:00\" \/>\n<meta property=\"og:image\" content=\"https:\/\/www.carmelitaniscalzi.com\/wp-content\/uploads\/2017\/02\/2Foto.jpg\" \/>\n\t<meta property=\"og:image:width\" content=\"675\" \/>\n\t<meta property=\"og:image:height\" content=\"450\" \/>\n\t<meta property=\"og:image:type\" content=\"image\/jpeg\" \/>\n<meta name=\"author\" content=\"ocd web master\" \/>\n<meta name=\"twitter:card\" content=\"summary_large_image\" \/>\n<meta name=\"twitter:creator\" content=\"@ocdcuria\" \/>\n<meta name=\"twitter:site\" content=\"@ocdcuria\" \/>\n<meta name=\"twitter:label1\" content=\"\u00c9crit par\" \/>\n\t<meta name=\"twitter:data1\" content=\"ocd web master\" \/>\n\t<meta name=\"twitter:label2\" content=\"Dur\u00e9e de lecture estim\u00e9e\" \/>\n\t<meta name=\"twitter:data2\" content=\"3 minutes\" \/>\n<script type=\"application\/ld+json\" class=\"yoast-schema-graph\">{\"@context\":\"https:\/\/schema.org\",\"@graph\":[{\"@type\":\"Article\",\"@id\":\"https:\/\/www.carmelitaniscalzi.com\/fr\/2017\/02\/14\/adieu-mgr-luna-carme-dechausse-et-eveque-equatorien\/#article\",\"isPartOf\":{\"@id\":\"https:\/\/www.carmelitaniscalzi.com\/fr\/2017\/02\/14\/adieu-mgr-luna-carme-dechausse-et-eveque-equatorien\/\"},\"author\":{\"name\":\"ocd web master\",\"@id\":\"https:\/\/www.carmelitaniscalzi.com\/#\/schema\/person\/6d1c0d9bea7b6625c437246a5d6da409\"},\"headline\":\"Adieu Mgr Luna, Carme D\u00e9chauss\u00e9 et \u00e9v\u00eaque \u00e9quatorien\",\"datePublished\":\"2017-02-14T08:51:54+00:00\",\"dateModified\":\"2017-02-16T08:53:00+00:00\",\"mainEntityOfPage\":{\"@id\":\"https:\/\/www.carmelitaniscalzi.com\/fr\/2017\/02\/14\/adieu-mgr-luna-carme-dechausse-et-eveque-equatorien\/\"},\"wordCount\":567,\"publisher\":{\"@id\":\"https:\/\/www.carmelitaniscalzi.com\/#organization\"},\"image\":{\"@id\":\"https:\/\/www.carmelitaniscalzi.com\/fr\/2017\/02\/14\/adieu-mgr-luna-carme-dechausse-et-eveque-equatorien\/#primaryimage\"},\"thumbnailUrl\":\"https:\/\/www.carmelitaniscalzi.com\/wp-content\/uploads\/2017\/02\/2Foto.jpg\",\"articleSection\":[\"Nouvelles Fr\u00e8res\",\"Nouvelles\"],\"inLanguage\":\"fr-FR\"},{\"@type\":\"WebPage\",\"@id\":\"https:\/\/www.carmelitaniscalzi.com\/fr\/2017\/02\/14\/adieu-mgr-luna-carme-dechausse-et-eveque-equatorien\/\",\"url\":\"https:\/\/www.carmelitaniscalzi.com\/fr\/2017\/02\/14\/adieu-mgr-luna-carme-dechausse-et-eveque-equatorien\/\",\"name\":\"Adieu Mgr Luna, Carme D\u00e9chauss\u00e9 et \u00e9v\u00eaque \u00e9quatorien - CARMES D\u00c9CHAUX\",\"isPartOf\":{\"@id\":\"https:\/\/www.carmelitaniscalzi.com\/#website\"},\"primaryImageOfPage\":{\"@id\":\"https:\/\/www.carmelitaniscalzi.com\/fr\/2017\/02\/14\/adieu-mgr-luna-carme-dechausse-et-eveque-equatorien\/#primaryimage\"},\"image\":{\"@id\":\"https:\/\/www.carmelitaniscalzi.com\/fr\/2017\/02\/14\/adieu-mgr-luna-carme-dechausse-et-eveque-equatorien\/#primaryimage\"},\"thumbnailUrl\":\"https:\/\/www.carmelitaniscalzi.com\/wp-content\/uploads\/2017\/02\/2Foto.jpg\",\"datePublished\":\"2017-02-14T08:51:54+00:00\",\"dateModified\":\"2017-02-16T08:53:00+00:00\",\"breadcrumb\":{\"@id\":\"https:\/\/www.carmelitaniscalzi.com\/fr\/2017\/02\/14\/adieu-mgr-luna-carme-dechausse-et-eveque-equatorien\/#breadcrumb\"},\"inLanguage\":\"fr-FR\",\"potentialAction\":[{\"@type\":\"ReadAction\",\"target\":[\"https:\/\/www.carmelitaniscalzi.com\/fr\/2017\/02\/14\/adieu-mgr-luna-carme-dechausse-et-eveque-equatorien\/\"]}]},{\"@type\":\"ImageObject\",\"inLanguage\":\"fr-FR\",\"@id\":\"https:\/\/www.carmelitaniscalzi.com\/fr\/2017\/02\/14\/adieu-mgr-luna-carme-dechausse-et-eveque-equatorien\/#primaryimage\",\"url\":\"https:\/\/www.carmelitaniscalzi.com\/wp-content\/uploads\/2017\/02\/2Foto.jpg\",\"contentUrl\":\"https:\/\/www.carmelitaniscalzi.com\/wp-content\/uploads\/2017\/02\/2Foto.jpg\",\"width\":675,\"height\":450},{\"@type\":\"BreadcrumbList\",\"@id\":\"https:\/\/www.carmelitaniscalzi.com\/fr\/2017\/02\/14\/adieu-mgr-luna-carme-dechausse-et-eveque-equatorien\/#breadcrumb\",\"itemListElement\":[{\"@type\":\"ListItem\",\"position\":1,\"name\":\"Home\",\"item\":\"https:\/\/www.carmelitaniscalzi.com\/fr\/\"},{\"@type\":\"ListItem\",\"position\":2,\"name\":\"Adieu Mgr Luna, Carme D\u00e9chauss\u00e9 et \u00e9v\u00eaque \u00e9quatorien\"}]},{\"@type\":\"WebSite\",\"@id\":\"https:\/\/www.carmelitaniscalzi.com\/#website\",\"url\":\"https:\/\/www.carmelitaniscalzi.com\/\",\"name\":\"CARMELITANI SCALZI - Curia Generale del Carmelo Teresiano\",\"description\":\"Curie G\u00e9n\u00e9ralice du Carmel D\u00e9chauss\u00e9\",\"publisher\":{\"@id\":\"https:\/\/www.carmelitaniscalzi.com\/#organization\"},\"alternateName\":\"CARMELITANI SCALZI\",\"potentialAction\":[{\"@type\":\"SearchAction\",\"target\":{\"@type\":\"EntryPoint\",\"urlTemplate\":\"https:\/\/www.carmelitaniscalzi.com\/?s={search_term_string}\"},\"query-input\":{\"@type\":\"PropertyValueSpecification\",\"valueRequired\":true,\"valueName\":\"search_term_string\"}}],\"inLanguage\":\"fr-FR\"},{\"@type\":\"Organization\",\"@id\":\"https:\/\/www.carmelitaniscalzi.com\/#organization\",\"name\":\"CARMELITANI SCALZI - Curia Generale del Carmelo Teresiano\",\"url\":\"https:\/\/www.carmelitaniscalzi.com\/\",\"logo\":{\"@type\":\"ImageObject\",\"inLanguage\":\"fr-FR\",\"@id\":\"https:\/\/www.carmelitaniscalzi.com\/#\/schema\/logo\/image\/\",\"url\":\"https:\/\/www.carmelitaniscalzi.com\/wp-content\/uploads\/2025\/11\/login-logo.png\",\"contentUrl\":\"https:\/\/www.carmelitaniscalzi.com\/wp-content\/uploads\/2025\/11\/login-logo.png\",\"width\":256,\"height\":256,\"caption\":\"CARMELITANI SCALZI - Curia Generale del Carmelo Teresiano\"},\"image\":{\"@id\":\"https:\/\/www.carmelitaniscalzi.com\/#\/schema\/logo\/image\/\"},\"sameAs\":[\"https:\/\/www.facebook.com\/Curia-Generalizia-Carmelitani-Scalzi-658766940887784\/\",\"https:\/\/x.com\/ocdcuria\",\"https:\/\/www.youtube.com\/channel\/UC2J5ZL0ycOY0qBSTCLX_NGQ\/videos\",\"https:\/\/www.instagram.com\/ocdinform\/\"]},{\"@type\":\"Person\",\"@id\":\"https:\/\/www.carmelitaniscalzi.com\/#\/schema\/person\/6d1c0d9bea7b6625c437246a5d6da409\",\"name\":\"ocd web master\",\"image\":{\"@type\":\"ImageObject\",\"inLanguage\":\"fr-FR\",\"@id\":\"https:\/\/www.carmelitaniscalzi.com\/#\/schema\/person\/image\/\",\"url\":\"https:\/\/secure.gravatar.com\/avatar\/41fbc5f82bad909fbaf2984c43fa50d8519ac5853e25b454d022b6868f80d0e7?s=96&d=mm&r=g\",\"contentUrl\":\"https:\/\/secure.gravatar.com\/avatar\/41fbc5f82bad909fbaf2984c43fa50d8519ac5853e25b454d022b6868f80d0e7?s=96&d=mm&r=g\",\"caption\":\"ocd web master\"},\"url\":\"https:\/\/www.carmelitaniscalzi.com\/fr\/author\/ocdwebmaster\/\"}]}<\/script>\n<!-- \/ Yoast SEO plugin. -->","yoast_head_json":{"title":"Adieu Mgr Luna, Carme D\u00e9chauss\u00e9 et \u00e9v\u00eaque \u00e9quatorien - CARMES D\u00c9CHAUX","robots":{"index":"index","follow":"follow","max-snippet":"max-snippet:-1","max-image-preview":"max-image-preview:large","max-video-preview":"max-video-preview:-1"},"canonical":"https:\/\/www.carmelitaniscalzi.com\/fr\/2017\/02\/14\/adieu-mgr-luna-carme-dechausse-et-eveque-equatorien\/","og_locale":"fr_FR","og_type":"article","og_title":"Adieu Mgr Luna, Carme D\u00e9chauss\u00e9 et \u00e9v\u00eaque \u00e9quatorien - CARMES D\u00c9CHAUX","og_description":"Le 7 f\u00e9vrier dernier, Mgr Luis Alberto Luna Tobar, carme d\u00e9chauss\u00e9 et archev\u00eaque \u00e9m\u00e9rite\u00a0 de Cuenca est d\u00e9c\u00e9d\u00e9 \u00e0 Quito (Equateur) \u00e0 l\u2019\u00e2ge de 94 ans. Mgr Luna \u00e9tait n\u00e9 le 15 d\u00e9cembre 1923 au sein d\u2019une famille ais\u00e9e de Quito. Il connut le Carmel lors d\u2019une visite \u00e0 la mission de Sucumb\u00edos. Il la [&hellip;]","og_url":"https:\/\/www.carmelitaniscalzi.com\/fr\/2017\/02\/14\/adieu-mgr-luna-carme-dechausse-et-eveque-equatorien\/","og_site_name":"CARMES D\u00c9CHAUX","article_publisher":"https:\/\/www.facebook.com\/Curia-Generalizia-Carmelitani-Scalzi-658766940887784\/","article_published_time":"2017-02-14T08:51:54+00:00","article_modified_time":"2017-02-16T08:53:00+00:00","og_image":[{"width":675,"height":450,"url":"https:\/\/www.carmelitaniscalzi.com\/wp-content\/uploads\/2017\/02\/2Foto.jpg","type":"image\/jpeg"}],"author":"ocd web master","twitter_card":"summary_large_image","twitter_creator":"@ocdcuria","twitter_site":"@ocdcuria","twitter_misc":{"\u00c9crit par":"ocd web master","Dur\u00e9e de lecture estim\u00e9e":"3 minutes"},"schema":{"@context":"https:\/\/schema.org","@graph":[{"@type":"Article","@id":"https:\/\/www.carmelitaniscalzi.com\/fr\/2017\/02\/14\/adieu-mgr-luna-carme-dechausse-et-eveque-equatorien\/#article","isPartOf":{"@id":"https:\/\/www.carmelitaniscalzi.com\/fr\/2017\/02\/14\/adieu-mgr-luna-carme-dechausse-et-eveque-equatorien\/"},"author":{"name":"ocd web master","@id":"https:\/\/www.carmelitaniscalzi.com\/#\/schema\/person\/6d1c0d9bea7b6625c437246a5d6da409"},"headline":"Adieu Mgr Luna, Carme D\u00e9chauss\u00e9 et \u00e9v\u00eaque \u00e9quatorien","datePublished":"2017-02-14T08:51:54+00:00","dateModified":"2017-02-16T08:53:00+00:00","mainEntityOfPage":{"@id":"https:\/\/www.carmelitaniscalzi.com\/fr\/2017\/02\/14\/adieu-mgr-luna-carme-dechausse-et-eveque-equatorien\/"},"wordCount":567,"publisher":{"@id":"https:\/\/www.carmelitaniscalzi.com\/#organization"},"image":{"@id":"https:\/\/www.carmelitaniscalzi.com\/fr\/2017\/02\/14\/adieu-mgr-luna-carme-dechausse-et-eveque-equatorien\/#primaryimage"},"thumbnailUrl":"https:\/\/www.carmelitaniscalzi.com\/wp-content\/uploads\/2017\/02\/2Foto.jpg","articleSection":["Nouvelles Fr\u00e8res","Nouvelles"],"inLanguage":"fr-FR"},{"@type":"WebPage","@id":"https:\/\/www.carmelitaniscalzi.com\/fr\/2017\/02\/14\/adieu-mgr-luna-carme-dechausse-et-eveque-equatorien\/","url":"https:\/\/www.carmelitaniscalzi.com\/fr\/2017\/02\/14\/adieu-mgr-luna-carme-dechausse-et-eveque-equatorien\/","name":"Adieu Mgr Luna, Carme D\u00e9chauss\u00e9 et \u00e9v\u00eaque \u00e9quatorien - CARMES D\u00c9CHAUX","isPartOf":{"@id":"https:\/\/www.carmelitaniscalzi.com\/#website"},"primaryImageOfPage":{"@id":"https:\/\/www.carmelitaniscalzi.com\/fr\/2017\/02\/14\/adieu-mgr-luna-carme-dechausse-et-eveque-equatorien\/#primaryimage"},"image":{"@id":"https:\/\/www.carmelitaniscalzi.com\/fr\/2017\/02\/14\/adieu-mgr-luna-carme-dechausse-et-eveque-equatorien\/#primaryimage"},"thumbnailUrl":"https:\/\/www.carmelitaniscalzi.com\/wp-content\/uploads\/2017\/02\/2Foto.jpg","datePublished":"2017-02-14T08:51:54+00:00","dateModified":"2017-02-16T08:53:00+00:00","breadcrumb":{"@id":"https:\/\/www.carmelitaniscalzi.com\/fr\/2017\/02\/14\/adieu-mgr-luna-carme-dechausse-et-eveque-equatorien\/#breadcrumb"},"inLanguage":"fr-FR","potentialAction":[{"@type":"ReadAction","target":["https:\/\/www.carmelitaniscalzi.com\/fr\/2017\/02\/14\/adieu-mgr-luna-carme-dechausse-et-eveque-equatorien\/"]}]},{"@type":"ImageObject","inLanguage":"fr-FR","@id":"https:\/\/www.carmelitaniscalzi.com\/fr\/2017\/02\/14\/adieu-mgr-luna-carme-dechausse-et-eveque-equatorien\/#primaryimage","url":"https:\/\/www.carmelitaniscalzi.com\/wp-content\/uploads\/2017\/02\/2Foto.jpg","contentUrl":"https:\/\/www.carmelitaniscalzi.com\/wp-content\/uploads\/2017\/02\/2Foto.jpg","width":675,"height":450},{"@type":"BreadcrumbList","@id":"https:\/\/www.carmelitaniscalzi.com\/fr\/2017\/02\/14\/adieu-mgr-luna-carme-dechausse-et-eveque-equatorien\/#breadcrumb","itemListElement":[{"@type":"ListItem","position":1,"name":"Home","item":"https:\/\/www.carmelitaniscalzi.com\/fr\/"},{"@type":"ListItem","position":2,"name":"Adieu Mgr Luna, Carme D\u00e9chauss\u00e9 et \u00e9v\u00eaque \u00e9quatorien"}]},{"@type":"WebSite","@id":"https:\/\/www.carmelitaniscalzi.com\/#website","url":"https:\/\/www.carmelitaniscalzi.com\/","name":"CARMELITANI SCALZI - Curia Generale del Carmelo Teresiano","description":"Curie G\u00e9n\u00e9ralice du Carmel D\u00e9chauss\u00e9","publisher":{"@id":"https:\/\/www.carmelitaniscalzi.com\/#organization"},"alternateName":"CARMELITANI SCALZI","potentialAction":[{"@type":"SearchAction","target":{"@type":"EntryPoint","urlTemplate":"https:\/\/www.carmelitaniscalzi.com\/?s={search_term_string}"},"query-input":{"@type":"PropertyValueSpecification","valueRequired":true,"valueName":"search_term_string"}}],"inLanguage":"fr-FR"},{"@type":"Organization","@id":"https:\/\/www.carmelitaniscalzi.com\/#organization","name":"CARMELITANI SCALZI - Curia Generale del Carmelo Teresiano","url":"https:\/\/www.carmelitaniscalzi.com\/","logo":{"@type":"ImageObject","inLanguage":"fr-FR","@id":"https:\/\/www.carmelitaniscalzi.com\/#\/schema\/logo\/image\/","url":"https:\/\/www.carmelitaniscalzi.com\/wp-content\/uploads\/2025\/11\/login-logo.png","contentUrl":"https:\/\/www.carmelitaniscalzi.com\/wp-content\/uploads\/2025\/11\/login-logo.png","width":256,"height":256,"caption":"CARMELITANI SCALZI - Curia Generale del Carmelo Teresiano"},"image":{"@id":"https:\/\/www.carmelitaniscalzi.com\/#\/schema\/logo\/image\/"},"sameAs":["https:\/\/www.facebook.com\/Curia-Generalizia-Carmelitani-Scalzi-658766940887784\/","https:\/\/x.com\/ocdcuria","https:\/\/www.youtube.com\/channel\/UC2J5ZL0ycOY0qBSTCLX_NGQ\/videos","https:\/\/www.instagram.com\/ocdinform\/"]},{"@type":"Person","@id":"https:\/\/www.carmelitaniscalzi.com\/#\/schema\/person\/6d1c0d9bea7b6625c437246a5d6da409","name":"ocd web master","image":{"@type":"ImageObject","inLanguage":"fr-FR","@id":"https:\/\/www.carmelitaniscalzi.com\/#\/schema\/person\/image\/","url":"https:\/\/secure.gravatar.com\/avatar\/41fbc5f82bad909fbaf2984c43fa50d8519ac5853e25b454d022b6868f80d0e7?s=96&d=mm&r=g","contentUrl":"https:\/\/secure.gravatar.com\/avatar\/41fbc5f82bad909fbaf2984c43fa50d8519ac5853e25b454d022b6868f80d0e7?s=96&d=mm&r=g","caption":"ocd web master"},"url":"https:\/\/www.carmelitaniscalzi.com\/fr\/author\/ocdwebmaster\/"}]}},"_links":{"self":[{"href":"https:\/\/www.carmelitaniscalzi.com\/fr\/wp-json\/wp\/v2\/posts\/13311","targetHints":{"allow":["GET"]}}],"collection":[{"href":"https:\/\/www.carmelitaniscalzi.com\/fr\/wp-json\/wp\/v2\/posts"}],"about":[{"href":"https:\/\/www.carmelitaniscalzi.com\/fr\/wp-json\/wp\/v2\/types\/post"}],"author":[{"embeddable":true,"href":"https:\/\/www.carmelitaniscalzi.com\/fr\/wp-json\/wp\/v2\/users\/7"}],"replies":[{"embeddable":true,"href":"https:\/\/www.carmelitaniscalzi.com\/fr\/wp-json\/wp\/v2\/comments?post=13311"}],"version-history":[{"count":0,"href":"https:\/\/www.carmelitaniscalzi.com\/fr\/wp-json\/wp\/v2\/posts\/13311\/revisions"}],"wp:featuredmedia":[{"embeddable":true,"href":"https:\/\/www.carmelitaniscalzi.com\/fr\/wp-json\/wp\/v2\/media\/13236"}],"wp:attachment":[{"href":"https:\/\/www.carmelitaniscalzi.com\/fr\/wp-json\/wp\/v2\/media?parent=13311"}],"wp:term":[{"taxonomy":"category","embeddable":true,"href":"https:\/\/www.carmelitaniscalzi.com\/fr\/wp-json\/wp\/v2\/categories?post=13311"},{"taxonomy":"post_tag","embeddable":true,"href":"https:\/\/www.carmelitaniscalzi.com\/fr\/wp-json\/wp\/v2\/tags?post=13311"}],"curies":[{"name":"wp","href":"https:\/\/api.w.org\/{rel}","templated":true}]}}