{"id":13297,"date":"2017-02-14T09:19:30","date_gmt":"2017-02-14T08:19:30","guid":{"rendered":"https:\/\/www.carmelitaniscalzi.com\/fr\/?p=13297"},"modified":"2021-05-23T13:57:34","modified_gmt":"2021-05-23T11:57:34","slug":"cause-de-la-canonisation-de-la-soeur-lucia-de-fatima","status":"publish","type":"post","link":"https:\/\/www.carmelitaniscalzi.com\/fr\/2017\/02\/14\/cause-de-la-canonisation-de-la-soeur-lucia-de-fatima\/","title":{"rendered":"Cause de la Canonisation de la Soeur Luc\u00eda de F\u00e1tima"},"content":{"rendered":"<p>Le 13 f\u00e9vrier prochain le dioc\u00e8se de Coimbra (Portugal) conclura la phase dioc\u00e9saine du proc\u00e8s en canonisation de Soeur Lucia Dos Santos (S\u0153ur Lucie), carm\u00e9lite d\u00e9chauss\u00e9e et l&rsquo;une des trois voyantes de Fatima.\u00a0 La cause sera alors examin\u00e9e par la Congr\u00e9gation des Causes des Saints au Vatican.<\/p>\n<p>A cette occasion, apr\u00e8s la c\u00e9r\u00e9monie de cl\u00f4ture, une messe d&rsquo;action de gr\u00e2ce sera c\u00e9l\u00e9br\u00e9e. Cela aura lieu au Carmel de Coimbra. Ensuite un concert sera donn\u00e9 dans la Cath\u00e9drale de la ville;<\/p>\n<p>Soeur Lucia a \u00e9t\u00e9 Carm\u00e9lite D\u00e9chauss\u00e9e pendant 57 ans, et, apr\u00e8s sa mort en 2005, elle a \u00e9t\u00e9 enterr\u00e9e dans la Basilique Notre Dame du Rosaire dans le Sanctuaire de Fatima.<\/p>\n<p><a href=\"https:\/\/www.carmelitaniscalzi.com\/wp-content\/uploads\/2017\/02\/2.jpg\"><img loading=\"lazy\" decoding=\"async\" class=\"alignnone size-medium wp-image-13291\" src=\"https:\/\/www.carmelitaniscalzi.com\/wp-content\/uploads\/2017\/02\/2-300x300.jpg\" alt=\"2\" width=\"300\" height=\"300\" srcset=\"https:\/\/www.carmelitaniscalzi.com\/wp-content\/uploads\/2017\/02\/2-300x300.jpg 300w, https:\/\/www.carmelitaniscalzi.com\/wp-content\/uploads\/2017\/02\/2-150x150.jpg 150w, https:\/\/www.carmelitaniscalzi.com\/wp-content\/uploads\/2017\/02\/2-55x55.jpg 55w, https:\/\/www.carmelitaniscalzi.com\/wp-content\/uploads\/2017\/02\/2-800x800.jpg 800w, https:\/\/www.carmelitaniscalzi.com\/wp-content\/uploads\/2017\/02\/2-580x580.jpg 580w, https:\/\/www.carmelitaniscalzi.com\/wp-content\/uploads\/2017\/02\/2.jpg 900w\" sizes=\"auto, (max-width: 300px) 100vw, 300px\" \/><\/a><\/p>\n","protected":false},"excerpt":{"rendered":"<p>Le 13 f\u00e9vrier prochain le dioc\u00e8se de Coimbra (Portugal) conclura la phase dioc\u00e9saine du proc\u00e8s en canonisation de Soeur Lucia Dos Santos (S\u0153ur Lucie), carm\u00e9lite d\u00e9chauss\u00e9e et l&rsquo;une des trois voyantes de Fatima.\u00a0 La cause sera alors examin\u00e9e par la Congr\u00e9gation des Causes des Saints au Vatican. A cette occasion, apr\u00e8s la c\u00e9r\u00e9monie de cl\u00f4ture, [&hellip;]<\/p>\n","protected":false},"author":7,"featured_media":13290,"comment_status":"closed","ping_status":"closed","sticky":false,"template":"","format":"standard","meta":{"_acf_changed":false,"footnotes":""},"categories":[266,370],"tags":[],"class_list":["post-13297","post","type-post","status-publish","format-standard","has-post-thumbnail","hentry","category-nouvelles-postulation-fr","category-nouvelles"],"acf":[],"yoast_head":"<!-- This site is optimized with the Yoast SEO plugin v26.3 - https:\/\/yoast.com\/wordpress\/plugins\/seo\/ -->\n<title>Cause de la Canonisation de la Soeur Luc\u00eda de F\u00e1tima - CARMES D\u00c9CHAUX<\/title>\n<meta name=\"robots\" content=\"index, follow, max-snippet:-1, max-image-preview:large, max-video-preview:-1\" \/>\n<link rel=\"canonical\" href=\"https:\/\/www.carmelitaniscalzi.com\/fr\/2017\/02\/14\/cause-de-la-canonisation-de-la-soeur-lucia-de-fatima\/\" \/>\n<meta property=\"og:locale\" content=\"fr_FR\" \/>\n<meta property=\"og:type\" content=\"article\" \/>\n<meta property=\"og:title\" content=\"Cause de la Canonisation de la Soeur Luc\u00eda de F\u00e1tima - CARMES D\u00c9CHAUX\" \/>\n<meta property=\"og:description\" content=\"Le 13 f\u00e9vrier prochain le dioc\u00e8se de Coimbra (Portugal) conclura la phase dioc\u00e9saine du proc\u00e8s en canonisation de Soeur Lucia Dos Santos (S\u0153ur Lucie), carm\u00e9lite d\u00e9chauss\u00e9e et l&rsquo;une des trois voyantes de Fatima.\u00a0 La cause sera alors examin\u00e9e par la Congr\u00e9gation des Causes des Saints au Vatican. A cette occasion, apr\u00e8s la c\u00e9r\u00e9monie de cl\u00f4ture, [&hellip;]\" \/>\n<meta property=\"og:url\" content=\"https:\/\/www.carmelitaniscalzi.com\/fr\/2017\/02\/14\/cause-de-la-canonisation-de-la-soeur-lucia-de-fatima\/\" \/>\n<meta property=\"og:site_name\" content=\"CARMES D\u00c9CHAUX\" \/>\n<meta property=\"article:publisher\" content=\"https:\/\/www.facebook.com\/Curia-Generalizia-Carmelitani-Scalzi-658766940887784\/\" \/>\n<meta property=\"article:published_time\" content=\"2017-02-14T08:19:30+00:00\" \/>\n<meta property=\"article:modified_time\" content=\"2021-05-23T11:57:34+00:00\" \/>\n<meta property=\"og:image\" content=\"https:\/\/www.carmelitaniscalzi.com\/wp-content\/uploads\/2017\/02\/1.png\" \/>\n\t<meta property=\"og:image:width\" content=\"334\" \/>\n\t<meta property=\"og:image:height\" content=\"268\" \/>\n\t<meta property=\"og:image:type\" content=\"image\/png\" \/>\n<meta name=\"author\" content=\"ocd web master\" \/>\n<meta name=\"twitter:card\" content=\"summary_large_image\" \/>\n<meta name=\"twitter:creator\" content=\"@ocdcuria\" \/>\n<meta name=\"twitter:site\" content=\"@ocdcuria\" \/>\n<meta name=\"twitter:label1\" content=\"\u00c9crit par\" \/>\n\t<meta name=\"twitter:data1\" content=\"ocd web master\" \/>\n\t<meta name=\"twitter:label2\" content=\"Dur\u00e9e de lecture estim\u00e9e\" \/>\n\t<meta name=\"twitter:data2\" content=\"1 minute\" \/>\n<script type=\"application\/ld+json\" class=\"yoast-schema-graph\">{\"@context\":\"https:\/\/schema.org\",\"@graph\":[{\"@type\":\"Article\",\"@id\":\"https:\/\/www.carmelitaniscalzi.com\/fr\/2017\/02\/14\/cause-de-la-canonisation-de-la-soeur-lucia-de-fatima\/#article\",\"isPartOf\":{\"@id\":\"https:\/\/www.carmelitaniscalzi.com\/fr\/2017\/02\/14\/cause-de-la-canonisation-de-la-soeur-lucia-de-fatima\/\"},\"author\":{\"name\":\"ocd web master\",\"@id\":\"https:\/\/www.carmelitaniscalzi.com\/#\/schema\/person\/6d1c0d9bea7b6625c437246a5d6da409\"},\"headline\":\"Cause de la Canonisation de la Soeur Luc\u00eda de F\u00e1tima\",\"datePublished\":\"2017-02-14T08:19:30+00:00\",\"dateModified\":\"2021-05-23T11:57:34+00:00\",\"mainEntityOfPage\":{\"@id\":\"https:\/\/www.carmelitaniscalzi.com\/fr\/2017\/02\/14\/cause-de-la-canonisation-de-la-soeur-lucia-de-fatima\/\"},\"wordCount\":146,\"publisher\":{\"@id\":\"https:\/\/www.carmelitaniscalzi.com\/#organization\"},\"image\":{\"@id\":\"https:\/\/www.carmelitaniscalzi.com\/fr\/2017\/02\/14\/cause-de-la-canonisation-de-la-soeur-lucia-de-fatima\/#primaryimage\"},\"thumbnailUrl\":\"https:\/\/www.carmelitaniscalzi.com\/wp-content\/uploads\/2017\/02\/1.png\",\"articleSection\":[\"Nouvelles Postulation\",\"Nouvelles\"],\"inLanguage\":\"fr-FR\"},{\"@type\":\"WebPage\",\"@id\":\"https:\/\/www.carmelitaniscalzi.com\/fr\/2017\/02\/14\/cause-de-la-canonisation-de-la-soeur-lucia-de-fatima\/\",\"url\":\"https:\/\/www.carmelitaniscalzi.com\/fr\/2017\/02\/14\/cause-de-la-canonisation-de-la-soeur-lucia-de-fatima\/\",\"name\":\"Cause de la Canonisation de la Soeur Luc\u00eda de F\u00e1tima - CARMES D\u00c9CHAUX\",\"isPartOf\":{\"@id\":\"https:\/\/www.carmelitaniscalzi.com\/#website\"},\"primaryImageOfPage\":{\"@id\":\"https:\/\/www.carmelitaniscalzi.com\/fr\/2017\/02\/14\/cause-de-la-canonisation-de-la-soeur-lucia-de-fatima\/#primaryimage\"},\"image\":{\"@id\":\"https:\/\/www.carmelitaniscalzi.com\/fr\/2017\/02\/14\/cause-de-la-canonisation-de-la-soeur-lucia-de-fatima\/#primaryimage\"},\"thumbnailUrl\":\"https:\/\/www.carmelitaniscalzi.com\/wp-content\/uploads\/2017\/02\/1.png\",\"datePublished\":\"2017-02-14T08:19:30+00:00\",\"dateModified\":\"2021-05-23T11:57:34+00:00\",\"breadcrumb\":{\"@id\":\"https:\/\/www.carmelitaniscalzi.com\/fr\/2017\/02\/14\/cause-de-la-canonisation-de-la-soeur-lucia-de-fatima\/#breadcrumb\"},\"inLanguage\":\"fr-FR\",\"potentialAction\":[{\"@type\":\"ReadAction\",\"target\":[\"https:\/\/www.carmelitaniscalzi.com\/fr\/2017\/02\/14\/cause-de-la-canonisation-de-la-soeur-lucia-de-fatima\/\"]}]},{\"@type\":\"ImageObject\",\"inLanguage\":\"fr-FR\",\"@id\":\"https:\/\/www.carmelitaniscalzi.com\/fr\/2017\/02\/14\/cause-de-la-canonisation-de-la-soeur-lucia-de-fatima\/#primaryimage\",\"url\":\"https:\/\/www.carmelitaniscalzi.com\/wp-content\/uploads\/2017\/02\/1.png\",\"contentUrl\":\"https:\/\/www.carmelitaniscalzi.com\/wp-content\/uploads\/2017\/02\/1.png\",\"width\":334,\"height\":268},{\"@type\":\"BreadcrumbList\",\"@id\":\"https:\/\/www.carmelitaniscalzi.com\/fr\/2017\/02\/14\/cause-de-la-canonisation-de-la-soeur-lucia-de-fatima\/#breadcrumb\",\"itemListElement\":[{\"@type\":\"ListItem\",\"position\":1,\"name\":\"Home\",\"item\":\"https:\/\/www.carmelitaniscalzi.com\/fr\/\"},{\"@type\":\"ListItem\",\"position\":2,\"name\":\"Cause de la Canonisation de la Soeur Luc\u00eda de F\u00e1tima\"}]},{\"@type\":\"WebSite\",\"@id\":\"https:\/\/www.carmelitaniscalzi.com\/#website\",\"url\":\"https:\/\/www.carmelitaniscalzi.com\/\",\"name\":\"CARMELITANI SCALZI - Curia Generale del Carmelo Teresiano\",\"description\":\"Curie G\u00e9n\u00e9ralice du Carmel D\u00e9chauss\u00e9\",\"publisher\":{\"@id\":\"https:\/\/www.carmelitaniscalzi.com\/#organization\"},\"alternateName\":\"CARMELITANI SCALZI\",\"potentialAction\":[{\"@type\":\"SearchAction\",\"target\":{\"@type\":\"EntryPoint\",\"urlTemplate\":\"https:\/\/www.carmelitaniscalzi.com\/?s={search_term_string}\"},\"query-input\":{\"@type\":\"PropertyValueSpecification\",\"valueRequired\":true,\"valueName\":\"search_term_string\"}}],\"inLanguage\":\"fr-FR\"},{\"@type\":\"Organization\",\"@id\":\"https:\/\/www.carmelitaniscalzi.com\/#organization\",\"name\":\"CARMELITANI SCALZI - Curia Generale del Carmelo Teresiano\",\"url\":\"https:\/\/www.carmelitaniscalzi.com\/\",\"logo\":{\"@type\":\"ImageObject\",\"inLanguage\":\"fr-FR\",\"@id\":\"https:\/\/www.carmelitaniscalzi.com\/#\/schema\/logo\/image\/\",\"url\":\"https:\/\/www.carmelitaniscalzi.com\/wp-content\/uploads\/2025\/11\/login-logo.png\",\"contentUrl\":\"https:\/\/www.carmelitaniscalzi.com\/wp-content\/uploads\/2025\/11\/login-logo.png\",\"width\":256,\"height\":256,\"caption\":\"CARMELITANI SCALZI - Curia Generale del Carmelo Teresiano\"},\"image\":{\"@id\":\"https:\/\/www.carmelitaniscalzi.com\/#\/schema\/logo\/image\/\"},\"sameAs\":[\"https:\/\/www.facebook.com\/Curia-Generalizia-Carmelitani-Scalzi-658766940887784\/\",\"https:\/\/x.com\/ocdcuria\",\"https:\/\/www.youtube.com\/channel\/UC2J5ZL0ycOY0qBSTCLX_NGQ\/videos\",\"https:\/\/www.instagram.com\/ocdinform\/\"]},{\"@type\":\"Person\",\"@id\":\"https:\/\/www.carmelitaniscalzi.com\/#\/schema\/person\/6d1c0d9bea7b6625c437246a5d6da409\",\"name\":\"ocd web master\",\"image\":{\"@type\":\"ImageObject\",\"inLanguage\":\"fr-FR\",\"@id\":\"https:\/\/www.carmelitaniscalzi.com\/#\/schema\/person\/image\/\",\"url\":\"https:\/\/secure.gravatar.com\/avatar\/41fbc5f82bad909fbaf2984c43fa50d8519ac5853e25b454d022b6868f80d0e7?s=96&d=mm&r=g\",\"contentUrl\":\"https:\/\/secure.gravatar.com\/avatar\/41fbc5f82bad909fbaf2984c43fa50d8519ac5853e25b454d022b6868f80d0e7?s=96&d=mm&r=g\",\"caption\":\"ocd web master\"},\"url\":\"https:\/\/www.carmelitaniscalzi.com\/fr\/author\/ocdwebmaster\/\"}]}<\/script>\n<!-- \/ Yoast SEO plugin. -->","yoast_head_json":{"title":"Cause de la Canonisation de la Soeur Luc\u00eda de F\u00e1tima - CARMES D\u00c9CHAUX","robots":{"index":"index","follow":"follow","max-snippet":"max-snippet:-1","max-image-preview":"max-image-preview:large","max-video-preview":"max-video-preview:-1"},"canonical":"https:\/\/www.carmelitaniscalzi.com\/fr\/2017\/02\/14\/cause-de-la-canonisation-de-la-soeur-lucia-de-fatima\/","og_locale":"fr_FR","og_type":"article","og_title":"Cause de la Canonisation de la Soeur Luc\u00eda de F\u00e1tima - CARMES D\u00c9CHAUX","og_description":"Le 13 f\u00e9vrier prochain le dioc\u00e8se de Coimbra (Portugal) conclura la phase dioc\u00e9saine du proc\u00e8s en canonisation de Soeur Lucia Dos Santos (S\u0153ur Lucie), carm\u00e9lite d\u00e9chauss\u00e9e et l&rsquo;une des trois voyantes de Fatima.\u00a0 La cause sera alors examin\u00e9e par la Congr\u00e9gation des Causes des Saints au Vatican. A cette occasion, apr\u00e8s la c\u00e9r\u00e9monie de cl\u00f4ture, [&hellip;]","og_url":"https:\/\/www.carmelitaniscalzi.com\/fr\/2017\/02\/14\/cause-de-la-canonisation-de-la-soeur-lucia-de-fatima\/","og_site_name":"CARMES D\u00c9CHAUX","article_publisher":"https:\/\/www.facebook.com\/Curia-Generalizia-Carmelitani-Scalzi-658766940887784\/","article_published_time":"2017-02-14T08:19:30+00:00","article_modified_time":"2021-05-23T11:57:34+00:00","og_image":[{"width":334,"height":268,"url":"https:\/\/www.carmelitaniscalzi.com\/wp-content\/uploads\/2017\/02\/1.png","type":"image\/png"}],"author":"ocd web master","twitter_card":"summary_large_image","twitter_creator":"@ocdcuria","twitter_site":"@ocdcuria","twitter_misc":{"\u00c9crit par":"ocd web master","Dur\u00e9e de lecture estim\u00e9e":"1 minute"},"schema":{"@context":"https:\/\/schema.org","@graph":[{"@type":"Article","@id":"https:\/\/www.carmelitaniscalzi.com\/fr\/2017\/02\/14\/cause-de-la-canonisation-de-la-soeur-lucia-de-fatima\/#article","isPartOf":{"@id":"https:\/\/www.carmelitaniscalzi.com\/fr\/2017\/02\/14\/cause-de-la-canonisation-de-la-soeur-lucia-de-fatima\/"},"author":{"name":"ocd web master","@id":"https:\/\/www.carmelitaniscalzi.com\/#\/schema\/person\/6d1c0d9bea7b6625c437246a5d6da409"},"headline":"Cause de la Canonisation de la Soeur Luc\u00eda de F\u00e1tima","datePublished":"2017-02-14T08:19:30+00:00","dateModified":"2021-05-23T11:57:34+00:00","mainEntityOfPage":{"@id":"https:\/\/www.carmelitaniscalzi.com\/fr\/2017\/02\/14\/cause-de-la-canonisation-de-la-soeur-lucia-de-fatima\/"},"wordCount":146,"publisher":{"@id":"https:\/\/www.carmelitaniscalzi.com\/#organization"},"image":{"@id":"https:\/\/www.carmelitaniscalzi.com\/fr\/2017\/02\/14\/cause-de-la-canonisation-de-la-soeur-lucia-de-fatima\/#primaryimage"},"thumbnailUrl":"https:\/\/www.carmelitaniscalzi.com\/wp-content\/uploads\/2017\/02\/1.png","articleSection":["Nouvelles Postulation","Nouvelles"],"inLanguage":"fr-FR"},{"@type":"WebPage","@id":"https:\/\/www.carmelitaniscalzi.com\/fr\/2017\/02\/14\/cause-de-la-canonisation-de-la-soeur-lucia-de-fatima\/","url":"https:\/\/www.carmelitaniscalzi.com\/fr\/2017\/02\/14\/cause-de-la-canonisation-de-la-soeur-lucia-de-fatima\/","name":"Cause de la Canonisation de la Soeur Luc\u00eda de F\u00e1tima - CARMES D\u00c9CHAUX","isPartOf":{"@id":"https:\/\/www.carmelitaniscalzi.com\/#website"},"primaryImageOfPage":{"@id":"https:\/\/www.carmelitaniscalzi.com\/fr\/2017\/02\/14\/cause-de-la-canonisation-de-la-soeur-lucia-de-fatima\/#primaryimage"},"image":{"@id":"https:\/\/www.carmelitaniscalzi.com\/fr\/2017\/02\/14\/cause-de-la-canonisation-de-la-soeur-lucia-de-fatima\/#primaryimage"},"thumbnailUrl":"https:\/\/www.carmelitaniscalzi.com\/wp-content\/uploads\/2017\/02\/1.png","datePublished":"2017-02-14T08:19:30+00:00","dateModified":"2021-05-23T11:57:34+00:00","breadcrumb":{"@id":"https:\/\/www.carmelitaniscalzi.com\/fr\/2017\/02\/14\/cause-de-la-canonisation-de-la-soeur-lucia-de-fatima\/#breadcrumb"},"inLanguage":"fr-FR","potentialAction":[{"@type":"ReadAction","target":["https:\/\/www.carmelitaniscalzi.com\/fr\/2017\/02\/14\/cause-de-la-canonisation-de-la-soeur-lucia-de-fatima\/"]}]},{"@type":"ImageObject","inLanguage":"fr-FR","@id":"https:\/\/www.carmelitaniscalzi.com\/fr\/2017\/02\/14\/cause-de-la-canonisation-de-la-soeur-lucia-de-fatima\/#primaryimage","url":"https:\/\/www.carmelitaniscalzi.com\/wp-content\/uploads\/2017\/02\/1.png","contentUrl":"https:\/\/www.carmelitaniscalzi.com\/wp-content\/uploads\/2017\/02\/1.png","width":334,"height":268},{"@type":"BreadcrumbList","@id":"https:\/\/www.carmelitaniscalzi.com\/fr\/2017\/02\/14\/cause-de-la-canonisation-de-la-soeur-lucia-de-fatima\/#breadcrumb","itemListElement":[{"@type":"ListItem","position":1,"name":"Home","item":"https:\/\/www.carmelitaniscalzi.com\/fr\/"},{"@type":"ListItem","position":2,"name":"Cause de la Canonisation de la Soeur Luc\u00eda de F\u00e1tima"}]},{"@type":"WebSite","@id":"https:\/\/www.carmelitaniscalzi.com\/#website","url":"https:\/\/www.carmelitaniscalzi.com\/","name":"CARMELITANI SCALZI - Curia Generale del Carmelo Teresiano","description":"Curie G\u00e9n\u00e9ralice du Carmel D\u00e9chauss\u00e9","publisher":{"@id":"https:\/\/www.carmelitaniscalzi.com\/#organization"},"alternateName":"CARMELITANI SCALZI","potentialAction":[{"@type":"SearchAction","target":{"@type":"EntryPoint","urlTemplate":"https:\/\/www.carmelitaniscalzi.com\/?s={search_term_string}"},"query-input":{"@type":"PropertyValueSpecification","valueRequired":true,"valueName":"search_term_string"}}],"inLanguage":"fr-FR"},{"@type":"Organization","@id":"https:\/\/www.carmelitaniscalzi.com\/#organization","name":"CARMELITANI SCALZI - Curia Generale del Carmelo Teresiano","url":"https:\/\/www.carmelitaniscalzi.com\/","logo":{"@type":"ImageObject","inLanguage":"fr-FR","@id":"https:\/\/www.carmelitaniscalzi.com\/#\/schema\/logo\/image\/","url":"https:\/\/www.carmelitaniscalzi.com\/wp-content\/uploads\/2025\/11\/login-logo.png","contentUrl":"https:\/\/www.carmelitaniscalzi.com\/wp-content\/uploads\/2025\/11\/login-logo.png","width":256,"height":256,"caption":"CARMELITANI SCALZI - Curia Generale del Carmelo Teresiano"},"image":{"@id":"https:\/\/www.carmelitaniscalzi.com\/#\/schema\/logo\/image\/"},"sameAs":["https:\/\/www.facebook.com\/Curia-Generalizia-Carmelitani-Scalzi-658766940887784\/","https:\/\/x.com\/ocdcuria","https:\/\/www.youtube.com\/channel\/UC2J5ZL0ycOY0qBSTCLX_NGQ\/videos","https:\/\/www.instagram.com\/ocdinform\/"]},{"@type":"Person","@id":"https:\/\/www.carmelitaniscalzi.com\/#\/schema\/person\/6d1c0d9bea7b6625c437246a5d6da409","name":"ocd web master","image":{"@type":"ImageObject","inLanguage":"fr-FR","@id":"https:\/\/www.carmelitaniscalzi.com\/#\/schema\/person\/image\/","url":"https:\/\/secure.gravatar.com\/avatar\/41fbc5f82bad909fbaf2984c43fa50d8519ac5853e25b454d022b6868f80d0e7?s=96&d=mm&r=g","contentUrl":"https:\/\/secure.gravatar.com\/avatar\/41fbc5f82bad909fbaf2984c43fa50d8519ac5853e25b454d022b6868f80d0e7?s=96&d=mm&r=g","caption":"ocd web master"},"url":"https:\/\/www.carmelitaniscalzi.com\/fr\/author\/ocdwebmaster\/"}]}},"_links":{"self":[{"href":"https:\/\/www.carmelitaniscalzi.com\/fr\/wp-json\/wp\/v2\/posts\/13297","targetHints":{"allow":["GET"]}}],"collection":[{"href":"https:\/\/www.carmelitaniscalzi.com\/fr\/wp-json\/wp\/v2\/posts"}],"about":[{"href":"https:\/\/www.carmelitaniscalzi.com\/fr\/wp-json\/wp\/v2\/types\/post"}],"author":[{"embeddable":true,"href":"https:\/\/www.carmelitaniscalzi.com\/fr\/wp-json\/wp\/v2\/users\/7"}],"replies":[{"embeddable":true,"href":"https:\/\/www.carmelitaniscalzi.com\/fr\/wp-json\/wp\/v2\/comments?post=13297"}],"version-history":[{"count":0,"href":"https:\/\/www.carmelitaniscalzi.com\/fr\/wp-json\/wp\/v2\/posts\/13297\/revisions"}],"wp:featuredmedia":[{"embeddable":true,"href":"https:\/\/www.carmelitaniscalzi.com\/fr\/wp-json\/wp\/v2\/media\/13290"}],"wp:attachment":[{"href":"https:\/\/www.carmelitaniscalzi.com\/fr\/wp-json\/wp\/v2\/media?parent=13297"}],"wp:term":[{"taxonomy":"category","embeddable":true,"href":"https:\/\/www.carmelitaniscalzi.com\/fr\/wp-json\/wp\/v2\/categories?post=13297"},{"taxonomy":"post_tag","embeddable":true,"href":"https:\/\/www.carmelitaniscalzi.com\/fr\/wp-json\/wp\/v2\/tags?post=13297"}],"curies":[{"name":"wp","href":"https:\/\/api.w.org\/{rel}","templated":true}]}}