{"id":103592,"date":"2021-12-15T04:22:02","date_gmt":"2021-12-15T03:22:02","guid":{"rendered":"https:\/\/www.carmelitaniscalzi.com\/?p=103592"},"modified":"2021-12-17T04:24:34","modified_gmt":"2021-12-17T03:24:34","slug":"retraite-en-ligne-avec-les-carmes-dechaux-debut-24-novembre-2021","status":"publish","type":"post","link":"https:\/\/www.carmelitaniscalzi.com\/fr\/2021\/12\/15\/retraite-en-ligne-avec-les-carmes-dechaux-debut-24-novembre-2021\/","title":{"rendered":"RETRAITE EN LIGNE avec les Carmes D\u00e9chaux D\u00e9but : 24 novembre 2021"},"content":{"rendered":"<p>Pr\u00e9parez-vous \u00e0 vivre le No\u00ebl avec les Carmes D\u00e9chaux. Depuis 2011, les Carmes D\u00e9chaux proposent des retraites en ligne pour vous aider \u00e0 pr\u00e9parer les deux grandes solennit\u00e9s liturgiques de l&rsquo;ann\u00e9e : No\u00ebl et P\u00e2ques. Aujourd&rsquo;hui, plus de 81 000 personnes suivent ces retraites en 11 langues : fran\u00e7ais, anglais, espagnol, portugais, italien, allemand, polonais, roumain, n\u00e9erlandais, tch\u00e8que et indon\u00e9sien.<\/p>\n<p>Apr\u00e8s une introduction \u00e0 la retraite, envoy\u00e9e le mercredi 24 novembre, vous recevrez un courriel hebdomadaire chaque vendredi. Vous pourrez t\u00e9l\u00e9charger le contenu de la semaine au format Word ou PDF (version ordinateur ou mobile).<\/p>\n<p>Les deux figures qui inspirent cette retraite sont Sainte Th\u00e9r\u00e8se de l&rsquo;Enfant-J\u00e9sus (1873-1897) et Maria Montessori (1870-1952). Toutes deux sont des docteurs. La premi\u00e8re conduit l&rsquo;\u00c9glise vers l&rsquo;enfance spirituelle et la seconde conduit les enfants vers l&rsquo;\u00c9glise. Femmes, proph\u00e8tes, elles se sont nourries \u00e0 la m\u00eame source : l\u2019\u00c9vangile. Par leurs voix, Dieu soul\u00e8ve le voile myst\u00e9rieux de son Visage comme un enfant. Chaque semaine vous recevrez\u00a0:<\/p>\n<p>\u25a0 une m\u00e9ditation bas\u00e9e sur l&rsquo;\u00c9vangile et des textes de Sainte Th\u00e9r\u00e8se de l&rsquo;Enfant-J\u00e9sus et de Maria Montessori ;<\/p>\n<p>\u25a0 une courte vid\u00e9o pour mieux accueillir l&rsquo;\u00c9vangile ;<\/p>\n<p>\u25a0 des conseils concrets pour le mettre en pratique ;<\/p>\n<p>\u25a0 le calendrier de l&rsquo;Avent pour la pri\u00e8re quotidienne.<\/p>\n<p>Si vous ne l&rsquo;avez pas encore fait, nous vous invitons \u00e0 vous inscrire gratuitement (en choisissant votre langue)\u00a0: <a href=\"http:\/\/www.webretiro.karmel.at\">www.webretiro.karmel.at<\/a> .<\/p>\n<p>Bonne retraite !<\/p>\n<p>&nbsp;<\/p>\n<div class=\"wpmf-gallerys wpmf-gallerys-life \" ><div id=\"gallery-1\"\n data-gutter-width=\"5\"\n  data-wpmfcolumns=\"5\" class=\"wpmf-gallery gallery-link-file gallery_life gallery-masonry gallery-columns-5 gallery-size-thumbnail wpmf-gallery-bottomspace-default wpmf-gallery-clear wpmf-has-border-radius-0 wpmf-gutterwidth-5\"><div class=\"wpmf-gallery-item\n     wpmf-gallery-item-position-0 wpmf-gallery-item-attachment-103548\" data-index=\"0\"><div class=\"wpmf-gallery-icon\"><a class=\" not_video noLightbox\" data-lightbox=\"1\" data-href=\"https:\/\/www.carmelitaniscalzi.com\/wp-content\/uploads\/2021\/12\/251593772_4472664196164687_198432313672408980_n.jpg\" title=\"251593772_4472664196164687_198432313672408980_n\" target=\"_self\" data-index=\"0\"><img decoding=\"async\" class=\"wpmf_img\" alt=\"251593772_4472664196164687_198432313672408980_n\" src=\"https:\/\/www.carmelitaniscalzi.com\/wp-content\/uploads\/2021\/12\/251593772_4472664196164687_198432313672408980_n-150x150.jpg\" data-type=\"wpmfgalleryimg\" data-lazy-src=\"https:\/\/www.carmelitaniscalzi.com\/wp-content\/uploads\/2021\/12\/251593772_4472664196164687_198432313672408980_n-150x150.jpg\"><\/a><\/div><\/div><div class=\"wpmf-gallery-item\n     wpmf-gallery-item-position-1 wpmf-gallery-item-attachment-103572\" data-index=\"1\"><div class=\"wpmf-gallery-icon\"><a class=\" not_video noLightbox\" data-lightbox=\"1\" data-href=\"https:\/\/www.carmelitaniscalzi.com\/wp-content\/uploads\/2021\/12\/mariamontessori-735x1024.jpg\" title=\"mariamontessori\" target=\"_self\" data-index=\"1\"><img decoding=\"async\" class=\"wpmf_img\" alt=\"mariamontessori\" src=\"https:\/\/www.carmelitaniscalzi.com\/wp-content\/uploads\/2021\/12\/mariamontessori-150x150.jpg\" data-type=\"wpmfgalleryimg\" data-lazy-src=\"https:\/\/www.carmelitaniscalzi.com\/wp-content\/uploads\/2021\/12\/mariamontessori-150x150.jpg\"><\/a><\/div><\/div><div class=\"wpmf-gallery-item\n     wpmf-gallery-item-position-2 wpmf-gallery-item-attachment-103566\" data-index=\"2\"><div class=\"wpmf-gallery-icon\"><a class=\" not_video noLightbox\" data-lightbox=\"1\" data-href=\"https:\/\/www.carmelitaniscalzi.com\/wp-content\/uploads\/2021\/12\/maria-montessori-rome-children-1913-1024x683.jpeg\" title=\"maria-montessori-rome-children-1913\" target=\"_self\" data-index=\"2\"><img decoding=\"async\" class=\"wpmf_img\" alt=\"maria-montessori-rome-children-1913\" src=\"https:\/\/www.carmelitaniscalzi.com\/wp-content\/uploads\/2021\/12\/maria-montessori-rome-children-1913-150x150.jpeg\" data-type=\"wpmfgalleryimg\" data-lazy-src=\"https:\/\/www.carmelitaniscalzi.com\/wp-content\/uploads\/2021\/12\/maria-montessori-rome-children-1913-150x150.jpeg\"><\/a><\/div><\/div><div class=\"wpmf-gallery-item\n     wpmf-gallery-item-position-3 wpmf-gallery-item-attachment-103560\" data-index=\"3\"><div class=\"wpmf-gallery-icon\"><a class=\" not_video noLightbox\" data-lightbox=\"1\" data-href=\"https:\/\/www.carmelitaniscalzi.com\/wp-content\/uploads\/2021\/12\/maria-montessori-1598957596.jpg\" title=\"maria-montessori-1598957596\" target=\"_self\" data-index=\"3\"><img decoding=\"async\" class=\"wpmf_img\" alt=\"maria-montessori-1598957596\" src=\"https:\/\/www.carmelitaniscalzi.com\/wp-content\/uploads\/2021\/12\/maria-montessori-1598957596-150x150.jpg\" data-type=\"wpmfgalleryimg\" data-lazy-src=\"https:\/\/www.carmelitaniscalzi.com\/wp-content\/uploads\/2021\/12\/maria-montessori-1598957596-150x150.jpg\"><\/a><\/div><\/div><div class=\"wpmf-gallery-item\n     wpmf-gallery-item-position-4 wpmf-gallery-item-attachment-103542\" data-index=\"4\"><div class=\"wpmf-gallery-icon\"><a class=\" not_video noLightbox\" data-lightbox=\"1\" data-href=\"https:\/\/www.carmelitaniscalzi.com\/wp-content\/uploads\/2021\/12\/09-Maria-Montessori-with-Children_0_0_0_0-742x1024.jpg\" title=\"09-Maria-Montessori-with-Children_0_0_0_0\" target=\"_self\" data-index=\"4\"><img decoding=\"async\" class=\"wpmf_img\" alt=\"09-Maria-Montessori-with-Children_0_0_0_0\" src=\"https:\/\/www.carmelitaniscalzi.com\/wp-content\/uploads\/2021\/12\/09-Maria-Montessori-with-Children_0_0_0_0-150x150.jpg\" data-type=\"wpmfgalleryimg\" data-lazy-src=\"https:\/\/www.carmelitaniscalzi.com\/wp-content\/uploads\/2021\/12\/09-Maria-Montessori-with-Children_0_0_0_0-150x150.jpg\"><\/a><\/div><\/div><\/div><\/div>\n\n","protected":false},"excerpt":{"rendered":"<p>Pr\u00e9parez-vous \u00e0 vivre le No\u00ebl avec les Carmes D\u00e9chaux. Depuis 2011, les Carmes D\u00e9chaux proposent des retraites en ligne pour vous aider \u00e0 pr\u00e9parer les deux grandes solennit\u00e9s liturgiques de l&rsquo;ann\u00e9e : No\u00ebl et P\u00e2ques. Aujourd&rsquo;hui, plus de 81 000 personnes suivent ces retraites en 11 langues : fran\u00e7ais, anglais, espagnol, portugais, italien, allemand, polonais, [&hellip;]<\/p>\n","protected":false},"author":7,"featured_media":103554,"comment_status":"closed","ping_status":"open","sticky":false,"template":"","format":"standard","meta":{"_acf_changed":false,"footnotes":""},"categories":[200,201,203,261,370],"tags":[],"class_list":["post-103592","post","type-post","status-publish","format-standard","has-post-thumbnail","hentry","category-nouvelles-formation","category-nouvelles-freres","category-nouvelles-moniales","category-nouvelles-ocds","category-nouvelles"],"acf":[],"yoast_head":"<!-- This site is optimized with the Yoast SEO plugin v26.3 - https:\/\/yoast.com\/wordpress\/plugins\/seo\/ -->\n<title>RETRAITE EN LIGNE avec les Carmes D\u00e9chaux D\u00e9but : 24 novembre 2021 - CARMES D\u00c9CHAUX<\/title>\n<meta name=\"robots\" content=\"index, follow, max-snippet:-1, max-image-preview:large, max-video-preview:-1\" \/>\n<link rel=\"canonical\" href=\"https:\/\/www.carmelitaniscalzi.com\/fr\/2021\/12\/15\/retraite-en-ligne-avec-les-carmes-dechaux-debut-24-novembre-2021\/\" \/>\n<meta property=\"og:locale\" content=\"fr_FR\" \/>\n<meta property=\"og:type\" content=\"article\" \/>\n<meta property=\"og:title\" content=\"RETRAITE EN LIGNE avec les Carmes D\u00e9chaux D\u00e9but : 24 novembre 2021 - CARMES D\u00c9CHAUX\" \/>\n<meta property=\"og:description\" content=\"Pr\u00e9parez-vous \u00e0 vivre le No\u00ebl avec les Carmes D\u00e9chaux. Depuis 2011, les Carmes D\u00e9chaux proposent des retraites en ligne pour vous aider \u00e0 pr\u00e9parer les deux grandes solennit\u00e9s liturgiques de l&rsquo;ann\u00e9e : No\u00ebl et P\u00e2ques. Aujourd&rsquo;hui, plus de 81 000 personnes suivent ces retraites en 11 langues : fran\u00e7ais, anglais, espagnol, portugais, italien, allemand, polonais, [&hellip;]\" \/>\n<meta property=\"og:url\" content=\"https:\/\/www.carmelitaniscalzi.com\/fr\/2021\/12\/15\/retraite-en-ligne-avec-les-carmes-dechaux-debut-24-novembre-2021\/\" \/>\n<meta property=\"og:site_name\" content=\"CARMES D\u00c9CHAUX\" \/>\n<meta property=\"article:publisher\" content=\"https:\/\/www.facebook.com\/Curia-Generalizia-Carmelitani-Scalzi-658766940887784\/\" \/>\n<meta property=\"article:published_time\" content=\"2021-12-15T03:22:02+00:00\" \/>\n<meta property=\"article:modified_time\" content=\"2021-12-17T03:24:34+00:00\" \/>\n<meta property=\"og:image\" content=\"https:\/\/www.carmelitaniscalzi.com\/wp-content\/uploads\/2021\/12\/cover_advent_2021.jpg\" \/>\n\t<meta property=\"og:image:width\" content=\"1000\" \/>\n\t<meta property=\"og:image:height\" content=\"600\" \/>\n\t<meta property=\"og:image:type\" content=\"image\/jpeg\" \/>\n<meta name=\"author\" content=\"ocd web master\" \/>\n<meta name=\"twitter:card\" content=\"summary_large_image\" \/>\n<meta name=\"twitter:creator\" content=\"@ocdcuria\" \/>\n<meta name=\"twitter:site\" content=\"@ocdcuria\" \/>\n<meta name=\"twitter:label1\" content=\"\u00c9crit par\" \/>\n\t<meta name=\"twitter:data1\" content=\"ocd web master\" \/>\n\t<meta name=\"twitter:label2\" content=\"Dur\u00e9e de lecture estim\u00e9e\" \/>\n\t<meta name=\"twitter:data2\" content=\"1 minute\" \/>\n<script type=\"application\/ld+json\" class=\"yoast-schema-graph\">{\"@context\":\"https:\/\/schema.org\",\"@graph\":[{\"@type\":\"Article\",\"@id\":\"https:\/\/www.carmelitaniscalzi.com\/fr\/2021\/12\/15\/retraite-en-ligne-avec-les-carmes-dechaux-debut-24-novembre-2021\/#article\",\"isPartOf\":{\"@id\":\"https:\/\/www.carmelitaniscalzi.com\/fr\/2021\/12\/15\/retraite-en-ligne-avec-les-carmes-dechaux-debut-24-novembre-2021\/\"},\"author\":{\"name\":\"ocd web master\",\"@id\":\"https:\/\/www.carmelitaniscalzi.com\/#\/schema\/person\/6d1c0d9bea7b6625c437246a5d6da409\"},\"headline\":\"RETRAITE EN LIGNE avec les Carmes D\u00e9chaux D\u00e9but : 24 novembre 2021\",\"datePublished\":\"2021-12-15T03:22:02+00:00\",\"dateModified\":\"2021-12-17T03:24:34+00:00\",\"mainEntityOfPage\":{\"@id\":\"https:\/\/www.carmelitaniscalzi.com\/fr\/2021\/12\/15\/retraite-en-ligne-avec-les-carmes-dechaux-debut-24-novembre-2021\/\"},\"wordCount\":279,\"publisher\":{\"@id\":\"https:\/\/www.carmelitaniscalzi.com\/#organization\"},\"image\":{\"@id\":\"https:\/\/www.carmelitaniscalzi.com\/fr\/2021\/12\/15\/retraite-en-ligne-avec-les-carmes-dechaux-debut-24-novembre-2021\/#primaryimage\"},\"thumbnailUrl\":\"https:\/\/www.carmelitaniscalzi.com\/wp-content\/uploads\/2021\/12\/cover_advent_2021.jpg\",\"articleSection\":[\"Nouvelles Formation\",\"Nouvelles Fr\u00e8res\",\"Nouvelles Moniales\",\"Nouvelles OCDS\",\"Nouvelles\"],\"inLanguage\":\"fr-FR\"},{\"@type\":\"WebPage\",\"@id\":\"https:\/\/www.carmelitaniscalzi.com\/fr\/2021\/12\/15\/retraite-en-ligne-avec-les-carmes-dechaux-debut-24-novembre-2021\/\",\"url\":\"https:\/\/www.carmelitaniscalzi.com\/fr\/2021\/12\/15\/retraite-en-ligne-avec-les-carmes-dechaux-debut-24-novembre-2021\/\",\"name\":\"RETRAITE EN LIGNE avec les Carmes D\u00e9chaux D\u00e9but : 24 novembre 2021 - CARMES D\u00c9CHAUX\",\"isPartOf\":{\"@id\":\"https:\/\/www.carmelitaniscalzi.com\/#website\"},\"primaryImageOfPage\":{\"@id\":\"https:\/\/www.carmelitaniscalzi.com\/fr\/2021\/12\/15\/retraite-en-ligne-avec-les-carmes-dechaux-debut-24-novembre-2021\/#primaryimage\"},\"image\":{\"@id\":\"https:\/\/www.carmelitaniscalzi.com\/fr\/2021\/12\/15\/retraite-en-ligne-avec-les-carmes-dechaux-debut-24-novembre-2021\/#primaryimage\"},\"thumbnailUrl\":\"https:\/\/www.carmelitaniscalzi.com\/wp-content\/uploads\/2021\/12\/cover_advent_2021.jpg\",\"datePublished\":\"2021-12-15T03:22:02+00:00\",\"dateModified\":\"2021-12-17T03:24:34+00:00\",\"breadcrumb\":{\"@id\":\"https:\/\/www.carmelitaniscalzi.com\/fr\/2021\/12\/15\/retraite-en-ligne-avec-les-carmes-dechaux-debut-24-novembre-2021\/#breadcrumb\"},\"inLanguage\":\"fr-FR\",\"potentialAction\":[{\"@type\":\"ReadAction\",\"target\":[\"https:\/\/www.carmelitaniscalzi.com\/fr\/2021\/12\/15\/retraite-en-ligne-avec-les-carmes-dechaux-debut-24-novembre-2021\/\"]}]},{\"@type\":\"ImageObject\",\"inLanguage\":\"fr-FR\",\"@id\":\"https:\/\/www.carmelitaniscalzi.com\/fr\/2021\/12\/15\/retraite-en-ligne-avec-les-carmes-dechaux-debut-24-novembre-2021\/#primaryimage\",\"url\":\"https:\/\/www.carmelitaniscalzi.com\/wp-content\/uploads\/2021\/12\/cover_advent_2021.jpg\",\"contentUrl\":\"https:\/\/www.carmelitaniscalzi.com\/wp-content\/uploads\/2021\/12\/cover_advent_2021.jpg\",\"width\":1000,\"height\":600},{\"@type\":\"BreadcrumbList\",\"@id\":\"https:\/\/www.carmelitaniscalzi.com\/fr\/2021\/12\/15\/retraite-en-ligne-avec-les-carmes-dechaux-debut-24-novembre-2021\/#breadcrumb\",\"itemListElement\":[{\"@type\":\"ListItem\",\"position\":1,\"name\":\"Home\",\"item\":\"https:\/\/www.carmelitaniscalzi.com\/fr\/\"},{\"@type\":\"ListItem\",\"position\":2,\"name\":\"RETRAITE EN LIGNE avec les Carmes D\u00e9chaux D\u00e9but : 24 novembre 2021\"}]},{\"@type\":\"WebSite\",\"@id\":\"https:\/\/www.carmelitaniscalzi.com\/#website\",\"url\":\"https:\/\/www.carmelitaniscalzi.com\/\",\"name\":\"CARMELITANI SCALZI - Curia Generale del Carmelo Teresiano\",\"description\":\"Curie G\u00e9n\u00e9ralice du Carmel D\u00e9chauss\u00e9\",\"publisher\":{\"@id\":\"https:\/\/www.carmelitaniscalzi.com\/#organization\"},\"alternateName\":\"CARMELITANI SCALZI\",\"potentialAction\":[{\"@type\":\"SearchAction\",\"target\":{\"@type\":\"EntryPoint\",\"urlTemplate\":\"https:\/\/www.carmelitaniscalzi.com\/?s={search_term_string}\"},\"query-input\":{\"@type\":\"PropertyValueSpecification\",\"valueRequired\":true,\"valueName\":\"search_term_string\"}}],\"inLanguage\":\"fr-FR\"},{\"@type\":\"Organization\",\"@id\":\"https:\/\/www.carmelitaniscalzi.com\/#organization\",\"name\":\"CARMELITANI SCALZI - Curia Generale del Carmelo Teresiano\",\"url\":\"https:\/\/www.carmelitaniscalzi.com\/\",\"logo\":{\"@type\":\"ImageObject\",\"inLanguage\":\"fr-FR\",\"@id\":\"https:\/\/www.carmelitaniscalzi.com\/#\/schema\/logo\/image\/\",\"url\":\"https:\/\/www.carmelitaniscalzi.com\/wp-content\/uploads\/2025\/11\/login-logo.png\",\"contentUrl\":\"https:\/\/www.carmelitaniscalzi.com\/wp-content\/uploads\/2025\/11\/login-logo.png\",\"width\":256,\"height\":256,\"caption\":\"CARMELITANI SCALZI - Curia Generale del Carmelo Teresiano\"},\"image\":{\"@id\":\"https:\/\/www.carmelitaniscalzi.com\/#\/schema\/logo\/image\/\"},\"sameAs\":[\"https:\/\/www.facebook.com\/Curia-Generalizia-Carmelitani-Scalzi-658766940887784\/\",\"https:\/\/x.com\/ocdcuria\",\"https:\/\/www.youtube.com\/channel\/UC2J5ZL0ycOY0qBSTCLX_NGQ\/videos\",\"https:\/\/www.instagram.com\/ocdinform\/\"]},{\"@type\":\"Person\",\"@id\":\"https:\/\/www.carmelitaniscalzi.com\/#\/schema\/person\/6d1c0d9bea7b6625c437246a5d6da409\",\"name\":\"ocd web master\",\"image\":{\"@type\":\"ImageObject\",\"inLanguage\":\"fr-FR\",\"@id\":\"https:\/\/www.carmelitaniscalzi.com\/#\/schema\/person\/image\/\",\"url\":\"https:\/\/secure.gravatar.com\/avatar\/41fbc5f82bad909fbaf2984c43fa50d8519ac5853e25b454d022b6868f80d0e7?s=96&d=mm&r=g\",\"contentUrl\":\"https:\/\/secure.gravatar.com\/avatar\/41fbc5f82bad909fbaf2984c43fa50d8519ac5853e25b454d022b6868f80d0e7?s=96&d=mm&r=g\",\"caption\":\"ocd web master\"},\"url\":\"https:\/\/www.carmelitaniscalzi.com\/fr\/author\/ocdwebmaster\/\"}]}<\/script>\n<!-- \/ Yoast SEO plugin. -->","yoast_head_json":{"title":"RETRAITE EN LIGNE avec les Carmes D\u00e9chaux D\u00e9but : 24 novembre 2021 - CARMES D\u00c9CHAUX","robots":{"index":"index","follow":"follow","max-snippet":"max-snippet:-1","max-image-preview":"max-image-preview:large","max-video-preview":"max-video-preview:-1"},"canonical":"https:\/\/www.carmelitaniscalzi.com\/fr\/2021\/12\/15\/retraite-en-ligne-avec-les-carmes-dechaux-debut-24-novembre-2021\/","og_locale":"fr_FR","og_type":"article","og_title":"RETRAITE EN LIGNE avec les Carmes D\u00e9chaux D\u00e9but : 24 novembre 2021 - CARMES D\u00c9CHAUX","og_description":"Pr\u00e9parez-vous \u00e0 vivre le No\u00ebl avec les Carmes D\u00e9chaux. Depuis 2011, les Carmes D\u00e9chaux proposent des retraites en ligne pour vous aider \u00e0 pr\u00e9parer les deux grandes solennit\u00e9s liturgiques de l&rsquo;ann\u00e9e : No\u00ebl et P\u00e2ques. Aujourd&rsquo;hui, plus de 81 000 personnes suivent ces retraites en 11 langues : fran\u00e7ais, anglais, espagnol, portugais, italien, allemand, polonais, [&hellip;]","og_url":"https:\/\/www.carmelitaniscalzi.com\/fr\/2021\/12\/15\/retraite-en-ligne-avec-les-carmes-dechaux-debut-24-novembre-2021\/","og_site_name":"CARMES D\u00c9CHAUX","article_publisher":"https:\/\/www.facebook.com\/Curia-Generalizia-Carmelitani-Scalzi-658766940887784\/","article_published_time":"2021-12-15T03:22:02+00:00","article_modified_time":"2021-12-17T03:24:34+00:00","og_image":[{"width":1000,"height":600,"url":"https:\/\/www.carmelitaniscalzi.com\/wp-content\/uploads\/2021\/12\/cover_advent_2021.jpg","type":"image\/jpeg"}],"author":"ocd web master","twitter_card":"summary_large_image","twitter_creator":"@ocdcuria","twitter_site":"@ocdcuria","twitter_misc":{"\u00c9crit par":"ocd web master","Dur\u00e9e de lecture estim\u00e9e":"1 minute"},"schema":{"@context":"https:\/\/schema.org","@graph":[{"@type":"Article","@id":"https:\/\/www.carmelitaniscalzi.com\/fr\/2021\/12\/15\/retraite-en-ligne-avec-les-carmes-dechaux-debut-24-novembre-2021\/#article","isPartOf":{"@id":"https:\/\/www.carmelitaniscalzi.com\/fr\/2021\/12\/15\/retraite-en-ligne-avec-les-carmes-dechaux-debut-24-novembre-2021\/"},"author":{"name":"ocd web master","@id":"https:\/\/www.carmelitaniscalzi.com\/#\/schema\/person\/6d1c0d9bea7b6625c437246a5d6da409"},"headline":"RETRAITE EN LIGNE avec les Carmes D\u00e9chaux D\u00e9but : 24 novembre 2021","datePublished":"2021-12-15T03:22:02+00:00","dateModified":"2021-12-17T03:24:34+00:00","mainEntityOfPage":{"@id":"https:\/\/www.carmelitaniscalzi.com\/fr\/2021\/12\/15\/retraite-en-ligne-avec-les-carmes-dechaux-debut-24-novembre-2021\/"},"wordCount":279,"publisher":{"@id":"https:\/\/www.carmelitaniscalzi.com\/#organization"},"image":{"@id":"https:\/\/www.carmelitaniscalzi.com\/fr\/2021\/12\/15\/retraite-en-ligne-avec-les-carmes-dechaux-debut-24-novembre-2021\/#primaryimage"},"thumbnailUrl":"https:\/\/www.carmelitaniscalzi.com\/wp-content\/uploads\/2021\/12\/cover_advent_2021.jpg","articleSection":["Nouvelles Formation","Nouvelles Fr\u00e8res","Nouvelles Moniales","Nouvelles OCDS","Nouvelles"],"inLanguage":"fr-FR"},{"@type":"WebPage","@id":"https:\/\/www.carmelitaniscalzi.com\/fr\/2021\/12\/15\/retraite-en-ligne-avec-les-carmes-dechaux-debut-24-novembre-2021\/","url":"https:\/\/www.carmelitaniscalzi.com\/fr\/2021\/12\/15\/retraite-en-ligne-avec-les-carmes-dechaux-debut-24-novembre-2021\/","name":"RETRAITE EN LIGNE avec les Carmes D\u00e9chaux D\u00e9but : 24 novembre 2021 - CARMES D\u00c9CHAUX","isPartOf":{"@id":"https:\/\/www.carmelitaniscalzi.com\/#website"},"primaryImageOfPage":{"@id":"https:\/\/www.carmelitaniscalzi.com\/fr\/2021\/12\/15\/retraite-en-ligne-avec-les-carmes-dechaux-debut-24-novembre-2021\/#primaryimage"},"image":{"@id":"https:\/\/www.carmelitaniscalzi.com\/fr\/2021\/12\/15\/retraite-en-ligne-avec-les-carmes-dechaux-debut-24-novembre-2021\/#primaryimage"},"thumbnailUrl":"https:\/\/www.carmelitaniscalzi.com\/wp-content\/uploads\/2021\/12\/cover_advent_2021.jpg","datePublished":"2021-12-15T03:22:02+00:00","dateModified":"2021-12-17T03:24:34+00:00","breadcrumb":{"@id":"https:\/\/www.carmelitaniscalzi.com\/fr\/2021\/12\/15\/retraite-en-ligne-avec-les-carmes-dechaux-debut-24-novembre-2021\/#breadcrumb"},"inLanguage":"fr-FR","potentialAction":[{"@type":"ReadAction","target":["https:\/\/www.carmelitaniscalzi.com\/fr\/2021\/12\/15\/retraite-en-ligne-avec-les-carmes-dechaux-debut-24-novembre-2021\/"]}]},{"@type":"ImageObject","inLanguage":"fr-FR","@id":"https:\/\/www.carmelitaniscalzi.com\/fr\/2021\/12\/15\/retraite-en-ligne-avec-les-carmes-dechaux-debut-24-novembre-2021\/#primaryimage","url":"https:\/\/www.carmelitaniscalzi.com\/wp-content\/uploads\/2021\/12\/cover_advent_2021.jpg","contentUrl":"https:\/\/www.carmelitaniscalzi.com\/wp-content\/uploads\/2021\/12\/cover_advent_2021.jpg","width":1000,"height":600},{"@type":"BreadcrumbList","@id":"https:\/\/www.carmelitaniscalzi.com\/fr\/2021\/12\/15\/retraite-en-ligne-avec-les-carmes-dechaux-debut-24-novembre-2021\/#breadcrumb","itemListElement":[{"@type":"ListItem","position":1,"name":"Home","item":"https:\/\/www.carmelitaniscalzi.com\/fr\/"},{"@type":"ListItem","position":2,"name":"RETRAITE EN LIGNE avec les Carmes D\u00e9chaux D\u00e9but : 24 novembre 2021"}]},{"@type":"WebSite","@id":"https:\/\/www.carmelitaniscalzi.com\/#website","url":"https:\/\/www.carmelitaniscalzi.com\/","name":"CARMELITANI SCALZI - Curia Generale del Carmelo Teresiano","description":"Curie G\u00e9n\u00e9ralice du Carmel D\u00e9chauss\u00e9","publisher":{"@id":"https:\/\/www.carmelitaniscalzi.com\/#organization"},"alternateName":"CARMELITANI SCALZI","potentialAction":[{"@type":"SearchAction","target":{"@type":"EntryPoint","urlTemplate":"https:\/\/www.carmelitaniscalzi.com\/?s={search_term_string}"},"query-input":{"@type":"PropertyValueSpecification","valueRequired":true,"valueName":"search_term_string"}}],"inLanguage":"fr-FR"},{"@type":"Organization","@id":"https:\/\/www.carmelitaniscalzi.com\/#organization","name":"CARMELITANI SCALZI - Curia Generale del Carmelo Teresiano","url":"https:\/\/www.carmelitaniscalzi.com\/","logo":{"@type":"ImageObject","inLanguage":"fr-FR","@id":"https:\/\/www.carmelitaniscalzi.com\/#\/schema\/logo\/image\/","url":"https:\/\/www.carmelitaniscalzi.com\/wp-content\/uploads\/2025\/11\/login-logo.png","contentUrl":"https:\/\/www.carmelitaniscalzi.com\/wp-content\/uploads\/2025\/11\/login-logo.png","width":256,"height":256,"caption":"CARMELITANI SCALZI - Curia Generale del Carmelo Teresiano"},"image":{"@id":"https:\/\/www.carmelitaniscalzi.com\/#\/schema\/logo\/image\/"},"sameAs":["https:\/\/www.facebook.com\/Curia-Generalizia-Carmelitani-Scalzi-658766940887784\/","https:\/\/x.com\/ocdcuria","https:\/\/www.youtube.com\/channel\/UC2J5ZL0ycOY0qBSTCLX_NGQ\/videos","https:\/\/www.instagram.com\/ocdinform\/"]},{"@type":"Person","@id":"https:\/\/www.carmelitaniscalzi.com\/#\/schema\/person\/6d1c0d9bea7b6625c437246a5d6da409","name":"ocd web master","image":{"@type":"ImageObject","inLanguage":"fr-FR","@id":"https:\/\/www.carmelitaniscalzi.com\/#\/schema\/person\/image\/","url":"https:\/\/secure.gravatar.com\/avatar\/41fbc5f82bad909fbaf2984c43fa50d8519ac5853e25b454d022b6868f80d0e7?s=96&d=mm&r=g","contentUrl":"https:\/\/secure.gravatar.com\/avatar\/41fbc5f82bad909fbaf2984c43fa50d8519ac5853e25b454d022b6868f80d0e7?s=96&d=mm&r=g","caption":"ocd web master"},"url":"https:\/\/www.carmelitaniscalzi.com\/fr\/author\/ocdwebmaster\/"}]}},"_links":{"self":[{"href":"https:\/\/www.carmelitaniscalzi.com\/fr\/wp-json\/wp\/v2\/posts\/103592","targetHints":{"allow":["GET"]}}],"collection":[{"href":"https:\/\/www.carmelitaniscalzi.com\/fr\/wp-json\/wp\/v2\/posts"}],"about":[{"href":"https:\/\/www.carmelitaniscalzi.com\/fr\/wp-json\/wp\/v2\/types\/post"}],"author":[{"embeddable":true,"href":"https:\/\/www.carmelitaniscalzi.com\/fr\/wp-json\/wp\/v2\/users\/7"}],"replies":[{"embeddable":true,"href":"https:\/\/www.carmelitaniscalzi.com\/fr\/wp-json\/wp\/v2\/comments?post=103592"}],"version-history":[{"count":1,"href":"https:\/\/www.carmelitaniscalzi.com\/fr\/wp-json\/wp\/v2\/posts\/103592\/revisions"}],"predecessor-version":[{"id":103593,"href":"https:\/\/www.carmelitaniscalzi.com\/fr\/wp-json\/wp\/v2\/posts\/103592\/revisions\/103593"}],"wp:featuredmedia":[{"embeddable":true,"href":"https:\/\/www.carmelitaniscalzi.com\/fr\/wp-json\/wp\/v2\/media\/103554"}],"wp:attachment":[{"href":"https:\/\/www.carmelitaniscalzi.com\/fr\/wp-json\/wp\/v2\/media?parent=103592"}],"wp:term":[{"taxonomy":"category","embeddable":true,"href":"https:\/\/www.carmelitaniscalzi.com\/fr\/wp-json\/wp\/v2\/categories?post=103592"},{"taxonomy":"post_tag","embeddable":true,"href":"https:\/\/www.carmelitaniscalzi.com\/fr\/wp-json\/wp\/v2\/tags?post=103592"}],"curies":[{"name":"wp","href":"https:\/\/api.w.org\/{rel}","templated":true}]}}