{"id":103190,"date":"2021-12-06T03:48:57","date_gmt":"2021-12-06T02:48:57","guid":{"rendered":"https:\/\/www.carmelitaniscalzi.com\/?p=103190"},"modified":"2021-12-07T03:49:28","modified_gmt":"2021-12-07T02:49:28","slug":"lunesco-sassocie-au-150eme-anniversaire-de-la-naissance-de-therese-de-lisieux","status":"publish","type":"post","link":"https:\/\/www.carmelitaniscalzi.com\/fr\/2021\/12\/06\/lunesco-sassocie-au-150eme-anniversaire-de-la-naissance-de-therese-de-lisieux\/","title":{"rendered":"L\u2019UNESCO s\u2019associe au 150\u00e8me anniversaire de la naissance de Th\u00e9r\u00e8se de Lisieux"},"content":{"rendered":"<p>Les cloches de la Basilique de Lisieux ont annonc\u00e9 la bonne nouvelle\u00a0: Th\u00e9r\u00e8se de Lisieux est inscrite au calendrier des anniversaires 2022\/2023 auxquels l&rsquo;Unesco sera associ\u00e9 \u00e0 l&rsquo;occasion des 150 ans de la naissance de sainte Th\u00e9r\u00e8se (1873-2023).<\/p>\n<p>Que sainte Th\u00e9r\u00e8se de Lisieux ouvre des chemins vers le Christ au travers les valeurs que l\u2019UNESCO souhaite mettre en valeur\u00a0: culture, science et \u00e9ducation. Selon les D\u00e9termination du dernier Chapitre G\u00e9n\u00e9ral, \u00ab\u00a0le D\u00e9finitoire G\u00e9n\u00e9ral \u00e9tudiera la possibilit\u00e9 de proposer \u00e0 l\u2019Ordre la lecture des manuscrits de la Sainte au cours du prochain sexennat et de promouvoir ces anniversaires au niveau eccl\u00e9sial\u00a0\u00bb.<\/p>\n","protected":false},"excerpt":{"rendered":"<p>Les cloches de la Basilique de Lisieux ont annonc\u00e9 la bonne nouvelle\u00a0: Th\u00e9r\u00e8se de Lisieux est inscrite au calendrier des anniversaires 2022\/2023 auxquels l&rsquo;Unesco sera associ\u00e9 \u00e0 l&rsquo;occasion des 150 ans de la naissance de sainte Th\u00e9r\u00e8se (1873-2023). Que sainte Th\u00e9r\u00e8se de Lisieux ouvre des chemins vers le Christ au travers les valeurs que l\u2019UNESCO [&hellip;]<\/p>\n","protected":false},"author":7,"featured_media":103152,"comment_status":"closed","ping_status":"open","sticky":false,"template":"","format":"standard","meta":{"_acf_changed":false,"footnotes":""},"categories":[201,203,266,370],"tags":[],"class_list":["post-103190","post","type-post","status-publish","format-standard","has-post-thumbnail","hentry","category-nouvelles-freres","category-nouvelles-moniales","category-nouvelles-postulation-fr","category-nouvelles"],"acf":[],"yoast_head":"<!-- This site is optimized with the Yoast SEO plugin v26.3 - https:\/\/yoast.com\/wordpress\/plugins\/seo\/ -->\n<title>L\u2019UNESCO s\u2019associe au 150\u00e8me anniversaire de la naissance de Th\u00e9r\u00e8se de Lisieux - CARMES D\u00c9CHAUX<\/title>\n<meta name=\"robots\" content=\"index, follow, max-snippet:-1, max-image-preview:large, max-video-preview:-1\" \/>\n<link rel=\"canonical\" href=\"https:\/\/www.carmelitaniscalzi.com\/fr\/2021\/12\/06\/lunesco-sassocie-au-150eme-anniversaire-de-la-naissance-de-therese-de-lisieux\/\" \/>\n<meta property=\"og:locale\" content=\"fr_FR\" \/>\n<meta property=\"og:type\" content=\"article\" \/>\n<meta property=\"og:title\" content=\"L\u2019UNESCO s\u2019associe au 150\u00e8me anniversaire de la naissance de Th\u00e9r\u00e8se de Lisieux - CARMES D\u00c9CHAUX\" \/>\n<meta property=\"og:description\" content=\"Les cloches de la Basilique de Lisieux ont annonc\u00e9 la bonne nouvelle\u00a0: Th\u00e9r\u00e8se de Lisieux est inscrite au calendrier des anniversaires 2022\/2023 auxquels l&rsquo;Unesco sera associ\u00e9 \u00e0 l&rsquo;occasion des 150 ans de la naissance de sainte Th\u00e9r\u00e8se (1873-2023). Que sainte Th\u00e9r\u00e8se de Lisieux ouvre des chemins vers le Christ au travers les valeurs que l\u2019UNESCO [&hellip;]\" \/>\n<meta property=\"og:url\" content=\"https:\/\/www.carmelitaniscalzi.com\/fr\/2021\/12\/06\/lunesco-sassocie-au-150eme-anniversaire-de-la-naissance-de-therese-de-lisieux\/\" \/>\n<meta property=\"og:site_name\" content=\"CARMES D\u00c9CHAUX\" \/>\n<meta property=\"article:publisher\" content=\"https:\/\/www.facebook.com\/Curia-Generalizia-Carmelitani-Scalzi-658766940887784\/\" \/>\n<meta property=\"article:published_time\" content=\"2021-12-06T02:48:57+00:00\" \/>\n<meta property=\"article:modified_time\" content=\"2021-12-07T02:49:28+00:00\" \/>\n<meta property=\"og:image\" content=\"https:\/\/www.carmelitaniscalzi.com\/wp-content\/uploads\/2021\/12\/cover_teresa_unesco.jpg\" \/>\n\t<meta property=\"og:image:width\" content=\"1000\" \/>\n\t<meta property=\"og:image:height\" content=\"600\" \/>\n\t<meta property=\"og:image:type\" content=\"image\/jpeg\" \/>\n<meta name=\"author\" content=\"ocd web master\" \/>\n<meta name=\"twitter:card\" content=\"summary_large_image\" \/>\n<meta name=\"twitter:creator\" content=\"@ocdcuria\" \/>\n<meta name=\"twitter:site\" content=\"@ocdcuria\" \/>\n<meta name=\"twitter:label1\" content=\"\u00c9crit par\" \/>\n\t<meta name=\"twitter:data1\" content=\"ocd web master\" \/>\n\t<meta name=\"twitter:label2\" content=\"Dur\u00e9e de lecture estim\u00e9e\" \/>\n\t<meta name=\"twitter:data2\" content=\"1 minute\" \/>\n<script type=\"application\/ld+json\" class=\"yoast-schema-graph\">{\"@context\":\"https:\/\/schema.org\",\"@graph\":[{\"@type\":\"Article\",\"@id\":\"https:\/\/www.carmelitaniscalzi.com\/fr\/2021\/12\/06\/lunesco-sassocie-au-150eme-anniversaire-de-la-naissance-de-therese-de-lisieux\/#article\",\"isPartOf\":{\"@id\":\"https:\/\/www.carmelitaniscalzi.com\/fr\/2021\/12\/06\/lunesco-sassocie-au-150eme-anniversaire-de-la-naissance-de-therese-de-lisieux\/\"},\"author\":{\"name\":\"ocd web master\",\"@id\":\"https:\/\/www.carmelitaniscalzi.com\/#\/schema\/person\/6d1c0d9bea7b6625c437246a5d6da409\"},\"headline\":\"L\u2019UNESCO s\u2019associe au 150\u00e8me anniversaire de la naissance de Th\u00e9r\u00e8se de Lisieux\",\"datePublished\":\"2021-12-06T02:48:57+00:00\",\"dateModified\":\"2021-12-07T02:49:28+00:00\",\"mainEntityOfPage\":{\"@id\":\"https:\/\/www.carmelitaniscalzi.com\/fr\/2021\/12\/06\/lunesco-sassocie-au-150eme-anniversaire-de-la-naissance-de-therese-de-lisieux\/\"},\"wordCount\":129,\"publisher\":{\"@id\":\"https:\/\/www.carmelitaniscalzi.com\/#organization\"},\"image\":{\"@id\":\"https:\/\/www.carmelitaniscalzi.com\/fr\/2021\/12\/06\/lunesco-sassocie-au-150eme-anniversaire-de-la-naissance-de-therese-de-lisieux\/#primaryimage\"},\"thumbnailUrl\":\"https:\/\/www.carmelitaniscalzi.com\/wp-content\/uploads\/2021\/12\/cover_teresa_unesco.jpg\",\"articleSection\":[\"Nouvelles Fr\u00e8res\",\"Nouvelles Moniales\",\"Nouvelles Postulation\",\"Nouvelles\"],\"inLanguage\":\"fr-FR\"},{\"@type\":\"WebPage\",\"@id\":\"https:\/\/www.carmelitaniscalzi.com\/fr\/2021\/12\/06\/lunesco-sassocie-au-150eme-anniversaire-de-la-naissance-de-therese-de-lisieux\/\",\"url\":\"https:\/\/www.carmelitaniscalzi.com\/fr\/2021\/12\/06\/lunesco-sassocie-au-150eme-anniversaire-de-la-naissance-de-therese-de-lisieux\/\",\"name\":\"L\u2019UNESCO s\u2019associe au 150\u00e8me anniversaire de la naissance de Th\u00e9r\u00e8se de Lisieux - CARMES D\u00c9CHAUX\",\"isPartOf\":{\"@id\":\"https:\/\/www.carmelitaniscalzi.com\/#website\"},\"primaryImageOfPage\":{\"@id\":\"https:\/\/www.carmelitaniscalzi.com\/fr\/2021\/12\/06\/lunesco-sassocie-au-150eme-anniversaire-de-la-naissance-de-therese-de-lisieux\/#primaryimage\"},\"image\":{\"@id\":\"https:\/\/www.carmelitaniscalzi.com\/fr\/2021\/12\/06\/lunesco-sassocie-au-150eme-anniversaire-de-la-naissance-de-therese-de-lisieux\/#primaryimage\"},\"thumbnailUrl\":\"https:\/\/www.carmelitaniscalzi.com\/wp-content\/uploads\/2021\/12\/cover_teresa_unesco.jpg\",\"datePublished\":\"2021-12-06T02:48:57+00:00\",\"dateModified\":\"2021-12-07T02:49:28+00:00\",\"breadcrumb\":{\"@id\":\"https:\/\/www.carmelitaniscalzi.com\/fr\/2021\/12\/06\/lunesco-sassocie-au-150eme-anniversaire-de-la-naissance-de-therese-de-lisieux\/#breadcrumb\"},\"inLanguage\":\"fr-FR\",\"potentialAction\":[{\"@type\":\"ReadAction\",\"target\":[\"https:\/\/www.carmelitaniscalzi.com\/fr\/2021\/12\/06\/lunesco-sassocie-au-150eme-anniversaire-de-la-naissance-de-therese-de-lisieux\/\"]}]},{\"@type\":\"ImageObject\",\"inLanguage\":\"fr-FR\",\"@id\":\"https:\/\/www.carmelitaniscalzi.com\/fr\/2021\/12\/06\/lunesco-sassocie-au-150eme-anniversaire-de-la-naissance-de-therese-de-lisieux\/#primaryimage\",\"url\":\"https:\/\/www.carmelitaniscalzi.com\/wp-content\/uploads\/2021\/12\/cover_teresa_unesco.jpg\",\"contentUrl\":\"https:\/\/www.carmelitaniscalzi.com\/wp-content\/uploads\/2021\/12\/cover_teresa_unesco.jpg\",\"width\":1000,\"height\":600},{\"@type\":\"BreadcrumbList\",\"@id\":\"https:\/\/www.carmelitaniscalzi.com\/fr\/2021\/12\/06\/lunesco-sassocie-au-150eme-anniversaire-de-la-naissance-de-therese-de-lisieux\/#breadcrumb\",\"itemListElement\":[{\"@type\":\"ListItem\",\"position\":1,\"name\":\"Home\",\"item\":\"https:\/\/www.carmelitaniscalzi.com\/fr\/\"},{\"@type\":\"ListItem\",\"position\":2,\"name\":\"L\u2019UNESCO s\u2019associe au 150\u00e8me anniversaire de la naissance de Th\u00e9r\u00e8se de Lisieux\"}]},{\"@type\":\"WebSite\",\"@id\":\"https:\/\/www.carmelitaniscalzi.com\/#website\",\"url\":\"https:\/\/www.carmelitaniscalzi.com\/\",\"name\":\"CARMELITANI SCALZI - Curia Generale del Carmelo Teresiano\",\"description\":\"Curie G\u00e9n\u00e9ralice du Carmel D\u00e9chauss\u00e9\",\"publisher\":{\"@id\":\"https:\/\/www.carmelitaniscalzi.com\/#organization\"},\"alternateName\":\"CARMELITANI SCALZI\",\"potentialAction\":[{\"@type\":\"SearchAction\",\"target\":{\"@type\":\"EntryPoint\",\"urlTemplate\":\"https:\/\/www.carmelitaniscalzi.com\/?s={search_term_string}\"},\"query-input\":{\"@type\":\"PropertyValueSpecification\",\"valueRequired\":true,\"valueName\":\"search_term_string\"}}],\"inLanguage\":\"fr-FR\"},{\"@type\":\"Organization\",\"@id\":\"https:\/\/www.carmelitaniscalzi.com\/#organization\",\"name\":\"CARMELITANI SCALZI - Curia Generale del Carmelo Teresiano\",\"url\":\"https:\/\/www.carmelitaniscalzi.com\/\",\"logo\":{\"@type\":\"ImageObject\",\"inLanguage\":\"fr-FR\",\"@id\":\"https:\/\/www.carmelitaniscalzi.com\/#\/schema\/logo\/image\/\",\"url\":\"https:\/\/www.carmelitaniscalzi.com\/wp-content\/uploads\/2025\/11\/login-logo.png\",\"contentUrl\":\"https:\/\/www.carmelitaniscalzi.com\/wp-content\/uploads\/2025\/11\/login-logo.png\",\"width\":256,\"height\":256,\"caption\":\"CARMELITANI SCALZI - Curia Generale del Carmelo Teresiano\"},\"image\":{\"@id\":\"https:\/\/www.carmelitaniscalzi.com\/#\/schema\/logo\/image\/\"},\"sameAs\":[\"https:\/\/www.facebook.com\/Curia-Generalizia-Carmelitani-Scalzi-658766940887784\/\",\"https:\/\/x.com\/ocdcuria\",\"https:\/\/www.youtube.com\/channel\/UC2J5ZL0ycOY0qBSTCLX_NGQ\/videos\",\"https:\/\/www.instagram.com\/ocdinform\/\"]},{\"@type\":\"Person\",\"@id\":\"https:\/\/www.carmelitaniscalzi.com\/#\/schema\/person\/6d1c0d9bea7b6625c437246a5d6da409\",\"name\":\"ocd web master\",\"image\":{\"@type\":\"ImageObject\",\"inLanguage\":\"fr-FR\",\"@id\":\"https:\/\/www.carmelitaniscalzi.com\/#\/schema\/person\/image\/\",\"url\":\"https:\/\/secure.gravatar.com\/avatar\/41fbc5f82bad909fbaf2984c43fa50d8519ac5853e25b454d022b6868f80d0e7?s=96&d=mm&r=g\",\"contentUrl\":\"https:\/\/secure.gravatar.com\/avatar\/41fbc5f82bad909fbaf2984c43fa50d8519ac5853e25b454d022b6868f80d0e7?s=96&d=mm&r=g\",\"caption\":\"ocd web master\"},\"url\":\"https:\/\/www.carmelitaniscalzi.com\/fr\/author\/ocdwebmaster\/\"}]}<\/script>\n<!-- \/ Yoast SEO plugin. -->","yoast_head_json":{"title":"L\u2019UNESCO s\u2019associe au 150\u00e8me anniversaire de la naissance de Th\u00e9r\u00e8se de Lisieux - CARMES D\u00c9CHAUX","robots":{"index":"index","follow":"follow","max-snippet":"max-snippet:-1","max-image-preview":"max-image-preview:large","max-video-preview":"max-video-preview:-1"},"canonical":"https:\/\/www.carmelitaniscalzi.com\/fr\/2021\/12\/06\/lunesco-sassocie-au-150eme-anniversaire-de-la-naissance-de-therese-de-lisieux\/","og_locale":"fr_FR","og_type":"article","og_title":"L\u2019UNESCO s\u2019associe au 150\u00e8me anniversaire de la naissance de Th\u00e9r\u00e8se de Lisieux - CARMES D\u00c9CHAUX","og_description":"Les cloches de la Basilique de Lisieux ont annonc\u00e9 la bonne nouvelle\u00a0: Th\u00e9r\u00e8se de Lisieux est inscrite au calendrier des anniversaires 2022\/2023 auxquels l&rsquo;Unesco sera associ\u00e9 \u00e0 l&rsquo;occasion des 150 ans de la naissance de sainte Th\u00e9r\u00e8se (1873-2023). Que sainte Th\u00e9r\u00e8se de Lisieux ouvre des chemins vers le Christ au travers les valeurs que l\u2019UNESCO [&hellip;]","og_url":"https:\/\/www.carmelitaniscalzi.com\/fr\/2021\/12\/06\/lunesco-sassocie-au-150eme-anniversaire-de-la-naissance-de-therese-de-lisieux\/","og_site_name":"CARMES D\u00c9CHAUX","article_publisher":"https:\/\/www.facebook.com\/Curia-Generalizia-Carmelitani-Scalzi-658766940887784\/","article_published_time":"2021-12-06T02:48:57+00:00","article_modified_time":"2021-12-07T02:49:28+00:00","og_image":[{"width":1000,"height":600,"url":"https:\/\/www.carmelitaniscalzi.com\/wp-content\/uploads\/2021\/12\/cover_teresa_unesco.jpg","type":"image\/jpeg"}],"author":"ocd web master","twitter_card":"summary_large_image","twitter_creator":"@ocdcuria","twitter_site":"@ocdcuria","twitter_misc":{"\u00c9crit par":"ocd web master","Dur\u00e9e de lecture estim\u00e9e":"1 minute"},"schema":{"@context":"https:\/\/schema.org","@graph":[{"@type":"Article","@id":"https:\/\/www.carmelitaniscalzi.com\/fr\/2021\/12\/06\/lunesco-sassocie-au-150eme-anniversaire-de-la-naissance-de-therese-de-lisieux\/#article","isPartOf":{"@id":"https:\/\/www.carmelitaniscalzi.com\/fr\/2021\/12\/06\/lunesco-sassocie-au-150eme-anniversaire-de-la-naissance-de-therese-de-lisieux\/"},"author":{"name":"ocd web master","@id":"https:\/\/www.carmelitaniscalzi.com\/#\/schema\/person\/6d1c0d9bea7b6625c437246a5d6da409"},"headline":"L\u2019UNESCO s\u2019associe au 150\u00e8me anniversaire de la naissance de Th\u00e9r\u00e8se de Lisieux","datePublished":"2021-12-06T02:48:57+00:00","dateModified":"2021-12-07T02:49:28+00:00","mainEntityOfPage":{"@id":"https:\/\/www.carmelitaniscalzi.com\/fr\/2021\/12\/06\/lunesco-sassocie-au-150eme-anniversaire-de-la-naissance-de-therese-de-lisieux\/"},"wordCount":129,"publisher":{"@id":"https:\/\/www.carmelitaniscalzi.com\/#organization"},"image":{"@id":"https:\/\/www.carmelitaniscalzi.com\/fr\/2021\/12\/06\/lunesco-sassocie-au-150eme-anniversaire-de-la-naissance-de-therese-de-lisieux\/#primaryimage"},"thumbnailUrl":"https:\/\/www.carmelitaniscalzi.com\/wp-content\/uploads\/2021\/12\/cover_teresa_unesco.jpg","articleSection":["Nouvelles Fr\u00e8res","Nouvelles Moniales","Nouvelles Postulation","Nouvelles"],"inLanguage":"fr-FR"},{"@type":"WebPage","@id":"https:\/\/www.carmelitaniscalzi.com\/fr\/2021\/12\/06\/lunesco-sassocie-au-150eme-anniversaire-de-la-naissance-de-therese-de-lisieux\/","url":"https:\/\/www.carmelitaniscalzi.com\/fr\/2021\/12\/06\/lunesco-sassocie-au-150eme-anniversaire-de-la-naissance-de-therese-de-lisieux\/","name":"L\u2019UNESCO s\u2019associe au 150\u00e8me anniversaire de la naissance de Th\u00e9r\u00e8se de Lisieux - CARMES D\u00c9CHAUX","isPartOf":{"@id":"https:\/\/www.carmelitaniscalzi.com\/#website"},"primaryImageOfPage":{"@id":"https:\/\/www.carmelitaniscalzi.com\/fr\/2021\/12\/06\/lunesco-sassocie-au-150eme-anniversaire-de-la-naissance-de-therese-de-lisieux\/#primaryimage"},"image":{"@id":"https:\/\/www.carmelitaniscalzi.com\/fr\/2021\/12\/06\/lunesco-sassocie-au-150eme-anniversaire-de-la-naissance-de-therese-de-lisieux\/#primaryimage"},"thumbnailUrl":"https:\/\/www.carmelitaniscalzi.com\/wp-content\/uploads\/2021\/12\/cover_teresa_unesco.jpg","datePublished":"2021-12-06T02:48:57+00:00","dateModified":"2021-12-07T02:49:28+00:00","breadcrumb":{"@id":"https:\/\/www.carmelitaniscalzi.com\/fr\/2021\/12\/06\/lunesco-sassocie-au-150eme-anniversaire-de-la-naissance-de-therese-de-lisieux\/#breadcrumb"},"inLanguage":"fr-FR","potentialAction":[{"@type":"ReadAction","target":["https:\/\/www.carmelitaniscalzi.com\/fr\/2021\/12\/06\/lunesco-sassocie-au-150eme-anniversaire-de-la-naissance-de-therese-de-lisieux\/"]}]},{"@type":"ImageObject","inLanguage":"fr-FR","@id":"https:\/\/www.carmelitaniscalzi.com\/fr\/2021\/12\/06\/lunesco-sassocie-au-150eme-anniversaire-de-la-naissance-de-therese-de-lisieux\/#primaryimage","url":"https:\/\/www.carmelitaniscalzi.com\/wp-content\/uploads\/2021\/12\/cover_teresa_unesco.jpg","contentUrl":"https:\/\/www.carmelitaniscalzi.com\/wp-content\/uploads\/2021\/12\/cover_teresa_unesco.jpg","width":1000,"height":600},{"@type":"BreadcrumbList","@id":"https:\/\/www.carmelitaniscalzi.com\/fr\/2021\/12\/06\/lunesco-sassocie-au-150eme-anniversaire-de-la-naissance-de-therese-de-lisieux\/#breadcrumb","itemListElement":[{"@type":"ListItem","position":1,"name":"Home","item":"https:\/\/www.carmelitaniscalzi.com\/fr\/"},{"@type":"ListItem","position":2,"name":"L\u2019UNESCO s\u2019associe au 150\u00e8me anniversaire de la naissance de Th\u00e9r\u00e8se de Lisieux"}]},{"@type":"WebSite","@id":"https:\/\/www.carmelitaniscalzi.com\/#website","url":"https:\/\/www.carmelitaniscalzi.com\/","name":"CARMELITANI SCALZI - Curia Generale del Carmelo Teresiano","description":"Curie G\u00e9n\u00e9ralice du Carmel D\u00e9chauss\u00e9","publisher":{"@id":"https:\/\/www.carmelitaniscalzi.com\/#organization"},"alternateName":"CARMELITANI SCALZI","potentialAction":[{"@type":"SearchAction","target":{"@type":"EntryPoint","urlTemplate":"https:\/\/www.carmelitaniscalzi.com\/?s={search_term_string}"},"query-input":{"@type":"PropertyValueSpecification","valueRequired":true,"valueName":"search_term_string"}}],"inLanguage":"fr-FR"},{"@type":"Organization","@id":"https:\/\/www.carmelitaniscalzi.com\/#organization","name":"CARMELITANI SCALZI - Curia Generale del Carmelo Teresiano","url":"https:\/\/www.carmelitaniscalzi.com\/","logo":{"@type":"ImageObject","inLanguage":"fr-FR","@id":"https:\/\/www.carmelitaniscalzi.com\/#\/schema\/logo\/image\/","url":"https:\/\/www.carmelitaniscalzi.com\/wp-content\/uploads\/2025\/11\/login-logo.png","contentUrl":"https:\/\/www.carmelitaniscalzi.com\/wp-content\/uploads\/2025\/11\/login-logo.png","width":256,"height":256,"caption":"CARMELITANI SCALZI - Curia Generale del Carmelo Teresiano"},"image":{"@id":"https:\/\/www.carmelitaniscalzi.com\/#\/schema\/logo\/image\/"},"sameAs":["https:\/\/www.facebook.com\/Curia-Generalizia-Carmelitani-Scalzi-658766940887784\/","https:\/\/x.com\/ocdcuria","https:\/\/www.youtube.com\/channel\/UC2J5ZL0ycOY0qBSTCLX_NGQ\/videos","https:\/\/www.instagram.com\/ocdinform\/"]},{"@type":"Person","@id":"https:\/\/www.carmelitaniscalzi.com\/#\/schema\/person\/6d1c0d9bea7b6625c437246a5d6da409","name":"ocd web master","image":{"@type":"ImageObject","inLanguage":"fr-FR","@id":"https:\/\/www.carmelitaniscalzi.com\/#\/schema\/person\/image\/","url":"https:\/\/secure.gravatar.com\/avatar\/41fbc5f82bad909fbaf2984c43fa50d8519ac5853e25b454d022b6868f80d0e7?s=96&d=mm&r=g","contentUrl":"https:\/\/secure.gravatar.com\/avatar\/41fbc5f82bad909fbaf2984c43fa50d8519ac5853e25b454d022b6868f80d0e7?s=96&d=mm&r=g","caption":"ocd web master"},"url":"https:\/\/www.carmelitaniscalzi.com\/fr\/author\/ocdwebmaster\/"}]}},"_links":{"self":[{"href":"https:\/\/www.carmelitaniscalzi.com\/fr\/wp-json\/wp\/v2\/posts\/103190","targetHints":{"allow":["GET"]}}],"collection":[{"href":"https:\/\/www.carmelitaniscalzi.com\/fr\/wp-json\/wp\/v2\/posts"}],"about":[{"href":"https:\/\/www.carmelitaniscalzi.com\/fr\/wp-json\/wp\/v2\/types\/post"}],"author":[{"embeddable":true,"href":"https:\/\/www.carmelitaniscalzi.com\/fr\/wp-json\/wp\/v2\/users\/7"}],"replies":[{"embeddable":true,"href":"https:\/\/www.carmelitaniscalzi.com\/fr\/wp-json\/wp\/v2\/comments?post=103190"}],"version-history":[{"count":1,"href":"https:\/\/www.carmelitaniscalzi.com\/fr\/wp-json\/wp\/v2\/posts\/103190\/revisions"}],"predecessor-version":[{"id":103191,"href":"https:\/\/www.carmelitaniscalzi.com\/fr\/wp-json\/wp\/v2\/posts\/103190\/revisions\/103191"}],"wp:featuredmedia":[{"embeddable":true,"href":"https:\/\/www.carmelitaniscalzi.com\/fr\/wp-json\/wp\/v2\/media\/103152"}],"wp:attachment":[{"href":"https:\/\/www.carmelitaniscalzi.com\/fr\/wp-json\/wp\/v2\/media?parent=103190"}],"wp:term":[{"taxonomy":"category","embeddable":true,"href":"https:\/\/www.carmelitaniscalzi.com\/fr\/wp-json\/wp\/v2\/categories?post=103190"},{"taxonomy":"post_tag","embeddable":true,"href":"https:\/\/www.carmelitaniscalzi.com\/fr\/wp-json\/wp\/v2\/tags?post=103190"}],"curies":[{"name":"wp","href":"https:\/\/api.w.org\/{rel}","templated":true}]}}