{"id":9418,"date":"2016-10-26T17:02:41","date_gmt":"2016-10-26T15:02:41","guid":{"rendered":"https:\/\/www.carmelitaniscalzi.com\/es\/?p=9418"},"modified":"2016-10-26T17:02:41","modified_gmt":"2016-10-26T15:02:41","slug":"en-la-muerte-del-patriarca-del-carmelo-congoleno","status":"publish","type":"post","link":"https:\/\/www.carmelitaniscalzi.com\/es\/2016\/10\/26\/en-la-muerte-del-patriarca-del-carmelo-congoleno\/","title":{"rendered":"En la muerte del patriarca del Carmelo Congole\u00f1o"},"content":{"rendered":"<p>El P. Claudio Marcelino Forcellini, que acaba de fallecer, es un misionero que pertenece a la historia del Carmelo en la Rep\u00fablica Democr\u00e1tica del Congo. Joven Carmelita, lleg\u00f3 al pa\u00eds en 1968 con el contingente de la Provincia Romana que ven\u00eda a reemplazar a los Carmelitas flamencos que diez a\u00f1os antes fundaron la Misi\u00f3n del Congo. Desde entonce ha permanecido en su tierra de adopci\u00f3n, si exceptuamos el a\u00f1o sab\u00e1tico en el CITeS de \u00c1vila entre 1991 y 1992.<\/p>\n<p>Cuando el Definitorio General intervino para organizar el futuro del Carmelo Congole\u00f1o, el P. Marcelino abandon\u00f3 las dos parroquias (Notre P\u00e8re y Ntambwe) que reg\u00edan los Padres de la Provincia Romana en Kananga para dirigir en la misma ciudad la construcci\u00f3n del noviciado \u201cMonte Carmelo\u201d en vista de las vocaciones locales que se anunciaban numerosas. Fue el primer superior. Hizo falta ponerse a organizar la vida del Carmelo Congole\u00f1o (Zaire\u00f1o en aquellos a\u00f1os) siguiendo las directivas del Definitorio de la Orden.<\/p>\n<p>En este per\u00edodo comenz\u00f3 tambi\u00e9n la construcci\u00f3n del Teresianum de Kinshasa-Kintambo como colegio teol\u00f3gico y casa de espiritualidad. Se ocup\u00f3 igualmente de la construcci\u00f3n de la fundaci\u00f3n \u201cSan Juan de la Cruz\u201d de Bukavu en el Kivu para postulantes que deb\u00edan cursar la filosof\u00eda antes de ingresar en el noviciado de Kananga.<\/p>\n<p>Cuando en abril de 1988 se cre\u00f3 la Delegaci\u00f3n General OCD del Congo, el P. Marcelino fue el primer Delegado General, asistido por el P. D\u00e1maso Zuazua y por el P. Sebaast Van der Straaten. M\u00e1s tarde fue tambi\u00e9n el fundador de la casa de Lubumbashi en el Shaba.<\/p>\n<p>He aqu\u00ed algunas muestras de las responsabilidades y actividades del P. Marcelino Forcellini en el Congo, que le hace acreedor al agradecimiento mayor de la Delegaci\u00f3n Carmelitana. Pero m\u00e1s importante es todav\u00eda su dedicaci\u00f3n y entrega a la vida y a la consolidaci\u00f3n de esta Delegaci\u00f3n General en tiempos de econom\u00eda precaria. Es el alma con la que el Padre trabaj\u00f3 durante sus a\u00f1os en el Congo. Ha vivido para este Carmelo. Se ha consumido en servicio a este Carmelo. Cuando cumpli\u00f3 los 80 a\u00f1os, en lugar de replegarse pl\u00e1cidamente en un convento de Italia, prefiri\u00f3 continuar en la brecha. \u00a1Su vida y sus huesos para el Congo! \u00a1Con renovada energ\u00eda, hasta el final!<\/p>\n<p>El P. Marcelino sab\u00eda pedir, conoc\u00eda organizaciones de ayuda donde recabar fondos internacionales para sus obras sociales. Su pa\u00eds natal, la rep\u00fablica de San marino, y otros bienhechores de Italia, Alemania, Espa\u00f1a han contribuido generosamente con las iniciativas sociales en beneficio de la poblaci\u00f3n local: la escuelita de Kananga, la escuela y el puesto de salud de Lubumbashi, la f\u00e1brica de ladrillos, sin olvidar la animaci\u00f3n de la asociaci\u00f3n de las viudas, \u2026<\/p>\n<p>Por m\u00e9ritos adquiridos una vez recibi\u00f3 un gran homenaje de su patria natal San Marino, que le dot\u00f3 de una fuerte suma econ\u00f3mica. Los Carmelitas que participamos en ese homenaje nos sent\u00edamos muy honrados con nuestro hermano mayor. Con este motivo las revistas misioneras de la Orden, como \u201c<em>La Obra M\u00e1xima<\/em>\u201d e \u201c<em>Il Carmelo e le sue Missioni all\u2019estero<\/em>\u201d, le dedicaron un art\u00edculo calific\u00e1ndole de \u201cmisionero incombustible\u201d.<\/p>\n<p>Podemos concluir diciendo que el P. Marcelino Forcellini ha vivido sus 48 a\u00f1os de presencia con entera dedicaci\u00f3n al pa\u00eds. Ha trabajado, ha sufrido, ha soportado, ha sobrellevado, se ha consagrado con todas sus fuerzas para su querido Carmelo del Congo. Pero m\u00e1s importante que la duraci\u00f3n de su servicio es el modo, la intensidad, la calidad de su trabajo y de su dedicaci\u00f3n. De este modo su memoria permanece como una estrella que nos recuerda una vida dedicada hasta el agotamiento, vida total sin reservas. Por esto en el futuro del Carmelo en este pa\u00eds africano, ahora con fuerte florecimiento vocacional, el P. Marcelino permanecer\u00e1 como uno de los mayores bienhechores de los Carmelitas en el Congo, involucrado adem\u00e1s \u201cen las primicias del esp\u00edritu\u201d al decir de San Juan de la Cruz.<\/p>\n<p style=\"text-align: right;\">\u00a0\u00a0\u00a0\u00a0\u00a0\u00a0\u00a0\u00a0\u00a0\u00a0\u00a0\u00a0\u00a0\u00a0\u00a0\u00a0\u00a0\u00a0\u00a0\u00a0\u00a0\u00a0\u00a0\u00a0\u00a0\u00a0\u00a0\u00a0\u00a0\u00a0\u00a0\u00a0\u00a0\u00a0\u00a0\u00a0\u00a0\u00a0\u00a0\u00a0\u00a0\u00a0\u00a0\u00a0\u00a0\u00a0\u00a0\u00a0\u00a0\u00a0\u00a0\u00a0\u00a0\u00a0\u00a0\u00a0\u00a0\u00a0\u00a0\u00a0\u00a0\u00a0\u00a0\u00a0\u00a0\u00a0\u00a0\u00a0\u00a0\u00a0 \u00a0\u00a0\u00a0\u00a0\u00a0\u00a0\u00a0\u00a0\u00a0\u00a0\u00a0 D\u00e1maso Zuazua, ocd,<\/p>\n<p style=\"text-align: right;\">\u00a0\u00a0\u00a0\u00a0\u00a0\u00a0\u00a0\u00a0\u00a0\u00a0\u00a0\u00a0\u00a0\u00a0\u00a0\u00a0\u00a0\u00a0\u00a0\u00a0\u00a0\u00a0\u00a0\u00a0\u00a0\u00a0\u00a0\u00a0\u00a0\u00a0\u00a0\u00a0\u00a0\u00a0\u00a0\u00a0\u00a0\u00a0\u00a0\u00a0\u00a0\u00a0\u00a0\u00a0\u00a0\u00a0\u00a0\u00a0\u00a0\u00a0\u00a0\u00a0\u00a0\u00a0\u00a0\u00a0\u00a0\u00a0\u00a0\u00a0\u00a0\u00a0\u00a0\u00a0\u00a0\u00a0\u00a0\u00a0\u00a0\u00a0\u00a0\u00a0\u00a0\u00a0\u00a0\u00a0\u00a0\u00a0 zuazuaocd@gmail.com<\/p>\n","protected":false},"excerpt":{"rendered":"<p>El P. Claudio Marcelino Forcellini, que acaba de fallecer, es un misionero que pertenece a la historia del Carmelo en la Rep\u00fablica Democr\u00e1tica del Congo. Joven Carmelita, lleg\u00f3 al pa\u00eds en 1968 con el contingente de la Provincia Romana que ven\u00eda a reemplazar a los Carmelitas flamencos que diez a\u00f1os antes fundaron la Misi\u00f3n del [&hellip;]<\/p>\n","protected":false},"author":7,"featured_media":9416,"comment_status":"closed","ping_status":"closed","sticky":false,"template":"","format":"standard","meta":{"_acf_changed":false,"footnotes":""},"categories":[174,372],"tags":[],"class_list":["post-9418","post","type-post","status-publish","format-standard","has-post-thumbnail","hentry","category-noticias-frailes","category-noticias"],"acf":[],"yoast_head":"<!-- This site is optimized with the Yoast SEO plugin v26.3 - https:\/\/yoast.com\/wordpress\/plugins\/seo\/ -->\n<title>En la muerte del patriarca del Carmelo Congole\u00f1o - CARMELITAS DESCALZOS<\/title>\n<meta name=\"robots\" content=\"index, follow, max-snippet:-1, max-image-preview:large, max-video-preview:-1\" \/>\n<link rel=\"canonical\" href=\"https:\/\/www.carmelitaniscalzi.com\/es\/2016\/10\/26\/en-la-muerte-del-patriarca-del-carmelo-congoleno\/\" \/>\n<meta property=\"og:locale\" content=\"es_ES\" \/>\n<meta property=\"og:type\" content=\"article\" \/>\n<meta property=\"og:title\" content=\"En la muerte del patriarca del Carmelo Congole\u00f1o - CARMELITAS DESCALZOS\" \/>\n<meta property=\"og:description\" content=\"El P. Claudio Marcelino Forcellini, que acaba de fallecer, es un misionero que pertenece a la historia del Carmelo en la Rep\u00fablica Democr\u00e1tica del Congo. Joven Carmelita, lleg\u00f3 al pa\u00eds en 1968 con el contingente de la Provincia Romana que ven\u00eda a reemplazar a los Carmelitas flamencos que diez a\u00f1os antes fundaron la Misi\u00f3n del [&hellip;]\" \/>\n<meta property=\"og:url\" content=\"https:\/\/www.carmelitaniscalzi.com\/es\/2016\/10\/26\/en-la-muerte-del-patriarca-del-carmelo-congoleno\/\" \/>\n<meta property=\"og:site_name\" content=\"CARMELITAS DESCALZOS\" \/>\n<meta property=\"article:publisher\" content=\"https:\/\/www.facebook.com\/Curia-Generalizia-Carmelitani-Scalzi-658766940887784\/\" \/>\n<meta property=\"article:published_time\" content=\"2016-10-26T15:02:41+00:00\" \/>\n<meta property=\"og:image\" content=\"https:\/\/www.carmelitaniscalzi.com\/wp-content\/uploads\/2016\/10\/P.-Marcellino.jpg\" \/>\n\t<meta property=\"og:image:width\" content=\"1128\" \/>\n\t<meta property=\"og:image:height\" content=\"1316\" \/>\n\t<meta property=\"og:image:type\" content=\"image\/jpeg\" \/>\n<meta name=\"author\" content=\"ocd web master\" \/>\n<meta name=\"twitter:card\" content=\"summary_large_image\" \/>\n<meta name=\"twitter:creator\" content=\"@ocdcuria\" \/>\n<meta name=\"twitter:site\" content=\"@ocdcuria\" \/>\n<meta name=\"twitter:label1\" content=\"Escrito por\" \/>\n\t<meta name=\"twitter:data1\" content=\"ocd web master\" \/>\n\t<meta name=\"twitter:label2\" content=\"Tiempo de lectura\" \/>\n\t<meta name=\"twitter:data2\" content=\"4 minutos\" \/>\n<script type=\"application\/ld+json\" class=\"yoast-schema-graph\">{\"@context\":\"https:\/\/schema.org\",\"@graph\":[{\"@type\":\"Article\",\"@id\":\"https:\/\/www.carmelitaniscalzi.com\/es\/2016\/10\/26\/en-la-muerte-del-patriarca-del-carmelo-congoleno\/#article\",\"isPartOf\":{\"@id\":\"https:\/\/www.carmelitaniscalzi.com\/es\/2016\/10\/26\/en-la-muerte-del-patriarca-del-carmelo-congoleno\/\"},\"author\":{\"name\":\"ocd web master\",\"@id\":\"https:\/\/www.carmelitaniscalzi.com\/#\/schema\/person\/6d1c0d9bea7b6625c437246a5d6da409\"},\"headline\":\"En la muerte del patriarca del Carmelo Congole\u00f1o\",\"datePublished\":\"2016-10-26T15:02:41+00:00\",\"mainEntityOfPage\":{\"@id\":\"https:\/\/www.carmelitaniscalzi.com\/es\/2016\/10\/26\/en-la-muerte-del-patriarca-del-carmelo-congoleno\/\"},\"wordCount\":721,\"publisher\":{\"@id\":\"https:\/\/www.carmelitaniscalzi.com\/#organization\"},\"image\":{\"@id\":\"https:\/\/www.carmelitaniscalzi.com\/es\/2016\/10\/26\/en-la-muerte-del-patriarca-del-carmelo-congoleno\/#primaryimage\"},\"thumbnailUrl\":\"https:\/\/www.carmelitaniscalzi.com\/wp-content\/uploads\/2016\/10\/P.-Marcellino.jpg\",\"articleSection\":[\"Noticias Frailes\",\"Noticias\"],\"inLanguage\":\"es\"},{\"@type\":\"WebPage\",\"@id\":\"https:\/\/www.carmelitaniscalzi.com\/es\/2016\/10\/26\/en-la-muerte-del-patriarca-del-carmelo-congoleno\/\",\"url\":\"https:\/\/www.carmelitaniscalzi.com\/es\/2016\/10\/26\/en-la-muerte-del-patriarca-del-carmelo-congoleno\/\",\"name\":\"En la muerte del patriarca del Carmelo Congole\u00f1o - CARMELITAS DESCALZOS\",\"isPartOf\":{\"@id\":\"https:\/\/www.carmelitaniscalzi.com\/#website\"},\"primaryImageOfPage\":{\"@id\":\"https:\/\/www.carmelitaniscalzi.com\/es\/2016\/10\/26\/en-la-muerte-del-patriarca-del-carmelo-congoleno\/#primaryimage\"},\"image\":{\"@id\":\"https:\/\/www.carmelitaniscalzi.com\/es\/2016\/10\/26\/en-la-muerte-del-patriarca-del-carmelo-congoleno\/#primaryimage\"},\"thumbnailUrl\":\"https:\/\/www.carmelitaniscalzi.com\/wp-content\/uploads\/2016\/10\/P.-Marcellino.jpg\",\"datePublished\":\"2016-10-26T15:02:41+00:00\",\"breadcrumb\":{\"@id\":\"https:\/\/www.carmelitaniscalzi.com\/es\/2016\/10\/26\/en-la-muerte-del-patriarca-del-carmelo-congoleno\/#breadcrumb\"},\"inLanguage\":\"es\",\"potentialAction\":[{\"@type\":\"ReadAction\",\"target\":[\"https:\/\/www.carmelitaniscalzi.com\/es\/2016\/10\/26\/en-la-muerte-del-patriarca-del-carmelo-congoleno\/\"]}]},{\"@type\":\"ImageObject\",\"inLanguage\":\"es\",\"@id\":\"https:\/\/www.carmelitaniscalzi.com\/es\/2016\/10\/26\/en-la-muerte-del-patriarca-del-carmelo-congoleno\/#primaryimage\",\"url\":\"https:\/\/www.carmelitaniscalzi.com\/wp-content\/uploads\/2016\/10\/P.-Marcellino.jpg\",\"contentUrl\":\"https:\/\/www.carmelitaniscalzi.com\/wp-content\/uploads\/2016\/10\/P.-Marcellino.jpg\",\"width\":1128,\"height\":1316},{\"@type\":\"BreadcrumbList\",\"@id\":\"https:\/\/www.carmelitaniscalzi.com\/es\/2016\/10\/26\/en-la-muerte-del-patriarca-del-carmelo-congoleno\/#breadcrumb\",\"itemListElement\":[{\"@type\":\"ListItem\",\"position\":1,\"name\":\"Home\",\"item\":\"https:\/\/www.carmelitaniscalzi.com\/es\/\"},{\"@type\":\"ListItem\",\"position\":2,\"name\":\"En la muerte del patriarca del Carmelo Congole\u00f1o\"}]},{\"@type\":\"WebSite\",\"@id\":\"https:\/\/www.carmelitaniscalzi.com\/#website\",\"url\":\"https:\/\/www.carmelitaniscalzi.com\/\",\"name\":\"CARMELITANI SCALZI - Curia Generale del Carmelo Teresiano\",\"description\":\"Curia General del Carmelo Teresiano\",\"publisher\":{\"@id\":\"https:\/\/www.carmelitaniscalzi.com\/#organization\"},\"alternateName\":\"CARMELITANI SCALZI\",\"potentialAction\":[{\"@type\":\"SearchAction\",\"target\":{\"@type\":\"EntryPoint\",\"urlTemplate\":\"https:\/\/www.carmelitaniscalzi.com\/?s={search_term_string}\"},\"query-input\":{\"@type\":\"PropertyValueSpecification\",\"valueRequired\":true,\"valueName\":\"search_term_string\"}}],\"inLanguage\":\"es\"},{\"@type\":\"Organization\",\"@id\":\"https:\/\/www.carmelitaniscalzi.com\/#organization\",\"name\":\"CARMELITANI SCALZI - Curia Generale del Carmelo Teresiano\",\"url\":\"https:\/\/www.carmelitaniscalzi.com\/\",\"logo\":{\"@type\":\"ImageObject\",\"inLanguage\":\"es\",\"@id\":\"https:\/\/www.carmelitaniscalzi.com\/#\/schema\/logo\/image\/\",\"url\":\"https:\/\/www.carmelitaniscalzi.com\/wp-content\/uploads\/2025\/11\/login-logo.png\",\"contentUrl\":\"https:\/\/www.carmelitaniscalzi.com\/wp-content\/uploads\/2025\/11\/login-logo.png\",\"width\":256,\"height\":256,\"caption\":\"CARMELITANI SCALZI - Curia Generale del Carmelo Teresiano\"},\"image\":{\"@id\":\"https:\/\/www.carmelitaniscalzi.com\/#\/schema\/logo\/image\/\"},\"sameAs\":[\"https:\/\/www.facebook.com\/Curia-Generalizia-Carmelitani-Scalzi-658766940887784\/\",\"https:\/\/x.com\/ocdcuria\",\"https:\/\/www.youtube.com\/channel\/UC2J5ZL0ycOY0qBSTCLX_NGQ\/videos\",\"https:\/\/www.instagram.com\/ocdinform\/\"]},{\"@type\":\"Person\",\"@id\":\"https:\/\/www.carmelitaniscalzi.com\/#\/schema\/person\/6d1c0d9bea7b6625c437246a5d6da409\",\"name\":\"ocd web master\",\"image\":{\"@type\":\"ImageObject\",\"inLanguage\":\"es\",\"@id\":\"https:\/\/www.carmelitaniscalzi.com\/#\/schema\/person\/image\/\",\"url\":\"https:\/\/secure.gravatar.com\/avatar\/41fbc5f82bad909fbaf2984c43fa50d8519ac5853e25b454d022b6868f80d0e7?s=96&d=mm&r=g\",\"contentUrl\":\"https:\/\/secure.gravatar.com\/avatar\/41fbc5f82bad909fbaf2984c43fa50d8519ac5853e25b454d022b6868f80d0e7?s=96&d=mm&r=g\",\"caption\":\"ocd web master\"},\"url\":\"https:\/\/www.carmelitaniscalzi.com\/es\/author\/ocdwebmaster\/\"}]}<\/script>\n<!-- \/ Yoast SEO plugin. -->","yoast_head_json":{"title":"En la muerte del patriarca del Carmelo Congole\u00f1o - CARMELITAS DESCALZOS","robots":{"index":"index","follow":"follow","max-snippet":"max-snippet:-1","max-image-preview":"max-image-preview:large","max-video-preview":"max-video-preview:-1"},"canonical":"https:\/\/www.carmelitaniscalzi.com\/es\/2016\/10\/26\/en-la-muerte-del-patriarca-del-carmelo-congoleno\/","og_locale":"es_ES","og_type":"article","og_title":"En la muerte del patriarca del Carmelo Congole\u00f1o - CARMELITAS DESCALZOS","og_description":"El P. Claudio Marcelino Forcellini, que acaba de fallecer, es un misionero que pertenece a la historia del Carmelo en la Rep\u00fablica Democr\u00e1tica del Congo. Joven Carmelita, lleg\u00f3 al pa\u00eds en 1968 con el contingente de la Provincia Romana que ven\u00eda a reemplazar a los Carmelitas flamencos que diez a\u00f1os antes fundaron la Misi\u00f3n del [&hellip;]","og_url":"https:\/\/www.carmelitaniscalzi.com\/es\/2016\/10\/26\/en-la-muerte-del-patriarca-del-carmelo-congoleno\/","og_site_name":"CARMELITAS DESCALZOS","article_publisher":"https:\/\/www.facebook.com\/Curia-Generalizia-Carmelitani-Scalzi-658766940887784\/","article_published_time":"2016-10-26T15:02:41+00:00","og_image":[{"width":1128,"height":1316,"url":"https:\/\/www.carmelitaniscalzi.com\/wp-content\/uploads\/2016\/10\/P.-Marcellino.jpg","type":"image\/jpeg"}],"author":"ocd web master","twitter_card":"summary_large_image","twitter_creator":"@ocdcuria","twitter_site":"@ocdcuria","twitter_misc":{"Escrito por":"ocd web master","Tiempo de lectura":"4 minutos"},"schema":{"@context":"https:\/\/schema.org","@graph":[{"@type":"Article","@id":"https:\/\/www.carmelitaniscalzi.com\/es\/2016\/10\/26\/en-la-muerte-del-patriarca-del-carmelo-congoleno\/#article","isPartOf":{"@id":"https:\/\/www.carmelitaniscalzi.com\/es\/2016\/10\/26\/en-la-muerte-del-patriarca-del-carmelo-congoleno\/"},"author":{"name":"ocd web master","@id":"https:\/\/www.carmelitaniscalzi.com\/#\/schema\/person\/6d1c0d9bea7b6625c437246a5d6da409"},"headline":"En la muerte del patriarca del Carmelo Congole\u00f1o","datePublished":"2016-10-26T15:02:41+00:00","mainEntityOfPage":{"@id":"https:\/\/www.carmelitaniscalzi.com\/es\/2016\/10\/26\/en-la-muerte-del-patriarca-del-carmelo-congoleno\/"},"wordCount":721,"publisher":{"@id":"https:\/\/www.carmelitaniscalzi.com\/#organization"},"image":{"@id":"https:\/\/www.carmelitaniscalzi.com\/es\/2016\/10\/26\/en-la-muerte-del-patriarca-del-carmelo-congoleno\/#primaryimage"},"thumbnailUrl":"https:\/\/www.carmelitaniscalzi.com\/wp-content\/uploads\/2016\/10\/P.-Marcellino.jpg","articleSection":["Noticias Frailes","Noticias"],"inLanguage":"es"},{"@type":"WebPage","@id":"https:\/\/www.carmelitaniscalzi.com\/es\/2016\/10\/26\/en-la-muerte-del-patriarca-del-carmelo-congoleno\/","url":"https:\/\/www.carmelitaniscalzi.com\/es\/2016\/10\/26\/en-la-muerte-del-patriarca-del-carmelo-congoleno\/","name":"En la muerte del patriarca del Carmelo Congole\u00f1o - CARMELITAS DESCALZOS","isPartOf":{"@id":"https:\/\/www.carmelitaniscalzi.com\/#website"},"primaryImageOfPage":{"@id":"https:\/\/www.carmelitaniscalzi.com\/es\/2016\/10\/26\/en-la-muerte-del-patriarca-del-carmelo-congoleno\/#primaryimage"},"image":{"@id":"https:\/\/www.carmelitaniscalzi.com\/es\/2016\/10\/26\/en-la-muerte-del-patriarca-del-carmelo-congoleno\/#primaryimage"},"thumbnailUrl":"https:\/\/www.carmelitaniscalzi.com\/wp-content\/uploads\/2016\/10\/P.-Marcellino.jpg","datePublished":"2016-10-26T15:02:41+00:00","breadcrumb":{"@id":"https:\/\/www.carmelitaniscalzi.com\/es\/2016\/10\/26\/en-la-muerte-del-patriarca-del-carmelo-congoleno\/#breadcrumb"},"inLanguage":"es","potentialAction":[{"@type":"ReadAction","target":["https:\/\/www.carmelitaniscalzi.com\/es\/2016\/10\/26\/en-la-muerte-del-patriarca-del-carmelo-congoleno\/"]}]},{"@type":"ImageObject","inLanguage":"es","@id":"https:\/\/www.carmelitaniscalzi.com\/es\/2016\/10\/26\/en-la-muerte-del-patriarca-del-carmelo-congoleno\/#primaryimage","url":"https:\/\/www.carmelitaniscalzi.com\/wp-content\/uploads\/2016\/10\/P.-Marcellino.jpg","contentUrl":"https:\/\/www.carmelitaniscalzi.com\/wp-content\/uploads\/2016\/10\/P.-Marcellino.jpg","width":1128,"height":1316},{"@type":"BreadcrumbList","@id":"https:\/\/www.carmelitaniscalzi.com\/es\/2016\/10\/26\/en-la-muerte-del-patriarca-del-carmelo-congoleno\/#breadcrumb","itemListElement":[{"@type":"ListItem","position":1,"name":"Home","item":"https:\/\/www.carmelitaniscalzi.com\/es\/"},{"@type":"ListItem","position":2,"name":"En la muerte del patriarca del Carmelo Congole\u00f1o"}]},{"@type":"WebSite","@id":"https:\/\/www.carmelitaniscalzi.com\/#website","url":"https:\/\/www.carmelitaniscalzi.com\/","name":"CARMELITANI SCALZI - Curia Generale del Carmelo Teresiano","description":"Curia General del Carmelo Teresiano","publisher":{"@id":"https:\/\/www.carmelitaniscalzi.com\/#organization"},"alternateName":"CARMELITANI SCALZI","potentialAction":[{"@type":"SearchAction","target":{"@type":"EntryPoint","urlTemplate":"https:\/\/www.carmelitaniscalzi.com\/?s={search_term_string}"},"query-input":{"@type":"PropertyValueSpecification","valueRequired":true,"valueName":"search_term_string"}}],"inLanguage":"es"},{"@type":"Organization","@id":"https:\/\/www.carmelitaniscalzi.com\/#organization","name":"CARMELITANI SCALZI - Curia Generale del Carmelo Teresiano","url":"https:\/\/www.carmelitaniscalzi.com\/","logo":{"@type":"ImageObject","inLanguage":"es","@id":"https:\/\/www.carmelitaniscalzi.com\/#\/schema\/logo\/image\/","url":"https:\/\/www.carmelitaniscalzi.com\/wp-content\/uploads\/2025\/11\/login-logo.png","contentUrl":"https:\/\/www.carmelitaniscalzi.com\/wp-content\/uploads\/2025\/11\/login-logo.png","width":256,"height":256,"caption":"CARMELITANI SCALZI - Curia Generale del Carmelo Teresiano"},"image":{"@id":"https:\/\/www.carmelitaniscalzi.com\/#\/schema\/logo\/image\/"},"sameAs":["https:\/\/www.facebook.com\/Curia-Generalizia-Carmelitani-Scalzi-658766940887784\/","https:\/\/x.com\/ocdcuria","https:\/\/www.youtube.com\/channel\/UC2J5ZL0ycOY0qBSTCLX_NGQ\/videos","https:\/\/www.instagram.com\/ocdinform\/"]},{"@type":"Person","@id":"https:\/\/www.carmelitaniscalzi.com\/#\/schema\/person\/6d1c0d9bea7b6625c437246a5d6da409","name":"ocd web master","image":{"@type":"ImageObject","inLanguage":"es","@id":"https:\/\/www.carmelitaniscalzi.com\/#\/schema\/person\/image\/","url":"https:\/\/secure.gravatar.com\/avatar\/41fbc5f82bad909fbaf2984c43fa50d8519ac5853e25b454d022b6868f80d0e7?s=96&d=mm&r=g","contentUrl":"https:\/\/secure.gravatar.com\/avatar\/41fbc5f82bad909fbaf2984c43fa50d8519ac5853e25b454d022b6868f80d0e7?s=96&d=mm&r=g","caption":"ocd web master"},"url":"https:\/\/www.carmelitaniscalzi.com\/es\/author\/ocdwebmaster\/"}]}},"_links":{"self":[{"href":"https:\/\/www.carmelitaniscalzi.com\/es\/wp-json\/wp\/v2\/posts\/9418","targetHints":{"allow":["GET"]}}],"collection":[{"href":"https:\/\/www.carmelitaniscalzi.com\/es\/wp-json\/wp\/v2\/posts"}],"about":[{"href":"https:\/\/www.carmelitaniscalzi.com\/es\/wp-json\/wp\/v2\/types\/post"}],"author":[{"embeddable":true,"href":"https:\/\/www.carmelitaniscalzi.com\/es\/wp-json\/wp\/v2\/users\/7"}],"replies":[{"embeddable":true,"href":"https:\/\/www.carmelitaniscalzi.com\/es\/wp-json\/wp\/v2\/comments?post=9418"}],"version-history":[{"count":0,"href":"https:\/\/www.carmelitaniscalzi.com\/es\/wp-json\/wp\/v2\/posts\/9418\/revisions"}],"wp:featuredmedia":[{"embeddable":true,"href":"https:\/\/www.carmelitaniscalzi.com\/es\/wp-json\/wp\/v2\/media\/9416"}],"wp:attachment":[{"href":"https:\/\/www.carmelitaniscalzi.com\/es\/wp-json\/wp\/v2\/media?parent=9418"}],"wp:term":[{"taxonomy":"category","embeddable":true,"href":"https:\/\/www.carmelitaniscalzi.com\/es\/wp-json\/wp\/v2\/categories?post=9418"},{"taxonomy":"post_tag","embeddable":true,"href":"https:\/\/www.carmelitaniscalzi.com\/es\/wp-json\/wp\/v2\/tags?post=9418"}],"curies":[{"name":"wp","href":"https:\/\/api.w.org\/{rel}","templated":true}]}}