{"id":88582,"date":"2021-10-29T02:06:24","date_gmt":"2021-10-29T00:06:24","guid":{"rendered":"https:\/\/www.carmelitaniscalzi.com\/?p=88582"},"modified":"2021-10-29T02:06:24","modified_gmt":"2021-10-29T00:06:24","slug":"las-provincias-del-carmelo-descalzo-de-brasil-organizan-un-congreso-en-honor-de-san-jose","status":"publish","type":"post","link":"https:\/\/www.carmelitaniscalzi.com\/es\/2021\/10\/29\/las-provincias-del-carmelo-descalzo-de-brasil-organizan-un-congreso-en-honor-de-san-jose\/","title":{"rendered":"Las provincias del Carmelo Descalzo de Brasil organizan un Congreso en honor de San Jos\u00e9"},"content":{"rendered":"<p>Del 9 al 15 de octubre, con ocasi\u00f3n del a\u00f1o dedicado a San Jos\u00e9, se celebr\u00f3 el 1<sup>er<\/sup> Congreso interprovincial del Carmelo Descalzo, cuyo tema era \u201cSan Jos\u00e9: entre silencio y acci\u00f3n\u201d. El evento online, organizado por las Provincias del Carmelo Descalzo en Brasil, ha sido transmitido a trav\u00e9s de los canales YouTube de la OCDS. Los v\u00eddeos alcanzaron un total de m\u00e1s de ocho mil visitas, con participantes de diferentes pa\u00edses.<\/p>\n<p>El congreso fue un gran momento de fraternidad y formaci\u00f3n para toda la familia teresiana brasile\u00f1a y un notable testimonio de comuni\u00f3n en el carisma teresiano: las tres ramas (frailes, monjas y seculares) de las dos provincias de Brasil (San Jos\u00e9 y Virgen del Carmelo) asumieron juntos toda la organizaci\u00f3n, permitiendo as\u00ed a todos participar en la difusi\u00f3n de nuestro amor com\u00fan por San Jos\u00e9.<\/p>\n<p>Los participantes tuvieron acceso a varias actividades formativas para profundizar en la espiritualidad de San Jos\u00e9: enfoque b\u00edblico, ense\u00f1anza de los Papas, paternidad, devociones, artes, etc. El evento tambi\u00e9n se caracteriz\u00f3 por varias actuaciones art\u00edsticas, en particular la de los participantes en el concurso musical en honor de San Jos\u00e9. Las misas de apertura y de clausura fueron celebradas por los superiores de las dos provincias brasile\u00f1as, y se pudo celebrar un triduo en homenaje a Santa Teresa de Jes\u00fas, nuestra Madre.<\/p>\n<p>Este congreso interprovincial en honor de San Jos\u00e9 celebr\u00f3, desde una perspectiva teresiana, el 150 aniversario de la proclamaci\u00f3n de San Jos\u00e9 como patrono de la Iglesia. Esperamos que este gran acontecimiento d\u00e9 frutos espirituales para el bien de todo el pueblo de Dios y la bendici\u00f3n de San Jos\u00e9 para toda la familia carmelita en Brasil.<\/p>\n<p>&nbsp;<\/p>\n<div class=\"wpmf-gallerys wpmf-gallerys-life \" ><div id=\"gallery-1\"\n data-gutter-width=\"5\"\n  data-wpmfcolumns=\"4\" class=\"wpmf-gallery gallery-link-file gallery_life gallery-masonry gallery-columns-4 gallery-size-thumbnail wpmf-gallery-bottomspace-default wpmf-gallery-clear wpmf-has-border-radius-0 wpmf-gutterwidth-5\"><div class=\"wpmf-gallery-item\n     wpmf-gallery-item-position-0 wpmf-gallery-item-attachment-88549\" data-index=\"0\"><div class=\"wpmf-gallery-icon\"><a class=\" not_video noLightbox\" data-lightbox=\"1\" data-href=\"https:\/\/www.carmelitaniscalzi.com\/wp-content\/uploads\/2021\/10\/Rose-1024x576.jpg\" title=\"Rose\" target=\"_self\" data-index=\"0\"><img decoding=\"async\" class=\"wpmf_img\" alt=\"Rose\" src=\"https:\/\/www.carmelitaniscalzi.com\/wp-content\/uploads\/2021\/10\/Rose-150x150.jpg\" data-type=\"wpmfgalleryimg\" data-lazy-src=\"https:\/\/www.carmelitaniscalzi.com\/wp-content\/uploads\/2021\/10\/Rose-150x150.jpg\"><\/a><\/div><\/div><div class=\"wpmf-gallery-item\n     wpmf-gallery-item-position-1 wpmf-gallery-item-attachment-88543\" data-index=\"1\"><div class=\"wpmf-gallery-icon\"><a class=\" not_video noLightbox\" data-lightbox=\"1\" data-href=\"https:\/\/www.carmelitaniscalzi.com\/wp-content\/uploads\/2021\/10\/l-Congresso-Inteprovincial-69-1024x576.jpg\" title=\"l Congresso Inteprovincial -69\" target=\"_self\" data-index=\"1\"><img decoding=\"async\" class=\"wpmf_img\" alt=\"l Congresso Inteprovincial -69\" src=\"https:\/\/www.carmelitaniscalzi.com\/wp-content\/uploads\/2021\/10\/l-Congresso-Inteprovincial-69-150x150.jpg\" data-type=\"wpmfgalleryimg\" data-lazy-src=\"https:\/\/www.carmelitaniscalzi.com\/wp-content\/uploads\/2021\/10\/l-Congresso-Inteprovincial-69-150x150.jpg\"><\/a><\/div><\/div><div class=\"wpmf-gallery-item\n     wpmf-gallery-item-position-2 wpmf-gallery-item-attachment-88537\" data-index=\"2\"><div class=\"wpmf-gallery-icon\"><a class=\" not_video noLightbox\" data-lightbox=\"1\" data-href=\"https:\/\/www.carmelitaniscalzi.com\/wp-content\/uploads\/2021\/10\/l-Congresso-Inteprovincial-6-1024x458.jpg\" title=\"l Congresso Inteprovincial -6\" target=\"_self\" data-index=\"2\"><img decoding=\"async\" class=\"wpmf_img\" alt=\"l Congresso Inteprovincial -6\" src=\"https:\/\/www.carmelitaniscalzi.com\/wp-content\/uploads\/2021\/10\/l-Congresso-Inteprovincial-6-150x150.jpg\" data-type=\"wpmfgalleryimg\" data-lazy-src=\"https:\/\/www.carmelitaniscalzi.com\/wp-content\/uploads\/2021\/10\/l-Congresso-Inteprovincial-6-150x150.jpg\"><\/a><\/div><\/div><div class=\"wpmf-gallery-item\n     wpmf-gallery-item-position-3 wpmf-gallery-item-attachment-88531\" data-index=\"3\"><div class=\"wpmf-gallery-icon\"><a class=\" not_video noLightbox\" data-lightbox=\"1\" data-href=\"https:\/\/www.carmelitaniscalzi.com\/wp-content\/uploads\/2021\/10\/IMG-20211003-WA0005.jpg\" title=\"IMG-20211003-WA0005\" target=\"_self\" data-index=\"3\"><img decoding=\"async\" class=\"wpmf_img\" alt=\"IMG-20211003-WA0005\" src=\"https:\/\/www.carmelitaniscalzi.com\/wp-content\/uploads\/2021\/10\/IMG-20211003-WA0005-150x150.jpg\" data-type=\"wpmfgalleryimg\" data-lazy-src=\"https:\/\/www.carmelitaniscalzi.com\/wp-content\/uploads\/2021\/10\/IMG-20211003-WA0005-150x150.jpg\"><\/a><\/div><\/div><div class=\"wpmf-gallery-item\n     wpmf-gallery-item-position-4 wpmf-gallery-item-attachment-88525\" data-index=\"4\"><div class=\"wpmf-gallery-icon\"><a class=\" not_video noLightbox\" data-lightbox=\"1\" data-href=\"https:\/\/www.carmelitaniscalzi.com\/wp-content\/uploads\/2021\/10\/IMG_20211014_211503107-768x437-1.jpg\" title=\"IMG_20211014_211503107-768x437\" target=\"_self\" data-index=\"4\"><img decoding=\"async\" class=\"wpmf_img\" alt=\"IMG_20211014_211503107-768x437\" src=\"https:\/\/www.carmelitaniscalzi.com\/wp-content\/uploads\/2021\/10\/IMG_20211014_211503107-768x437-1-150x150.jpg\" data-type=\"wpmfgalleryimg\" data-lazy-src=\"https:\/\/www.carmelitaniscalzi.com\/wp-content\/uploads\/2021\/10\/IMG_20211014_211503107-768x437-1-150x150.jpg\"><\/a><\/div><\/div><div class=\"wpmf-gallery-item\n     wpmf-gallery-item-position-5 wpmf-gallery-item-attachment-88519\" data-index=\"5\"><div class=\"wpmf-gallery-icon\"><a class=\" not_video noLightbox\" data-lightbox=\"1\" data-href=\"https:\/\/www.carmelitaniscalzi.com\/wp-content\/uploads\/2021\/10\/foto-di-gruppo-766x1024.png\" title=\"foto di gruppo\" target=\"_self\" data-index=\"5\"><img decoding=\"async\" class=\"wpmf_img\" alt=\"foto di gruppo\" src=\"https:\/\/www.carmelitaniscalzi.com\/wp-content\/uploads\/2021\/10\/foto-di-gruppo-150x150.png\" data-type=\"wpmfgalleryimg\" data-lazy-src=\"https:\/\/www.carmelitaniscalzi.com\/wp-content\/uploads\/2021\/10\/foto-di-gruppo-150x150.png\"><\/a><\/div><\/div><\/div><\/div>\n\n","protected":false},"excerpt":{"rendered":"<p>Del 9 al 15 de octubre, con ocasi\u00f3n del a\u00f1o dedicado a San Jos\u00e9, se celebr\u00f3 el 1er Congreso interprovincial del Carmelo Descalzo, cuyo tema era \u201cSan Jos\u00e9: entre silencio y acci\u00f3n\u201d. El evento online, organizado por las Provincias del Carmelo Descalzo en Brasil, ha sido transmitido a trav\u00e9s de los canales YouTube de la [&hellip;]<\/p>\n","protected":false},"author":7,"featured_media":88561,"comment_status":"closed","ping_status":"open","sticky":false,"template":"","format":"standard","meta":{"_acf_changed":false,"footnotes":""},"categories":[174,176,263],"tags":[],"class_list":["post-88582","post","type-post","status-publish","format-standard","has-post-thumbnail","hentry","category-noticias-frailes","category-noticias-monjas","category-noticias-ocds"],"acf":[],"yoast_head":"<!-- This site is optimized with the Yoast SEO plugin v26.3 - https:\/\/yoast.com\/wordpress\/plugins\/seo\/ -->\n<title>Las provincias del Carmelo Descalzo de Brasil organizan un Congreso en honor de San Jos\u00e9 - CARMELITAS DESCALZOS<\/title>\n<meta name=\"robots\" content=\"index, follow, max-snippet:-1, max-image-preview:large, max-video-preview:-1\" \/>\n<link rel=\"canonical\" href=\"https:\/\/www.carmelitaniscalzi.com\/es\/2021\/10\/29\/las-provincias-del-carmelo-descalzo-de-brasil-organizan-un-congreso-en-honor-de-san-jose\/\" \/>\n<meta property=\"og:locale\" content=\"es_ES\" \/>\n<meta property=\"og:type\" content=\"article\" \/>\n<meta property=\"og:title\" content=\"Las provincias del Carmelo Descalzo de Brasil organizan un Congreso en honor de San Jos\u00e9 - CARMELITAS DESCALZOS\" \/>\n<meta property=\"og:description\" content=\"Del 9 al 15 de octubre, con ocasi\u00f3n del a\u00f1o dedicado a San Jos\u00e9, se celebr\u00f3 el 1er Congreso interprovincial del Carmelo Descalzo, cuyo tema era \u201cSan Jos\u00e9: entre silencio y acci\u00f3n\u201d. El evento online, organizado por las Provincias del Carmelo Descalzo en Brasil, ha sido transmitido a trav\u00e9s de los canales YouTube de la [&hellip;]\" \/>\n<meta property=\"og:url\" content=\"https:\/\/www.carmelitaniscalzi.com\/es\/2021\/10\/29\/las-provincias-del-carmelo-descalzo-de-brasil-organizan-un-congreso-en-honor-de-san-jose\/\" \/>\n<meta property=\"og:site_name\" content=\"CARMELITAS DESCALZOS\" \/>\n<meta property=\"article:publisher\" content=\"https:\/\/www.facebook.com\/Curia-Generalizia-Carmelitani-Scalzi-658766940887784\/\" \/>\n<meta property=\"article:published_time\" content=\"2021-10-29T00:06:24+00:00\" \/>\n<meta property=\"og:image\" content=\"https:\/\/www.carmelitaniscalzi.com\/wp-content\/uploads\/2021\/10\/cover_brasil.jpg\" \/>\n\t<meta property=\"og:image:width\" content=\"1000\" \/>\n\t<meta property=\"og:image:height\" content=\"600\" \/>\n\t<meta property=\"og:image:type\" content=\"image\/jpeg\" \/>\n<meta name=\"author\" content=\"ocd web master\" \/>\n<meta name=\"twitter:card\" content=\"summary_large_image\" \/>\n<meta name=\"twitter:creator\" content=\"@ocdcuria\" \/>\n<meta name=\"twitter:site\" content=\"@ocdcuria\" \/>\n<meta name=\"twitter:label1\" content=\"Escrito por\" \/>\n\t<meta name=\"twitter:data1\" content=\"ocd web master\" \/>\n\t<meta name=\"twitter:label2\" content=\"Tiempo de lectura\" \/>\n\t<meta name=\"twitter:data2\" content=\"2 minutos\" \/>\n<script type=\"application\/ld+json\" class=\"yoast-schema-graph\">{\"@context\":\"https:\/\/schema.org\",\"@graph\":[{\"@type\":\"Article\",\"@id\":\"https:\/\/www.carmelitaniscalzi.com\/es\/2021\/10\/29\/las-provincias-del-carmelo-descalzo-de-brasil-organizan-un-congreso-en-honor-de-san-jose\/#article\",\"isPartOf\":{\"@id\":\"https:\/\/www.carmelitaniscalzi.com\/es\/2021\/10\/29\/las-provincias-del-carmelo-descalzo-de-brasil-organizan-un-congreso-en-honor-de-san-jose\/\"},\"author\":{\"name\":\"ocd web master\",\"@id\":\"https:\/\/www.carmelitaniscalzi.com\/#\/schema\/person\/6d1c0d9bea7b6625c437246a5d6da409\"},\"headline\":\"Las provincias del Carmelo Descalzo de Brasil organizan un Congreso en honor de San Jos\u00e9\",\"datePublished\":\"2021-10-29T00:06:24+00:00\",\"mainEntityOfPage\":{\"@id\":\"https:\/\/www.carmelitaniscalzi.com\/es\/2021\/10\/29\/las-provincias-del-carmelo-descalzo-de-brasil-organizan-un-congreso-en-honor-de-san-jose\/\"},\"wordCount\":320,\"publisher\":{\"@id\":\"https:\/\/www.carmelitaniscalzi.com\/#organization\"},\"image\":{\"@id\":\"https:\/\/www.carmelitaniscalzi.com\/es\/2021\/10\/29\/las-provincias-del-carmelo-descalzo-de-brasil-organizan-un-congreso-en-honor-de-san-jose\/#primaryimage\"},\"thumbnailUrl\":\"https:\/\/www.carmelitaniscalzi.com\/wp-content\/uploads\/2021\/10\/cover_brasil.jpg\",\"articleSection\":[\"Noticias Frailes\",\"Noticias Monjas\",\"Noticias OCDS\"],\"inLanguage\":\"es\"},{\"@type\":\"WebPage\",\"@id\":\"https:\/\/www.carmelitaniscalzi.com\/es\/2021\/10\/29\/las-provincias-del-carmelo-descalzo-de-brasil-organizan-un-congreso-en-honor-de-san-jose\/\",\"url\":\"https:\/\/www.carmelitaniscalzi.com\/es\/2021\/10\/29\/las-provincias-del-carmelo-descalzo-de-brasil-organizan-un-congreso-en-honor-de-san-jose\/\",\"name\":\"Las provincias del Carmelo Descalzo de Brasil organizan un Congreso en honor de San Jos\u00e9 - CARMELITAS DESCALZOS\",\"isPartOf\":{\"@id\":\"https:\/\/www.carmelitaniscalzi.com\/#website\"},\"primaryImageOfPage\":{\"@id\":\"https:\/\/www.carmelitaniscalzi.com\/es\/2021\/10\/29\/las-provincias-del-carmelo-descalzo-de-brasil-organizan-un-congreso-en-honor-de-san-jose\/#primaryimage\"},\"image\":{\"@id\":\"https:\/\/www.carmelitaniscalzi.com\/es\/2021\/10\/29\/las-provincias-del-carmelo-descalzo-de-brasil-organizan-un-congreso-en-honor-de-san-jose\/#primaryimage\"},\"thumbnailUrl\":\"https:\/\/www.carmelitaniscalzi.com\/wp-content\/uploads\/2021\/10\/cover_brasil.jpg\",\"datePublished\":\"2021-10-29T00:06:24+00:00\",\"breadcrumb\":{\"@id\":\"https:\/\/www.carmelitaniscalzi.com\/es\/2021\/10\/29\/las-provincias-del-carmelo-descalzo-de-brasil-organizan-un-congreso-en-honor-de-san-jose\/#breadcrumb\"},\"inLanguage\":\"es\",\"potentialAction\":[{\"@type\":\"ReadAction\",\"target\":[\"https:\/\/www.carmelitaniscalzi.com\/es\/2021\/10\/29\/las-provincias-del-carmelo-descalzo-de-brasil-organizan-un-congreso-en-honor-de-san-jose\/\"]}]},{\"@type\":\"ImageObject\",\"inLanguage\":\"es\",\"@id\":\"https:\/\/www.carmelitaniscalzi.com\/es\/2021\/10\/29\/las-provincias-del-carmelo-descalzo-de-brasil-organizan-un-congreso-en-honor-de-san-jose\/#primaryimage\",\"url\":\"https:\/\/www.carmelitaniscalzi.com\/wp-content\/uploads\/2021\/10\/cover_brasil.jpg\",\"contentUrl\":\"https:\/\/www.carmelitaniscalzi.com\/wp-content\/uploads\/2021\/10\/cover_brasil.jpg\",\"width\":1000,\"height\":600},{\"@type\":\"BreadcrumbList\",\"@id\":\"https:\/\/www.carmelitaniscalzi.com\/es\/2021\/10\/29\/las-provincias-del-carmelo-descalzo-de-brasil-organizan-un-congreso-en-honor-de-san-jose\/#breadcrumb\",\"itemListElement\":[{\"@type\":\"ListItem\",\"position\":1,\"name\":\"Home\",\"item\":\"https:\/\/www.carmelitaniscalzi.com\/es\/\"},{\"@type\":\"ListItem\",\"position\":2,\"name\":\"Las provincias del Carmelo Descalzo de Brasil organizan un Congreso en honor de San Jos\u00e9\"}]},{\"@type\":\"WebSite\",\"@id\":\"https:\/\/www.carmelitaniscalzi.com\/#website\",\"url\":\"https:\/\/www.carmelitaniscalzi.com\/\",\"name\":\"CARMELITANI SCALZI - Curia Generale del Carmelo Teresiano\",\"description\":\"Curia General del Carmelo Teresiano\",\"publisher\":{\"@id\":\"https:\/\/www.carmelitaniscalzi.com\/#organization\"},\"alternateName\":\"CARMELITANI SCALZI\",\"potentialAction\":[{\"@type\":\"SearchAction\",\"target\":{\"@type\":\"EntryPoint\",\"urlTemplate\":\"https:\/\/www.carmelitaniscalzi.com\/?s={search_term_string}\"},\"query-input\":{\"@type\":\"PropertyValueSpecification\",\"valueRequired\":true,\"valueName\":\"search_term_string\"}}],\"inLanguage\":\"es\"},{\"@type\":\"Organization\",\"@id\":\"https:\/\/www.carmelitaniscalzi.com\/#organization\",\"name\":\"CARMELITANI SCALZI - Curia Generale del Carmelo Teresiano\",\"url\":\"https:\/\/www.carmelitaniscalzi.com\/\",\"logo\":{\"@type\":\"ImageObject\",\"inLanguage\":\"es\",\"@id\":\"https:\/\/www.carmelitaniscalzi.com\/#\/schema\/logo\/image\/\",\"url\":\"https:\/\/www.carmelitaniscalzi.com\/wp-content\/uploads\/2025\/11\/login-logo.png\",\"contentUrl\":\"https:\/\/www.carmelitaniscalzi.com\/wp-content\/uploads\/2025\/11\/login-logo.png\",\"width\":256,\"height\":256,\"caption\":\"CARMELITANI SCALZI - Curia Generale del Carmelo Teresiano\"},\"image\":{\"@id\":\"https:\/\/www.carmelitaniscalzi.com\/#\/schema\/logo\/image\/\"},\"sameAs\":[\"https:\/\/www.facebook.com\/Curia-Generalizia-Carmelitani-Scalzi-658766940887784\/\",\"https:\/\/x.com\/ocdcuria\",\"https:\/\/www.youtube.com\/channel\/UC2J5ZL0ycOY0qBSTCLX_NGQ\/videos\",\"https:\/\/www.instagram.com\/ocdinform\/\"]},{\"@type\":\"Person\",\"@id\":\"https:\/\/www.carmelitaniscalzi.com\/#\/schema\/person\/6d1c0d9bea7b6625c437246a5d6da409\",\"name\":\"ocd web master\",\"image\":{\"@type\":\"ImageObject\",\"inLanguage\":\"es\",\"@id\":\"https:\/\/www.carmelitaniscalzi.com\/#\/schema\/person\/image\/\",\"url\":\"https:\/\/secure.gravatar.com\/avatar\/41fbc5f82bad909fbaf2984c43fa50d8519ac5853e25b454d022b6868f80d0e7?s=96&d=mm&r=g\",\"contentUrl\":\"https:\/\/secure.gravatar.com\/avatar\/41fbc5f82bad909fbaf2984c43fa50d8519ac5853e25b454d022b6868f80d0e7?s=96&d=mm&r=g\",\"caption\":\"ocd web master\"},\"url\":\"https:\/\/www.carmelitaniscalzi.com\/es\/author\/ocdwebmaster\/\"}]}<\/script>\n<!-- \/ Yoast SEO plugin. -->","yoast_head_json":{"title":"Las provincias del Carmelo Descalzo de Brasil organizan un Congreso en honor de San Jos\u00e9 - CARMELITAS DESCALZOS","robots":{"index":"index","follow":"follow","max-snippet":"max-snippet:-1","max-image-preview":"max-image-preview:large","max-video-preview":"max-video-preview:-1"},"canonical":"https:\/\/www.carmelitaniscalzi.com\/es\/2021\/10\/29\/las-provincias-del-carmelo-descalzo-de-brasil-organizan-un-congreso-en-honor-de-san-jose\/","og_locale":"es_ES","og_type":"article","og_title":"Las provincias del Carmelo Descalzo de Brasil organizan un Congreso en honor de San Jos\u00e9 - CARMELITAS DESCALZOS","og_description":"Del 9 al 15 de octubre, con ocasi\u00f3n del a\u00f1o dedicado a San Jos\u00e9, se celebr\u00f3 el 1er Congreso interprovincial del Carmelo Descalzo, cuyo tema era \u201cSan Jos\u00e9: entre silencio y acci\u00f3n\u201d. El evento online, organizado por las Provincias del Carmelo Descalzo en Brasil, ha sido transmitido a trav\u00e9s de los canales YouTube de la [&hellip;]","og_url":"https:\/\/www.carmelitaniscalzi.com\/es\/2021\/10\/29\/las-provincias-del-carmelo-descalzo-de-brasil-organizan-un-congreso-en-honor-de-san-jose\/","og_site_name":"CARMELITAS DESCALZOS","article_publisher":"https:\/\/www.facebook.com\/Curia-Generalizia-Carmelitani-Scalzi-658766940887784\/","article_published_time":"2021-10-29T00:06:24+00:00","og_image":[{"width":1000,"height":600,"url":"https:\/\/www.carmelitaniscalzi.com\/wp-content\/uploads\/2021\/10\/cover_brasil.jpg","type":"image\/jpeg"}],"author":"ocd web master","twitter_card":"summary_large_image","twitter_creator":"@ocdcuria","twitter_site":"@ocdcuria","twitter_misc":{"Escrito por":"ocd web master","Tiempo de lectura":"2 minutos"},"schema":{"@context":"https:\/\/schema.org","@graph":[{"@type":"Article","@id":"https:\/\/www.carmelitaniscalzi.com\/es\/2021\/10\/29\/las-provincias-del-carmelo-descalzo-de-brasil-organizan-un-congreso-en-honor-de-san-jose\/#article","isPartOf":{"@id":"https:\/\/www.carmelitaniscalzi.com\/es\/2021\/10\/29\/las-provincias-del-carmelo-descalzo-de-brasil-organizan-un-congreso-en-honor-de-san-jose\/"},"author":{"name":"ocd web master","@id":"https:\/\/www.carmelitaniscalzi.com\/#\/schema\/person\/6d1c0d9bea7b6625c437246a5d6da409"},"headline":"Las provincias del Carmelo Descalzo de Brasil organizan un Congreso en honor de San Jos\u00e9","datePublished":"2021-10-29T00:06:24+00:00","mainEntityOfPage":{"@id":"https:\/\/www.carmelitaniscalzi.com\/es\/2021\/10\/29\/las-provincias-del-carmelo-descalzo-de-brasil-organizan-un-congreso-en-honor-de-san-jose\/"},"wordCount":320,"publisher":{"@id":"https:\/\/www.carmelitaniscalzi.com\/#organization"},"image":{"@id":"https:\/\/www.carmelitaniscalzi.com\/es\/2021\/10\/29\/las-provincias-del-carmelo-descalzo-de-brasil-organizan-un-congreso-en-honor-de-san-jose\/#primaryimage"},"thumbnailUrl":"https:\/\/www.carmelitaniscalzi.com\/wp-content\/uploads\/2021\/10\/cover_brasil.jpg","articleSection":["Noticias Frailes","Noticias Monjas","Noticias OCDS"],"inLanguage":"es"},{"@type":"WebPage","@id":"https:\/\/www.carmelitaniscalzi.com\/es\/2021\/10\/29\/las-provincias-del-carmelo-descalzo-de-brasil-organizan-un-congreso-en-honor-de-san-jose\/","url":"https:\/\/www.carmelitaniscalzi.com\/es\/2021\/10\/29\/las-provincias-del-carmelo-descalzo-de-brasil-organizan-un-congreso-en-honor-de-san-jose\/","name":"Las provincias del Carmelo Descalzo de Brasil organizan un Congreso en honor de San Jos\u00e9 - CARMELITAS DESCALZOS","isPartOf":{"@id":"https:\/\/www.carmelitaniscalzi.com\/#website"},"primaryImageOfPage":{"@id":"https:\/\/www.carmelitaniscalzi.com\/es\/2021\/10\/29\/las-provincias-del-carmelo-descalzo-de-brasil-organizan-un-congreso-en-honor-de-san-jose\/#primaryimage"},"image":{"@id":"https:\/\/www.carmelitaniscalzi.com\/es\/2021\/10\/29\/las-provincias-del-carmelo-descalzo-de-brasil-organizan-un-congreso-en-honor-de-san-jose\/#primaryimage"},"thumbnailUrl":"https:\/\/www.carmelitaniscalzi.com\/wp-content\/uploads\/2021\/10\/cover_brasil.jpg","datePublished":"2021-10-29T00:06:24+00:00","breadcrumb":{"@id":"https:\/\/www.carmelitaniscalzi.com\/es\/2021\/10\/29\/las-provincias-del-carmelo-descalzo-de-brasil-organizan-un-congreso-en-honor-de-san-jose\/#breadcrumb"},"inLanguage":"es","potentialAction":[{"@type":"ReadAction","target":["https:\/\/www.carmelitaniscalzi.com\/es\/2021\/10\/29\/las-provincias-del-carmelo-descalzo-de-brasil-organizan-un-congreso-en-honor-de-san-jose\/"]}]},{"@type":"ImageObject","inLanguage":"es","@id":"https:\/\/www.carmelitaniscalzi.com\/es\/2021\/10\/29\/las-provincias-del-carmelo-descalzo-de-brasil-organizan-un-congreso-en-honor-de-san-jose\/#primaryimage","url":"https:\/\/www.carmelitaniscalzi.com\/wp-content\/uploads\/2021\/10\/cover_brasil.jpg","contentUrl":"https:\/\/www.carmelitaniscalzi.com\/wp-content\/uploads\/2021\/10\/cover_brasil.jpg","width":1000,"height":600},{"@type":"BreadcrumbList","@id":"https:\/\/www.carmelitaniscalzi.com\/es\/2021\/10\/29\/las-provincias-del-carmelo-descalzo-de-brasil-organizan-un-congreso-en-honor-de-san-jose\/#breadcrumb","itemListElement":[{"@type":"ListItem","position":1,"name":"Home","item":"https:\/\/www.carmelitaniscalzi.com\/es\/"},{"@type":"ListItem","position":2,"name":"Las provincias del Carmelo Descalzo de Brasil organizan un Congreso en honor de San Jos\u00e9"}]},{"@type":"WebSite","@id":"https:\/\/www.carmelitaniscalzi.com\/#website","url":"https:\/\/www.carmelitaniscalzi.com\/","name":"CARMELITANI SCALZI - Curia Generale del Carmelo Teresiano","description":"Curia General del Carmelo Teresiano","publisher":{"@id":"https:\/\/www.carmelitaniscalzi.com\/#organization"},"alternateName":"CARMELITANI SCALZI","potentialAction":[{"@type":"SearchAction","target":{"@type":"EntryPoint","urlTemplate":"https:\/\/www.carmelitaniscalzi.com\/?s={search_term_string}"},"query-input":{"@type":"PropertyValueSpecification","valueRequired":true,"valueName":"search_term_string"}}],"inLanguage":"es"},{"@type":"Organization","@id":"https:\/\/www.carmelitaniscalzi.com\/#organization","name":"CARMELITANI SCALZI - Curia Generale del Carmelo Teresiano","url":"https:\/\/www.carmelitaniscalzi.com\/","logo":{"@type":"ImageObject","inLanguage":"es","@id":"https:\/\/www.carmelitaniscalzi.com\/#\/schema\/logo\/image\/","url":"https:\/\/www.carmelitaniscalzi.com\/wp-content\/uploads\/2025\/11\/login-logo.png","contentUrl":"https:\/\/www.carmelitaniscalzi.com\/wp-content\/uploads\/2025\/11\/login-logo.png","width":256,"height":256,"caption":"CARMELITANI SCALZI - Curia Generale del Carmelo Teresiano"},"image":{"@id":"https:\/\/www.carmelitaniscalzi.com\/#\/schema\/logo\/image\/"},"sameAs":["https:\/\/www.facebook.com\/Curia-Generalizia-Carmelitani-Scalzi-658766940887784\/","https:\/\/x.com\/ocdcuria","https:\/\/www.youtube.com\/channel\/UC2J5ZL0ycOY0qBSTCLX_NGQ\/videos","https:\/\/www.instagram.com\/ocdinform\/"]},{"@type":"Person","@id":"https:\/\/www.carmelitaniscalzi.com\/#\/schema\/person\/6d1c0d9bea7b6625c437246a5d6da409","name":"ocd web master","image":{"@type":"ImageObject","inLanguage":"es","@id":"https:\/\/www.carmelitaniscalzi.com\/#\/schema\/person\/image\/","url":"https:\/\/secure.gravatar.com\/avatar\/41fbc5f82bad909fbaf2984c43fa50d8519ac5853e25b454d022b6868f80d0e7?s=96&d=mm&r=g","contentUrl":"https:\/\/secure.gravatar.com\/avatar\/41fbc5f82bad909fbaf2984c43fa50d8519ac5853e25b454d022b6868f80d0e7?s=96&d=mm&r=g","caption":"ocd web master"},"url":"https:\/\/www.carmelitaniscalzi.com\/es\/author\/ocdwebmaster\/"}]}},"_links":{"self":[{"href":"https:\/\/www.carmelitaniscalzi.com\/es\/wp-json\/wp\/v2\/posts\/88582","targetHints":{"allow":["GET"]}}],"collection":[{"href":"https:\/\/www.carmelitaniscalzi.com\/es\/wp-json\/wp\/v2\/posts"}],"about":[{"href":"https:\/\/www.carmelitaniscalzi.com\/es\/wp-json\/wp\/v2\/types\/post"}],"author":[{"embeddable":true,"href":"https:\/\/www.carmelitaniscalzi.com\/es\/wp-json\/wp\/v2\/users\/7"}],"replies":[{"embeddable":true,"href":"https:\/\/www.carmelitaniscalzi.com\/es\/wp-json\/wp\/v2\/comments?post=88582"}],"version-history":[{"count":1,"href":"https:\/\/www.carmelitaniscalzi.com\/es\/wp-json\/wp\/v2\/posts\/88582\/revisions"}],"predecessor-version":[{"id":88583,"href":"https:\/\/www.carmelitaniscalzi.com\/es\/wp-json\/wp\/v2\/posts\/88582\/revisions\/88583"}],"wp:featuredmedia":[{"embeddable":true,"href":"https:\/\/www.carmelitaniscalzi.com\/es\/wp-json\/wp\/v2\/media\/88561"}],"wp:attachment":[{"href":"https:\/\/www.carmelitaniscalzi.com\/es\/wp-json\/wp\/v2\/media?parent=88582"}],"wp:term":[{"taxonomy":"category","embeddable":true,"href":"https:\/\/www.carmelitaniscalzi.com\/es\/wp-json\/wp\/v2\/categories?post=88582"},{"taxonomy":"post_tag","embeddable":true,"href":"https:\/\/www.carmelitaniscalzi.com\/es\/wp-json\/wp\/v2\/tags?post=88582"}],"curies":[{"name":"wp","href":"https:\/\/api.w.org\/{rel}","templated":true}]}}