{"id":78750,"date":"2021-09-04T23:30:34","date_gmt":"2021-09-04T21:30:34","guid":{"rendered":"https:\/\/www.carmelitaniscalzi.com\/?p=78750"},"modified":"2021-09-05T01:19:32","modified_gmt":"2021-09-04T23:19:32","slug":"sabado-4-de-septiembre-de-2021","status":"publish","type":"post","link":"https:\/\/www.carmelitaniscalzi.com\/es\/2021\/09\/04\/sabado-4-de-septiembre-de-2021\/","title":{"rendered":"S\u00e1bado 4 de septiembre de 2021"},"content":{"rendered":"<p>Nuestros hermanos de lengua espa\u00f1ola han animado la liturgia capitular. La misa fue presididad por el P. Carlos A. Ospina, ocd, provincial de Colombia, quien, en su homil\u00eda nos habl\u00f3 de que nuestra diversidad, fuente de riqueza, se transforma en unidad gracias al Evangelio. Si nos aferramos a la Palabra de Dios, no habr\u00e1 miedo ni tirantez, sino amplitud y libertad, frutos del Esp\u00edritu Santo. Estamos aqu\u00ed, nos recordaba, para la Iglesia, que se funda en el amor de Cristo.<\/p>\n<p>Al inicio de la sesi\u00f3n matutina, el P. Agust\u00ed Borrell, ocd, Vicario General de la Orden, present\u00f3 la Declaraci\u00f3n sobre el carisma carmelitano-teresiano. El texto es fruto del camino iniciado por la Orden con el Cap\u00edtulo General de \u00c1vila del 2015: Anteriormente la Orden hab\u00eda llevado a cabo la lectura de las obras de la Santa Madre, despu\u00e9s, durante este sexenio, se realiz\u00f3 la relectura de las Constituciones y, finalmente, el Definitorio Extraordinario de Goa (India) de 2019, decidi\u00f3 que se redactarse una Declaraci\u00f3n sobre nuestro carisma. Despu\u00e9s de enviar un borrador a las provincias y someterlo al estudio de algunos grupos de religiosos, el Definitorio General, integrando las sugerencias recibidas, ha preparado un texto que se someter\u00e1 a la aprobaci\u00f3n del Cap\u00edtulo.<\/p>\n<p>A las 16:00 los capitulares se reunieron en la bas\u00edlica de la Casa General de La Salle, donde nos hospedamos, para invocar al Esp\u00edritu Santo antes de la elecci\u00f3n del nuevo Prep\u00f3sito General. Tras el canto del <em>Veni Creator Spiritus<\/em>, se proclam\u00f3 un texto de la Carta a los Colosenses de San Pablo y se ley\u00f3 tambi\u00e9n un fragmento de la Regla de San Alberto. Tras unos minutos de oraci\u00f3n en silencio, la Asamblea se traslad\u00f3 al Aula, donde fue elegido nuevo Prep\u00f3sito el P. Miguel M\u00e1rquez Calle, ocd (Miguel de Mar\u00eda). Aceptado el cargo y cumplidos los requisitos para su nombramiento, la Asamblea se traslad\u00f3 de nuevo a la bas\u00edlica donde se cant\u00f3 el <em>Te Deum<\/em>, terminado el cual todos los capitulares, los oficiales de la Curia y los religiosos que cumplen servicios para el cap\u00edtulo dieron un abrazo fraterno al nuevo general. El P. Miguel, al saludar a toda la Asamblea hizo suyas, comparti\u00e9ndolas, las palabras de \u00ab<em>Chiquitunga<\/em>\u00bb en su toma de h\u00e1bito: \u00abYo me entrego a Ti, no s\u00e9 a qu\u00e9, pero me entrego; con miedo sin embargo y cobard\u00eda, pero me entrego\u2026, confiada s\u00f3lo a tu misericordia me arrojo a esto que sobrepasa toda fuerza humana y m\u00e1s a\u00fan la m\u00eda\u2026 \u00a1Ten piedad de m\u00ed! \u00a1Ay\u00fadame a querer lo que t\u00fa quieras, Jes\u00fas!\u00bb (Bta. Mar\u00eda Felicia de Jes\u00fas Sacramentado).<\/p>\n<p>El acto concluy\u00f3 con el canto de la <em>Salve Regina<\/em> solemne.<\/p>\n<p>El P. Miguel M\u00e1rquez Calle, de Mar\u00eda, naci\u00f3 el 5 de octubre de 1965 en Plasencia, C\u00e1ceres, Espa\u00f1a, en el seno de una familia humilde y trabajadora. Tiene una hermana y tres hermanos, frutos del matrimonio entre Miguel y Leo, ya fallecidos, <em>pues el Se\u00f1or ha tenido a ambos por m\u00e1s dignos del cielo que de la tierra<\/em>. El P. Miguel conoci\u00f3 a la Orden gracias a las Carmelitas Descalzas de Plasencia y a la comunidad de Carmelitas Descalzos del Santo Desierto de San Jos\u00e9 de Las Batuecas. As\u00ed, el 1 de octubre de 1985, tras cumplir un a\u00f1o de postulantado y otro de noviciado en Salamanca, hizo su primera profesi\u00f3n y, en la misma ciudad, emiti\u00f3 los votos solemnes el 21 de octubre de 1989, siendo ordenado sacerdote el 23 de junio de 1990. Licenciado en Teolog\u00eda Dogm\u00e1tica por la Universidad Pontifica Comillas en Madrid, con una tesis que ten\u00eda por t\u00edtulo \u201cLa imagen de Dios en el Magn\u00edficat\u201d, ha escrito numerosos libros de espiritualidad y ha colaborado en diversas revistas cient\u00edficas y divulgativas del \u00e1mbito hispano. Ha trabajado en diversos campos de la pastoral de la espiritualidad: j\u00f3venes, atenci\u00f3n personalizada, atenci\u00f3n a comunidades religiosas, particularmente de Carmelitas Descalzas. En 2015 predic\u00f3 los ejercicios espirituales a la Conferencia Episcopal Espa\u00f1ola. Adem\u00e1s, ha desempe\u00f1ado diversos cargos de gobierno, primero en la Provincia de Castilla y luego en la Provincia Ib\u00e9rica. En la actualidad era conventual de la comunidad de Tenerife.<\/p>\n<p>Agradecemos al P. Miguel por haber aceptado este servicio, nos comprometemos a acompa\u00f1arle y pedir por \u00e9l en esta nueva misi\u00f3n a la que el Se\u00f1or le ha llamado, para servir a la Orden y a la Iglesia.<\/p>\n<p>&nbsp;<\/p>\n<div class=\"wpmf-gallerys wpmf-gallerys-life \" ><div id=\"gallery-1\"\n data-gutter-width=\"5\"\n  data-wpmfcolumns=\"7\" class=\"wpmf-gallery gallery-link-file gallery_life gallery-masonry gallery-columns-7 gallery-size-thumbnail wpmf-gallery-bottomspace-default wpmf-gallery-clear wpmf-has-border-radius-0 wpmf-gutterwidth-5\"><div class=\"wpmf-gallery-item\n     wpmf-gallery-item-position-0 wpmf-gallery-item-attachment-78606\" data-index=\"0\"><div class=\"wpmf-gallery-icon\"><a class=\" not_video noLightbox\" data-lightbox=\"1\" data-href=\"https:\/\/www.carmelitaniscalzi.com\/wp-content\/uploads\/2021\/09\/JMP6402b.jpg\" title=\"_JMP6402b\" target=\"_self\" data-index=\"0\"><img decoding=\"async\" class=\"wpmf_img\" alt=\"_JMP6402b\" src=\"https:\/\/www.carmelitaniscalzi.com\/wp-content\/uploads\/2021\/09\/JMP6402b-150x150.jpg\" data-type=\"wpmfgalleryimg\" data-lazy-src=\"https:\/\/www.carmelitaniscalzi.com\/wp-content\/uploads\/2021\/09\/JMP6402b-150x150.jpg\"><\/a><\/div><\/div><div class=\"wpmf-gallery-item\n     wpmf-gallery-item-position-1 wpmf-gallery-item-attachment-78612\" data-index=\"1\"><div class=\"wpmf-gallery-icon\"><a class=\" not_video noLightbox\" data-lightbox=\"1\" data-href=\"https:\/\/www.carmelitaniscalzi.com\/wp-content\/uploads\/2021\/09\/JMP6402C.jpg\" title=\"_JMP6402C\" target=\"_self\" data-index=\"1\"><img decoding=\"async\" class=\"wpmf_img\" alt=\"_JMP6402C\" src=\"https:\/\/www.carmelitaniscalzi.com\/wp-content\/uploads\/2021\/09\/JMP6402C-150x150.jpg\" data-type=\"wpmfgalleryimg\" data-lazy-src=\"https:\/\/www.carmelitaniscalzi.com\/wp-content\/uploads\/2021\/09\/JMP6402C-150x150.jpg\"><\/a><\/div><\/div><div class=\"wpmf-gallery-item\n     wpmf-gallery-item-position-2 wpmf-gallery-item-attachment-78642\" data-index=\"2\"><div class=\"wpmf-gallery-icon\"><a class=\" not_video noLightbox\" data-lightbox=\"1\" data-href=\"https:\/\/www.carmelitaniscalzi.com\/wp-content\/uploads\/2021\/09\/JMP6513.jpg\" title=\"_JMP6513\" target=\"_self\" data-index=\"2\"><img decoding=\"async\" class=\"wpmf_img\" alt=\"_JMP6513\" src=\"https:\/\/www.carmelitaniscalzi.com\/wp-content\/uploads\/2021\/09\/JMP6513-150x150.jpg\" data-type=\"wpmfgalleryimg\" data-lazy-src=\"https:\/\/www.carmelitaniscalzi.com\/wp-content\/uploads\/2021\/09\/JMP6513-150x150.jpg\"><\/a><\/div><\/div><div class=\"wpmf-gallery-item\n     wpmf-gallery-item-position-3 wpmf-gallery-item-attachment-78648\" data-index=\"3\"><div class=\"wpmf-gallery-icon\"><a class=\" not_video noLightbox\" data-lightbox=\"1\" data-href=\"https:\/\/www.carmelitaniscalzi.com\/wp-content\/uploads\/2021\/09\/JMP6518.jpg\" title=\"_JMP6518\" target=\"_self\" data-index=\"3\"><img decoding=\"async\" class=\"wpmf_img\" alt=\"_JMP6518\" src=\"https:\/\/www.carmelitaniscalzi.com\/wp-content\/uploads\/2021\/09\/JMP6518-150x150.jpg\" data-type=\"wpmfgalleryimg\" data-lazy-src=\"https:\/\/www.carmelitaniscalzi.com\/wp-content\/uploads\/2021\/09\/JMP6518-150x150.jpg\"><\/a><\/div><\/div><div class=\"wpmf-gallery-item\n     wpmf-gallery-item-position-4 wpmf-gallery-item-attachment-78654\" data-index=\"4\"><div class=\"wpmf-gallery-icon\"><a class=\" not_video noLightbox\" data-lightbox=\"1\" data-href=\"https:\/\/www.carmelitaniscalzi.com\/wp-content\/uploads\/2021\/09\/JMP6519.jpg\" title=\"_JMP6519\" target=\"_self\" data-index=\"4\"><img decoding=\"async\" class=\"wpmf_img\" alt=\"_JMP6519\" src=\"https:\/\/www.carmelitaniscalzi.com\/wp-content\/uploads\/2021\/09\/JMP6519-150x150.jpg\" data-type=\"wpmfgalleryimg\" data-lazy-src=\"https:\/\/www.carmelitaniscalzi.com\/wp-content\/uploads\/2021\/09\/JMP6519-150x150.jpg\"><\/a><\/div><\/div><div class=\"wpmf-gallery-item\n     wpmf-gallery-item-position-5 wpmf-gallery-item-attachment-78660\" data-index=\"5\"><div class=\"wpmf-gallery-icon\"><a class=\" not_video noLightbox\" data-lightbox=\"1\" data-href=\"https:\/\/www.carmelitaniscalzi.com\/wp-content\/uploads\/2021\/09\/JMP6521.jpg\" title=\"_JMP6521\" target=\"_self\" data-index=\"5\"><img decoding=\"async\" class=\"wpmf_img\" alt=\"_JMP6521\" src=\"https:\/\/www.carmelitaniscalzi.com\/wp-content\/uploads\/2021\/09\/JMP6521-150x150.jpg\" data-type=\"wpmfgalleryimg\" data-lazy-src=\"https:\/\/www.carmelitaniscalzi.com\/wp-content\/uploads\/2021\/09\/JMP6521-150x150.jpg\"><\/a><\/div><\/div><div class=\"wpmf-gallery-item\n     wpmf-gallery-item-position-6 wpmf-gallery-item-attachment-78666\" data-index=\"6\"><div class=\"wpmf-gallery-icon\"><a class=\" not_video noLightbox\" data-lightbox=\"1\" data-href=\"https:\/\/www.carmelitaniscalzi.com\/wp-content\/uploads\/2021\/09\/JMP6524.jpg\" title=\"_JMP6524\" target=\"_self\" data-index=\"6\"><img decoding=\"async\" class=\"wpmf_img\" alt=\"_JMP6524\" src=\"https:\/\/www.carmelitaniscalzi.com\/wp-content\/uploads\/2021\/09\/JMP6524-150x150.jpg\" data-type=\"wpmfgalleryimg\" data-lazy-src=\"https:\/\/www.carmelitaniscalzi.com\/wp-content\/uploads\/2021\/09\/JMP6524-150x150.jpg\"><\/a><\/div><\/div><div class=\"wpmf-gallery-item\n     wpmf-gallery-item-position-7 wpmf-gallery-item-attachment-78672\" data-index=\"7\"><div class=\"wpmf-gallery-icon\"><a class=\" not_video noLightbox\" data-lightbox=\"1\" data-href=\"https:\/\/www.carmelitaniscalzi.com\/wp-content\/uploads\/2021\/09\/JMP6526.jpg\" title=\"_JMP6526\" target=\"_self\" data-index=\"7\"><img decoding=\"async\" class=\"wpmf_img\" alt=\"_JMP6526\" src=\"https:\/\/www.carmelitaniscalzi.com\/wp-content\/uploads\/2021\/09\/JMP6526-150x150.jpg\" data-type=\"wpmfgalleryimg\" data-lazy-src=\"https:\/\/www.carmelitaniscalzi.com\/wp-content\/uploads\/2021\/09\/JMP6526-150x150.jpg\"><\/a><\/div><\/div><div class=\"wpmf-gallery-item\n     wpmf-gallery-item-position-8 wpmf-gallery-item-attachment-78678\" data-index=\"8\"><div class=\"wpmf-gallery-icon\"><a class=\" not_video noLightbox\" data-lightbox=\"1\" data-href=\"https:\/\/www.carmelitaniscalzi.com\/wp-content\/uploads\/2021\/09\/JMP6530.jpg\" title=\"_JMP6530\" target=\"_self\" data-index=\"8\"><img decoding=\"async\" class=\"wpmf_img\" alt=\"_JMP6530\" src=\"https:\/\/www.carmelitaniscalzi.com\/wp-content\/uploads\/2021\/09\/JMP6530-150x150.jpg\" data-type=\"wpmfgalleryimg\" data-lazy-src=\"https:\/\/www.carmelitaniscalzi.com\/wp-content\/uploads\/2021\/09\/JMP6530-150x150.jpg\"><\/a><\/div><\/div><div class=\"wpmf-gallery-item\n     wpmf-gallery-item-position-9 wpmf-gallery-item-attachment-78684\" data-index=\"9\"><div class=\"wpmf-gallery-icon\"><a class=\" not_video noLightbox\" data-lightbox=\"1\" data-href=\"https:\/\/www.carmelitaniscalzi.com\/wp-content\/uploads\/2021\/09\/JMP6534.jpg\" title=\"_JMP6534\" target=\"_self\" data-index=\"9\"><img decoding=\"async\" class=\"wpmf_img\" alt=\"_JMP6534\" src=\"https:\/\/www.carmelitaniscalzi.com\/wp-content\/uploads\/2021\/09\/JMP6534-150x150.jpg\" data-type=\"wpmfgalleryimg\" data-lazy-src=\"https:\/\/www.carmelitaniscalzi.com\/wp-content\/uploads\/2021\/09\/JMP6534-150x150.jpg\"><\/a><\/div><\/div><div class=\"wpmf-gallery-item\n     wpmf-gallery-item-position-10 wpmf-gallery-item-attachment-78690\" data-index=\"10\"><div class=\"wpmf-gallery-icon\"><a class=\" not_video noLightbox\" data-lightbox=\"1\" data-href=\"https:\/\/www.carmelitaniscalzi.com\/wp-content\/uploads\/2021\/09\/JMP6538.jpg\" title=\"_JMP6538\" target=\"_self\" data-index=\"10\"><img decoding=\"async\" class=\"wpmf_img\" alt=\"_JMP6538\" src=\"https:\/\/www.carmelitaniscalzi.com\/wp-content\/uploads\/2021\/09\/JMP6538-150x150.jpg\" data-type=\"wpmfgalleryimg\" data-lazy-src=\"https:\/\/www.carmelitaniscalzi.com\/wp-content\/uploads\/2021\/09\/JMP6538-150x150.jpg\"><\/a><\/div><\/div><div class=\"wpmf-gallery-item\n     wpmf-gallery-item-position-11 wpmf-gallery-item-attachment-78696\" data-index=\"11\"><div class=\"wpmf-gallery-icon\"><a class=\" not_video noLightbox\" data-lightbox=\"1\" data-href=\"https:\/\/www.carmelitaniscalzi.com\/wp-content\/uploads\/2021\/09\/JMP6543.jpg\" title=\"_JMP6543\" target=\"_self\" data-index=\"11\"><img decoding=\"async\" class=\"wpmf_img\" alt=\"_JMP6543\" src=\"https:\/\/www.carmelitaniscalzi.com\/wp-content\/uploads\/2021\/09\/JMP6543-150x150.jpg\" data-type=\"wpmfgalleryimg\" data-lazy-src=\"https:\/\/www.carmelitaniscalzi.com\/wp-content\/uploads\/2021\/09\/JMP6543-150x150.jpg\"><\/a><\/div><\/div><div class=\"wpmf-gallery-item\n     wpmf-gallery-item-position-12 wpmf-gallery-item-attachment-78702\" data-index=\"12\"><div class=\"wpmf-gallery-icon\"><a class=\" not_video noLightbox\" data-lightbox=\"1\" data-href=\"https:\/\/www.carmelitaniscalzi.com\/wp-content\/uploads\/2021\/09\/JMP6554.jpg\" title=\"_JMP6554\" target=\"_self\" data-index=\"12\"><img decoding=\"async\" class=\"wpmf_img\" alt=\"_JMP6554\" src=\"https:\/\/www.carmelitaniscalzi.com\/wp-content\/uploads\/2021\/09\/JMP6554-150x150.jpg\" data-type=\"wpmfgalleryimg\" data-lazy-src=\"https:\/\/www.carmelitaniscalzi.com\/wp-content\/uploads\/2021\/09\/JMP6554-150x150.jpg\"><\/a><\/div><\/div><div class=\"wpmf-gallery-item\n     wpmf-gallery-item-position-13 wpmf-gallery-item-attachment-78708\" data-index=\"13\"><div class=\"wpmf-gallery-icon\"><a class=\" not_video noLightbox\" data-lightbox=\"1\" data-href=\"https:\/\/www.carmelitaniscalzi.com\/wp-content\/uploads\/2021\/09\/JMP6560.jpg\" title=\"_JMP6560\" target=\"_self\" data-index=\"13\"><img decoding=\"async\" class=\"wpmf_img\" alt=\"_JMP6560\" src=\"https:\/\/www.carmelitaniscalzi.com\/wp-content\/uploads\/2021\/09\/JMP6560-150x150.jpg\" data-type=\"wpmfgalleryimg\" data-lazy-src=\"https:\/\/www.carmelitaniscalzi.com\/wp-content\/uploads\/2021\/09\/JMP6560-150x150.jpg\"><\/a><\/div><\/div><div class=\"wpmf-gallery-item\n     wpmf-gallery-item-position-14 wpmf-gallery-item-attachment-78714\" data-index=\"14\"><div class=\"wpmf-gallery-icon\"><a class=\" not_video noLightbox\" data-lightbox=\"1\" data-href=\"https:\/\/www.carmelitaniscalzi.com\/wp-content\/uploads\/2021\/09\/JMP6565.jpg\" title=\"_JMP6565\" target=\"_self\" data-index=\"14\"><img decoding=\"async\" class=\"wpmf_img\" alt=\"_JMP6565\" src=\"https:\/\/www.carmelitaniscalzi.com\/wp-content\/uploads\/2021\/09\/JMP6565-150x150.jpg\" data-type=\"wpmfgalleryimg\" data-lazy-src=\"https:\/\/www.carmelitaniscalzi.com\/wp-content\/uploads\/2021\/09\/JMP6565-150x150.jpg\"><\/a><\/div><\/div><div class=\"wpmf-gallery-item\n     wpmf-gallery-item-position-15 wpmf-gallery-item-attachment-78720\" data-index=\"15\"><div class=\"wpmf-gallery-icon\"><a class=\" not_video noLightbox\" data-lightbox=\"1\" data-href=\"https:\/\/www.carmelitaniscalzi.com\/wp-content\/uploads\/2021\/09\/JMP6568.jpg\" title=\"_JMP6568\" target=\"_self\" data-index=\"15\"><img decoding=\"async\" class=\"wpmf_img\" alt=\"_JMP6568\" src=\"https:\/\/www.carmelitaniscalzi.com\/wp-content\/uploads\/2021\/09\/JMP6568-150x150.jpg\" data-type=\"wpmfgalleryimg\" data-lazy-src=\"https:\/\/www.carmelitaniscalzi.com\/wp-content\/uploads\/2021\/09\/JMP6568-150x150.jpg\"><\/a><\/div><\/div><div class=\"wpmf-gallery-item\n     wpmf-gallery-item-position-16 wpmf-gallery-item-attachment-78726\" data-index=\"16\"><div class=\"wpmf-gallery-icon\"><a class=\" not_video noLightbox\" data-lightbox=\"1\" data-href=\"https:\/\/www.carmelitaniscalzi.com\/wp-content\/uploads\/2021\/09\/JMP6577.jpg\" title=\"_JMP6577\" target=\"_self\" data-index=\"16\"><img decoding=\"async\" class=\"wpmf_img\" alt=\"_JMP6577\" src=\"https:\/\/www.carmelitaniscalzi.com\/wp-content\/uploads\/2021\/09\/JMP6577-150x150.jpg\" data-type=\"wpmfgalleryimg\" data-lazy-src=\"https:\/\/www.carmelitaniscalzi.com\/wp-content\/uploads\/2021\/09\/JMP6577-150x150.jpg\"><\/a><\/div><\/div><div class=\"wpmf-gallery-item\n     wpmf-gallery-item-position-17 wpmf-gallery-item-attachment-78732\" data-index=\"17\"><div class=\"wpmf-gallery-icon\"><a class=\" not_video noLightbox\" data-lightbox=\"1\" data-href=\"https:\/\/www.carmelitaniscalzi.com\/wp-content\/uploads\/2021\/09\/JMP6578.jpg\" title=\"_JMP6578\" target=\"_self\" data-index=\"17\"><img decoding=\"async\" class=\"wpmf_img\" alt=\"_JMP6578\" src=\"https:\/\/www.carmelitaniscalzi.com\/wp-content\/uploads\/2021\/09\/JMP6578-150x150.jpg\" data-type=\"wpmfgalleryimg\" data-lazy-src=\"https:\/\/www.carmelitaniscalzi.com\/wp-content\/uploads\/2021\/09\/JMP6578-150x150.jpg\"><\/a><\/div><\/div><div class=\"wpmf-gallery-item\n     wpmf-gallery-item-position-18 wpmf-gallery-item-attachment-78738\" data-index=\"18\"><div class=\"wpmf-gallery-icon\"><a class=\" not_video noLightbox\" data-lightbox=\"1\" data-href=\"https:\/\/www.carmelitaniscalzi.com\/wp-content\/uploads\/2021\/09\/JMP6593.jpg\" title=\"_JMP6593\" target=\"_self\" data-index=\"18\"><img decoding=\"async\" class=\"wpmf_img\" alt=\"_JMP6593\" src=\"https:\/\/www.carmelitaniscalzi.com\/wp-content\/uploads\/2021\/09\/JMP6593-150x150.jpg\" data-type=\"wpmfgalleryimg\" data-lazy-src=\"https:\/\/www.carmelitaniscalzi.com\/wp-content\/uploads\/2021\/09\/JMP6593-150x150.jpg\"><\/a><\/div><\/div><div class=\"wpmf-gallery-item\n     wpmf-gallery-item-position-19 wpmf-gallery-item-attachment-78636\" data-index=\"19\"><div class=\"wpmf-gallery-icon\"><a class=\" not_video noLightbox\" data-lightbox=\"1\" data-href=\"https:\/\/www.carmelitaniscalzi.com\/wp-content\/uploads\/2021\/09\/JMP6508.jpg\" title=\"_JMP6508\" target=\"_self\" data-index=\"19\"><img decoding=\"async\" class=\"wpmf_img\" alt=\"_JMP6508\" src=\"https:\/\/www.carmelitaniscalzi.com\/wp-content\/uploads\/2021\/09\/JMP6508-150x150.jpg\" data-type=\"wpmfgalleryimg\" data-lazy-src=\"https:\/\/www.carmelitaniscalzi.com\/wp-content\/uploads\/2021\/09\/JMP6508-150x150.jpg\"><\/a><\/div><\/div><div class=\"wpmf-gallery-item\n     wpmf-gallery-item-position-20 wpmf-gallery-item-attachment-78630\" data-index=\"20\"><div class=\"wpmf-gallery-icon\"><a class=\" not_video noLightbox\" data-lightbox=\"1\" data-href=\"https:\/\/www.carmelitaniscalzi.com\/wp-content\/uploads\/2021\/09\/JMP6503.jpg\" title=\"_JMP6503\" target=\"_self\" data-index=\"20\"><img decoding=\"async\" class=\"wpmf_img\" alt=\"_JMP6503\" src=\"https:\/\/www.carmelitaniscalzi.com\/wp-content\/uploads\/2021\/09\/JMP6503-150x150.jpg\" data-type=\"wpmfgalleryimg\" data-lazy-src=\"https:\/\/www.carmelitaniscalzi.com\/wp-content\/uploads\/2021\/09\/JMP6503-150x150.jpg\"><\/a><\/div><\/div><div class=\"wpmf-gallery-item\n     wpmf-gallery-item-position-21 wpmf-gallery-item-attachment-78624\" data-index=\"21\"><div class=\"wpmf-gallery-icon\"><a class=\" not_video noLightbox\" data-lightbox=\"1\" data-href=\"https:\/\/www.carmelitaniscalzi.com\/wp-content\/uploads\/2021\/09\/JMP6497.jpg\" title=\"_JMP6497\" target=\"_self\" data-index=\"21\"><img decoding=\"async\" class=\"wpmf_img\" alt=\"_JMP6497\" src=\"https:\/\/www.carmelitaniscalzi.com\/wp-content\/uploads\/2021\/09\/JMP6497-150x150.jpg\" data-type=\"wpmfgalleryimg\" data-lazy-src=\"https:\/\/www.carmelitaniscalzi.com\/wp-content\/uploads\/2021\/09\/JMP6497-150x150.jpg\"><\/a><\/div><\/div><div class=\"wpmf-gallery-item\n     wpmf-gallery-item-position-22 wpmf-gallery-item-attachment-78618\" data-index=\"22\"><div class=\"wpmf-gallery-icon\"><a class=\" not_video noLightbox\" data-lightbox=\"1\" data-href=\"https:\/\/www.carmelitaniscalzi.com\/wp-content\/uploads\/2021\/09\/JMP6493.jpg\" title=\"_JMP6493\" target=\"_self\" data-index=\"22\"><img decoding=\"async\" class=\"wpmf_img\" alt=\"_JMP6493\" src=\"https:\/\/www.carmelitaniscalzi.com\/wp-content\/uploads\/2021\/09\/JMP6493-150x150.jpg\" data-type=\"wpmfgalleryimg\" data-lazy-src=\"https:\/\/www.carmelitaniscalzi.com\/wp-content\/uploads\/2021\/09\/JMP6493-150x150.jpg\"><\/a><\/div><\/div><div class=\"wpmf-gallery-item\n     wpmf-gallery-item-position-23 wpmf-gallery-item-attachment-78600\" data-index=\"23\"><div class=\"wpmf-gallery-icon\"><a class=\" not_video noLightbox\" data-lightbox=\"1\" data-href=\"https:\/\/www.carmelitaniscalzi.com\/wp-content\/uploads\/2021\/09\/JMP6402.jpg\" title=\"_JMP6402\" target=\"_self\" data-index=\"23\"><img decoding=\"async\" class=\"wpmf_img\" alt=\"_JMP6402\" src=\"https:\/\/www.carmelitaniscalzi.com\/wp-content\/uploads\/2021\/09\/JMP6402-150x150.jpg\" data-type=\"wpmfgalleryimg\" data-lazy-src=\"https:\/\/www.carmelitaniscalzi.com\/wp-content\/uploads\/2021\/09\/JMP6402-150x150.jpg\"><\/a><\/div><\/div><div class=\"wpmf-gallery-item\n     wpmf-gallery-item-position-24 wpmf-gallery-item-attachment-78594\" data-index=\"24\"><div class=\"wpmf-gallery-icon\"><a class=\" not_video noLightbox\" data-lightbox=\"1\" data-href=\"https:\/\/www.carmelitaniscalzi.com\/wp-content\/uploads\/2021\/09\/JMP6401-1-1024x417.jpg\" title=\"_JMP6401\" target=\"_self\" data-index=\"24\"><img decoding=\"async\" class=\"wpmf_img\" alt=\"_JMP6401\" src=\"https:\/\/www.carmelitaniscalzi.com\/wp-content\/uploads\/2021\/09\/JMP6401-1-150x150.jpg\" data-type=\"wpmfgalleryimg\" data-lazy-src=\"https:\/\/www.carmelitaniscalzi.com\/wp-content\/uploads\/2021\/09\/JMP6401-1-150x150.jpg\"><\/a><\/div><\/div><\/div><\/div>\n\n","protected":false},"excerpt":{"rendered":"<p>Nuestros hermanos de lengua espa\u00f1ola han animado la liturgia capitular. La misa fue presididad por el P. Carlos A. Ospina, ocd, provincial de Colombia, quien, en su homil\u00eda nos habl\u00f3 de que nuestra diversidad, fuente de riqueza, se transforma en unidad gracias al Evangelio. Si nos aferramos a la Palabra de Dios, no habr\u00e1 miedo [&hellip;]<\/p>\n","protected":false},"author":7,"featured_media":78744,"comment_status":"closed","ping_status":"open","sticky":false,"template":"","format":"standard","meta":{"_acf_changed":false,"footnotes":""},"categories":[171,174,177,372,2054],"tags":[],"class_list":["post-78750","post","type-post","status-publish","format-standard","has-post-thumbnail","hentry","category-noticias-definidores","category-noticias-frailes","category-noticias-preposito-general","category-noticias","category-noticias-capitulo-general"],"acf":[],"yoast_head":"<!-- This site is optimized with the Yoast SEO plugin v26.3 - https:\/\/yoast.com\/wordpress\/plugins\/seo\/ -->\n<title>S\u00e1bado 4 de septiembre de 2021 - CARMELITAS DESCALZOS<\/title>\n<meta name=\"robots\" content=\"index, follow, max-snippet:-1, max-image-preview:large, max-video-preview:-1\" \/>\n<link rel=\"canonical\" href=\"https:\/\/www.carmelitaniscalzi.com\/es\/2021\/09\/04\/sabado-4-de-septiembre-de-2021\/\" \/>\n<meta property=\"og:locale\" content=\"es_ES\" \/>\n<meta property=\"og:type\" content=\"article\" \/>\n<meta property=\"og:title\" content=\"S\u00e1bado 4 de septiembre de 2021 - CARMELITAS DESCALZOS\" \/>\n<meta property=\"og:description\" content=\"Nuestros hermanos de lengua espa\u00f1ola han animado la liturgia capitular. La misa fue presididad por el P. Carlos A. Ospina, ocd, provincial de Colombia, quien, en su homil\u00eda nos habl\u00f3 de que nuestra diversidad, fuente de riqueza, se transforma en unidad gracias al Evangelio. Si nos aferramos a la Palabra de Dios, no habr\u00e1 miedo [&hellip;]\" \/>\n<meta property=\"og:url\" content=\"https:\/\/www.carmelitaniscalzi.com\/es\/2021\/09\/04\/sabado-4-de-septiembre-de-2021\/\" \/>\n<meta property=\"og:site_name\" content=\"CARMELITAS DESCALZOS\" \/>\n<meta property=\"article:publisher\" content=\"https:\/\/www.facebook.com\/Curia-Generalizia-Carmelitani-Scalzi-658766940887784\/\" \/>\n<meta property=\"article:published_time\" content=\"2021-09-04T21:30:34+00:00\" \/>\n<meta property=\"article:modified_time\" content=\"2021-09-04T23:19:32+00:00\" \/>\n<meta property=\"og:image\" content=\"https:\/\/www.carmelitaniscalzi.com\/wp-content\/uploads\/2021\/09\/copertina_5-1.jpg\" \/>\n\t<meta property=\"og:image:width\" content=\"1000\" \/>\n\t<meta property=\"og:image:height\" content=\"600\" \/>\n\t<meta property=\"og:image:type\" content=\"image\/jpeg\" \/>\n<meta name=\"author\" content=\"ocd web master\" \/>\n<meta name=\"twitter:card\" content=\"summary_large_image\" \/>\n<meta name=\"twitter:creator\" content=\"@ocdcuria\" \/>\n<meta name=\"twitter:site\" content=\"@ocdcuria\" \/>\n<meta name=\"twitter:label1\" content=\"Escrito por\" \/>\n\t<meta name=\"twitter:data1\" content=\"ocd web master\" \/>\n\t<meta name=\"twitter:label2\" content=\"Tiempo de lectura\" \/>\n\t<meta name=\"twitter:data2\" content=\"4 minutos\" \/>\n<script type=\"application\/ld+json\" class=\"yoast-schema-graph\">{\"@context\":\"https:\/\/schema.org\",\"@graph\":[{\"@type\":\"Article\",\"@id\":\"https:\/\/www.carmelitaniscalzi.com\/es\/2021\/09\/04\/sabado-4-de-septiembre-de-2021\/#article\",\"isPartOf\":{\"@id\":\"https:\/\/www.carmelitaniscalzi.com\/es\/2021\/09\/04\/sabado-4-de-septiembre-de-2021\/\"},\"author\":{\"name\":\"ocd web master\",\"@id\":\"https:\/\/www.carmelitaniscalzi.com\/#\/schema\/person\/6d1c0d9bea7b6625c437246a5d6da409\"},\"headline\":\"S\u00e1bado 4 de septiembre de 2021\",\"datePublished\":\"2021-09-04T21:30:34+00:00\",\"dateModified\":\"2021-09-04T23:19:32+00:00\",\"mainEntityOfPage\":{\"@id\":\"https:\/\/www.carmelitaniscalzi.com\/es\/2021\/09\/04\/sabado-4-de-septiembre-de-2021\/\"},\"wordCount\":777,\"publisher\":{\"@id\":\"https:\/\/www.carmelitaniscalzi.com\/#organization\"},\"image\":{\"@id\":\"https:\/\/www.carmelitaniscalzi.com\/es\/2021\/09\/04\/sabado-4-de-septiembre-de-2021\/#primaryimage\"},\"thumbnailUrl\":\"https:\/\/www.carmelitaniscalzi.com\/wp-content\/uploads\/2021\/09\/copertina_5-1.jpg\",\"articleSection\":[\"Noticias Definidores\",\"Noticias Frailes\",\"Noticias Prep\u00f3sito General\",\"Noticias\",\"Noticias Cap\u00edtulo General\"],\"inLanguage\":\"es\"},{\"@type\":\"WebPage\",\"@id\":\"https:\/\/www.carmelitaniscalzi.com\/es\/2021\/09\/04\/sabado-4-de-septiembre-de-2021\/\",\"url\":\"https:\/\/www.carmelitaniscalzi.com\/es\/2021\/09\/04\/sabado-4-de-septiembre-de-2021\/\",\"name\":\"S\u00e1bado 4 de septiembre de 2021 - CARMELITAS DESCALZOS\",\"isPartOf\":{\"@id\":\"https:\/\/www.carmelitaniscalzi.com\/#website\"},\"primaryImageOfPage\":{\"@id\":\"https:\/\/www.carmelitaniscalzi.com\/es\/2021\/09\/04\/sabado-4-de-septiembre-de-2021\/#primaryimage\"},\"image\":{\"@id\":\"https:\/\/www.carmelitaniscalzi.com\/es\/2021\/09\/04\/sabado-4-de-septiembre-de-2021\/#primaryimage\"},\"thumbnailUrl\":\"https:\/\/www.carmelitaniscalzi.com\/wp-content\/uploads\/2021\/09\/copertina_5-1.jpg\",\"datePublished\":\"2021-09-04T21:30:34+00:00\",\"dateModified\":\"2021-09-04T23:19:32+00:00\",\"breadcrumb\":{\"@id\":\"https:\/\/www.carmelitaniscalzi.com\/es\/2021\/09\/04\/sabado-4-de-septiembre-de-2021\/#breadcrumb\"},\"inLanguage\":\"es\",\"potentialAction\":[{\"@type\":\"ReadAction\",\"target\":[\"https:\/\/www.carmelitaniscalzi.com\/es\/2021\/09\/04\/sabado-4-de-septiembre-de-2021\/\"]}]},{\"@type\":\"ImageObject\",\"inLanguage\":\"es\",\"@id\":\"https:\/\/www.carmelitaniscalzi.com\/es\/2021\/09\/04\/sabado-4-de-septiembre-de-2021\/#primaryimage\",\"url\":\"https:\/\/www.carmelitaniscalzi.com\/wp-content\/uploads\/2021\/09\/copertina_5-1.jpg\",\"contentUrl\":\"https:\/\/www.carmelitaniscalzi.com\/wp-content\/uploads\/2021\/09\/copertina_5-1.jpg\",\"width\":1000,\"height\":600},{\"@type\":\"BreadcrumbList\",\"@id\":\"https:\/\/www.carmelitaniscalzi.com\/es\/2021\/09\/04\/sabado-4-de-septiembre-de-2021\/#breadcrumb\",\"itemListElement\":[{\"@type\":\"ListItem\",\"position\":1,\"name\":\"Home\",\"item\":\"https:\/\/www.carmelitaniscalzi.com\/es\/\"},{\"@type\":\"ListItem\",\"position\":2,\"name\":\"S\u00e1bado 4 de septiembre de 2021\"}]},{\"@type\":\"WebSite\",\"@id\":\"https:\/\/www.carmelitaniscalzi.com\/#website\",\"url\":\"https:\/\/www.carmelitaniscalzi.com\/\",\"name\":\"CARMELITANI SCALZI - Curia Generale del Carmelo Teresiano\",\"description\":\"Curia General del Carmelo Teresiano\",\"publisher\":{\"@id\":\"https:\/\/www.carmelitaniscalzi.com\/#organization\"},\"alternateName\":\"CARMELITANI SCALZI\",\"potentialAction\":[{\"@type\":\"SearchAction\",\"target\":{\"@type\":\"EntryPoint\",\"urlTemplate\":\"https:\/\/www.carmelitaniscalzi.com\/?s={search_term_string}\"},\"query-input\":{\"@type\":\"PropertyValueSpecification\",\"valueRequired\":true,\"valueName\":\"search_term_string\"}}],\"inLanguage\":\"es\"},{\"@type\":\"Organization\",\"@id\":\"https:\/\/www.carmelitaniscalzi.com\/#organization\",\"name\":\"CARMELITANI SCALZI - Curia Generale del Carmelo Teresiano\",\"url\":\"https:\/\/www.carmelitaniscalzi.com\/\",\"logo\":{\"@type\":\"ImageObject\",\"inLanguage\":\"es\",\"@id\":\"https:\/\/www.carmelitaniscalzi.com\/#\/schema\/logo\/image\/\",\"url\":\"https:\/\/www.carmelitaniscalzi.com\/wp-content\/uploads\/2025\/11\/login-logo.png\",\"contentUrl\":\"https:\/\/www.carmelitaniscalzi.com\/wp-content\/uploads\/2025\/11\/login-logo.png\",\"width\":256,\"height\":256,\"caption\":\"CARMELITANI SCALZI - Curia Generale del Carmelo Teresiano\"},\"image\":{\"@id\":\"https:\/\/www.carmelitaniscalzi.com\/#\/schema\/logo\/image\/\"},\"sameAs\":[\"https:\/\/www.facebook.com\/Curia-Generalizia-Carmelitani-Scalzi-658766940887784\/\",\"https:\/\/x.com\/ocdcuria\",\"https:\/\/www.youtube.com\/channel\/UC2J5ZL0ycOY0qBSTCLX_NGQ\/videos\",\"https:\/\/www.instagram.com\/ocdinform\/\"]},{\"@type\":\"Person\",\"@id\":\"https:\/\/www.carmelitaniscalzi.com\/#\/schema\/person\/6d1c0d9bea7b6625c437246a5d6da409\",\"name\":\"ocd web master\",\"image\":{\"@type\":\"ImageObject\",\"inLanguage\":\"es\",\"@id\":\"https:\/\/www.carmelitaniscalzi.com\/#\/schema\/person\/image\/\",\"url\":\"https:\/\/secure.gravatar.com\/avatar\/41fbc5f82bad909fbaf2984c43fa50d8519ac5853e25b454d022b6868f80d0e7?s=96&d=mm&r=g\",\"contentUrl\":\"https:\/\/secure.gravatar.com\/avatar\/41fbc5f82bad909fbaf2984c43fa50d8519ac5853e25b454d022b6868f80d0e7?s=96&d=mm&r=g\",\"caption\":\"ocd web master\"},\"url\":\"https:\/\/www.carmelitaniscalzi.com\/es\/author\/ocdwebmaster\/\"}]}<\/script>\n<!-- \/ Yoast SEO plugin. -->","yoast_head_json":{"title":"S\u00e1bado 4 de septiembre de 2021 - CARMELITAS DESCALZOS","robots":{"index":"index","follow":"follow","max-snippet":"max-snippet:-1","max-image-preview":"max-image-preview:large","max-video-preview":"max-video-preview:-1"},"canonical":"https:\/\/www.carmelitaniscalzi.com\/es\/2021\/09\/04\/sabado-4-de-septiembre-de-2021\/","og_locale":"es_ES","og_type":"article","og_title":"S\u00e1bado 4 de septiembre de 2021 - CARMELITAS DESCALZOS","og_description":"Nuestros hermanos de lengua espa\u00f1ola han animado la liturgia capitular. La misa fue presididad por el P. Carlos A. Ospina, ocd, provincial de Colombia, quien, en su homil\u00eda nos habl\u00f3 de que nuestra diversidad, fuente de riqueza, se transforma en unidad gracias al Evangelio. Si nos aferramos a la Palabra de Dios, no habr\u00e1 miedo [&hellip;]","og_url":"https:\/\/www.carmelitaniscalzi.com\/es\/2021\/09\/04\/sabado-4-de-septiembre-de-2021\/","og_site_name":"CARMELITAS DESCALZOS","article_publisher":"https:\/\/www.facebook.com\/Curia-Generalizia-Carmelitani-Scalzi-658766940887784\/","article_published_time":"2021-09-04T21:30:34+00:00","article_modified_time":"2021-09-04T23:19:32+00:00","og_image":[{"width":1000,"height":600,"url":"https:\/\/www.carmelitaniscalzi.com\/wp-content\/uploads\/2021\/09\/copertina_5-1.jpg","type":"image\/jpeg"}],"author":"ocd web master","twitter_card":"summary_large_image","twitter_creator":"@ocdcuria","twitter_site":"@ocdcuria","twitter_misc":{"Escrito por":"ocd web master","Tiempo de lectura":"4 minutos"},"schema":{"@context":"https:\/\/schema.org","@graph":[{"@type":"Article","@id":"https:\/\/www.carmelitaniscalzi.com\/es\/2021\/09\/04\/sabado-4-de-septiembre-de-2021\/#article","isPartOf":{"@id":"https:\/\/www.carmelitaniscalzi.com\/es\/2021\/09\/04\/sabado-4-de-septiembre-de-2021\/"},"author":{"name":"ocd web master","@id":"https:\/\/www.carmelitaniscalzi.com\/#\/schema\/person\/6d1c0d9bea7b6625c437246a5d6da409"},"headline":"S\u00e1bado 4 de septiembre de 2021","datePublished":"2021-09-04T21:30:34+00:00","dateModified":"2021-09-04T23:19:32+00:00","mainEntityOfPage":{"@id":"https:\/\/www.carmelitaniscalzi.com\/es\/2021\/09\/04\/sabado-4-de-septiembre-de-2021\/"},"wordCount":777,"publisher":{"@id":"https:\/\/www.carmelitaniscalzi.com\/#organization"},"image":{"@id":"https:\/\/www.carmelitaniscalzi.com\/es\/2021\/09\/04\/sabado-4-de-septiembre-de-2021\/#primaryimage"},"thumbnailUrl":"https:\/\/www.carmelitaniscalzi.com\/wp-content\/uploads\/2021\/09\/copertina_5-1.jpg","articleSection":["Noticias Definidores","Noticias Frailes","Noticias Prep\u00f3sito General","Noticias","Noticias Cap\u00edtulo General"],"inLanguage":"es"},{"@type":"WebPage","@id":"https:\/\/www.carmelitaniscalzi.com\/es\/2021\/09\/04\/sabado-4-de-septiembre-de-2021\/","url":"https:\/\/www.carmelitaniscalzi.com\/es\/2021\/09\/04\/sabado-4-de-septiembre-de-2021\/","name":"S\u00e1bado 4 de septiembre de 2021 - CARMELITAS DESCALZOS","isPartOf":{"@id":"https:\/\/www.carmelitaniscalzi.com\/#website"},"primaryImageOfPage":{"@id":"https:\/\/www.carmelitaniscalzi.com\/es\/2021\/09\/04\/sabado-4-de-septiembre-de-2021\/#primaryimage"},"image":{"@id":"https:\/\/www.carmelitaniscalzi.com\/es\/2021\/09\/04\/sabado-4-de-septiembre-de-2021\/#primaryimage"},"thumbnailUrl":"https:\/\/www.carmelitaniscalzi.com\/wp-content\/uploads\/2021\/09\/copertina_5-1.jpg","datePublished":"2021-09-04T21:30:34+00:00","dateModified":"2021-09-04T23:19:32+00:00","breadcrumb":{"@id":"https:\/\/www.carmelitaniscalzi.com\/es\/2021\/09\/04\/sabado-4-de-septiembre-de-2021\/#breadcrumb"},"inLanguage":"es","potentialAction":[{"@type":"ReadAction","target":["https:\/\/www.carmelitaniscalzi.com\/es\/2021\/09\/04\/sabado-4-de-septiembre-de-2021\/"]}]},{"@type":"ImageObject","inLanguage":"es","@id":"https:\/\/www.carmelitaniscalzi.com\/es\/2021\/09\/04\/sabado-4-de-septiembre-de-2021\/#primaryimage","url":"https:\/\/www.carmelitaniscalzi.com\/wp-content\/uploads\/2021\/09\/copertina_5-1.jpg","contentUrl":"https:\/\/www.carmelitaniscalzi.com\/wp-content\/uploads\/2021\/09\/copertina_5-1.jpg","width":1000,"height":600},{"@type":"BreadcrumbList","@id":"https:\/\/www.carmelitaniscalzi.com\/es\/2021\/09\/04\/sabado-4-de-septiembre-de-2021\/#breadcrumb","itemListElement":[{"@type":"ListItem","position":1,"name":"Home","item":"https:\/\/www.carmelitaniscalzi.com\/es\/"},{"@type":"ListItem","position":2,"name":"S\u00e1bado 4 de septiembre de 2021"}]},{"@type":"WebSite","@id":"https:\/\/www.carmelitaniscalzi.com\/#website","url":"https:\/\/www.carmelitaniscalzi.com\/","name":"CARMELITANI SCALZI - Curia Generale del Carmelo Teresiano","description":"Curia General del Carmelo Teresiano","publisher":{"@id":"https:\/\/www.carmelitaniscalzi.com\/#organization"},"alternateName":"CARMELITANI SCALZI","potentialAction":[{"@type":"SearchAction","target":{"@type":"EntryPoint","urlTemplate":"https:\/\/www.carmelitaniscalzi.com\/?s={search_term_string}"},"query-input":{"@type":"PropertyValueSpecification","valueRequired":true,"valueName":"search_term_string"}}],"inLanguage":"es"},{"@type":"Organization","@id":"https:\/\/www.carmelitaniscalzi.com\/#organization","name":"CARMELITANI SCALZI - Curia Generale del Carmelo Teresiano","url":"https:\/\/www.carmelitaniscalzi.com\/","logo":{"@type":"ImageObject","inLanguage":"es","@id":"https:\/\/www.carmelitaniscalzi.com\/#\/schema\/logo\/image\/","url":"https:\/\/www.carmelitaniscalzi.com\/wp-content\/uploads\/2025\/11\/login-logo.png","contentUrl":"https:\/\/www.carmelitaniscalzi.com\/wp-content\/uploads\/2025\/11\/login-logo.png","width":256,"height":256,"caption":"CARMELITANI SCALZI - Curia Generale del Carmelo Teresiano"},"image":{"@id":"https:\/\/www.carmelitaniscalzi.com\/#\/schema\/logo\/image\/"},"sameAs":["https:\/\/www.facebook.com\/Curia-Generalizia-Carmelitani-Scalzi-658766940887784\/","https:\/\/x.com\/ocdcuria","https:\/\/www.youtube.com\/channel\/UC2J5ZL0ycOY0qBSTCLX_NGQ\/videos","https:\/\/www.instagram.com\/ocdinform\/"]},{"@type":"Person","@id":"https:\/\/www.carmelitaniscalzi.com\/#\/schema\/person\/6d1c0d9bea7b6625c437246a5d6da409","name":"ocd web master","image":{"@type":"ImageObject","inLanguage":"es","@id":"https:\/\/www.carmelitaniscalzi.com\/#\/schema\/person\/image\/","url":"https:\/\/secure.gravatar.com\/avatar\/41fbc5f82bad909fbaf2984c43fa50d8519ac5853e25b454d022b6868f80d0e7?s=96&d=mm&r=g","contentUrl":"https:\/\/secure.gravatar.com\/avatar\/41fbc5f82bad909fbaf2984c43fa50d8519ac5853e25b454d022b6868f80d0e7?s=96&d=mm&r=g","caption":"ocd web master"},"url":"https:\/\/www.carmelitaniscalzi.com\/es\/author\/ocdwebmaster\/"}]}},"_links":{"self":[{"href":"https:\/\/www.carmelitaniscalzi.com\/es\/wp-json\/wp\/v2\/posts\/78750","targetHints":{"allow":["GET"]}}],"collection":[{"href":"https:\/\/www.carmelitaniscalzi.com\/es\/wp-json\/wp\/v2\/posts"}],"about":[{"href":"https:\/\/www.carmelitaniscalzi.com\/es\/wp-json\/wp\/v2\/types\/post"}],"author":[{"embeddable":true,"href":"https:\/\/www.carmelitaniscalzi.com\/es\/wp-json\/wp\/v2\/users\/7"}],"replies":[{"embeddable":true,"href":"https:\/\/www.carmelitaniscalzi.com\/es\/wp-json\/wp\/v2\/comments?post=78750"}],"version-history":[{"count":1,"href":"https:\/\/www.carmelitaniscalzi.com\/es\/wp-json\/wp\/v2\/posts\/78750\/revisions"}],"predecessor-version":[{"id":78752,"href":"https:\/\/www.carmelitaniscalzi.com\/es\/wp-json\/wp\/v2\/posts\/78750\/revisions\/78752"}],"wp:featuredmedia":[{"embeddable":true,"href":"https:\/\/www.carmelitaniscalzi.com\/es\/wp-json\/wp\/v2\/media\/78744"}],"wp:attachment":[{"href":"https:\/\/www.carmelitaniscalzi.com\/es\/wp-json\/wp\/v2\/media?parent=78750"}],"wp:term":[{"taxonomy":"category","embeddable":true,"href":"https:\/\/www.carmelitaniscalzi.com\/es\/wp-json\/wp\/v2\/categories?post=78750"},{"taxonomy":"post_tag","embeddable":true,"href":"https:\/\/www.carmelitaniscalzi.com\/es\/wp-json\/wp\/v2\/tags?post=78750"}],"curies":[{"name":"wp","href":"https:\/\/api.w.org\/{rel}","templated":true}]}}