{"id":78283,"date":"2021-09-02T23:30:44","date_gmt":"2021-09-02T21:30:44","guid":{"rendered":"https:\/\/www.carmelitaniscalzi.com\/?p=78283"},"modified":"2021-09-03T03:39:40","modified_gmt":"2021-09-03T01:39:40","slug":"jueves-2-de-septiembre-de-2021","status":"publish","type":"post","link":"https:\/\/www.carmelitaniscalzi.com\/es\/2021\/09\/02\/jueves-2-de-septiembre-de-2021\/","title":{"rendered":"Jueves 2 de septiembre de 2021"},"content":{"rendered":"<p>La liturgia cotidiana se conf\u00eda a cada uno de los grupos ling\u00fc\u00edsticos. Hoy ha sido el turno del grupo franc\u00f3fono. La Eucarist\u00eda la presidi\u00f3 el P. Christophe-Marie, ocd, Provincial de la Provincia de Par\u00eds. En su homil\u00eda nos ha invitado a reflexionar sobre tres palabras: escucha, conversi\u00f3n y comuni\u00f3n. Este proceso sinodal deber\u00eda conducirnos a la realizaci\u00f3n del deseo de Cristo: \u201cQue todos sean uno\u201d.<\/p>\n<p>Los trabajos de la jornada han girado en torno a la relaci\u00f3n del Padre General acerca del estado de la Orden. En la ma\u00f1ana ha tenido lugar la exposici\u00f3n del documento del P. Saverio Cannistr\u00e0 y por la tarde los capitulares, despu\u00e9s de reunirse por grupos ling\u00fc\u00edsticos para reflexionar sobre ella, han presentado sus conclusiones y sugerencias.<\/p>\n<p>Por lo que se refiere a la relaci\u00f3n del P. General, ha querido que ella fuese la expresi\u00f3n de una experiencia: la de quien ha dedicado doce a\u00f1os al servicio de la Orden. El P. Saverio ha se\u00f1alado cuatro elementos que, a su juicio, suponen una novedad para el Carmelo teresiano:<\/p>\n<ol>\n<li>Caminamos hacia un Carmelo m\u00e1s apost\u00f3lico y menos contemplativo.<\/li>\n<li>La vida comunitaria est\u00e1 perdiendo su centralidad.<\/li>\n<li>La formaci\u00f3n de nuestros hermanos m\u00e1s j\u00f3venes est\u00e1 mayormente orientada al sacerdocio y el ministerio y no a la maduraci\u00f3n como religiosos.<\/li>\n<li>Las diferencias existentes entre las diferentes regiones y circunscripciones est\u00e1n poniendo a prueba la unidad de la Orden.<\/li>\n<\/ol>\n<p>Tras desarrollar estas observaciones, el P. Saverio ha presentado los desaf\u00edos actuales que la Orden debe afrontar y a los cuales debe responder concretamente y no solo en modo ret\u00f3rico: la interculturalidad, la formaci\u00f3n y la comuni\u00f3n entre las tres ramas de la Orden. Es posible leer la relaci\u00f3n completa, que ha sido publicada en nuestra p\u00e1gina web.<\/p>\n<p>&nbsp;<\/p>\n<h3><a href=\"https:\/\/www.carmelitaniscalzi.com\/es\/documentos\/preposito-general\/2021_informe-del-preposito-general-sobre-el-estado-de-la-orden-92-capitulo-general-ocd\/\" target=\"_blank\" rel=\"noopener\">INFORME DEL PREPO\u0301SITO GENERAL SOBRE EL ESTADO DE LA ORDEN<\/a><\/h3>\n<p>&nbsp;<\/p>\n<div class=\"wpmf-gallerys wpmf-gallerys-life \" ><div id=\"gallery-1\"\n data-gutter-width=\"5\"\n  data-wpmfcolumns=\"5\" class=\"wpmf-gallery gallery-link-file gallery_life gallery-masonry gallery-columns-5 gallery-size-thumbnail wpmf-gallery-bottomspace-default wpmf-gallery-clear wpmf-has-border-radius-0 wpmf-gutterwidth-5\"><div class=\"wpmf-gallery-item\n     wpmf-gallery-item-position-0 wpmf-gallery-item-attachment-78275\" data-index=\"0\"><div class=\"wpmf-gallery-icon\"><a class=\" not_video noLightbox\" data-lightbox=\"1\" data-href=\"https:\/\/www.carmelitaniscalzi.com\/wp-content\/uploads\/2021\/09\/P_20210902_120515.jpg\" title=\"P_20210902_120515\" target=\"_self\" data-index=\"0\"><img decoding=\"async\" class=\"wpmf_img\" alt=\"P_20210902_120515\" src=\"https:\/\/www.carmelitaniscalzi.com\/wp-content\/uploads\/2021\/09\/P_20210902_120515-150x150.jpg\" data-type=\"wpmfgalleryimg\" data-lazy-src=\"https:\/\/www.carmelitaniscalzi.com\/wp-content\/uploads\/2021\/09\/P_20210902_120515-150x150.jpg\"><\/a><\/div><\/div><div class=\"wpmf-gallery-item\n     wpmf-gallery-item-position-1 wpmf-gallery-item-attachment-78263\" data-index=\"1\"><div class=\"wpmf-gallery-icon\"><a class=\" not_video noLightbox\" data-lightbox=\"1\" data-href=\"https:\/\/www.carmelitaniscalzi.com\/wp-content\/uploads\/2021\/09\/JMP6427.jpg\" title=\"_JMP6427\" target=\"_self\" data-index=\"1\"><img decoding=\"async\" class=\"wpmf_img\" alt=\"_JMP6427\" src=\"https:\/\/www.carmelitaniscalzi.com\/wp-content\/uploads\/2021\/09\/JMP6427-150x150.jpg\" data-type=\"wpmfgalleryimg\" data-lazy-src=\"https:\/\/www.carmelitaniscalzi.com\/wp-content\/uploads\/2021\/09\/JMP6427-150x150.jpg\"><\/a><\/div><\/div><div class=\"wpmf-gallery-item\n     wpmf-gallery-item-position-2 wpmf-gallery-item-attachment-78257\" data-index=\"2\"><div class=\"wpmf-gallery-icon\"><a class=\" not_video noLightbox\" data-lightbox=\"1\" data-href=\"https:\/\/www.carmelitaniscalzi.com\/wp-content\/uploads\/2021\/09\/JMP6390.jpg\" title=\"_JMP6390\" target=\"_self\" data-index=\"2\"><img decoding=\"async\" class=\"wpmf_img\" alt=\"_JMP6390\" src=\"https:\/\/www.carmelitaniscalzi.com\/wp-content\/uploads\/2021\/09\/JMP6390-150x150.jpg\" data-type=\"wpmfgalleryimg\" data-lazy-src=\"https:\/\/www.carmelitaniscalzi.com\/wp-content\/uploads\/2021\/09\/JMP6390-150x150.jpg\"><\/a><\/div><\/div><div class=\"wpmf-gallery-item\n     wpmf-gallery-item-position-3 wpmf-gallery-item-attachment-78251\" data-index=\"3\"><div class=\"wpmf-gallery-icon\"><a class=\" not_video noLightbox\" data-lightbox=\"1\" data-href=\"https:\/\/www.carmelitaniscalzi.com\/wp-content\/uploads\/2021\/09\/JMP6389.jpg\" title=\"_JMP6389\" target=\"_self\" data-index=\"3\"><img decoding=\"async\" class=\"wpmf_img\" alt=\"_JMP6389\" src=\"https:\/\/www.carmelitaniscalzi.com\/wp-content\/uploads\/2021\/09\/JMP6389-150x150.jpg\" data-type=\"wpmfgalleryimg\" data-lazy-src=\"https:\/\/www.carmelitaniscalzi.com\/wp-content\/uploads\/2021\/09\/JMP6389-150x150.jpg\"><\/a><\/div><\/div><div class=\"wpmf-gallery-item\n     wpmf-gallery-item-position-4 wpmf-gallery-item-attachment-78245\" data-index=\"4\"><div class=\"wpmf-gallery-icon\"><a class=\" not_video noLightbox\" data-lightbox=\"1\" data-href=\"https:\/\/www.carmelitaniscalzi.com\/wp-content\/uploads\/2021\/09\/JMP6288.jpg\" title=\"_JMP6288\" target=\"_self\" data-index=\"4\"><img decoding=\"async\" class=\"wpmf_img\" alt=\"_JMP6288\" src=\"https:\/\/www.carmelitaniscalzi.com\/wp-content\/uploads\/2021\/09\/JMP6288-150x150.jpg\" data-type=\"wpmfgalleryimg\" data-lazy-src=\"https:\/\/www.carmelitaniscalzi.com\/wp-content\/uploads\/2021\/09\/JMP6288-150x150.jpg\"><\/a><\/div><\/div><div class=\"wpmf-gallery-item\n     wpmf-gallery-item-position-5 wpmf-gallery-item-attachment-78239\" data-index=\"5\"><div class=\"wpmf-gallery-icon\"><a class=\" not_video noLightbox\" data-lightbox=\"1\" data-href=\"https:\/\/www.carmelitaniscalzi.com\/wp-content\/uploads\/2021\/09\/JMP6214.jpg\" title=\"_JMP6214\" target=\"_self\" data-index=\"5\"><img decoding=\"async\" class=\"wpmf_img\" alt=\"_JMP6214\" src=\"https:\/\/www.carmelitaniscalzi.com\/wp-content\/uploads\/2021\/09\/JMP6214-150x150.jpg\" data-type=\"wpmfgalleryimg\" data-lazy-src=\"https:\/\/www.carmelitaniscalzi.com\/wp-content\/uploads\/2021\/09\/JMP6214-150x150.jpg\"><\/a><\/div><\/div><div class=\"wpmf-gallery-item\n     wpmf-gallery-item-position-6 wpmf-gallery-item-attachment-78233\" data-index=\"6\"><div class=\"wpmf-gallery-icon\"><a class=\" not_video noLightbox\" data-lightbox=\"1\" data-href=\"https:\/\/www.carmelitaniscalzi.com\/wp-content\/uploads\/2021\/09\/JMP6213.jpg\" title=\"_JMP6213\" target=\"_self\" data-index=\"6\"><img decoding=\"async\" class=\"wpmf_img\" alt=\"_JMP6213\" src=\"https:\/\/www.carmelitaniscalzi.com\/wp-content\/uploads\/2021\/09\/JMP6213-150x150.jpg\" data-type=\"wpmfgalleryimg\" data-lazy-src=\"https:\/\/www.carmelitaniscalzi.com\/wp-content\/uploads\/2021\/09\/JMP6213-150x150.jpg\"><\/a><\/div><\/div><div class=\"wpmf-gallery-item\n     wpmf-gallery-item-position-7 wpmf-gallery-item-attachment-78227\" data-index=\"7\"><div class=\"wpmf-gallery-icon\"><a class=\" not_video noLightbox\" data-lightbox=\"1\" data-href=\"https:\/\/www.carmelitaniscalzi.com\/wp-content\/uploads\/2021\/09\/JMP6212.jpg\" title=\"_JMP6212\" target=\"_self\" data-index=\"7\"><img decoding=\"async\" class=\"wpmf_img\" alt=\"_JMP6212\" src=\"https:\/\/www.carmelitaniscalzi.com\/wp-content\/uploads\/2021\/09\/JMP6212-150x150.jpg\" data-type=\"wpmfgalleryimg\" data-lazy-src=\"https:\/\/www.carmelitaniscalzi.com\/wp-content\/uploads\/2021\/09\/JMP6212-150x150.jpg\"><\/a><\/div><\/div><div class=\"wpmf-gallery-item\n     wpmf-gallery-item-position-8 wpmf-gallery-item-attachment-78221\" data-index=\"8\"><div class=\"wpmf-gallery-icon\"><a class=\" not_video noLightbox\" data-lightbox=\"1\" data-href=\"https:\/\/www.carmelitaniscalzi.com\/wp-content\/uploads\/2021\/09\/JMP6211.jpg\" title=\"_JMP6211\" target=\"_self\" data-index=\"8\"><img decoding=\"async\" class=\"wpmf_img\" alt=\"_JMP6211\" src=\"https:\/\/www.carmelitaniscalzi.com\/wp-content\/uploads\/2021\/09\/JMP6211-150x150.jpg\" data-type=\"wpmfgalleryimg\" data-lazy-src=\"https:\/\/www.carmelitaniscalzi.com\/wp-content\/uploads\/2021\/09\/JMP6211-150x150.jpg\"><\/a><\/div><\/div><\/div><\/div>\n\n","protected":false},"excerpt":{"rendered":"<p>La liturgia cotidiana se conf\u00eda a cada uno de los grupos ling\u00fc\u00edsticos. Hoy ha sido el turno del grupo franc\u00f3fono. La Eucarist\u00eda la presidi\u00f3 el P. Christophe-Marie, ocd, Provincial de la Provincia de Par\u00eds. En su homil\u00eda nos ha invitado a reflexionar sobre tres palabras: escucha, conversi\u00f3n y comuni\u00f3n. Este proceso sinodal deber\u00eda conducirnos a [&hellip;]<\/p>\n","protected":false},"author":7,"featured_media":78269,"comment_status":"closed","ping_status":"open","sticky":false,"template":"","format":"standard","meta":{"_acf_changed":false,"footnotes":""},"categories":[171,174,177,2054],"tags":[],"class_list":["post-78283","post","type-post","status-publish","format-standard","has-post-thumbnail","hentry","category-noticias-definidores","category-noticias-frailes","category-noticias-preposito-general","category-noticias-capitulo-general"],"acf":[],"yoast_head":"<!-- This site is optimized with the Yoast SEO plugin v26.3 - https:\/\/yoast.com\/wordpress\/plugins\/seo\/ -->\n<title>Jueves 2 de septiembre de 2021 - CARMELITAS DESCALZOS<\/title>\n<meta name=\"robots\" content=\"index, follow, max-snippet:-1, max-image-preview:large, max-video-preview:-1\" \/>\n<link rel=\"canonical\" href=\"https:\/\/www.carmelitaniscalzi.com\/es\/2021\/09\/02\/jueves-2-de-septiembre-de-2021\/\" \/>\n<meta property=\"og:locale\" content=\"es_ES\" \/>\n<meta property=\"og:type\" content=\"article\" \/>\n<meta property=\"og:title\" content=\"Jueves 2 de septiembre de 2021 - CARMELITAS DESCALZOS\" \/>\n<meta property=\"og:description\" content=\"La liturgia cotidiana se conf\u00eda a cada uno de los grupos ling\u00fc\u00edsticos. Hoy ha sido el turno del grupo franc\u00f3fono. La Eucarist\u00eda la presidi\u00f3 el P. Christophe-Marie, ocd, Provincial de la Provincia de Par\u00eds. En su homil\u00eda nos ha invitado a reflexionar sobre tres palabras: escucha, conversi\u00f3n y comuni\u00f3n. Este proceso sinodal deber\u00eda conducirnos a [&hellip;]\" \/>\n<meta property=\"og:url\" content=\"https:\/\/www.carmelitaniscalzi.com\/es\/2021\/09\/02\/jueves-2-de-septiembre-de-2021\/\" \/>\n<meta property=\"og:site_name\" content=\"CARMELITAS DESCALZOS\" \/>\n<meta property=\"article:publisher\" content=\"https:\/\/www.facebook.com\/Curia-Generalizia-Carmelitani-Scalzi-658766940887784\/\" \/>\n<meta property=\"article:published_time\" content=\"2021-09-02T21:30:44+00:00\" \/>\n<meta property=\"article:modified_time\" content=\"2021-09-03T01:39:40+00:00\" \/>\n<meta property=\"og:image\" content=\"https:\/\/www.carmelitaniscalzi.com\/wp-content\/uploads\/2021\/09\/copertina_giorno4.jpg\" \/>\n\t<meta property=\"og:image:width\" content=\"1000\" \/>\n\t<meta property=\"og:image:height\" content=\"600\" \/>\n\t<meta property=\"og:image:type\" content=\"image\/jpeg\" \/>\n<meta name=\"author\" content=\"ocd web master\" \/>\n<meta name=\"twitter:card\" content=\"summary_large_image\" \/>\n<meta name=\"twitter:creator\" content=\"@ocdcuria\" \/>\n<meta name=\"twitter:site\" content=\"@ocdcuria\" \/>\n<meta name=\"twitter:label1\" content=\"Escrito por\" \/>\n\t<meta name=\"twitter:data1\" content=\"ocd web master\" \/>\n\t<meta name=\"twitter:label2\" content=\"Tiempo de lectura\" \/>\n\t<meta name=\"twitter:data2\" content=\"2 minutos\" \/>\n<script type=\"application\/ld+json\" class=\"yoast-schema-graph\">{\"@context\":\"https:\/\/schema.org\",\"@graph\":[{\"@type\":\"Article\",\"@id\":\"https:\/\/www.carmelitaniscalzi.com\/es\/2021\/09\/02\/jueves-2-de-septiembre-de-2021\/#article\",\"isPartOf\":{\"@id\":\"https:\/\/www.carmelitaniscalzi.com\/es\/2021\/09\/02\/jueves-2-de-septiembre-de-2021\/\"},\"author\":{\"name\":\"ocd web master\",\"@id\":\"https:\/\/www.carmelitaniscalzi.com\/#\/schema\/person\/6d1c0d9bea7b6625c437246a5d6da409\"},\"headline\":\"Jueves 2 de septiembre de 2021\",\"datePublished\":\"2021-09-02T21:30:44+00:00\",\"dateModified\":\"2021-09-03T01:39:40+00:00\",\"mainEntityOfPage\":{\"@id\":\"https:\/\/www.carmelitaniscalzi.com\/es\/2021\/09\/02\/jueves-2-de-septiembre-de-2021\/\"},\"wordCount\":346,\"publisher\":{\"@id\":\"https:\/\/www.carmelitaniscalzi.com\/#organization\"},\"image\":{\"@id\":\"https:\/\/www.carmelitaniscalzi.com\/es\/2021\/09\/02\/jueves-2-de-septiembre-de-2021\/#primaryimage\"},\"thumbnailUrl\":\"https:\/\/www.carmelitaniscalzi.com\/wp-content\/uploads\/2021\/09\/copertina_giorno4.jpg\",\"articleSection\":[\"Noticias Definidores\",\"Noticias Frailes\",\"Noticias Prep\u00f3sito General\",\"Noticias Cap\u00edtulo General\"],\"inLanguage\":\"es\"},{\"@type\":\"WebPage\",\"@id\":\"https:\/\/www.carmelitaniscalzi.com\/es\/2021\/09\/02\/jueves-2-de-septiembre-de-2021\/\",\"url\":\"https:\/\/www.carmelitaniscalzi.com\/es\/2021\/09\/02\/jueves-2-de-septiembre-de-2021\/\",\"name\":\"Jueves 2 de septiembre de 2021 - CARMELITAS DESCALZOS\",\"isPartOf\":{\"@id\":\"https:\/\/www.carmelitaniscalzi.com\/#website\"},\"primaryImageOfPage\":{\"@id\":\"https:\/\/www.carmelitaniscalzi.com\/es\/2021\/09\/02\/jueves-2-de-septiembre-de-2021\/#primaryimage\"},\"image\":{\"@id\":\"https:\/\/www.carmelitaniscalzi.com\/es\/2021\/09\/02\/jueves-2-de-septiembre-de-2021\/#primaryimage\"},\"thumbnailUrl\":\"https:\/\/www.carmelitaniscalzi.com\/wp-content\/uploads\/2021\/09\/copertina_giorno4.jpg\",\"datePublished\":\"2021-09-02T21:30:44+00:00\",\"dateModified\":\"2021-09-03T01:39:40+00:00\",\"breadcrumb\":{\"@id\":\"https:\/\/www.carmelitaniscalzi.com\/es\/2021\/09\/02\/jueves-2-de-septiembre-de-2021\/#breadcrumb\"},\"inLanguage\":\"es\",\"potentialAction\":[{\"@type\":\"ReadAction\",\"target\":[\"https:\/\/www.carmelitaniscalzi.com\/es\/2021\/09\/02\/jueves-2-de-septiembre-de-2021\/\"]}]},{\"@type\":\"ImageObject\",\"inLanguage\":\"es\",\"@id\":\"https:\/\/www.carmelitaniscalzi.com\/es\/2021\/09\/02\/jueves-2-de-septiembre-de-2021\/#primaryimage\",\"url\":\"https:\/\/www.carmelitaniscalzi.com\/wp-content\/uploads\/2021\/09\/copertina_giorno4.jpg\",\"contentUrl\":\"https:\/\/www.carmelitaniscalzi.com\/wp-content\/uploads\/2021\/09\/copertina_giorno4.jpg\",\"width\":1000,\"height\":600},{\"@type\":\"BreadcrumbList\",\"@id\":\"https:\/\/www.carmelitaniscalzi.com\/es\/2021\/09\/02\/jueves-2-de-septiembre-de-2021\/#breadcrumb\",\"itemListElement\":[{\"@type\":\"ListItem\",\"position\":1,\"name\":\"Home\",\"item\":\"https:\/\/www.carmelitaniscalzi.com\/es\/\"},{\"@type\":\"ListItem\",\"position\":2,\"name\":\"Jueves 2 de septiembre de 2021\"}]},{\"@type\":\"WebSite\",\"@id\":\"https:\/\/www.carmelitaniscalzi.com\/#website\",\"url\":\"https:\/\/www.carmelitaniscalzi.com\/\",\"name\":\"CARMELITANI SCALZI - Curia Generale del Carmelo Teresiano\",\"description\":\"Curia General del Carmelo Teresiano\",\"publisher\":{\"@id\":\"https:\/\/www.carmelitaniscalzi.com\/#organization\"},\"alternateName\":\"CARMELITANI SCALZI\",\"potentialAction\":[{\"@type\":\"SearchAction\",\"target\":{\"@type\":\"EntryPoint\",\"urlTemplate\":\"https:\/\/www.carmelitaniscalzi.com\/?s={search_term_string}\"},\"query-input\":{\"@type\":\"PropertyValueSpecification\",\"valueRequired\":true,\"valueName\":\"search_term_string\"}}],\"inLanguage\":\"es\"},{\"@type\":\"Organization\",\"@id\":\"https:\/\/www.carmelitaniscalzi.com\/#organization\",\"name\":\"CARMELITANI SCALZI - Curia Generale del Carmelo Teresiano\",\"url\":\"https:\/\/www.carmelitaniscalzi.com\/\",\"logo\":{\"@type\":\"ImageObject\",\"inLanguage\":\"es\",\"@id\":\"https:\/\/www.carmelitaniscalzi.com\/#\/schema\/logo\/image\/\",\"url\":\"https:\/\/www.carmelitaniscalzi.com\/wp-content\/uploads\/2025\/11\/login-logo.png\",\"contentUrl\":\"https:\/\/www.carmelitaniscalzi.com\/wp-content\/uploads\/2025\/11\/login-logo.png\",\"width\":256,\"height\":256,\"caption\":\"CARMELITANI SCALZI - Curia Generale del Carmelo Teresiano\"},\"image\":{\"@id\":\"https:\/\/www.carmelitaniscalzi.com\/#\/schema\/logo\/image\/\"},\"sameAs\":[\"https:\/\/www.facebook.com\/Curia-Generalizia-Carmelitani-Scalzi-658766940887784\/\",\"https:\/\/x.com\/ocdcuria\",\"https:\/\/www.youtube.com\/channel\/UC2J5ZL0ycOY0qBSTCLX_NGQ\/videos\",\"https:\/\/www.instagram.com\/ocdinform\/\"]},{\"@type\":\"Person\",\"@id\":\"https:\/\/www.carmelitaniscalzi.com\/#\/schema\/person\/6d1c0d9bea7b6625c437246a5d6da409\",\"name\":\"ocd web master\",\"image\":{\"@type\":\"ImageObject\",\"inLanguage\":\"es\",\"@id\":\"https:\/\/www.carmelitaniscalzi.com\/#\/schema\/person\/image\/\",\"url\":\"https:\/\/secure.gravatar.com\/avatar\/41fbc5f82bad909fbaf2984c43fa50d8519ac5853e25b454d022b6868f80d0e7?s=96&d=mm&r=g\",\"contentUrl\":\"https:\/\/secure.gravatar.com\/avatar\/41fbc5f82bad909fbaf2984c43fa50d8519ac5853e25b454d022b6868f80d0e7?s=96&d=mm&r=g\",\"caption\":\"ocd web master\"},\"url\":\"https:\/\/www.carmelitaniscalzi.com\/es\/author\/ocdwebmaster\/\"}]}<\/script>\n<!-- \/ Yoast SEO plugin. -->","yoast_head_json":{"title":"Jueves 2 de septiembre de 2021 - CARMELITAS DESCALZOS","robots":{"index":"index","follow":"follow","max-snippet":"max-snippet:-1","max-image-preview":"max-image-preview:large","max-video-preview":"max-video-preview:-1"},"canonical":"https:\/\/www.carmelitaniscalzi.com\/es\/2021\/09\/02\/jueves-2-de-septiembre-de-2021\/","og_locale":"es_ES","og_type":"article","og_title":"Jueves 2 de septiembre de 2021 - CARMELITAS DESCALZOS","og_description":"La liturgia cotidiana se conf\u00eda a cada uno de los grupos ling\u00fc\u00edsticos. Hoy ha sido el turno del grupo franc\u00f3fono. La Eucarist\u00eda la presidi\u00f3 el P. Christophe-Marie, ocd, Provincial de la Provincia de Par\u00eds. En su homil\u00eda nos ha invitado a reflexionar sobre tres palabras: escucha, conversi\u00f3n y comuni\u00f3n. Este proceso sinodal deber\u00eda conducirnos a [&hellip;]","og_url":"https:\/\/www.carmelitaniscalzi.com\/es\/2021\/09\/02\/jueves-2-de-septiembre-de-2021\/","og_site_name":"CARMELITAS DESCALZOS","article_publisher":"https:\/\/www.facebook.com\/Curia-Generalizia-Carmelitani-Scalzi-658766940887784\/","article_published_time":"2021-09-02T21:30:44+00:00","article_modified_time":"2021-09-03T01:39:40+00:00","og_image":[{"width":1000,"height":600,"url":"https:\/\/www.carmelitaniscalzi.com\/wp-content\/uploads\/2021\/09\/copertina_giorno4.jpg","type":"image\/jpeg"}],"author":"ocd web master","twitter_card":"summary_large_image","twitter_creator":"@ocdcuria","twitter_site":"@ocdcuria","twitter_misc":{"Escrito por":"ocd web master","Tiempo de lectura":"2 minutos"},"schema":{"@context":"https:\/\/schema.org","@graph":[{"@type":"Article","@id":"https:\/\/www.carmelitaniscalzi.com\/es\/2021\/09\/02\/jueves-2-de-septiembre-de-2021\/#article","isPartOf":{"@id":"https:\/\/www.carmelitaniscalzi.com\/es\/2021\/09\/02\/jueves-2-de-septiembre-de-2021\/"},"author":{"name":"ocd web master","@id":"https:\/\/www.carmelitaniscalzi.com\/#\/schema\/person\/6d1c0d9bea7b6625c437246a5d6da409"},"headline":"Jueves 2 de septiembre de 2021","datePublished":"2021-09-02T21:30:44+00:00","dateModified":"2021-09-03T01:39:40+00:00","mainEntityOfPage":{"@id":"https:\/\/www.carmelitaniscalzi.com\/es\/2021\/09\/02\/jueves-2-de-septiembre-de-2021\/"},"wordCount":346,"publisher":{"@id":"https:\/\/www.carmelitaniscalzi.com\/#organization"},"image":{"@id":"https:\/\/www.carmelitaniscalzi.com\/es\/2021\/09\/02\/jueves-2-de-septiembre-de-2021\/#primaryimage"},"thumbnailUrl":"https:\/\/www.carmelitaniscalzi.com\/wp-content\/uploads\/2021\/09\/copertina_giorno4.jpg","articleSection":["Noticias Definidores","Noticias Frailes","Noticias Prep\u00f3sito General","Noticias Cap\u00edtulo General"],"inLanguage":"es"},{"@type":"WebPage","@id":"https:\/\/www.carmelitaniscalzi.com\/es\/2021\/09\/02\/jueves-2-de-septiembre-de-2021\/","url":"https:\/\/www.carmelitaniscalzi.com\/es\/2021\/09\/02\/jueves-2-de-septiembre-de-2021\/","name":"Jueves 2 de septiembre de 2021 - CARMELITAS DESCALZOS","isPartOf":{"@id":"https:\/\/www.carmelitaniscalzi.com\/#website"},"primaryImageOfPage":{"@id":"https:\/\/www.carmelitaniscalzi.com\/es\/2021\/09\/02\/jueves-2-de-septiembre-de-2021\/#primaryimage"},"image":{"@id":"https:\/\/www.carmelitaniscalzi.com\/es\/2021\/09\/02\/jueves-2-de-septiembre-de-2021\/#primaryimage"},"thumbnailUrl":"https:\/\/www.carmelitaniscalzi.com\/wp-content\/uploads\/2021\/09\/copertina_giorno4.jpg","datePublished":"2021-09-02T21:30:44+00:00","dateModified":"2021-09-03T01:39:40+00:00","breadcrumb":{"@id":"https:\/\/www.carmelitaniscalzi.com\/es\/2021\/09\/02\/jueves-2-de-septiembre-de-2021\/#breadcrumb"},"inLanguage":"es","potentialAction":[{"@type":"ReadAction","target":["https:\/\/www.carmelitaniscalzi.com\/es\/2021\/09\/02\/jueves-2-de-septiembre-de-2021\/"]}]},{"@type":"ImageObject","inLanguage":"es","@id":"https:\/\/www.carmelitaniscalzi.com\/es\/2021\/09\/02\/jueves-2-de-septiembre-de-2021\/#primaryimage","url":"https:\/\/www.carmelitaniscalzi.com\/wp-content\/uploads\/2021\/09\/copertina_giorno4.jpg","contentUrl":"https:\/\/www.carmelitaniscalzi.com\/wp-content\/uploads\/2021\/09\/copertina_giorno4.jpg","width":1000,"height":600},{"@type":"BreadcrumbList","@id":"https:\/\/www.carmelitaniscalzi.com\/es\/2021\/09\/02\/jueves-2-de-septiembre-de-2021\/#breadcrumb","itemListElement":[{"@type":"ListItem","position":1,"name":"Home","item":"https:\/\/www.carmelitaniscalzi.com\/es\/"},{"@type":"ListItem","position":2,"name":"Jueves 2 de septiembre de 2021"}]},{"@type":"WebSite","@id":"https:\/\/www.carmelitaniscalzi.com\/#website","url":"https:\/\/www.carmelitaniscalzi.com\/","name":"CARMELITANI SCALZI - Curia Generale del Carmelo Teresiano","description":"Curia General del Carmelo Teresiano","publisher":{"@id":"https:\/\/www.carmelitaniscalzi.com\/#organization"},"alternateName":"CARMELITANI SCALZI","potentialAction":[{"@type":"SearchAction","target":{"@type":"EntryPoint","urlTemplate":"https:\/\/www.carmelitaniscalzi.com\/?s={search_term_string}"},"query-input":{"@type":"PropertyValueSpecification","valueRequired":true,"valueName":"search_term_string"}}],"inLanguage":"es"},{"@type":"Organization","@id":"https:\/\/www.carmelitaniscalzi.com\/#organization","name":"CARMELITANI SCALZI - Curia Generale del Carmelo Teresiano","url":"https:\/\/www.carmelitaniscalzi.com\/","logo":{"@type":"ImageObject","inLanguage":"es","@id":"https:\/\/www.carmelitaniscalzi.com\/#\/schema\/logo\/image\/","url":"https:\/\/www.carmelitaniscalzi.com\/wp-content\/uploads\/2025\/11\/login-logo.png","contentUrl":"https:\/\/www.carmelitaniscalzi.com\/wp-content\/uploads\/2025\/11\/login-logo.png","width":256,"height":256,"caption":"CARMELITANI SCALZI - Curia Generale del Carmelo Teresiano"},"image":{"@id":"https:\/\/www.carmelitaniscalzi.com\/#\/schema\/logo\/image\/"},"sameAs":["https:\/\/www.facebook.com\/Curia-Generalizia-Carmelitani-Scalzi-658766940887784\/","https:\/\/x.com\/ocdcuria","https:\/\/www.youtube.com\/channel\/UC2J5ZL0ycOY0qBSTCLX_NGQ\/videos","https:\/\/www.instagram.com\/ocdinform\/"]},{"@type":"Person","@id":"https:\/\/www.carmelitaniscalzi.com\/#\/schema\/person\/6d1c0d9bea7b6625c437246a5d6da409","name":"ocd web master","image":{"@type":"ImageObject","inLanguage":"es","@id":"https:\/\/www.carmelitaniscalzi.com\/#\/schema\/person\/image\/","url":"https:\/\/secure.gravatar.com\/avatar\/41fbc5f82bad909fbaf2984c43fa50d8519ac5853e25b454d022b6868f80d0e7?s=96&d=mm&r=g","contentUrl":"https:\/\/secure.gravatar.com\/avatar\/41fbc5f82bad909fbaf2984c43fa50d8519ac5853e25b454d022b6868f80d0e7?s=96&d=mm&r=g","caption":"ocd web master"},"url":"https:\/\/www.carmelitaniscalzi.com\/es\/author\/ocdwebmaster\/"}]}},"_links":{"self":[{"href":"https:\/\/www.carmelitaniscalzi.com\/es\/wp-json\/wp\/v2\/posts\/78283","targetHints":{"allow":["GET"]}}],"collection":[{"href":"https:\/\/www.carmelitaniscalzi.com\/es\/wp-json\/wp\/v2\/posts"}],"about":[{"href":"https:\/\/www.carmelitaniscalzi.com\/es\/wp-json\/wp\/v2\/types\/post"}],"author":[{"embeddable":true,"href":"https:\/\/www.carmelitaniscalzi.com\/es\/wp-json\/wp\/v2\/users\/7"}],"replies":[{"embeddable":true,"href":"https:\/\/www.carmelitaniscalzi.com\/es\/wp-json\/wp\/v2\/comments?post=78283"}],"version-history":[{"count":3,"href":"https:\/\/www.carmelitaniscalzi.com\/es\/wp-json\/wp\/v2\/posts\/78283\/revisions"}],"predecessor-version":[{"id":78351,"href":"https:\/\/www.carmelitaniscalzi.com\/es\/wp-json\/wp\/v2\/posts\/78283\/revisions\/78351"}],"wp:featuredmedia":[{"embeddable":true,"href":"https:\/\/www.carmelitaniscalzi.com\/es\/wp-json\/wp\/v2\/media\/78269"}],"wp:attachment":[{"href":"https:\/\/www.carmelitaniscalzi.com\/es\/wp-json\/wp\/v2\/media?parent=78283"}],"wp:term":[{"taxonomy":"category","embeddable":true,"href":"https:\/\/www.carmelitaniscalzi.com\/es\/wp-json\/wp\/v2\/categories?post=78283"},{"taxonomy":"post_tag","embeddable":true,"href":"https:\/\/www.carmelitaniscalzi.com\/es\/wp-json\/wp\/v2\/tags?post=78283"}],"curies":[{"name":"wp","href":"https:\/\/api.w.org\/{rel}","templated":true}]}}