{"id":69441,"date":"2021-05-31T00:21:43","date_gmt":"2021-05-30T22:21:43","guid":{"rendered":"https:\/\/carmelitaniscalzi.com\/?p=69441"},"modified":"2021-07-10T00:22:36","modified_gmt":"2021-07-09T22:22:36","slug":"santa-teresa-de-lisieux-en-la-unesco","status":"publish","type":"post","link":"https:\/\/www.carmelitaniscalzi.com\/es\/2021\/05\/31\/santa-teresa-de-lisieux-en-la-unesco\/","title":{"rendered":"Santa Teresa de Lisieux en la UNESCO"},"content":{"rendered":"<p>El 16 de abril de 2021, el Consejo ejecutivo de la UNESCO aprob\u00f3 la candidatura de Teresa del Ni\u00f1o Jes\u00fas para el bienio 2022\/2023, en ocasi\u00f3n del 150\u00ba aniversario de su nacimiento. Es necesario tambi\u00e9n se\u00f1alar que 2023 ser\u00e1 tambi\u00e9n el centenario de su beatificaci\u00f3n (29\/04\/1924). Esta candidatura fue presentada por el estado franc\u00e9s y la Bas\u00edlica de Lisieux. Durante el bienio 2022\/2023, la UNESCO quiere \u201chonrar la memoria de las personas que han trabajado en el campo de la paz, la educaci\u00f3n, la ciencia, las ciencias sociales y la comunicaci\u00f3n\u201d. Teresa fue elegida entre 60 personalidades presentadas por 47 estados. Entre ellos hab\u00eda tres cat\u00f3licos: Cop\u00e9rnico (Polonia), Nerses (Armenia) y Mendel (Rep\u00fablica Checa).<\/p>\n<p>A mediados de abril Teresa pas\u00f3 el primer corte. Es la \u00fanica mujer entre las cuatro candidaturas seleccionadas y, por tanto, representar\u00e1 a Francia en la UNESCO, si bien B\u00e9lgica e Italia apoyan tambi\u00e9n esta candidatura. La UNESCO ha declarado que \u201cla celebraci\u00f3n de este aniversario contribuir\u00e1 a dar mayor visibilidad y ser justos con las mujeres que han promovido, con sus acciones, los valores de la paz\u201d. Dada la celebridad de Teresa de Lisieux en la comunidad cat\u00f3lica (la ciudad de Lisieux es el segundo lugar de peregrinaci\u00f3n en Francia detr\u00e1s de Lourdes), la celebraci\u00f3n de su aniversario puede ser una ocasi\u00f3n para subrayar el papel de las mujeres en las religiones, en la lucha contra la pobreza y en la promoci\u00f3n de la inclusi\u00f3n.<\/p>\n<p>Una santa francesa, con influencia mundial, Doctor de la Iglesia: la UNESCO podr\u00eda homenajear pronto a Teresa de Lisieux como patrimonio de la humanidad. Se trata de un mensaje sorprendente y extraordinario que el cielo nos da en estos tiempos de pandemia. No obstante, solo en noviembre de 2021 sabremos si Teresa ser\u00e1 oficialmente homenajeada por la UNESCO.<\/p>\n<p>&nbsp;<\/p>\n<div class=\"wpmf-gallerys wpmf-gallerys-life \" ><div id=\"gallery-1\"\n data-gutter-width=\"5\"\n  data-wpmfcolumns=\"4\" class=\"wpmf-gallery gallery-link-file gallery_life gallery-masonry gallery-columns-4 gallery-size-thumbnail wpmf-gallery-bottomspace-default wpmf-gallery-clear wpmf-has-border-radius-0 wpmf-gutterwidth-5\"><div class=\"wpmf-gallery-item\n     wpmf-gallery-item-position-0 wpmf-gallery-item-attachment-69288\" data-index=\"0\"><div class=\"wpmf-gallery-icon\"><a class=\" not_video noLightbox\" data-lightbox=\"1\" data-href=\"https:\/\/www.carmelitaniscalzi.com\/wp-content\/uploads\/2021\/07\/ThL-21.png\" title=\"ThL 21\" target=\"_self\" data-index=\"0\"><img decoding=\"async\" class=\"wpmf_img\" alt=\"ThL 21\" src=\"https:\/\/www.carmelitaniscalzi.com\/wp-content\/uploads\/2021\/07\/ThL-21-150x150.png\" data-type=\"wpmfgalleryimg\" data-lazy-src=\"https:\/\/www.carmelitaniscalzi.com\/wp-content\/uploads\/2021\/07\/ThL-21-150x150.png\"><\/a><\/div><\/div><div class=\"wpmf-gallery-item\n     wpmf-gallery-item-position-1 wpmf-gallery-item-attachment-69282\" data-index=\"1\"><div class=\"wpmf-gallery-icon\"><a class=\" not_video noLightbox\" data-lightbox=\"1\" data-href=\"https:\/\/www.carmelitaniscalzi.com\/wp-content\/uploads\/2021\/07\/ThL-6b-722x1024.jpg\" title=\"ThL 6b\" target=\"_self\" data-index=\"1\"><img decoding=\"async\" class=\"wpmf_img\" alt=\"ThL 6b\" src=\"https:\/\/www.carmelitaniscalzi.com\/wp-content\/uploads\/2021\/07\/ThL-6b-150x150.jpg\" data-type=\"wpmfgalleryimg\" data-lazy-src=\"https:\/\/www.carmelitaniscalzi.com\/wp-content\/uploads\/2021\/07\/ThL-6b-150x150.jpg\"><\/a><\/div><\/div><div class=\"wpmf-gallery-item\n     wpmf-gallery-item-position-2 wpmf-gallery-item-attachment-69276\" data-index=\"2\"><div class=\"wpmf-gallery-icon\"><a class=\" not_video noLightbox\" data-lightbox=\"1\" data-href=\"https:\/\/www.carmelitaniscalzi.com\/wp-content\/uploads\/2021\/07\/ThL-2.jpg\" title=\"ThL 2\" target=\"_self\" data-index=\"2\"><img decoding=\"async\" class=\"wpmf_img\" alt=\"ThL 2\" src=\"https:\/\/www.carmelitaniscalzi.com\/wp-content\/uploads\/2021\/07\/ThL-2-150x150.jpg\" data-type=\"wpmfgalleryimg\" data-lazy-src=\"https:\/\/www.carmelitaniscalzi.com\/wp-content\/uploads\/2021\/07\/ThL-2-150x150.jpg\"><\/a><\/div><\/div><div class=\"wpmf-gallery-item\n     wpmf-gallery-item-position-3 wpmf-gallery-item-attachment-69270\" data-index=\"3\"><div class=\"wpmf-gallery-icon\"><a class=\" not_video noLightbox\" data-lightbox=\"1\" data-href=\"https:\/\/www.carmelitaniscalzi.com\/wp-content\/uploads\/2021\/07\/ThL-1.jpg\" title=\"ThL 1\" target=\"_self\" data-index=\"3\"><img decoding=\"async\" class=\"wpmf_img\" alt=\"ThL 1\" src=\"https:\/\/www.carmelitaniscalzi.com\/wp-content\/uploads\/2021\/07\/ThL-1-150x150.jpg\" data-type=\"wpmfgalleryimg\" data-lazy-src=\"https:\/\/www.carmelitaniscalzi.com\/wp-content\/uploads\/2021\/07\/ThL-1-150x150.jpg\"><\/a><\/div><\/div><\/div><\/div>\n\n<p>&nbsp;<\/p>\n","protected":false},"excerpt":{"rendered":"<p>El 16 de abril de 2021, el Consejo ejecutivo de la UNESCO aprob\u00f3 la candidatura de Teresa del Ni\u00f1o Jes\u00fas para el bienio 2022\/2023, en ocasi\u00f3n del 150\u00ba aniversario de su nacimiento. Es necesario tambi\u00e9n se\u00f1alar que 2023 ser\u00e1 tambi\u00e9n el centenario de su beatificaci\u00f3n (29\/04\/1924). Esta candidatura fue presentada por el estado franc\u00e9s y [&hellip;]<\/p>\n","protected":false},"author":7,"featured_media":69264,"comment_status":"closed","ping_status":"open","sticky":false,"template":"","format":"standard","meta":{"_acf_changed":false,"footnotes":""},"categories":[174,176,372],"tags":[],"class_list":["post-69441","post","type-post","status-publish","format-standard","has-post-thumbnail","hentry","category-noticias-frailes","category-noticias-monjas","category-noticias"],"acf":[],"yoast_head":"<!-- This site is optimized with the Yoast SEO plugin v26.3 - https:\/\/yoast.com\/wordpress\/plugins\/seo\/ -->\n<title>Santa Teresa de Lisieux en la UNESCO - CARMELITAS DESCALZOS<\/title>\n<meta name=\"robots\" content=\"index, follow, max-snippet:-1, max-image-preview:large, max-video-preview:-1\" \/>\n<link rel=\"canonical\" href=\"https:\/\/www.carmelitaniscalzi.com\/es\/2021\/05\/31\/santa-teresa-de-lisieux-en-la-unesco\/\" \/>\n<meta property=\"og:locale\" content=\"es_ES\" \/>\n<meta property=\"og:type\" content=\"article\" \/>\n<meta property=\"og:title\" content=\"Santa Teresa de Lisieux en la UNESCO - CARMELITAS DESCALZOS\" \/>\n<meta property=\"og:description\" content=\"El 16 de abril de 2021, el Consejo ejecutivo de la UNESCO aprob\u00f3 la candidatura de Teresa del Ni\u00f1o Jes\u00fas para el bienio 2022\/2023, en ocasi\u00f3n del 150\u00ba aniversario de su nacimiento. Es necesario tambi\u00e9n se\u00f1alar que 2023 ser\u00e1 tambi\u00e9n el centenario de su beatificaci\u00f3n (29\/04\/1924). Esta candidatura fue presentada por el estado franc\u00e9s y [&hellip;]\" \/>\n<meta property=\"og:url\" content=\"https:\/\/www.carmelitaniscalzi.com\/es\/2021\/05\/31\/santa-teresa-de-lisieux-en-la-unesco\/\" \/>\n<meta property=\"og:site_name\" content=\"CARMELITAS DESCALZOS\" \/>\n<meta property=\"article:publisher\" content=\"https:\/\/www.facebook.com\/Curia-Generalizia-Carmelitani-Scalzi-658766940887784\/\" \/>\n<meta property=\"article:published_time\" content=\"2021-05-30T22:21:43+00:00\" \/>\n<meta property=\"article:modified_time\" content=\"2021-07-09T22:22:36+00:00\" \/>\n<meta property=\"og:image\" content=\"https:\/\/www.carmelitaniscalzi.com\/wp-content\/uploads\/2021\/07\/copert_thl.jpg\" \/>\n\t<meta property=\"og:image:width\" content=\"848\" \/>\n\t<meta property=\"og:image:height\" content=\"600\" \/>\n\t<meta property=\"og:image:type\" content=\"image\/jpeg\" \/>\n<meta name=\"author\" content=\"ocd web master\" \/>\n<meta name=\"twitter:card\" content=\"summary_large_image\" \/>\n<meta name=\"twitter:creator\" content=\"@ocdcuria\" \/>\n<meta name=\"twitter:site\" content=\"@ocdcuria\" \/>\n<meta name=\"twitter:label1\" content=\"Escrito por\" \/>\n\t<meta name=\"twitter:data1\" content=\"ocd web master\" \/>\n\t<meta name=\"twitter:label2\" content=\"Tiempo de lectura\" \/>\n\t<meta name=\"twitter:data2\" content=\"2 minutos\" \/>\n<script type=\"application\/ld+json\" class=\"yoast-schema-graph\">{\"@context\":\"https:\/\/schema.org\",\"@graph\":[{\"@type\":\"Article\",\"@id\":\"https:\/\/www.carmelitaniscalzi.com\/es\/2021\/05\/31\/santa-teresa-de-lisieux-en-la-unesco\/#article\",\"isPartOf\":{\"@id\":\"https:\/\/www.carmelitaniscalzi.com\/es\/2021\/05\/31\/santa-teresa-de-lisieux-en-la-unesco\/\"},\"author\":{\"name\":\"ocd web master\",\"@id\":\"https:\/\/www.carmelitaniscalzi.com\/#\/schema\/person\/6d1c0d9bea7b6625c437246a5d6da409\"},\"headline\":\"Santa Teresa de Lisieux en la UNESCO\",\"datePublished\":\"2021-05-30T22:21:43+00:00\",\"dateModified\":\"2021-07-09T22:22:36+00:00\",\"mainEntityOfPage\":{\"@id\":\"https:\/\/www.carmelitaniscalzi.com\/es\/2021\/05\/31\/santa-teresa-de-lisieux-en-la-unesco\/\"},\"wordCount\":333,\"publisher\":{\"@id\":\"https:\/\/www.carmelitaniscalzi.com\/#organization\"},\"image\":{\"@id\":\"https:\/\/www.carmelitaniscalzi.com\/es\/2021\/05\/31\/santa-teresa-de-lisieux-en-la-unesco\/#primaryimage\"},\"thumbnailUrl\":\"https:\/\/www.carmelitaniscalzi.com\/wp-content\/uploads\/2021\/07\/copert_thl.jpg\",\"articleSection\":[\"Noticias Frailes\",\"Noticias Monjas\",\"Noticias\"],\"inLanguage\":\"es\"},{\"@type\":\"WebPage\",\"@id\":\"https:\/\/www.carmelitaniscalzi.com\/es\/2021\/05\/31\/santa-teresa-de-lisieux-en-la-unesco\/\",\"url\":\"https:\/\/www.carmelitaniscalzi.com\/es\/2021\/05\/31\/santa-teresa-de-lisieux-en-la-unesco\/\",\"name\":\"Santa Teresa de Lisieux en la UNESCO - CARMELITAS DESCALZOS\",\"isPartOf\":{\"@id\":\"https:\/\/www.carmelitaniscalzi.com\/#website\"},\"primaryImageOfPage\":{\"@id\":\"https:\/\/www.carmelitaniscalzi.com\/es\/2021\/05\/31\/santa-teresa-de-lisieux-en-la-unesco\/#primaryimage\"},\"image\":{\"@id\":\"https:\/\/www.carmelitaniscalzi.com\/es\/2021\/05\/31\/santa-teresa-de-lisieux-en-la-unesco\/#primaryimage\"},\"thumbnailUrl\":\"https:\/\/www.carmelitaniscalzi.com\/wp-content\/uploads\/2021\/07\/copert_thl.jpg\",\"datePublished\":\"2021-05-30T22:21:43+00:00\",\"dateModified\":\"2021-07-09T22:22:36+00:00\",\"breadcrumb\":{\"@id\":\"https:\/\/www.carmelitaniscalzi.com\/es\/2021\/05\/31\/santa-teresa-de-lisieux-en-la-unesco\/#breadcrumb\"},\"inLanguage\":\"es\",\"potentialAction\":[{\"@type\":\"ReadAction\",\"target\":[\"https:\/\/www.carmelitaniscalzi.com\/es\/2021\/05\/31\/santa-teresa-de-lisieux-en-la-unesco\/\"]}]},{\"@type\":\"ImageObject\",\"inLanguage\":\"es\",\"@id\":\"https:\/\/www.carmelitaniscalzi.com\/es\/2021\/05\/31\/santa-teresa-de-lisieux-en-la-unesco\/#primaryimage\",\"url\":\"https:\/\/www.carmelitaniscalzi.com\/wp-content\/uploads\/2021\/07\/copert_thl.jpg\",\"contentUrl\":\"https:\/\/www.carmelitaniscalzi.com\/wp-content\/uploads\/2021\/07\/copert_thl.jpg\",\"width\":848,\"height\":600},{\"@type\":\"BreadcrumbList\",\"@id\":\"https:\/\/www.carmelitaniscalzi.com\/es\/2021\/05\/31\/santa-teresa-de-lisieux-en-la-unesco\/#breadcrumb\",\"itemListElement\":[{\"@type\":\"ListItem\",\"position\":1,\"name\":\"Home\",\"item\":\"https:\/\/www.carmelitaniscalzi.com\/es\/\"},{\"@type\":\"ListItem\",\"position\":2,\"name\":\"Santa Teresa de Lisieux en la UNESCO\"}]},{\"@type\":\"WebSite\",\"@id\":\"https:\/\/www.carmelitaniscalzi.com\/#website\",\"url\":\"https:\/\/www.carmelitaniscalzi.com\/\",\"name\":\"CARMELITANI SCALZI - Curia Generale del Carmelo Teresiano\",\"description\":\"Curia General del Carmelo Teresiano\",\"publisher\":{\"@id\":\"https:\/\/www.carmelitaniscalzi.com\/#organization\"},\"alternateName\":\"CARMELITANI SCALZI\",\"potentialAction\":[{\"@type\":\"SearchAction\",\"target\":{\"@type\":\"EntryPoint\",\"urlTemplate\":\"https:\/\/www.carmelitaniscalzi.com\/?s={search_term_string}\"},\"query-input\":{\"@type\":\"PropertyValueSpecification\",\"valueRequired\":true,\"valueName\":\"search_term_string\"}}],\"inLanguage\":\"es\"},{\"@type\":\"Organization\",\"@id\":\"https:\/\/www.carmelitaniscalzi.com\/#organization\",\"name\":\"CARMELITANI SCALZI - Curia Generale del Carmelo Teresiano\",\"url\":\"https:\/\/www.carmelitaniscalzi.com\/\",\"logo\":{\"@type\":\"ImageObject\",\"inLanguage\":\"es\",\"@id\":\"https:\/\/www.carmelitaniscalzi.com\/#\/schema\/logo\/image\/\",\"url\":\"https:\/\/www.carmelitaniscalzi.com\/wp-content\/uploads\/2025\/11\/login-logo.png\",\"contentUrl\":\"https:\/\/www.carmelitaniscalzi.com\/wp-content\/uploads\/2025\/11\/login-logo.png\",\"width\":256,\"height\":256,\"caption\":\"CARMELITANI SCALZI - Curia Generale del Carmelo Teresiano\"},\"image\":{\"@id\":\"https:\/\/www.carmelitaniscalzi.com\/#\/schema\/logo\/image\/\"},\"sameAs\":[\"https:\/\/www.facebook.com\/Curia-Generalizia-Carmelitani-Scalzi-658766940887784\/\",\"https:\/\/x.com\/ocdcuria\",\"https:\/\/www.youtube.com\/channel\/UC2J5ZL0ycOY0qBSTCLX_NGQ\/videos\",\"https:\/\/www.instagram.com\/ocdinform\/\"]},{\"@type\":\"Person\",\"@id\":\"https:\/\/www.carmelitaniscalzi.com\/#\/schema\/person\/6d1c0d9bea7b6625c437246a5d6da409\",\"name\":\"ocd web master\",\"image\":{\"@type\":\"ImageObject\",\"inLanguage\":\"es\",\"@id\":\"https:\/\/www.carmelitaniscalzi.com\/#\/schema\/person\/image\/\",\"url\":\"https:\/\/secure.gravatar.com\/avatar\/41fbc5f82bad909fbaf2984c43fa50d8519ac5853e25b454d022b6868f80d0e7?s=96&d=mm&r=g\",\"contentUrl\":\"https:\/\/secure.gravatar.com\/avatar\/41fbc5f82bad909fbaf2984c43fa50d8519ac5853e25b454d022b6868f80d0e7?s=96&d=mm&r=g\",\"caption\":\"ocd web master\"},\"url\":\"https:\/\/www.carmelitaniscalzi.com\/es\/author\/ocdwebmaster\/\"}]}<\/script>\n<!-- \/ Yoast SEO plugin. -->","yoast_head_json":{"title":"Santa Teresa de Lisieux en la UNESCO - CARMELITAS DESCALZOS","robots":{"index":"index","follow":"follow","max-snippet":"max-snippet:-1","max-image-preview":"max-image-preview:large","max-video-preview":"max-video-preview:-1"},"canonical":"https:\/\/www.carmelitaniscalzi.com\/es\/2021\/05\/31\/santa-teresa-de-lisieux-en-la-unesco\/","og_locale":"es_ES","og_type":"article","og_title":"Santa Teresa de Lisieux en la UNESCO - CARMELITAS DESCALZOS","og_description":"El 16 de abril de 2021, el Consejo ejecutivo de la UNESCO aprob\u00f3 la candidatura de Teresa del Ni\u00f1o Jes\u00fas para el bienio 2022\/2023, en ocasi\u00f3n del 150\u00ba aniversario de su nacimiento. Es necesario tambi\u00e9n se\u00f1alar que 2023 ser\u00e1 tambi\u00e9n el centenario de su beatificaci\u00f3n (29\/04\/1924). Esta candidatura fue presentada por el estado franc\u00e9s y [&hellip;]","og_url":"https:\/\/www.carmelitaniscalzi.com\/es\/2021\/05\/31\/santa-teresa-de-lisieux-en-la-unesco\/","og_site_name":"CARMELITAS DESCALZOS","article_publisher":"https:\/\/www.facebook.com\/Curia-Generalizia-Carmelitani-Scalzi-658766940887784\/","article_published_time":"2021-05-30T22:21:43+00:00","article_modified_time":"2021-07-09T22:22:36+00:00","og_image":[{"width":848,"height":600,"url":"https:\/\/www.carmelitaniscalzi.com\/wp-content\/uploads\/2021\/07\/copert_thl.jpg","type":"image\/jpeg"}],"author":"ocd web master","twitter_card":"summary_large_image","twitter_creator":"@ocdcuria","twitter_site":"@ocdcuria","twitter_misc":{"Escrito por":"ocd web master","Tiempo de lectura":"2 minutos"},"schema":{"@context":"https:\/\/schema.org","@graph":[{"@type":"Article","@id":"https:\/\/www.carmelitaniscalzi.com\/es\/2021\/05\/31\/santa-teresa-de-lisieux-en-la-unesco\/#article","isPartOf":{"@id":"https:\/\/www.carmelitaniscalzi.com\/es\/2021\/05\/31\/santa-teresa-de-lisieux-en-la-unesco\/"},"author":{"name":"ocd web master","@id":"https:\/\/www.carmelitaniscalzi.com\/#\/schema\/person\/6d1c0d9bea7b6625c437246a5d6da409"},"headline":"Santa Teresa de Lisieux en la UNESCO","datePublished":"2021-05-30T22:21:43+00:00","dateModified":"2021-07-09T22:22:36+00:00","mainEntityOfPage":{"@id":"https:\/\/www.carmelitaniscalzi.com\/es\/2021\/05\/31\/santa-teresa-de-lisieux-en-la-unesco\/"},"wordCount":333,"publisher":{"@id":"https:\/\/www.carmelitaniscalzi.com\/#organization"},"image":{"@id":"https:\/\/www.carmelitaniscalzi.com\/es\/2021\/05\/31\/santa-teresa-de-lisieux-en-la-unesco\/#primaryimage"},"thumbnailUrl":"https:\/\/www.carmelitaniscalzi.com\/wp-content\/uploads\/2021\/07\/copert_thl.jpg","articleSection":["Noticias Frailes","Noticias Monjas","Noticias"],"inLanguage":"es"},{"@type":"WebPage","@id":"https:\/\/www.carmelitaniscalzi.com\/es\/2021\/05\/31\/santa-teresa-de-lisieux-en-la-unesco\/","url":"https:\/\/www.carmelitaniscalzi.com\/es\/2021\/05\/31\/santa-teresa-de-lisieux-en-la-unesco\/","name":"Santa Teresa de Lisieux en la UNESCO - CARMELITAS DESCALZOS","isPartOf":{"@id":"https:\/\/www.carmelitaniscalzi.com\/#website"},"primaryImageOfPage":{"@id":"https:\/\/www.carmelitaniscalzi.com\/es\/2021\/05\/31\/santa-teresa-de-lisieux-en-la-unesco\/#primaryimage"},"image":{"@id":"https:\/\/www.carmelitaniscalzi.com\/es\/2021\/05\/31\/santa-teresa-de-lisieux-en-la-unesco\/#primaryimage"},"thumbnailUrl":"https:\/\/www.carmelitaniscalzi.com\/wp-content\/uploads\/2021\/07\/copert_thl.jpg","datePublished":"2021-05-30T22:21:43+00:00","dateModified":"2021-07-09T22:22:36+00:00","breadcrumb":{"@id":"https:\/\/www.carmelitaniscalzi.com\/es\/2021\/05\/31\/santa-teresa-de-lisieux-en-la-unesco\/#breadcrumb"},"inLanguage":"es","potentialAction":[{"@type":"ReadAction","target":["https:\/\/www.carmelitaniscalzi.com\/es\/2021\/05\/31\/santa-teresa-de-lisieux-en-la-unesco\/"]}]},{"@type":"ImageObject","inLanguage":"es","@id":"https:\/\/www.carmelitaniscalzi.com\/es\/2021\/05\/31\/santa-teresa-de-lisieux-en-la-unesco\/#primaryimage","url":"https:\/\/www.carmelitaniscalzi.com\/wp-content\/uploads\/2021\/07\/copert_thl.jpg","contentUrl":"https:\/\/www.carmelitaniscalzi.com\/wp-content\/uploads\/2021\/07\/copert_thl.jpg","width":848,"height":600},{"@type":"BreadcrumbList","@id":"https:\/\/www.carmelitaniscalzi.com\/es\/2021\/05\/31\/santa-teresa-de-lisieux-en-la-unesco\/#breadcrumb","itemListElement":[{"@type":"ListItem","position":1,"name":"Home","item":"https:\/\/www.carmelitaniscalzi.com\/es\/"},{"@type":"ListItem","position":2,"name":"Santa Teresa de Lisieux en la UNESCO"}]},{"@type":"WebSite","@id":"https:\/\/www.carmelitaniscalzi.com\/#website","url":"https:\/\/www.carmelitaniscalzi.com\/","name":"CARMELITANI SCALZI - Curia Generale del Carmelo Teresiano","description":"Curia General del Carmelo Teresiano","publisher":{"@id":"https:\/\/www.carmelitaniscalzi.com\/#organization"},"alternateName":"CARMELITANI SCALZI","potentialAction":[{"@type":"SearchAction","target":{"@type":"EntryPoint","urlTemplate":"https:\/\/www.carmelitaniscalzi.com\/?s={search_term_string}"},"query-input":{"@type":"PropertyValueSpecification","valueRequired":true,"valueName":"search_term_string"}}],"inLanguage":"es"},{"@type":"Organization","@id":"https:\/\/www.carmelitaniscalzi.com\/#organization","name":"CARMELITANI SCALZI - Curia Generale del Carmelo Teresiano","url":"https:\/\/www.carmelitaniscalzi.com\/","logo":{"@type":"ImageObject","inLanguage":"es","@id":"https:\/\/www.carmelitaniscalzi.com\/#\/schema\/logo\/image\/","url":"https:\/\/www.carmelitaniscalzi.com\/wp-content\/uploads\/2025\/11\/login-logo.png","contentUrl":"https:\/\/www.carmelitaniscalzi.com\/wp-content\/uploads\/2025\/11\/login-logo.png","width":256,"height":256,"caption":"CARMELITANI SCALZI - Curia Generale del Carmelo Teresiano"},"image":{"@id":"https:\/\/www.carmelitaniscalzi.com\/#\/schema\/logo\/image\/"},"sameAs":["https:\/\/www.facebook.com\/Curia-Generalizia-Carmelitani-Scalzi-658766940887784\/","https:\/\/x.com\/ocdcuria","https:\/\/www.youtube.com\/channel\/UC2J5ZL0ycOY0qBSTCLX_NGQ\/videos","https:\/\/www.instagram.com\/ocdinform\/"]},{"@type":"Person","@id":"https:\/\/www.carmelitaniscalzi.com\/#\/schema\/person\/6d1c0d9bea7b6625c437246a5d6da409","name":"ocd web master","image":{"@type":"ImageObject","inLanguage":"es","@id":"https:\/\/www.carmelitaniscalzi.com\/#\/schema\/person\/image\/","url":"https:\/\/secure.gravatar.com\/avatar\/41fbc5f82bad909fbaf2984c43fa50d8519ac5853e25b454d022b6868f80d0e7?s=96&d=mm&r=g","contentUrl":"https:\/\/secure.gravatar.com\/avatar\/41fbc5f82bad909fbaf2984c43fa50d8519ac5853e25b454d022b6868f80d0e7?s=96&d=mm&r=g","caption":"ocd web master"},"url":"https:\/\/www.carmelitaniscalzi.com\/es\/author\/ocdwebmaster\/"}]}},"_links":{"self":[{"href":"https:\/\/www.carmelitaniscalzi.com\/es\/wp-json\/wp\/v2\/posts\/69441","targetHints":{"allow":["GET"]}}],"collection":[{"href":"https:\/\/www.carmelitaniscalzi.com\/es\/wp-json\/wp\/v2\/posts"}],"about":[{"href":"https:\/\/www.carmelitaniscalzi.com\/es\/wp-json\/wp\/v2\/types\/post"}],"author":[{"embeddable":true,"href":"https:\/\/www.carmelitaniscalzi.com\/es\/wp-json\/wp\/v2\/users\/7"}],"replies":[{"embeddable":true,"href":"https:\/\/www.carmelitaniscalzi.com\/es\/wp-json\/wp\/v2\/comments?post=69441"}],"version-history":[{"count":1,"href":"https:\/\/www.carmelitaniscalzi.com\/es\/wp-json\/wp\/v2\/posts\/69441\/revisions"}],"predecessor-version":[{"id":69442,"href":"https:\/\/www.carmelitaniscalzi.com\/es\/wp-json\/wp\/v2\/posts\/69441\/revisions\/69442"}],"wp:featuredmedia":[{"embeddable":true,"href":"https:\/\/www.carmelitaniscalzi.com\/es\/wp-json\/wp\/v2\/media\/69264"}],"wp:attachment":[{"href":"https:\/\/www.carmelitaniscalzi.com\/es\/wp-json\/wp\/v2\/media?parent=69441"}],"wp:term":[{"taxonomy":"category","embeddable":true,"href":"https:\/\/www.carmelitaniscalzi.com\/es\/wp-json\/wp\/v2\/categories?post=69441"},{"taxonomy":"post_tag","embeddable":true,"href":"https:\/\/www.carmelitaniscalzi.com\/es\/wp-json\/wp\/v2\/tags?post=69441"}],"curies":[{"name":"wp","href":"https:\/\/api.w.org\/{rel}","templated":true}]}}