{"id":6285,"date":"2016-08-01T16:25:30","date_gmt":"2016-08-01T14:25:30","guid":{"rendered":"https:\/\/www.carmelitaniscalzi.com\/es\/?p=6285"},"modified":"2016-08-01T16:25:30","modified_gmt":"2016-08-01T14:25:30","slug":"p-oswaldo-e-escobar-aguilar-nuevo-obispo-de-chalatenango-el-salvador","status":"publish","type":"post","link":"https:\/\/www.carmelitaniscalzi.com\/es\/2016\/08\/01\/p-oswaldo-e-escobar-aguilar-nuevo-obispo-de-chalatenango-el-salvador\/","title":{"rendered":"P. Oswaldo E. Escobar Aguilar, nuevo Obispo de Chalatenango (El Salvador)"},"content":{"rendered":"<p>El papa Francisco ha nombrado al P. Oswaldo Escobar, ocd, nuevo Obispo de Chalatenango (El Salvador).<\/p>\n<p>Nacido el 20 de mayo de 1968 en una localidad de la misma di\u00f3cesis de la que ahora ser\u00e1 obispo, ingres\u00f3 en la Orden de los Carmelitas Descalzos y realiz\u00f3 su profesi\u00f3n solemne en diciembre de 1995, siendo ordenado sacerdote el d\u00eda de san Jos\u00e9 de 1996. Terminados sus estudios filos\u00f3fico-teol\u00f3gicos en Guatemala, curs\u00f3 estudios en el CITeS de \u00c1vila, Espa\u00f1a y se licenci\u00f3 en Teolog\u00eda espiritual en la Pontificia Facultad Teresianum (Roma), el a\u00f1o 2008.<\/p>\n<p>En su Provincia de Centro Am\u00e9rica ha sido formador de postulantes y estudiantes, p\u00e1rroco, prior y, actualmente, provincial. Era tambi\u00e9n, hasta su nombramiento, presidente de la Conferencia de Religiosos de El Salvador.<\/p>\n<p>La di\u00f3cesis de Chalatenango fue creada el 30 de diciembre de 1987 por san Juan Pablo II y comprende el departamento del mismo nombre, ubicado al norte de la capital del pa\u00eds, San Salvador.<\/p>\n","protected":false},"excerpt":{"rendered":"<p>El papa Francisco ha nombrado al P. Oswaldo Escobar, ocd, nuevo Obispo de Chalatenango (El Salvador). Nacido el 20 de mayo de 1968 en una localidad de la misma di\u00f3cesis de la que ahora ser\u00e1 obispo, ingres\u00f3 en la Orden de los Carmelitas Descalzos y realiz\u00f3 su profesi\u00f3n solemne en diciembre de 1995, siendo ordenado [&hellip;]<\/p>\n","protected":false},"author":7,"featured_media":30038,"comment_status":"closed","ping_status":"closed","sticky":false,"template":"","format":"standard","meta":{"_acf_changed":false,"footnotes":""},"categories":[174,372],"tags":[],"class_list":["post-6285","post","type-post","status-publish","format-standard","has-post-thumbnail","hentry","category-noticias-frailes","category-noticias"],"acf":[],"yoast_head":"<!-- This site is optimized with the Yoast SEO plugin v26.3 - https:\/\/yoast.com\/wordpress\/plugins\/seo\/ -->\n<title>P. Oswaldo E. Escobar Aguilar, nuevo Obispo de Chalatenango (El Salvador) - CARMELITAS DESCALZOS<\/title>\n<meta name=\"robots\" content=\"index, follow, max-snippet:-1, max-image-preview:large, max-video-preview:-1\" \/>\n<link rel=\"canonical\" href=\"https:\/\/www.carmelitaniscalzi.com\/es\/2016\/08\/01\/p-oswaldo-e-escobar-aguilar-nuevo-obispo-de-chalatenango-el-salvador\/\" \/>\n<meta property=\"og:locale\" content=\"es_ES\" \/>\n<meta property=\"og:type\" content=\"article\" \/>\n<meta property=\"og:title\" content=\"P. Oswaldo E. Escobar Aguilar, nuevo Obispo de Chalatenango (El Salvador) - CARMELITAS DESCALZOS\" \/>\n<meta property=\"og:description\" content=\"El papa Francisco ha nombrado al P. Oswaldo Escobar, ocd, nuevo Obispo de Chalatenango (El Salvador). Nacido el 20 de mayo de 1968 en una localidad de la misma di\u00f3cesis de la que ahora ser\u00e1 obispo, ingres\u00f3 en la Orden de los Carmelitas Descalzos y realiz\u00f3 su profesi\u00f3n solemne en diciembre de 1995, siendo ordenado [&hellip;]\" \/>\n<meta property=\"og:url\" content=\"https:\/\/www.carmelitaniscalzi.com\/es\/2016\/08\/01\/p-oswaldo-e-escobar-aguilar-nuevo-obispo-de-chalatenango-el-salvador\/\" \/>\n<meta property=\"og:site_name\" content=\"CARMELITAS DESCALZOS\" \/>\n<meta property=\"article:publisher\" content=\"https:\/\/www.facebook.com\/Curia-Generalizia-Carmelitani-Scalzi-658766940887784\/\" \/>\n<meta property=\"article:published_time\" content=\"2016-08-01T14:25:30+00:00\" \/>\n<meta property=\"og:image\" content=\"https:\/\/www.carmelitaniscalzi.com\/wp-content\/uploads\/2016\/08\/16c2696ee34128b117c3ed86619362746ce8e7ce.jpeg\" \/>\n\t<meta property=\"og:image:width\" content=\"680\" \/>\n\t<meta property=\"og:image:height\" content=\"378\" \/>\n\t<meta property=\"og:image:type\" content=\"image\/jpeg\" \/>\n<meta name=\"author\" content=\"ocd web master\" \/>\n<meta name=\"twitter:card\" content=\"summary_large_image\" \/>\n<meta name=\"twitter:creator\" content=\"@ocdcuria\" \/>\n<meta name=\"twitter:site\" content=\"@ocdcuria\" \/>\n<meta name=\"twitter:label1\" content=\"Escrito por\" \/>\n\t<meta name=\"twitter:data1\" content=\"ocd web master\" \/>\n\t<meta name=\"twitter:label2\" content=\"Tiempo de lectura\" \/>\n\t<meta name=\"twitter:data2\" content=\"1 minuto\" \/>\n<script type=\"application\/ld+json\" class=\"yoast-schema-graph\">{\"@context\":\"https:\/\/schema.org\",\"@graph\":[{\"@type\":\"Article\",\"@id\":\"https:\/\/www.carmelitaniscalzi.com\/es\/2016\/08\/01\/p-oswaldo-e-escobar-aguilar-nuevo-obispo-de-chalatenango-el-salvador\/#article\",\"isPartOf\":{\"@id\":\"https:\/\/www.carmelitaniscalzi.com\/es\/2016\/08\/01\/p-oswaldo-e-escobar-aguilar-nuevo-obispo-de-chalatenango-el-salvador\/\"},\"author\":{\"name\":\"ocd web master\",\"@id\":\"https:\/\/www.carmelitaniscalzi.com\/#\/schema\/person\/6d1c0d9bea7b6625c437246a5d6da409\"},\"headline\":\"P. Oswaldo E. Escobar Aguilar, nuevo Obispo de Chalatenango (El Salvador)\",\"datePublished\":\"2016-08-01T14:25:30+00:00\",\"mainEntityOfPage\":{\"@id\":\"https:\/\/www.carmelitaniscalzi.com\/es\/2016\/08\/01\/p-oswaldo-e-escobar-aguilar-nuevo-obispo-de-chalatenango-el-salvador\/\"},\"wordCount\":175,\"publisher\":{\"@id\":\"https:\/\/www.carmelitaniscalzi.com\/#organization\"},\"image\":{\"@id\":\"https:\/\/www.carmelitaniscalzi.com\/es\/2016\/08\/01\/p-oswaldo-e-escobar-aguilar-nuevo-obispo-de-chalatenango-el-salvador\/#primaryimage\"},\"thumbnailUrl\":\"https:\/\/www.carmelitaniscalzi.com\/wp-content\/uploads\/2016\/08\/16c2696ee34128b117c3ed86619362746ce8e7ce.jpeg\",\"articleSection\":[\"Noticias Frailes\",\"Noticias\"],\"inLanguage\":\"es\"},{\"@type\":\"WebPage\",\"@id\":\"https:\/\/www.carmelitaniscalzi.com\/es\/2016\/08\/01\/p-oswaldo-e-escobar-aguilar-nuevo-obispo-de-chalatenango-el-salvador\/\",\"url\":\"https:\/\/www.carmelitaniscalzi.com\/es\/2016\/08\/01\/p-oswaldo-e-escobar-aguilar-nuevo-obispo-de-chalatenango-el-salvador\/\",\"name\":\"P. Oswaldo E. Escobar Aguilar, nuevo Obispo de Chalatenango (El Salvador) - CARMELITAS DESCALZOS\",\"isPartOf\":{\"@id\":\"https:\/\/www.carmelitaniscalzi.com\/#website\"},\"primaryImageOfPage\":{\"@id\":\"https:\/\/www.carmelitaniscalzi.com\/es\/2016\/08\/01\/p-oswaldo-e-escobar-aguilar-nuevo-obispo-de-chalatenango-el-salvador\/#primaryimage\"},\"image\":{\"@id\":\"https:\/\/www.carmelitaniscalzi.com\/es\/2016\/08\/01\/p-oswaldo-e-escobar-aguilar-nuevo-obispo-de-chalatenango-el-salvador\/#primaryimage\"},\"thumbnailUrl\":\"https:\/\/www.carmelitaniscalzi.com\/wp-content\/uploads\/2016\/08\/16c2696ee34128b117c3ed86619362746ce8e7ce.jpeg\",\"datePublished\":\"2016-08-01T14:25:30+00:00\",\"breadcrumb\":{\"@id\":\"https:\/\/www.carmelitaniscalzi.com\/es\/2016\/08\/01\/p-oswaldo-e-escobar-aguilar-nuevo-obispo-de-chalatenango-el-salvador\/#breadcrumb\"},\"inLanguage\":\"es\",\"potentialAction\":[{\"@type\":\"ReadAction\",\"target\":[\"https:\/\/www.carmelitaniscalzi.com\/es\/2016\/08\/01\/p-oswaldo-e-escobar-aguilar-nuevo-obispo-de-chalatenango-el-salvador\/\"]}]},{\"@type\":\"ImageObject\",\"inLanguage\":\"es\",\"@id\":\"https:\/\/www.carmelitaniscalzi.com\/es\/2016\/08\/01\/p-oswaldo-e-escobar-aguilar-nuevo-obispo-de-chalatenango-el-salvador\/#primaryimage\",\"url\":\"https:\/\/www.carmelitaniscalzi.com\/wp-content\/uploads\/2016\/08\/16c2696ee34128b117c3ed86619362746ce8e7ce.jpeg\",\"contentUrl\":\"https:\/\/www.carmelitaniscalzi.com\/wp-content\/uploads\/2016\/08\/16c2696ee34128b117c3ed86619362746ce8e7ce.jpeg\",\"width\":680,\"height\":378},{\"@type\":\"BreadcrumbList\",\"@id\":\"https:\/\/www.carmelitaniscalzi.com\/es\/2016\/08\/01\/p-oswaldo-e-escobar-aguilar-nuevo-obispo-de-chalatenango-el-salvador\/#breadcrumb\",\"itemListElement\":[{\"@type\":\"ListItem\",\"position\":1,\"name\":\"Home\",\"item\":\"https:\/\/www.carmelitaniscalzi.com\/es\/\"},{\"@type\":\"ListItem\",\"position\":2,\"name\":\"P. Oswaldo E. Escobar Aguilar, nuevo Obispo de Chalatenango (El Salvador)\"}]},{\"@type\":\"WebSite\",\"@id\":\"https:\/\/www.carmelitaniscalzi.com\/#website\",\"url\":\"https:\/\/www.carmelitaniscalzi.com\/\",\"name\":\"CARMELITANI SCALZI - Curia Generale del Carmelo Teresiano\",\"description\":\"Curia General del Carmelo Teresiano\",\"publisher\":{\"@id\":\"https:\/\/www.carmelitaniscalzi.com\/#organization\"},\"alternateName\":\"CARMELITANI SCALZI\",\"potentialAction\":[{\"@type\":\"SearchAction\",\"target\":{\"@type\":\"EntryPoint\",\"urlTemplate\":\"https:\/\/www.carmelitaniscalzi.com\/?s={search_term_string}\"},\"query-input\":{\"@type\":\"PropertyValueSpecification\",\"valueRequired\":true,\"valueName\":\"search_term_string\"}}],\"inLanguage\":\"es\"},{\"@type\":\"Organization\",\"@id\":\"https:\/\/www.carmelitaniscalzi.com\/#organization\",\"name\":\"CARMELITANI SCALZI - Curia Generale del Carmelo Teresiano\",\"url\":\"https:\/\/www.carmelitaniscalzi.com\/\",\"logo\":{\"@type\":\"ImageObject\",\"inLanguage\":\"es\",\"@id\":\"https:\/\/www.carmelitaniscalzi.com\/#\/schema\/logo\/image\/\",\"url\":\"https:\/\/www.carmelitaniscalzi.com\/wp-content\/uploads\/2025\/11\/login-logo.png\",\"contentUrl\":\"https:\/\/www.carmelitaniscalzi.com\/wp-content\/uploads\/2025\/11\/login-logo.png\",\"width\":256,\"height\":256,\"caption\":\"CARMELITANI SCALZI - Curia Generale del Carmelo Teresiano\"},\"image\":{\"@id\":\"https:\/\/www.carmelitaniscalzi.com\/#\/schema\/logo\/image\/\"},\"sameAs\":[\"https:\/\/www.facebook.com\/Curia-Generalizia-Carmelitani-Scalzi-658766940887784\/\",\"https:\/\/x.com\/ocdcuria\",\"https:\/\/www.youtube.com\/channel\/UC2J5ZL0ycOY0qBSTCLX_NGQ\/videos\",\"https:\/\/www.instagram.com\/ocdinform\/\"]},{\"@type\":\"Person\",\"@id\":\"https:\/\/www.carmelitaniscalzi.com\/#\/schema\/person\/6d1c0d9bea7b6625c437246a5d6da409\",\"name\":\"ocd web master\",\"image\":{\"@type\":\"ImageObject\",\"inLanguage\":\"es\",\"@id\":\"https:\/\/www.carmelitaniscalzi.com\/#\/schema\/person\/image\/\",\"url\":\"https:\/\/secure.gravatar.com\/avatar\/41fbc5f82bad909fbaf2984c43fa50d8519ac5853e25b454d022b6868f80d0e7?s=96&d=mm&r=g\",\"contentUrl\":\"https:\/\/secure.gravatar.com\/avatar\/41fbc5f82bad909fbaf2984c43fa50d8519ac5853e25b454d022b6868f80d0e7?s=96&d=mm&r=g\",\"caption\":\"ocd web master\"},\"url\":\"https:\/\/www.carmelitaniscalzi.com\/es\/author\/ocdwebmaster\/\"}]}<\/script>\n<!-- \/ Yoast SEO plugin. -->","yoast_head_json":{"title":"P. Oswaldo E. Escobar Aguilar, nuevo Obispo de Chalatenango (El Salvador) - CARMELITAS DESCALZOS","robots":{"index":"index","follow":"follow","max-snippet":"max-snippet:-1","max-image-preview":"max-image-preview:large","max-video-preview":"max-video-preview:-1"},"canonical":"https:\/\/www.carmelitaniscalzi.com\/es\/2016\/08\/01\/p-oswaldo-e-escobar-aguilar-nuevo-obispo-de-chalatenango-el-salvador\/","og_locale":"es_ES","og_type":"article","og_title":"P. Oswaldo E. Escobar Aguilar, nuevo Obispo de Chalatenango (El Salvador) - CARMELITAS DESCALZOS","og_description":"El papa Francisco ha nombrado al P. Oswaldo Escobar, ocd, nuevo Obispo de Chalatenango (El Salvador). Nacido el 20 de mayo de 1968 en una localidad de la misma di\u00f3cesis de la que ahora ser\u00e1 obispo, ingres\u00f3 en la Orden de los Carmelitas Descalzos y realiz\u00f3 su profesi\u00f3n solemne en diciembre de 1995, siendo ordenado [&hellip;]","og_url":"https:\/\/www.carmelitaniscalzi.com\/es\/2016\/08\/01\/p-oswaldo-e-escobar-aguilar-nuevo-obispo-de-chalatenango-el-salvador\/","og_site_name":"CARMELITAS DESCALZOS","article_publisher":"https:\/\/www.facebook.com\/Curia-Generalizia-Carmelitani-Scalzi-658766940887784\/","article_published_time":"2016-08-01T14:25:30+00:00","og_image":[{"width":680,"height":378,"url":"https:\/\/www.carmelitaniscalzi.com\/wp-content\/uploads\/2016\/08\/16c2696ee34128b117c3ed86619362746ce8e7ce.jpeg","type":"image\/jpeg"}],"author":"ocd web master","twitter_card":"summary_large_image","twitter_creator":"@ocdcuria","twitter_site":"@ocdcuria","twitter_misc":{"Escrito por":"ocd web master","Tiempo de lectura":"1 minuto"},"schema":{"@context":"https:\/\/schema.org","@graph":[{"@type":"Article","@id":"https:\/\/www.carmelitaniscalzi.com\/es\/2016\/08\/01\/p-oswaldo-e-escobar-aguilar-nuevo-obispo-de-chalatenango-el-salvador\/#article","isPartOf":{"@id":"https:\/\/www.carmelitaniscalzi.com\/es\/2016\/08\/01\/p-oswaldo-e-escobar-aguilar-nuevo-obispo-de-chalatenango-el-salvador\/"},"author":{"name":"ocd web master","@id":"https:\/\/www.carmelitaniscalzi.com\/#\/schema\/person\/6d1c0d9bea7b6625c437246a5d6da409"},"headline":"P. Oswaldo E. Escobar Aguilar, nuevo Obispo de Chalatenango (El Salvador)","datePublished":"2016-08-01T14:25:30+00:00","mainEntityOfPage":{"@id":"https:\/\/www.carmelitaniscalzi.com\/es\/2016\/08\/01\/p-oswaldo-e-escobar-aguilar-nuevo-obispo-de-chalatenango-el-salvador\/"},"wordCount":175,"publisher":{"@id":"https:\/\/www.carmelitaniscalzi.com\/#organization"},"image":{"@id":"https:\/\/www.carmelitaniscalzi.com\/es\/2016\/08\/01\/p-oswaldo-e-escobar-aguilar-nuevo-obispo-de-chalatenango-el-salvador\/#primaryimage"},"thumbnailUrl":"https:\/\/www.carmelitaniscalzi.com\/wp-content\/uploads\/2016\/08\/16c2696ee34128b117c3ed86619362746ce8e7ce.jpeg","articleSection":["Noticias Frailes","Noticias"],"inLanguage":"es"},{"@type":"WebPage","@id":"https:\/\/www.carmelitaniscalzi.com\/es\/2016\/08\/01\/p-oswaldo-e-escobar-aguilar-nuevo-obispo-de-chalatenango-el-salvador\/","url":"https:\/\/www.carmelitaniscalzi.com\/es\/2016\/08\/01\/p-oswaldo-e-escobar-aguilar-nuevo-obispo-de-chalatenango-el-salvador\/","name":"P. Oswaldo E. Escobar Aguilar, nuevo Obispo de Chalatenango (El Salvador) - CARMELITAS DESCALZOS","isPartOf":{"@id":"https:\/\/www.carmelitaniscalzi.com\/#website"},"primaryImageOfPage":{"@id":"https:\/\/www.carmelitaniscalzi.com\/es\/2016\/08\/01\/p-oswaldo-e-escobar-aguilar-nuevo-obispo-de-chalatenango-el-salvador\/#primaryimage"},"image":{"@id":"https:\/\/www.carmelitaniscalzi.com\/es\/2016\/08\/01\/p-oswaldo-e-escobar-aguilar-nuevo-obispo-de-chalatenango-el-salvador\/#primaryimage"},"thumbnailUrl":"https:\/\/www.carmelitaniscalzi.com\/wp-content\/uploads\/2016\/08\/16c2696ee34128b117c3ed86619362746ce8e7ce.jpeg","datePublished":"2016-08-01T14:25:30+00:00","breadcrumb":{"@id":"https:\/\/www.carmelitaniscalzi.com\/es\/2016\/08\/01\/p-oswaldo-e-escobar-aguilar-nuevo-obispo-de-chalatenango-el-salvador\/#breadcrumb"},"inLanguage":"es","potentialAction":[{"@type":"ReadAction","target":["https:\/\/www.carmelitaniscalzi.com\/es\/2016\/08\/01\/p-oswaldo-e-escobar-aguilar-nuevo-obispo-de-chalatenango-el-salvador\/"]}]},{"@type":"ImageObject","inLanguage":"es","@id":"https:\/\/www.carmelitaniscalzi.com\/es\/2016\/08\/01\/p-oswaldo-e-escobar-aguilar-nuevo-obispo-de-chalatenango-el-salvador\/#primaryimage","url":"https:\/\/www.carmelitaniscalzi.com\/wp-content\/uploads\/2016\/08\/16c2696ee34128b117c3ed86619362746ce8e7ce.jpeg","contentUrl":"https:\/\/www.carmelitaniscalzi.com\/wp-content\/uploads\/2016\/08\/16c2696ee34128b117c3ed86619362746ce8e7ce.jpeg","width":680,"height":378},{"@type":"BreadcrumbList","@id":"https:\/\/www.carmelitaniscalzi.com\/es\/2016\/08\/01\/p-oswaldo-e-escobar-aguilar-nuevo-obispo-de-chalatenango-el-salvador\/#breadcrumb","itemListElement":[{"@type":"ListItem","position":1,"name":"Home","item":"https:\/\/www.carmelitaniscalzi.com\/es\/"},{"@type":"ListItem","position":2,"name":"P. Oswaldo E. Escobar Aguilar, nuevo Obispo de Chalatenango (El Salvador)"}]},{"@type":"WebSite","@id":"https:\/\/www.carmelitaniscalzi.com\/#website","url":"https:\/\/www.carmelitaniscalzi.com\/","name":"CARMELITANI SCALZI - Curia Generale del Carmelo Teresiano","description":"Curia General del Carmelo Teresiano","publisher":{"@id":"https:\/\/www.carmelitaniscalzi.com\/#organization"},"alternateName":"CARMELITANI SCALZI","potentialAction":[{"@type":"SearchAction","target":{"@type":"EntryPoint","urlTemplate":"https:\/\/www.carmelitaniscalzi.com\/?s={search_term_string}"},"query-input":{"@type":"PropertyValueSpecification","valueRequired":true,"valueName":"search_term_string"}}],"inLanguage":"es"},{"@type":"Organization","@id":"https:\/\/www.carmelitaniscalzi.com\/#organization","name":"CARMELITANI SCALZI - Curia Generale del Carmelo Teresiano","url":"https:\/\/www.carmelitaniscalzi.com\/","logo":{"@type":"ImageObject","inLanguage":"es","@id":"https:\/\/www.carmelitaniscalzi.com\/#\/schema\/logo\/image\/","url":"https:\/\/www.carmelitaniscalzi.com\/wp-content\/uploads\/2025\/11\/login-logo.png","contentUrl":"https:\/\/www.carmelitaniscalzi.com\/wp-content\/uploads\/2025\/11\/login-logo.png","width":256,"height":256,"caption":"CARMELITANI SCALZI - Curia Generale del Carmelo Teresiano"},"image":{"@id":"https:\/\/www.carmelitaniscalzi.com\/#\/schema\/logo\/image\/"},"sameAs":["https:\/\/www.facebook.com\/Curia-Generalizia-Carmelitani-Scalzi-658766940887784\/","https:\/\/x.com\/ocdcuria","https:\/\/www.youtube.com\/channel\/UC2J5ZL0ycOY0qBSTCLX_NGQ\/videos","https:\/\/www.instagram.com\/ocdinform\/"]},{"@type":"Person","@id":"https:\/\/www.carmelitaniscalzi.com\/#\/schema\/person\/6d1c0d9bea7b6625c437246a5d6da409","name":"ocd web master","image":{"@type":"ImageObject","inLanguage":"es","@id":"https:\/\/www.carmelitaniscalzi.com\/#\/schema\/person\/image\/","url":"https:\/\/secure.gravatar.com\/avatar\/41fbc5f82bad909fbaf2984c43fa50d8519ac5853e25b454d022b6868f80d0e7?s=96&d=mm&r=g","contentUrl":"https:\/\/secure.gravatar.com\/avatar\/41fbc5f82bad909fbaf2984c43fa50d8519ac5853e25b454d022b6868f80d0e7?s=96&d=mm&r=g","caption":"ocd web master"},"url":"https:\/\/www.carmelitaniscalzi.com\/es\/author\/ocdwebmaster\/"}]}},"_links":{"self":[{"href":"https:\/\/www.carmelitaniscalzi.com\/es\/wp-json\/wp\/v2\/posts\/6285","targetHints":{"allow":["GET"]}}],"collection":[{"href":"https:\/\/www.carmelitaniscalzi.com\/es\/wp-json\/wp\/v2\/posts"}],"about":[{"href":"https:\/\/www.carmelitaniscalzi.com\/es\/wp-json\/wp\/v2\/types\/post"}],"author":[{"embeddable":true,"href":"https:\/\/www.carmelitaniscalzi.com\/es\/wp-json\/wp\/v2\/users\/7"}],"replies":[{"embeddable":true,"href":"https:\/\/www.carmelitaniscalzi.com\/es\/wp-json\/wp\/v2\/comments?post=6285"}],"version-history":[{"count":0,"href":"https:\/\/www.carmelitaniscalzi.com\/es\/wp-json\/wp\/v2\/posts\/6285\/revisions"}],"wp:featuredmedia":[{"embeddable":true,"href":"https:\/\/www.carmelitaniscalzi.com\/es\/wp-json\/wp\/v2\/media\/30038"}],"wp:attachment":[{"href":"https:\/\/www.carmelitaniscalzi.com\/es\/wp-json\/wp\/v2\/media?parent=6285"}],"wp:term":[{"taxonomy":"category","embeddable":true,"href":"https:\/\/www.carmelitaniscalzi.com\/es\/wp-json\/wp\/v2\/categories?post=6285"},{"taxonomy":"post_tag","embeddable":true,"href":"https:\/\/www.carmelitaniscalzi.com\/es\/wp-json\/wp\/v2\/tags?post=6285"}],"curies":[{"name":"wp","href":"https:\/\/api.w.org\/{rel}","templated":true}]}}