{"id":6018,"date":"2016-07-10T13:39:38","date_gmt":"2016-07-10T11:39:38","guid":{"rendered":"https:\/\/www.carmelitaniscalzi.com\/es\/?p=6018"},"modified":"2021-05-04T16:40:44","modified_gmt":"2021-05-04T14:40:44","slug":"conferencia-del-p-saverio-a-la-usg","status":"publish","type":"post","link":"https:\/\/www.carmelitaniscalzi.com\/es\/2016\/07\/10\/conferencia-del-p-saverio-a-la-usg\/","title":{"rendered":"Conferencia del P. Saverio a la USG"},"content":{"rendered":"<p>Como ya saben quienes frecuentan nuestras redes sociales, durante la 87\u00aa Asamblea semestral de la Uni\u00f3n de Superiores Generales, que tuvo lugar a finales del pasado mes de mayo, el P. Saverio Cannistr\u00e0, Prep\u00f3sito General, pronunci\u00f3 una conferencia con el t\u00edtulo: <em>\u00bfA qu\u00e9 nos referimos cuando hablamos de profec\u00eda de la vida consagrada?<\/em> En dicha conferencia, el P. Saverio llam\u00f3 a una profundizaci\u00f3n de la reflexi\u00f3n teol\u00f3gica sobre nuestra identidad religiosa, \u00fanico camino para avanzar en una direcci\u00f3n eficaz.<\/p>\n<p>Hacer \u201cun poco de todo\u201d, continuaba el P. Saverio, no es ni prof\u00e9tico ni sostenible y entretenerse en \u201cestrategias de mantenimiento\u201d, solo alargar\u00e1 situaciones no deseadas. M\u00e1s que de entusiasmo, asever\u00f3 el P. General, necesitamos de coherencia l\u00f3gica, poniendo en marcha estrategia de formaci\u00f3n que permitan que los religiosos \u201cpuedan interrogarse acerca del sentido de su vocaci\u00f3n, realicen un serio discernimiento y tomen decisiones concretas de vida\u201d.<\/p>\n<p>El texto completo de la conferencia -en italiano, espa\u00f1ol, franc\u00e9s e ingl\u00e9s- puede encontrarse en este link: <a href=\"https:\/\/drive.google.com\/open?id=0BwJEzzuh4mb7OUdQX01GeGJqVkE\">https:\/\/drive.google.com\/open?id=0BwJEzzuh4mb7OUdQX01GeGJqVkE<\/a><\/p>\n<p>&nbsp;<\/p>\n","protected":false},"excerpt":{"rendered":"<p>Como ya saben quienes frecuentan nuestras redes sociales, durante la 87\u00aa Asamblea semestral de la Uni\u00f3n de Superiores Generales, que tuvo lugar a finales del pasado mes de mayo, el P. Saverio Cannistr\u00e0, Prep\u00f3sito General, pronunci\u00f3 una conferencia con el t\u00edtulo: \u00bfA qu\u00e9 nos referimos cuando hablamos de profec\u00eda de la vida consagrada? En dicha [&hellip;]<\/p>\n","protected":false},"author":7,"featured_media":29928,"comment_status":"open","ping_status":"open","sticky":false,"template":"","format":"standard","meta":{"_acf_changed":false,"footnotes":""},"categories":[177,372],"tags":[],"class_list":["post-6018","post","type-post","status-publish","format-standard","has-post-thumbnail","hentry","category-noticias-preposito-general","category-noticias"],"acf":[],"yoast_head":"<!-- This site is optimized with the Yoast SEO plugin v26.3 - https:\/\/yoast.com\/wordpress\/plugins\/seo\/ -->\n<title>Conferencia del P. Saverio a la USG - CARMELITAS DESCALZOS<\/title>\n<meta name=\"robots\" content=\"index, follow, max-snippet:-1, max-image-preview:large, max-video-preview:-1\" \/>\n<link rel=\"canonical\" href=\"https:\/\/www.carmelitaniscalzi.com\/es\/2016\/07\/10\/conferencia-del-p-saverio-a-la-usg\/\" \/>\n<meta property=\"og:locale\" content=\"es_ES\" \/>\n<meta property=\"og:type\" content=\"article\" \/>\n<meta property=\"og:title\" content=\"Conferencia del P. Saverio a la USG - CARMELITAS DESCALZOS\" \/>\n<meta property=\"og:description\" content=\"Como ya saben quienes frecuentan nuestras redes sociales, durante la 87\u00aa Asamblea semestral de la Uni\u00f3n de Superiores Generales, que tuvo lugar a finales del pasado mes de mayo, el P. Saverio Cannistr\u00e0, Prep\u00f3sito General, pronunci\u00f3 una conferencia con el t\u00edtulo: \u00bfA qu\u00e9 nos referimos cuando hablamos de profec\u00eda de la vida consagrada? En dicha [&hellip;]\" \/>\n<meta property=\"og:url\" content=\"https:\/\/www.carmelitaniscalzi.com\/es\/2016\/07\/10\/conferencia-del-p-saverio-a-la-usg\/\" \/>\n<meta property=\"og:site_name\" content=\"CARMELITAS DESCALZOS\" \/>\n<meta property=\"article:publisher\" content=\"https:\/\/www.facebook.com\/Curia-Generalizia-Carmelitani-Scalzi-658766940887784\/\" \/>\n<meta property=\"article:published_time\" content=\"2016-07-10T11:39:38+00:00\" \/>\n<meta property=\"article:modified_time\" content=\"2021-05-04T14:40:44+00:00\" \/>\n<meta property=\"og:image\" content=\"https:\/\/www.carmelitaniscalzi.com\/wp-content\/uploads\/2016\/07\/F1.jpg\" \/>\n\t<meta property=\"og:image:width\" content=\"748\" \/>\n\t<meta property=\"og:image:height\" content=\"455\" \/>\n\t<meta property=\"og:image:type\" content=\"image\/jpeg\" \/>\n<meta name=\"author\" content=\"ocd web master\" \/>\n<meta name=\"twitter:card\" content=\"summary_large_image\" \/>\n<meta name=\"twitter:creator\" content=\"@ocdcuria\" \/>\n<meta name=\"twitter:site\" content=\"@ocdcuria\" \/>\n<meta name=\"twitter:label1\" content=\"Escrito por\" \/>\n\t<meta name=\"twitter:data1\" content=\"ocd web master\" \/>\n\t<meta name=\"twitter:label2\" content=\"Tiempo de lectura\" \/>\n\t<meta name=\"twitter:data2\" content=\"1 minuto\" \/>\n<script type=\"application\/ld+json\" class=\"yoast-schema-graph\">{\"@context\":\"https:\/\/schema.org\",\"@graph\":[{\"@type\":\"Article\",\"@id\":\"https:\/\/www.carmelitaniscalzi.com\/es\/2016\/07\/10\/conferencia-del-p-saverio-a-la-usg\/#article\",\"isPartOf\":{\"@id\":\"https:\/\/www.carmelitaniscalzi.com\/es\/2016\/07\/10\/conferencia-del-p-saverio-a-la-usg\/\"},\"author\":{\"name\":\"ocd web master\",\"@id\":\"https:\/\/www.carmelitaniscalzi.com\/#\/schema\/person\/6d1c0d9bea7b6625c437246a5d6da409\"},\"headline\":\"Conferencia del P. Saverio a la USG\",\"datePublished\":\"2016-07-10T11:39:38+00:00\",\"dateModified\":\"2021-05-04T14:40:44+00:00\",\"mainEntityOfPage\":{\"@id\":\"https:\/\/www.carmelitaniscalzi.com\/es\/2016\/07\/10\/conferencia-del-p-saverio-a-la-usg\/\"},\"wordCount\":196,\"commentCount\":0,\"publisher\":{\"@id\":\"https:\/\/www.carmelitaniscalzi.com\/#organization\"},\"image\":{\"@id\":\"https:\/\/www.carmelitaniscalzi.com\/es\/2016\/07\/10\/conferencia-del-p-saverio-a-la-usg\/#primaryimage\"},\"thumbnailUrl\":\"https:\/\/www.carmelitaniscalzi.com\/wp-content\/uploads\/2016\/07\/F1.jpg\",\"articleSection\":[\"Noticias Prep\u00f3sito General\",\"Noticias\"],\"inLanguage\":\"es\"},{\"@type\":\"WebPage\",\"@id\":\"https:\/\/www.carmelitaniscalzi.com\/es\/2016\/07\/10\/conferencia-del-p-saverio-a-la-usg\/\",\"url\":\"https:\/\/www.carmelitaniscalzi.com\/es\/2016\/07\/10\/conferencia-del-p-saverio-a-la-usg\/\",\"name\":\"Conferencia del P. Saverio a la USG - CARMELITAS DESCALZOS\",\"isPartOf\":{\"@id\":\"https:\/\/www.carmelitaniscalzi.com\/#website\"},\"primaryImageOfPage\":{\"@id\":\"https:\/\/www.carmelitaniscalzi.com\/es\/2016\/07\/10\/conferencia-del-p-saverio-a-la-usg\/#primaryimage\"},\"image\":{\"@id\":\"https:\/\/www.carmelitaniscalzi.com\/es\/2016\/07\/10\/conferencia-del-p-saverio-a-la-usg\/#primaryimage\"},\"thumbnailUrl\":\"https:\/\/www.carmelitaniscalzi.com\/wp-content\/uploads\/2016\/07\/F1.jpg\",\"datePublished\":\"2016-07-10T11:39:38+00:00\",\"dateModified\":\"2021-05-04T14:40:44+00:00\",\"breadcrumb\":{\"@id\":\"https:\/\/www.carmelitaniscalzi.com\/es\/2016\/07\/10\/conferencia-del-p-saverio-a-la-usg\/#breadcrumb\"},\"inLanguage\":\"es\",\"potentialAction\":[{\"@type\":\"ReadAction\",\"target\":[\"https:\/\/www.carmelitaniscalzi.com\/es\/2016\/07\/10\/conferencia-del-p-saverio-a-la-usg\/\"]}]},{\"@type\":\"ImageObject\",\"inLanguage\":\"es\",\"@id\":\"https:\/\/www.carmelitaniscalzi.com\/es\/2016\/07\/10\/conferencia-del-p-saverio-a-la-usg\/#primaryimage\",\"url\":\"https:\/\/www.carmelitaniscalzi.com\/wp-content\/uploads\/2016\/07\/F1.jpg\",\"contentUrl\":\"https:\/\/www.carmelitaniscalzi.com\/wp-content\/uploads\/2016\/07\/F1.jpg\",\"width\":748,\"height\":455},{\"@type\":\"BreadcrumbList\",\"@id\":\"https:\/\/www.carmelitaniscalzi.com\/es\/2016\/07\/10\/conferencia-del-p-saverio-a-la-usg\/#breadcrumb\",\"itemListElement\":[{\"@type\":\"ListItem\",\"position\":1,\"name\":\"Home\",\"item\":\"https:\/\/www.carmelitaniscalzi.com\/es\/\"},{\"@type\":\"ListItem\",\"position\":2,\"name\":\"Conferencia del P. Saverio a la USG\"}]},{\"@type\":\"WebSite\",\"@id\":\"https:\/\/www.carmelitaniscalzi.com\/#website\",\"url\":\"https:\/\/www.carmelitaniscalzi.com\/\",\"name\":\"CARMELITANI SCALZI - Curia Generale del Carmelo Teresiano\",\"description\":\"Curia General del Carmelo Teresiano\",\"publisher\":{\"@id\":\"https:\/\/www.carmelitaniscalzi.com\/#organization\"},\"alternateName\":\"CARMELITANI SCALZI\",\"potentialAction\":[{\"@type\":\"SearchAction\",\"target\":{\"@type\":\"EntryPoint\",\"urlTemplate\":\"https:\/\/www.carmelitaniscalzi.com\/?s={search_term_string}\"},\"query-input\":{\"@type\":\"PropertyValueSpecification\",\"valueRequired\":true,\"valueName\":\"search_term_string\"}}],\"inLanguage\":\"es\"},{\"@type\":\"Organization\",\"@id\":\"https:\/\/www.carmelitaniscalzi.com\/#organization\",\"name\":\"CARMELITANI SCALZI - Curia Generale del Carmelo Teresiano\",\"url\":\"https:\/\/www.carmelitaniscalzi.com\/\",\"logo\":{\"@type\":\"ImageObject\",\"inLanguage\":\"es\",\"@id\":\"https:\/\/www.carmelitaniscalzi.com\/#\/schema\/logo\/image\/\",\"url\":\"https:\/\/www.carmelitaniscalzi.com\/wp-content\/uploads\/2025\/11\/login-logo.png\",\"contentUrl\":\"https:\/\/www.carmelitaniscalzi.com\/wp-content\/uploads\/2025\/11\/login-logo.png\",\"width\":256,\"height\":256,\"caption\":\"CARMELITANI SCALZI - Curia Generale del Carmelo Teresiano\"},\"image\":{\"@id\":\"https:\/\/www.carmelitaniscalzi.com\/#\/schema\/logo\/image\/\"},\"sameAs\":[\"https:\/\/www.facebook.com\/Curia-Generalizia-Carmelitani-Scalzi-658766940887784\/\",\"https:\/\/x.com\/ocdcuria\",\"https:\/\/www.youtube.com\/channel\/UC2J5ZL0ycOY0qBSTCLX_NGQ\/videos\",\"https:\/\/www.instagram.com\/ocdinform\/\"]},{\"@type\":\"Person\",\"@id\":\"https:\/\/www.carmelitaniscalzi.com\/#\/schema\/person\/6d1c0d9bea7b6625c437246a5d6da409\",\"name\":\"ocd web master\",\"image\":{\"@type\":\"ImageObject\",\"inLanguage\":\"es\",\"@id\":\"https:\/\/www.carmelitaniscalzi.com\/#\/schema\/person\/image\/\",\"url\":\"https:\/\/secure.gravatar.com\/avatar\/41fbc5f82bad909fbaf2984c43fa50d8519ac5853e25b454d022b6868f80d0e7?s=96&d=mm&r=g\",\"contentUrl\":\"https:\/\/secure.gravatar.com\/avatar\/41fbc5f82bad909fbaf2984c43fa50d8519ac5853e25b454d022b6868f80d0e7?s=96&d=mm&r=g\",\"caption\":\"ocd web master\"},\"url\":\"https:\/\/www.carmelitaniscalzi.com\/es\/author\/ocdwebmaster\/\"}]}<\/script>\n<!-- \/ Yoast SEO plugin. -->","yoast_head_json":{"title":"Conferencia del P. Saverio a la USG - CARMELITAS DESCALZOS","robots":{"index":"index","follow":"follow","max-snippet":"max-snippet:-1","max-image-preview":"max-image-preview:large","max-video-preview":"max-video-preview:-1"},"canonical":"https:\/\/www.carmelitaniscalzi.com\/es\/2016\/07\/10\/conferencia-del-p-saverio-a-la-usg\/","og_locale":"es_ES","og_type":"article","og_title":"Conferencia del P. Saverio a la USG - CARMELITAS DESCALZOS","og_description":"Como ya saben quienes frecuentan nuestras redes sociales, durante la 87\u00aa Asamblea semestral de la Uni\u00f3n de Superiores Generales, que tuvo lugar a finales del pasado mes de mayo, el P. Saverio Cannistr\u00e0, Prep\u00f3sito General, pronunci\u00f3 una conferencia con el t\u00edtulo: \u00bfA qu\u00e9 nos referimos cuando hablamos de profec\u00eda de la vida consagrada? En dicha [&hellip;]","og_url":"https:\/\/www.carmelitaniscalzi.com\/es\/2016\/07\/10\/conferencia-del-p-saverio-a-la-usg\/","og_site_name":"CARMELITAS DESCALZOS","article_publisher":"https:\/\/www.facebook.com\/Curia-Generalizia-Carmelitani-Scalzi-658766940887784\/","article_published_time":"2016-07-10T11:39:38+00:00","article_modified_time":"2021-05-04T14:40:44+00:00","og_image":[{"width":748,"height":455,"url":"https:\/\/www.carmelitaniscalzi.com\/wp-content\/uploads\/2016\/07\/F1.jpg","type":"image\/jpeg"}],"author":"ocd web master","twitter_card":"summary_large_image","twitter_creator":"@ocdcuria","twitter_site":"@ocdcuria","twitter_misc":{"Escrito por":"ocd web master","Tiempo de lectura":"1 minuto"},"schema":{"@context":"https:\/\/schema.org","@graph":[{"@type":"Article","@id":"https:\/\/www.carmelitaniscalzi.com\/es\/2016\/07\/10\/conferencia-del-p-saverio-a-la-usg\/#article","isPartOf":{"@id":"https:\/\/www.carmelitaniscalzi.com\/es\/2016\/07\/10\/conferencia-del-p-saverio-a-la-usg\/"},"author":{"name":"ocd web master","@id":"https:\/\/www.carmelitaniscalzi.com\/#\/schema\/person\/6d1c0d9bea7b6625c437246a5d6da409"},"headline":"Conferencia del P. Saverio a la USG","datePublished":"2016-07-10T11:39:38+00:00","dateModified":"2021-05-04T14:40:44+00:00","mainEntityOfPage":{"@id":"https:\/\/www.carmelitaniscalzi.com\/es\/2016\/07\/10\/conferencia-del-p-saverio-a-la-usg\/"},"wordCount":196,"commentCount":0,"publisher":{"@id":"https:\/\/www.carmelitaniscalzi.com\/#organization"},"image":{"@id":"https:\/\/www.carmelitaniscalzi.com\/es\/2016\/07\/10\/conferencia-del-p-saverio-a-la-usg\/#primaryimage"},"thumbnailUrl":"https:\/\/www.carmelitaniscalzi.com\/wp-content\/uploads\/2016\/07\/F1.jpg","articleSection":["Noticias Prep\u00f3sito General","Noticias"],"inLanguage":"es"},{"@type":"WebPage","@id":"https:\/\/www.carmelitaniscalzi.com\/es\/2016\/07\/10\/conferencia-del-p-saverio-a-la-usg\/","url":"https:\/\/www.carmelitaniscalzi.com\/es\/2016\/07\/10\/conferencia-del-p-saverio-a-la-usg\/","name":"Conferencia del P. Saverio a la USG - CARMELITAS DESCALZOS","isPartOf":{"@id":"https:\/\/www.carmelitaniscalzi.com\/#website"},"primaryImageOfPage":{"@id":"https:\/\/www.carmelitaniscalzi.com\/es\/2016\/07\/10\/conferencia-del-p-saverio-a-la-usg\/#primaryimage"},"image":{"@id":"https:\/\/www.carmelitaniscalzi.com\/es\/2016\/07\/10\/conferencia-del-p-saverio-a-la-usg\/#primaryimage"},"thumbnailUrl":"https:\/\/www.carmelitaniscalzi.com\/wp-content\/uploads\/2016\/07\/F1.jpg","datePublished":"2016-07-10T11:39:38+00:00","dateModified":"2021-05-04T14:40:44+00:00","breadcrumb":{"@id":"https:\/\/www.carmelitaniscalzi.com\/es\/2016\/07\/10\/conferencia-del-p-saverio-a-la-usg\/#breadcrumb"},"inLanguage":"es","potentialAction":[{"@type":"ReadAction","target":["https:\/\/www.carmelitaniscalzi.com\/es\/2016\/07\/10\/conferencia-del-p-saverio-a-la-usg\/"]}]},{"@type":"ImageObject","inLanguage":"es","@id":"https:\/\/www.carmelitaniscalzi.com\/es\/2016\/07\/10\/conferencia-del-p-saverio-a-la-usg\/#primaryimage","url":"https:\/\/www.carmelitaniscalzi.com\/wp-content\/uploads\/2016\/07\/F1.jpg","contentUrl":"https:\/\/www.carmelitaniscalzi.com\/wp-content\/uploads\/2016\/07\/F1.jpg","width":748,"height":455},{"@type":"BreadcrumbList","@id":"https:\/\/www.carmelitaniscalzi.com\/es\/2016\/07\/10\/conferencia-del-p-saverio-a-la-usg\/#breadcrumb","itemListElement":[{"@type":"ListItem","position":1,"name":"Home","item":"https:\/\/www.carmelitaniscalzi.com\/es\/"},{"@type":"ListItem","position":2,"name":"Conferencia del P. Saverio a la USG"}]},{"@type":"WebSite","@id":"https:\/\/www.carmelitaniscalzi.com\/#website","url":"https:\/\/www.carmelitaniscalzi.com\/","name":"CARMELITANI SCALZI - Curia Generale del Carmelo Teresiano","description":"Curia General del Carmelo Teresiano","publisher":{"@id":"https:\/\/www.carmelitaniscalzi.com\/#organization"},"alternateName":"CARMELITANI SCALZI","potentialAction":[{"@type":"SearchAction","target":{"@type":"EntryPoint","urlTemplate":"https:\/\/www.carmelitaniscalzi.com\/?s={search_term_string}"},"query-input":{"@type":"PropertyValueSpecification","valueRequired":true,"valueName":"search_term_string"}}],"inLanguage":"es"},{"@type":"Organization","@id":"https:\/\/www.carmelitaniscalzi.com\/#organization","name":"CARMELITANI SCALZI - Curia Generale del Carmelo Teresiano","url":"https:\/\/www.carmelitaniscalzi.com\/","logo":{"@type":"ImageObject","inLanguage":"es","@id":"https:\/\/www.carmelitaniscalzi.com\/#\/schema\/logo\/image\/","url":"https:\/\/www.carmelitaniscalzi.com\/wp-content\/uploads\/2025\/11\/login-logo.png","contentUrl":"https:\/\/www.carmelitaniscalzi.com\/wp-content\/uploads\/2025\/11\/login-logo.png","width":256,"height":256,"caption":"CARMELITANI SCALZI - Curia Generale del Carmelo Teresiano"},"image":{"@id":"https:\/\/www.carmelitaniscalzi.com\/#\/schema\/logo\/image\/"},"sameAs":["https:\/\/www.facebook.com\/Curia-Generalizia-Carmelitani-Scalzi-658766940887784\/","https:\/\/x.com\/ocdcuria","https:\/\/www.youtube.com\/channel\/UC2J5ZL0ycOY0qBSTCLX_NGQ\/videos","https:\/\/www.instagram.com\/ocdinform\/"]},{"@type":"Person","@id":"https:\/\/www.carmelitaniscalzi.com\/#\/schema\/person\/6d1c0d9bea7b6625c437246a5d6da409","name":"ocd web master","image":{"@type":"ImageObject","inLanguage":"es","@id":"https:\/\/www.carmelitaniscalzi.com\/#\/schema\/person\/image\/","url":"https:\/\/secure.gravatar.com\/avatar\/41fbc5f82bad909fbaf2984c43fa50d8519ac5853e25b454d022b6868f80d0e7?s=96&d=mm&r=g","contentUrl":"https:\/\/secure.gravatar.com\/avatar\/41fbc5f82bad909fbaf2984c43fa50d8519ac5853e25b454d022b6868f80d0e7?s=96&d=mm&r=g","caption":"ocd web master"},"url":"https:\/\/www.carmelitaniscalzi.com\/es\/author\/ocdwebmaster\/"}]}},"_links":{"self":[{"href":"https:\/\/www.carmelitaniscalzi.com\/es\/wp-json\/wp\/v2\/posts\/6018","targetHints":{"allow":["GET"]}}],"collection":[{"href":"https:\/\/www.carmelitaniscalzi.com\/es\/wp-json\/wp\/v2\/posts"}],"about":[{"href":"https:\/\/www.carmelitaniscalzi.com\/es\/wp-json\/wp\/v2\/types\/post"}],"author":[{"embeddable":true,"href":"https:\/\/www.carmelitaniscalzi.com\/es\/wp-json\/wp\/v2\/users\/7"}],"replies":[{"embeddable":true,"href":"https:\/\/www.carmelitaniscalzi.com\/es\/wp-json\/wp\/v2\/comments?post=6018"}],"version-history":[{"count":0,"href":"https:\/\/www.carmelitaniscalzi.com\/es\/wp-json\/wp\/v2\/posts\/6018\/revisions"}],"wp:featuredmedia":[{"embeddable":true,"href":"https:\/\/www.carmelitaniscalzi.com\/es\/wp-json\/wp\/v2\/media\/29928"}],"wp:attachment":[{"href":"https:\/\/www.carmelitaniscalzi.com\/es\/wp-json\/wp\/v2\/media?parent=6018"}],"wp:term":[{"taxonomy":"category","embeddable":true,"href":"https:\/\/www.carmelitaniscalzi.com\/es\/wp-json\/wp\/v2\/categories?post=6018"},{"taxonomy":"post_tag","embeddable":true,"href":"https:\/\/www.carmelitaniscalzi.com\/es\/wp-json\/wp\/v2\/tags?post=6018"}],"curies":[{"name":"wp","href":"https:\/\/api.w.org\/{rel}","templated":true}]}}