{"id":571217,"date":"2026-03-24T02:00:37","date_gmt":"2026-03-24T01:00:37","guid":{"rendered":"https:\/\/www.carmelitaniscalzi.com\/?p=571217"},"modified":"2026-03-07T02:40:06","modified_gmt":"2026-03-07T01:40:06","slug":"chile-encuentro-con-las-monjas-carmelitas-descalzas","status":"publish","type":"post","link":"https:\/\/www.carmelitaniscalzi.com\/es\/2026\/03\/24\/chile-encuentro-con-las-monjas-carmelitas-descalzas\/","title":{"rendered":"Chile: Encuentro con las Monjas Carmelitas Descalzas"},"content":{"rendered":"<p>La Asociaci\u00f3n de Carmelitas de Chile vivi\u00f3 una experiencia profundamente enriquecedora al participar en el Curso de Espiritualidad realizado en el Santuario Teresa de Los Andes en Auco.<\/p>\n<p>Se reunieron 63 hermanas provenientes de todos los monasterios de Carmelitas Descalzas del pa\u00eds, compartiendo juntas d\u00edas de oraci\u00f3n, reflexi\u00f3n y fraternidad. El tema central del encuentro fue: \u201cUn viaje al hond\u00f3n del alma de la mano de Teresa de \u00c1vila y Juan de la Cruz\u201d<\/p>\n<p>La Casa de Espiritualidad las acogi\u00f3 con gran cari\u00f1o, creando un ambiente propicio para el silencio, la contemplaci\u00f3n y el encuentro fraterno. Fueron jornadas marcadas por la profundidad espiritual y la alegr\u00eda de compartir la vida consagrada en comuni\u00f3n.<\/p>\n<p>&nbsp;<\/p>\n<p><img loading=\"lazy\" decoding=\"async\" class=\"alignnone size-full wp-image-571107\" src=\"https:\/\/www.carmelitaniscalzi.com\/wp-content\/uploads\/2026\/03\/Chile-1.jpg\" alt=\"\" width=\"1440\" height=\"1080\" srcset=\"https:\/\/www.carmelitaniscalzi.com\/wp-content\/uploads\/2026\/03\/Chile-1.jpg 1440w, https:\/\/www.carmelitaniscalzi.com\/wp-content\/uploads\/2026\/03\/Chile-1-300x225.jpg 300w, https:\/\/www.carmelitaniscalzi.com\/wp-content\/uploads\/2026\/03\/Chile-1-1024x768.jpg 1024w, https:\/\/www.carmelitaniscalzi.com\/wp-content\/uploads\/2026\/03\/Chile-1-768x576.jpg 768w\" sizes=\"auto, (max-width: 1440px) 100vw, 1440px\" \/><\/p>\n<p>&nbsp;<\/p>\n<p>&nbsp;<\/p>\n","protected":false},"excerpt":{"rendered":"<p>La Asociaci\u00f3n de Carmelitas de Chile vivi\u00f3 una experiencia profundamente enriquecedora al participar en el Curso de Espiritualidad realizado en el Santuario Teresa de Los Andes en Auco. Se reunieron 63 hermanas provenientes de todos los monasterios de Carmelitas Descalzas del pa\u00eds, compartiendo juntas d\u00edas de oraci\u00f3n, reflexi\u00f3n y fraternidad. El tema central del encuentro [&hellip;]<\/p>\n","protected":false},"author":7,"featured_media":571118,"comment_status":"closed","ping_status":"closed","sticky":false,"template":"","format":"standard","meta":{"_acf_changed":false,"footnotes":""},"categories":[176,372],"tags":[],"class_list":["post-571217","post","type-post","status-publish","format-standard","has-post-thumbnail","hentry","category-noticias-monjas","category-noticias"],"acf":[],"yoast_head":"<!-- This site is optimized with the Yoast SEO plugin v26.3 - https:\/\/yoast.com\/wordpress\/plugins\/seo\/ -->\n<title>Chile: Encuentro con las Monjas Carmelitas Descalzas - CARMELITAS DESCALZOS<\/title>\n<meta name=\"robots\" content=\"index, follow, max-snippet:-1, max-image-preview:large, max-video-preview:-1\" \/>\n<link rel=\"canonical\" href=\"https:\/\/www.carmelitaniscalzi.com\/2026\/03\/24\/cile-incontro-delle-monache-carmelitane-scalze\/\" \/>\n<meta property=\"og:locale\" content=\"es_ES\" \/>\n<meta property=\"og:type\" content=\"article\" \/>\n<meta property=\"og:title\" content=\"Chile: Encuentro con las Monjas Carmelitas Descalzas - CARMELITAS DESCALZOS\" \/>\n<meta property=\"og:description\" content=\"La Asociaci\u00f3n de Carmelitas de Chile vivi\u00f3 una experiencia profundamente enriquecedora al participar en el Curso de Espiritualidad realizado en el Santuario Teresa de Los Andes en Auco. Se reunieron 63 hermanas provenientes de todos los monasterios de Carmelitas Descalzas del pa\u00eds, compartiendo juntas d\u00edas de oraci\u00f3n, reflexi\u00f3n y fraternidad. El tema central del encuentro [&hellip;]\" \/>\n<meta property=\"og:url\" content=\"https:\/\/www.carmelitaniscalzi.com\/2026\/03\/24\/cile-incontro-delle-monache-carmelitane-scalze\/\" \/>\n<meta property=\"og:site_name\" content=\"CARMELITAS DESCALZOS\" \/>\n<meta property=\"article:publisher\" content=\"https:\/\/www.facebook.com\/Curia-Generalizia-Carmelitani-Scalzi-658766940887784\/\" \/>\n<meta property=\"article:published_time\" content=\"2026-03-24T01:00:37+00:00\" \/>\n<meta property=\"og:image\" content=\"https:\/\/www.carmelitaniscalzi.com\/wp-content\/uploads\/2026\/03\/cover_chile_02.2026.jpg\" \/>\n\t<meta property=\"og:image:width\" content=\"1200\" \/>\n\t<meta property=\"og:image:height\" content=\"800\" \/>\n\t<meta property=\"og:image:type\" content=\"image\/jpeg\" \/>\n<meta name=\"author\" content=\"ocd web master\" \/>\n<meta name=\"twitter:card\" content=\"summary_large_image\" \/>\n<meta name=\"twitter:creator\" content=\"@ocdcuria\" \/>\n<meta name=\"twitter:site\" content=\"@ocdcuria\" \/>\n<meta name=\"twitter:label1\" content=\"Escrito por\" \/>\n\t<meta name=\"twitter:data1\" content=\"ocd web master\" \/>\n\t<meta name=\"twitter:label2\" content=\"Tiempo de lectura\" \/>\n\t<meta name=\"twitter:data2\" content=\"1 minuto\" \/>\n<script type=\"application\/ld+json\" class=\"yoast-schema-graph\">{\"@context\":\"https:\/\/schema.org\",\"@graph\":[{\"@type\":\"Article\",\"@id\":\"https:\/\/www.carmelitaniscalzi.com\/2026\/03\/24\/cile-incontro-delle-monache-carmelitane-scalze\/#article\",\"isPartOf\":{\"@id\":\"https:\/\/www.carmelitaniscalzi.com\/2026\/03\/24\/cile-incontro-delle-monache-carmelitane-scalze\/\"},\"author\":{\"name\":\"ocd web master\",\"@id\":\"https:\/\/www.carmelitaniscalzi.com\/#\/schema\/person\/6d1c0d9bea7b6625c437246a5d6da409\"},\"headline\":\"Chile: Encuentro con las Monjas Carmelitas Descalzas\",\"datePublished\":\"2026-03-24T01:00:37+00:00\",\"mainEntityOfPage\":{\"@id\":\"https:\/\/www.carmelitaniscalzi.com\/2026\/03\/24\/cile-incontro-delle-monache-carmelitane-scalze\/\"},\"wordCount\":132,\"publisher\":{\"@id\":\"https:\/\/www.carmelitaniscalzi.com\/#organization\"},\"image\":{\"@id\":\"https:\/\/www.carmelitaniscalzi.com\/2026\/03\/24\/cile-incontro-delle-monache-carmelitane-scalze\/#primaryimage\"},\"thumbnailUrl\":\"https:\/\/www.carmelitaniscalzi.com\/wp-content\/uploads\/2026\/03\/cover_chile_02.2026.jpg\",\"articleSection\":[\"Noticias Monjas\",\"Noticias\"],\"inLanguage\":\"es\"},{\"@type\":\"WebPage\",\"@id\":\"https:\/\/www.carmelitaniscalzi.com\/2026\/03\/24\/cile-incontro-delle-monache-carmelitane-scalze\/\",\"url\":\"https:\/\/www.carmelitaniscalzi.com\/2026\/03\/24\/cile-incontro-delle-monache-carmelitane-scalze\/\",\"name\":\"Chile: Encuentro con las Monjas Carmelitas Descalzas - CARMELITAS DESCALZOS\",\"isPartOf\":{\"@id\":\"https:\/\/www.carmelitaniscalzi.com\/#website\"},\"primaryImageOfPage\":{\"@id\":\"https:\/\/www.carmelitaniscalzi.com\/2026\/03\/24\/cile-incontro-delle-monache-carmelitane-scalze\/#primaryimage\"},\"image\":{\"@id\":\"https:\/\/www.carmelitaniscalzi.com\/2026\/03\/24\/cile-incontro-delle-monache-carmelitane-scalze\/#primaryimage\"},\"thumbnailUrl\":\"https:\/\/www.carmelitaniscalzi.com\/wp-content\/uploads\/2026\/03\/cover_chile_02.2026.jpg\",\"datePublished\":\"2026-03-24T01:00:37+00:00\",\"breadcrumb\":{\"@id\":\"https:\/\/www.carmelitaniscalzi.com\/2026\/03\/24\/cile-incontro-delle-monache-carmelitane-scalze\/#breadcrumb\"},\"inLanguage\":\"es\",\"potentialAction\":[{\"@type\":\"ReadAction\",\"target\":[\"https:\/\/www.carmelitaniscalzi.com\/2026\/03\/24\/cile-incontro-delle-monache-carmelitane-scalze\/\"]}]},{\"@type\":\"ImageObject\",\"inLanguage\":\"es\",\"@id\":\"https:\/\/www.carmelitaniscalzi.com\/2026\/03\/24\/cile-incontro-delle-monache-carmelitane-scalze\/#primaryimage\",\"url\":\"https:\/\/www.carmelitaniscalzi.com\/wp-content\/uploads\/2026\/03\/cover_chile_02.2026.jpg\",\"contentUrl\":\"https:\/\/www.carmelitaniscalzi.com\/wp-content\/uploads\/2026\/03\/cover_chile_02.2026.jpg\",\"width\":1200,\"height\":800},{\"@type\":\"BreadcrumbList\",\"@id\":\"https:\/\/www.carmelitaniscalzi.com\/2026\/03\/24\/cile-incontro-delle-monache-carmelitane-scalze\/#breadcrumb\",\"itemListElement\":[{\"@type\":\"ListItem\",\"position\":1,\"name\":\"Home\",\"item\":\"https:\/\/www.carmelitaniscalzi.com\/es\/\"},{\"@type\":\"ListItem\",\"position\":2,\"name\":\"Chile: Encuentro con las Monjas Carmelitas Descalzas\"}]},{\"@type\":\"WebSite\",\"@id\":\"https:\/\/www.carmelitaniscalzi.com\/#website\",\"url\":\"https:\/\/www.carmelitaniscalzi.com\/\",\"name\":\"CARMELITANI SCALZI - Curia Generale del Carmelo Teresiano\",\"description\":\"Curia General del Carmelo Teresiano\",\"publisher\":{\"@id\":\"https:\/\/www.carmelitaniscalzi.com\/#organization\"},\"alternateName\":\"CARMELITANI SCALZI\",\"potentialAction\":[{\"@type\":\"SearchAction\",\"target\":{\"@type\":\"EntryPoint\",\"urlTemplate\":\"https:\/\/www.carmelitaniscalzi.com\/?s={search_term_string}\"},\"query-input\":{\"@type\":\"PropertyValueSpecification\",\"valueRequired\":true,\"valueName\":\"search_term_string\"}}],\"inLanguage\":\"es\"},{\"@type\":\"Organization\",\"@id\":\"https:\/\/www.carmelitaniscalzi.com\/#organization\",\"name\":\"CARMELITANI SCALZI - Curia Generale del Carmelo Teresiano\",\"url\":\"https:\/\/www.carmelitaniscalzi.com\/\",\"logo\":{\"@type\":\"ImageObject\",\"inLanguage\":\"es\",\"@id\":\"https:\/\/www.carmelitaniscalzi.com\/#\/schema\/logo\/image\/\",\"url\":\"https:\/\/www.carmelitaniscalzi.com\/wp-content\/uploads\/2025\/11\/login-logo.png\",\"contentUrl\":\"https:\/\/www.carmelitaniscalzi.com\/wp-content\/uploads\/2025\/11\/login-logo.png\",\"width\":256,\"height\":256,\"caption\":\"CARMELITANI SCALZI - Curia Generale del Carmelo Teresiano\"},\"image\":{\"@id\":\"https:\/\/www.carmelitaniscalzi.com\/#\/schema\/logo\/image\/\"},\"sameAs\":[\"https:\/\/www.facebook.com\/Curia-Generalizia-Carmelitani-Scalzi-658766940887784\/\",\"https:\/\/x.com\/ocdcuria\",\"https:\/\/www.youtube.com\/channel\/UC2J5ZL0ycOY0qBSTCLX_NGQ\/videos\",\"https:\/\/www.instagram.com\/ocdinform\/\"]},{\"@type\":\"Person\",\"@id\":\"https:\/\/www.carmelitaniscalzi.com\/#\/schema\/person\/6d1c0d9bea7b6625c437246a5d6da409\",\"name\":\"ocd web master\",\"image\":{\"@type\":\"ImageObject\",\"inLanguage\":\"es\",\"@id\":\"https:\/\/www.carmelitaniscalzi.com\/#\/schema\/person\/image\/\",\"url\":\"https:\/\/secure.gravatar.com\/avatar\/41fbc5f82bad909fbaf2984c43fa50d8519ac5853e25b454d022b6868f80d0e7?s=96&d=mm&r=g\",\"contentUrl\":\"https:\/\/secure.gravatar.com\/avatar\/41fbc5f82bad909fbaf2984c43fa50d8519ac5853e25b454d022b6868f80d0e7?s=96&d=mm&r=g\",\"caption\":\"ocd web master\"},\"url\":\"https:\/\/www.carmelitaniscalzi.com\/es\/author\/ocdwebmaster\/\"}]}<\/script>\n<!-- \/ Yoast SEO plugin. -->","yoast_head_json":{"title":"Chile: Encuentro con las Monjas Carmelitas Descalzas - CARMELITAS DESCALZOS","robots":{"index":"index","follow":"follow","max-snippet":"max-snippet:-1","max-image-preview":"max-image-preview:large","max-video-preview":"max-video-preview:-1"},"canonical":"https:\/\/www.carmelitaniscalzi.com\/2026\/03\/24\/cile-incontro-delle-monache-carmelitane-scalze\/","og_locale":"es_ES","og_type":"article","og_title":"Chile: Encuentro con las Monjas Carmelitas Descalzas - CARMELITAS DESCALZOS","og_description":"La Asociaci\u00f3n de Carmelitas de Chile vivi\u00f3 una experiencia profundamente enriquecedora al participar en el Curso de Espiritualidad realizado en el Santuario Teresa de Los Andes en Auco. Se reunieron 63 hermanas provenientes de todos los monasterios de Carmelitas Descalzas del pa\u00eds, compartiendo juntas d\u00edas de oraci\u00f3n, reflexi\u00f3n y fraternidad. El tema central del encuentro [&hellip;]","og_url":"https:\/\/www.carmelitaniscalzi.com\/2026\/03\/24\/cile-incontro-delle-monache-carmelitane-scalze\/","og_site_name":"CARMELITAS DESCALZOS","article_publisher":"https:\/\/www.facebook.com\/Curia-Generalizia-Carmelitani-Scalzi-658766940887784\/","article_published_time":"2026-03-24T01:00:37+00:00","og_image":[{"width":1200,"height":800,"url":"https:\/\/www.carmelitaniscalzi.com\/wp-content\/uploads\/2026\/03\/cover_chile_02.2026.jpg","type":"image\/jpeg"}],"author":"ocd web master","twitter_card":"summary_large_image","twitter_creator":"@ocdcuria","twitter_site":"@ocdcuria","twitter_misc":{"Escrito por":"ocd web master","Tiempo de lectura":"1 minuto"},"schema":{"@context":"https:\/\/schema.org","@graph":[{"@type":"Article","@id":"https:\/\/www.carmelitaniscalzi.com\/2026\/03\/24\/cile-incontro-delle-monache-carmelitane-scalze\/#article","isPartOf":{"@id":"https:\/\/www.carmelitaniscalzi.com\/2026\/03\/24\/cile-incontro-delle-monache-carmelitane-scalze\/"},"author":{"name":"ocd web master","@id":"https:\/\/www.carmelitaniscalzi.com\/#\/schema\/person\/6d1c0d9bea7b6625c437246a5d6da409"},"headline":"Chile: Encuentro con las Monjas Carmelitas Descalzas","datePublished":"2026-03-24T01:00:37+00:00","mainEntityOfPage":{"@id":"https:\/\/www.carmelitaniscalzi.com\/2026\/03\/24\/cile-incontro-delle-monache-carmelitane-scalze\/"},"wordCount":132,"publisher":{"@id":"https:\/\/www.carmelitaniscalzi.com\/#organization"},"image":{"@id":"https:\/\/www.carmelitaniscalzi.com\/2026\/03\/24\/cile-incontro-delle-monache-carmelitane-scalze\/#primaryimage"},"thumbnailUrl":"https:\/\/www.carmelitaniscalzi.com\/wp-content\/uploads\/2026\/03\/cover_chile_02.2026.jpg","articleSection":["Noticias Monjas","Noticias"],"inLanguage":"es"},{"@type":"WebPage","@id":"https:\/\/www.carmelitaniscalzi.com\/2026\/03\/24\/cile-incontro-delle-monache-carmelitane-scalze\/","url":"https:\/\/www.carmelitaniscalzi.com\/2026\/03\/24\/cile-incontro-delle-monache-carmelitane-scalze\/","name":"Chile: Encuentro con las Monjas Carmelitas Descalzas - CARMELITAS DESCALZOS","isPartOf":{"@id":"https:\/\/www.carmelitaniscalzi.com\/#website"},"primaryImageOfPage":{"@id":"https:\/\/www.carmelitaniscalzi.com\/2026\/03\/24\/cile-incontro-delle-monache-carmelitane-scalze\/#primaryimage"},"image":{"@id":"https:\/\/www.carmelitaniscalzi.com\/2026\/03\/24\/cile-incontro-delle-monache-carmelitane-scalze\/#primaryimage"},"thumbnailUrl":"https:\/\/www.carmelitaniscalzi.com\/wp-content\/uploads\/2026\/03\/cover_chile_02.2026.jpg","datePublished":"2026-03-24T01:00:37+00:00","breadcrumb":{"@id":"https:\/\/www.carmelitaniscalzi.com\/2026\/03\/24\/cile-incontro-delle-monache-carmelitane-scalze\/#breadcrumb"},"inLanguage":"es","potentialAction":[{"@type":"ReadAction","target":["https:\/\/www.carmelitaniscalzi.com\/2026\/03\/24\/cile-incontro-delle-monache-carmelitane-scalze\/"]}]},{"@type":"ImageObject","inLanguage":"es","@id":"https:\/\/www.carmelitaniscalzi.com\/2026\/03\/24\/cile-incontro-delle-monache-carmelitane-scalze\/#primaryimage","url":"https:\/\/www.carmelitaniscalzi.com\/wp-content\/uploads\/2026\/03\/cover_chile_02.2026.jpg","contentUrl":"https:\/\/www.carmelitaniscalzi.com\/wp-content\/uploads\/2026\/03\/cover_chile_02.2026.jpg","width":1200,"height":800},{"@type":"BreadcrumbList","@id":"https:\/\/www.carmelitaniscalzi.com\/2026\/03\/24\/cile-incontro-delle-monache-carmelitane-scalze\/#breadcrumb","itemListElement":[{"@type":"ListItem","position":1,"name":"Home","item":"https:\/\/www.carmelitaniscalzi.com\/es\/"},{"@type":"ListItem","position":2,"name":"Chile: Encuentro con las Monjas Carmelitas Descalzas"}]},{"@type":"WebSite","@id":"https:\/\/www.carmelitaniscalzi.com\/#website","url":"https:\/\/www.carmelitaniscalzi.com\/","name":"CARMELITANI SCALZI - Curia Generale del Carmelo Teresiano","description":"Curia General del Carmelo Teresiano","publisher":{"@id":"https:\/\/www.carmelitaniscalzi.com\/#organization"},"alternateName":"CARMELITANI SCALZI","potentialAction":[{"@type":"SearchAction","target":{"@type":"EntryPoint","urlTemplate":"https:\/\/www.carmelitaniscalzi.com\/?s={search_term_string}"},"query-input":{"@type":"PropertyValueSpecification","valueRequired":true,"valueName":"search_term_string"}}],"inLanguage":"es"},{"@type":"Organization","@id":"https:\/\/www.carmelitaniscalzi.com\/#organization","name":"CARMELITANI SCALZI - Curia Generale del Carmelo Teresiano","url":"https:\/\/www.carmelitaniscalzi.com\/","logo":{"@type":"ImageObject","inLanguage":"es","@id":"https:\/\/www.carmelitaniscalzi.com\/#\/schema\/logo\/image\/","url":"https:\/\/www.carmelitaniscalzi.com\/wp-content\/uploads\/2025\/11\/login-logo.png","contentUrl":"https:\/\/www.carmelitaniscalzi.com\/wp-content\/uploads\/2025\/11\/login-logo.png","width":256,"height":256,"caption":"CARMELITANI SCALZI - Curia Generale del Carmelo Teresiano"},"image":{"@id":"https:\/\/www.carmelitaniscalzi.com\/#\/schema\/logo\/image\/"},"sameAs":["https:\/\/www.facebook.com\/Curia-Generalizia-Carmelitani-Scalzi-658766940887784\/","https:\/\/x.com\/ocdcuria","https:\/\/www.youtube.com\/channel\/UC2J5ZL0ycOY0qBSTCLX_NGQ\/videos","https:\/\/www.instagram.com\/ocdinform\/"]},{"@type":"Person","@id":"https:\/\/www.carmelitaniscalzi.com\/#\/schema\/person\/6d1c0d9bea7b6625c437246a5d6da409","name":"ocd web master","image":{"@type":"ImageObject","inLanguage":"es","@id":"https:\/\/www.carmelitaniscalzi.com\/#\/schema\/person\/image\/","url":"https:\/\/secure.gravatar.com\/avatar\/41fbc5f82bad909fbaf2984c43fa50d8519ac5853e25b454d022b6868f80d0e7?s=96&d=mm&r=g","contentUrl":"https:\/\/secure.gravatar.com\/avatar\/41fbc5f82bad909fbaf2984c43fa50d8519ac5853e25b454d022b6868f80d0e7?s=96&d=mm&r=g","caption":"ocd web master"},"url":"https:\/\/www.carmelitaniscalzi.com\/es\/author\/ocdwebmaster\/"}]}},"_links":{"self":[{"href":"https:\/\/www.carmelitaniscalzi.com\/es\/wp-json\/wp\/v2\/posts\/571217","targetHints":{"allow":["GET"]}}],"collection":[{"href":"https:\/\/www.carmelitaniscalzi.com\/es\/wp-json\/wp\/v2\/posts"}],"about":[{"href":"https:\/\/www.carmelitaniscalzi.com\/es\/wp-json\/wp\/v2\/types\/post"}],"author":[{"embeddable":true,"href":"https:\/\/www.carmelitaniscalzi.com\/es\/wp-json\/wp\/v2\/users\/7"}],"replies":[{"embeddable":true,"href":"https:\/\/www.carmelitaniscalzi.com\/es\/wp-json\/wp\/v2\/comments?post=571217"}],"version-history":[{"count":1,"href":"https:\/\/www.carmelitaniscalzi.com\/es\/wp-json\/wp\/v2\/posts\/571217\/revisions"}],"predecessor-version":[{"id":571218,"href":"https:\/\/www.carmelitaniscalzi.com\/es\/wp-json\/wp\/v2\/posts\/571217\/revisions\/571218"}],"wp:featuredmedia":[{"embeddable":true,"href":"https:\/\/www.carmelitaniscalzi.com\/es\/wp-json\/wp\/v2\/media\/571118"}],"wp:attachment":[{"href":"https:\/\/www.carmelitaniscalzi.com\/es\/wp-json\/wp\/v2\/media?parent=571217"}],"wp:term":[{"taxonomy":"category","embeddable":true,"href":"https:\/\/www.carmelitaniscalzi.com\/es\/wp-json\/wp\/v2\/categories?post=571217"},{"taxonomy":"post_tag","embeddable":true,"href":"https:\/\/www.carmelitaniscalzi.com\/es\/wp-json\/wp\/v2\/tags?post=571217"}],"curies":[{"name":"wp","href":"https:\/\/api.w.org\/{rel}","templated":true}]}}