{"id":571193,"date":"2026-03-16T02:00:57","date_gmt":"2026-03-16T01:00:57","guid":{"rendered":"https:\/\/www.carmelitaniscalzi.com\/?p=571193"},"modified":"2026-03-07T02:10:33","modified_gmt":"2026-03-07T01:10:33","slug":"filipinas-50o-aniversario-de-la-basilica-menor-nuestra-senora-del-monte-carmelo-como-parroquia","status":"publish","type":"post","link":"https:\/\/www.carmelitaniscalzi.com\/es\/2026\/03\/16\/filipinas-50o-aniversario-de-la-basilica-menor-nuestra-senora-del-monte-carmelo-como-parroquia\/","title":{"rendered":"Filipinas: 50\u00ba aniversario de la Bas\u00edlica Menor Nuestra Se\u00f1ora del Monte Carmelo como parroquia"},"content":{"rendered":"<p>Del 14 al 17 de febrero, los hermanos carmelitas de New Manila, en Quezon City, organizaron un triduo para conmemorar el 50\u00ba aniversario de la erecci\u00f3n de la bas\u00edlica como parroquia. La celebraci\u00f3n de clausura fue presidida por Mons. Honesto Ongtioco, D.D., obispo em\u00e9rito de Cubao.<\/p>\n<p>Desde hace cincuenta a\u00f1os, la bas\u00edlica es un hogar, un lugar donde los pobres son acogidos, los j\u00f3venes formados, los heridos atendidos y todos los que buscan al Se\u00f1or encuentran fortaleza. Este aniversario no es solo un recuerdo del pasado, sino sobre todo una fuente de renovaci\u00f3n. \u00a1Que este lugar sagrado est\u00e9 siempre atento al clamor del pueblo!<\/p>\n<p>Despu\u00e9s de la Santa Eucarist\u00eda, la comunidad se reuni\u00f3 ante la entrada principal, donde un grupo musical lleno de entusiasmo acogi\u00f3 a todos los participantes con m\u00fasica alegre y festiva. A continuaci\u00f3n, se presentaron varios espect\u00e1culos emotivos, durante los cuales la comunidad pudo cantar y bailar unida. M\u00e1s que un simple entretenimiento, este encuentro fue una hermosa manera de expresar nuestra gratitud y de recordar que la bas\u00edlica no es solo un edificio de piedra, sino una comunidad viva, unida por la fe, el servicio y la esperanza.<\/p>\n<p>&nbsp;<\/p>\n<div class=\"wpmf-gallerys wpmf-gallerys-life \" ><div id=\"gallery-1\"\n data-gutter-width=\"5\"\n  data-wpmfcolumns=\"5\" class=\"wpmf-gallery gallery-link-file gallery_life gallery-masonry gallery-columns-5 gallery-size-thumbnail wpmf-gallery-bottomspace-default wpmf-gallery-clear wpmf-has-border-radius-0 wpmf-gutterwidth-5\"><div class=\"wpmf-gallery-item\n     wpmf-gallery-item-position-0 wpmf-gallery-item-attachment-571052\" data-index=\"0\"><div class=\"wpmf-gallery-icon\"><a class=\" not_video noLightbox\" data-lightbox=\"1\" data-href=\"https:\/\/www.carmelitaniscalzi.com\/wp-content\/uploads\/2026\/03\/Filippine-1-1024x503.jpg\" title=\"Filippine 1\" target=\"_self\" data-index=\"0\"><img decoding=\"async\" class=\"wpmf_img\" alt=\"Filippine 1\" src=\"https:\/\/www.carmelitaniscalzi.com\/wp-content\/uploads\/2026\/03\/Filippine-1-150x150.jpg\" data-type=\"wpmfgalleryimg\" data-lazy-src=\"https:\/\/www.carmelitaniscalzi.com\/wp-content\/uploads\/2026\/03\/Filippine-1-150x150.jpg\"><\/a><\/div><\/div><div class=\"wpmf-gallery-item\n     wpmf-gallery-item-position-1 wpmf-gallery-item-attachment-571058\" data-index=\"1\"><div class=\"wpmf-gallery-icon\"><a class=\" not_video noLightbox\" data-lightbox=\"1\" data-href=\"https:\/\/www.carmelitaniscalzi.com\/wp-content\/uploads\/2026\/03\/Filippine-2-1024x742.jpg\" title=\"Filippine 2\" target=\"_self\" data-index=\"1\"><img decoding=\"async\" class=\"wpmf_img\" alt=\"Filippine 2\" src=\"https:\/\/www.carmelitaniscalzi.com\/wp-content\/uploads\/2026\/03\/Filippine-2-150x150.jpg\" data-type=\"wpmfgalleryimg\" data-lazy-src=\"https:\/\/www.carmelitaniscalzi.com\/wp-content\/uploads\/2026\/03\/Filippine-2-150x150.jpg\"><\/a><\/div><\/div><div class=\"wpmf-gallery-item\n     wpmf-gallery-item-position-2 wpmf-gallery-item-attachment-571064\" data-index=\"2\"><div class=\"wpmf-gallery-icon\"><a class=\" not_video noLightbox\" data-lightbox=\"1\" data-href=\"https:\/\/www.carmelitaniscalzi.com\/wp-content\/uploads\/2026\/03\/Filippine-3-1024x508.jpg\" title=\"Filippine 3\" target=\"_self\" data-index=\"2\"><img decoding=\"async\" class=\"wpmf_img\" alt=\"Filippine 3\" src=\"https:\/\/www.carmelitaniscalzi.com\/wp-content\/uploads\/2026\/03\/Filippine-3-150x150.jpg\" data-type=\"wpmfgalleryimg\" data-lazy-src=\"https:\/\/www.carmelitaniscalzi.com\/wp-content\/uploads\/2026\/03\/Filippine-3-150x150.jpg\"><\/a><\/div><\/div><div class=\"wpmf-gallery-item\n     wpmf-gallery-item-position-3 wpmf-gallery-item-attachment-571070\" data-index=\"3\"><div class=\"wpmf-gallery-icon\"><a class=\" not_video noLightbox\" data-lightbox=\"1\" data-href=\"https:\/\/www.carmelitaniscalzi.com\/wp-content\/uploads\/2026\/03\/Filippine-4-1024x576.jpg\" title=\"Filippine 4\" target=\"_self\" data-index=\"3\"><img decoding=\"async\" class=\"wpmf_img\" alt=\"Filippine 4\" src=\"https:\/\/www.carmelitaniscalzi.com\/wp-content\/uploads\/2026\/03\/Filippine-4-150x150.jpg\" data-type=\"wpmfgalleryimg\" data-lazy-src=\"https:\/\/www.carmelitaniscalzi.com\/wp-content\/uploads\/2026\/03\/Filippine-4-150x150.jpg\"><\/a><\/div><\/div><div class=\"wpmf-gallery-item\n     wpmf-gallery-item-position-4 wpmf-gallery-item-attachment-571076\" data-index=\"4\"><div class=\"wpmf-gallery-icon\"><a class=\" not_video noLightbox\" data-lightbox=\"1\" data-href=\"https:\/\/www.carmelitaniscalzi.com\/wp-content\/uploads\/2026\/03\/Filippine-5-1024x576.jpg\" title=\"Filippine 5\" target=\"_self\" data-index=\"4\"><img decoding=\"async\" class=\"wpmf_img\" alt=\"Filippine 5\" src=\"https:\/\/www.carmelitaniscalzi.com\/wp-content\/uploads\/2026\/03\/Filippine-5-150x150.jpg\" data-type=\"wpmfgalleryimg\" data-lazy-src=\"https:\/\/www.carmelitaniscalzi.com\/wp-content\/uploads\/2026\/03\/Filippine-5-150x150.jpg\"><\/a><\/div><\/div><\/div><\/div>\n\n","protected":false},"excerpt":{"rendered":"<p>Del 14 al 17 de febrero, los hermanos carmelitas de New Manila, en Quezon City, organizaron un triduo para conmemorar el 50\u00ba aniversario de la erecci\u00f3n de la bas\u00edlica como parroquia. La celebraci\u00f3n de clausura fue presidida por Mons. Honesto Ongtioco, D.D., obispo em\u00e9rito de Cubao. Desde hace cincuenta a\u00f1os, la bas\u00edlica es un hogar, [&hellip;]<\/p>\n","protected":false},"author":7,"featured_media":571046,"comment_status":"closed","ping_status":"closed","sticky":false,"template":"","format":"standard","meta":{"_acf_changed":false,"footnotes":""},"categories":[174,372],"tags":[],"class_list":["post-571193","post","type-post","status-publish","format-standard","has-post-thumbnail","hentry","category-noticias-frailes","category-noticias"],"acf":[],"yoast_head":"<!-- This site is optimized with the Yoast SEO plugin v26.3 - https:\/\/yoast.com\/wordpress\/plugins\/seo\/ -->\n<title>Filipinas: 50\u00ba aniversario de la Bas\u00edlica Menor Nuestra Se\u00f1ora del Monte Carmelo como parroquia - CARMELITAS DESCALZOS<\/title>\n<meta name=\"robots\" content=\"index, follow, max-snippet:-1, max-image-preview:large, max-video-preview:-1\" \/>\n<link rel=\"canonical\" href=\"https:\/\/www.carmelitaniscalzi.com\/2026\/03\/16\/filippine-50-anniversario-della-basilica-minore-della-madonna-del-monte-carmelo-come-parrocchia\/\" \/>\n<meta property=\"og:locale\" content=\"es_ES\" \/>\n<meta property=\"og:type\" content=\"article\" \/>\n<meta property=\"og:title\" content=\"Filipinas: 50\u00ba aniversario de la Bas\u00edlica Menor Nuestra Se\u00f1ora del Monte Carmelo como parroquia - CARMELITAS DESCALZOS\" \/>\n<meta property=\"og:description\" content=\"Del 14 al 17 de febrero, los hermanos carmelitas de New Manila, en Quezon City, organizaron un triduo para conmemorar el 50\u00ba aniversario de la erecci\u00f3n de la bas\u00edlica como parroquia. La celebraci\u00f3n de clausura fue presidida por Mons. Honesto Ongtioco, D.D., obispo em\u00e9rito de Cubao. Desde hace cincuenta a\u00f1os, la bas\u00edlica es un hogar, [&hellip;]\" \/>\n<meta property=\"og:url\" content=\"https:\/\/www.carmelitaniscalzi.com\/2026\/03\/16\/filippine-50-anniversario-della-basilica-minore-della-madonna-del-monte-carmelo-come-parrocchia\/\" \/>\n<meta property=\"og:site_name\" content=\"CARMELITAS DESCALZOS\" \/>\n<meta property=\"article:publisher\" content=\"https:\/\/www.facebook.com\/Curia-Generalizia-Carmelitani-Scalzi-658766940887784\/\" \/>\n<meta property=\"article:published_time\" content=\"2026-03-16T01:00:57+00:00\" \/>\n<meta property=\"og:image\" content=\"https:\/\/www.carmelitaniscalzi.com\/wp-content\/uploads\/2026\/03\/cover_filippine_02.2026.jpg\" \/>\n\t<meta property=\"og:image:width\" content=\"1200\" \/>\n\t<meta property=\"og:image:height\" content=\"800\" \/>\n\t<meta property=\"og:image:type\" content=\"image\/jpeg\" \/>\n<meta name=\"author\" content=\"ocd web master\" \/>\n<meta name=\"twitter:card\" content=\"summary_large_image\" \/>\n<meta name=\"twitter:creator\" content=\"@ocdcuria\" \/>\n<meta name=\"twitter:site\" content=\"@ocdcuria\" \/>\n<meta name=\"twitter:label1\" content=\"Escrito por\" \/>\n\t<meta name=\"twitter:data1\" content=\"ocd web master\" \/>\n\t<meta name=\"twitter:label2\" content=\"Tiempo de lectura\" \/>\n\t<meta name=\"twitter:data2\" content=\"2 minutos\" \/>\n<script type=\"application\/ld+json\" class=\"yoast-schema-graph\">{\"@context\":\"https:\/\/schema.org\",\"@graph\":[{\"@type\":\"Article\",\"@id\":\"https:\/\/www.carmelitaniscalzi.com\/2026\/03\/16\/filippine-50-anniversario-della-basilica-minore-della-madonna-del-monte-carmelo-come-parrocchia\/#article\",\"isPartOf\":{\"@id\":\"https:\/\/www.carmelitaniscalzi.com\/2026\/03\/16\/filippine-50-anniversario-della-basilica-minore-della-madonna-del-monte-carmelo-come-parrocchia\/\"},\"author\":{\"name\":\"ocd web master\",\"@id\":\"https:\/\/www.carmelitaniscalzi.com\/#\/schema\/person\/6d1c0d9bea7b6625c437246a5d6da409\"},\"headline\":\"Filipinas: 50\u00ba aniversario de la Bas\u00edlica Menor Nuestra Se\u00f1ora del Monte Carmelo como parroquia\",\"datePublished\":\"2026-03-16T01:00:57+00:00\",\"mainEntityOfPage\":{\"@id\":\"https:\/\/www.carmelitaniscalzi.com\/2026\/03\/16\/filippine-50-anniversario-della-basilica-minore-della-madonna-del-monte-carmelo-come-parrocchia\/\"},\"wordCount\":232,\"publisher\":{\"@id\":\"https:\/\/www.carmelitaniscalzi.com\/#organization\"},\"image\":{\"@id\":\"https:\/\/www.carmelitaniscalzi.com\/2026\/03\/16\/filippine-50-anniversario-della-basilica-minore-della-madonna-del-monte-carmelo-come-parrocchia\/#primaryimage\"},\"thumbnailUrl\":\"https:\/\/www.carmelitaniscalzi.com\/wp-content\/uploads\/2026\/03\/cover_filippine_02.2026.jpg\",\"articleSection\":[\"Noticias Frailes\",\"Noticias\"],\"inLanguage\":\"es\"},{\"@type\":\"WebPage\",\"@id\":\"https:\/\/www.carmelitaniscalzi.com\/2026\/03\/16\/filippine-50-anniversario-della-basilica-minore-della-madonna-del-monte-carmelo-come-parrocchia\/\",\"url\":\"https:\/\/www.carmelitaniscalzi.com\/2026\/03\/16\/filippine-50-anniversario-della-basilica-minore-della-madonna-del-monte-carmelo-come-parrocchia\/\",\"name\":\"Filipinas: 50\u00ba aniversario de la Bas\u00edlica Menor Nuestra Se\u00f1ora del Monte Carmelo como parroquia - CARMELITAS DESCALZOS\",\"isPartOf\":{\"@id\":\"https:\/\/www.carmelitaniscalzi.com\/#website\"},\"primaryImageOfPage\":{\"@id\":\"https:\/\/www.carmelitaniscalzi.com\/2026\/03\/16\/filippine-50-anniversario-della-basilica-minore-della-madonna-del-monte-carmelo-come-parrocchia\/#primaryimage\"},\"image\":{\"@id\":\"https:\/\/www.carmelitaniscalzi.com\/2026\/03\/16\/filippine-50-anniversario-della-basilica-minore-della-madonna-del-monte-carmelo-come-parrocchia\/#primaryimage\"},\"thumbnailUrl\":\"https:\/\/www.carmelitaniscalzi.com\/wp-content\/uploads\/2026\/03\/cover_filippine_02.2026.jpg\",\"datePublished\":\"2026-03-16T01:00:57+00:00\",\"breadcrumb\":{\"@id\":\"https:\/\/www.carmelitaniscalzi.com\/2026\/03\/16\/filippine-50-anniversario-della-basilica-minore-della-madonna-del-monte-carmelo-come-parrocchia\/#breadcrumb\"},\"inLanguage\":\"es\",\"potentialAction\":[{\"@type\":\"ReadAction\",\"target\":[\"https:\/\/www.carmelitaniscalzi.com\/2026\/03\/16\/filippine-50-anniversario-della-basilica-minore-della-madonna-del-monte-carmelo-come-parrocchia\/\"]}]},{\"@type\":\"ImageObject\",\"inLanguage\":\"es\",\"@id\":\"https:\/\/www.carmelitaniscalzi.com\/2026\/03\/16\/filippine-50-anniversario-della-basilica-minore-della-madonna-del-monte-carmelo-come-parrocchia\/#primaryimage\",\"url\":\"https:\/\/www.carmelitaniscalzi.com\/wp-content\/uploads\/2026\/03\/cover_filippine_02.2026.jpg\",\"contentUrl\":\"https:\/\/www.carmelitaniscalzi.com\/wp-content\/uploads\/2026\/03\/cover_filippine_02.2026.jpg\",\"width\":1200,\"height\":800},{\"@type\":\"BreadcrumbList\",\"@id\":\"https:\/\/www.carmelitaniscalzi.com\/2026\/03\/16\/filippine-50-anniversario-della-basilica-minore-della-madonna-del-monte-carmelo-come-parrocchia\/#breadcrumb\",\"itemListElement\":[{\"@type\":\"ListItem\",\"position\":1,\"name\":\"Home\",\"item\":\"https:\/\/www.carmelitaniscalzi.com\/es\/\"},{\"@type\":\"ListItem\",\"position\":2,\"name\":\"Filipinas: 50\u00ba aniversario de la Bas\u00edlica Menor Nuestra Se\u00f1ora del Monte Carmelo como parroquia\"}]},{\"@type\":\"WebSite\",\"@id\":\"https:\/\/www.carmelitaniscalzi.com\/#website\",\"url\":\"https:\/\/www.carmelitaniscalzi.com\/\",\"name\":\"CARMELITANI SCALZI - Curia Generale del Carmelo Teresiano\",\"description\":\"Curia General del Carmelo Teresiano\",\"publisher\":{\"@id\":\"https:\/\/www.carmelitaniscalzi.com\/#organization\"},\"alternateName\":\"CARMELITANI SCALZI\",\"potentialAction\":[{\"@type\":\"SearchAction\",\"target\":{\"@type\":\"EntryPoint\",\"urlTemplate\":\"https:\/\/www.carmelitaniscalzi.com\/?s={search_term_string}\"},\"query-input\":{\"@type\":\"PropertyValueSpecification\",\"valueRequired\":true,\"valueName\":\"search_term_string\"}}],\"inLanguage\":\"es\"},{\"@type\":\"Organization\",\"@id\":\"https:\/\/www.carmelitaniscalzi.com\/#organization\",\"name\":\"CARMELITANI SCALZI - Curia Generale del Carmelo Teresiano\",\"url\":\"https:\/\/www.carmelitaniscalzi.com\/\",\"logo\":{\"@type\":\"ImageObject\",\"inLanguage\":\"es\",\"@id\":\"https:\/\/www.carmelitaniscalzi.com\/#\/schema\/logo\/image\/\",\"url\":\"https:\/\/www.carmelitaniscalzi.com\/wp-content\/uploads\/2025\/11\/login-logo.png\",\"contentUrl\":\"https:\/\/www.carmelitaniscalzi.com\/wp-content\/uploads\/2025\/11\/login-logo.png\",\"width\":256,\"height\":256,\"caption\":\"CARMELITANI SCALZI - Curia Generale del Carmelo Teresiano\"},\"image\":{\"@id\":\"https:\/\/www.carmelitaniscalzi.com\/#\/schema\/logo\/image\/\"},\"sameAs\":[\"https:\/\/www.facebook.com\/Curia-Generalizia-Carmelitani-Scalzi-658766940887784\/\",\"https:\/\/x.com\/ocdcuria\",\"https:\/\/www.youtube.com\/channel\/UC2J5ZL0ycOY0qBSTCLX_NGQ\/videos\",\"https:\/\/www.instagram.com\/ocdinform\/\"]},{\"@type\":\"Person\",\"@id\":\"https:\/\/www.carmelitaniscalzi.com\/#\/schema\/person\/6d1c0d9bea7b6625c437246a5d6da409\",\"name\":\"ocd web master\",\"image\":{\"@type\":\"ImageObject\",\"inLanguage\":\"es\",\"@id\":\"https:\/\/www.carmelitaniscalzi.com\/#\/schema\/person\/image\/\",\"url\":\"https:\/\/secure.gravatar.com\/avatar\/41fbc5f82bad909fbaf2984c43fa50d8519ac5853e25b454d022b6868f80d0e7?s=96&d=mm&r=g\",\"contentUrl\":\"https:\/\/secure.gravatar.com\/avatar\/41fbc5f82bad909fbaf2984c43fa50d8519ac5853e25b454d022b6868f80d0e7?s=96&d=mm&r=g\",\"caption\":\"ocd web master\"},\"url\":\"https:\/\/www.carmelitaniscalzi.com\/es\/author\/ocdwebmaster\/\"}]}<\/script>\n<!-- \/ Yoast SEO plugin. -->","yoast_head_json":{"title":"Filipinas: 50\u00ba aniversario de la Bas\u00edlica Menor Nuestra Se\u00f1ora del Monte Carmelo como parroquia - CARMELITAS DESCALZOS","robots":{"index":"index","follow":"follow","max-snippet":"max-snippet:-1","max-image-preview":"max-image-preview:large","max-video-preview":"max-video-preview:-1"},"canonical":"https:\/\/www.carmelitaniscalzi.com\/2026\/03\/16\/filippine-50-anniversario-della-basilica-minore-della-madonna-del-monte-carmelo-come-parrocchia\/","og_locale":"es_ES","og_type":"article","og_title":"Filipinas: 50\u00ba aniversario de la Bas\u00edlica Menor Nuestra Se\u00f1ora del Monte Carmelo como parroquia - CARMELITAS DESCALZOS","og_description":"Del 14 al 17 de febrero, los hermanos carmelitas de New Manila, en Quezon City, organizaron un triduo para conmemorar el 50\u00ba aniversario de la erecci\u00f3n de la bas\u00edlica como parroquia. La celebraci\u00f3n de clausura fue presidida por Mons. Honesto Ongtioco, D.D., obispo em\u00e9rito de Cubao. Desde hace cincuenta a\u00f1os, la bas\u00edlica es un hogar, [&hellip;]","og_url":"https:\/\/www.carmelitaniscalzi.com\/2026\/03\/16\/filippine-50-anniversario-della-basilica-minore-della-madonna-del-monte-carmelo-come-parrocchia\/","og_site_name":"CARMELITAS DESCALZOS","article_publisher":"https:\/\/www.facebook.com\/Curia-Generalizia-Carmelitani-Scalzi-658766940887784\/","article_published_time":"2026-03-16T01:00:57+00:00","og_image":[{"width":1200,"height":800,"url":"https:\/\/www.carmelitaniscalzi.com\/wp-content\/uploads\/2026\/03\/cover_filippine_02.2026.jpg","type":"image\/jpeg"}],"author":"ocd web master","twitter_card":"summary_large_image","twitter_creator":"@ocdcuria","twitter_site":"@ocdcuria","twitter_misc":{"Escrito por":"ocd web master","Tiempo de lectura":"2 minutos"},"schema":{"@context":"https:\/\/schema.org","@graph":[{"@type":"Article","@id":"https:\/\/www.carmelitaniscalzi.com\/2026\/03\/16\/filippine-50-anniversario-della-basilica-minore-della-madonna-del-monte-carmelo-come-parrocchia\/#article","isPartOf":{"@id":"https:\/\/www.carmelitaniscalzi.com\/2026\/03\/16\/filippine-50-anniversario-della-basilica-minore-della-madonna-del-monte-carmelo-come-parrocchia\/"},"author":{"name":"ocd web master","@id":"https:\/\/www.carmelitaniscalzi.com\/#\/schema\/person\/6d1c0d9bea7b6625c437246a5d6da409"},"headline":"Filipinas: 50\u00ba aniversario de la Bas\u00edlica Menor Nuestra Se\u00f1ora del Monte Carmelo como parroquia","datePublished":"2026-03-16T01:00:57+00:00","mainEntityOfPage":{"@id":"https:\/\/www.carmelitaniscalzi.com\/2026\/03\/16\/filippine-50-anniversario-della-basilica-minore-della-madonna-del-monte-carmelo-come-parrocchia\/"},"wordCount":232,"publisher":{"@id":"https:\/\/www.carmelitaniscalzi.com\/#organization"},"image":{"@id":"https:\/\/www.carmelitaniscalzi.com\/2026\/03\/16\/filippine-50-anniversario-della-basilica-minore-della-madonna-del-monte-carmelo-come-parrocchia\/#primaryimage"},"thumbnailUrl":"https:\/\/www.carmelitaniscalzi.com\/wp-content\/uploads\/2026\/03\/cover_filippine_02.2026.jpg","articleSection":["Noticias Frailes","Noticias"],"inLanguage":"es"},{"@type":"WebPage","@id":"https:\/\/www.carmelitaniscalzi.com\/2026\/03\/16\/filippine-50-anniversario-della-basilica-minore-della-madonna-del-monte-carmelo-come-parrocchia\/","url":"https:\/\/www.carmelitaniscalzi.com\/2026\/03\/16\/filippine-50-anniversario-della-basilica-minore-della-madonna-del-monte-carmelo-come-parrocchia\/","name":"Filipinas: 50\u00ba aniversario de la Bas\u00edlica Menor Nuestra Se\u00f1ora del Monte Carmelo como parroquia - CARMELITAS DESCALZOS","isPartOf":{"@id":"https:\/\/www.carmelitaniscalzi.com\/#website"},"primaryImageOfPage":{"@id":"https:\/\/www.carmelitaniscalzi.com\/2026\/03\/16\/filippine-50-anniversario-della-basilica-minore-della-madonna-del-monte-carmelo-come-parrocchia\/#primaryimage"},"image":{"@id":"https:\/\/www.carmelitaniscalzi.com\/2026\/03\/16\/filippine-50-anniversario-della-basilica-minore-della-madonna-del-monte-carmelo-come-parrocchia\/#primaryimage"},"thumbnailUrl":"https:\/\/www.carmelitaniscalzi.com\/wp-content\/uploads\/2026\/03\/cover_filippine_02.2026.jpg","datePublished":"2026-03-16T01:00:57+00:00","breadcrumb":{"@id":"https:\/\/www.carmelitaniscalzi.com\/2026\/03\/16\/filippine-50-anniversario-della-basilica-minore-della-madonna-del-monte-carmelo-come-parrocchia\/#breadcrumb"},"inLanguage":"es","potentialAction":[{"@type":"ReadAction","target":["https:\/\/www.carmelitaniscalzi.com\/2026\/03\/16\/filippine-50-anniversario-della-basilica-minore-della-madonna-del-monte-carmelo-come-parrocchia\/"]}]},{"@type":"ImageObject","inLanguage":"es","@id":"https:\/\/www.carmelitaniscalzi.com\/2026\/03\/16\/filippine-50-anniversario-della-basilica-minore-della-madonna-del-monte-carmelo-come-parrocchia\/#primaryimage","url":"https:\/\/www.carmelitaniscalzi.com\/wp-content\/uploads\/2026\/03\/cover_filippine_02.2026.jpg","contentUrl":"https:\/\/www.carmelitaniscalzi.com\/wp-content\/uploads\/2026\/03\/cover_filippine_02.2026.jpg","width":1200,"height":800},{"@type":"BreadcrumbList","@id":"https:\/\/www.carmelitaniscalzi.com\/2026\/03\/16\/filippine-50-anniversario-della-basilica-minore-della-madonna-del-monte-carmelo-come-parrocchia\/#breadcrumb","itemListElement":[{"@type":"ListItem","position":1,"name":"Home","item":"https:\/\/www.carmelitaniscalzi.com\/es\/"},{"@type":"ListItem","position":2,"name":"Filipinas: 50\u00ba aniversario de la Bas\u00edlica Menor Nuestra Se\u00f1ora del Monte Carmelo como parroquia"}]},{"@type":"WebSite","@id":"https:\/\/www.carmelitaniscalzi.com\/#website","url":"https:\/\/www.carmelitaniscalzi.com\/","name":"CARMELITANI SCALZI - Curia Generale del Carmelo Teresiano","description":"Curia General del Carmelo Teresiano","publisher":{"@id":"https:\/\/www.carmelitaniscalzi.com\/#organization"},"alternateName":"CARMELITANI SCALZI","potentialAction":[{"@type":"SearchAction","target":{"@type":"EntryPoint","urlTemplate":"https:\/\/www.carmelitaniscalzi.com\/?s={search_term_string}"},"query-input":{"@type":"PropertyValueSpecification","valueRequired":true,"valueName":"search_term_string"}}],"inLanguage":"es"},{"@type":"Organization","@id":"https:\/\/www.carmelitaniscalzi.com\/#organization","name":"CARMELITANI SCALZI - Curia Generale del Carmelo Teresiano","url":"https:\/\/www.carmelitaniscalzi.com\/","logo":{"@type":"ImageObject","inLanguage":"es","@id":"https:\/\/www.carmelitaniscalzi.com\/#\/schema\/logo\/image\/","url":"https:\/\/www.carmelitaniscalzi.com\/wp-content\/uploads\/2025\/11\/login-logo.png","contentUrl":"https:\/\/www.carmelitaniscalzi.com\/wp-content\/uploads\/2025\/11\/login-logo.png","width":256,"height":256,"caption":"CARMELITANI SCALZI - Curia Generale del Carmelo Teresiano"},"image":{"@id":"https:\/\/www.carmelitaniscalzi.com\/#\/schema\/logo\/image\/"},"sameAs":["https:\/\/www.facebook.com\/Curia-Generalizia-Carmelitani-Scalzi-658766940887784\/","https:\/\/x.com\/ocdcuria","https:\/\/www.youtube.com\/channel\/UC2J5ZL0ycOY0qBSTCLX_NGQ\/videos","https:\/\/www.instagram.com\/ocdinform\/"]},{"@type":"Person","@id":"https:\/\/www.carmelitaniscalzi.com\/#\/schema\/person\/6d1c0d9bea7b6625c437246a5d6da409","name":"ocd web master","image":{"@type":"ImageObject","inLanguage":"es","@id":"https:\/\/www.carmelitaniscalzi.com\/#\/schema\/person\/image\/","url":"https:\/\/secure.gravatar.com\/avatar\/41fbc5f82bad909fbaf2984c43fa50d8519ac5853e25b454d022b6868f80d0e7?s=96&d=mm&r=g","contentUrl":"https:\/\/secure.gravatar.com\/avatar\/41fbc5f82bad909fbaf2984c43fa50d8519ac5853e25b454d022b6868f80d0e7?s=96&d=mm&r=g","caption":"ocd web master"},"url":"https:\/\/www.carmelitaniscalzi.com\/es\/author\/ocdwebmaster\/"}]}},"_links":{"self":[{"href":"https:\/\/www.carmelitaniscalzi.com\/es\/wp-json\/wp\/v2\/posts\/571193","targetHints":{"allow":["GET"]}}],"collection":[{"href":"https:\/\/www.carmelitaniscalzi.com\/es\/wp-json\/wp\/v2\/posts"}],"about":[{"href":"https:\/\/www.carmelitaniscalzi.com\/es\/wp-json\/wp\/v2\/types\/post"}],"author":[{"embeddable":true,"href":"https:\/\/www.carmelitaniscalzi.com\/es\/wp-json\/wp\/v2\/users\/7"}],"replies":[{"embeddable":true,"href":"https:\/\/www.carmelitaniscalzi.com\/es\/wp-json\/wp\/v2\/comments?post=571193"}],"version-history":[{"count":1,"href":"https:\/\/www.carmelitaniscalzi.com\/es\/wp-json\/wp\/v2\/posts\/571193\/revisions"}],"predecessor-version":[{"id":571194,"href":"https:\/\/www.carmelitaniscalzi.com\/es\/wp-json\/wp\/v2\/posts\/571193\/revisions\/571194"}],"wp:featuredmedia":[{"embeddable":true,"href":"https:\/\/www.carmelitaniscalzi.com\/es\/wp-json\/wp\/v2\/media\/571046"}],"wp:attachment":[{"href":"https:\/\/www.carmelitaniscalzi.com\/es\/wp-json\/wp\/v2\/media?parent=571193"}],"wp:term":[{"taxonomy":"category","embeddable":true,"href":"https:\/\/www.carmelitaniscalzi.com\/es\/wp-json\/wp\/v2\/categories?post=571193"},{"taxonomy":"post_tag","embeddable":true,"href":"https:\/\/www.carmelitaniscalzi.com\/es\/wp-json\/wp\/v2\/tags?post=571193"}],"curies":[{"name":"wp","href":"https:\/\/api.w.org\/{rel}","templated":true}]}}