{"id":560372,"date":"2026-02-26T02:00:15","date_gmt":"2026-02-26T01:00:15","guid":{"rendered":"https:\/\/www.carmelitaniscalzi.com\/?p=560372"},"modified":"2026-02-23T02:23:58","modified_gmt":"2026-02-23T01:23:58","slug":"italia-ano-nuevo-carmelitano-jovenes-caminando-en-fe-oracion","status":"publish","type":"post","link":"https:\/\/www.carmelitaniscalzi.com\/es\/2026\/02\/26\/italia-ano-nuevo-carmelitano-jovenes-caminando-en-fe-oracion\/","title":{"rendered":"Italia: A\u00f1o Nuevo carmelitano, j\u00f3venes caminando en fe oraci\u00f3n"},"content":{"rendered":"<p>Del 29 al 31 de diciembre, vivimos una experiencia muy hermosa con la segunda etapa del Camino carmelitano de los j\u00f3venes. Veinticinco j\u00f3venes decidieron despedirse del a\u00f1o que terminaba y comenzar el nuevo poni\u00e9ndose en camino, con una mochila ligera y un gran deseo de compartir su fe y su amistad. El tema que nos acompa\u00f1a este a\u00f1o es la oraci\u00f3n, de la mano de santa Teresa de Jes\u00fas: una oraci\u00f3n sencilla, concreta y posible en la vida cotidiana.<\/p>\n<p>El sol nos acompa\u00f1\u00f3 durante dos magn\u00edficas rutas a pie: la primera, de Montemarcello a Ameglia, y la segunda por los alrededores de Portovenere, hasta el Fuerte Mottarone. Lo que hizo esta experiencia a\u00fan m\u00e1s especial fue la casa que nos acogi\u00f3, nuestro convento de Bocca di Magra. A todo ello se a\u00f1adieron dos hermosos \u00abextras\u00bb. El primero, la posibilidad de llegar el 28 de diciembre a Arenzano para participar en la clausura del Jubileo y en la oraci\u00f3n por los ni\u00f1os que sufren. El segundo, para quienes pudieron prolongar la experiencia hasta A\u00f1o Nuevo, tambi\u00e9n en Arenzano, con la misa de medianoche, los fuegos artificiales y un d\u00eda m\u00e1s para acoger las reliquias de santa Teresa del Ni\u00f1o Jes\u00fas, que se encontraban all\u00ed de paso en esas fechas.<\/p>\n<p>Fueron d\u00edas intensos, vividos con sencillez y profundidad: caminar, oraci\u00f3n, amistad y un gran deseo de escuchar.<\/p>\n<p>Una hermosa manera de comenzar el nuevo a\u00f1o\u2026 paso a paso, juntos.<\/p>\n<p>&nbsp;<\/p>\n<div class=\"wpmf-gallerys wpmf-gallerys-life \" ><div id=\"gallery-1\"\n data-gutter-width=\"5\"\n  data-wpmfcolumns=\"5\" class=\"wpmf-gallery gallery-link-file gallery_life gallery-masonry gallery-columns-5 gallery-size-thumbnail wpmf-gallery-bottomspace-default wpmf-gallery-clear wpmf-has-border-radius-0 wpmf-gutterwidth-5\"><div class=\"wpmf-gallery-item\n     wpmf-gallery-item-position-0 wpmf-gallery-item-attachment-560086\" data-index=\"0\"><div class=\"wpmf-gallery-icon\"><a class=\" not_video noLightbox\" data-lightbox=\"1\" data-href=\"https:\/\/www.carmelitaniscalzi.com\/wp-content\/uploads\/2026\/02\/Italia-1.jpg\" title=\"Italia 1\" target=\"_self\" data-index=\"0\"><img decoding=\"async\" class=\"wpmf_img\" alt=\"Italia 1\" src=\"https:\/\/www.carmelitaniscalzi.com\/wp-content\/uploads\/2026\/02\/Italia-1-150x150.jpg\" data-type=\"wpmfgalleryimg\" data-lazy-src=\"https:\/\/www.carmelitaniscalzi.com\/wp-content\/uploads\/2026\/02\/Italia-1-150x150.jpg\"><\/a><\/div><\/div><div class=\"wpmf-gallery-item\n     wpmf-gallery-item-position-1 wpmf-gallery-item-attachment-560092\" data-index=\"1\"><div class=\"wpmf-gallery-icon\"><a class=\" not_video noLightbox\" data-lightbox=\"1\" data-href=\"https:\/\/www.carmelitaniscalzi.com\/wp-content\/uploads\/2026\/02\/Italia-2.jpg\" title=\"Italia 2\" target=\"_self\" data-index=\"1\"><img decoding=\"async\" class=\"wpmf_img\" alt=\"Italia 2\" src=\"https:\/\/www.carmelitaniscalzi.com\/wp-content\/uploads\/2026\/02\/Italia-2-150x150.jpg\" data-type=\"wpmfgalleryimg\" data-lazy-src=\"https:\/\/www.carmelitaniscalzi.com\/wp-content\/uploads\/2026\/02\/Italia-2-150x150.jpg\"><\/a><\/div><\/div><div class=\"wpmf-gallery-item\n     wpmf-gallery-item-position-2 wpmf-gallery-item-attachment-560098\" data-index=\"2\"><div class=\"wpmf-gallery-icon\"><a class=\" not_video noLightbox\" data-lightbox=\"1\" data-href=\"https:\/\/www.carmelitaniscalzi.com\/wp-content\/uploads\/2026\/02\/Italia-3.jpg\" title=\"Italia 3\" target=\"_self\" data-index=\"2\"><img decoding=\"async\" class=\"wpmf_img\" alt=\"Italia 3\" src=\"https:\/\/www.carmelitaniscalzi.com\/wp-content\/uploads\/2026\/02\/Italia-3-150x150.jpg\" data-type=\"wpmfgalleryimg\" data-lazy-src=\"https:\/\/www.carmelitaniscalzi.com\/wp-content\/uploads\/2026\/02\/Italia-3-150x150.jpg\"><\/a><\/div><\/div><div class=\"wpmf-gallery-item\n     wpmf-gallery-item-position-3 wpmf-gallery-item-attachment-560104\" data-index=\"3\"><div class=\"wpmf-gallery-icon\"><a class=\" not_video noLightbox\" data-lightbox=\"1\" data-href=\"https:\/\/www.carmelitaniscalzi.com\/wp-content\/uploads\/2026\/02\/Italia-4.jpg\" title=\"Italia 4\" target=\"_self\" data-index=\"3\"><img decoding=\"async\" class=\"wpmf_img\" alt=\"Italia 4\" src=\"https:\/\/www.carmelitaniscalzi.com\/wp-content\/uploads\/2026\/02\/Italia-4-150x150.jpg\" data-type=\"wpmfgalleryimg\" data-lazy-src=\"https:\/\/www.carmelitaniscalzi.com\/wp-content\/uploads\/2026\/02\/Italia-4-150x150.jpg\"><\/a><\/div><\/div><div class=\"wpmf-gallery-item\n     wpmf-gallery-item-position-4 wpmf-gallery-item-attachment-560110\" data-index=\"4\"><div class=\"wpmf-gallery-icon\"><a class=\" not_video noLightbox\" data-lightbox=\"1\" data-href=\"https:\/\/www.carmelitaniscalzi.com\/wp-content\/uploads\/2026\/02\/Italia-5.jpg\" title=\"Italia 5\" target=\"_self\" data-index=\"4\"><img decoding=\"async\" class=\"wpmf_img\" alt=\"Italia 5\" src=\"https:\/\/www.carmelitaniscalzi.com\/wp-content\/uploads\/2026\/02\/Italia-5-150x150.jpg\" data-type=\"wpmfgalleryimg\" data-lazy-src=\"https:\/\/www.carmelitaniscalzi.com\/wp-content\/uploads\/2026\/02\/Italia-5-150x150.jpg\"><\/a><\/div><\/div><\/div><\/div>\n\n","protected":false},"excerpt":{"rendered":"<p>Del 29 al 31 de diciembre, vivimos una experiencia muy hermosa con la segunda etapa del Camino carmelitano de los j\u00f3venes. Veinticinco j\u00f3venes decidieron despedirse del a\u00f1o que terminaba y comenzar el nuevo poni\u00e9ndose en camino, con una mochila ligera y un gran deseo de compartir su fe y su amistad. El tema que nos [&hellip;]<\/p>\n","protected":false},"author":7,"featured_media":560080,"comment_status":"closed","ping_status":"closed","sticky":false,"template":"","format":"standard","meta":{"_acf_changed":false,"footnotes":""},"categories":[174,372],"tags":[],"class_list":["post-560372","post","type-post","status-publish","format-standard","has-post-thumbnail","hentry","category-noticias-frailes","category-noticias"],"acf":[],"yoast_head":"<!-- This site is optimized with the Yoast SEO plugin v26.3 - https:\/\/yoast.com\/wordpress\/plugins\/seo\/ -->\n<title>Italia: A\u00f1o Nuevo carmelitano, j\u00f3venes caminando en fe oraci\u00f3n - CARMELITAS DESCALZOS<\/title>\n<meta name=\"robots\" content=\"index, follow, max-snippet:-1, max-image-preview:large, max-video-preview:-1\" \/>\n<link rel=\"canonical\" href=\"https:\/\/www.carmelitaniscalzi.com\/?p=560366\" \/>\n<meta property=\"og:locale\" content=\"es_ES\" \/>\n<meta property=\"og:type\" content=\"article\" \/>\n<meta property=\"og:title\" content=\"Italia: A\u00f1o Nuevo carmelitano, j\u00f3venes caminando en fe oraci\u00f3n - CARMELITAS DESCALZOS\" \/>\n<meta property=\"og:description\" content=\"Del 29 al 31 de diciembre, vivimos una experiencia muy hermosa con la segunda etapa del Camino carmelitano de los j\u00f3venes. Veinticinco j\u00f3venes decidieron despedirse del a\u00f1o que terminaba y comenzar el nuevo poni\u00e9ndose en camino, con una mochila ligera y un gran deseo de compartir su fe y su amistad. El tema que nos [&hellip;]\" \/>\n<meta property=\"og:url\" content=\"https:\/\/www.carmelitaniscalzi.com\/?p=560366\" \/>\n<meta property=\"og:site_name\" content=\"CARMELITAS DESCALZOS\" \/>\n<meta property=\"article:publisher\" content=\"https:\/\/www.facebook.com\/Curia-Generalizia-Carmelitani-Scalzi-658766940887784\/\" \/>\n<meta property=\"article:published_time\" content=\"2026-02-26T01:00:15+00:00\" \/>\n<meta property=\"og:image\" content=\"https:\/\/www.carmelitaniscalzi.com\/wp-content\/uploads\/2026\/02\/cover_italia_01.2026.jpg\" \/>\n\t<meta property=\"og:image:width\" content=\"1200\" \/>\n\t<meta property=\"og:image:height\" content=\"800\" \/>\n\t<meta property=\"og:image:type\" content=\"image\/jpeg\" \/>\n<meta name=\"author\" content=\"ocd web master\" \/>\n<meta name=\"twitter:card\" content=\"summary_large_image\" \/>\n<meta name=\"twitter:creator\" content=\"@ocdcuria\" \/>\n<meta name=\"twitter:site\" content=\"@ocdcuria\" \/>\n<meta name=\"twitter:label1\" content=\"Escrito por\" \/>\n\t<meta name=\"twitter:data1\" content=\"ocd web master\" \/>\n\t<meta name=\"twitter:label2\" content=\"Tiempo de lectura\" \/>\n\t<meta name=\"twitter:data2\" content=\"2 minutos\" \/>\n<script type=\"application\/ld+json\" class=\"yoast-schema-graph\">{\"@context\":\"https:\/\/schema.org\",\"@graph\":[{\"@type\":\"Article\",\"@id\":\"https:\/\/www.carmelitaniscalzi.com\/?p=560366#article\",\"isPartOf\":{\"@id\":\"https:\/\/www.carmelitaniscalzi.com\/?p=560366\"},\"author\":{\"name\":\"ocd web master\",\"@id\":\"https:\/\/www.carmelitaniscalzi.com\/#\/schema\/person\/6d1c0d9bea7b6625c437246a5d6da409\"},\"headline\":\"Italia: A\u00f1o Nuevo carmelitano, j\u00f3venes caminando en fe oraci\u00f3n\",\"datePublished\":\"2026-02-26T01:00:15+00:00\",\"mainEntityOfPage\":{\"@id\":\"https:\/\/www.carmelitaniscalzi.com\/?p=560366\"},\"wordCount\":281,\"publisher\":{\"@id\":\"https:\/\/www.carmelitaniscalzi.com\/#organization\"},\"image\":{\"@id\":\"https:\/\/www.carmelitaniscalzi.com\/?p=560366#primaryimage\"},\"thumbnailUrl\":\"https:\/\/www.carmelitaniscalzi.com\/wp-content\/uploads\/2026\/02\/cover_italia_01.2026.jpg\",\"articleSection\":[\"Noticias Frailes\",\"Noticias\"],\"inLanguage\":\"es\"},{\"@type\":\"WebPage\",\"@id\":\"https:\/\/www.carmelitaniscalzi.com\/?p=560366\",\"url\":\"https:\/\/www.carmelitaniscalzi.com\/?p=560366\",\"name\":\"Italia: A\u00f1o Nuevo carmelitano, j\u00f3venes caminando en fe oraci\u00f3n - CARMELITAS DESCALZOS\",\"isPartOf\":{\"@id\":\"https:\/\/www.carmelitaniscalzi.com\/#website\"},\"primaryImageOfPage\":{\"@id\":\"https:\/\/www.carmelitaniscalzi.com\/?p=560366#primaryimage\"},\"image\":{\"@id\":\"https:\/\/www.carmelitaniscalzi.com\/?p=560366#primaryimage\"},\"thumbnailUrl\":\"https:\/\/www.carmelitaniscalzi.com\/wp-content\/uploads\/2026\/02\/cover_italia_01.2026.jpg\",\"datePublished\":\"2026-02-26T01:00:15+00:00\",\"breadcrumb\":{\"@id\":\"https:\/\/www.carmelitaniscalzi.com\/?p=560366#breadcrumb\"},\"inLanguage\":\"es\",\"potentialAction\":[{\"@type\":\"ReadAction\",\"target\":[\"https:\/\/www.carmelitaniscalzi.com\/?p=560366\"]}]},{\"@type\":\"ImageObject\",\"inLanguage\":\"es\",\"@id\":\"https:\/\/www.carmelitaniscalzi.com\/?p=560366#primaryimage\",\"url\":\"https:\/\/www.carmelitaniscalzi.com\/wp-content\/uploads\/2026\/02\/cover_italia_01.2026.jpg\",\"contentUrl\":\"https:\/\/www.carmelitaniscalzi.com\/wp-content\/uploads\/2026\/02\/cover_italia_01.2026.jpg\",\"width\":1200,\"height\":800},{\"@type\":\"BreadcrumbList\",\"@id\":\"https:\/\/www.carmelitaniscalzi.com\/?p=560366#breadcrumb\",\"itemListElement\":[{\"@type\":\"ListItem\",\"position\":1,\"name\":\"Home\",\"item\":\"https:\/\/www.carmelitaniscalzi.com\/es\/\"},{\"@type\":\"ListItem\",\"position\":2,\"name\":\"Italia: A\u00f1o Nuevo carmelitano, j\u00f3venes caminando en fe oraci\u00f3n\"}]},{\"@type\":\"WebSite\",\"@id\":\"https:\/\/www.carmelitaniscalzi.com\/#website\",\"url\":\"https:\/\/www.carmelitaniscalzi.com\/\",\"name\":\"CARMELITANI SCALZI - Curia Generale del Carmelo Teresiano\",\"description\":\"Curia General del Carmelo Teresiano\",\"publisher\":{\"@id\":\"https:\/\/www.carmelitaniscalzi.com\/#organization\"},\"alternateName\":\"CARMELITANI SCALZI\",\"potentialAction\":[{\"@type\":\"SearchAction\",\"target\":{\"@type\":\"EntryPoint\",\"urlTemplate\":\"https:\/\/www.carmelitaniscalzi.com\/?s={search_term_string}\"},\"query-input\":{\"@type\":\"PropertyValueSpecification\",\"valueRequired\":true,\"valueName\":\"search_term_string\"}}],\"inLanguage\":\"es\"},{\"@type\":\"Organization\",\"@id\":\"https:\/\/www.carmelitaniscalzi.com\/#organization\",\"name\":\"CARMELITANI SCALZI - Curia Generale del Carmelo Teresiano\",\"url\":\"https:\/\/www.carmelitaniscalzi.com\/\",\"logo\":{\"@type\":\"ImageObject\",\"inLanguage\":\"es\",\"@id\":\"https:\/\/www.carmelitaniscalzi.com\/#\/schema\/logo\/image\/\",\"url\":\"https:\/\/www.carmelitaniscalzi.com\/wp-content\/uploads\/2025\/11\/login-logo.png\",\"contentUrl\":\"https:\/\/www.carmelitaniscalzi.com\/wp-content\/uploads\/2025\/11\/login-logo.png\",\"width\":256,\"height\":256,\"caption\":\"CARMELITANI SCALZI - Curia Generale del Carmelo Teresiano\"},\"image\":{\"@id\":\"https:\/\/www.carmelitaniscalzi.com\/#\/schema\/logo\/image\/\"},\"sameAs\":[\"https:\/\/www.facebook.com\/Curia-Generalizia-Carmelitani-Scalzi-658766940887784\/\",\"https:\/\/x.com\/ocdcuria\",\"https:\/\/www.youtube.com\/channel\/UC2J5ZL0ycOY0qBSTCLX_NGQ\/videos\",\"https:\/\/www.instagram.com\/ocdinform\/\"]},{\"@type\":\"Person\",\"@id\":\"https:\/\/www.carmelitaniscalzi.com\/#\/schema\/person\/6d1c0d9bea7b6625c437246a5d6da409\",\"name\":\"ocd web master\",\"image\":{\"@type\":\"ImageObject\",\"inLanguage\":\"es\",\"@id\":\"https:\/\/www.carmelitaniscalzi.com\/#\/schema\/person\/image\/\",\"url\":\"https:\/\/secure.gravatar.com\/avatar\/41fbc5f82bad909fbaf2984c43fa50d8519ac5853e25b454d022b6868f80d0e7?s=96&d=mm&r=g\",\"contentUrl\":\"https:\/\/secure.gravatar.com\/avatar\/41fbc5f82bad909fbaf2984c43fa50d8519ac5853e25b454d022b6868f80d0e7?s=96&d=mm&r=g\",\"caption\":\"ocd web master\"},\"url\":\"https:\/\/www.carmelitaniscalzi.com\/es\/author\/ocdwebmaster\/\"}]}<\/script>\n<!-- \/ Yoast SEO plugin. -->","yoast_head_json":{"title":"Italia: A\u00f1o Nuevo carmelitano, j\u00f3venes caminando en fe oraci\u00f3n - CARMELITAS DESCALZOS","robots":{"index":"index","follow":"follow","max-snippet":"max-snippet:-1","max-image-preview":"max-image-preview:large","max-video-preview":"max-video-preview:-1"},"canonical":"https:\/\/www.carmelitaniscalzi.com\/?p=560366","og_locale":"es_ES","og_type":"article","og_title":"Italia: A\u00f1o Nuevo carmelitano, j\u00f3venes caminando en fe oraci\u00f3n - CARMELITAS DESCALZOS","og_description":"Del 29 al 31 de diciembre, vivimos una experiencia muy hermosa con la segunda etapa del Camino carmelitano de los j\u00f3venes. Veinticinco j\u00f3venes decidieron despedirse del a\u00f1o que terminaba y comenzar el nuevo poni\u00e9ndose en camino, con una mochila ligera y un gran deseo de compartir su fe y su amistad. El tema que nos [&hellip;]","og_url":"https:\/\/www.carmelitaniscalzi.com\/?p=560366","og_site_name":"CARMELITAS DESCALZOS","article_publisher":"https:\/\/www.facebook.com\/Curia-Generalizia-Carmelitani-Scalzi-658766940887784\/","article_published_time":"2026-02-26T01:00:15+00:00","og_image":[{"width":1200,"height":800,"url":"https:\/\/www.carmelitaniscalzi.com\/wp-content\/uploads\/2026\/02\/cover_italia_01.2026.jpg","type":"image\/jpeg"}],"author":"ocd web master","twitter_card":"summary_large_image","twitter_creator":"@ocdcuria","twitter_site":"@ocdcuria","twitter_misc":{"Escrito por":"ocd web master","Tiempo de lectura":"2 minutos"},"schema":{"@context":"https:\/\/schema.org","@graph":[{"@type":"Article","@id":"https:\/\/www.carmelitaniscalzi.com\/?p=560366#article","isPartOf":{"@id":"https:\/\/www.carmelitaniscalzi.com\/?p=560366"},"author":{"name":"ocd web master","@id":"https:\/\/www.carmelitaniscalzi.com\/#\/schema\/person\/6d1c0d9bea7b6625c437246a5d6da409"},"headline":"Italia: A\u00f1o Nuevo carmelitano, j\u00f3venes caminando en fe oraci\u00f3n","datePublished":"2026-02-26T01:00:15+00:00","mainEntityOfPage":{"@id":"https:\/\/www.carmelitaniscalzi.com\/?p=560366"},"wordCount":281,"publisher":{"@id":"https:\/\/www.carmelitaniscalzi.com\/#organization"},"image":{"@id":"https:\/\/www.carmelitaniscalzi.com\/?p=560366#primaryimage"},"thumbnailUrl":"https:\/\/www.carmelitaniscalzi.com\/wp-content\/uploads\/2026\/02\/cover_italia_01.2026.jpg","articleSection":["Noticias Frailes","Noticias"],"inLanguage":"es"},{"@type":"WebPage","@id":"https:\/\/www.carmelitaniscalzi.com\/?p=560366","url":"https:\/\/www.carmelitaniscalzi.com\/?p=560366","name":"Italia: A\u00f1o Nuevo carmelitano, j\u00f3venes caminando en fe oraci\u00f3n - CARMELITAS DESCALZOS","isPartOf":{"@id":"https:\/\/www.carmelitaniscalzi.com\/#website"},"primaryImageOfPage":{"@id":"https:\/\/www.carmelitaniscalzi.com\/?p=560366#primaryimage"},"image":{"@id":"https:\/\/www.carmelitaniscalzi.com\/?p=560366#primaryimage"},"thumbnailUrl":"https:\/\/www.carmelitaniscalzi.com\/wp-content\/uploads\/2026\/02\/cover_italia_01.2026.jpg","datePublished":"2026-02-26T01:00:15+00:00","breadcrumb":{"@id":"https:\/\/www.carmelitaniscalzi.com\/?p=560366#breadcrumb"},"inLanguage":"es","potentialAction":[{"@type":"ReadAction","target":["https:\/\/www.carmelitaniscalzi.com\/?p=560366"]}]},{"@type":"ImageObject","inLanguage":"es","@id":"https:\/\/www.carmelitaniscalzi.com\/?p=560366#primaryimage","url":"https:\/\/www.carmelitaniscalzi.com\/wp-content\/uploads\/2026\/02\/cover_italia_01.2026.jpg","contentUrl":"https:\/\/www.carmelitaniscalzi.com\/wp-content\/uploads\/2026\/02\/cover_italia_01.2026.jpg","width":1200,"height":800},{"@type":"BreadcrumbList","@id":"https:\/\/www.carmelitaniscalzi.com\/?p=560366#breadcrumb","itemListElement":[{"@type":"ListItem","position":1,"name":"Home","item":"https:\/\/www.carmelitaniscalzi.com\/es\/"},{"@type":"ListItem","position":2,"name":"Italia: A\u00f1o Nuevo carmelitano, j\u00f3venes caminando en fe oraci\u00f3n"}]},{"@type":"WebSite","@id":"https:\/\/www.carmelitaniscalzi.com\/#website","url":"https:\/\/www.carmelitaniscalzi.com\/","name":"CARMELITANI SCALZI - Curia Generale del Carmelo Teresiano","description":"Curia General del Carmelo Teresiano","publisher":{"@id":"https:\/\/www.carmelitaniscalzi.com\/#organization"},"alternateName":"CARMELITANI SCALZI","potentialAction":[{"@type":"SearchAction","target":{"@type":"EntryPoint","urlTemplate":"https:\/\/www.carmelitaniscalzi.com\/?s={search_term_string}"},"query-input":{"@type":"PropertyValueSpecification","valueRequired":true,"valueName":"search_term_string"}}],"inLanguage":"es"},{"@type":"Organization","@id":"https:\/\/www.carmelitaniscalzi.com\/#organization","name":"CARMELITANI SCALZI - Curia Generale del Carmelo Teresiano","url":"https:\/\/www.carmelitaniscalzi.com\/","logo":{"@type":"ImageObject","inLanguage":"es","@id":"https:\/\/www.carmelitaniscalzi.com\/#\/schema\/logo\/image\/","url":"https:\/\/www.carmelitaniscalzi.com\/wp-content\/uploads\/2025\/11\/login-logo.png","contentUrl":"https:\/\/www.carmelitaniscalzi.com\/wp-content\/uploads\/2025\/11\/login-logo.png","width":256,"height":256,"caption":"CARMELITANI SCALZI - Curia Generale del Carmelo Teresiano"},"image":{"@id":"https:\/\/www.carmelitaniscalzi.com\/#\/schema\/logo\/image\/"},"sameAs":["https:\/\/www.facebook.com\/Curia-Generalizia-Carmelitani-Scalzi-658766940887784\/","https:\/\/x.com\/ocdcuria","https:\/\/www.youtube.com\/channel\/UC2J5ZL0ycOY0qBSTCLX_NGQ\/videos","https:\/\/www.instagram.com\/ocdinform\/"]},{"@type":"Person","@id":"https:\/\/www.carmelitaniscalzi.com\/#\/schema\/person\/6d1c0d9bea7b6625c437246a5d6da409","name":"ocd web master","image":{"@type":"ImageObject","inLanguage":"es","@id":"https:\/\/www.carmelitaniscalzi.com\/#\/schema\/person\/image\/","url":"https:\/\/secure.gravatar.com\/avatar\/41fbc5f82bad909fbaf2984c43fa50d8519ac5853e25b454d022b6868f80d0e7?s=96&d=mm&r=g","contentUrl":"https:\/\/secure.gravatar.com\/avatar\/41fbc5f82bad909fbaf2984c43fa50d8519ac5853e25b454d022b6868f80d0e7?s=96&d=mm&r=g","caption":"ocd web master"},"url":"https:\/\/www.carmelitaniscalzi.com\/es\/author\/ocdwebmaster\/"}]}},"_links":{"self":[{"href":"https:\/\/www.carmelitaniscalzi.com\/es\/wp-json\/wp\/v2\/posts\/560372","targetHints":{"allow":["GET"]}}],"collection":[{"href":"https:\/\/www.carmelitaniscalzi.com\/es\/wp-json\/wp\/v2\/posts"}],"about":[{"href":"https:\/\/www.carmelitaniscalzi.com\/es\/wp-json\/wp\/v2\/types\/post"}],"author":[{"embeddable":true,"href":"https:\/\/www.carmelitaniscalzi.com\/es\/wp-json\/wp\/v2\/users\/7"}],"replies":[{"embeddable":true,"href":"https:\/\/www.carmelitaniscalzi.com\/es\/wp-json\/wp\/v2\/comments?post=560372"}],"version-history":[{"count":1,"href":"https:\/\/www.carmelitaniscalzi.com\/es\/wp-json\/wp\/v2\/posts\/560372\/revisions"}],"predecessor-version":[{"id":560373,"href":"https:\/\/www.carmelitaniscalzi.com\/es\/wp-json\/wp\/v2\/posts\/560372\/revisions\/560373"}],"wp:featuredmedia":[{"embeddable":true,"href":"https:\/\/www.carmelitaniscalzi.com\/es\/wp-json\/wp\/v2\/media\/560080"}],"wp:attachment":[{"href":"https:\/\/www.carmelitaniscalzi.com\/es\/wp-json\/wp\/v2\/media?parent=560372"}],"wp:term":[{"taxonomy":"category","embeddable":true,"href":"https:\/\/www.carmelitaniscalzi.com\/es\/wp-json\/wp\/v2\/categories?post=560372"},{"taxonomy":"post_tag","embeddable":true,"href":"https:\/\/www.carmelitaniscalzi.com\/es\/wp-json\/wp\/v2\/tags?post=560372"}],"curies":[{"name":"wp","href":"https:\/\/api.w.org\/{rel}","templated":true}]}}