{"id":560360,"date":"2026-02-23T02:16:19","date_gmt":"2026-02-23T01:16:19","guid":{"rendered":"https:\/\/www.carmelitaniscalzi.com\/?p=560360"},"modified":"2026-02-23T02:16:19","modified_gmt":"2026-02-23T01:16:19","slug":"india-el-santuario-del-nino-jesus-conmemora-los-30-anos-de-su-consagracion","status":"publish","type":"post","link":"https:\/\/www.carmelitaniscalzi.com\/es\/2026\/02\/23\/india-el-santuario-del-nino-jesus-conmemora-los-30-anos-de-su-consagracion\/","title":{"rendered":"India: el Santuario del Ni\u00f1o Jes\u00fas conmemora los 30 a\u00f1os de su consagraci\u00f3n"},"content":{"rendered":"<p>El Santuario del Ni\u00f1o Jes\u00fas, en Bikarnakatte, celebr\u00f3 un importante hito espiritual el domingo 11 de enero, al conmemorar el 30\u00ba aniversario de su consagraci\u00f3n, coincidiendo con el s\u00e9ptimo d\u00eda de la novena preparatoria para la fiesta anual del Ni\u00f1o Jes\u00fas. Las celebraciones de esta jornada tuvieron como lema \u00ab<em>Har\u00e9 brotar manantiales en el desierto<\/em>\u00bb, inspirado en la espiritualidad de san Juan de la Cruz.<\/p>\n<p>Se celebraron nueve eucarist\u00edas en distintas lenguas, lo que permiti\u00f3 la participaci\u00f3n activa de fieles de diversos or\u00edgenes ling\u00fc\u00edsticos. En las oraciones se record\u00f3 especialmente a los sacerdotes y a las religiosas, y se invit\u00f3 a los fieles a reflexionar sobre la vocaci\u00f3n sacerdotal y la vida consagrada como caminos de entrega fiel y de servicio desinteresado. Tras la misa solemne de las 10:30 sigui\u00f3 de la adoraci\u00f3n eucar\u00edstica.<\/p>\n<p>La conmemoraci\u00f3n de los 30 a\u00f1os de la consagraci\u00f3n del Santuario convirti\u00f3 el s\u00e9ptimo d\u00eda de la Novena en un momento espiritual de gran profundidad, y renov\u00f3 el compromiso de los fieles con la oraci\u00f3n, el servicio y la confianza en la gracia de Dios.<\/p>\n<p>&nbsp;<\/p>\n<div class=\"wpmf-gallerys wpmf-gallerys-life \" ><div id=\"gallery-1\"\n data-gutter-width=\"5\"\n  data-wpmfcolumns=\"4\" class=\"wpmf-gallery gallery-link-file gallery_life gallery-masonry gallery-columns-4 gallery-size-thumbnail wpmf-gallery-bottomspace-default wpmf-gallery-clear wpmf-has-border-radius-0 wpmf-gutterwidth-5\"><div class=\"wpmf-gallery-item\n     wpmf-gallery-item-position-0 wpmf-gallery-item-attachment-560056\" data-index=\"0\"><div class=\"wpmf-gallery-icon\"><a class=\" not_video noLightbox\" data-lightbox=\"1\" data-href=\"https:\/\/www.carmelitaniscalzi.com\/wp-content\/uploads\/2026\/02\/India-1.jpg\" title=\"India 1\" target=\"_self\" data-index=\"0\"><img decoding=\"async\" class=\"wpmf_img\" alt=\"India 1\" src=\"https:\/\/www.carmelitaniscalzi.com\/wp-content\/uploads\/2026\/02\/India-1-150x150.jpg\" data-type=\"wpmfgalleryimg\" data-lazy-src=\"https:\/\/www.carmelitaniscalzi.com\/wp-content\/uploads\/2026\/02\/India-1-150x150.jpg\"><\/a><\/div><\/div><div class=\"wpmf-gallery-item\n     wpmf-gallery-item-position-1 wpmf-gallery-item-attachment-560062\" data-index=\"1\"><div class=\"wpmf-gallery-icon\"><a class=\" not_video noLightbox\" data-lightbox=\"1\" data-href=\"https:\/\/www.carmelitaniscalzi.com\/wp-content\/uploads\/2026\/02\/India-2.jpg\" title=\"India 2\" target=\"_self\" data-index=\"1\"><img decoding=\"async\" class=\"wpmf_img\" alt=\"India 2\" src=\"https:\/\/www.carmelitaniscalzi.com\/wp-content\/uploads\/2026\/02\/India-2-150x150.jpg\" data-type=\"wpmfgalleryimg\" data-lazy-src=\"https:\/\/www.carmelitaniscalzi.com\/wp-content\/uploads\/2026\/02\/India-2-150x150.jpg\"><\/a><\/div><\/div><div class=\"wpmf-gallery-item\n     wpmf-gallery-item-position-2 wpmf-gallery-item-attachment-560068\" data-index=\"2\"><div class=\"wpmf-gallery-icon\"><a class=\" not_video noLightbox\" data-lightbox=\"1\" data-href=\"https:\/\/www.carmelitaniscalzi.com\/wp-content\/uploads\/2026\/02\/India-3.jpg\" title=\"India 3\" target=\"_self\" data-index=\"2\"><img decoding=\"async\" class=\"wpmf_img\" alt=\"India 3\" src=\"https:\/\/www.carmelitaniscalzi.com\/wp-content\/uploads\/2026\/02\/India-3-150x150.jpg\" data-type=\"wpmfgalleryimg\" data-lazy-src=\"https:\/\/www.carmelitaniscalzi.com\/wp-content\/uploads\/2026\/02\/India-3-150x150.jpg\"><\/a><\/div><\/div><div class=\"wpmf-gallery-item\n     wpmf-gallery-item-position-3 wpmf-gallery-item-attachment-560074\" data-index=\"3\"><div class=\"wpmf-gallery-icon\"><a class=\" not_video noLightbox\" data-lightbox=\"1\" data-href=\"https:\/\/www.carmelitaniscalzi.com\/wp-content\/uploads\/2026\/02\/India-4.jpg\" title=\"India 4\" target=\"_self\" data-index=\"3\"><img decoding=\"async\" class=\"wpmf_img\" alt=\"India 4\" src=\"https:\/\/www.carmelitaniscalzi.com\/wp-content\/uploads\/2026\/02\/India-4-150x150.jpg\" data-type=\"wpmfgalleryimg\" data-lazy-src=\"https:\/\/www.carmelitaniscalzi.com\/wp-content\/uploads\/2026\/02\/India-4-150x150.jpg\"><\/a><\/div><\/div><\/div><\/div>\n\n","protected":false},"excerpt":{"rendered":"<p>El Santuario del Ni\u00f1o Jes\u00fas, en Bikarnakatte, celebr\u00f3 un importante hito espiritual el domingo 11 de enero, al conmemorar el 30\u00ba aniversario de su consagraci\u00f3n, coincidiendo con el s\u00e9ptimo d\u00eda de la novena preparatoria para la fiesta anual del Ni\u00f1o Jes\u00fas. Las celebraciones de esta jornada tuvieron como lema \u00abHar\u00e9 brotar manantiales en el desierto\u00bb, [&hellip;]<\/p>\n","protected":false},"author":7,"featured_media":560050,"comment_status":"closed","ping_status":"closed","sticky":false,"template":"","format":"standard","meta":{"_acf_changed":false,"footnotes":""},"categories":[174,372],"tags":[],"class_list":["post-560360","post","type-post","status-publish","format-standard","has-post-thumbnail","hentry","category-noticias-frailes","category-noticias"],"acf":[],"yoast_head":"<!-- This site is optimized with the Yoast SEO plugin v26.3 - https:\/\/yoast.com\/wordpress\/plugins\/seo\/ -->\n<title>India: el Santuario del Ni\u00f1o Jes\u00fas conmemora los 30 a\u00f1os de su consagraci\u00f3n - CARMELITAS DESCALZOS<\/title>\n<meta name=\"robots\" content=\"index, follow, max-snippet:-1, max-image-preview:large, max-video-preview:-1\" \/>\n<link rel=\"canonical\" href=\"https:\/\/www.carmelitaniscalzi.com\/es\/2026\/02\/23\/india-el-santuario-del-nino-jesus-conmemora-los-30-anos-de-su-consagracion\/\" \/>\n<meta property=\"og:locale\" content=\"es_ES\" \/>\n<meta property=\"og:type\" content=\"article\" \/>\n<meta property=\"og:title\" content=\"India: el Santuario del Ni\u00f1o Jes\u00fas conmemora los 30 a\u00f1os de su consagraci\u00f3n - CARMELITAS DESCALZOS\" \/>\n<meta property=\"og:description\" content=\"El Santuario del Ni\u00f1o Jes\u00fas, en Bikarnakatte, celebr\u00f3 un importante hito espiritual el domingo 11 de enero, al conmemorar el 30\u00ba aniversario de su consagraci\u00f3n, coincidiendo con el s\u00e9ptimo d\u00eda de la novena preparatoria para la fiesta anual del Ni\u00f1o Jes\u00fas. Las celebraciones de esta jornada tuvieron como lema \u00abHar\u00e9 brotar manantiales en el desierto\u00bb, [&hellip;]\" \/>\n<meta property=\"og:url\" content=\"https:\/\/www.carmelitaniscalzi.com\/es\/2026\/02\/23\/india-el-santuario-del-nino-jesus-conmemora-los-30-anos-de-su-consagracion\/\" \/>\n<meta property=\"og:site_name\" content=\"CARMELITAS DESCALZOS\" \/>\n<meta property=\"article:publisher\" content=\"https:\/\/www.facebook.com\/Curia-Generalizia-Carmelitani-Scalzi-658766940887784\/\" \/>\n<meta property=\"article:published_time\" content=\"2026-02-23T01:16:19+00:00\" \/>\n<meta property=\"og:image\" content=\"https:\/\/www.carmelitaniscalzi.com\/wp-content\/uploads\/2026\/02\/cover_india_01.2026.jpg\" \/>\n\t<meta property=\"og:image:width\" content=\"1200\" \/>\n\t<meta property=\"og:image:height\" content=\"800\" \/>\n\t<meta property=\"og:image:type\" content=\"image\/jpeg\" \/>\n<meta name=\"author\" content=\"ocd web master\" \/>\n<meta name=\"twitter:card\" content=\"summary_large_image\" \/>\n<meta name=\"twitter:creator\" content=\"@ocdcuria\" \/>\n<meta name=\"twitter:site\" content=\"@ocdcuria\" \/>\n<meta name=\"twitter:label1\" content=\"Escrito por\" \/>\n\t<meta name=\"twitter:data1\" content=\"ocd web master\" \/>\n\t<meta name=\"twitter:label2\" content=\"Tiempo de lectura\" \/>\n\t<meta name=\"twitter:data2\" content=\"1 minuto\" \/>\n<script type=\"application\/ld+json\" class=\"yoast-schema-graph\">{\"@context\":\"https:\/\/schema.org\",\"@graph\":[{\"@type\":\"Article\",\"@id\":\"https:\/\/www.carmelitaniscalzi.com\/es\/2026\/02\/23\/india-el-santuario-del-nino-jesus-conmemora-los-30-anos-de-su-consagracion\/#article\",\"isPartOf\":{\"@id\":\"https:\/\/www.carmelitaniscalzi.com\/es\/2026\/02\/23\/india-el-santuario-del-nino-jesus-conmemora-los-30-anos-de-su-consagracion\/\"},\"author\":{\"name\":\"ocd web master\",\"@id\":\"https:\/\/www.carmelitaniscalzi.com\/#\/schema\/person\/6d1c0d9bea7b6625c437246a5d6da409\"},\"headline\":\"India: el Santuario del Ni\u00f1o Jes\u00fas conmemora los 30 a\u00f1os de su consagraci\u00f3n\",\"datePublished\":\"2026-02-23T01:16:19+00:00\",\"mainEntityOfPage\":{\"@id\":\"https:\/\/www.carmelitaniscalzi.com\/es\/2026\/02\/23\/india-el-santuario-del-nino-jesus-conmemora-los-30-anos-de-su-consagracion\/\"},\"wordCount\":222,\"publisher\":{\"@id\":\"https:\/\/www.carmelitaniscalzi.com\/#organization\"},\"image\":{\"@id\":\"https:\/\/www.carmelitaniscalzi.com\/es\/2026\/02\/23\/india-el-santuario-del-nino-jesus-conmemora-los-30-anos-de-su-consagracion\/#primaryimage\"},\"thumbnailUrl\":\"https:\/\/www.carmelitaniscalzi.com\/wp-content\/uploads\/2026\/02\/cover_india_01.2026.jpg\",\"articleSection\":[\"Noticias Frailes\",\"Noticias\"],\"inLanguage\":\"es\"},{\"@type\":\"WebPage\",\"@id\":\"https:\/\/www.carmelitaniscalzi.com\/es\/2026\/02\/23\/india-el-santuario-del-nino-jesus-conmemora-los-30-anos-de-su-consagracion\/\",\"url\":\"https:\/\/www.carmelitaniscalzi.com\/es\/2026\/02\/23\/india-el-santuario-del-nino-jesus-conmemora-los-30-anos-de-su-consagracion\/\",\"name\":\"India: el Santuario del Ni\u00f1o Jes\u00fas conmemora los 30 a\u00f1os de su consagraci\u00f3n - CARMELITAS DESCALZOS\",\"isPartOf\":{\"@id\":\"https:\/\/www.carmelitaniscalzi.com\/#website\"},\"primaryImageOfPage\":{\"@id\":\"https:\/\/www.carmelitaniscalzi.com\/es\/2026\/02\/23\/india-el-santuario-del-nino-jesus-conmemora-los-30-anos-de-su-consagracion\/#primaryimage\"},\"image\":{\"@id\":\"https:\/\/www.carmelitaniscalzi.com\/es\/2026\/02\/23\/india-el-santuario-del-nino-jesus-conmemora-los-30-anos-de-su-consagracion\/#primaryimage\"},\"thumbnailUrl\":\"https:\/\/www.carmelitaniscalzi.com\/wp-content\/uploads\/2026\/02\/cover_india_01.2026.jpg\",\"datePublished\":\"2026-02-23T01:16:19+00:00\",\"breadcrumb\":{\"@id\":\"https:\/\/www.carmelitaniscalzi.com\/es\/2026\/02\/23\/india-el-santuario-del-nino-jesus-conmemora-los-30-anos-de-su-consagracion\/#breadcrumb\"},\"inLanguage\":\"es\",\"potentialAction\":[{\"@type\":\"ReadAction\",\"target\":[\"https:\/\/www.carmelitaniscalzi.com\/es\/2026\/02\/23\/india-el-santuario-del-nino-jesus-conmemora-los-30-anos-de-su-consagracion\/\"]}]},{\"@type\":\"ImageObject\",\"inLanguage\":\"es\",\"@id\":\"https:\/\/www.carmelitaniscalzi.com\/es\/2026\/02\/23\/india-el-santuario-del-nino-jesus-conmemora-los-30-anos-de-su-consagracion\/#primaryimage\",\"url\":\"https:\/\/www.carmelitaniscalzi.com\/wp-content\/uploads\/2026\/02\/cover_india_01.2026.jpg\",\"contentUrl\":\"https:\/\/www.carmelitaniscalzi.com\/wp-content\/uploads\/2026\/02\/cover_india_01.2026.jpg\",\"width\":1200,\"height\":800},{\"@type\":\"BreadcrumbList\",\"@id\":\"https:\/\/www.carmelitaniscalzi.com\/es\/2026\/02\/23\/india-el-santuario-del-nino-jesus-conmemora-los-30-anos-de-su-consagracion\/#breadcrumb\",\"itemListElement\":[{\"@type\":\"ListItem\",\"position\":1,\"name\":\"Home\",\"item\":\"https:\/\/www.carmelitaniscalzi.com\/es\/\"},{\"@type\":\"ListItem\",\"position\":2,\"name\":\"India: el Santuario del Ni\u00f1o Jes\u00fas conmemora los 30 a\u00f1os de su consagraci\u00f3n\"}]},{\"@type\":\"WebSite\",\"@id\":\"https:\/\/www.carmelitaniscalzi.com\/#website\",\"url\":\"https:\/\/www.carmelitaniscalzi.com\/\",\"name\":\"CARMELITANI SCALZI - Curia Generale del Carmelo Teresiano\",\"description\":\"Curia General del Carmelo Teresiano\",\"publisher\":{\"@id\":\"https:\/\/www.carmelitaniscalzi.com\/#organization\"},\"alternateName\":\"CARMELITANI SCALZI\",\"potentialAction\":[{\"@type\":\"SearchAction\",\"target\":{\"@type\":\"EntryPoint\",\"urlTemplate\":\"https:\/\/www.carmelitaniscalzi.com\/?s={search_term_string}\"},\"query-input\":{\"@type\":\"PropertyValueSpecification\",\"valueRequired\":true,\"valueName\":\"search_term_string\"}}],\"inLanguage\":\"es\"},{\"@type\":\"Organization\",\"@id\":\"https:\/\/www.carmelitaniscalzi.com\/#organization\",\"name\":\"CARMELITANI SCALZI - Curia Generale del Carmelo Teresiano\",\"url\":\"https:\/\/www.carmelitaniscalzi.com\/\",\"logo\":{\"@type\":\"ImageObject\",\"inLanguage\":\"es\",\"@id\":\"https:\/\/www.carmelitaniscalzi.com\/#\/schema\/logo\/image\/\",\"url\":\"https:\/\/www.carmelitaniscalzi.com\/wp-content\/uploads\/2025\/11\/login-logo.png\",\"contentUrl\":\"https:\/\/www.carmelitaniscalzi.com\/wp-content\/uploads\/2025\/11\/login-logo.png\",\"width\":256,\"height\":256,\"caption\":\"CARMELITANI SCALZI - Curia Generale del Carmelo Teresiano\"},\"image\":{\"@id\":\"https:\/\/www.carmelitaniscalzi.com\/#\/schema\/logo\/image\/\"},\"sameAs\":[\"https:\/\/www.facebook.com\/Curia-Generalizia-Carmelitani-Scalzi-658766940887784\/\",\"https:\/\/x.com\/ocdcuria\",\"https:\/\/www.youtube.com\/channel\/UC2J5ZL0ycOY0qBSTCLX_NGQ\/videos\",\"https:\/\/www.instagram.com\/ocdinform\/\"]},{\"@type\":\"Person\",\"@id\":\"https:\/\/www.carmelitaniscalzi.com\/#\/schema\/person\/6d1c0d9bea7b6625c437246a5d6da409\",\"name\":\"ocd web master\",\"image\":{\"@type\":\"ImageObject\",\"inLanguage\":\"es\",\"@id\":\"https:\/\/www.carmelitaniscalzi.com\/#\/schema\/person\/image\/\",\"url\":\"https:\/\/secure.gravatar.com\/avatar\/41fbc5f82bad909fbaf2984c43fa50d8519ac5853e25b454d022b6868f80d0e7?s=96&d=mm&r=g\",\"contentUrl\":\"https:\/\/secure.gravatar.com\/avatar\/41fbc5f82bad909fbaf2984c43fa50d8519ac5853e25b454d022b6868f80d0e7?s=96&d=mm&r=g\",\"caption\":\"ocd web master\"},\"url\":\"https:\/\/www.carmelitaniscalzi.com\/es\/author\/ocdwebmaster\/\"}]}<\/script>\n<!-- \/ Yoast SEO plugin. -->","yoast_head_json":{"title":"India: el Santuario del Ni\u00f1o Jes\u00fas conmemora los 30 a\u00f1os de su consagraci\u00f3n - CARMELITAS DESCALZOS","robots":{"index":"index","follow":"follow","max-snippet":"max-snippet:-1","max-image-preview":"max-image-preview:large","max-video-preview":"max-video-preview:-1"},"canonical":"https:\/\/www.carmelitaniscalzi.com\/es\/2026\/02\/23\/india-el-santuario-del-nino-jesus-conmemora-los-30-anos-de-su-consagracion\/","og_locale":"es_ES","og_type":"article","og_title":"India: el Santuario del Ni\u00f1o Jes\u00fas conmemora los 30 a\u00f1os de su consagraci\u00f3n - CARMELITAS DESCALZOS","og_description":"El Santuario del Ni\u00f1o Jes\u00fas, en Bikarnakatte, celebr\u00f3 un importante hito espiritual el domingo 11 de enero, al conmemorar el 30\u00ba aniversario de su consagraci\u00f3n, coincidiendo con el s\u00e9ptimo d\u00eda de la novena preparatoria para la fiesta anual del Ni\u00f1o Jes\u00fas. Las celebraciones de esta jornada tuvieron como lema \u00abHar\u00e9 brotar manantiales en el desierto\u00bb, [&hellip;]","og_url":"https:\/\/www.carmelitaniscalzi.com\/es\/2026\/02\/23\/india-el-santuario-del-nino-jesus-conmemora-los-30-anos-de-su-consagracion\/","og_site_name":"CARMELITAS DESCALZOS","article_publisher":"https:\/\/www.facebook.com\/Curia-Generalizia-Carmelitani-Scalzi-658766940887784\/","article_published_time":"2026-02-23T01:16:19+00:00","og_image":[{"width":1200,"height":800,"url":"https:\/\/www.carmelitaniscalzi.com\/wp-content\/uploads\/2026\/02\/cover_india_01.2026.jpg","type":"image\/jpeg"}],"author":"ocd web master","twitter_card":"summary_large_image","twitter_creator":"@ocdcuria","twitter_site":"@ocdcuria","twitter_misc":{"Escrito por":"ocd web master","Tiempo de lectura":"1 minuto"},"schema":{"@context":"https:\/\/schema.org","@graph":[{"@type":"Article","@id":"https:\/\/www.carmelitaniscalzi.com\/es\/2026\/02\/23\/india-el-santuario-del-nino-jesus-conmemora-los-30-anos-de-su-consagracion\/#article","isPartOf":{"@id":"https:\/\/www.carmelitaniscalzi.com\/es\/2026\/02\/23\/india-el-santuario-del-nino-jesus-conmemora-los-30-anos-de-su-consagracion\/"},"author":{"name":"ocd web master","@id":"https:\/\/www.carmelitaniscalzi.com\/#\/schema\/person\/6d1c0d9bea7b6625c437246a5d6da409"},"headline":"India: el Santuario del Ni\u00f1o Jes\u00fas conmemora los 30 a\u00f1os de su consagraci\u00f3n","datePublished":"2026-02-23T01:16:19+00:00","mainEntityOfPage":{"@id":"https:\/\/www.carmelitaniscalzi.com\/es\/2026\/02\/23\/india-el-santuario-del-nino-jesus-conmemora-los-30-anos-de-su-consagracion\/"},"wordCount":222,"publisher":{"@id":"https:\/\/www.carmelitaniscalzi.com\/#organization"},"image":{"@id":"https:\/\/www.carmelitaniscalzi.com\/es\/2026\/02\/23\/india-el-santuario-del-nino-jesus-conmemora-los-30-anos-de-su-consagracion\/#primaryimage"},"thumbnailUrl":"https:\/\/www.carmelitaniscalzi.com\/wp-content\/uploads\/2026\/02\/cover_india_01.2026.jpg","articleSection":["Noticias Frailes","Noticias"],"inLanguage":"es"},{"@type":"WebPage","@id":"https:\/\/www.carmelitaniscalzi.com\/es\/2026\/02\/23\/india-el-santuario-del-nino-jesus-conmemora-los-30-anos-de-su-consagracion\/","url":"https:\/\/www.carmelitaniscalzi.com\/es\/2026\/02\/23\/india-el-santuario-del-nino-jesus-conmemora-los-30-anos-de-su-consagracion\/","name":"India: el Santuario del Ni\u00f1o Jes\u00fas conmemora los 30 a\u00f1os de su consagraci\u00f3n - CARMELITAS DESCALZOS","isPartOf":{"@id":"https:\/\/www.carmelitaniscalzi.com\/#website"},"primaryImageOfPage":{"@id":"https:\/\/www.carmelitaniscalzi.com\/es\/2026\/02\/23\/india-el-santuario-del-nino-jesus-conmemora-los-30-anos-de-su-consagracion\/#primaryimage"},"image":{"@id":"https:\/\/www.carmelitaniscalzi.com\/es\/2026\/02\/23\/india-el-santuario-del-nino-jesus-conmemora-los-30-anos-de-su-consagracion\/#primaryimage"},"thumbnailUrl":"https:\/\/www.carmelitaniscalzi.com\/wp-content\/uploads\/2026\/02\/cover_india_01.2026.jpg","datePublished":"2026-02-23T01:16:19+00:00","breadcrumb":{"@id":"https:\/\/www.carmelitaniscalzi.com\/es\/2026\/02\/23\/india-el-santuario-del-nino-jesus-conmemora-los-30-anos-de-su-consagracion\/#breadcrumb"},"inLanguage":"es","potentialAction":[{"@type":"ReadAction","target":["https:\/\/www.carmelitaniscalzi.com\/es\/2026\/02\/23\/india-el-santuario-del-nino-jesus-conmemora-los-30-anos-de-su-consagracion\/"]}]},{"@type":"ImageObject","inLanguage":"es","@id":"https:\/\/www.carmelitaniscalzi.com\/es\/2026\/02\/23\/india-el-santuario-del-nino-jesus-conmemora-los-30-anos-de-su-consagracion\/#primaryimage","url":"https:\/\/www.carmelitaniscalzi.com\/wp-content\/uploads\/2026\/02\/cover_india_01.2026.jpg","contentUrl":"https:\/\/www.carmelitaniscalzi.com\/wp-content\/uploads\/2026\/02\/cover_india_01.2026.jpg","width":1200,"height":800},{"@type":"BreadcrumbList","@id":"https:\/\/www.carmelitaniscalzi.com\/es\/2026\/02\/23\/india-el-santuario-del-nino-jesus-conmemora-los-30-anos-de-su-consagracion\/#breadcrumb","itemListElement":[{"@type":"ListItem","position":1,"name":"Home","item":"https:\/\/www.carmelitaniscalzi.com\/es\/"},{"@type":"ListItem","position":2,"name":"India: el Santuario del Ni\u00f1o Jes\u00fas conmemora los 30 a\u00f1os de su consagraci\u00f3n"}]},{"@type":"WebSite","@id":"https:\/\/www.carmelitaniscalzi.com\/#website","url":"https:\/\/www.carmelitaniscalzi.com\/","name":"CARMELITANI SCALZI - Curia Generale del Carmelo Teresiano","description":"Curia General del Carmelo Teresiano","publisher":{"@id":"https:\/\/www.carmelitaniscalzi.com\/#organization"},"alternateName":"CARMELITANI SCALZI","potentialAction":[{"@type":"SearchAction","target":{"@type":"EntryPoint","urlTemplate":"https:\/\/www.carmelitaniscalzi.com\/?s={search_term_string}"},"query-input":{"@type":"PropertyValueSpecification","valueRequired":true,"valueName":"search_term_string"}}],"inLanguage":"es"},{"@type":"Organization","@id":"https:\/\/www.carmelitaniscalzi.com\/#organization","name":"CARMELITANI SCALZI - Curia Generale del Carmelo Teresiano","url":"https:\/\/www.carmelitaniscalzi.com\/","logo":{"@type":"ImageObject","inLanguage":"es","@id":"https:\/\/www.carmelitaniscalzi.com\/#\/schema\/logo\/image\/","url":"https:\/\/www.carmelitaniscalzi.com\/wp-content\/uploads\/2025\/11\/login-logo.png","contentUrl":"https:\/\/www.carmelitaniscalzi.com\/wp-content\/uploads\/2025\/11\/login-logo.png","width":256,"height":256,"caption":"CARMELITANI SCALZI - Curia Generale del Carmelo Teresiano"},"image":{"@id":"https:\/\/www.carmelitaniscalzi.com\/#\/schema\/logo\/image\/"},"sameAs":["https:\/\/www.facebook.com\/Curia-Generalizia-Carmelitani-Scalzi-658766940887784\/","https:\/\/x.com\/ocdcuria","https:\/\/www.youtube.com\/channel\/UC2J5ZL0ycOY0qBSTCLX_NGQ\/videos","https:\/\/www.instagram.com\/ocdinform\/"]},{"@type":"Person","@id":"https:\/\/www.carmelitaniscalzi.com\/#\/schema\/person\/6d1c0d9bea7b6625c437246a5d6da409","name":"ocd web master","image":{"@type":"ImageObject","inLanguage":"es","@id":"https:\/\/www.carmelitaniscalzi.com\/#\/schema\/person\/image\/","url":"https:\/\/secure.gravatar.com\/avatar\/41fbc5f82bad909fbaf2984c43fa50d8519ac5853e25b454d022b6868f80d0e7?s=96&d=mm&r=g","contentUrl":"https:\/\/secure.gravatar.com\/avatar\/41fbc5f82bad909fbaf2984c43fa50d8519ac5853e25b454d022b6868f80d0e7?s=96&d=mm&r=g","caption":"ocd web master"},"url":"https:\/\/www.carmelitaniscalzi.com\/es\/author\/ocdwebmaster\/"}]}},"_links":{"self":[{"href":"https:\/\/www.carmelitaniscalzi.com\/es\/wp-json\/wp\/v2\/posts\/560360","targetHints":{"allow":["GET"]}}],"collection":[{"href":"https:\/\/www.carmelitaniscalzi.com\/es\/wp-json\/wp\/v2\/posts"}],"about":[{"href":"https:\/\/www.carmelitaniscalzi.com\/es\/wp-json\/wp\/v2\/types\/post"}],"author":[{"embeddable":true,"href":"https:\/\/www.carmelitaniscalzi.com\/es\/wp-json\/wp\/v2\/users\/7"}],"replies":[{"embeddable":true,"href":"https:\/\/www.carmelitaniscalzi.com\/es\/wp-json\/wp\/v2\/comments?post=560360"}],"version-history":[{"count":1,"href":"https:\/\/www.carmelitaniscalzi.com\/es\/wp-json\/wp\/v2\/posts\/560360\/revisions"}],"predecessor-version":[{"id":560361,"href":"https:\/\/www.carmelitaniscalzi.com\/es\/wp-json\/wp\/v2\/posts\/560360\/revisions\/560361"}],"wp:featuredmedia":[{"embeddable":true,"href":"https:\/\/www.carmelitaniscalzi.com\/es\/wp-json\/wp\/v2\/media\/560050"}],"wp:attachment":[{"href":"https:\/\/www.carmelitaniscalzi.com\/es\/wp-json\/wp\/v2\/media?parent=560360"}],"wp:term":[{"taxonomy":"category","embeddable":true,"href":"https:\/\/www.carmelitaniscalzi.com\/es\/wp-json\/wp\/v2\/categories?post=560360"},{"taxonomy":"post_tag","embeddable":true,"href":"https:\/\/www.carmelitaniscalzi.com\/es\/wp-json\/wp\/v2\/tags?post=560360"}],"curies":[{"name":"wp","href":"https:\/\/api.w.org\/{rel}","templated":true}]}}