{"id":560348,"date":"2026-02-20T02:07:00","date_gmt":"2026-02-20T01:07:00","guid":{"rendered":"https:\/\/www.carmelitaniscalzi.com\/?p=560348"},"modified":"2026-02-23T02:07:37","modified_gmt":"2026-02-23T01:07:37","slug":"tanzania-celebraciones-en-la-mision-nuestra-senora-del-monte-carmelo-de-vikonje","status":"publish","type":"post","link":"https:\/\/www.carmelitaniscalzi.com\/es\/2026\/02\/20\/tanzania-celebraciones-en-la-mision-nuestra-senora-del-monte-carmelo-de-vikonje\/","title":{"rendered":"Tanzania: celebraciones en la misi\u00f3n Nuestra Se\u00f1ora del Monte Carmelo de Vikonje"},"content":{"rendered":"<p>El domingo 28 de diciembre de 2025 fue una jornada hist\u00f3rica para la misi\u00f3n Nuestra Se\u00f1ora del Monte Carmelo de Vikonje, confiada al cuidado de los frailes Carmelitas Descalzos de Tanzania.<\/p>\n<p>Ese d\u00eda, la comunidad celebr\u00f3 los primeros bautismos en la nueva iglesia. Durante la celebraci\u00f3n, 28 ni\u00f1os recibieron el sacramento del bautismo. La fiesta coincidi\u00f3 adem\u00e1s con el D\u00eda de la Familia y el D\u00eda de los Ni\u00f1os, lo que permiti\u00f3 subrayar la importancia de la vida familiar cristiana.<\/p>\n<p>La jornada marc\u00f3 tambi\u00e9n el primer aniversario de la entrega de la iglesia a los frailes carmelitas y la apertura del a\u00f1o jubilar de san Juan de la Cruz.<\/p>\n<p>Tras la misa, se organiz\u00f3 una comida fraterna, compartida con todos los fieles, que favoreci\u00f3 la alegr\u00eda y la unidad en el seno de la comunidad.<\/p>\n<p>&nbsp;<\/p>\n<div class=\"wpmf-gallerys wpmf-gallerys-life \" ><div id=\"gallery-1\"\n data-gutter-width=\"5\"\n  data-wpmfcolumns=\"4\" class=\"wpmf-gallery gallery-link-file gallery_life gallery-masonry gallery-columns-4 gallery-size-thumbnail wpmf-gallery-bottomspace-default wpmf-gallery-clear wpmf-has-border-radius-0 wpmf-gutterwidth-5\"><div class=\"wpmf-gallery-item\n     wpmf-gallery-item-position-0 wpmf-gallery-item-attachment-560026\" data-index=\"0\"><div class=\"wpmf-gallery-icon\"><a class=\" not_video noLightbox\" data-lightbox=\"1\" data-href=\"https:\/\/www.carmelitaniscalzi.com\/wp-content\/uploads\/2026\/02\/Tanzania-1-861x1024.jpg\" title=\"Tanzania 1\" target=\"_self\" data-index=\"0\"><img decoding=\"async\" class=\"wpmf_img\" alt=\"Tanzania 1\" src=\"https:\/\/www.carmelitaniscalzi.com\/wp-content\/uploads\/2026\/02\/Tanzania-1-150x150.jpg\" data-type=\"wpmfgalleryimg\" data-lazy-src=\"https:\/\/www.carmelitaniscalzi.com\/wp-content\/uploads\/2026\/02\/Tanzania-1-150x150.jpg\"><\/a><\/div><\/div><div class=\"wpmf-gallery-item\n     wpmf-gallery-item-position-1 wpmf-gallery-item-attachment-560032\" data-index=\"1\"><div class=\"wpmf-gallery-icon\"><a class=\" not_video noLightbox\" data-lightbox=\"1\" data-href=\"https:\/\/www.carmelitaniscalzi.com\/wp-content\/uploads\/2026\/02\/Tanzania-2.jpg\" title=\"Tanzania 2\" target=\"_self\" data-index=\"1\"><img decoding=\"async\" class=\"wpmf_img\" alt=\"Tanzania 2\" src=\"https:\/\/www.carmelitaniscalzi.com\/wp-content\/uploads\/2026\/02\/Tanzania-2-150x150.jpg\" data-type=\"wpmfgalleryimg\" data-lazy-src=\"https:\/\/www.carmelitaniscalzi.com\/wp-content\/uploads\/2026\/02\/Tanzania-2-150x150.jpg\"><\/a><\/div><\/div><div class=\"wpmf-gallery-item\n     wpmf-gallery-item-position-2 wpmf-gallery-item-attachment-560038\" data-index=\"2\"><div class=\"wpmf-gallery-icon\"><a class=\" not_video noLightbox\" data-lightbox=\"1\" data-href=\"https:\/\/www.carmelitaniscalzi.com\/wp-content\/uploads\/2026\/02\/Tanzania-3-830x1024.jpg\" title=\"Tanzania 3\" target=\"_self\" data-index=\"2\"><img decoding=\"async\" class=\"wpmf_img\" alt=\"Tanzania 3\" src=\"https:\/\/www.carmelitaniscalzi.com\/wp-content\/uploads\/2026\/02\/Tanzania-3-150x150.jpg\" data-type=\"wpmfgalleryimg\" data-lazy-src=\"https:\/\/www.carmelitaniscalzi.com\/wp-content\/uploads\/2026\/02\/Tanzania-3-150x150.jpg\"><\/a><\/div><\/div><div class=\"wpmf-gallery-item\n     wpmf-gallery-item-position-3 wpmf-gallery-item-attachment-560044\" data-index=\"3\"><div class=\"wpmf-gallery-icon\"><a class=\" not_video noLightbox\" data-lightbox=\"1\" data-href=\"https:\/\/www.carmelitaniscalzi.com\/wp-content\/uploads\/2026\/02\/Tanzania-4-1024x576.jpg\" title=\"Tanzania 4\" target=\"_self\" data-index=\"3\"><img decoding=\"async\" class=\"wpmf_img\" alt=\"Tanzania 4\" src=\"https:\/\/www.carmelitaniscalzi.com\/wp-content\/uploads\/2026\/02\/Tanzania-4-150x150.jpg\" data-type=\"wpmfgalleryimg\" data-lazy-src=\"https:\/\/www.carmelitaniscalzi.com\/wp-content\/uploads\/2026\/02\/Tanzania-4-150x150.jpg\"><\/a><\/div><\/div><\/div><\/div>\n\n","protected":false},"excerpt":{"rendered":"<p>El domingo 28 de diciembre de 2025 fue una jornada hist\u00f3rica para la misi\u00f3n Nuestra Se\u00f1ora del Monte Carmelo de Vikonje, confiada al cuidado de los frailes Carmelitas Descalzos de Tanzania. Ese d\u00eda, la comunidad celebr\u00f3 los primeros bautismos en la nueva iglesia. Durante la celebraci\u00f3n, 28 ni\u00f1os recibieron el sacramento del bautismo. La fiesta [&hellip;]<\/p>\n","protected":false},"author":7,"featured_media":560020,"comment_status":"closed","ping_status":"closed","sticky":false,"template":"","format":"standard","meta":{"_acf_changed":false,"footnotes":""},"categories":[174,175,372],"tags":[],"class_list":["post-560348","post","type-post","status-publish","format-standard","has-post-thumbnail","hentry","category-noticias-frailes","category-noticias-misiones","category-noticias"],"acf":[],"yoast_head":"<!-- This site is optimized with the Yoast SEO plugin v26.3 - https:\/\/yoast.com\/wordpress\/plugins\/seo\/ -->\n<title>Tanzania: celebraciones en la misi\u00f3n Nuestra Se\u00f1ora del Monte Carmelo de Vikonje - CARMELITAS DESCALZOS<\/title>\n<meta name=\"robots\" content=\"index, follow, max-snippet:-1, max-image-preview:large, max-video-preview:-1\" \/>\n<link rel=\"canonical\" href=\"https:\/\/www.carmelitaniscalzi.com\/es\/2026\/02\/20\/tanzania-celebraciones-en-la-mision-nuestra-senora-del-monte-carmelo-de-vikonje\/\" \/>\n<meta property=\"og:locale\" content=\"es_ES\" \/>\n<meta property=\"og:type\" content=\"article\" \/>\n<meta property=\"og:title\" content=\"Tanzania: celebraciones en la misi\u00f3n Nuestra Se\u00f1ora del Monte Carmelo de Vikonje - CARMELITAS DESCALZOS\" \/>\n<meta property=\"og:description\" content=\"El domingo 28 de diciembre de 2025 fue una jornada hist\u00f3rica para la misi\u00f3n Nuestra Se\u00f1ora del Monte Carmelo de Vikonje, confiada al cuidado de los frailes Carmelitas Descalzos de Tanzania. Ese d\u00eda, la comunidad celebr\u00f3 los primeros bautismos en la nueva iglesia. Durante la celebraci\u00f3n, 28 ni\u00f1os recibieron el sacramento del bautismo. La fiesta [&hellip;]\" \/>\n<meta property=\"og:url\" content=\"https:\/\/www.carmelitaniscalzi.com\/es\/2026\/02\/20\/tanzania-celebraciones-en-la-mision-nuestra-senora-del-monte-carmelo-de-vikonje\/\" \/>\n<meta property=\"og:site_name\" content=\"CARMELITAS DESCALZOS\" \/>\n<meta property=\"article:publisher\" content=\"https:\/\/www.facebook.com\/Curia-Generalizia-Carmelitani-Scalzi-658766940887784\/\" \/>\n<meta property=\"article:published_time\" content=\"2026-02-20T01:07:00+00:00\" \/>\n<meta property=\"article:modified_time\" content=\"2026-02-23T01:07:37+00:00\" \/>\n<meta property=\"og:image\" content=\"https:\/\/www.carmelitaniscalzi.com\/wp-content\/uploads\/2026\/02\/cover_tanzania_01.2026.jpg\" \/>\n\t<meta property=\"og:image:width\" content=\"1200\" \/>\n\t<meta property=\"og:image:height\" content=\"800\" \/>\n\t<meta property=\"og:image:type\" content=\"image\/jpeg\" \/>\n<meta name=\"author\" content=\"ocd web master\" \/>\n<meta name=\"twitter:card\" content=\"summary_large_image\" \/>\n<meta name=\"twitter:creator\" content=\"@ocdcuria\" \/>\n<meta name=\"twitter:site\" content=\"@ocdcuria\" \/>\n<meta name=\"twitter:label1\" content=\"Escrito por\" \/>\n\t<meta name=\"twitter:data1\" content=\"ocd web master\" \/>\n\t<meta name=\"twitter:label2\" content=\"Tiempo de lectura\" \/>\n\t<meta name=\"twitter:data2\" content=\"1 minuto\" \/>\n<script type=\"application\/ld+json\" class=\"yoast-schema-graph\">{\"@context\":\"https:\/\/schema.org\",\"@graph\":[{\"@type\":\"Article\",\"@id\":\"https:\/\/www.carmelitaniscalzi.com\/es\/2026\/02\/20\/tanzania-celebraciones-en-la-mision-nuestra-senora-del-monte-carmelo-de-vikonje\/#article\",\"isPartOf\":{\"@id\":\"https:\/\/www.carmelitaniscalzi.com\/es\/2026\/02\/20\/tanzania-celebraciones-en-la-mision-nuestra-senora-del-monte-carmelo-de-vikonje\/\"},\"author\":{\"name\":\"ocd web master\",\"@id\":\"https:\/\/www.carmelitaniscalzi.com\/#\/schema\/person\/6d1c0d9bea7b6625c437246a5d6da409\"},\"headline\":\"Tanzania: celebraciones en la misi\u00f3n Nuestra Se\u00f1ora del Monte Carmelo de Vikonje\",\"datePublished\":\"2026-02-20T01:07:00+00:00\",\"dateModified\":\"2026-02-23T01:07:37+00:00\",\"mainEntityOfPage\":{\"@id\":\"https:\/\/www.carmelitaniscalzi.com\/es\/2026\/02\/20\/tanzania-celebraciones-en-la-mision-nuestra-senora-del-monte-carmelo-de-vikonje\/\"},\"wordCount\":170,\"publisher\":{\"@id\":\"https:\/\/www.carmelitaniscalzi.com\/#organization\"},\"image\":{\"@id\":\"https:\/\/www.carmelitaniscalzi.com\/es\/2026\/02\/20\/tanzania-celebraciones-en-la-mision-nuestra-senora-del-monte-carmelo-de-vikonje\/#primaryimage\"},\"thumbnailUrl\":\"https:\/\/www.carmelitaniscalzi.com\/wp-content\/uploads\/2026\/02\/cover_tanzania_01.2026.jpg\",\"articleSection\":[\"Noticias Frailes\",\"Noticias Misiones\",\"Noticias\"],\"inLanguage\":\"es\"},{\"@type\":\"WebPage\",\"@id\":\"https:\/\/www.carmelitaniscalzi.com\/es\/2026\/02\/20\/tanzania-celebraciones-en-la-mision-nuestra-senora-del-monte-carmelo-de-vikonje\/\",\"url\":\"https:\/\/www.carmelitaniscalzi.com\/es\/2026\/02\/20\/tanzania-celebraciones-en-la-mision-nuestra-senora-del-monte-carmelo-de-vikonje\/\",\"name\":\"Tanzania: celebraciones en la misi\u00f3n Nuestra Se\u00f1ora del Monte Carmelo de Vikonje - CARMELITAS DESCALZOS\",\"isPartOf\":{\"@id\":\"https:\/\/www.carmelitaniscalzi.com\/#website\"},\"primaryImageOfPage\":{\"@id\":\"https:\/\/www.carmelitaniscalzi.com\/es\/2026\/02\/20\/tanzania-celebraciones-en-la-mision-nuestra-senora-del-monte-carmelo-de-vikonje\/#primaryimage\"},\"image\":{\"@id\":\"https:\/\/www.carmelitaniscalzi.com\/es\/2026\/02\/20\/tanzania-celebraciones-en-la-mision-nuestra-senora-del-monte-carmelo-de-vikonje\/#primaryimage\"},\"thumbnailUrl\":\"https:\/\/www.carmelitaniscalzi.com\/wp-content\/uploads\/2026\/02\/cover_tanzania_01.2026.jpg\",\"datePublished\":\"2026-02-20T01:07:00+00:00\",\"dateModified\":\"2026-02-23T01:07:37+00:00\",\"breadcrumb\":{\"@id\":\"https:\/\/www.carmelitaniscalzi.com\/es\/2026\/02\/20\/tanzania-celebraciones-en-la-mision-nuestra-senora-del-monte-carmelo-de-vikonje\/#breadcrumb\"},\"inLanguage\":\"es\",\"potentialAction\":[{\"@type\":\"ReadAction\",\"target\":[\"https:\/\/www.carmelitaniscalzi.com\/es\/2026\/02\/20\/tanzania-celebraciones-en-la-mision-nuestra-senora-del-monte-carmelo-de-vikonje\/\"]}]},{\"@type\":\"ImageObject\",\"inLanguage\":\"es\",\"@id\":\"https:\/\/www.carmelitaniscalzi.com\/es\/2026\/02\/20\/tanzania-celebraciones-en-la-mision-nuestra-senora-del-monte-carmelo-de-vikonje\/#primaryimage\",\"url\":\"https:\/\/www.carmelitaniscalzi.com\/wp-content\/uploads\/2026\/02\/cover_tanzania_01.2026.jpg\",\"contentUrl\":\"https:\/\/www.carmelitaniscalzi.com\/wp-content\/uploads\/2026\/02\/cover_tanzania_01.2026.jpg\",\"width\":1200,\"height\":800},{\"@type\":\"BreadcrumbList\",\"@id\":\"https:\/\/www.carmelitaniscalzi.com\/es\/2026\/02\/20\/tanzania-celebraciones-en-la-mision-nuestra-senora-del-monte-carmelo-de-vikonje\/#breadcrumb\",\"itemListElement\":[{\"@type\":\"ListItem\",\"position\":1,\"name\":\"Home\",\"item\":\"https:\/\/www.carmelitaniscalzi.com\/es\/\"},{\"@type\":\"ListItem\",\"position\":2,\"name\":\"Tanzania: celebraciones en la misi\u00f3n Nuestra Se\u00f1ora del Monte Carmelo de Vikonje\"}]},{\"@type\":\"WebSite\",\"@id\":\"https:\/\/www.carmelitaniscalzi.com\/#website\",\"url\":\"https:\/\/www.carmelitaniscalzi.com\/\",\"name\":\"CARMELITANI SCALZI - Curia Generale del Carmelo Teresiano\",\"description\":\"Curia General del Carmelo Teresiano\",\"publisher\":{\"@id\":\"https:\/\/www.carmelitaniscalzi.com\/#organization\"},\"alternateName\":\"CARMELITANI SCALZI\",\"potentialAction\":[{\"@type\":\"SearchAction\",\"target\":{\"@type\":\"EntryPoint\",\"urlTemplate\":\"https:\/\/www.carmelitaniscalzi.com\/?s={search_term_string}\"},\"query-input\":{\"@type\":\"PropertyValueSpecification\",\"valueRequired\":true,\"valueName\":\"search_term_string\"}}],\"inLanguage\":\"es\"},{\"@type\":\"Organization\",\"@id\":\"https:\/\/www.carmelitaniscalzi.com\/#organization\",\"name\":\"CARMELITANI SCALZI - Curia Generale del Carmelo Teresiano\",\"url\":\"https:\/\/www.carmelitaniscalzi.com\/\",\"logo\":{\"@type\":\"ImageObject\",\"inLanguage\":\"es\",\"@id\":\"https:\/\/www.carmelitaniscalzi.com\/#\/schema\/logo\/image\/\",\"url\":\"https:\/\/www.carmelitaniscalzi.com\/wp-content\/uploads\/2025\/11\/login-logo.png\",\"contentUrl\":\"https:\/\/www.carmelitaniscalzi.com\/wp-content\/uploads\/2025\/11\/login-logo.png\",\"width\":256,\"height\":256,\"caption\":\"CARMELITANI SCALZI - Curia Generale del Carmelo Teresiano\"},\"image\":{\"@id\":\"https:\/\/www.carmelitaniscalzi.com\/#\/schema\/logo\/image\/\"},\"sameAs\":[\"https:\/\/www.facebook.com\/Curia-Generalizia-Carmelitani-Scalzi-658766940887784\/\",\"https:\/\/x.com\/ocdcuria\",\"https:\/\/www.youtube.com\/channel\/UC2J5ZL0ycOY0qBSTCLX_NGQ\/videos\",\"https:\/\/www.instagram.com\/ocdinform\/\"]},{\"@type\":\"Person\",\"@id\":\"https:\/\/www.carmelitaniscalzi.com\/#\/schema\/person\/6d1c0d9bea7b6625c437246a5d6da409\",\"name\":\"ocd web master\",\"image\":{\"@type\":\"ImageObject\",\"inLanguage\":\"es\",\"@id\":\"https:\/\/www.carmelitaniscalzi.com\/#\/schema\/person\/image\/\",\"url\":\"https:\/\/secure.gravatar.com\/avatar\/41fbc5f82bad909fbaf2984c43fa50d8519ac5853e25b454d022b6868f80d0e7?s=96&d=mm&r=g\",\"contentUrl\":\"https:\/\/secure.gravatar.com\/avatar\/41fbc5f82bad909fbaf2984c43fa50d8519ac5853e25b454d022b6868f80d0e7?s=96&d=mm&r=g\",\"caption\":\"ocd web master\"},\"url\":\"https:\/\/www.carmelitaniscalzi.com\/es\/author\/ocdwebmaster\/\"}]}<\/script>\n<!-- \/ Yoast SEO plugin. -->","yoast_head_json":{"title":"Tanzania: celebraciones en la misi\u00f3n Nuestra Se\u00f1ora del Monte Carmelo de Vikonje - CARMELITAS DESCALZOS","robots":{"index":"index","follow":"follow","max-snippet":"max-snippet:-1","max-image-preview":"max-image-preview:large","max-video-preview":"max-video-preview:-1"},"canonical":"https:\/\/www.carmelitaniscalzi.com\/es\/2026\/02\/20\/tanzania-celebraciones-en-la-mision-nuestra-senora-del-monte-carmelo-de-vikonje\/","og_locale":"es_ES","og_type":"article","og_title":"Tanzania: celebraciones en la misi\u00f3n Nuestra Se\u00f1ora del Monte Carmelo de Vikonje - CARMELITAS DESCALZOS","og_description":"El domingo 28 de diciembre de 2025 fue una jornada hist\u00f3rica para la misi\u00f3n Nuestra Se\u00f1ora del Monte Carmelo de Vikonje, confiada al cuidado de los frailes Carmelitas Descalzos de Tanzania. Ese d\u00eda, la comunidad celebr\u00f3 los primeros bautismos en la nueva iglesia. Durante la celebraci\u00f3n, 28 ni\u00f1os recibieron el sacramento del bautismo. La fiesta [&hellip;]","og_url":"https:\/\/www.carmelitaniscalzi.com\/es\/2026\/02\/20\/tanzania-celebraciones-en-la-mision-nuestra-senora-del-monte-carmelo-de-vikonje\/","og_site_name":"CARMELITAS DESCALZOS","article_publisher":"https:\/\/www.facebook.com\/Curia-Generalizia-Carmelitani-Scalzi-658766940887784\/","article_published_time":"2026-02-20T01:07:00+00:00","article_modified_time":"2026-02-23T01:07:37+00:00","og_image":[{"width":1200,"height":800,"url":"https:\/\/www.carmelitaniscalzi.com\/wp-content\/uploads\/2026\/02\/cover_tanzania_01.2026.jpg","type":"image\/jpeg"}],"author":"ocd web master","twitter_card":"summary_large_image","twitter_creator":"@ocdcuria","twitter_site":"@ocdcuria","twitter_misc":{"Escrito por":"ocd web master","Tiempo de lectura":"1 minuto"},"schema":{"@context":"https:\/\/schema.org","@graph":[{"@type":"Article","@id":"https:\/\/www.carmelitaniscalzi.com\/es\/2026\/02\/20\/tanzania-celebraciones-en-la-mision-nuestra-senora-del-monte-carmelo-de-vikonje\/#article","isPartOf":{"@id":"https:\/\/www.carmelitaniscalzi.com\/es\/2026\/02\/20\/tanzania-celebraciones-en-la-mision-nuestra-senora-del-monte-carmelo-de-vikonje\/"},"author":{"name":"ocd web master","@id":"https:\/\/www.carmelitaniscalzi.com\/#\/schema\/person\/6d1c0d9bea7b6625c437246a5d6da409"},"headline":"Tanzania: celebraciones en la misi\u00f3n Nuestra Se\u00f1ora del Monte Carmelo de Vikonje","datePublished":"2026-02-20T01:07:00+00:00","dateModified":"2026-02-23T01:07:37+00:00","mainEntityOfPage":{"@id":"https:\/\/www.carmelitaniscalzi.com\/es\/2026\/02\/20\/tanzania-celebraciones-en-la-mision-nuestra-senora-del-monte-carmelo-de-vikonje\/"},"wordCount":170,"publisher":{"@id":"https:\/\/www.carmelitaniscalzi.com\/#organization"},"image":{"@id":"https:\/\/www.carmelitaniscalzi.com\/es\/2026\/02\/20\/tanzania-celebraciones-en-la-mision-nuestra-senora-del-monte-carmelo-de-vikonje\/#primaryimage"},"thumbnailUrl":"https:\/\/www.carmelitaniscalzi.com\/wp-content\/uploads\/2026\/02\/cover_tanzania_01.2026.jpg","articleSection":["Noticias Frailes","Noticias Misiones","Noticias"],"inLanguage":"es"},{"@type":"WebPage","@id":"https:\/\/www.carmelitaniscalzi.com\/es\/2026\/02\/20\/tanzania-celebraciones-en-la-mision-nuestra-senora-del-monte-carmelo-de-vikonje\/","url":"https:\/\/www.carmelitaniscalzi.com\/es\/2026\/02\/20\/tanzania-celebraciones-en-la-mision-nuestra-senora-del-monte-carmelo-de-vikonje\/","name":"Tanzania: celebraciones en la misi\u00f3n Nuestra Se\u00f1ora del Monte Carmelo de Vikonje - CARMELITAS DESCALZOS","isPartOf":{"@id":"https:\/\/www.carmelitaniscalzi.com\/#website"},"primaryImageOfPage":{"@id":"https:\/\/www.carmelitaniscalzi.com\/es\/2026\/02\/20\/tanzania-celebraciones-en-la-mision-nuestra-senora-del-monte-carmelo-de-vikonje\/#primaryimage"},"image":{"@id":"https:\/\/www.carmelitaniscalzi.com\/es\/2026\/02\/20\/tanzania-celebraciones-en-la-mision-nuestra-senora-del-monte-carmelo-de-vikonje\/#primaryimage"},"thumbnailUrl":"https:\/\/www.carmelitaniscalzi.com\/wp-content\/uploads\/2026\/02\/cover_tanzania_01.2026.jpg","datePublished":"2026-02-20T01:07:00+00:00","dateModified":"2026-02-23T01:07:37+00:00","breadcrumb":{"@id":"https:\/\/www.carmelitaniscalzi.com\/es\/2026\/02\/20\/tanzania-celebraciones-en-la-mision-nuestra-senora-del-monte-carmelo-de-vikonje\/#breadcrumb"},"inLanguage":"es","potentialAction":[{"@type":"ReadAction","target":["https:\/\/www.carmelitaniscalzi.com\/es\/2026\/02\/20\/tanzania-celebraciones-en-la-mision-nuestra-senora-del-monte-carmelo-de-vikonje\/"]}]},{"@type":"ImageObject","inLanguage":"es","@id":"https:\/\/www.carmelitaniscalzi.com\/es\/2026\/02\/20\/tanzania-celebraciones-en-la-mision-nuestra-senora-del-monte-carmelo-de-vikonje\/#primaryimage","url":"https:\/\/www.carmelitaniscalzi.com\/wp-content\/uploads\/2026\/02\/cover_tanzania_01.2026.jpg","contentUrl":"https:\/\/www.carmelitaniscalzi.com\/wp-content\/uploads\/2026\/02\/cover_tanzania_01.2026.jpg","width":1200,"height":800},{"@type":"BreadcrumbList","@id":"https:\/\/www.carmelitaniscalzi.com\/es\/2026\/02\/20\/tanzania-celebraciones-en-la-mision-nuestra-senora-del-monte-carmelo-de-vikonje\/#breadcrumb","itemListElement":[{"@type":"ListItem","position":1,"name":"Home","item":"https:\/\/www.carmelitaniscalzi.com\/es\/"},{"@type":"ListItem","position":2,"name":"Tanzania: celebraciones en la misi\u00f3n Nuestra Se\u00f1ora del Monte Carmelo de Vikonje"}]},{"@type":"WebSite","@id":"https:\/\/www.carmelitaniscalzi.com\/#website","url":"https:\/\/www.carmelitaniscalzi.com\/","name":"CARMELITANI SCALZI - Curia Generale del Carmelo Teresiano","description":"Curia General del Carmelo Teresiano","publisher":{"@id":"https:\/\/www.carmelitaniscalzi.com\/#organization"},"alternateName":"CARMELITANI SCALZI","potentialAction":[{"@type":"SearchAction","target":{"@type":"EntryPoint","urlTemplate":"https:\/\/www.carmelitaniscalzi.com\/?s={search_term_string}"},"query-input":{"@type":"PropertyValueSpecification","valueRequired":true,"valueName":"search_term_string"}}],"inLanguage":"es"},{"@type":"Organization","@id":"https:\/\/www.carmelitaniscalzi.com\/#organization","name":"CARMELITANI SCALZI - Curia Generale del Carmelo Teresiano","url":"https:\/\/www.carmelitaniscalzi.com\/","logo":{"@type":"ImageObject","inLanguage":"es","@id":"https:\/\/www.carmelitaniscalzi.com\/#\/schema\/logo\/image\/","url":"https:\/\/www.carmelitaniscalzi.com\/wp-content\/uploads\/2025\/11\/login-logo.png","contentUrl":"https:\/\/www.carmelitaniscalzi.com\/wp-content\/uploads\/2025\/11\/login-logo.png","width":256,"height":256,"caption":"CARMELITANI SCALZI - Curia Generale del Carmelo Teresiano"},"image":{"@id":"https:\/\/www.carmelitaniscalzi.com\/#\/schema\/logo\/image\/"},"sameAs":["https:\/\/www.facebook.com\/Curia-Generalizia-Carmelitani-Scalzi-658766940887784\/","https:\/\/x.com\/ocdcuria","https:\/\/www.youtube.com\/channel\/UC2J5ZL0ycOY0qBSTCLX_NGQ\/videos","https:\/\/www.instagram.com\/ocdinform\/"]},{"@type":"Person","@id":"https:\/\/www.carmelitaniscalzi.com\/#\/schema\/person\/6d1c0d9bea7b6625c437246a5d6da409","name":"ocd web master","image":{"@type":"ImageObject","inLanguage":"es","@id":"https:\/\/www.carmelitaniscalzi.com\/#\/schema\/person\/image\/","url":"https:\/\/secure.gravatar.com\/avatar\/41fbc5f82bad909fbaf2984c43fa50d8519ac5853e25b454d022b6868f80d0e7?s=96&d=mm&r=g","contentUrl":"https:\/\/secure.gravatar.com\/avatar\/41fbc5f82bad909fbaf2984c43fa50d8519ac5853e25b454d022b6868f80d0e7?s=96&d=mm&r=g","caption":"ocd web master"},"url":"https:\/\/www.carmelitaniscalzi.com\/es\/author\/ocdwebmaster\/"}]}},"_links":{"self":[{"href":"https:\/\/www.carmelitaniscalzi.com\/es\/wp-json\/wp\/v2\/posts\/560348","targetHints":{"allow":["GET"]}}],"collection":[{"href":"https:\/\/www.carmelitaniscalzi.com\/es\/wp-json\/wp\/v2\/posts"}],"about":[{"href":"https:\/\/www.carmelitaniscalzi.com\/es\/wp-json\/wp\/v2\/types\/post"}],"author":[{"embeddable":true,"href":"https:\/\/www.carmelitaniscalzi.com\/es\/wp-json\/wp\/v2\/users\/7"}],"replies":[{"embeddable":true,"href":"https:\/\/www.carmelitaniscalzi.com\/es\/wp-json\/wp\/v2\/comments?post=560348"}],"version-history":[{"count":1,"href":"https:\/\/www.carmelitaniscalzi.com\/es\/wp-json\/wp\/v2\/posts\/560348\/revisions"}],"predecessor-version":[{"id":560349,"href":"https:\/\/www.carmelitaniscalzi.com\/es\/wp-json\/wp\/v2\/posts\/560348\/revisions\/560349"}],"wp:featuredmedia":[{"embeddable":true,"href":"https:\/\/www.carmelitaniscalzi.com\/es\/wp-json\/wp\/v2\/media\/560020"}],"wp:attachment":[{"href":"https:\/\/www.carmelitaniscalzi.com\/es\/wp-json\/wp\/v2\/media?parent=560348"}],"wp:term":[{"taxonomy":"category","embeddable":true,"href":"https:\/\/www.carmelitaniscalzi.com\/es\/wp-json\/wp\/v2\/categories?post=560348"},{"taxonomy":"post_tag","embeddable":true,"href":"https:\/\/www.carmelitaniscalzi.com\/es\/wp-json\/wp\/v2\/tags?post=560348"}],"curies":[{"name":"wp","href":"https:\/\/api.w.org\/{rel}","templated":true}]}}