{"id":548305,"date":"2026-01-12T00:15:36","date_gmt":"2026-01-11T23:15:36","guid":{"rendered":"https:\/\/www.carmelitaniscalzi.com\/?p=548305"},"modified":"2026-01-05T00:13:35","modified_gmt":"2026-01-04T23:13:35","slug":"encuentro-mundial-de-la-ocds","status":"publish","type":"post","link":"https:\/\/www.carmelitaniscalzi.com\/es\/2026\/01\/12\/encuentro-mundial-de-la-ocds\/","title":{"rendered":"Encuentro Mundial de la OCDS"},"content":{"rendered":"<p>El Encuentro Mundial de la OCDS se realizar\u00e1 en \u00c1vila, Espa\u00f1a, del 23 al 26 de julio de 2026. Se contar\u00e1 con la participaci\u00f3n de casi 1000 personas provenientes de todo el mundo. El tema es \u201cTestigos de la Experiencia de Dios: Identidad y Misi\u00f3n\u201d. Los objetivos del encuentro son:<\/p>\n<ul>\n<li>Profundizar en la espiritualidad y carisma del Carmelo Seglar.<\/li>\n<li>Fortalecer la comuni\u00f3n entre comunidades OCDS de diferentes regiones del mundo.<\/li>\n<li>Compartir experiencias y formaci\u00f3n.<\/li>\n<li>Rendir homenaje a San Juan de la Cruz, en la celebraci\u00f3n del III centenario de su canonizaci\u00f3n y I centenario de su nombramiento como Doctor de la Iglesia.<\/li>\n<li>Hacer memoria agradecida de la herencia espiritual del Carmelo Descalzo.<\/li>\n<li>Contribuir a la vida cultural y religiosa de \u00c1vila.<\/li>\n<\/ul>\n<p>El evento ofrece una oportunidad \u00fanica para conocerse, compartir la fe, renovar el carisma carmelitano y fortalecer los lazos fraternos que unen a los miembros de la familia del Carmelo Descalzo. Inspirados por la rica espiritualidad de Santa Teresa de Jes\u00fas y San Juan de la Cruz, los asistentes podr\u00e1n profundizar en su camino hacia la uni\u00f3n con Dios a trav\u00e9s de la oraci\u00f3n y la vida fraterna. Para m\u00e1s informaci\u00f3n, los invitamos a visitar el sitio web del evento: <a href=\"https:\/\/ocdsavila2026.com\">https:\/\/ocdsavila2026.com<\/a><\/p>\n<p><img loading=\"lazy\" decoding=\"async\" class=\"alignnone size-full wp-image-548185\" src=\"https:\/\/www.carmelitaniscalzi.com\/wp-content\/uploads\/2026\/01\/OCDS-1.jpg\" alt=\"\" width=\"1273\" height=\"1790\" srcset=\"https:\/\/www.carmelitaniscalzi.com\/wp-content\/uploads\/2026\/01\/OCDS-1.jpg 1273w, https:\/\/www.carmelitaniscalzi.com\/wp-content\/uploads\/2026\/01\/OCDS-1-213x300.jpg 213w, https:\/\/www.carmelitaniscalzi.com\/wp-content\/uploads\/2026\/01\/OCDS-1-728x1024.jpg 728w, https:\/\/www.carmelitaniscalzi.com\/wp-content\/uploads\/2026\/01\/OCDS-1-768x1080.jpg 768w, https:\/\/www.carmelitaniscalzi.com\/wp-content\/uploads\/2026\/01\/OCDS-1-1092x1536.jpg 1092w\" sizes=\"auto, (max-width: 1273px) 100vw, 1273px\" \/><\/p>\n","protected":false},"excerpt":{"rendered":"<p>El Encuentro Mundial de la OCDS se realizar\u00e1 en \u00c1vila, Espa\u00f1a, del 23 al 26 de julio de 2026. Se contar\u00e1 con la participaci\u00f3n de casi 1000 personas provenientes de todo el mundo. El tema es \u201cTestigos de la Experiencia de Dios: Identidad y Misi\u00f3n\u201d. Los objetivos del encuentro son: Profundizar en la espiritualidad y [&hellip;]<\/p>\n","protected":false},"author":7,"featured_media":548179,"comment_status":"closed","ping_status":"closed","sticky":false,"template":"","format":"standard","meta":{"_acf_changed":false,"footnotes":""},"categories":[263,372],"tags":[],"class_list":["post-548305","post","type-post","status-publish","format-standard","has-post-thumbnail","hentry","category-noticias-ocds","category-noticias"],"acf":[],"yoast_head":"<!-- This site is optimized with the Yoast SEO plugin v26.3 - https:\/\/yoast.com\/wordpress\/plugins\/seo\/ -->\n<title>Encuentro Mundial de la OCDS - CARMELITAS DESCALZOS<\/title>\n<meta name=\"robots\" content=\"index, follow, max-snippet:-1, max-image-preview:large, max-video-preview:-1\" \/>\n<link rel=\"canonical\" href=\"https:\/\/www.carmelitaniscalzi.com\/2026\/01\/12\/incontro-mondiale-dellocds\/\" \/>\n<meta property=\"og:locale\" content=\"es_ES\" \/>\n<meta property=\"og:type\" content=\"article\" \/>\n<meta property=\"og:title\" content=\"Encuentro Mundial de la OCDS - CARMELITAS DESCALZOS\" \/>\n<meta property=\"og:description\" content=\"El Encuentro Mundial de la OCDS se realizar\u00e1 en \u00c1vila, Espa\u00f1a, del 23 al 26 de julio de 2026. Se contar\u00e1 con la participaci\u00f3n de casi 1000 personas provenientes de todo el mundo. El tema es \u201cTestigos de la Experiencia de Dios: Identidad y Misi\u00f3n\u201d. Los objetivos del encuentro son: Profundizar en la espiritualidad y [&hellip;]\" \/>\n<meta property=\"og:url\" content=\"https:\/\/www.carmelitaniscalzi.com\/2026\/01\/12\/incontro-mondiale-dellocds\/\" \/>\n<meta property=\"og:site_name\" content=\"CARMELITAS DESCALZOS\" \/>\n<meta property=\"article:publisher\" content=\"https:\/\/www.facebook.com\/Curia-Generalizia-Carmelitani-Scalzi-658766940887784\/\" \/>\n<meta property=\"article:published_time\" content=\"2026-01-11T23:15:36+00:00\" \/>\n<meta property=\"og:image\" content=\"https:\/\/www.carmelitaniscalzi.com\/wp-content\/uploads\/2026\/01\/cover_ocds_12.2025.jpg\" \/>\n\t<meta property=\"og:image:width\" content=\"1200\" \/>\n\t<meta property=\"og:image:height\" content=\"800\" \/>\n\t<meta property=\"og:image:type\" content=\"image\/jpeg\" \/>\n<meta name=\"author\" content=\"ocd web master\" \/>\n<meta name=\"twitter:card\" content=\"summary_large_image\" \/>\n<meta name=\"twitter:creator\" content=\"@ocdcuria\" \/>\n<meta name=\"twitter:site\" content=\"@ocdcuria\" \/>\n<meta name=\"twitter:label1\" content=\"Escrito por\" \/>\n\t<meta name=\"twitter:data1\" content=\"ocd web master\" \/>\n\t<meta name=\"twitter:label2\" content=\"Tiempo de lectura\" \/>\n\t<meta name=\"twitter:data2\" content=\"2 minutos\" \/>\n<script type=\"application\/ld+json\" class=\"yoast-schema-graph\">{\"@context\":\"https:\/\/schema.org\",\"@graph\":[{\"@type\":\"Article\",\"@id\":\"https:\/\/www.carmelitaniscalzi.com\/2026\/01\/12\/incontro-mondiale-dellocds\/#article\",\"isPartOf\":{\"@id\":\"https:\/\/www.carmelitaniscalzi.com\/2026\/01\/12\/incontro-mondiale-dellocds\/\"},\"author\":{\"name\":\"ocd web master\",\"@id\":\"https:\/\/www.carmelitaniscalzi.com\/#\/schema\/person\/6d1c0d9bea7b6625c437246a5d6da409\"},\"headline\":\"Encuentro Mundial de la OCDS\",\"datePublished\":\"2026-01-11T23:15:36+00:00\",\"mainEntityOfPage\":{\"@id\":\"https:\/\/www.carmelitaniscalzi.com\/2026\/01\/12\/incontro-mondiale-dellocds\/\"},\"wordCount\":219,\"publisher\":{\"@id\":\"https:\/\/www.carmelitaniscalzi.com\/#organization\"},\"image\":{\"@id\":\"https:\/\/www.carmelitaniscalzi.com\/2026\/01\/12\/incontro-mondiale-dellocds\/#primaryimage\"},\"thumbnailUrl\":\"https:\/\/www.carmelitaniscalzi.com\/wp-content\/uploads\/2026\/01\/cover_ocds_12.2025.jpg\",\"articleSection\":[\"Noticias OCDS\",\"Noticias\"],\"inLanguage\":\"es\"},{\"@type\":\"WebPage\",\"@id\":\"https:\/\/www.carmelitaniscalzi.com\/2026\/01\/12\/incontro-mondiale-dellocds\/\",\"url\":\"https:\/\/www.carmelitaniscalzi.com\/2026\/01\/12\/incontro-mondiale-dellocds\/\",\"name\":\"Encuentro Mundial de la OCDS - CARMELITAS DESCALZOS\",\"isPartOf\":{\"@id\":\"https:\/\/www.carmelitaniscalzi.com\/#website\"},\"primaryImageOfPage\":{\"@id\":\"https:\/\/www.carmelitaniscalzi.com\/2026\/01\/12\/incontro-mondiale-dellocds\/#primaryimage\"},\"image\":{\"@id\":\"https:\/\/www.carmelitaniscalzi.com\/2026\/01\/12\/incontro-mondiale-dellocds\/#primaryimage\"},\"thumbnailUrl\":\"https:\/\/www.carmelitaniscalzi.com\/wp-content\/uploads\/2026\/01\/cover_ocds_12.2025.jpg\",\"datePublished\":\"2026-01-11T23:15:36+00:00\",\"breadcrumb\":{\"@id\":\"https:\/\/www.carmelitaniscalzi.com\/2026\/01\/12\/incontro-mondiale-dellocds\/#breadcrumb\"},\"inLanguage\":\"es\",\"potentialAction\":[{\"@type\":\"ReadAction\",\"target\":[\"https:\/\/www.carmelitaniscalzi.com\/2026\/01\/12\/incontro-mondiale-dellocds\/\"]}]},{\"@type\":\"ImageObject\",\"inLanguage\":\"es\",\"@id\":\"https:\/\/www.carmelitaniscalzi.com\/2026\/01\/12\/incontro-mondiale-dellocds\/#primaryimage\",\"url\":\"https:\/\/www.carmelitaniscalzi.com\/wp-content\/uploads\/2026\/01\/cover_ocds_12.2025.jpg\",\"contentUrl\":\"https:\/\/www.carmelitaniscalzi.com\/wp-content\/uploads\/2026\/01\/cover_ocds_12.2025.jpg\",\"width\":1200,\"height\":800},{\"@type\":\"BreadcrumbList\",\"@id\":\"https:\/\/www.carmelitaniscalzi.com\/2026\/01\/12\/incontro-mondiale-dellocds\/#breadcrumb\",\"itemListElement\":[{\"@type\":\"ListItem\",\"position\":1,\"name\":\"Home\",\"item\":\"https:\/\/www.carmelitaniscalzi.com\/es\/\"},{\"@type\":\"ListItem\",\"position\":2,\"name\":\"Encuentro Mundial de la OCDS\"}]},{\"@type\":\"WebSite\",\"@id\":\"https:\/\/www.carmelitaniscalzi.com\/#website\",\"url\":\"https:\/\/www.carmelitaniscalzi.com\/\",\"name\":\"CARMELITANI SCALZI - Curia Generale del Carmelo Teresiano\",\"description\":\"Curia General del Carmelo Teresiano\",\"publisher\":{\"@id\":\"https:\/\/www.carmelitaniscalzi.com\/#organization\"},\"alternateName\":\"CARMELITANI SCALZI\",\"potentialAction\":[{\"@type\":\"SearchAction\",\"target\":{\"@type\":\"EntryPoint\",\"urlTemplate\":\"https:\/\/www.carmelitaniscalzi.com\/?s={search_term_string}\"},\"query-input\":{\"@type\":\"PropertyValueSpecification\",\"valueRequired\":true,\"valueName\":\"search_term_string\"}}],\"inLanguage\":\"es\"},{\"@type\":\"Organization\",\"@id\":\"https:\/\/www.carmelitaniscalzi.com\/#organization\",\"name\":\"CARMELITANI SCALZI - Curia Generale del Carmelo Teresiano\",\"url\":\"https:\/\/www.carmelitaniscalzi.com\/\",\"logo\":{\"@type\":\"ImageObject\",\"inLanguage\":\"es\",\"@id\":\"https:\/\/www.carmelitaniscalzi.com\/#\/schema\/logo\/image\/\",\"url\":\"https:\/\/www.carmelitaniscalzi.com\/wp-content\/uploads\/2025\/11\/login-logo.png\",\"contentUrl\":\"https:\/\/www.carmelitaniscalzi.com\/wp-content\/uploads\/2025\/11\/login-logo.png\",\"width\":256,\"height\":256,\"caption\":\"CARMELITANI SCALZI - Curia Generale del Carmelo Teresiano\"},\"image\":{\"@id\":\"https:\/\/www.carmelitaniscalzi.com\/#\/schema\/logo\/image\/\"},\"sameAs\":[\"https:\/\/www.facebook.com\/Curia-Generalizia-Carmelitani-Scalzi-658766940887784\/\",\"https:\/\/x.com\/ocdcuria\",\"https:\/\/www.youtube.com\/channel\/UC2J5ZL0ycOY0qBSTCLX_NGQ\/videos\",\"https:\/\/www.instagram.com\/ocdinform\/\"]},{\"@type\":\"Person\",\"@id\":\"https:\/\/www.carmelitaniscalzi.com\/#\/schema\/person\/6d1c0d9bea7b6625c437246a5d6da409\",\"name\":\"ocd web master\",\"image\":{\"@type\":\"ImageObject\",\"inLanguage\":\"es\",\"@id\":\"https:\/\/www.carmelitaniscalzi.com\/#\/schema\/person\/image\/\",\"url\":\"https:\/\/secure.gravatar.com\/avatar\/41fbc5f82bad909fbaf2984c43fa50d8519ac5853e25b454d022b6868f80d0e7?s=96&d=mm&r=g\",\"contentUrl\":\"https:\/\/secure.gravatar.com\/avatar\/41fbc5f82bad909fbaf2984c43fa50d8519ac5853e25b454d022b6868f80d0e7?s=96&d=mm&r=g\",\"caption\":\"ocd web master\"},\"url\":\"https:\/\/www.carmelitaniscalzi.com\/es\/author\/ocdwebmaster\/\"}]}<\/script>\n<!-- \/ Yoast SEO plugin. -->","yoast_head_json":{"title":"Encuentro Mundial de la OCDS - CARMELITAS DESCALZOS","robots":{"index":"index","follow":"follow","max-snippet":"max-snippet:-1","max-image-preview":"max-image-preview:large","max-video-preview":"max-video-preview:-1"},"canonical":"https:\/\/www.carmelitaniscalzi.com\/2026\/01\/12\/incontro-mondiale-dellocds\/","og_locale":"es_ES","og_type":"article","og_title":"Encuentro Mundial de la OCDS - CARMELITAS DESCALZOS","og_description":"El Encuentro Mundial de la OCDS se realizar\u00e1 en \u00c1vila, Espa\u00f1a, del 23 al 26 de julio de 2026. Se contar\u00e1 con la participaci\u00f3n de casi 1000 personas provenientes de todo el mundo. El tema es \u201cTestigos de la Experiencia de Dios: Identidad y Misi\u00f3n\u201d. Los objetivos del encuentro son: Profundizar en la espiritualidad y [&hellip;]","og_url":"https:\/\/www.carmelitaniscalzi.com\/2026\/01\/12\/incontro-mondiale-dellocds\/","og_site_name":"CARMELITAS DESCALZOS","article_publisher":"https:\/\/www.facebook.com\/Curia-Generalizia-Carmelitani-Scalzi-658766940887784\/","article_published_time":"2026-01-11T23:15:36+00:00","og_image":[{"width":1200,"height":800,"url":"https:\/\/www.carmelitaniscalzi.com\/wp-content\/uploads\/2026\/01\/cover_ocds_12.2025.jpg","type":"image\/jpeg"}],"author":"ocd web master","twitter_card":"summary_large_image","twitter_creator":"@ocdcuria","twitter_site":"@ocdcuria","twitter_misc":{"Escrito por":"ocd web master","Tiempo de lectura":"2 minutos"},"schema":{"@context":"https:\/\/schema.org","@graph":[{"@type":"Article","@id":"https:\/\/www.carmelitaniscalzi.com\/2026\/01\/12\/incontro-mondiale-dellocds\/#article","isPartOf":{"@id":"https:\/\/www.carmelitaniscalzi.com\/2026\/01\/12\/incontro-mondiale-dellocds\/"},"author":{"name":"ocd web master","@id":"https:\/\/www.carmelitaniscalzi.com\/#\/schema\/person\/6d1c0d9bea7b6625c437246a5d6da409"},"headline":"Encuentro Mundial de la OCDS","datePublished":"2026-01-11T23:15:36+00:00","mainEntityOfPage":{"@id":"https:\/\/www.carmelitaniscalzi.com\/2026\/01\/12\/incontro-mondiale-dellocds\/"},"wordCount":219,"publisher":{"@id":"https:\/\/www.carmelitaniscalzi.com\/#organization"},"image":{"@id":"https:\/\/www.carmelitaniscalzi.com\/2026\/01\/12\/incontro-mondiale-dellocds\/#primaryimage"},"thumbnailUrl":"https:\/\/www.carmelitaniscalzi.com\/wp-content\/uploads\/2026\/01\/cover_ocds_12.2025.jpg","articleSection":["Noticias OCDS","Noticias"],"inLanguage":"es"},{"@type":"WebPage","@id":"https:\/\/www.carmelitaniscalzi.com\/2026\/01\/12\/incontro-mondiale-dellocds\/","url":"https:\/\/www.carmelitaniscalzi.com\/2026\/01\/12\/incontro-mondiale-dellocds\/","name":"Encuentro Mundial de la OCDS - CARMELITAS DESCALZOS","isPartOf":{"@id":"https:\/\/www.carmelitaniscalzi.com\/#website"},"primaryImageOfPage":{"@id":"https:\/\/www.carmelitaniscalzi.com\/2026\/01\/12\/incontro-mondiale-dellocds\/#primaryimage"},"image":{"@id":"https:\/\/www.carmelitaniscalzi.com\/2026\/01\/12\/incontro-mondiale-dellocds\/#primaryimage"},"thumbnailUrl":"https:\/\/www.carmelitaniscalzi.com\/wp-content\/uploads\/2026\/01\/cover_ocds_12.2025.jpg","datePublished":"2026-01-11T23:15:36+00:00","breadcrumb":{"@id":"https:\/\/www.carmelitaniscalzi.com\/2026\/01\/12\/incontro-mondiale-dellocds\/#breadcrumb"},"inLanguage":"es","potentialAction":[{"@type":"ReadAction","target":["https:\/\/www.carmelitaniscalzi.com\/2026\/01\/12\/incontro-mondiale-dellocds\/"]}]},{"@type":"ImageObject","inLanguage":"es","@id":"https:\/\/www.carmelitaniscalzi.com\/2026\/01\/12\/incontro-mondiale-dellocds\/#primaryimage","url":"https:\/\/www.carmelitaniscalzi.com\/wp-content\/uploads\/2026\/01\/cover_ocds_12.2025.jpg","contentUrl":"https:\/\/www.carmelitaniscalzi.com\/wp-content\/uploads\/2026\/01\/cover_ocds_12.2025.jpg","width":1200,"height":800},{"@type":"BreadcrumbList","@id":"https:\/\/www.carmelitaniscalzi.com\/2026\/01\/12\/incontro-mondiale-dellocds\/#breadcrumb","itemListElement":[{"@type":"ListItem","position":1,"name":"Home","item":"https:\/\/www.carmelitaniscalzi.com\/es\/"},{"@type":"ListItem","position":2,"name":"Encuentro Mundial de la OCDS"}]},{"@type":"WebSite","@id":"https:\/\/www.carmelitaniscalzi.com\/#website","url":"https:\/\/www.carmelitaniscalzi.com\/","name":"CARMELITANI SCALZI - Curia Generale del Carmelo Teresiano","description":"Curia General del Carmelo Teresiano","publisher":{"@id":"https:\/\/www.carmelitaniscalzi.com\/#organization"},"alternateName":"CARMELITANI SCALZI","potentialAction":[{"@type":"SearchAction","target":{"@type":"EntryPoint","urlTemplate":"https:\/\/www.carmelitaniscalzi.com\/?s={search_term_string}"},"query-input":{"@type":"PropertyValueSpecification","valueRequired":true,"valueName":"search_term_string"}}],"inLanguage":"es"},{"@type":"Organization","@id":"https:\/\/www.carmelitaniscalzi.com\/#organization","name":"CARMELITANI SCALZI - Curia Generale del Carmelo Teresiano","url":"https:\/\/www.carmelitaniscalzi.com\/","logo":{"@type":"ImageObject","inLanguage":"es","@id":"https:\/\/www.carmelitaniscalzi.com\/#\/schema\/logo\/image\/","url":"https:\/\/www.carmelitaniscalzi.com\/wp-content\/uploads\/2025\/11\/login-logo.png","contentUrl":"https:\/\/www.carmelitaniscalzi.com\/wp-content\/uploads\/2025\/11\/login-logo.png","width":256,"height":256,"caption":"CARMELITANI SCALZI - Curia Generale del Carmelo Teresiano"},"image":{"@id":"https:\/\/www.carmelitaniscalzi.com\/#\/schema\/logo\/image\/"},"sameAs":["https:\/\/www.facebook.com\/Curia-Generalizia-Carmelitani-Scalzi-658766940887784\/","https:\/\/x.com\/ocdcuria","https:\/\/www.youtube.com\/channel\/UC2J5ZL0ycOY0qBSTCLX_NGQ\/videos","https:\/\/www.instagram.com\/ocdinform\/"]},{"@type":"Person","@id":"https:\/\/www.carmelitaniscalzi.com\/#\/schema\/person\/6d1c0d9bea7b6625c437246a5d6da409","name":"ocd web master","image":{"@type":"ImageObject","inLanguage":"es","@id":"https:\/\/www.carmelitaniscalzi.com\/#\/schema\/person\/image\/","url":"https:\/\/secure.gravatar.com\/avatar\/41fbc5f82bad909fbaf2984c43fa50d8519ac5853e25b454d022b6868f80d0e7?s=96&d=mm&r=g","contentUrl":"https:\/\/secure.gravatar.com\/avatar\/41fbc5f82bad909fbaf2984c43fa50d8519ac5853e25b454d022b6868f80d0e7?s=96&d=mm&r=g","caption":"ocd web master"},"url":"https:\/\/www.carmelitaniscalzi.com\/es\/author\/ocdwebmaster\/"}]}},"_links":{"self":[{"href":"https:\/\/www.carmelitaniscalzi.com\/es\/wp-json\/wp\/v2\/posts\/548305","targetHints":{"allow":["GET"]}}],"collection":[{"href":"https:\/\/www.carmelitaniscalzi.com\/es\/wp-json\/wp\/v2\/posts"}],"about":[{"href":"https:\/\/www.carmelitaniscalzi.com\/es\/wp-json\/wp\/v2\/types\/post"}],"author":[{"embeddable":true,"href":"https:\/\/www.carmelitaniscalzi.com\/es\/wp-json\/wp\/v2\/users\/7"}],"replies":[{"embeddable":true,"href":"https:\/\/www.carmelitaniscalzi.com\/es\/wp-json\/wp\/v2\/comments?post=548305"}],"version-history":[{"count":1,"href":"https:\/\/www.carmelitaniscalzi.com\/es\/wp-json\/wp\/v2\/posts\/548305\/revisions"}],"predecessor-version":[{"id":548306,"href":"https:\/\/www.carmelitaniscalzi.com\/es\/wp-json\/wp\/v2\/posts\/548305\/revisions\/548306"}],"wp:featuredmedia":[{"embeddable":true,"href":"https:\/\/www.carmelitaniscalzi.com\/es\/wp-json\/wp\/v2\/media\/548179"}],"wp:attachment":[{"href":"https:\/\/www.carmelitaniscalzi.com\/es\/wp-json\/wp\/v2\/media?parent=548305"}],"wp:term":[{"taxonomy":"category","embeddable":true,"href":"https:\/\/www.carmelitaniscalzi.com\/es\/wp-json\/wp\/v2\/categories?post=548305"},{"taxonomy":"post_tag","embeddable":true,"href":"https:\/\/www.carmelitaniscalzi.com\/es\/wp-json\/wp\/v2\/tags?post=548305"}],"curies":[{"name":"wp","href":"https:\/\/api.w.org\/{rel}","templated":true}]}}