{"id":537157,"date":"2025-12-08T00:38:56","date_gmt":"2025-12-07T23:38:56","guid":{"rendered":"https:\/\/www.carmelitaniscalzi.com\/?p=537157"},"modified":"2025-12-08T00:38:56","modified_gmt":"2025-12-07T23:38:56","slug":"costa-de-marfil-apertura-del-doble-jubileo-en-abiyan","status":"publish","type":"post","link":"https:\/\/www.carmelitaniscalzi.com\/es\/2025\/12\/08\/costa-de-marfil-apertura-del-doble-jubileo-en-abiyan\/","title":{"rendered":"Costa de Marfil: apertura del doble jubileo en Abiy\u00e1n"},"content":{"rendered":"<p>El domingo 19 de octubre de 2025 se celebr\u00f3 en Abiy\u00e1n la solemne misa de inauguraci\u00f3n del jubileo de plata de la presencia de los Frailes Carmelitas Descalcados en Costa de Marfil y la creaci\u00f3n de la parroquia de San Luis Gonzaga.<\/p>\n<p>En un ambiente festivo, los frailes de la Delegaci\u00f3n Provincial de Santa Teresa Benedicta de la Cruz y los feligreses agradecieron al Se\u00f1or por las maravillas que ha realizado gracias a la presencia de la Orden del Carmelo teresiano en este barrio de la ciudad de Abiy\u00e1n.<\/p>\n<p>Este doble jubileo fue inaugurado por el Delegado Provincial, el padre Florent Traor\u00e9. Durante la celebraci\u00f3n, encendi\u00f3 la vela del Jubileo y envi\u00f3 en misi\u00f3n al comit\u00e9 organizador compuesto por frailes, laicos del Carmelo Secular y miembros del consejo pastoral parroquial.<\/p>\n<p>Varias actividades marcar\u00e1n este a\u00f1o jubilar, que finalizar\u00e1 solemnemente el 21 de junio de 2026.<\/p>\n<p>&nbsp;<\/p>\n<div class=\"wpmf-gallerys wpmf-gallerys-life \" ><div id=\"gallery-1\"\n data-gutter-width=\"5\"\n  data-wpmfcolumns=\"4\" class=\"wpmf-gallery gallery-link-file gallery_life gallery-masonry gallery-columns-4 gallery-size-thumbnail wpmf-gallery-bottomspace-default wpmf-gallery-clear wpmf-has-border-radius-0 wpmf-gutterwidth-5\"><div class=\"wpmf-gallery-item\n     wpmf-gallery-item-position-0 wpmf-gallery-item-attachment-536938\" data-index=\"0\"><div class=\"wpmf-gallery-icon\"><a class=\" not_video noLightbox\" data-lightbox=\"1\" data-href=\"https:\/\/www.carmelitaniscalzi.com\/wp-content\/uploads\/2025\/12\/Costa-d_avorio-1-963x1024.jpeg\" title=\"Costa d_avorio 1\" target=\"_self\" data-index=\"0\"><img decoding=\"async\" class=\"wpmf_img\" alt=\"Costa d_avorio 1\" src=\"https:\/\/www.carmelitaniscalzi.com\/wp-content\/uploads\/2025\/12\/Costa-d_avorio-1-150x150.jpeg\" data-type=\"wpmfgalleryimg\" data-lazy-src=\"https:\/\/www.carmelitaniscalzi.com\/wp-content\/uploads\/2025\/12\/Costa-d_avorio-1-150x150.jpeg\"><\/a><\/div><\/div><div class=\"wpmf-gallery-item\n     wpmf-gallery-item-position-1 wpmf-gallery-item-attachment-536944\" data-index=\"1\"><div class=\"wpmf-gallery-icon\"><a class=\" not_video noLightbox\" data-lightbox=\"1\" data-href=\"https:\/\/www.carmelitaniscalzi.com\/wp-content\/uploads\/2025\/12\/Costa-d_avorio-2-1024x674.jpeg\" title=\"Costa d_avorio 2\" target=\"_self\" data-index=\"1\"><img decoding=\"async\" class=\"wpmf_img\" alt=\"Costa d_avorio 2\" src=\"https:\/\/www.carmelitaniscalzi.com\/wp-content\/uploads\/2025\/12\/Costa-d_avorio-2-150x150.jpeg\" data-type=\"wpmfgalleryimg\" data-lazy-src=\"https:\/\/www.carmelitaniscalzi.com\/wp-content\/uploads\/2025\/12\/Costa-d_avorio-2-150x150.jpeg\"><\/a><\/div><\/div><div class=\"wpmf-gallery-item\n     wpmf-gallery-item-position-2 wpmf-gallery-item-attachment-536950\" data-index=\"2\"><div class=\"wpmf-gallery-icon\"><a class=\" not_video noLightbox\" data-lightbox=\"1\" data-href=\"https:\/\/www.carmelitaniscalzi.com\/wp-content\/uploads\/2025\/12\/Costa-d_avorio-3-853x1024.jpeg\" title=\"Costa d_avorio 3\" target=\"_self\" data-index=\"2\"><img decoding=\"async\" class=\"wpmf_img\" alt=\"Costa d_avorio 3\" src=\"https:\/\/www.carmelitaniscalzi.com\/wp-content\/uploads\/2025\/12\/Costa-d_avorio-3-150x150.jpeg\" data-type=\"wpmfgalleryimg\" data-lazy-src=\"https:\/\/www.carmelitaniscalzi.com\/wp-content\/uploads\/2025\/12\/Costa-d_avorio-3-150x150.jpeg\"><\/a><\/div><\/div><div class=\"wpmf-gallery-item\n     wpmf-gallery-item-position-3 wpmf-gallery-item-attachment-536956\" data-index=\"3\"><div class=\"wpmf-gallery-icon\"><a class=\" not_video noLightbox\" data-lightbox=\"1\" data-href=\"https:\/\/www.carmelitaniscalzi.com\/wp-content\/uploads\/2025\/12\/Costa-d_avorio-4-1024x562.jpeg\" title=\"Costa d_avorio 4\" target=\"_self\" data-index=\"3\"><img decoding=\"async\" class=\"wpmf_img\" alt=\"Costa d_avorio 4\" src=\"https:\/\/www.carmelitaniscalzi.com\/wp-content\/uploads\/2025\/12\/Costa-d_avorio-4-150x150.jpeg\" data-type=\"wpmfgalleryimg\" data-lazy-src=\"https:\/\/www.carmelitaniscalzi.com\/wp-content\/uploads\/2025\/12\/Costa-d_avorio-4-150x150.jpeg\"><\/a><\/div><\/div><\/div><\/div>\n\n","protected":false},"excerpt":{"rendered":"<p>El domingo 19 de octubre de 2025 se celebr\u00f3 en Abiy\u00e1n la solemne misa de inauguraci\u00f3n del jubileo de plata de la presencia de los Frailes Carmelitas Descalcados en Costa de Marfil y la creaci\u00f3n de la parroquia de San Luis Gonzaga. En un ambiente festivo, los frailes de la Delegaci\u00f3n Provincial de Santa Teresa [&hellip;]<\/p>\n","protected":false},"author":7,"featured_media":536962,"comment_status":"closed","ping_status":"closed","sticky":false,"template":"","format":"standard","meta":{"_acf_changed":false,"footnotes":""},"categories":[174,263,372],"tags":[],"class_list":["post-537157","post","type-post","status-publish","format-standard","has-post-thumbnail","hentry","category-noticias-frailes","category-noticias-ocds","category-noticias"],"acf":[],"yoast_head":"<!-- This site is optimized with the Yoast SEO plugin v26.3 - https:\/\/yoast.com\/wordpress\/plugins\/seo\/ -->\n<title>Costa de Marfil: apertura del doble jubileo en Abiy\u00e1n - CARMELITAS DESCALZOS<\/title>\n<meta name=\"robots\" content=\"index, follow, max-snippet:-1, max-image-preview:large, max-video-preview:-1\" \/>\n<link rel=\"canonical\" href=\"https:\/\/www.carmelitaniscalzi.com\/es\/2025\/12\/08\/costa-de-marfil-apertura-del-doble-jubileo-en-abiyan\/\" \/>\n<meta property=\"og:locale\" content=\"es_ES\" \/>\n<meta property=\"og:type\" content=\"article\" \/>\n<meta property=\"og:title\" content=\"Costa de Marfil: apertura del doble jubileo en Abiy\u00e1n - CARMELITAS DESCALZOS\" \/>\n<meta property=\"og:description\" content=\"El domingo 19 de octubre de 2025 se celebr\u00f3 en Abiy\u00e1n la solemne misa de inauguraci\u00f3n del jubileo de plata de la presencia de los Frailes Carmelitas Descalcados en Costa de Marfil y la creaci\u00f3n de la parroquia de San Luis Gonzaga. En un ambiente festivo, los frailes de la Delegaci\u00f3n Provincial de Santa Teresa [&hellip;]\" \/>\n<meta property=\"og:url\" content=\"https:\/\/www.carmelitaniscalzi.com\/es\/2025\/12\/08\/costa-de-marfil-apertura-del-doble-jubileo-en-abiyan\/\" \/>\n<meta property=\"og:site_name\" content=\"CARMELITAS DESCALZOS\" \/>\n<meta property=\"article:publisher\" content=\"https:\/\/www.facebook.com\/Curia-Generalizia-Carmelitani-Scalzi-658766940887784\/\" \/>\n<meta property=\"article:published_time\" content=\"2025-12-07T23:38:56+00:00\" \/>\n<meta property=\"og:image\" content=\"https:\/\/www.carmelitaniscalzi.com\/wp-content\/uploads\/2025\/12\/cover_costa-avorio_11.2025.jpg\" \/>\n\t<meta property=\"og:image:width\" content=\"1200\" \/>\n\t<meta property=\"og:image:height\" content=\"800\" \/>\n\t<meta property=\"og:image:type\" content=\"image\/jpeg\" \/>\n<meta name=\"author\" content=\"ocd web master\" \/>\n<meta name=\"twitter:card\" content=\"summary_large_image\" \/>\n<meta name=\"twitter:creator\" content=\"@ocdcuria\" \/>\n<meta name=\"twitter:site\" content=\"@ocdcuria\" \/>\n<meta name=\"twitter:label1\" content=\"Escrito por\" \/>\n\t<meta name=\"twitter:data1\" content=\"ocd web master\" \/>\n\t<meta name=\"twitter:label2\" content=\"Tiempo de lectura\" \/>\n\t<meta name=\"twitter:data2\" content=\"1 minuto\" \/>\n<script type=\"application\/ld+json\" class=\"yoast-schema-graph\">{\"@context\":\"https:\/\/schema.org\",\"@graph\":[{\"@type\":\"Article\",\"@id\":\"https:\/\/www.carmelitaniscalzi.com\/es\/2025\/12\/08\/costa-de-marfil-apertura-del-doble-jubileo-en-abiyan\/#article\",\"isPartOf\":{\"@id\":\"https:\/\/www.carmelitaniscalzi.com\/es\/2025\/12\/08\/costa-de-marfil-apertura-del-doble-jubileo-en-abiyan\/\"},\"author\":{\"name\":\"ocd web master\",\"@id\":\"https:\/\/www.carmelitaniscalzi.com\/#\/schema\/person\/6d1c0d9bea7b6625c437246a5d6da409\"},\"headline\":\"Costa de Marfil: apertura del doble jubileo en Abiy\u00e1n\",\"datePublished\":\"2025-12-07T23:38:56+00:00\",\"mainEntityOfPage\":{\"@id\":\"https:\/\/www.carmelitaniscalzi.com\/es\/2025\/12\/08\/costa-de-marfil-apertura-del-doble-jubileo-en-abiyan\/\"},\"wordCount\":172,\"publisher\":{\"@id\":\"https:\/\/www.carmelitaniscalzi.com\/#organization\"},\"image\":{\"@id\":\"https:\/\/www.carmelitaniscalzi.com\/es\/2025\/12\/08\/costa-de-marfil-apertura-del-doble-jubileo-en-abiyan\/#primaryimage\"},\"thumbnailUrl\":\"https:\/\/www.carmelitaniscalzi.com\/wp-content\/uploads\/2025\/12\/cover_costa-avorio_11.2025.jpg\",\"articleSection\":[\"Noticias Frailes\",\"Noticias OCDS\",\"Noticias\"],\"inLanguage\":\"es\"},{\"@type\":\"WebPage\",\"@id\":\"https:\/\/www.carmelitaniscalzi.com\/es\/2025\/12\/08\/costa-de-marfil-apertura-del-doble-jubileo-en-abiyan\/\",\"url\":\"https:\/\/www.carmelitaniscalzi.com\/es\/2025\/12\/08\/costa-de-marfil-apertura-del-doble-jubileo-en-abiyan\/\",\"name\":\"Costa de Marfil: apertura del doble jubileo en Abiy\u00e1n - CARMELITAS DESCALZOS\",\"isPartOf\":{\"@id\":\"https:\/\/www.carmelitaniscalzi.com\/#website\"},\"primaryImageOfPage\":{\"@id\":\"https:\/\/www.carmelitaniscalzi.com\/es\/2025\/12\/08\/costa-de-marfil-apertura-del-doble-jubileo-en-abiyan\/#primaryimage\"},\"image\":{\"@id\":\"https:\/\/www.carmelitaniscalzi.com\/es\/2025\/12\/08\/costa-de-marfil-apertura-del-doble-jubileo-en-abiyan\/#primaryimage\"},\"thumbnailUrl\":\"https:\/\/www.carmelitaniscalzi.com\/wp-content\/uploads\/2025\/12\/cover_costa-avorio_11.2025.jpg\",\"datePublished\":\"2025-12-07T23:38:56+00:00\",\"breadcrumb\":{\"@id\":\"https:\/\/www.carmelitaniscalzi.com\/es\/2025\/12\/08\/costa-de-marfil-apertura-del-doble-jubileo-en-abiyan\/#breadcrumb\"},\"inLanguage\":\"es\",\"potentialAction\":[{\"@type\":\"ReadAction\",\"target\":[\"https:\/\/www.carmelitaniscalzi.com\/es\/2025\/12\/08\/costa-de-marfil-apertura-del-doble-jubileo-en-abiyan\/\"]}]},{\"@type\":\"ImageObject\",\"inLanguage\":\"es\",\"@id\":\"https:\/\/www.carmelitaniscalzi.com\/es\/2025\/12\/08\/costa-de-marfil-apertura-del-doble-jubileo-en-abiyan\/#primaryimage\",\"url\":\"https:\/\/www.carmelitaniscalzi.com\/wp-content\/uploads\/2025\/12\/cover_costa-avorio_11.2025.jpg\",\"contentUrl\":\"https:\/\/www.carmelitaniscalzi.com\/wp-content\/uploads\/2025\/12\/cover_costa-avorio_11.2025.jpg\",\"width\":1200,\"height\":800},{\"@type\":\"BreadcrumbList\",\"@id\":\"https:\/\/www.carmelitaniscalzi.com\/es\/2025\/12\/08\/costa-de-marfil-apertura-del-doble-jubileo-en-abiyan\/#breadcrumb\",\"itemListElement\":[{\"@type\":\"ListItem\",\"position\":1,\"name\":\"Home\",\"item\":\"https:\/\/www.carmelitaniscalzi.com\/es\/\"},{\"@type\":\"ListItem\",\"position\":2,\"name\":\"Costa de Marfil: apertura del doble jubileo en Abiy\u00e1n\"}]},{\"@type\":\"WebSite\",\"@id\":\"https:\/\/www.carmelitaniscalzi.com\/#website\",\"url\":\"https:\/\/www.carmelitaniscalzi.com\/\",\"name\":\"CARMELITANI SCALZI - Curia Generale del Carmelo Teresiano\",\"description\":\"Curia General del Carmelo Teresiano\",\"publisher\":{\"@id\":\"https:\/\/www.carmelitaniscalzi.com\/#organization\"},\"alternateName\":\"CARMELITANI SCALZI\",\"potentialAction\":[{\"@type\":\"SearchAction\",\"target\":{\"@type\":\"EntryPoint\",\"urlTemplate\":\"https:\/\/www.carmelitaniscalzi.com\/?s={search_term_string}\"},\"query-input\":{\"@type\":\"PropertyValueSpecification\",\"valueRequired\":true,\"valueName\":\"search_term_string\"}}],\"inLanguage\":\"es\"},{\"@type\":\"Organization\",\"@id\":\"https:\/\/www.carmelitaniscalzi.com\/#organization\",\"name\":\"CARMELITANI SCALZI - Curia Generale del Carmelo Teresiano\",\"url\":\"https:\/\/www.carmelitaniscalzi.com\/\",\"logo\":{\"@type\":\"ImageObject\",\"inLanguage\":\"es\",\"@id\":\"https:\/\/www.carmelitaniscalzi.com\/#\/schema\/logo\/image\/\",\"url\":\"https:\/\/www.carmelitaniscalzi.com\/wp-content\/uploads\/2025\/11\/login-logo.png\",\"contentUrl\":\"https:\/\/www.carmelitaniscalzi.com\/wp-content\/uploads\/2025\/11\/login-logo.png\",\"width\":256,\"height\":256,\"caption\":\"CARMELITANI SCALZI - Curia Generale del Carmelo Teresiano\"},\"image\":{\"@id\":\"https:\/\/www.carmelitaniscalzi.com\/#\/schema\/logo\/image\/\"},\"sameAs\":[\"https:\/\/www.facebook.com\/Curia-Generalizia-Carmelitani-Scalzi-658766940887784\/\",\"https:\/\/x.com\/ocdcuria\",\"https:\/\/www.youtube.com\/channel\/UC2J5ZL0ycOY0qBSTCLX_NGQ\/videos\",\"https:\/\/www.instagram.com\/ocdinform\/\"]},{\"@type\":\"Person\",\"@id\":\"https:\/\/www.carmelitaniscalzi.com\/#\/schema\/person\/6d1c0d9bea7b6625c437246a5d6da409\",\"name\":\"ocd web master\",\"image\":{\"@type\":\"ImageObject\",\"inLanguage\":\"es\",\"@id\":\"https:\/\/www.carmelitaniscalzi.com\/#\/schema\/person\/image\/\",\"url\":\"https:\/\/secure.gravatar.com\/avatar\/41fbc5f82bad909fbaf2984c43fa50d8519ac5853e25b454d022b6868f80d0e7?s=96&d=mm&r=g\",\"contentUrl\":\"https:\/\/secure.gravatar.com\/avatar\/41fbc5f82bad909fbaf2984c43fa50d8519ac5853e25b454d022b6868f80d0e7?s=96&d=mm&r=g\",\"caption\":\"ocd web master\"},\"url\":\"https:\/\/www.carmelitaniscalzi.com\/es\/author\/ocdwebmaster\/\"}]}<\/script>\n<!-- \/ Yoast SEO plugin. -->","yoast_head_json":{"title":"Costa de Marfil: apertura del doble jubileo en Abiy\u00e1n - CARMELITAS DESCALZOS","robots":{"index":"index","follow":"follow","max-snippet":"max-snippet:-1","max-image-preview":"max-image-preview:large","max-video-preview":"max-video-preview:-1"},"canonical":"https:\/\/www.carmelitaniscalzi.com\/es\/2025\/12\/08\/costa-de-marfil-apertura-del-doble-jubileo-en-abiyan\/","og_locale":"es_ES","og_type":"article","og_title":"Costa de Marfil: apertura del doble jubileo en Abiy\u00e1n - CARMELITAS DESCALZOS","og_description":"El domingo 19 de octubre de 2025 se celebr\u00f3 en Abiy\u00e1n la solemne misa de inauguraci\u00f3n del jubileo de plata de la presencia de los Frailes Carmelitas Descalcados en Costa de Marfil y la creaci\u00f3n de la parroquia de San Luis Gonzaga. En un ambiente festivo, los frailes de la Delegaci\u00f3n Provincial de Santa Teresa [&hellip;]","og_url":"https:\/\/www.carmelitaniscalzi.com\/es\/2025\/12\/08\/costa-de-marfil-apertura-del-doble-jubileo-en-abiyan\/","og_site_name":"CARMELITAS DESCALZOS","article_publisher":"https:\/\/www.facebook.com\/Curia-Generalizia-Carmelitani-Scalzi-658766940887784\/","article_published_time":"2025-12-07T23:38:56+00:00","og_image":[{"width":1200,"height":800,"url":"https:\/\/www.carmelitaniscalzi.com\/wp-content\/uploads\/2025\/12\/cover_costa-avorio_11.2025.jpg","type":"image\/jpeg"}],"author":"ocd web master","twitter_card":"summary_large_image","twitter_creator":"@ocdcuria","twitter_site":"@ocdcuria","twitter_misc":{"Escrito por":"ocd web master","Tiempo de lectura":"1 minuto"},"schema":{"@context":"https:\/\/schema.org","@graph":[{"@type":"Article","@id":"https:\/\/www.carmelitaniscalzi.com\/es\/2025\/12\/08\/costa-de-marfil-apertura-del-doble-jubileo-en-abiyan\/#article","isPartOf":{"@id":"https:\/\/www.carmelitaniscalzi.com\/es\/2025\/12\/08\/costa-de-marfil-apertura-del-doble-jubileo-en-abiyan\/"},"author":{"name":"ocd web master","@id":"https:\/\/www.carmelitaniscalzi.com\/#\/schema\/person\/6d1c0d9bea7b6625c437246a5d6da409"},"headline":"Costa de Marfil: apertura del doble jubileo en Abiy\u00e1n","datePublished":"2025-12-07T23:38:56+00:00","mainEntityOfPage":{"@id":"https:\/\/www.carmelitaniscalzi.com\/es\/2025\/12\/08\/costa-de-marfil-apertura-del-doble-jubileo-en-abiyan\/"},"wordCount":172,"publisher":{"@id":"https:\/\/www.carmelitaniscalzi.com\/#organization"},"image":{"@id":"https:\/\/www.carmelitaniscalzi.com\/es\/2025\/12\/08\/costa-de-marfil-apertura-del-doble-jubileo-en-abiyan\/#primaryimage"},"thumbnailUrl":"https:\/\/www.carmelitaniscalzi.com\/wp-content\/uploads\/2025\/12\/cover_costa-avorio_11.2025.jpg","articleSection":["Noticias Frailes","Noticias OCDS","Noticias"],"inLanguage":"es"},{"@type":"WebPage","@id":"https:\/\/www.carmelitaniscalzi.com\/es\/2025\/12\/08\/costa-de-marfil-apertura-del-doble-jubileo-en-abiyan\/","url":"https:\/\/www.carmelitaniscalzi.com\/es\/2025\/12\/08\/costa-de-marfil-apertura-del-doble-jubileo-en-abiyan\/","name":"Costa de Marfil: apertura del doble jubileo en Abiy\u00e1n - CARMELITAS DESCALZOS","isPartOf":{"@id":"https:\/\/www.carmelitaniscalzi.com\/#website"},"primaryImageOfPage":{"@id":"https:\/\/www.carmelitaniscalzi.com\/es\/2025\/12\/08\/costa-de-marfil-apertura-del-doble-jubileo-en-abiyan\/#primaryimage"},"image":{"@id":"https:\/\/www.carmelitaniscalzi.com\/es\/2025\/12\/08\/costa-de-marfil-apertura-del-doble-jubileo-en-abiyan\/#primaryimage"},"thumbnailUrl":"https:\/\/www.carmelitaniscalzi.com\/wp-content\/uploads\/2025\/12\/cover_costa-avorio_11.2025.jpg","datePublished":"2025-12-07T23:38:56+00:00","breadcrumb":{"@id":"https:\/\/www.carmelitaniscalzi.com\/es\/2025\/12\/08\/costa-de-marfil-apertura-del-doble-jubileo-en-abiyan\/#breadcrumb"},"inLanguage":"es","potentialAction":[{"@type":"ReadAction","target":["https:\/\/www.carmelitaniscalzi.com\/es\/2025\/12\/08\/costa-de-marfil-apertura-del-doble-jubileo-en-abiyan\/"]}]},{"@type":"ImageObject","inLanguage":"es","@id":"https:\/\/www.carmelitaniscalzi.com\/es\/2025\/12\/08\/costa-de-marfil-apertura-del-doble-jubileo-en-abiyan\/#primaryimage","url":"https:\/\/www.carmelitaniscalzi.com\/wp-content\/uploads\/2025\/12\/cover_costa-avorio_11.2025.jpg","contentUrl":"https:\/\/www.carmelitaniscalzi.com\/wp-content\/uploads\/2025\/12\/cover_costa-avorio_11.2025.jpg","width":1200,"height":800},{"@type":"BreadcrumbList","@id":"https:\/\/www.carmelitaniscalzi.com\/es\/2025\/12\/08\/costa-de-marfil-apertura-del-doble-jubileo-en-abiyan\/#breadcrumb","itemListElement":[{"@type":"ListItem","position":1,"name":"Home","item":"https:\/\/www.carmelitaniscalzi.com\/es\/"},{"@type":"ListItem","position":2,"name":"Costa de Marfil: apertura del doble jubileo en Abiy\u00e1n"}]},{"@type":"WebSite","@id":"https:\/\/www.carmelitaniscalzi.com\/#website","url":"https:\/\/www.carmelitaniscalzi.com\/","name":"CARMELITANI SCALZI - Curia Generale del Carmelo Teresiano","description":"Curia General del Carmelo Teresiano","publisher":{"@id":"https:\/\/www.carmelitaniscalzi.com\/#organization"},"alternateName":"CARMELITANI SCALZI","potentialAction":[{"@type":"SearchAction","target":{"@type":"EntryPoint","urlTemplate":"https:\/\/www.carmelitaniscalzi.com\/?s={search_term_string}"},"query-input":{"@type":"PropertyValueSpecification","valueRequired":true,"valueName":"search_term_string"}}],"inLanguage":"es"},{"@type":"Organization","@id":"https:\/\/www.carmelitaniscalzi.com\/#organization","name":"CARMELITANI SCALZI - Curia Generale del Carmelo Teresiano","url":"https:\/\/www.carmelitaniscalzi.com\/","logo":{"@type":"ImageObject","inLanguage":"es","@id":"https:\/\/www.carmelitaniscalzi.com\/#\/schema\/logo\/image\/","url":"https:\/\/www.carmelitaniscalzi.com\/wp-content\/uploads\/2025\/11\/login-logo.png","contentUrl":"https:\/\/www.carmelitaniscalzi.com\/wp-content\/uploads\/2025\/11\/login-logo.png","width":256,"height":256,"caption":"CARMELITANI SCALZI - Curia Generale del Carmelo Teresiano"},"image":{"@id":"https:\/\/www.carmelitaniscalzi.com\/#\/schema\/logo\/image\/"},"sameAs":["https:\/\/www.facebook.com\/Curia-Generalizia-Carmelitani-Scalzi-658766940887784\/","https:\/\/x.com\/ocdcuria","https:\/\/www.youtube.com\/channel\/UC2J5ZL0ycOY0qBSTCLX_NGQ\/videos","https:\/\/www.instagram.com\/ocdinform\/"]},{"@type":"Person","@id":"https:\/\/www.carmelitaniscalzi.com\/#\/schema\/person\/6d1c0d9bea7b6625c437246a5d6da409","name":"ocd web master","image":{"@type":"ImageObject","inLanguage":"es","@id":"https:\/\/www.carmelitaniscalzi.com\/#\/schema\/person\/image\/","url":"https:\/\/secure.gravatar.com\/avatar\/41fbc5f82bad909fbaf2984c43fa50d8519ac5853e25b454d022b6868f80d0e7?s=96&d=mm&r=g","contentUrl":"https:\/\/secure.gravatar.com\/avatar\/41fbc5f82bad909fbaf2984c43fa50d8519ac5853e25b454d022b6868f80d0e7?s=96&d=mm&r=g","caption":"ocd web master"},"url":"https:\/\/www.carmelitaniscalzi.com\/es\/author\/ocdwebmaster\/"}]}},"_links":{"self":[{"href":"https:\/\/www.carmelitaniscalzi.com\/es\/wp-json\/wp\/v2\/posts\/537157","targetHints":{"allow":["GET"]}}],"collection":[{"href":"https:\/\/www.carmelitaniscalzi.com\/es\/wp-json\/wp\/v2\/posts"}],"about":[{"href":"https:\/\/www.carmelitaniscalzi.com\/es\/wp-json\/wp\/v2\/types\/post"}],"author":[{"embeddable":true,"href":"https:\/\/www.carmelitaniscalzi.com\/es\/wp-json\/wp\/v2\/users\/7"}],"replies":[{"embeddable":true,"href":"https:\/\/www.carmelitaniscalzi.com\/es\/wp-json\/wp\/v2\/comments?post=537157"}],"version-history":[{"count":1,"href":"https:\/\/www.carmelitaniscalzi.com\/es\/wp-json\/wp\/v2\/posts\/537157\/revisions"}],"predecessor-version":[{"id":537158,"href":"https:\/\/www.carmelitaniscalzi.com\/es\/wp-json\/wp\/v2\/posts\/537157\/revisions\/537158"}],"wp:featuredmedia":[{"embeddable":true,"href":"https:\/\/www.carmelitaniscalzi.com\/es\/wp-json\/wp\/v2\/media\/536962"}],"wp:attachment":[{"href":"https:\/\/www.carmelitaniscalzi.com\/es\/wp-json\/wp\/v2\/media?parent=537157"}],"wp:term":[{"taxonomy":"category","embeddable":true,"href":"https:\/\/www.carmelitaniscalzi.com\/es\/wp-json\/wp\/v2\/categories?post=537157"},{"taxonomy":"post_tag","embeddable":true,"href":"https:\/\/www.carmelitaniscalzi.com\/es\/wp-json\/wp\/v2\/tags?post=537157"}],"curies":[{"name":"wp","href":"https:\/\/api.w.org\/{rel}","templated":true}]}}