{"id":526353,"date":"2025-11-28T01:00:39","date_gmt":"2025-11-28T00:00:39","guid":{"rendered":"https:\/\/www.carmelitaniscalzi.com\/?p=526353"},"modified":"2025-11-06T01:32:06","modified_gmt":"2025-11-06T00:32:06","slug":"indonesia-2o-festival-coral-carmelitano-2025-en-el-corazon-de-la-iglesia-sere-amada","status":"publish","type":"post","link":"https:\/\/www.carmelitaniscalzi.com\/es\/2025\/11\/28\/indonesia-2o-festival-coral-carmelitano-2025-en-el-corazon-de-la-iglesia-sere-amada\/","title":{"rendered":"Indonesia: 2\u00ba Festival Coral Carmelitano 2025 \u2013 \u00abEn el coraz\u00f3n de la Iglesia, ser\u00e9 amada\u00bb"},"content":{"rendered":"<p>El 2\u00ba Festival Coral del Carmelo 2025 se celebr\u00f3 del 3 al 5 de octubre del 2025 en el Monasterio del Carmelo Descalzo de Santa Mar\u00eda de Bel\u00e9n, en Lembang \u2013 Java Occidental (Indonesia), con motivo del centenario de la canonizaci\u00f3n de Santa Teresa de Lisieux. El festival reuni\u00f3 a 36 coros de tres categor\u00edas: infantil, juvenil mixto y adulto mixto. Los participantes proced\u00edan de las di\u00f3cesis de Bandung, Bogor y Yakarta, as\u00ed como de varias escuelas cat\u00f3licas de Java Occidental y Yakarta. El evento reuni\u00f3 a unas 1.000 personas, entre participantes, directores, padres y miembros del comit\u00e9, creando un ambiente entra\u00f1able e \u00edntimo de fe, fraternidad y canto.<\/p>\n<p>Los concursos para coros mixtos infantiles y juveniles se celebraron el 3 de octubre, seguidos por el concurso para coros mixtos de adultos el 4 de octubre. El \u00faltimo d\u00eda se realizaron sesiones de \u00abEncuentro con el jurado\u00bb, talleres de direcci\u00f3n y t\u00e9cnica vocal, que concluyeron con la entrega de premios y el saludo.<\/p>\n<p>En su sencillez, alegr\u00eda y convivencia, este Festival se ha convertido en un momento de gracia y una propuesta de canto, fe y amor, que brota del coraz\u00f3n de la Iglesia.<\/p>\n<p>&nbsp;<\/p>\n<div class=\"wpmf-gallerys wpmf-gallerys-life \" ><div id=\"gallery-1\"\n data-gutter-width=\"5\"\n  data-wpmfcolumns=\"6\" class=\"wpmf-gallery gallery-link-file gallery_life gallery-masonry gallery-columns-6 gallery-size-thumbnail wpmf-gallery-bottomspace-default wpmf-gallery-clear wpmf-has-border-radius-0 wpmf-gutterwidth-5\"><div class=\"wpmf-gallery-item\n     wpmf-gallery-item-position-0 wpmf-gallery-item-attachment-526219\" data-index=\"0\"><div class=\"wpmf-gallery-icon\"><a class=\" not_video noLightbox\" data-lightbox=\"1\" data-href=\"https:\/\/www.carmelitaniscalzi.com\/wp-content\/uploads\/2025\/11\/Indonesia-1-1024x683.jpg\" title=\"Indonesia 1\" target=\"_self\" data-index=\"0\"><img decoding=\"async\" class=\"wpmf_img\" alt=\"Indonesia 1\" src=\"https:\/\/www.carmelitaniscalzi.com\/wp-content\/uploads\/2025\/11\/Indonesia-1-150x150.jpg\" data-type=\"wpmfgalleryimg\" data-lazy-src=\"https:\/\/www.carmelitaniscalzi.com\/wp-content\/uploads\/2025\/11\/Indonesia-1-150x150.jpg\"><\/a><\/div><\/div><div class=\"wpmf-gallery-item\n     wpmf-gallery-item-position-1 wpmf-gallery-item-attachment-526225\" data-index=\"1\"><div class=\"wpmf-gallery-icon\"><a class=\" not_video noLightbox\" data-lightbox=\"1\" data-href=\"https:\/\/www.carmelitaniscalzi.com\/wp-content\/uploads\/2025\/11\/Indonesia-2-683x1024.jpg\" title=\"Indonesia 2\" target=\"_self\" data-index=\"1\"><img decoding=\"async\" class=\"wpmf_img\" alt=\"Indonesia 2\" src=\"https:\/\/www.carmelitaniscalzi.com\/wp-content\/uploads\/2025\/11\/Indonesia-2-150x150.jpg\" data-type=\"wpmfgalleryimg\" data-lazy-src=\"https:\/\/www.carmelitaniscalzi.com\/wp-content\/uploads\/2025\/11\/Indonesia-2-150x150.jpg\"><\/a><\/div><\/div><div class=\"wpmf-gallery-item\n     wpmf-gallery-item-position-2 wpmf-gallery-item-attachment-526231\" data-index=\"2\"><div class=\"wpmf-gallery-icon\"><a class=\" not_video noLightbox\" data-lightbox=\"1\" data-href=\"https:\/\/www.carmelitaniscalzi.com\/wp-content\/uploads\/2025\/11\/Indonesia-3-1024x683.jpg\" title=\"Indonesia 3\" target=\"_self\" data-index=\"2\"><img decoding=\"async\" class=\"wpmf_img\" alt=\"Indonesia 3\" src=\"https:\/\/www.carmelitaniscalzi.com\/wp-content\/uploads\/2025\/11\/Indonesia-3-150x150.jpg\" data-type=\"wpmfgalleryimg\" data-lazy-src=\"https:\/\/www.carmelitaniscalzi.com\/wp-content\/uploads\/2025\/11\/Indonesia-3-150x150.jpg\"><\/a><\/div><\/div><div class=\"wpmf-gallery-item\n     wpmf-gallery-item-position-3 wpmf-gallery-item-attachment-526237\" data-index=\"3\"><div class=\"wpmf-gallery-icon\"><a class=\" not_video noLightbox\" data-lightbox=\"1\" data-href=\"https:\/\/www.carmelitaniscalzi.com\/wp-content\/uploads\/2025\/11\/Indonesia-4-1024x683.jpg\" title=\"Indonesia 4\" target=\"_self\" data-index=\"3\"><img decoding=\"async\" class=\"wpmf_img\" alt=\"Indonesia 4\" src=\"https:\/\/www.carmelitaniscalzi.com\/wp-content\/uploads\/2025\/11\/Indonesia-4-150x150.jpg\" data-type=\"wpmfgalleryimg\" data-lazy-src=\"https:\/\/www.carmelitaniscalzi.com\/wp-content\/uploads\/2025\/11\/Indonesia-4-150x150.jpg\"><\/a><\/div><\/div><div class=\"wpmf-gallery-item\n     wpmf-gallery-item-position-4 wpmf-gallery-item-attachment-526243\" data-index=\"4\"><div class=\"wpmf-gallery-icon\"><a class=\" not_video noLightbox\" data-lightbox=\"1\" data-href=\"https:\/\/www.carmelitaniscalzi.com\/wp-content\/uploads\/2025\/11\/Indonesia-5-1024x683.jpg\" title=\"Indonesia 5\" target=\"_self\" data-index=\"4\"><img decoding=\"async\" class=\"wpmf_img\" alt=\"Indonesia 5\" src=\"https:\/\/www.carmelitaniscalzi.com\/wp-content\/uploads\/2025\/11\/Indonesia-5-150x150.jpg\" data-type=\"wpmfgalleryimg\" data-lazy-src=\"https:\/\/www.carmelitaniscalzi.com\/wp-content\/uploads\/2025\/11\/Indonesia-5-150x150.jpg\"><\/a><\/div><\/div><div class=\"wpmf-gallery-item\n     wpmf-gallery-item-position-5 wpmf-gallery-item-attachment-526249\" data-index=\"5\"><div class=\"wpmf-gallery-icon\"><a class=\" not_video noLightbox\" data-lightbox=\"1\" data-href=\"https:\/\/www.carmelitaniscalzi.com\/wp-content\/uploads\/2025\/11\/Indonesia-6-1024x683.jpg\" title=\"Indonesia 6\" target=\"_self\" data-index=\"5\"><img decoding=\"async\" class=\"wpmf_img\" alt=\"Indonesia 6\" src=\"https:\/\/www.carmelitaniscalzi.com\/wp-content\/uploads\/2025\/11\/Indonesia-6-150x150.jpg\" data-type=\"wpmfgalleryimg\" data-lazy-src=\"https:\/\/www.carmelitaniscalzi.com\/wp-content\/uploads\/2025\/11\/Indonesia-6-150x150.jpg\"><\/a><\/div><\/div><\/div><\/div>\n\n","protected":false},"excerpt":{"rendered":"<p>El 2\u00ba Festival Coral del Carmelo 2025 se celebr\u00f3 del 3 al 5 de octubre del 2025 en el Monasterio del Carmelo Descalzo de Santa Mar\u00eda de Bel\u00e9n, en Lembang \u2013 Java Occidental (Indonesia), con motivo del centenario de la canonizaci\u00f3n de Santa Teresa de Lisieux. El festival reuni\u00f3 a 36 coros de tres categor\u00edas: [&hellip;]<\/p>\n","protected":false},"author":7,"featured_media":526255,"comment_status":"closed","ping_status":"closed","sticky":false,"template":"","format":"standard","meta":{"_acf_changed":false,"footnotes":""},"categories":[174,372],"tags":[],"class_list":["post-526353","post","type-post","status-publish","format-standard","has-post-thumbnail","hentry","category-noticias-frailes","category-noticias"],"acf":[],"yoast_head":"<!-- This site is optimized with the Yoast SEO plugin v26.3 - https:\/\/yoast.com\/wordpress\/plugins\/seo\/ -->\n<title>Indonesia: 2\u00ba Festival Coral Carmelitano 2025 \u2013 &quot;En el coraz\u00f3n de la Iglesia, ser\u00e9 amada&quot; - CARMELITAS DESCALZOS<\/title>\n<meta name=\"robots\" content=\"index, follow, max-snippet:-1, max-image-preview:large, max-video-preview:-1\" \/>\n<link rel=\"canonical\" href=\"https:\/\/www.carmelitaniscalzi.com\/2025\/11\/28\/2-carmelitarum-choral-festival-2025-nel-cuore-della-chiesa-saro-amata\/\" \/>\n<meta property=\"og:locale\" content=\"es_ES\" \/>\n<meta property=\"og:type\" content=\"article\" \/>\n<meta property=\"og:title\" content=\"Indonesia: 2\u00ba Festival Coral Carmelitano 2025 \u2013 &quot;En el coraz\u00f3n de la Iglesia, ser\u00e9 amada&quot; - CARMELITAS DESCALZOS\" \/>\n<meta property=\"og:description\" content=\"El 2\u00ba Festival Coral del Carmelo 2025 se celebr\u00f3 del 3 al 5 de octubre del 2025 en el Monasterio del Carmelo Descalzo de Santa Mar\u00eda de Bel\u00e9n, en Lembang \u2013 Java Occidental (Indonesia), con motivo del centenario de la canonizaci\u00f3n de Santa Teresa de Lisieux. El festival reuni\u00f3 a 36 coros de tres categor\u00edas: [&hellip;]\" \/>\n<meta property=\"og:url\" content=\"https:\/\/www.carmelitaniscalzi.com\/2025\/11\/28\/2-carmelitarum-choral-festival-2025-nel-cuore-della-chiesa-saro-amata\/\" \/>\n<meta property=\"og:site_name\" content=\"CARMELITAS DESCALZOS\" \/>\n<meta property=\"article:publisher\" content=\"https:\/\/www.facebook.com\/Curia-Generalizia-Carmelitani-Scalzi-658766940887784\/\" \/>\n<meta property=\"article:published_time\" content=\"2025-11-28T00:00:39+00:00\" \/>\n<meta property=\"og:image\" content=\"https:\/\/www.carmelitaniscalzi.com\/wp-content\/uploads\/2025\/11\/cover_indonesia_10.2025.jpg\" \/>\n\t<meta property=\"og:image:width\" content=\"1200\" \/>\n\t<meta property=\"og:image:height\" content=\"800\" \/>\n\t<meta property=\"og:image:type\" content=\"image\/jpeg\" \/>\n<meta name=\"author\" content=\"ocd web master\" \/>\n<meta name=\"twitter:card\" content=\"summary_large_image\" \/>\n<meta name=\"twitter:creator\" content=\"@ocdcuria\" \/>\n<meta name=\"twitter:site\" content=\"@ocdcuria\" \/>\n<meta name=\"twitter:label1\" content=\"Escrito por\" \/>\n\t<meta name=\"twitter:data1\" content=\"ocd web master\" \/>\n\t<meta name=\"twitter:label2\" content=\"Tiempo de lectura\" \/>\n\t<meta name=\"twitter:data2\" content=\"2 minutos\" \/>\n<script type=\"application\/ld+json\" class=\"yoast-schema-graph\">{\"@context\":\"https:\/\/schema.org\",\"@graph\":[{\"@type\":\"Article\",\"@id\":\"https:\/\/www.carmelitaniscalzi.com\/2025\/11\/28\/2-carmelitarum-choral-festival-2025-nel-cuore-della-chiesa-saro-amata\/#article\",\"isPartOf\":{\"@id\":\"https:\/\/www.carmelitaniscalzi.com\/2025\/11\/28\/2-carmelitarum-choral-festival-2025-nel-cuore-della-chiesa-saro-amata\/\"},\"author\":{\"name\":\"ocd web master\",\"@id\":\"https:\/\/www.carmelitaniscalzi.com\/#\/schema\/person\/6d1c0d9bea7b6625c437246a5d6da409\"},\"headline\":\"Indonesia: 2\u00ba Festival Coral Carmelitano 2025 \u2013 \u00abEn el coraz\u00f3n de la Iglesia, ser\u00e9 amada\u00bb\",\"datePublished\":\"2025-11-28T00:00:39+00:00\",\"mainEntityOfPage\":{\"@id\":\"https:\/\/www.carmelitaniscalzi.com\/2025\/11\/28\/2-carmelitarum-choral-festival-2025-nel-cuore-della-chiesa-saro-amata\/\"},\"wordCount\":221,\"publisher\":{\"@id\":\"https:\/\/www.carmelitaniscalzi.com\/#organization\"},\"image\":{\"@id\":\"https:\/\/www.carmelitaniscalzi.com\/2025\/11\/28\/2-carmelitarum-choral-festival-2025-nel-cuore-della-chiesa-saro-amata\/#primaryimage\"},\"thumbnailUrl\":\"https:\/\/www.carmelitaniscalzi.com\/wp-content\/uploads\/2025\/11\/cover_indonesia_10.2025.jpg\",\"articleSection\":[\"Noticias Frailes\",\"Noticias\"],\"inLanguage\":\"es\"},{\"@type\":\"WebPage\",\"@id\":\"https:\/\/www.carmelitaniscalzi.com\/2025\/11\/28\/2-carmelitarum-choral-festival-2025-nel-cuore-della-chiesa-saro-amata\/\",\"url\":\"https:\/\/www.carmelitaniscalzi.com\/2025\/11\/28\/2-carmelitarum-choral-festival-2025-nel-cuore-della-chiesa-saro-amata\/\",\"name\":\"Indonesia: 2\u00ba Festival Coral Carmelitano 2025 \u2013 \\\"En el coraz\u00f3n de la Iglesia, ser\u00e9 amada\\\" - CARMELITAS DESCALZOS\",\"isPartOf\":{\"@id\":\"https:\/\/www.carmelitaniscalzi.com\/#website\"},\"primaryImageOfPage\":{\"@id\":\"https:\/\/www.carmelitaniscalzi.com\/2025\/11\/28\/2-carmelitarum-choral-festival-2025-nel-cuore-della-chiesa-saro-amata\/#primaryimage\"},\"image\":{\"@id\":\"https:\/\/www.carmelitaniscalzi.com\/2025\/11\/28\/2-carmelitarum-choral-festival-2025-nel-cuore-della-chiesa-saro-amata\/#primaryimage\"},\"thumbnailUrl\":\"https:\/\/www.carmelitaniscalzi.com\/wp-content\/uploads\/2025\/11\/cover_indonesia_10.2025.jpg\",\"datePublished\":\"2025-11-28T00:00:39+00:00\",\"breadcrumb\":{\"@id\":\"https:\/\/www.carmelitaniscalzi.com\/2025\/11\/28\/2-carmelitarum-choral-festival-2025-nel-cuore-della-chiesa-saro-amata\/#breadcrumb\"},\"inLanguage\":\"es\",\"potentialAction\":[{\"@type\":\"ReadAction\",\"target\":[\"https:\/\/www.carmelitaniscalzi.com\/2025\/11\/28\/2-carmelitarum-choral-festival-2025-nel-cuore-della-chiesa-saro-amata\/\"]}]},{\"@type\":\"ImageObject\",\"inLanguage\":\"es\",\"@id\":\"https:\/\/www.carmelitaniscalzi.com\/2025\/11\/28\/2-carmelitarum-choral-festival-2025-nel-cuore-della-chiesa-saro-amata\/#primaryimage\",\"url\":\"https:\/\/www.carmelitaniscalzi.com\/wp-content\/uploads\/2025\/11\/cover_indonesia_10.2025.jpg\",\"contentUrl\":\"https:\/\/www.carmelitaniscalzi.com\/wp-content\/uploads\/2025\/11\/cover_indonesia_10.2025.jpg\",\"width\":1200,\"height\":800},{\"@type\":\"BreadcrumbList\",\"@id\":\"https:\/\/www.carmelitaniscalzi.com\/2025\/11\/28\/2-carmelitarum-choral-festival-2025-nel-cuore-della-chiesa-saro-amata\/#breadcrumb\",\"itemListElement\":[{\"@type\":\"ListItem\",\"position\":1,\"name\":\"Home\",\"item\":\"https:\/\/www.carmelitaniscalzi.com\/es\/\"},{\"@type\":\"ListItem\",\"position\":2,\"name\":\"Indonesia: 2\u00ba Festival Coral Carmelitano 2025 \u2013 &#8220;En el coraz\u00f3n de la Iglesia, ser\u00e9 amada&#8221;\"}]},{\"@type\":\"WebSite\",\"@id\":\"https:\/\/www.carmelitaniscalzi.com\/#website\",\"url\":\"https:\/\/www.carmelitaniscalzi.com\/\",\"name\":\"CARMELITANI SCALZI - Curia Generale del Carmelo Teresiano\",\"description\":\"Curia General del Carmelo Teresiano\",\"publisher\":{\"@id\":\"https:\/\/www.carmelitaniscalzi.com\/#organization\"},\"alternateName\":\"CARMELITANI SCALZI\",\"potentialAction\":[{\"@type\":\"SearchAction\",\"target\":{\"@type\":\"EntryPoint\",\"urlTemplate\":\"https:\/\/www.carmelitaniscalzi.com\/?s={search_term_string}\"},\"query-input\":{\"@type\":\"PropertyValueSpecification\",\"valueRequired\":true,\"valueName\":\"search_term_string\"}}],\"inLanguage\":\"es\"},{\"@type\":\"Organization\",\"@id\":\"https:\/\/www.carmelitaniscalzi.com\/#organization\",\"name\":\"CARMELITANI SCALZI - Curia Generale del Carmelo Teresiano\",\"url\":\"https:\/\/www.carmelitaniscalzi.com\/\",\"logo\":{\"@type\":\"ImageObject\",\"inLanguage\":\"es\",\"@id\":\"https:\/\/www.carmelitaniscalzi.com\/#\/schema\/logo\/image\/\",\"url\":\"https:\/\/www.carmelitaniscalzi.com\/wp-content\/uploads\/2025\/11\/login-logo.png\",\"contentUrl\":\"https:\/\/www.carmelitaniscalzi.com\/wp-content\/uploads\/2025\/11\/login-logo.png\",\"width\":256,\"height\":256,\"caption\":\"CARMELITANI SCALZI - Curia Generale del Carmelo Teresiano\"},\"image\":{\"@id\":\"https:\/\/www.carmelitaniscalzi.com\/#\/schema\/logo\/image\/\"},\"sameAs\":[\"https:\/\/www.facebook.com\/Curia-Generalizia-Carmelitani-Scalzi-658766940887784\/\",\"https:\/\/x.com\/ocdcuria\",\"https:\/\/www.youtube.com\/channel\/UC2J5ZL0ycOY0qBSTCLX_NGQ\/videos\",\"https:\/\/www.instagram.com\/ocdinform\/\"]},{\"@type\":\"Person\",\"@id\":\"https:\/\/www.carmelitaniscalzi.com\/#\/schema\/person\/6d1c0d9bea7b6625c437246a5d6da409\",\"name\":\"ocd web master\",\"image\":{\"@type\":\"ImageObject\",\"inLanguage\":\"es\",\"@id\":\"https:\/\/www.carmelitaniscalzi.com\/#\/schema\/person\/image\/\",\"url\":\"https:\/\/secure.gravatar.com\/avatar\/41fbc5f82bad909fbaf2984c43fa50d8519ac5853e25b454d022b6868f80d0e7?s=96&d=mm&r=g\",\"contentUrl\":\"https:\/\/secure.gravatar.com\/avatar\/41fbc5f82bad909fbaf2984c43fa50d8519ac5853e25b454d022b6868f80d0e7?s=96&d=mm&r=g\",\"caption\":\"ocd web master\"},\"url\":\"https:\/\/www.carmelitaniscalzi.com\/es\/author\/ocdwebmaster\/\"}]}<\/script>\n<!-- \/ Yoast SEO plugin. -->","yoast_head_json":{"title":"Indonesia: 2\u00ba Festival Coral Carmelitano 2025 \u2013 \"En el coraz\u00f3n de la Iglesia, ser\u00e9 amada\" - CARMELITAS DESCALZOS","robots":{"index":"index","follow":"follow","max-snippet":"max-snippet:-1","max-image-preview":"max-image-preview:large","max-video-preview":"max-video-preview:-1"},"canonical":"https:\/\/www.carmelitaniscalzi.com\/2025\/11\/28\/2-carmelitarum-choral-festival-2025-nel-cuore-della-chiesa-saro-amata\/","og_locale":"es_ES","og_type":"article","og_title":"Indonesia: 2\u00ba Festival Coral Carmelitano 2025 \u2013 \"En el coraz\u00f3n de la Iglesia, ser\u00e9 amada\" - CARMELITAS DESCALZOS","og_description":"El 2\u00ba Festival Coral del Carmelo 2025 se celebr\u00f3 del 3 al 5 de octubre del 2025 en el Monasterio del Carmelo Descalzo de Santa Mar\u00eda de Bel\u00e9n, en Lembang \u2013 Java Occidental (Indonesia), con motivo del centenario de la canonizaci\u00f3n de Santa Teresa de Lisieux. El festival reuni\u00f3 a 36 coros de tres categor\u00edas: [&hellip;]","og_url":"https:\/\/www.carmelitaniscalzi.com\/2025\/11\/28\/2-carmelitarum-choral-festival-2025-nel-cuore-della-chiesa-saro-amata\/","og_site_name":"CARMELITAS DESCALZOS","article_publisher":"https:\/\/www.facebook.com\/Curia-Generalizia-Carmelitani-Scalzi-658766940887784\/","article_published_time":"2025-11-28T00:00:39+00:00","og_image":[{"width":1200,"height":800,"url":"https:\/\/www.carmelitaniscalzi.com\/wp-content\/uploads\/2025\/11\/cover_indonesia_10.2025.jpg","type":"image\/jpeg"}],"author":"ocd web master","twitter_card":"summary_large_image","twitter_creator":"@ocdcuria","twitter_site":"@ocdcuria","twitter_misc":{"Escrito por":"ocd web master","Tiempo de lectura":"2 minutos"},"schema":{"@context":"https:\/\/schema.org","@graph":[{"@type":"Article","@id":"https:\/\/www.carmelitaniscalzi.com\/2025\/11\/28\/2-carmelitarum-choral-festival-2025-nel-cuore-della-chiesa-saro-amata\/#article","isPartOf":{"@id":"https:\/\/www.carmelitaniscalzi.com\/2025\/11\/28\/2-carmelitarum-choral-festival-2025-nel-cuore-della-chiesa-saro-amata\/"},"author":{"name":"ocd web master","@id":"https:\/\/www.carmelitaniscalzi.com\/#\/schema\/person\/6d1c0d9bea7b6625c437246a5d6da409"},"headline":"Indonesia: 2\u00ba Festival Coral Carmelitano 2025 \u2013 \u00abEn el coraz\u00f3n de la Iglesia, ser\u00e9 amada\u00bb","datePublished":"2025-11-28T00:00:39+00:00","mainEntityOfPage":{"@id":"https:\/\/www.carmelitaniscalzi.com\/2025\/11\/28\/2-carmelitarum-choral-festival-2025-nel-cuore-della-chiesa-saro-amata\/"},"wordCount":221,"publisher":{"@id":"https:\/\/www.carmelitaniscalzi.com\/#organization"},"image":{"@id":"https:\/\/www.carmelitaniscalzi.com\/2025\/11\/28\/2-carmelitarum-choral-festival-2025-nel-cuore-della-chiesa-saro-amata\/#primaryimage"},"thumbnailUrl":"https:\/\/www.carmelitaniscalzi.com\/wp-content\/uploads\/2025\/11\/cover_indonesia_10.2025.jpg","articleSection":["Noticias Frailes","Noticias"],"inLanguage":"es"},{"@type":"WebPage","@id":"https:\/\/www.carmelitaniscalzi.com\/2025\/11\/28\/2-carmelitarum-choral-festival-2025-nel-cuore-della-chiesa-saro-amata\/","url":"https:\/\/www.carmelitaniscalzi.com\/2025\/11\/28\/2-carmelitarum-choral-festival-2025-nel-cuore-della-chiesa-saro-amata\/","name":"Indonesia: 2\u00ba Festival Coral Carmelitano 2025 \u2013 \"En el coraz\u00f3n de la Iglesia, ser\u00e9 amada\" - CARMELITAS DESCALZOS","isPartOf":{"@id":"https:\/\/www.carmelitaniscalzi.com\/#website"},"primaryImageOfPage":{"@id":"https:\/\/www.carmelitaniscalzi.com\/2025\/11\/28\/2-carmelitarum-choral-festival-2025-nel-cuore-della-chiesa-saro-amata\/#primaryimage"},"image":{"@id":"https:\/\/www.carmelitaniscalzi.com\/2025\/11\/28\/2-carmelitarum-choral-festival-2025-nel-cuore-della-chiesa-saro-amata\/#primaryimage"},"thumbnailUrl":"https:\/\/www.carmelitaniscalzi.com\/wp-content\/uploads\/2025\/11\/cover_indonesia_10.2025.jpg","datePublished":"2025-11-28T00:00:39+00:00","breadcrumb":{"@id":"https:\/\/www.carmelitaniscalzi.com\/2025\/11\/28\/2-carmelitarum-choral-festival-2025-nel-cuore-della-chiesa-saro-amata\/#breadcrumb"},"inLanguage":"es","potentialAction":[{"@type":"ReadAction","target":["https:\/\/www.carmelitaniscalzi.com\/2025\/11\/28\/2-carmelitarum-choral-festival-2025-nel-cuore-della-chiesa-saro-amata\/"]}]},{"@type":"ImageObject","inLanguage":"es","@id":"https:\/\/www.carmelitaniscalzi.com\/2025\/11\/28\/2-carmelitarum-choral-festival-2025-nel-cuore-della-chiesa-saro-amata\/#primaryimage","url":"https:\/\/www.carmelitaniscalzi.com\/wp-content\/uploads\/2025\/11\/cover_indonesia_10.2025.jpg","contentUrl":"https:\/\/www.carmelitaniscalzi.com\/wp-content\/uploads\/2025\/11\/cover_indonesia_10.2025.jpg","width":1200,"height":800},{"@type":"BreadcrumbList","@id":"https:\/\/www.carmelitaniscalzi.com\/2025\/11\/28\/2-carmelitarum-choral-festival-2025-nel-cuore-della-chiesa-saro-amata\/#breadcrumb","itemListElement":[{"@type":"ListItem","position":1,"name":"Home","item":"https:\/\/www.carmelitaniscalzi.com\/es\/"},{"@type":"ListItem","position":2,"name":"Indonesia: 2\u00ba Festival Coral Carmelitano 2025 \u2013 &#8220;En el coraz\u00f3n de la Iglesia, ser\u00e9 amada&#8221;"}]},{"@type":"WebSite","@id":"https:\/\/www.carmelitaniscalzi.com\/#website","url":"https:\/\/www.carmelitaniscalzi.com\/","name":"CARMELITANI SCALZI - Curia Generale del Carmelo Teresiano","description":"Curia General del Carmelo Teresiano","publisher":{"@id":"https:\/\/www.carmelitaniscalzi.com\/#organization"},"alternateName":"CARMELITANI SCALZI","potentialAction":[{"@type":"SearchAction","target":{"@type":"EntryPoint","urlTemplate":"https:\/\/www.carmelitaniscalzi.com\/?s={search_term_string}"},"query-input":{"@type":"PropertyValueSpecification","valueRequired":true,"valueName":"search_term_string"}}],"inLanguage":"es"},{"@type":"Organization","@id":"https:\/\/www.carmelitaniscalzi.com\/#organization","name":"CARMELITANI SCALZI - Curia Generale del Carmelo Teresiano","url":"https:\/\/www.carmelitaniscalzi.com\/","logo":{"@type":"ImageObject","inLanguage":"es","@id":"https:\/\/www.carmelitaniscalzi.com\/#\/schema\/logo\/image\/","url":"https:\/\/www.carmelitaniscalzi.com\/wp-content\/uploads\/2025\/11\/login-logo.png","contentUrl":"https:\/\/www.carmelitaniscalzi.com\/wp-content\/uploads\/2025\/11\/login-logo.png","width":256,"height":256,"caption":"CARMELITANI SCALZI - Curia Generale del Carmelo Teresiano"},"image":{"@id":"https:\/\/www.carmelitaniscalzi.com\/#\/schema\/logo\/image\/"},"sameAs":["https:\/\/www.facebook.com\/Curia-Generalizia-Carmelitani-Scalzi-658766940887784\/","https:\/\/x.com\/ocdcuria","https:\/\/www.youtube.com\/channel\/UC2J5ZL0ycOY0qBSTCLX_NGQ\/videos","https:\/\/www.instagram.com\/ocdinform\/"]},{"@type":"Person","@id":"https:\/\/www.carmelitaniscalzi.com\/#\/schema\/person\/6d1c0d9bea7b6625c437246a5d6da409","name":"ocd web master","image":{"@type":"ImageObject","inLanguage":"es","@id":"https:\/\/www.carmelitaniscalzi.com\/#\/schema\/person\/image\/","url":"https:\/\/secure.gravatar.com\/avatar\/41fbc5f82bad909fbaf2984c43fa50d8519ac5853e25b454d022b6868f80d0e7?s=96&d=mm&r=g","contentUrl":"https:\/\/secure.gravatar.com\/avatar\/41fbc5f82bad909fbaf2984c43fa50d8519ac5853e25b454d022b6868f80d0e7?s=96&d=mm&r=g","caption":"ocd web master"},"url":"https:\/\/www.carmelitaniscalzi.com\/es\/author\/ocdwebmaster\/"}]}},"_links":{"self":[{"href":"https:\/\/www.carmelitaniscalzi.com\/es\/wp-json\/wp\/v2\/posts\/526353","targetHints":{"allow":["GET"]}}],"collection":[{"href":"https:\/\/www.carmelitaniscalzi.com\/es\/wp-json\/wp\/v2\/posts"}],"about":[{"href":"https:\/\/www.carmelitaniscalzi.com\/es\/wp-json\/wp\/v2\/types\/post"}],"author":[{"embeddable":true,"href":"https:\/\/www.carmelitaniscalzi.com\/es\/wp-json\/wp\/v2\/users\/7"}],"replies":[{"embeddable":true,"href":"https:\/\/www.carmelitaniscalzi.com\/es\/wp-json\/wp\/v2\/comments?post=526353"}],"version-history":[{"count":1,"href":"https:\/\/www.carmelitaniscalzi.com\/es\/wp-json\/wp\/v2\/posts\/526353\/revisions"}],"predecessor-version":[{"id":526354,"href":"https:\/\/www.carmelitaniscalzi.com\/es\/wp-json\/wp\/v2\/posts\/526353\/revisions\/526354"}],"wp:featuredmedia":[{"embeddable":true,"href":"https:\/\/www.carmelitaniscalzi.com\/es\/wp-json\/wp\/v2\/media\/526255"}],"wp:attachment":[{"href":"https:\/\/www.carmelitaniscalzi.com\/es\/wp-json\/wp\/v2\/media?parent=526353"}],"wp:term":[{"taxonomy":"category","embeddable":true,"href":"https:\/\/www.carmelitaniscalzi.com\/es\/wp-json\/wp\/v2\/categories?post=526353"},{"taxonomy":"post_tag","embeddable":true,"href":"https:\/\/www.carmelitaniscalzi.com\/es\/wp-json\/wp\/v2\/tags?post=526353"}],"curies":[{"name":"wp","href":"https:\/\/api.w.org\/{rel}","templated":true}]}}