{"id":526300,"date":"2025-11-12T00:00:57","date_gmt":"2025-11-11T23:00:57","guid":{"rendered":"https:\/\/www.carmelitaniscalzi.com\/?p=526300"},"modified":"2025-11-06T00:23:36","modified_gmt":"2025-11-05T23:23:36","slug":"india-celebracion-del-centenario-de-santa-teresa-del-nino-jesus-en-el-monasterio-del-sagrado-corazon","status":"publish","type":"post","link":"https:\/\/www.carmelitaniscalzi.com\/es\/2025\/11\/12\/india-celebracion-del-centenario-de-santa-teresa-del-nino-jesus-en-el-monasterio-del-sagrado-corazon\/","title":{"rendered":"India: Celebraci\u00f3n del centenario de Santa Teresa del Ni\u00f1o Jes\u00fas en el Monasterio del Sagrado Coraz\u00f3n"},"content":{"rendered":"<p>Las monjas carmelitas del Monasterio del Sagrado Coraz\u00f3n de Kankanady celebraron con alegr\u00eda el centenario de la canonizaci\u00f3n de Santa Teresa del Ni\u00f1o Jes\u00fas del 28 de septiembre al 1 de octubre de 2025. Con motivo de la celebraci\u00f3n, se organiz\u00f3 una exposici\u00f3n especial sobre la vida de Santa Teresa de Lisieux, que anim\u00f3 a muchos fieles a reflexionar sobre su espiritualidad sencilla pero profunda.<\/p>\n<p>La misa solemne fue presidida por el P. Pius James D&#8217;Souza OCD, Definidor General, quien en su homil\u00eda destac\u00f3 la vida y las virtudes inspiradoras de Santa Teresa, animando a los presentes a abrazar su \u00abPeque\u00f1o Camino\u00bb de amor y sacrificio en la vida diaria. La celebraci\u00f3n eucar\u00edstica fue concelebrada adem\u00e1s por el P. Philbert Namphande, Definidor General, y por otros muchos sacerdotes carmelitas, cuya presencia a\u00f1adi\u00f3 solemnidad a la ceremonia. La participaci\u00f3n de los fieles, unidos en oraci\u00f3n y acci\u00f3n de gracias, permiti\u00f3 que la fiesta fuera una verdadera renovaci\u00f3n de fe.<\/p>\n<p>Con profunda gratitud, las monjas carmelitas agradecieron a todos los que se unieron a ellas en oraci\u00f3n y devoci\u00f3n, haciendo de la celebraci\u00f3n del Centenario de Santa Teresa del Ni\u00f1o Jes\u00fas un evento memorable y lleno de gracia.<\/p>\n<p>&nbsp;<\/p>\n<div class=\"wpmf-gallerys wpmf-gallerys-life \" ><div id=\"gallery-1\"\n data-gutter-width=\"5\"\n  data-wpmfcolumns=\"5\" class=\"wpmf-gallery gallery-link-file gallery_life gallery-masonry gallery-columns-5 gallery-size-thumbnail wpmf-gallery-bottomspace-default wpmf-gallery-clear wpmf-has-border-radius-0 wpmf-gutterwidth-5\"><div class=\"wpmf-gallery-item\n     wpmf-gallery-item-position-0 wpmf-gallery-item-attachment-526087\" data-index=\"0\"><div class=\"wpmf-gallery-icon\"><a class=\" not_video noLightbox\" data-lightbox=\"1\" data-href=\"https:\/\/www.carmelitaniscalzi.com\/wp-content\/uploads\/2025\/11\/India-1.jpg\" title=\"India 1\" target=\"_self\" data-index=\"0\"><img decoding=\"async\" class=\"wpmf_img\" alt=\"India 1\" src=\"https:\/\/www.carmelitaniscalzi.com\/wp-content\/uploads\/2025\/11\/India-1-150x150.jpg\" data-type=\"wpmfgalleryimg\" data-lazy-src=\"https:\/\/www.carmelitaniscalzi.com\/wp-content\/uploads\/2025\/11\/India-1-150x150.jpg\"><\/a><\/div><\/div><div class=\"wpmf-gallery-item\n     wpmf-gallery-item-position-1 wpmf-gallery-item-attachment-526093\" data-index=\"1\"><div class=\"wpmf-gallery-icon\"><a class=\" not_video noLightbox\" data-lightbox=\"1\" data-href=\"https:\/\/www.carmelitaniscalzi.com\/wp-content\/uploads\/2025\/11\/India-2.jpg\" title=\"India 2\" target=\"_self\" data-index=\"1\"><img decoding=\"async\" class=\"wpmf_img\" alt=\"India 2\" src=\"https:\/\/www.carmelitaniscalzi.com\/wp-content\/uploads\/2025\/11\/India-2-150x150.jpg\" data-type=\"wpmfgalleryimg\" data-lazy-src=\"https:\/\/www.carmelitaniscalzi.com\/wp-content\/uploads\/2025\/11\/India-2-150x150.jpg\"><\/a><\/div><\/div><div class=\"wpmf-gallery-item\n     wpmf-gallery-item-position-2 wpmf-gallery-item-attachment-526099\" data-index=\"2\"><div class=\"wpmf-gallery-icon\"><a class=\" not_video noLightbox\" data-lightbox=\"1\" data-href=\"https:\/\/www.carmelitaniscalzi.com\/wp-content\/uploads\/2025\/11\/India-3.jpg\" title=\"India 3\" target=\"_self\" data-index=\"2\"><img decoding=\"async\" class=\"wpmf_img\" alt=\"India 3\" src=\"https:\/\/www.carmelitaniscalzi.com\/wp-content\/uploads\/2025\/11\/India-3-150x150.jpg\" data-type=\"wpmfgalleryimg\" data-lazy-src=\"https:\/\/www.carmelitaniscalzi.com\/wp-content\/uploads\/2025\/11\/India-3-150x150.jpg\"><\/a><\/div><\/div><div class=\"wpmf-gallery-item\n     wpmf-gallery-item-position-3 wpmf-gallery-item-attachment-526105\" data-index=\"3\"><div class=\"wpmf-gallery-icon\"><a class=\" not_video noLightbox\" data-lightbox=\"1\" data-href=\"https:\/\/www.carmelitaniscalzi.com\/wp-content\/uploads\/2025\/11\/India-4.jpg\" title=\"India 4\" target=\"_self\" data-index=\"3\"><img decoding=\"async\" class=\"wpmf_img\" alt=\"India 4\" src=\"https:\/\/www.carmelitaniscalzi.com\/wp-content\/uploads\/2025\/11\/India-4-150x150.jpg\" data-type=\"wpmfgalleryimg\" data-lazy-src=\"https:\/\/www.carmelitaniscalzi.com\/wp-content\/uploads\/2025\/11\/India-4-150x150.jpg\"><\/a><\/div><\/div><div class=\"wpmf-gallery-item\n     wpmf-gallery-item-position-4 wpmf-gallery-item-attachment-526111\" data-index=\"4\"><div class=\"wpmf-gallery-icon\"><a class=\" not_video noLightbox\" data-lightbox=\"1\" data-href=\"https:\/\/www.carmelitaniscalzi.com\/wp-content\/uploads\/2025\/11\/India-5.jpg\" title=\"India 5\" target=\"_self\" data-index=\"4\"><img decoding=\"async\" class=\"wpmf_img\" alt=\"India 5\" src=\"https:\/\/www.carmelitaniscalzi.com\/wp-content\/uploads\/2025\/11\/India-5-150x150.jpg\" data-type=\"wpmfgalleryimg\" data-lazy-src=\"https:\/\/www.carmelitaniscalzi.com\/wp-content\/uploads\/2025\/11\/India-5-150x150.jpg\"><\/a><\/div><\/div><\/div><\/div>\n\n","protected":false},"excerpt":{"rendered":"<p>Las monjas carmelitas del Monasterio del Sagrado Coraz\u00f3n de Kankanady celebraron con alegr\u00eda el centenario de la canonizaci\u00f3n de Santa Teresa del Ni\u00f1o Jes\u00fas del 28 de septiembre al 1 de octubre de 2025. Con motivo de la celebraci\u00f3n, se organiz\u00f3 una exposici\u00f3n especial sobre la vida de Santa Teresa de Lisieux, que anim\u00f3 a [&hellip;]<\/p>\n","protected":false},"author":7,"featured_media":526081,"comment_status":"closed","ping_status":"closed","sticky":false,"template":"","format":"standard","meta":{"_acf_changed":false,"footnotes":""},"categories":[171,176,372],"tags":[],"class_list":["post-526300","post","type-post","status-publish","format-standard","has-post-thumbnail","hentry","category-noticias-definidores","category-noticias-monjas","category-noticias"],"acf":[],"yoast_head":"<!-- This site is optimized with the Yoast SEO plugin v26.3 - https:\/\/yoast.com\/wordpress\/plugins\/seo\/ -->\n<title>India: Celebraci\u00f3n del centenario de Santa Teresa del Ni\u00f1o Jes\u00fas en el Monasterio del Sagrado Coraz\u00f3n - CARMELITAS DESCALZOS<\/title>\n<meta name=\"robots\" content=\"index, follow, max-snippet:-1, max-image-preview:large, max-video-preview:-1\" \/>\n<link rel=\"canonical\" href=\"https:\/\/www.carmelitaniscalzi.com\/2025\/11\/12\/india-celebrazione-del-centenario-di-santa-teresa-del-bambino-gesu-presso-il-monastero-del-sacro-cuore\/\" \/>\n<meta property=\"og:locale\" content=\"es_ES\" \/>\n<meta property=\"og:type\" content=\"article\" \/>\n<meta property=\"og:title\" content=\"India: Celebraci\u00f3n del centenario de Santa Teresa del Ni\u00f1o Jes\u00fas en el Monasterio del Sagrado Coraz\u00f3n - CARMELITAS DESCALZOS\" \/>\n<meta property=\"og:description\" content=\"Las monjas carmelitas del Monasterio del Sagrado Coraz\u00f3n de Kankanady celebraron con alegr\u00eda el centenario de la canonizaci\u00f3n de Santa Teresa del Ni\u00f1o Jes\u00fas del 28 de septiembre al 1 de octubre de 2025. Con motivo de la celebraci\u00f3n, se organiz\u00f3 una exposici\u00f3n especial sobre la vida de Santa Teresa de Lisieux, que anim\u00f3 a [&hellip;]\" \/>\n<meta property=\"og:url\" content=\"https:\/\/www.carmelitaniscalzi.com\/2025\/11\/12\/india-celebrazione-del-centenario-di-santa-teresa-del-bambino-gesu-presso-il-monastero-del-sacro-cuore\/\" \/>\n<meta property=\"og:site_name\" content=\"CARMELITAS DESCALZOS\" \/>\n<meta property=\"article:publisher\" content=\"https:\/\/www.facebook.com\/Curia-Generalizia-Carmelitani-Scalzi-658766940887784\/\" \/>\n<meta property=\"article:published_time\" content=\"2025-11-11T23:00:57+00:00\" \/>\n<meta property=\"og:image\" content=\"https:\/\/www.carmelitaniscalzi.com\/wp-content\/uploads\/2025\/11\/cover_india_10.2025.jpg\" \/>\n\t<meta property=\"og:image:width\" content=\"1200\" \/>\n\t<meta property=\"og:image:height\" content=\"800\" \/>\n\t<meta property=\"og:image:type\" content=\"image\/jpeg\" \/>\n<meta name=\"author\" content=\"ocd web master\" \/>\n<meta name=\"twitter:card\" content=\"summary_large_image\" \/>\n<meta name=\"twitter:creator\" content=\"@ocdcuria\" \/>\n<meta name=\"twitter:site\" content=\"@ocdcuria\" \/>\n<meta name=\"twitter:label1\" content=\"Escrito por\" \/>\n\t<meta name=\"twitter:data1\" content=\"ocd web master\" \/>\n\t<meta name=\"twitter:label2\" content=\"Tiempo de lectura\" \/>\n\t<meta name=\"twitter:data2\" content=\"2 minutos\" \/>\n<script type=\"application\/ld+json\" class=\"yoast-schema-graph\">{\"@context\":\"https:\/\/schema.org\",\"@graph\":[{\"@type\":\"Article\",\"@id\":\"https:\/\/www.carmelitaniscalzi.com\/2025\/11\/12\/india-celebrazione-del-centenario-di-santa-teresa-del-bambino-gesu-presso-il-monastero-del-sacro-cuore\/#article\",\"isPartOf\":{\"@id\":\"https:\/\/www.carmelitaniscalzi.com\/2025\/11\/12\/india-celebrazione-del-centenario-di-santa-teresa-del-bambino-gesu-presso-il-monastero-del-sacro-cuore\/\"},\"author\":{\"name\":\"ocd web master\",\"@id\":\"https:\/\/www.carmelitaniscalzi.com\/#\/schema\/person\/6d1c0d9bea7b6625c437246a5d6da409\"},\"headline\":\"India: Celebraci\u00f3n del centenario de Santa Teresa del Ni\u00f1o Jes\u00fas en el Monasterio del Sagrado Coraz\u00f3n\",\"datePublished\":\"2025-11-11T23:00:57+00:00\",\"mainEntityOfPage\":{\"@id\":\"https:\/\/www.carmelitaniscalzi.com\/2025\/11\/12\/india-celebrazione-del-centenario-di-santa-teresa-del-bambino-gesu-presso-il-monastero-del-sacro-cuore\/\"},\"wordCount\":247,\"publisher\":{\"@id\":\"https:\/\/www.carmelitaniscalzi.com\/#organization\"},\"image\":{\"@id\":\"https:\/\/www.carmelitaniscalzi.com\/2025\/11\/12\/india-celebrazione-del-centenario-di-santa-teresa-del-bambino-gesu-presso-il-monastero-del-sacro-cuore\/#primaryimage\"},\"thumbnailUrl\":\"https:\/\/www.carmelitaniscalzi.com\/wp-content\/uploads\/2025\/11\/cover_india_10.2025.jpg\",\"articleSection\":[\"Noticias Definidores\",\"Noticias Monjas\",\"Noticias\"],\"inLanguage\":\"es\"},{\"@type\":\"WebPage\",\"@id\":\"https:\/\/www.carmelitaniscalzi.com\/2025\/11\/12\/india-celebrazione-del-centenario-di-santa-teresa-del-bambino-gesu-presso-il-monastero-del-sacro-cuore\/\",\"url\":\"https:\/\/www.carmelitaniscalzi.com\/2025\/11\/12\/india-celebrazione-del-centenario-di-santa-teresa-del-bambino-gesu-presso-il-monastero-del-sacro-cuore\/\",\"name\":\"India: Celebraci\u00f3n del centenario de Santa Teresa del Ni\u00f1o Jes\u00fas en el Monasterio del Sagrado Coraz\u00f3n - CARMELITAS DESCALZOS\",\"isPartOf\":{\"@id\":\"https:\/\/www.carmelitaniscalzi.com\/#website\"},\"primaryImageOfPage\":{\"@id\":\"https:\/\/www.carmelitaniscalzi.com\/2025\/11\/12\/india-celebrazione-del-centenario-di-santa-teresa-del-bambino-gesu-presso-il-monastero-del-sacro-cuore\/#primaryimage\"},\"image\":{\"@id\":\"https:\/\/www.carmelitaniscalzi.com\/2025\/11\/12\/india-celebrazione-del-centenario-di-santa-teresa-del-bambino-gesu-presso-il-monastero-del-sacro-cuore\/#primaryimage\"},\"thumbnailUrl\":\"https:\/\/www.carmelitaniscalzi.com\/wp-content\/uploads\/2025\/11\/cover_india_10.2025.jpg\",\"datePublished\":\"2025-11-11T23:00:57+00:00\",\"breadcrumb\":{\"@id\":\"https:\/\/www.carmelitaniscalzi.com\/2025\/11\/12\/india-celebrazione-del-centenario-di-santa-teresa-del-bambino-gesu-presso-il-monastero-del-sacro-cuore\/#breadcrumb\"},\"inLanguage\":\"es\",\"potentialAction\":[{\"@type\":\"ReadAction\",\"target\":[\"https:\/\/www.carmelitaniscalzi.com\/2025\/11\/12\/india-celebrazione-del-centenario-di-santa-teresa-del-bambino-gesu-presso-il-monastero-del-sacro-cuore\/\"]}]},{\"@type\":\"ImageObject\",\"inLanguage\":\"es\",\"@id\":\"https:\/\/www.carmelitaniscalzi.com\/2025\/11\/12\/india-celebrazione-del-centenario-di-santa-teresa-del-bambino-gesu-presso-il-monastero-del-sacro-cuore\/#primaryimage\",\"url\":\"https:\/\/www.carmelitaniscalzi.com\/wp-content\/uploads\/2025\/11\/cover_india_10.2025.jpg\",\"contentUrl\":\"https:\/\/www.carmelitaniscalzi.com\/wp-content\/uploads\/2025\/11\/cover_india_10.2025.jpg\",\"width\":1200,\"height\":800},{\"@type\":\"BreadcrumbList\",\"@id\":\"https:\/\/www.carmelitaniscalzi.com\/2025\/11\/12\/india-celebrazione-del-centenario-di-santa-teresa-del-bambino-gesu-presso-il-monastero-del-sacro-cuore\/#breadcrumb\",\"itemListElement\":[{\"@type\":\"ListItem\",\"position\":1,\"name\":\"Home\",\"item\":\"https:\/\/www.carmelitaniscalzi.com\/es\/\"},{\"@type\":\"ListItem\",\"position\":2,\"name\":\"India: Celebraci\u00f3n del centenario de Santa Teresa del Ni\u00f1o Jes\u00fas en el Monasterio del Sagrado Coraz\u00f3n\"}]},{\"@type\":\"WebSite\",\"@id\":\"https:\/\/www.carmelitaniscalzi.com\/#website\",\"url\":\"https:\/\/www.carmelitaniscalzi.com\/\",\"name\":\"CARMELITANI SCALZI - Curia Generale del Carmelo Teresiano\",\"description\":\"Curia General del Carmelo Teresiano\",\"publisher\":{\"@id\":\"https:\/\/www.carmelitaniscalzi.com\/#organization\"},\"alternateName\":\"CARMELITANI SCALZI\",\"potentialAction\":[{\"@type\":\"SearchAction\",\"target\":{\"@type\":\"EntryPoint\",\"urlTemplate\":\"https:\/\/www.carmelitaniscalzi.com\/?s={search_term_string}\"},\"query-input\":{\"@type\":\"PropertyValueSpecification\",\"valueRequired\":true,\"valueName\":\"search_term_string\"}}],\"inLanguage\":\"es\"},{\"@type\":\"Organization\",\"@id\":\"https:\/\/www.carmelitaniscalzi.com\/#organization\",\"name\":\"CARMELITANI SCALZI - Curia Generale del Carmelo Teresiano\",\"url\":\"https:\/\/www.carmelitaniscalzi.com\/\",\"logo\":{\"@type\":\"ImageObject\",\"inLanguage\":\"es\",\"@id\":\"https:\/\/www.carmelitaniscalzi.com\/#\/schema\/logo\/image\/\",\"url\":\"https:\/\/www.carmelitaniscalzi.com\/wp-content\/uploads\/2025\/11\/login-logo.png\",\"contentUrl\":\"https:\/\/www.carmelitaniscalzi.com\/wp-content\/uploads\/2025\/11\/login-logo.png\",\"width\":256,\"height\":256,\"caption\":\"CARMELITANI SCALZI - Curia Generale del Carmelo Teresiano\"},\"image\":{\"@id\":\"https:\/\/www.carmelitaniscalzi.com\/#\/schema\/logo\/image\/\"},\"sameAs\":[\"https:\/\/www.facebook.com\/Curia-Generalizia-Carmelitani-Scalzi-658766940887784\/\",\"https:\/\/x.com\/ocdcuria\",\"https:\/\/www.youtube.com\/channel\/UC2J5ZL0ycOY0qBSTCLX_NGQ\/videos\",\"https:\/\/www.instagram.com\/ocdinform\/\"]},{\"@type\":\"Person\",\"@id\":\"https:\/\/www.carmelitaniscalzi.com\/#\/schema\/person\/6d1c0d9bea7b6625c437246a5d6da409\",\"name\":\"ocd web master\",\"image\":{\"@type\":\"ImageObject\",\"inLanguage\":\"es\",\"@id\":\"https:\/\/www.carmelitaniscalzi.com\/#\/schema\/person\/image\/\",\"url\":\"https:\/\/secure.gravatar.com\/avatar\/41fbc5f82bad909fbaf2984c43fa50d8519ac5853e25b454d022b6868f80d0e7?s=96&d=mm&r=g\",\"contentUrl\":\"https:\/\/secure.gravatar.com\/avatar\/41fbc5f82bad909fbaf2984c43fa50d8519ac5853e25b454d022b6868f80d0e7?s=96&d=mm&r=g\",\"caption\":\"ocd web master\"},\"url\":\"https:\/\/www.carmelitaniscalzi.com\/es\/author\/ocdwebmaster\/\"}]}<\/script>\n<!-- \/ Yoast SEO plugin. -->","yoast_head_json":{"title":"India: Celebraci\u00f3n del centenario de Santa Teresa del Ni\u00f1o Jes\u00fas en el Monasterio del Sagrado Coraz\u00f3n - CARMELITAS DESCALZOS","robots":{"index":"index","follow":"follow","max-snippet":"max-snippet:-1","max-image-preview":"max-image-preview:large","max-video-preview":"max-video-preview:-1"},"canonical":"https:\/\/www.carmelitaniscalzi.com\/2025\/11\/12\/india-celebrazione-del-centenario-di-santa-teresa-del-bambino-gesu-presso-il-monastero-del-sacro-cuore\/","og_locale":"es_ES","og_type":"article","og_title":"India: Celebraci\u00f3n del centenario de Santa Teresa del Ni\u00f1o Jes\u00fas en el Monasterio del Sagrado Coraz\u00f3n - CARMELITAS DESCALZOS","og_description":"Las monjas carmelitas del Monasterio del Sagrado Coraz\u00f3n de Kankanady celebraron con alegr\u00eda el centenario de la canonizaci\u00f3n de Santa Teresa del Ni\u00f1o Jes\u00fas del 28 de septiembre al 1 de octubre de 2025. Con motivo de la celebraci\u00f3n, se organiz\u00f3 una exposici\u00f3n especial sobre la vida de Santa Teresa de Lisieux, que anim\u00f3 a [&hellip;]","og_url":"https:\/\/www.carmelitaniscalzi.com\/2025\/11\/12\/india-celebrazione-del-centenario-di-santa-teresa-del-bambino-gesu-presso-il-monastero-del-sacro-cuore\/","og_site_name":"CARMELITAS DESCALZOS","article_publisher":"https:\/\/www.facebook.com\/Curia-Generalizia-Carmelitani-Scalzi-658766940887784\/","article_published_time":"2025-11-11T23:00:57+00:00","og_image":[{"width":1200,"height":800,"url":"https:\/\/www.carmelitaniscalzi.com\/wp-content\/uploads\/2025\/11\/cover_india_10.2025.jpg","type":"image\/jpeg"}],"author":"ocd web master","twitter_card":"summary_large_image","twitter_creator":"@ocdcuria","twitter_site":"@ocdcuria","twitter_misc":{"Escrito por":"ocd web master","Tiempo de lectura":"2 minutos"},"schema":{"@context":"https:\/\/schema.org","@graph":[{"@type":"Article","@id":"https:\/\/www.carmelitaniscalzi.com\/2025\/11\/12\/india-celebrazione-del-centenario-di-santa-teresa-del-bambino-gesu-presso-il-monastero-del-sacro-cuore\/#article","isPartOf":{"@id":"https:\/\/www.carmelitaniscalzi.com\/2025\/11\/12\/india-celebrazione-del-centenario-di-santa-teresa-del-bambino-gesu-presso-il-monastero-del-sacro-cuore\/"},"author":{"name":"ocd web master","@id":"https:\/\/www.carmelitaniscalzi.com\/#\/schema\/person\/6d1c0d9bea7b6625c437246a5d6da409"},"headline":"India: Celebraci\u00f3n del centenario de Santa Teresa del Ni\u00f1o Jes\u00fas en el Monasterio del Sagrado Coraz\u00f3n","datePublished":"2025-11-11T23:00:57+00:00","mainEntityOfPage":{"@id":"https:\/\/www.carmelitaniscalzi.com\/2025\/11\/12\/india-celebrazione-del-centenario-di-santa-teresa-del-bambino-gesu-presso-il-monastero-del-sacro-cuore\/"},"wordCount":247,"publisher":{"@id":"https:\/\/www.carmelitaniscalzi.com\/#organization"},"image":{"@id":"https:\/\/www.carmelitaniscalzi.com\/2025\/11\/12\/india-celebrazione-del-centenario-di-santa-teresa-del-bambino-gesu-presso-il-monastero-del-sacro-cuore\/#primaryimage"},"thumbnailUrl":"https:\/\/www.carmelitaniscalzi.com\/wp-content\/uploads\/2025\/11\/cover_india_10.2025.jpg","articleSection":["Noticias Definidores","Noticias Monjas","Noticias"],"inLanguage":"es"},{"@type":"WebPage","@id":"https:\/\/www.carmelitaniscalzi.com\/2025\/11\/12\/india-celebrazione-del-centenario-di-santa-teresa-del-bambino-gesu-presso-il-monastero-del-sacro-cuore\/","url":"https:\/\/www.carmelitaniscalzi.com\/2025\/11\/12\/india-celebrazione-del-centenario-di-santa-teresa-del-bambino-gesu-presso-il-monastero-del-sacro-cuore\/","name":"India: Celebraci\u00f3n del centenario de Santa Teresa del Ni\u00f1o Jes\u00fas en el Monasterio del Sagrado Coraz\u00f3n - CARMELITAS DESCALZOS","isPartOf":{"@id":"https:\/\/www.carmelitaniscalzi.com\/#website"},"primaryImageOfPage":{"@id":"https:\/\/www.carmelitaniscalzi.com\/2025\/11\/12\/india-celebrazione-del-centenario-di-santa-teresa-del-bambino-gesu-presso-il-monastero-del-sacro-cuore\/#primaryimage"},"image":{"@id":"https:\/\/www.carmelitaniscalzi.com\/2025\/11\/12\/india-celebrazione-del-centenario-di-santa-teresa-del-bambino-gesu-presso-il-monastero-del-sacro-cuore\/#primaryimage"},"thumbnailUrl":"https:\/\/www.carmelitaniscalzi.com\/wp-content\/uploads\/2025\/11\/cover_india_10.2025.jpg","datePublished":"2025-11-11T23:00:57+00:00","breadcrumb":{"@id":"https:\/\/www.carmelitaniscalzi.com\/2025\/11\/12\/india-celebrazione-del-centenario-di-santa-teresa-del-bambino-gesu-presso-il-monastero-del-sacro-cuore\/#breadcrumb"},"inLanguage":"es","potentialAction":[{"@type":"ReadAction","target":["https:\/\/www.carmelitaniscalzi.com\/2025\/11\/12\/india-celebrazione-del-centenario-di-santa-teresa-del-bambino-gesu-presso-il-monastero-del-sacro-cuore\/"]}]},{"@type":"ImageObject","inLanguage":"es","@id":"https:\/\/www.carmelitaniscalzi.com\/2025\/11\/12\/india-celebrazione-del-centenario-di-santa-teresa-del-bambino-gesu-presso-il-monastero-del-sacro-cuore\/#primaryimage","url":"https:\/\/www.carmelitaniscalzi.com\/wp-content\/uploads\/2025\/11\/cover_india_10.2025.jpg","contentUrl":"https:\/\/www.carmelitaniscalzi.com\/wp-content\/uploads\/2025\/11\/cover_india_10.2025.jpg","width":1200,"height":800},{"@type":"BreadcrumbList","@id":"https:\/\/www.carmelitaniscalzi.com\/2025\/11\/12\/india-celebrazione-del-centenario-di-santa-teresa-del-bambino-gesu-presso-il-monastero-del-sacro-cuore\/#breadcrumb","itemListElement":[{"@type":"ListItem","position":1,"name":"Home","item":"https:\/\/www.carmelitaniscalzi.com\/es\/"},{"@type":"ListItem","position":2,"name":"India: Celebraci\u00f3n del centenario de Santa Teresa del Ni\u00f1o Jes\u00fas en el Monasterio del Sagrado Coraz\u00f3n"}]},{"@type":"WebSite","@id":"https:\/\/www.carmelitaniscalzi.com\/#website","url":"https:\/\/www.carmelitaniscalzi.com\/","name":"CARMELITANI SCALZI - Curia Generale del Carmelo Teresiano","description":"Curia General del Carmelo Teresiano","publisher":{"@id":"https:\/\/www.carmelitaniscalzi.com\/#organization"},"alternateName":"CARMELITANI SCALZI","potentialAction":[{"@type":"SearchAction","target":{"@type":"EntryPoint","urlTemplate":"https:\/\/www.carmelitaniscalzi.com\/?s={search_term_string}"},"query-input":{"@type":"PropertyValueSpecification","valueRequired":true,"valueName":"search_term_string"}}],"inLanguage":"es"},{"@type":"Organization","@id":"https:\/\/www.carmelitaniscalzi.com\/#organization","name":"CARMELITANI SCALZI - Curia Generale del Carmelo Teresiano","url":"https:\/\/www.carmelitaniscalzi.com\/","logo":{"@type":"ImageObject","inLanguage":"es","@id":"https:\/\/www.carmelitaniscalzi.com\/#\/schema\/logo\/image\/","url":"https:\/\/www.carmelitaniscalzi.com\/wp-content\/uploads\/2025\/11\/login-logo.png","contentUrl":"https:\/\/www.carmelitaniscalzi.com\/wp-content\/uploads\/2025\/11\/login-logo.png","width":256,"height":256,"caption":"CARMELITANI SCALZI - Curia Generale del Carmelo Teresiano"},"image":{"@id":"https:\/\/www.carmelitaniscalzi.com\/#\/schema\/logo\/image\/"},"sameAs":["https:\/\/www.facebook.com\/Curia-Generalizia-Carmelitani-Scalzi-658766940887784\/","https:\/\/x.com\/ocdcuria","https:\/\/www.youtube.com\/channel\/UC2J5ZL0ycOY0qBSTCLX_NGQ\/videos","https:\/\/www.instagram.com\/ocdinform\/"]},{"@type":"Person","@id":"https:\/\/www.carmelitaniscalzi.com\/#\/schema\/person\/6d1c0d9bea7b6625c437246a5d6da409","name":"ocd web master","image":{"@type":"ImageObject","inLanguage":"es","@id":"https:\/\/www.carmelitaniscalzi.com\/#\/schema\/person\/image\/","url":"https:\/\/secure.gravatar.com\/avatar\/41fbc5f82bad909fbaf2984c43fa50d8519ac5853e25b454d022b6868f80d0e7?s=96&d=mm&r=g","contentUrl":"https:\/\/secure.gravatar.com\/avatar\/41fbc5f82bad909fbaf2984c43fa50d8519ac5853e25b454d022b6868f80d0e7?s=96&d=mm&r=g","caption":"ocd web master"},"url":"https:\/\/www.carmelitaniscalzi.com\/es\/author\/ocdwebmaster\/"}]}},"_links":{"self":[{"href":"https:\/\/www.carmelitaniscalzi.com\/es\/wp-json\/wp\/v2\/posts\/526300","targetHints":{"allow":["GET"]}}],"collection":[{"href":"https:\/\/www.carmelitaniscalzi.com\/es\/wp-json\/wp\/v2\/posts"}],"about":[{"href":"https:\/\/www.carmelitaniscalzi.com\/es\/wp-json\/wp\/v2\/types\/post"}],"author":[{"embeddable":true,"href":"https:\/\/www.carmelitaniscalzi.com\/es\/wp-json\/wp\/v2\/users\/7"}],"replies":[{"embeddable":true,"href":"https:\/\/www.carmelitaniscalzi.com\/es\/wp-json\/wp\/v2\/comments?post=526300"}],"version-history":[{"count":1,"href":"https:\/\/www.carmelitaniscalzi.com\/es\/wp-json\/wp\/v2\/posts\/526300\/revisions"}],"predecessor-version":[{"id":526301,"href":"https:\/\/www.carmelitaniscalzi.com\/es\/wp-json\/wp\/v2\/posts\/526300\/revisions\/526301"}],"wp:featuredmedia":[{"embeddable":true,"href":"https:\/\/www.carmelitaniscalzi.com\/es\/wp-json\/wp\/v2\/media\/526081"}],"wp:attachment":[{"href":"https:\/\/www.carmelitaniscalzi.com\/es\/wp-json\/wp\/v2\/media?parent=526300"}],"wp:term":[{"taxonomy":"category","embeddable":true,"href":"https:\/\/www.carmelitaniscalzi.com\/es\/wp-json\/wp\/v2\/categories?post=526300"},{"taxonomy":"post_tag","embeddable":true,"href":"https:\/\/www.carmelitaniscalzi.com\/es\/wp-json\/wp\/v2\/tags?post=526300"}],"curies":[{"name":"wp","href":"https:\/\/api.w.org\/{rel}","templated":true}]}}