{"id":449453,"date":"2025-03-07T01:00:55","date_gmt":"2025-03-07T00:00:55","guid":{"rendered":"https:\/\/www.carmelitaniscalzi.com\/?p=449453"},"modified":"2025-03-14T01:03:40","modified_gmt":"2025-03-14T00:03:40","slug":"italia-el-padre-saverio-cannistra-nombrado-arzobispo-metropolitano-de-pisa","status":"publish","type":"post","link":"https:\/\/www.carmelitaniscalzi.com\/es\/2025\/03\/07\/italia-el-padre-saverio-cannistra-nombrado-arzobispo-metropolitano-de-pisa\/","title":{"rendered":"Italia: El Padre Saverio Cannistr\u00e0 nombrado Arzobispo Metropolitano de Pisa"},"content":{"rendered":"<p>El viernes 6 de febrero, el Santo Padre nombr\u00f3 Arzobispo Metropolitano de Pisa al Padre Saverio Cannistr\u00e0, O.C.D., antiguo Prep\u00f3sito General de los Carmelitas Descalzos y hasta ahora vicario de la parroquia de San Pancracio en Roma.<\/p>\n<h2><strong><em>Curr\u00edculum<\/em><\/strong> vitae<\/h2>\n<p>Monse\u00f1or Saverio Cannistr\u00e0, O.C.D., naci\u00f3 en Catanzaro el 3 de octubre de 1958. Tras obtener una licenciatura en Filolog\u00eda Rom\u00e1nica en la Scuola Normale Superiore de Pisa, trabaj\u00f3 como editor en una editorial. El 17 de septiembre de 1985 ingres\u00f3 en el noviciado de los Carmelitas Descalzos de la Provincia Italiana de Toscana. Emiti\u00f3 su profesi\u00f3n perpetua el 14 de septiembre de 1990 y fue ordenado sacerdote el 24 de octubre de 1992.<\/p>\n<p>Entre los cargos que ha desempe\u00f1ado y los estudios que ha realizado, citamos:<\/p>\n<ul>\n<li>Doctorado en Teolog\u00eda Dogm\u00e1tica en la Universidad Pontificia Gregoriana de Roma (1998).<\/li>\n<li>Profesor de Teolog\u00eda Trinitaria en la Facultad Teol\u00f3gica Pontificia y en el Instituto de Espiritualidad Teresianum de Roma (1995-2003).<\/li>\n<li>Profesor de Cristolog\u00eda y Antropolog\u00eda Teol\u00f3gica en la Facultad Teol\u00f3gica de Italia Central en Florencia (2003-2009).<\/li>\n<li>En 2007, fue elegido miembro del Consejo de Presidencia de la Asociaci\u00f3n Teol\u00f3gica Italiana.<\/li>\n<\/ul>\n<p>En su Provincia de Toscana, fue consejero provincial (1996-2002), maestro de postulantes y estudiantes (1999-2008) y provincial (2008). Fue Prep\u00f3sito General de la Orden de los Carmelitas Descalzos de 2009 a 2021. Actualmente es miembro del consejo presbiteral del Arzobispado Metropolitano de Florencia y vicario de la parroquia de San Pancracio en Roma.<\/p>\n<div class=\"wpmf-gallerys wpmf-gallerys-life \" ><div id=\"gallery-1\"\n data-gutter-width=\"5\"\n  data-wpmfcolumns=\"3\" class=\"wpmf-gallery gallery-link-file gallery_life gallery-masonry gallery-columns-3 gallery-size-thumbnail wpmf-gallery-bottomspace-default wpmf-gallery-clear wpmf-has-border-radius-0 wpmf-gutterwidth-5\"><div class=\"wpmf-gallery-item\n     wpmf-gallery-item-position-0 wpmf-gallery-item-attachment-449296\" data-index=\"0\"><div class=\"wpmf-gallery-icon\"><a class=\" not_video noLightbox\" data-lightbox=\"1\" data-href=\"https:\/\/www.carmelitaniscalzi.com\/wp-content\/uploads\/2025\/03\/Saverio-1.jpg\" title=\"Saverio 1\" target=\"_self\" data-index=\"0\"><img decoding=\"async\" class=\"wpmf_img\" alt=\"Saverio 1\" src=\"https:\/\/www.carmelitaniscalzi.com\/wp-content\/uploads\/2025\/03\/Saverio-1-150x150.jpg\" data-type=\"wpmfgalleryimg\" data-lazy-src=\"https:\/\/www.carmelitaniscalzi.com\/wp-content\/uploads\/2025\/03\/Saverio-1-150x150.jpg\"><\/a><\/div><\/div><div class=\"wpmf-gallery-item\n     wpmf-gallery-item-position-1 wpmf-gallery-item-attachment-449302\" data-index=\"1\"><div class=\"wpmf-gallery-icon\"><a class=\" not_video noLightbox\" data-lightbox=\"1\" data-href=\"https:\/\/www.carmelitaniscalzi.com\/wp-content\/uploads\/2025\/03\/Saverio-2-731x1024.jpg\" title=\"Saverio 2\" target=\"_self\" data-index=\"1\"><img decoding=\"async\" class=\"wpmf_img\" alt=\"Saverio 2\" src=\"https:\/\/www.carmelitaniscalzi.com\/wp-content\/uploads\/2025\/03\/Saverio-2-150x150.jpg\" data-type=\"wpmfgalleryimg\" data-lazy-src=\"https:\/\/www.carmelitaniscalzi.com\/wp-content\/uploads\/2025\/03\/Saverio-2-150x150.jpg\"><\/a><\/div><\/div><div class=\"wpmf-gallery-item\n     wpmf-gallery-item-position-2 wpmf-gallery-item-attachment-449308\" data-index=\"2\"><div class=\"wpmf-gallery-icon\"><a class=\" not_video noLightbox\" data-lightbox=\"1\" data-href=\"https:\/\/www.carmelitaniscalzi.com\/wp-content\/uploads\/2025\/03\/Saverio-3-468x1024.webp\" title=\"Saverio 3\" target=\"_self\" data-index=\"2\"><img decoding=\"async\" class=\"wpmf_img\" alt=\"Saverio 3\" src=\"https:\/\/www.carmelitaniscalzi.com\/wp-content\/uploads\/2025\/03\/Saverio-3-150x150.webp\" data-type=\"wpmfgalleryimg\" data-lazy-src=\"https:\/\/www.carmelitaniscalzi.com\/wp-content\/uploads\/2025\/03\/Saverio-3-150x150.webp\"><\/a><\/div><\/div><\/div><\/div>\n\n","protected":false},"excerpt":{"rendered":"<p>El viernes 6 de febrero, el Santo Padre nombr\u00f3 Arzobispo Metropolitano de Pisa al Padre Saverio Cannistr\u00e0, O.C.D., antiguo Prep\u00f3sito General de los Carmelitas Descalzos y hasta ahora vicario de la parroquia de San Pancracio en Roma. Curr\u00edculum vitae Monse\u00f1or Saverio Cannistr\u00e0, O.C.D., naci\u00f3 en Catanzaro el 3 de octubre de 1958. Tras obtener una [&hellip;]<\/p>\n","protected":false},"author":7,"featured_media":449290,"comment_status":"closed","ping_status":"open","sticky":false,"template":"","format":"standard","meta":{"_acf_changed":false,"footnotes":""},"categories":[174,372],"tags":[],"class_list":["post-449453","post","type-post","status-publish","format-standard","has-post-thumbnail","hentry","category-noticias-frailes","category-noticias"],"acf":[],"yoast_head":"<!-- This site is optimized with the Yoast SEO plugin v26.3 - https:\/\/yoast.com\/wordpress\/plugins\/seo\/ -->\n<title>Italia: El Padre Saverio Cannistr\u00e0 nombrado Arzobispo Metropolitano de Pisa - CARMELITAS DESCALZOS<\/title>\n<meta name=\"robots\" content=\"index, follow, max-snippet:-1, max-image-preview:large, max-video-preview:-1\" \/>\n<link rel=\"canonical\" href=\"https:\/\/www.carmelitaniscalzi.com\/es\/2025\/03\/07\/italia-el-padre-saverio-cannistra-nombrado-arzobispo-metropolitano-de-pisa\/\" \/>\n<meta property=\"og:locale\" content=\"es_ES\" \/>\n<meta property=\"og:type\" content=\"article\" \/>\n<meta property=\"og:title\" content=\"Italia: El Padre Saverio Cannistr\u00e0 nombrado Arzobispo Metropolitano de Pisa - CARMELITAS DESCALZOS\" \/>\n<meta property=\"og:description\" content=\"El viernes 6 de febrero, el Santo Padre nombr\u00f3 Arzobispo Metropolitano de Pisa al Padre Saverio Cannistr\u00e0, O.C.D., antiguo Prep\u00f3sito General de los Carmelitas Descalzos y hasta ahora vicario de la parroquia de San Pancracio en Roma. Curr\u00edculum vitae Monse\u00f1or Saverio Cannistr\u00e0, O.C.D., naci\u00f3 en Catanzaro el 3 de octubre de 1958. Tras obtener una [&hellip;]\" \/>\n<meta property=\"og:url\" content=\"https:\/\/www.carmelitaniscalzi.com\/es\/2025\/03\/07\/italia-el-padre-saverio-cannistra-nombrado-arzobispo-metropolitano-de-pisa\/\" \/>\n<meta property=\"og:site_name\" content=\"CARMELITAS DESCALZOS\" \/>\n<meta property=\"article:publisher\" content=\"https:\/\/www.facebook.com\/Curia-Generalizia-Carmelitani-Scalzi-658766940887784\/\" \/>\n<meta property=\"article:published_time\" content=\"2025-03-07T00:00:55+00:00\" \/>\n<meta property=\"article:modified_time\" content=\"2025-03-14T00:03:40+00:00\" \/>\n<meta property=\"og:image\" content=\"https:\/\/www.carmelitaniscalzi.com\/wp-content\/uploads\/2025\/03\/cover_saverio_02.2025.jpg\" \/>\n\t<meta property=\"og:image:width\" content=\"1200\" \/>\n\t<meta property=\"og:image:height\" content=\"800\" \/>\n\t<meta property=\"og:image:type\" content=\"image\/jpeg\" \/>\n<meta name=\"author\" content=\"ocd web master\" \/>\n<meta name=\"twitter:card\" content=\"summary_large_image\" \/>\n<meta name=\"twitter:creator\" content=\"@ocdcuria\" \/>\n<meta name=\"twitter:site\" content=\"@ocdcuria\" \/>\n<meta name=\"twitter:label1\" content=\"Escrito por\" \/>\n\t<meta name=\"twitter:data1\" content=\"ocd web master\" \/>\n\t<meta name=\"twitter:label2\" content=\"Tiempo de lectura\" \/>\n\t<meta name=\"twitter:data2\" content=\"1 minuto\" \/>\n<script type=\"application\/ld+json\" class=\"yoast-schema-graph\">{\"@context\":\"https:\/\/schema.org\",\"@graph\":[{\"@type\":\"Article\",\"@id\":\"https:\/\/www.carmelitaniscalzi.com\/es\/2025\/03\/07\/italia-el-padre-saverio-cannistra-nombrado-arzobispo-metropolitano-de-pisa\/#article\",\"isPartOf\":{\"@id\":\"https:\/\/www.carmelitaniscalzi.com\/es\/2025\/03\/07\/italia-el-padre-saverio-cannistra-nombrado-arzobispo-metropolitano-de-pisa\/\"},\"author\":{\"name\":\"ocd web master\",\"@id\":\"https:\/\/www.carmelitaniscalzi.com\/#\/schema\/person\/6d1c0d9bea7b6625c437246a5d6da409\"},\"headline\":\"Italia: El Padre Saverio Cannistr\u00e0 nombrado Arzobispo Metropolitano de Pisa\",\"datePublished\":\"2025-03-07T00:00:55+00:00\",\"dateModified\":\"2025-03-14T00:03:40+00:00\",\"mainEntityOfPage\":{\"@id\":\"https:\/\/www.carmelitaniscalzi.com\/es\/2025\/03\/07\/italia-el-padre-saverio-cannistra-nombrado-arzobispo-metropolitano-de-pisa\/\"},\"wordCount\":266,\"publisher\":{\"@id\":\"https:\/\/www.carmelitaniscalzi.com\/#organization\"},\"image\":{\"@id\":\"https:\/\/www.carmelitaniscalzi.com\/es\/2025\/03\/07\/italia-el-padre-saverio-cannistra-nombrado-arzobispo-metropolitano-de-pisa\/#primaryimage\"},\"thumbnailUrl\":\"https:\/\/www.carmelitaniscalzi.com\/wp-content\/uploads\/2025\/03\/cover_saverio_02.2025.jpg\",\"articleSection\":[\"Noticias Frailes\",\"Noticias\"],\"inLanguage\":\"es\"},{\"@type\":\"WebPage\",\"@id\":\"https:\/\/www.carmelitaniscalzi.com\/es\/2025\/03\/07\/italia-el-padre-saverio-cannistra-nombrado-arzobispo-metropolitano-de-pisa\/\",\"url\":\"https:\/\/www.carmelitaniscalzi.com\/es\/2025\/03\/07\/italia-el-padre-saverio-cannistra-nombrado-arzobispo-metropolitano-de-pisa\/\",\"name\":\"Italia: El Padre Saverio Cannistr\u00e0 nombrado Arzobispo Metropolitano de Pisa - CARMELITAS DESCALZOS\",\"isPartOf\":{\"@id\":\"https:\/\/www.carmelitaniscalzi.com\/#website\"},\"primaryImageOfPage\":{\"@id\":\"https:\/\/www.carmelitaniscalzi.com\/es\/2025\/03\/07\/italia-el-padre-saverio-cannistra-nombrado-arzobispo-metropolitano-de-pisa\/#primaryimage\"},\"image\":{\"@id\":\"https:\/\/www.carmelitaniscalzi.com\/es\/2025\/03\/07\/italia-el-padre-saverio-cannistra-nombrado-arzobispo-metropolitano-de-pisa\/#primaryimage\"},\"thumbnailUrl\":\"https:\/\/www.carmelitaniscalzi.com\/wp-content\/uploads\/2025\/03\/cover_saverio_02.2025.jpg\",\"datePublished\":\"2025-03-07T00:00:55+00:00\",\"dateModified\":\"2025-03-14T00:03:40+00:00\",\"breadcrumb\":{\"@id\":\"https:\/\/www.carmelitaniscalzi.com\/es\/2025\/03\/07\/italia-el-padre-saverio-cannistra-nombrado-arzobispo-metropolitano-de-pisa\/#breadcrumb\"},\"inLanguage\":\"es\",\"potentialAction\":[{\"@type\":\"ReadAction\",\"target\":[\"https:\/\/www.carmelitaniscalzi.com\/es\/2025\/03\/07\/italia-el-padre-saverio-cannistra-nombrado-arzobispo-metropolitano-de-pisa\/\"]}]},{\"@type\":\"ImageObject\",\"inLanguage\":\"es\",\"@id\":\"https:\/\/www.carmelitaniscalzi.com\/es\/2025\/03\/07\/italia-el-padre-saverio-cannistra-nombrado-arzobispo-metropolitano-de-pisa\/#primaryimage\",\"url\":\"https:\/\/www.carmelitaniscalzi.com\/wp-content\/uploads\/2025\/03\/cover_saverio_02.2025.jpg\",\"contentUrl\":\"https:\/\/www.carmelitaniscalzi.com\/wp-content\/uploads\/2025\/03\/cover_saverio_02.2025.jpg\",\"width\":1200,\"height\":800},{\"@type\":\"BreadcrumbList\",\"@id\":\"https:\/\/www.carmelitaniscalzi.com\/es\/2025\/03\/07\/italia-el-padre-saverio-cannistra-nombrado-arzobispo-metropolitano-de-pisa\/#breadcrumb\",\"itemListElement\":[{\"@type\":\"ListItem\",\"position\":1,\"name\":\"Home\",\"item\":\"https:\/\/www.carmelitaniscalzi.com\/es\/\"},{\"@type\":\"ListItem\",\"position\":2,\"name\":\"Italia: El Padre Saverio Cannistr\u00e0 nombrado Arzobispo Metropolitano de Pisa\"}]},{\"@type\":\"WebSite\",\"@id\":\"https:\/\/www.carmelitaniscalzi.com\/#website\",\"url\":\"https:\/\/www.carmelitaniscalzi.com\/\",\"name\":\"CARMELITANI SCALZI - Curia Generale del Carmelo Teresiano\",\"description\":\"Curia General del Carmelo Teresiano\",\"publisher\":{\"@id\":\"https:\/\/www.carmelitaniscalzi.com\/#organization\"},\"alternateName\":\"CARMELITANI SCALZI\",\"potentialAction\":[{\"@type\":\"SearchAction\",\"target\":{\"@type\":\"EntryPoint\",\"urlTemplate\":\"https:\/\/www.carmelitaniscalzi.com\/?s={search_term_string}\"},\"query-input\":{\"@type\":\"PropertyValueSpecification\",\"valueRequired\":true,\"valueName\":\"search_term_string\"}}],\"inLanguage\":\"es\"},{\"@type\":\"Organization\",\"@id\":\"https:\/\/www.carmelitaniscalzi.com\/#organization\",\"name\":\"CARMELITANI SCALZI - Curia Generale del Carmelo Teresiano\",\"url\":\"https:\/\/www.carmelitaniscalzi.com\/\",\"logo\":{\"@type\":\"ImageObject\",\"inLanguage\":\"es\",\"@id\":\"https:\/\/www.carmelitaniscalzi.com\/#\/schema\/logo\/image\/\",\"url\":\"https:\/\/www.carmelitaniscalzi.com\/wp-content\/uploads\/2025\/11\/login-logo.png\",\"contentUrl\":\"https:\/\/www.carmelitaniscalzi.com\/wp-content\/uploads\/2025\/11\/login-logo.png\",\"width\":256,\"height\":256,\"caption\":\"CARMELITANI SCALZI - Curia Generale del Carmelo Teresiano\"},\"image\":{\"@id\":\"https:\/\/www.carmelitaniscalzi.com\/#\/schema\/logo\/image\/\"},\"sameAs\":[\"https:\/\/www.facebook.com\/Curia-Generalizia-Carmelitani-Scalzi-658766940887784\/\",\"https:\/\/x.com\/ocdcuria\",\"https:\/\/www.youtube.com\/channel\/UC2J5ZL0ycOY0qBSTCLX_NGQ\/videos\",\"https:\/\/www.instagram.com\/ocdinform\/\"]},{\"@type\":\"Person\",\"@id\":\"https:\/\/www.carmelitaniscalzi.com\/#\/schema\/person\/6d1c0d9bea7b6625c437246a5d6da409\",\"name\":\"ocd web master\",\"image\":{\"@type\":\"ImageObject\",\"inLanguage\":\"es\",\"@id\":\"https:\/\/www.carmelitaniscalzi.com\/#\/schema\/person\/image\/\",\"url\":\"https:\/\/secure.gravatar.com\/avatar\/41fbc5f82bad909fbaf2984c43fa50d8519ac5853e25b454d022b6868f80d0e7?s=96&d=mm&r=g\",\"contentUrl\":\"https:\/\/secure.gravatar.com\/avatar\/41fbc5f82bad909fbaf2984c43fa50d8519ac5853e25b454d022b6868f80d0e7?s=96&d=mm&r=g\",\"caption\":\"ocd web master\"},\"url\":\"https:\/\/www.carmelitaniscalzi.com\/es\/author\/ocdwebmaster\/\"}]}<\/script>\n<!-- \/ Yoast SEO plugin. -->","yoast_head_json":{"title":"Italia: El Padre Saverio Cannistr\u00e0 nombrado Arzobispo Metropolitano de Pisa - CARMELITAS DESCALZOS","robots":{"index":"index","follow":"follow","max-snippet":"max-snippet:-1","max-image-preview":"max-image-preview:large","max-video-preview":"max-video-preview:-1"},"canonical":"https:\/\/www.carmelitaniscalzi.com\/es\/2025\/03\/07\/italia-el-padre-saverio-cannistra-nombrado-arzobispo-metropolitano-de-pisa\/","og_locale":"es_ES","og_type":"article","og_title":"Italia: El Padre Saverio Cannistr\u00e0 nombrado Arzobispo Metropolitano de Pisa - CARMELITAS DESCALZOS","og_description":"El viernes 6 de febrero, el Santo Padre nombr\u00f3 Arzobispo Metropolitano de Pisa al Padre Saverio Cannistr\u00e0, O.C.D., antiguo Prep\u00f3sito General de los Carmelitas Descalzos y hasta ahora vicario de la parroquia de San Pancracio en Roma. Curr\u00edculum vitae Monse\u00f1or Saverio Cannistr\u00e0, O.C.D., naci\u00f3 en Catanzaro el 3 de octubre de 1958. Tras obtener una [&hellip;]","og_url":"https:\/\/www.carmelitaniscalzi.com\/es\/2025\/03\/07\/italia-el-padre-saverio-cannistra-nombrado-arzobispo-metropolitano-de-pisa\/","og_site_name":"CARMELITAS DESCALZOS","article_publisher":"https:\/\/www.facebook.com\/Curia-Generalizia-Carmelitani-Scalzi-658766940887784\/","article_published_time":"2025-03-07T00:00:55+00:00","article_modified_time":"2025-03-14T00:03:40+00:00","og_image":[{"width":1200,"height":800,"url":"https:\/\/www.carmelitaniscalzi.com\/wp-content\/uploads\/2025\/03\/cover_saverio_02.2025.jpg","type":"image\/jpeg"}],"author":"ocd web master","twitter_card":"summary_large_image","twitter_creator":"@ocdcuria","twitter_site":"@ocdcuria","twitter_misc":{"Escrito por":"ocd web master","Tiempo de lectura":"1 minuto"},"schema":{"@context":"https:\/\/schema.org","@graph":[{"@type":"Article","@id":"https:\/\/www.carmelitaniscalzi.com\/es\/2025\/03\/07\/italia-el-padre-saverio-cannistra-nombrado-arzobispo-metropolitano-de-pisa\/#article","isPartOf":{"@id":"https:\/\/www.carmelitaniscalzi.com\/es\/2025\/03\/07\/italia-el-padre-saverio-cannistra-nombrado-arzobispo-metropolitano-de-pisa\/"},"author":{"name":"ocd web master","@id":"https:\/\/www.carmelitaniscalzi.com\/#\/schema\/person\/6d1c0d9bea7b6625c437246a5d6da409"},"headline":"Italia: El Padre Saverio Cannistr\u00e0 nombrado Arzobispo Metropolitano de Pisa","datePublished":"2025-03-07T00:00:55+00:00","dateModified":"2025-03-14T00:03:40+00:00","mainEntityOfPage":{"@id":"https:\/\/www.carmelitaniscalzi.com\/es\/2025\/03\/07\/italia-el-padre-saverio-cannistra-nombrado-arzobispo-metropolitano-de-pisa\/"},"wordCount":266,"publisher":{"@id":"https:\/\/www.carmelitaniscalzi.com\/#organization"},"image":{"@id":"https:\/\/www.carmelitaniscalzi.com\/es\/2025\/03\/07\/italia-el-padre-saverio-cannistra-nombrado-arzobispo-metropolitano-de-pisa\/#primaryimage"},"thumbnailUrl":"https:\/\/www.carmelitaniscalzi.com\/wp-content\/uploads\/2025\/03\/cover_saverio_02.2025.jpg","articleSection":["Noticias Frailes","Noticias"],"inLanguage":"es"},{"@type":"WebPage","@id":"https:\/\/www.carmelitaniscalzi.com\/es\/2025\/03\/07\/italia-el-padre-saverio-cannistra-nombrado-arzobispo-metropolitano-de-pisa\/","url":"https:\/\/www.carmelitaniscalzi.com\/es\/2025\/03\/07\/italia-el-padre-saverio-cannistra-nombrado-arzobispo-metropolitano-de-pisa\/","name":"Italia: El Padre Saverio Cannistr\u00e0 nombrado Arzobispo Metropolitano de Pisa - CARMELITAS DESCALZOS","isPartOf":{"@id":"https:\/\/www.carmelitaniscalzi.com\/#website"},"primaryImageOfPage":{"@id":"https:\/\/www.carmelitaniscalzi.com\/es\/2025\/03\/07\/italia-el-padre-saverio-cannistra-nombrado-arzobispo-metropolitano-de-pisa\/#primaryimage"},"image":{"@id":"https:\/\/www.carmelitaniscalzi.com\/es\/2025\/03\/07\/italia-el-padre-saverio-cannistra-nombrado-arzobispo-metropolitano-de-pisa\/#primaryimage"},"thumbnailUrl":"https:\/\/www.carmelitaniscalzi.com\/wp-content\/uploads\/2025\/03\/cover_saverio_02.2025.jpg","datePublished":"2025-03-07T00:00:55+00:00","dateModified":"2025-03-14T00:03:40+00:00","breadcrumb":{"@id":"https:\/\/www.carmelitaniscalzi.com\/es\/2025\/03\/07\/italia-el-padre-saverio-cannistra-nombrado-arzobispo-metropolitano-de-pisa\/#breadcrumb"},"inLanguage":"es","potentialAction":[{"@type":"ReadAction","target":["https:\/\/www.carmelitaniscalzi.com\/es\/2025\/03\/07\/italia-el-padre-saverio-cannistra-nombrado-arzobispo-metropolitano-de-pisa\/"]}]},{"@type":"ImageObject","inLanguage":"es","@id":"https:\/\/www.carmelitaniscalzi.com\/es\/2025\/03\/07\/italia-el-padre-saverio-cannistra-nombrado-arzobispo-metropolitano-de-pisa\/#primaryimage","url":"https:\/\/www.carmelitaniscalzi.com\/wp-content\/uploads\/2025\/03\/cover_saverio_02.2025.jpg","contentUrl":"https:\/\/www.carmelitaniscalzi.com\/wp-content\/uploads\/2025\/03\/cover_saverio_02.2025.jpg","width":1200,"height":800},{"@type":"BreadcrumbList","@id":"https:\/\/www.carmelitaniscalzi.com\/es\/2025\/03\/07\/italia-el-padre-saverio-cannistra-nombrado-arzobispo-metropolitano-de-pisa\/#breadcrumb","itemListElement":[{"@type":"ListItem","position":1,"name":"Home","item":"https:\/\/www.carmelitaniscalzi.com\/es\/"},{"@type":"ListItem","position":2,"name":"Italia: El Padre Saverio Cannistr\u00e0 nombrado Arzobispo Metropolitano de Pisa"}]},{"@type":"WebSite","@id":"https:\/\/www.carmelitaniscalzi.com\/#website","url":"https:\/\/www.carmelitaniscalzi.com\/","name":"CARMELITANI SCALZI - Curia Generale del Carmelo Teresiano","description":"Curia General del Carmelo Teresiano","publisher":{"@id":"https:\/\/www.carmelitaniscalzi.com\/#organization"},"alternateName":"CARMELITANI SCALZI","potentialAction":[{"@type":"SearchAction","target":{"@type":"EntryPoint","urlTemplate":"https:\/\/www.carmelitaniscalzi.com\/?s={search_term_string}"},"query-input":{"@type":"PropertyValueSpecification","valueRequired":true,"valueName":"search_term_string"}}],"inLanguage":"es"},{"@type":"Organization","@id":"https:\/\/www.carmelitaniscalzi.com\/#organization","name":"CARMELITANI SCALZI - Curia Generale del Carmelo Teresiano","url":"https:\/\/www.carmelitaniscalzi.com\/","logo":{"@type":"ImageObject","inLanguage":"es","@id":"https:\/\/www.carmelitaniscalzi.com\/#\/schema\/logo\/image\/","url":"https:\/\/www.carmelitaniscalzi.com\/wp-content\/uploads\/2025\/11\/login-logo.png","contentUrl":"https:\/\/www.carmelitaniscalzi.com\/wp-content\/uploads\/2025\/11\/login-logo.png","width":256,"height":256,"caption":"CARMELITANI SCALZI - Curia Generale del Carmelo Teresiano"},"image":{"@id":"https:\/\/www.carmelitaniscalzi.com\/#\/schema\/logo\/image\/"},"sameAs":["https:\/\/www.facebook.com\/Curia-Generalizia-Carmelitani-Scalzi-658766940887784\/","https:\/\/x.com\/ocdcuria","https:\/\/www.youtube.com\/channel\/UC2J5ZL0ycOY0qBSTCLX_NGQ\/videos","https:\/\/www.instagram.com\/ocdinform\/"]},{"@type":"Person","@id":"https:\/\/www.carmelitaniscalzi.com\/#\/schema\/person\/6d1c0d9bea7b6625c437246a5d6da409","name":"ocd web master","image":{"@type":"ImageObject","inLanguage":"es","@id":"https:\/\/www.carmelitaniscalzi.com\/#\/schema\/person\/image\/","url":"https:\/\/secure.gravatar.com\/avatar\/41fbc5f82bad909fbaf2984c43fa50d8519ac5853e25b454d022b6868f80d0e7?s=96&d=mm&r=g","contentUrl":"https:\/\/secure.gravatar.com\/avatar\/41fbc5f82bad909fbaf2984c43fa50d8519ac5853e25b454d022b6868f80d0e7?s=96&d=mm&r=g","caption":"ocd web master"},"url":"https:\/\/www.carmelitaniscalzi.com\/es\/author\/ocdwebmaster\/"}]}},"_links":{"self":[{"href":"https:\/\/www.carmelitaniscalzi.com\/es\/wp-json\/wp\/v2\/posts\/449453","targetHints":{"allow":["GET"]}}],"collection":[{"href":"https:\/\/www.carmelitaniscalzi.com\/es\/wp-json\/wp\/v2\/posts"}],"about":[{"href":"https:\/\/www.carmelitaniscalzi.com\/es\/wp-json\/wp\/v2\/types\/post"}],"author":[{"embeddable":true,"href":"https:\/\/www.carmelitaniscalzi.com\/es\/wp-json\/wp\/v2\/users\/7"}],"replies":[{"embeddable":true,"href":"https:\/\/www.carmelitaniscalzi.com\/es\/wp-json\/wp\/v2\/comments?post=449453"}],"version-history":[{"count":1,"href":"https:\/\/www.carmelitaniscalzi.com\/es\/wp-json\/wp\/v2\/posts\/449453\/revisions"}],"predecessor-version":[{"id":449454,"href":"https:\/\/www.carmelitaniscalzi.com\/es\/wp-json\/wp\/v2\/posts\/449453\/revisions\/449454"}],"wp:featuredmedia":[{"embeddable":true,"href":"https:\/\/www.carmelitaniscalzi.com\/es\/wp-json\/wp\/v2\/media\/449290"}],"wp:attachment":[{"href":"https:\/\/www.carmelitaniscalzi.com\/es\/wp-json\/wp\/v2\/media?parent=449453"}],"wp:term":[{"taxonomy":"category","embeddable":true,"href":"https:\/\/www.carmelitaniscalzi.com\/es\/wp-json\/wp\/v2\/categories?post=449453"},{"taxonomy":"post_tag","embeddable":true,"href":"https:\/\/www.carmelitaniscalzi.com\/es\/wp-json\/wp\/v2\/tags?post=449453"}],"curies":[{"name":"wp","href":"https:\/\/api.w.org\/{rel}","templated":true}]}}