{"id":437867,"date":"2025-02-15T03:00:52","date_gmt":"2025-02-15T02:00:52","guid":{"rendered":"https:\/\/www.carmelitaniscalzi.com\/?p=437867"},"modified":"2025-02-11T03:17:29","modified_gmt":"2025-02-11T02:17:29","slug":"sumatra-nacimiento-de-la-ocds-en-la-tierra-de-los-beatos-martires-dionisio-y-redento","status":"publish","type":"post","link":"https:\/\/www.carmelitaniscalzi.com\/es\/2025\/02\/15\/sumatra-nacimiento-de-la-ocds-en-la-tierra-de-los-beatos-martires-dionisio-y-redento\/","title":{"rendered":"Sumatra: Nacimiento de la OCDS en la tierra de los Beatos m\u00e1rtires Dionisio y Redento"},"content":{"rendered":"<p>Mientras esper\u00e1bamos el nacimiento de nuestro Salvador, un evento importante tuvo lugar en Aceh, al norte de Sumatra, el 22 de diciembre de 2024. Catorce hombres y mujeres comenzaron su tiempo de formaci\u00f3n en la OCDS. Este acontecimiento marca el inicio de la OCDS en la regi\u00f3n donde los beatos Dionisio y Redento fueron martirizados.<\/p>\n<p>El d\u00eda de la Epifan\u00eda, las 21 personas que hab\u00edan completado su tiempo de iniciaci\u00f3n en Binjai (Medan, Sumatra del Norte) dieron un nuevo paso al convertirse en aspirantes de la OCDS. En Sumatra del Norte, las vocaciones a la OCDS est\u00e1n creciendo r\u00e1pidamente, siendo un claro testimonio de la acci\u00f3n de la gracia divina en esta regi\u00f3n.<\/p>\n<p>Que esta nueva comunidad contin\u00fae creciendo en la fe y se convierta en un testigo de la amistad de Dios entre los fieles del Arzobispado de Medan. Mantengamos en nuestras oraciones a estos nuevos miembros que comienzan este camino de santidad.<\/p>\n<div class=\"wpmf-gallerys wpmf-gallerys-life \" ><div id=\"gallery-1\"\n data-gutter-width=\"5\"\n  data-wpmfcolumns=\"2\" class=\"wpmf-gallery gallery-link-file gallery_life gallery-masonry gallery-columns-2 gallery-size-thumbnail wpmf-gallery-bottomspace-default wpmf-gallery-clear wpmf-has-border-radius-0 wpmf-gutterwidth-5\"><div class=\"wpmf-gallery-item\n     wpmf-gallery-item-position-0 wpmf-gallery-item-attachment-437526\" data-index=\"0\"><div class=\"wpmf-gallery-icon\"><a class=\" not_video noLightbox\" data-lightbox=\"1\" data-href=\"https:\/\/www.carmelitaniscalzi.com\/wp-content\/uploads\/2025\/02\/Sumatra-1-1024x637.png\" title=\"Sumatra 1\" target=\"_self\" data-index=\"0\"><img decoding=\"async\" class=\"wpmf_img\" alt=\"Sumatra 1\" src=\"https:\/\/www.carmelitaniscalzi.com\/wp-content\/uploads\/2025\/02\/Sumatra-1-150x150.png\" data-type=\"wpmfgalleryimg\" data-lazy-src=\"https:\/\/www.carmelitaniscalzi.com\/wp-content\/uploads\/2025\/02\/Sumatra-1-150x150.png\"><\/a><\/div><\/div><div class=\"wpmf-gallery-item\n     wpmf-gallery-item-position-1 wpmf-gallery-item-attachment-437532\" data-index=\"1\"><div class=\"wpmf-gallery-icon\"><a class=\" not_video noLightbox\" data-lightbox=\"1\" data-href=\"https:\/\/www.carmelitaniscalzi.com\/wp-content\/uploads\/2025\/02\/Sumatra-2-1024x522.png\" title=\"Sumatra 2\" target=\"_self\" data-index=\"1\"><img decoding=\"async\" class=\"wpmf_img\" alt=\"Sumatra 2\" src=\"https:\/\/www.carmelitaniscalzi.com\/wp-content\/uploads\/2025\/02\/Sumatra-2-150x150.png\" data-type=\"wpmfgalleryimg\" data-lazy-src=\"https:\/\/www.carmelitaniscalzi.com\/wp-content\/uploads\/2025\/02\/Sumatra-2-150x150.png\"><\/a><\/div><\/div><\/div><\/div>\n\n","protected":false},"excerpt":{"rendered":"<p>Mientras esper\u00e1bamos el nacimiento de nuestro Salvador, un evento importante tuvo lugar en Aceh, al norte de Sumatra, el 22 de diciembre de 2024. Catorce hombres y mujeres comenzaron su tiempo de formaci\u00f3n en la OCDS. Este acontecimiento marca el inicio de la OCDS en la regi\u00f3n donde los beatos Dionisio y Redento fueron martirizados. [&hellip;]<\/p>\n","protected":false},"author":7,"featured_media":437520,"comment_status":"closed","ping_status":"open","sticky":false,"template":"","format":"standard","meta":{"_acf_changed":false,"footnotes":""},"categories":[263,372],"tags":[],"class_list":["post-437867","post","type-post","status-publish","format-standard","has-post-thumbnail","hentry","category-noticias-ocds","category-noticias"],"acf":[],"yoast_head":"<!-- This site is optimized with the Yoast SEO plugin v26.3 - https:\/\/yoast.com\/wordpress\/plugins\/seo\/ -->\n<title>Sumatra: Nacimiento de la OCDS en la tierra de los Beatos m\u00e1rtires Dionisio y Redento - CARMELITAS DESCALZOS<\/title>\n<meta name=\"robots\" content=\"index, follow, max-snippet:-1, max-image-preview:large, max-video-preview:-1\" \/>\n<link rel=\"canonical\" href=\"https:\/\/www.carmelitaniscalzi.com\/es\/2025\/02\/15\/sumatra-nacimiento-de-la-ocds-en-la-tierra-de-los-beatos-martires-dionisio-y-redento\/\" \/>\n<meta property=\"og:locale\" content=\"es_ES\" \/>\n<meta property=\"og:type\" content=\"article\" \/>\n<meta property=\"og:title\" content=\"Sumatra: Nacimiento de la OCDS en la tierra de los Beatos m\u00e1rtires Dionisio y Redento - CARMELITAS DESCALZOS\" \/>\n<meta property=\"og:description\" content=\"Mientras esper\u00e1bamos el nacimiento de nuestro Salvador, un evento importante tuvo lugar en Aceh, al norte de Sumatra, el 22 de diciembre de 2024. Catorce hombres y mujeres comenzaron su tiempo de formaci\u00f3n en la OCDS. Este acontecimiento marca el inicio de la OCDS en la regi\u00f3n donde los beatos Dionisio y Redento fueron martirizados. [&hellip;]\" \/>\n<meta property=\"og:url\" content=\"https:\/\/www.carmelitaniscalzi.com\/es\/2025\/02\/15\/sumatra-nacimiento-de-la-ocds-en-la-tierra-de-los-beatos-martires-dionisio-y-redento\/\" \/>\n<meta property=\"og:site_name\" content=\"CARMELITAS DESCALZOS\" \/>\n<meta property=\"article:publisher\" content=\"https:\/\/www.facebook.com\/Curia-Generalizia-Carmelitani-Scalzi-658766940887784\/\" \/>\n<meta property=\"article:published_time\" content=\"2025-02-15T02:00:52+00:00\" \/>\n<meta property=\"og:image\" content=\"https:\/\/www.carmelitaniscalzi.com\/wp-content\/uploads\/2025\/02\/cover_sumatra_01.2025.jpg\" \/>\n\t<meta property=\"og:image:width\" content=\"1200\" \/>\n\t<meta property=\"og:image:height\" content=\"800\" \/>\n\t<meta property=\"og:image:type\" content=\"image\/jpeg\" \/>\n<meta name=\"author\" content=\"ocd web master\" \/>\n<meta name=\"twitter:card\" content=\"summary_large_image\" \/>\n<meta name=\"twitter:creator\" content=\"@ocdcuria\" \/>\n<meta name=\"twitter:site\" content=\"@ocdcuria\" \/>\n<meta name=\"twitter:label1\" content=\"Escrito por\" \/>\n\t<meta name=\"twitter:data1\" content=\"ocd web master\" \/>\n\t<meta name=\"twitter:label2\" content=\"Tiempo de lectura\" \/>\n\t<meta name=\"twitter:data2\" content=\"1 minuto\" \/>\n<script type=\"application\/ld+json\" class=\"yoast-schema-graph\">{\"@context\":\"https:\/\/schema.org\",\"@graph\":[{\"@type\":\"Article\",\"@id\":\"https:\/\/www.carmelitaniscalzi.com\/es\/2025\/02\/15\/sumatra-nacimiento-de-la-ocds-en-la-tierra-de-los-beatos-martires-dionisio-y-redento\/#article\",\"isPartOf\":{\"@id\":\"https:\/\/www.carmelitaniscalzi.com\/es\/2025\/02\/15\/sumatra-nacimiento-de-la-ocds-en-la-tierra-de-los-beatos-martires-dionisio-y-redento\/\"},\"author\":{\"name\":\"ocd web master\",\"@id\":\"https:\/\/www.carmelitaniscalzi.com\/#\/schema\/person\/6d1c0d9bea7b6625c437246a5d6da409\"},\"headline\":\"Sumatra: Nacimiento de la OCDS en la tierra de los Beatos m\u00e1rtires Dionisio y Redento\",\"datePublished\":\"2025-02-15T02:00:52+00:00\",\"mainEntityOfPage\":{\"@id\":\"https:\/\/www.carmelitaniscalzi.com\/es\/2025\/02\/15\/sumatra-nacimiento-de-la-ocds-en-la-tierra-de-los-beatos-martires-dionisio-y-redento\/\"},\"wordCount\":189,\"publisher\":{\"@id\":\"https:\/\/www.carmelitaniscalzi.com\/#organization\"},\"image\":{\"@id\":\"https:\/\/www.carmelitaniscalzi.com\/es\/2025\/02\/15\/sumatra-nacimiento-de-la-ocds-en-la-tierra-de-los-beatos-martires-dionisio-y-redento\/#primaryimage\"},\"thumbnailUrl\":\"https:\/\/www.carmelitaniscalzi.com\/wp-content\/uploads\/2025\/02\/cover_sumatra_01.2025.jpg\",\"articleSection\":[\"Noticias OCDS\",\"Noticias\"],\"inLanguage\":\"es\"},{\"@type\":\"WebPage\",\"@id\":\"https:\/\/www.carmelitaniscalzi.com\/es\/2025\/02\/15\/sumatra-nacimiento-de-la-ocds-en-la-tierra-de-los-beatos-martires-dionisio-y-redento\/\",\"url\":\"https:\/\/www.carmelitaniscalzi.com\/es\/2025\/02\/15\/sumatra-nacimiento-de-la-ocds-en-la-tierra-de-los-beatos-martires-dionisio-y-redento\/\",\"name\":\"Sumatra: Nacimiento de la OCDS en la tierra de los Beatos m\u00e1rtires Dionisio y Redento - CARMELITAS DESCALZOS\",\"isPartOf\":{\"@id\":\"https:\/\/www.carmelitaniscalzi.com\/#website\"},\"primaryImageOfPage\":{\"@id\":\"https:\/\/www.carmelitaniscalzi.com\/es\/2025\/02\/15\/sumatra-nacimiento-de-la-ocds-en-la-tierra-de-los-beatos-martires-dionisio-y-redento\/#primaryimage\"},\"image\":{\"@id\":\"https:\/\/www.carmelitaniscalzi.com\/es\/2025\/02\/15\/sumatra-nacimiento-de-la-ocds-en-la-tierra-de-los-beatos-martires-dionisio-y-redento\/#primaryimage\"},\"thumbnailUrl\":\"https:\/\/www.carmelitaniscalzi.com\/wp-content\/uploads\/2025\/02\/cover_sumatra_01.2025.jpg\",\"datePublished\":\"2025-02-15T02:00:52+00:00\",\"breadcrumb\":{\"@id\":\"https:\/\/www.carmelitaniscalzi.com\/es\/2025\/02\/15\/sumatra-nacimiento-de-la-ocds-en-la-tierra-de-los-beatos-martires-dionisio-y-redento\/#breadcrumb\"},\"inLanguage\":\"es\",\"potentialAction\":[{\"@type\":\"ReadAction\",\"target\":[\"https:\/\/www.carmelitaniscalzi.com\/es\/2025\/02\/15\/sumatra-nacimiento-de-la-ocds-en-la-tierra-de-los-beatos-martires-dionisio-y-redento\/\"]}]},{\"@type\":\"ImageObject\",\"inLanguage\":\"es\",\"@id\":\"https:\/\/www.carmelitaniscalzi.com\/es\/2025\/02\/15\/sumatra-nacimiento-de-la-ocds-en-la-tierra-de-los-beatos-martires-dionisio-y-redento\/#primaryimage\",\"url\":\"https:\/\/www.carmelitaniscalzi.com\/wp-content\/uploads\/2025\/02\/cover_sumatra_01.2025.jpg\",\"contentUrl\":\"https:\/\/www.carmelitaniscalzi.com\/wp-content\/uploads\/2025\/02\/cover_sumatra_01.2025.jpg\",\"width\":1200,\"height\":800},{\"@type\":\"BreadcrumbList\",\"@id\":\"https:\/\/www.carmelitaniscalzi.com\/es\/2025\/02\/15\/sumatra-nacimiento-de-la-ocds-en-la-tierra-de-los-beatos-martires-dionisio-y-redento\/#breadcrumb\",\"itemListElement\":[{\"@type\":\"ListItem\",\"position\":1,\"name\":\"Home\",\"item\":\"https:\/\/www.carmelitaniscalzi.com\/es\/\"},{\"@type\":\"ListItem\",\"position\":2,\"name\":\"Sumatra: Nacimiento de la OCDS en la tierra de los Beatos m\u00e1rtires Dionisio y Redento\"}]},{\"@type\":\"WebSite\",\"@id\":\"https:\/\/www.carmelitaniscalzi.com\/#website\",\"url\":\"https:\/\/www.carmelitaniscalzi.com\/\",\"name\":\"CARMELITANI SCALZI - Curia Generale del Carmelo Teresiano\",\"description\":\"Curia General del Carmelo Teresiano\",\"publisher\":{\"@id\":\"https:\/\/www.carmelitaniscalzi.com\/#organization\"},\"alternateName\":\"CARMELITANI SCALZI\",\"potentialAction\":[{\"@type\":\"SearchAction\",\"target\":{\"@type\":\"EntryPoint\",\"urlTemplate\":\"https:\/\/www.carmelitaniscalzi.com\/?s={search_term_string}\"},\"query-input\":{\"@type\":\"PropertyValueSpecification\",\"valueRequired\":true,\"valueName\":\"search_term_string\"}}],\"inLanguage\":\"es\"},{\"@type\":\"Organization\",\"@id\":\"https:\/\/www.carmelitaniscalzi.com\/#organization\",\"name\":\"CARMELITANI SCALZI - Curia Generale del Carmelo Teresiano\",\"url\":\"https:\/\/www.carmelitaniscalzi.com\/\",\"logo\":{\"@type\":\"ImageObject\",\"inLanguage\":\"es\",\"@id\":\"https:\/\/www.carmelitaniscalzi.com\/#\/schema\/logo\/image\/\",\"url\":\"https:\/\/www.carmelitaniscalzi.com\/wp-content\/uploads\/2025\/11\/login-logo.png\",\"contentUrl\":\"https:\/\/www.carmelitaniscalzi.com\/wp-content\/uploads\/2025\/11\/login-logo.png\",\"width\":256,\"height\":256,\"caption\":\"CARMELITANI SCALZI - Curia Generale del Carmelo Teresiano\"},\"image\":{\"@id\":\"https:\/\/www.carmelitaniscalzi.com\/#\/schema\/logo\/image\/\"},\"sameAs\":[\"https:\/\/www.facebook.com\/Curia-Generalizia-Carmelitani-Scalzi-658766940887784\/\",\"https:\/\/x.com\/ocdcuria\",\"https:\/\/www.youtube.com\/channel\/UC2J5ZL0ycOY0qBSTCLX_NGQ\/videos\",\"https:\/\/www.instagram.com\/ocdinform\/\"]},{\"@type\":\"Person\",\"@id\":\"https:\/\/www.carmelitaniscalzi.com\/#\/schema\/person\/6d1c0d9bea7b6625c437246a5d6da409\",\"name\":\"ocd web master\",\"image\":{\"@type\":\"ImageObject\",\"inLanguage\":\"es\",\"@id\":\"https:\/\/www.carmelitaniscalzi.com\/#\/schema\/person\/image\/\",\"url\":\"https:\/\/secure.gravatar.com\/avatar\/41fbc5f82bad909fbaf2984c43fa50d8519ac5853e25b454d022b6868f80d0e7?s=96&d=mm&r=g\",\"contentUrl\":\"https:\/\/secure.gravatar.com\/avatar\/41fbc5f82bad909fbaf2984c43fa50d8519ac5853e25b454d022b6868f80d0e7?s=96&d=mm&r=g\",\"caption\":\"ocd web master\"},\"url\":\"https:\/\/www.carmelitaniscalzi.com\/es\/author\/ocdwebmaster\/\"}]}<\/script>\n<!-- \/ Yoast SEO plugin. -->","yoast_head_json":{"title":"Sumatra: Nacimiento de la OCDS en la tierra de los Beatos m\u00e1rtires Dionisio y Redento - CARMELITAS DESCALZOS","robots":{"index":"index","follow":"follow","max-snippet":"max-snippet:-1","max-image-preview":"max-image-preview:large","max-video-preview":"max-video-preview:-1"},"canonical":"https:\/\/www.carmelitaniscalzi.com\/es\/2025\/02\/15\/sumatra-nacimiento-de-la-ocds-en-la-tierra-de-los-beatos-martires-dionisio-y-redento\/","og_locale":"es_ES","og_type":"article","og_title":"Sumatra: Nacimiento de la OCDS en la tierra de los Beatos m\u00e1rtires Dionisio y Redento - CARMELITAS DESCALZOS","og_description":"Mientras esper\u00e1bamos el nacimiento de nuestro Salvador, un evento importante tuvo lugar en Aceh, al norte de Sumatra, el 22 de diciembre de 2024. Catorce hombres y mujeres comenzaron su tiempo de formaci\u00f3n en la OCDS. Este acontecimiento marca el inicio de la OCDS en la regi\u00f3n donde los beatos Dionisio y Redento fueron martirizados. [&hellip;]","og_url":"https:\/\/www.carmelitaniscalzi.com\/es\/2025\/02\/15\/sumatra-nacimiento-de-la-ocds-en-la-tierra-de-los-beatos-martires-dionisio-y-redento\/","og_site_name":"CARMELITAS DESCALZOS","article_publisher":"https:\/\/www.facebook.com\/Curia-Generalizia-Carmelitani-Scalzi-658766940887784\/","article_published_time":"2025-02-15T02:00:52+00:00","og_image":[{"width":1200,"height":800,"url":"https:\/\/www.carmelitaniscalzi.com\/wp-content\/uploads\/2025\/02\/cover_sumatra_01.2025.jpg","type":"image\/jpeg"}],"author":"ocd web master","twitter_card":"summary_large_image","twitter_creator":"@ocdcuria","twitter_site":"@ocdcuria","twitter_misc":{"Escrito por":"ocd web master","Tiempo de lectura":"1 minuto"},"schema":{"@context":"https:\/\/schema.org","@graph":[{"@type":"Article","@id":"https:\/\/www.carmelitaniscalzi.com\/es\/2025\/02\/15\/sumatra-nacimiento-de-la-ocds-en-la-tierra-de-los-beatos-martires-dionisio-y-redento\/#article","isPartOf":{"@id":"https:\/\/www.carmelitaniscalzi.com\/es\/2025\/02\/15\/sumatra-nacimiento-de-la-ocds-en-la-tierra-de-los-beatos-martires-dionisio-y-redento\/"},"author":{"name":"ocd web master","@id":"https:\/\/www.carmelitaniscalzi.com\/#\/schema\/person\/6d1c0d9bea7b6625c437246a5d6da409"},"headline":"Sumatra: Nacimiento de la OCDS en la tierra de los Beatos m\u00e1rtires Dionisio y Redento","datePublished":"2025-02-15T02:00:52+00:00","mainEntityOfPage":{"@id":"https:\/\/www.carmelitaniscalzi.com\/es\/2025\/02\/15\/sumatra-nacimiento-de-la-ocds-en-la-tierra-de-los-beatos-martires-dionisio-y-redento\/"},"wordCount":189,"publisher":{"@id":"https:\/\/www.carmelitaniscalzi.com\/#organization"},"image":{"@id":"https:\/\/www.carmelitaniscalzi.com\/es\/2025\/02\/15\/sumatra-nacimiento-de-la-ocds-en-la-tierra-de-los-beatos-martires-dionisio-y-redento\/#primaryimage"},"thumbnailUrl":"https:\/\/www.carmelitaniscalzi.com\/wp-content\/uploads\/2025\/02\/cover_sumatra_01.2025.jpg","articleSection":["Noticias OCDS","Noticias"],"inLanguage":"es"},{"@type":"WebPage","@id":"https:\/\/www.carmelitaniscalzi.com\/es\/2025\/02\/15\/sumatra-nacimiento-de-la-ocds-en-la-tierra-de-los-beatos-martires-dionisio-y-redento\/","url":"https:\/\/www.carmelitaniscalzi.com\/es\/2025\/02\/15\/sumatra-nacimiento-de-la-ocds-en-la-tierra-de-los-beatos-martires-dionisio-y-redento\/","name":"Sumatra: Nacimiento de la OCDS en la tierra de los Beatos m\u00e1rtires Dionisio y Redento - CARMELITAS DESCALZOS","isPartOf":{"@id":"https:\/\/www.carmelitaniscalzi.com\/#website"},"primaryImageOfPage":{"@id":"https:\/\/www.carmelitaniscalzi.com\/es\/2025\/02\/15\/sumatra-nacimiento-de-la-ocds-en-la-tierra-de-los-beatos-martires-dionisio-y-redento\/#primaryimage"},"image":{"@id":"https:\/\/www.carmelitaniscalzi.com\/es\/2025\/02\/15\/sumatra-nacimiento-de-la-ocds-en-la-tierra-de-los-beatos-martires-dionisio-y-redento\/#primaryimage"},"thumbnailUrl":"https:\/\/www.carmelitaniscalzi.com\/wp-content\/uploads\/2025\/02\/cover_sumatra_01.2025.jpg","datePublished":"2025-02-15T02:00:52+00:00","breadcrumb":{"@id":"https:\/\/www.carmelitaniscalzi.com\/es\/2025\/02\/15\/sumatra-nacimiento-de-la-ocds-en-la-tierra-de-los-beatos-martires-dionisio-y-redento\/#breadcrumb"},"inLanguage":"es","potentialAction":[{"@type":"ReadAction","target":["https:\/\/www.carmelitaniscalzi.com\/es\/2025\/02\/15\/sumatra-nacimiento-de-la-ocds-en-la-tierra-de-los-beatos-martires-dionisio-y-redento\/"]}]},{"@type":"ImageObject","inLanguage":"es","@id":"https:\/\/www.carmelitaniscalzi.com\/es\/2025\/02\/15\/sumatra-nacimiento-de-la-ocds-en-la-tierra-de-los-beatos-martires-dionisio-y-redento\/#primaryimage","url":"https:\/\/www.carmelitaniscalzi.com\/wp-content\/uploads\/2025\/02\/cover_sumatra_01.2025.jpg","contentUrl":"https:\/\/www.carmelitaniscalzi.com\/wp-content\/uploads\/2025\/02\/cover_sumatra_01.2025.jpg","width":1200,"height":800},{"@type":"BreadcrumbList","@id":"https:\/\/www.carmelitaniscalzi.com\/es\/2025\/02\/15\/sumatra-nacimiento-de-la-ocds-en-la-tierra-de-los-beatos-martires-dionisio-y-redento\/#breadcrumb","itemListElement":[{"@type":"ListItem","position":1,"name":"Home","item":"https:\/\/www.carmelitaniscalzi.com\/es\/"},{"@type":"ListItem","position":2,"name":"Sumatra: Nacimiento de la OCDS en la tierra de los Beatos m\u00e1rtires Dionisio y Redento"}]},{"@type":"WebSite","@id":"https:\/\/www.carmelitaniscalzi.com\/#website","url":"https:\/\/www.carmelitaniscalzi.com\/","name":"CARMELITANI SCALZI - Curia Generale del Carmelo Teresiano","description":"Curia General del Carmelo Teresiano","publisher":{"@id":"https:\/\/www.carmelitaniscalzi.com\/#organization"},"alternateName":"CARMELITANI SCALZI","potentialAction":[{"@type":"SearchAction","target":{"@type":"EntryPoint","urlTemplate":"https:\/\/www.carmelitaniscalzi.com\/?s={search_term_string}"},"query-input":{"@type":"PropertyValueSpecification","valueRequired":true,"valueName":"search_term_string"}}],"inLanguage":"es"},{"@type":"Organization","@id":"https:\/\/www.carmelitaniscalzi.com\/#organization","name":"CARMELITANI SCALZI - Curia Generale del Carmelo Teresiano","url":"https:\/\/www.carmelitaniscalzi.com\/","logo":{"@type":"ImageObject","inLanguage":"es","@id":"https:\/\/www.carmelitaniscalzi.com\/#\/schema\/logo\/image\/","url":"https:\/\/www.carmelitaniscalzi.com\/wp-content\/uploads\/2025\/11\/login-logo.png","contentUrl":"https:\/\/www.carmelitaniscalzi.com\/wp-content\/uploads\/2025\/11\/login-logo.png","width":256,"height":256,"caption":"CARMELITANI SCALZI - Curia Generale del Carmelo Teresiano"},"image":{"@id":"https:\/\/www.carmelitaniscalzi.com\/#\/schema\/logo\/image\/"},"sameAs":["https:\/\/www.facebook.com\/Curia-Generalizia-Carmelitani-Scalzi-658766940887784\/","https:\/\/x.com\/ocdcuria","https:\/\/www.youtube.com\/channel\/UC2J5ZL0ycOY0qBSTCLX_NGQ\/videos","https:\/\/www.instagram.com\/ocdinform\/"]},{"@type":"Person","@id":"https:\/\/www.carmelitaniscalzi.com\/#\/schema\/person\/6d1c0d9bea7b6625c437246a5d6da409","name":"ocd web master","image":{"@type":"ImageObject","inLanguage":"es","@id":"https:\/\/www.carmelitaniscalzi.com\/#\/schema\/person\/image\/","url":"https:\/\/secure.gravatar.com\/avatar\/41fbc5f82bad909fbaf2984c43fa50d8519ac5853e25b454d022b6868f80d0e7?s=96&d=mm&r=g","contentUrl":"https:\/\/secure.gravatar.com\/avatar\/41fbc5f82bad909fbaf2984c43fa50d8519ac5853e25b454d022b6868f80d0e7?s=96&d=mm&r=g","caption":"ocd web master"},"url":"https:\/\/www.carmelitaniscalzi.com\/es\/author\/ocdwebmaster\/"}]}},"_links":{"self":[{"href":"https:\/\/www.carmelitaniscalzi.com\/es\/wp-json\/wp\/v2\/posts\/437867","targetHints":{"allow":["GET"]}}],"collection":[{"href":"https:\/\/www.carmelitaniscalzi.com\/es\/wp-json\/wp\/v2\/posts"}],"about":[{"href":"https:\/\/www.carmelitaniscalzi.com\/es\/wp-json\/wp\/v2\/types\/post"}],"author":[{"embeddable":true,"href":"https:\/\/www.carmelitaniscalzi.com\/es\/wp-json\/wp\/v2\/users\/7"}],"replies":[{"embeddable":true,"href":"https:\/\/www.carmelitaniscalzi.com\/es\/wp-json\/wp\/v2\/comments?post=437867"}],"version-history":[{"count":1,"href":"https:\/\/www.carmelitaniscalzi.com\/es\/wp-json\/wp\/v2\/posts\/437867\/revisions"}],"predecessor-version":[{"id":437868,"href":"https:\/\/www.carmelitaniscalzi.com\/es\/wp-json\/wp\/v2\/posts\/437867\/revisions\/437868"}],"wp:featuredmedia":[{"embeddable":true,"href":"https:\/\/www.carmelitaniscalzi.com\/es\/wp-json\/wp\/v2\/media\/437520"}],"wp:attachment":[{"href":"https:\/\/www.carmelitaniscalzi.com\/es\/wp-json\/wp\/v2\/media?parent=437867"}],"wp:term":[{"taxonomy":"category","embeddable":true,"href":"https:\/\/www.carmelitaniscalzi.com\/es\/wp-json\/wp\/v2\/categories?post=437867"},{"taxonomy":"post_tag","embeddable":true,"href":"https:\/\/www.carmelitaniscalzi.com\/es\/wp-json\/wp\/v2\/tags?post=437867"}],"curies":[{"name":"wp","href":"https:\/\/api.w.org\/{rel}","templated":true}]}}