{"id":42374,"date":"2020-09-07T05:00:15","date_gmt":"2020-09-07T03:00:15","guid":{"rendered":"https:\/\/www.carmelitaniscalzi.com\/?p=42374"},"modified":"2020-09-08T22:33:07","modified_gmt":"2020-09-08T20:33:07","slug":"mujer-excepcional-cincuenta-anos-del-doctorado-de-santa-teresa-de-jesus","status":"publish","type":"post","link":"https:\/\/www.carmelitaniscalzi.com\/es\/2020\/09\/07\/mujer-excepcional-cincuenta-anos-del-doctorado-de-santa-teresa-de-jesus\/","title":{"rendered":"Mujer Excepcional. Cincuenta a\u00f1os del Doctorado de Santa Teresa de Jes\u00fas"},"content":{"rendered":"<p>El pr\u00f3ximo 27 de septiembre de 2020 se celebra el 50 Aniversario del Doctorado de Santa Teresa de Jes\u00fas. El <a href=\"https:\/\/www.diocesisdeavila.com\/\">Obispado de \u00c1vila<\/a>, los <a href=\"https:\/\/www.ocdiberica.com\/es\/comunidad\/3\/ver\">Carmelitas Descalzos<\/a> y la <a href=\"https:\/\/www.ucavila.es\/\">Universidad Cat\u00f3lica de \u00c1vila<\/a> (UCAV), con la colaboraci\u00f3n de la <a href=\"https:\/\/www.ku.de\/\">Universidad Cat\u00f3lica Eichst\u00e4tt-Ingolstadt<\/a>, han organizado el <a href=\"http:\/\/congresosantateresadoctora.es\/\">Congreso Internacional \u201cMujer Excepcional. Cincuenta a\u00f1os del Doctorado de Santa Teresa de Jes\u00fas\u201d<\/a>. El primer acto conmemorativo tendr\u00e1 lugar el pr\u00f3ximo 27 de septiembre, d\u00eda de la efem\u00e9ride de la primera mujer Doctora de la Iglesia. Mientras que el Congreso tendr\u00e1 lugar del 12 al 15 de abril de 2021.<\/p>\n<p>El congreso contar\u00e1, entre otros, con la presencia del Card. Aquilino Bocos, el Dr. Emilio Mart\u00ednez ocd y el Dr. Silvano Giordano ocd -del \u201cTeresianum\u201d de Roma-, el Dr. R\u00f3mulo Cuartas Londo\u00f1o ocd -del CITeS de \u00c1vila-; otros participantes en el congreso ser\u00e1n: la Dra. Marianne Schlosser, la Dra. Beatriz de Ancos Morales, el Dr. Burkard M. Zapff, el Dr. Lothar Wehr y el Cardenal Dr. Ricardo Bl\u00e1zquez P\u00e9rez, quienes abarcar\u00e1n la vida y obra de Santa Teresa desde diferentes perspectivas.<\/p>\n<p>La presentaci\u00f3n del Congreso tendr\u00e1 lugar el pr\u00f3ximo 27 de septiembre con la celebraci\u00f3n de una conferencia que tendr\u00e1 lugar en la Catedral de \u00c1vila y se retransmitir\u00e1 en directo por internet. El programa para esa jornada es el siguiente (CEST):<\/p>\n<p>&nbsp;<\/p>\n<ul>\n<li>16:30 h. Presentaci\u00f3n del Congreso.<\/li>\n<li>17:00 h. Conferencia a cargo del Dr. Juan Antonio Marcos: \u00abTeresa de Jes\u00fas: un verbo irregular (\u00bfPor qu\u00e9 sigue cautiv\u00e1ndonos?)\u00bb<\/li>\n<li>18:00 h. Santa Misa en la Catedral de Cristo Salvador, \u00c1vila<\/li>\n<\/ul>\n<p>&nbsp;<\/p>\n<p>Para m\u00e1s informaci\u00f3n: <a href=\"http:\/\/congresosantateresadoctora.es\/\">http:\/\/congresosantateresadoctora.es\/<\/a><\/p>\n<p>&nbsp;<\/p>\n<div class=\"wpmf-gallerys wpmf-gallerys-life \" ><div id=\"gallery-1\" class=\"gallery gallery_life wpmf_gallery_default gallery_default  gallery-columns-4 gallery-size-thumbnail gallery-link-post wpmf-has-border-radius-0 wpmf-gutterwidth-5 no_ratio\"><figure class=\"wpmf-gallery-item\" data-index=\"0\"><div class=\"wpmf-gallery-icon\"><div class=\"square_thumbnail\"><div class=\"img_centered\"><a class=\" not_video noLightbox\" data-lightbox=\"0\" data-href=\"https:\/\/www.carmelitaniscalzi.com\/wp-content\/uploads\/2020\/09\/03.jpg\" title=\"03\" target=\"_self\" data-index=\"0\"><img decoding=\"async\" class=\"wpmf_img\" alt=\"03\" src=\"https:\/\/www.carmelitaniscalzi.com\/wp-content\/uploads\/2020\/09\/03-150x150.jpg\" data-type=\"wpmfgalleryimg\" data-lazy-src=\"https:\/\/www.carmelitaniscalzi.com\/wp-content\/uploads\/2020\/09\/03-150x150.jpg\"><\/a><\/div><\/div><\/div><\/figure><figure class=\"wpmf-gallery-item\" data-index=\"1\"><div class=\"wpmf-gallery-icon\"><div class=\"square_thumbnail\"><div class=\"img_centered\"><a class=\" not_video noLightbox\" data-lightbox=\"0\" data-href=\"https:\/\/www.carmelitaniscalzi.com\/wp-content\/uploads\/2020\/09\/00-1.png\" title=\"00\" target=\"_self\" data-index=\"1\"><img decoding=\"async\" class=\"wpmf_img\" alt=\"00\" src=\"https:\/\/www.carmelitaniscalzi.com\/wp-content\/uploads\/2020\/09\/00-1-150x150.png\" data-type=\"wpmfgalleryimg\" data-lazy-src=\"https:\/\/www.carmelitaniscalzi.com\/wp-content\/uploads\/2020\/09\/00-1-150x150.png\"><\/a><\/div><\/div><\/div><\/figure><figure class=\"wpmf-gallery-item\" data-index=\"2\"><div class=\"wpmf-gallery-icon\"><div class=\"square_thumbnail\"><div class=\"img_centered\"><a class=\" not_video noLightbox\" data-lightbox=\"0\" data-href=\"https:\/\/www.carmelitaniscalzi.com\/wp-content\/uploads\/2020\/09\/02.jpg\" title=\"02\" target=\"_self\" data-index=\"2\"><img decoding=\"async\" class=\"wpmf_img\" alt=\"02\" src=\"https:\/\/www.carmelitaniscalzi.com\/wp-content\/uploads\/2020\/09\/02-150x150.jpg\" data-type=\"wpmfgalleryimg\" data-lazy-src=\"https:\/\/www.carmelitaniscalzi.com\/wp-content\/uploads\/2020\/09\/02-150x150.jpg\"><\/a><\/div><\/div><\/div><\/figure><figure class=\"wpmf-gallery-item\" data-index=\"3\"><div class=\"wpmf-gallery-icon\"><div class=\"square_thumbnail\"><div class=\"img_centered\"><a class=\" not_video noLightbox\" data-lightbox=\"0\" data-href=\"https:\/\/www.carmelitaniscalzi.com\/wp-content\/uploads\/2020\/09\/01-1.png\" title=\"01\" target=\"_self\" data-index=\"3\"><img decoding=\"async\" class=\"wpmf_img\" alt=\"01\" src=\"https:\/\/www.carmelitaniscalzi.com\/wp-content\/uploads\/2020\/09\/01-1-150x150.png\" data-type=\"wpmfgalleryimg\" data-lazy-src=\"https:\/\/www.carmelitaniscalzi.com\/wp-content\/uploads\/2020\/09\/01-1-150x150.png\"><\/a><\/div><\/div><\/div><\/figure><\/div><\/div>\n","protected":false},"excerpt":{"rendered":"<p>El pr\u00f3ximo 27 de septiembre de 2020 se celebra el 50 Aniversario del Doctorado de Santa Teresa de Jes\u00fas. El Obispado de \u00c1vila, los Carmelitas Descalzos y la Universidad Cat\u00f3lica de \u00c1vila (UCAV), con la colaboraci\u00f3n de la Universidad Cat\u00f3lica Eichst\u00e4tt-Ingolstadt, han organizado el Congreso Internacional \u201cMujer Excepcional. Cincuenta a\u00f1os del Doctorado de Santa Teresa [&hellip;]<\/p>\n","protected":false},"author":7,"featured_media":42368,"comment_status":"closed","ping_status":"closed","sticky":false,"template":"","format":"standard","meta":{"_acf_changed":false,"footnotes":""},"categories":[174,176,372],"tags":[],"class_list":["post-42374","post","type-post","status-publish","format-standard","has-post-thumbnail","hentry","category-noticias-frailes","category-noticias-monjas","category-noticias"],"acf":[],"yoast_head":"<!-- This site is optimized with the Yoast SEO plugin v26.3 - https:\/\/yoast.com\/wordpress\/plugins\/seo\/ -->\n<title>Mujer Excepcional. Cincuenta a\u00f1os del Doctorado de Santa Teresa de Jes\u00fas - CARMELITAS DESCALZOS<\/title>\n<meta name=\"robots\" content=\"index, follow, max-snippet:-1, max-image-preview:large, max-video-preview:-1\" \/>\n<link rel=\"canonical\" href=\"https:\/\/www.carmelitaniscalzi.com\/es\/2020\/09\/07\/mujer-excepcional-cincuenta-anos-del-doctorado-de-santa-teresa-de-jesus\/\" \/>\n<meta property=\"og:locale\" content=\"es_ES\" \/>\n<meta property=\"og:type\" content=\"article\" \/>\n<meta property=\"og:title\" content=\"Mujer Excepcional. Cincuenta a\u00f1os del Doctorado de Santa Teresa de Jes\u00fas - CARMELITAS DESCALZOS\" \/>\n<meta property=\"og:description\" content=\"El pr\u00f3ximo 27 de septiembre de 2020 se celebra el 50 Aniversario del Doctorado de Santa Teresa de Jes\u00fas. El Obispado de \u00c1vila, los Carmelitas Descalzos y la Universidad Cat\u00f3lica de \u00c1vila (UCAV), con la colaboraci\u00f3n de la Universidad Cat\u00f3lica Eichst\u00e4tt-Ingolstadt, han organizado el Congreso Internacional \u201cMujer Excepcional. Cincuenta a\u00f1os del Doctorado de Santa Teresa [&hellip;]\" \/>\n<meta property=\"og:url\" content=\"https:\/\/www.carmelitaniscalzi.com\/es\/2020\/09\/07\/mujer-excepcional-cincuenta-anos-del-doctorado-de-santa-teresa-de-jesus\/\" \/>\n<meta property=\"og:site_name\" content=\"CARMELITAS DESCALZOS\" \/>\n<meta property=\"article:publisher\" content=\"https:\/\/www.facebook.com\/Curia-Generalizia-Carmelitani-Scalzi-658766940887784\/\" \/>\n<meta property=\"article:published_time\" content=\"2020-09-07T03:00:15+00:00\" \/>\n<meta property=\"article:modified_time\" content=\"2020-09-08T20:33:07+00:00\" \/>\n<meta property=\"og:image\" content=\"https:\/\/www.carmelitaniscalzi.com\/wp-content\/uploads\/2020\/09\/04.png\" \/>\n\t<meta property=\"og:image:width\" content=\"1240\" \/>\n\t<meta property=\"og:image:height\" content=\"573\" \/>\n\t<meta property=\"og:image:type\" content=\"image\/png\" \/>\n<meta name=\"author\" content=\"ocd web master\" \/>\n<meta name=\"twitter:card\" content=\"summary_large_image\" \/>\n<meta name=\"twitter:creator\" content=\"@ocdcuria\" \/>\n<meta name=\"twitter:site\" content=\"@ocdcuria\" \/>\n<meta name=\"twitter:label1\" content=\"Escrito por\" \/>\n\t<meta name=\"twitter:data1\" content=\"ocd web master\" \/>\n\t<meta name=\"twitter:label2\" content=\"Tiempo de lectura\" \/>\n\t<meta name=\"twitter:data2\" content=\"1 minuto\" \/>\n<script type=\"application\/ld+json\" class=\"yoast-schema-graph\">{\"@context\":\"https:\/\/schema.org\",\"@graph\":[{\"@type\":\"Article\",\"@id\":\"https:\/\/www.carmelitaniscalzi.com\/es\/2020\/09\/07\/mujer-excepcional-cincuenta-anos-del-doctorado-de-santa-teresa-de-jesus\/#article\",\"isPartOf\":{\"@id\":\"https:\/\/www.carmelitaniscalzi.com\/es\/2020\/09\/07\/mujer-excepcional-cincuenta-anos-del-doctorado-de-santa-teresa-de-jesus\/\"},\"author\":{\"name\":\"ocd web master\",\"@id\":\"https:\/\/www.carmelitaniscalzi.com\/#\/schema\/person\/6d1c0d9bea7b6625c437246a5d6da409\"},\"headline\":\"Mujer Excepcional. Cincuenta a\u00f1os del Doctorado de Santa Teresa de Jes\u00fas\",\"datePublished\":\"2020-09-07T03:00:15+00:00\",\"dateModified\":\"2020-09-08T20:33:07+00:00\",\"mainEntityOfPage\":{\"@id\":\"https:\/\/www.carmelitaniscalzi.com\/es\/2020\/09\/07\/mujer-excepcional-cincuenta-anos-del-doctorado-de-santa-teresa-de-jesus\/\"},\"wordCount\":295,\"publisher\":{\"@id\":\"https:\/\/www.carmelitaniscalzi.com\/#organization\"},\"image\":{\"@id\":\"https:\/\/www.carmelitaniscalzi.com\/es\/2020\/09\/07\/mujer-excepcional-cincuenta-anos-del-doctorado-de-santa-teresa-de-jesus\/#primaryimage\"},\"thumbnailUrl\":\"https:\/\/www.carmelitaniscalzi.com\/wp-content\/uploads\/2020\/09\/04.png\",\"articleSection\":[\"Noticias Frailes\",\"Noticias Monjas\",\"Noticias\"],\"inLanguage\":\"es\"},{\"@type\":\"WebPage\",\"@id\":\"https:\/\/www.carmelitaniscalzi.com\/es\/2020\/09\/07\/mujer-excepcional-cincuenta-anos-del-doctorado-de-santa-teresa-de-jesus\/\",\"url\":\"https:\/\/www.carmelitaniscalzi.com\/es\/2020\/09\/07\/mujer-excepcional-cincuenta-anos-del-doctorado-de-santa-teresa-de-jesus\/\",\"name\":\"Mujer Excepcional. Cincuenta a\u00f1os del Doctorado de Santa Teresa de Jes\u00fas - CARMELITAS DESCALZOS\",\"isPartOf\":{\"@id\":\"https:\/\/www.carmelitaniscalzi.com\/#website\"},\"primaryImageOfPage\":{\"@id\":\"https:\/\/www.carmelitaniscalzi.com\/es\/2020\/09\/07\/mujer-excepcional-cincuenta-anos-del-doctorado-de-santa-teresa-de-jesus\/#primaryimage\"},\"image\":{\"@id\":\"https:\/\/www.carmelitaniscalzi.com\/es\/2020\/09\/07\/mujer-excepcional-cincuenta-anos-del-doctorado-de-santa-teresa-de-jesus\/#primaryimage\"},\"thumbnailUrl\":\"https:\/\/www.carmelitaniscalzi.com\/wp-content\/uploads\/2020\/09\/04.png\",\"datePublished\":\"2020-09-07T03:00:15+00:00\",\"dateModified\":\"2020-09-08T20:33:07+00:00\",\"breadcrumb\":{\"@id\":\"https:\/\/www.carmelitaniscalzi.com\/es\/2020\/09\/07\/mujer-excepcional-cincuenta-anos-del-doctorado-de-santa-teresa-de-jesus\/#breadcrumb\"},\"inLanguage\":\"es\",\"potentialAction\":[{\"@type\":\"ReadAction\",\"target\":[\"https:\/\/www.carmelitaniscalzi.com\/es\/2020\/09\/07\/mujer-excepcional-cincuenta-anos-del-doctorado-de-santa-teresa-de-jesus\/\"]}]},{\"@type\":\"ImageObject\",\"inLanguage\":\"es\",\"@id\":\"https:\/\/www.carmelitaniscalzi.com\/es\/2020\/09\/07\/mujer-excepcional-cincuenta-anos-del-doctorado-de-santa-teresa-de-jesus\/#primaryimage\",\"url\":\"https:\/\/www.carmelitaniscalzi.com\/wp-content\/uploads\/2020\/09\/04.png\",\"contentUrl\":\"https:\/\/www.carmelitaniscalzi.com\/wp-content\/uploads\/2020\/09\/04.png\",\"width\":1240,\"height\":573},{\"@type\":\"BreadcrumbList\",\"@id\":\"https:\/\/www.carmelitaniscalzi.com\/es\/2020\/09\/07\/mujer-excepcional-cincuenta-anos-del-doctorado-de-santa-teresa-de-jesus\/#breadcrumb\",\"itemListElement\":[{\"@type\":\"ListItem\",\"position\":1,\"name\":\"Home\",\"item\":\"https:\/\/www.carmelitaniscalzi.com\/es\/\"},{\"@type\":\"ListItem\",\"position\":2,\"name\":\"Mujer Excepcional. Cincuenta a\u00f1os del Doctorado de Santa Teresa de Jes\u00fas\"}]},{\"@type\":\"WebSite\",\"@id\":\"https:\/\/www.carmelitaniscalzi.com\/#website\",\"url\":\"https:\/\/www.carmelitaniscalzi.com\/\",\"name\":\"CARMELITANI SCALZI - Curia Generale del Carmelo Teresiano\",\"description\":\"Curia General del Carmelo Teresiano\",\"publisher\":{\"@id\":\"https:\/\/www.carmelitaniscalzi.com\/#organization\"},\"alternateName\":\"CARMELITANI SCALZI\",\"potentialAction\":[{\"@type\":\"SearchAction\",\"target\":{\"@type\":\"EntryPoint\",\"urlTemplate\":\"https:\/\/www.carmelitaniscalzi.com\/?s={search_term_string}\"},\"query-input\":{\"@type\":\"PropertyValueSpecification\",\"valueRequired\":true,\"valueName\":\"search_term_string\"}}],\"inLanguage\":\"es\"},{\"@type\":\"Organization\",\"@id\":\"https:\/\/www.carmelitaniscalzi.com\/#organization\",\"name\":\"CARMELITANI SCALZI - Curia Generale del Carmelo Teresiano\",\"url\":\"https:\/\/www.carmelitaniscalzi.com\/\",\"logo\":{\"@type\":\"ImageObject\",\"inLanguage\":\"es\",\"@id\":\"https:\/\/www.carmelitaniscalzi.com\/#\/schema\/logo\/image\/\",\"url\":\"https:\/\/www.carmelitaniscalzi.com\/wp-content\/uploads\/2025\/11\/login-logo.png\",\"contentUrl\":\"https:\/\/www.carmelitaniscalzi.com\/wp-content\/uploads\/2025\/11\/login-logo.png\",\"width\":256,\"height\":256,\"caption\":\"CARMELITANI SCALZI - Curia Generale del Carmelo Teresiano\"},\"image\":{\"@id\":\"https:\/\/www.carmelitaniscalzi.com\/#\/schema\/logo\/image\/\"},\"sameAs\":[\"https:\/\/www.facebook.com\/Curia-Generalizia-Carmelitani-Scalzi-658766940887784\/\",\"https:\/\/x.com\/ocdcuria\",\"https:\/\/www.youtube.com\/channel\/UC2J5ZL0ycOY0qBSTCLX_NGQ\/videos\",\"https:\/\/www.instagram.com\/ocdinform\/\"]},{\"@type\":\"Person\",\"@id\":\"https:\/\/www.carmelitaniscalzi.com\/#\/schema\/person\/6d1c0d9bea7b6625c437246a5d6da409\",\"name\":\"ocd web master\",\"image\":{\"@type\":\"ImageObject\",\"inLanguage\":\"es\",\"@id\":\"https:\/\/www.carmelitaniscalzi.com\/#\/schema\/person\/image\/\",\"url\":\"https:\/\/secure.gravatar.com\/avatar\/41fbc5f82bad909fbaf2984c43fa50d8519ac5853e25b454d022b6868f80d0e7?s=96&d=mm&r=g\",\"contentUrl\":\"https:\/\/secure.gravatar.com\/avatar\/41fbc5f82bad909fbaf2984c43fa50d8519ac5853e25b454d022b6868f80d0e7?s=96&d=mm&r=g\",\"caption\":\"ocd web master\"},\"url\":\"https:\/\/www.carmelitaniscalzi.com\/es\/author\/ocdwebmaster\/\"}]}<\/script>\n<!-- \/ Yoast SEO plugin. -->","yoast_head_json":{"title":"Mujer Excepcional. Cincuenta a\u00f1os del Doctorado de Santa Teresa de Jes\u00fas - CARMELITAS DESCALZOS","robots":{"index":"index","follow":"follow","max-snippet":"max-snippet:-1","max-image-preview":"max-image-preview:large","max-video-preview":"max-video-preview:-1"},"canonical":"https:\/\/www.carmelitaniscalzi.com\/es\/2020\/09\/07\/mujer-excepcional-cincuenta-anos-del-doctorado-de-santa-teresa-de-jesus\/","og_locale":"es_ES","og_type":"article","og_title":"Mujer Excepcional. Cincuenta a\u00f1os del Doctorado de Santa Teresa de Jes\u00fas - CARMELITAS DESCALZOS","og_description":"El pr\u00f3ximo 27 de septiembre de 2020 se celebra el 50 Aniversario del Doctorado de Santa Teresa de Jes\u00fas. El Obispado de \u00c1vila, los Carmelitas Descalzos y la Universidad Cat\u00f3lica de \u00c1vila (UCAV), con la colaboraci\u00f3n de la Universidad Cat\u00f3lica Eichst\u00e4tt-Ingolstadt, han organizado el Congreso Internacional \u201cMujer Excepcional. Cincuenta a\u00f1os del Doctorado de Santa Teresa [&hellip;]","og_url":"https:\/\/www.carmelitaniscalzi.com\/es\/2020\/09\/07\/mujer-excepcional-cincuenta-anos-del-doctorado-de-santa-teresa-de-jesus\/","og_site_name":"CARMELITAS DESCALZOS","article_publisher":"https:\/\/www.facebook.com\/Curia-Generalizia-Carmelitani-Scalzi-658766940887784\/","article_published_time":"2020-09-07T03:00:15+00:00","article_modified_time":"2020-09-08T20:33:07+00:00","og_image":[{"width":1240,"height":573,"url":"https:\/\/www.carmelitaniscalzi.com\/wp-content\/uploads\/2020\/09\/04.png","type":"image\/png"}],"author":"ocd web master","twitter_card":"summary_large_image","twitter_creator":"@ocdcuria","twitter_site":"@ocdcuria","twitter_misc":{"Escrito por":"ocd web master","Tiempo de lectura":"1 minuto"},"schema":{"@context":"https:\/\/schema.org","@graph":[{"@type":"Article","@id":"https:\/\/www.carmelitaniscalzi.com\/es\/2020\/09\/07\/mujer-excepcional-cincuenta-anos-del-doctorado-de-santa-teresa-de-jesus\/#article","isPartOf":{"@id":"https:\/\/www.carmelitaniscalzi.com\/es\/2020\/09\/07\/mujer-excepcional-cincuenta-anos-del-doctorado-de-santa-teresa-de-jesus\/"},"author":{"name":"ocd web master","@id":"https:\/\/www.carmelitaniscalzi.com\/#\/schema\/person\/6d1c0d9bea7b6625c437246a5d6da409"},"headline":"Mujer Excepcional. Cincuenta a\u00f1os del Doctorado de Santa Teresa de Jes\u00fas","datePublished":"2020-09-07T03:00:15+00:00","dateModified":"2020-09-08T20:33:07+00:00","mainEntityOfPage":{"@id":"https:\/\/www.carmelitaniscalzi.com\/es\/2020\/09\/07\/mujer-excepcional-cincuenta-anos-del-doctorado-de-santa-teresa-de-jesus\/"},"wordCount":295,"publisher":{"@id":"https:\/\/www.carmelitaniscalzi.com\/#organization"},"image":{"@id":"https:\/\/www.carmelitaniscalzi.com\/es\/2020\/09\/07\/mujer-excepcional-cincuenta-anos-del-doctorado-de-santa-teresa-de-jesus\/#primaryimage"},"thumbnailUrl":"https:\/\/www.carmelitaniscalzi.com\/wp-content\/uploads\/2020\/09\/04.png","articleSection":["Noticias Frailes","Noticias Monjas","Noticias"],"inLanguage":"es"},{"@type":"WebPage","@id":"https:\/\/www.carmelitaniscalzi.com\/es\/2020\/09\/07\/mujer-excepcional-cincuenta-anos-del-doctorado-de-santa-teresa-de-jesus\/","url":"https:\/\/www.carmelitaniscalzi.com\/es\/2020\/09\/07\/mujer-excepcional-cincuenta-anos-del-doctorado-de-santa-teresa-de-jesus\/","name":"Mujer Excepcional. Cincuenta a\u00f1os del Doctorado de Santa Teresa de Jes\u00fas - CARMELITAS DESCALZOS","isPartOf":{"@id":"https:\/\/www.carmelitaniscalzi.com\/#website"},"primaryImageOfPage":{"@id":"https:\/\/www.carmelitaniscalzi.com\/es\/2020\/09\/07\/mujer-excepcional-cincuenta-anos-del-doctorado-de-santa-teresa-de-jesus\/#primaryimage"},"image":{"@id":"https:\/\/www.carmelitaniscalzi.com\/es\/2020\/09\/07\/mujer-excepcional-cincuenta-anos-del-doctorado-de-santa-teresa-de-jesus\/#primaryimage"},"thumbnailUrl":"https:\/\/www.carmelitaniscalzi.com\/wp-content\/uploads\/2020\/09\/04.png","datePublished":"2020-09-07T03:00:15+00:00","dateModified":"2020-09-08T20:33:07+00:00","breadcrumb":{"@id":"https:\/\/www.carmelitaniscalzi.com\/es\/2020\/09\/07\/mujer-excepcional-cincuenta-anos-del-doctorado-de-santa-teresa-de-jesus\/#breadcrumb"},"inLanguage":"es","potentialAction":[{"@type":"ReadAction","target":["https:\/\/www.carmelitaniscalzi.com\/es\/2020\/09\/07\/mujer-excepcional-cincuenta-anos-del-doctorado-de-santa-teresa-de-jesus\/"]}]},{"@type":"ImageObject","inLanguage":"es","@id":"https:\/\/www.carmelitaniscalzi.com\/es\/2020\/09\/07\/mujer-excepcional-cincuenta-anos-del-doctorado-de-santa-teresa-de-jesus\/#primaryimage","url":"https:\/\/www.carmelitaniscalzi.com\/wp-content\/uploads\/2020\/09\/04.png","contentUrl":"https:\/\/www.carmelitaniscalzi.com\/wp-content\/uploads\/2020\/09\/04.png","width":1240,"height":573},{"@type":"BreadcrumbList","@id":"https:\/\/www.carmelitaniscalzi.com\/es\/2020\/09\/07\/mujer-excepcional-cincuenta-anos-del-doctorado-de-santa-teresa-de-jesus\/#breadcrumb","itemListElement":[{"@type":"ListItem","position":1,"name":"Home","item":"https:\/\/www.carmelitaniscalzi.com\/es\/"},{"@type":"ListItem","position":2,"name":"Mujer Excepcional. Cincuenta a\u00f1os del Doctorado de Santa Teresa de Jes\u00fas"}]},{"@type":"WebSite","@id":"https:\/\/www.carmelitaniscalzi.com\/#website","url":"https:\/\/www.carmelitaniscalzi.com\/","name":"CARMELITANI SCALZI - Curia Generale del Carmelo Teresiano","description":"Curia General del Carmelo Teresiano","publisher":{"@id":"https:\/\/www.carmelitaniscalzi.com\/#organization"},"alternateName":"CARMELITANI SCALZI","potentialAction":[{"@type":"SearchAction","target":{"@type":"EntryPoint","urlTemplate":"https:\/\/www.carmelitaniscalzi.com\/?s={search_term_string}"},"query-input":{"@type":"PropertyValueSpecification","valueRequired":true,"valueName":"search_term_string"}}],"inLanguage":"es"},{"@type":"Organization","@id":"https:\/\/www.carmelitaniscalzi.com\/#organization","name":"CARMELITANI SCALZI - Curia Generale del Carmelo Teresiano","url":"https:\/\/www.carmelitaniscalzi.com\/","logo":{"@type":"ImageObject","inLanguage":"es","@id":"https:\/\/www.carmelitaniscalzi.com\/#\/schema\/logo\/image\/","url":"https:\/\/www.carmelitaniscalzi.com\/wp-content\/uploads\/2025\/11\/login-logo.png","contentUrl":"https:\/\/www.carmelitaniscalzi.com\/wp-content\/uploads\/2025\/11\/login-logo.png","width":256,"height":256,"caption":"CARMELITANI SCALZI - Curia Generale del Carmelo Teresiano"},"image":{"@id":"https:\/\/www.carmelitaniscalzi.com\/#\/schema\/logo\/image\/"},"sameAs":["https:\/\/www.facebook.com\/Curia-Generalizia-Carmelitani-Scalzi-658766940887784\/","https:\/\/x.com\/ocdcuria","https:\/\/www.youtube.com\/channel\/UC2J5ZL0ycOY0qBSTCLX_NGQ\/videos","https:\/\/www.instagram.com\/ocdinform\/"]},{"@type":"Person","@id":"https:\/\/www.carmelitaniscalzi.com\/#\/schema\/person\/6d1c0d9bea7b6625c437246a5d6da409","name":"ocd web master","image":{"@type":"ImageObject","inLanguage":"es","@id":"https:\/\/www.carmelitaniscalzi.com\/#\/schema\/person\/image\/","url":"https:\/\/secure.gravatar.com\/avatar\/41fbc5f82bad909fbaf2984c43fa50d8519ac5853e25b454d022b6868f80d0e7?s=96&d=mm&r=g","contentUrl":"https:\/\/secure.gravatar.com\/avatar\/41fbc5f82bad909fbaf2984c43fa50d8519ac5853e25b454d022b6868f80d0e7?s=96&d=mm&r=g","caption":"ocd web master"},"url":"https:\/\/www.carmelitaniscalzi.com\/es\/author\/ocdwebmaster\/"}]}},"_links":{"self":[{"href":"https:\/\/www.carmelitaniscalzi.com\/es\/wp-json\/wp\/v2\/posts\/42374","targetHints":{"allow":["GET"]}}],"collection":[{"href":"https:\/\/www.carmelitaniscalzi.com\/es\/wp-json\/wp\/v2\/posts"}],"about":[{"href":"https:\/\/www.carmelitaniscalzi.com\/es\/wp-json\/wp\/v2\/types\/post"}],"author":[{"embeddable":true,"href":"https:\/\/www.carmelitaniscalzi.com\/es\/wp-json\/wp\/v2\/users\/7"}],"replies":[{"embeddable":true,"href":"https:\/\/www.carmelitaniscalzi.com\/es\/wp-json\/wp\/v2\/comments?post=42374"}],"version-history":[{"count":0,"href":"https:\/\/www.carmelitaniscalzi.com\/es\/wp-json\/wp\/v2\/posts\/42374\/revisions"}],"wp:featuredmedia":[{"embeddable":true,"href":"https:\/\/www.carmelitaniscalzi.com\/es\/wp-json\/wp\/v2\/media\/42368"}],"wp:attachment":[{"href":"https:\/\/www.carmelitaniscalzi.com\/es\/wp-json\/wp\/v2\/media?parent=42374"}],"wp:term":[{"taxonomy":"category","embeddable":true,"href":"https:\/\/www.carmelitaniscalzi.com\/es\/wp-json\/wp\/v2\/categories?post=42374"},{"taxonomy":"post_tag","embeddable":true,"href":"https:\/\/www.carmelitaniscalzi.com\/es\/wp-json\/wp\/v2\/tags?post=42374"}],"curies":[{"name":"wp","href":"https:\/\/api.w.org\/{rel}","templated":true}]}}