{"id":41916,"date":"2020-07-27T05:00:45","date_gmt":"2020-07-27T03:00:45","guid":{"rendered":"https:\/\/www.carmelitaniscalzi.com\/?p=41916"},"modified":"2020-07-22T00:54:55","modified_gmt":"2020-07-21T22:54:55","slug":"recuerdo-del-p-jeronimo-gracian","status":"publish","type":"post","link":"https:\/\/www.carmelitaniscalzi.com\/es\/2020\/07\/27\/recuerdo-del-p-jeronimo-gracian\/","title":{"rendered":"Recuerdo del P. Jer\u00f3nimo Graci\u00e1n"},"content":{"rendered":"<p>El diccionario biogr\u00e1fico espa\u00f1ol (de la Real Academia de la Historia Espa\u00f1ola) record\u00f3 durante el pasado mes de junio el 475\u00ba aniversario del nacimiento del P. Jer\u00f3nimo Graci\u00e1n (6.6.1545), publicando en la \u2018Home Page\u2019 de su p\u00e1gina web el art\u00edculo dedicado a dicho carmelita en el diccionario, realizado por el P. Jos\u00e9 Vicente Rodr\u00edguez, OCD:<\/p>\n<p><a href=\"http:\/\/dbe.rah.es\/biografias\/18443\/jeronimo-gracian-dantisco?fbclid=IwAR18saZvq8-FGHOYr_BY432n2upL0z7vhH9AIDtYNy6n3gG7YKe70P3pePo\">http:\/\/dbe.rah.es\/biografias\/18443\/jeronimo-gracian-dantisco<\/a><\/p>\n<p>El diccionario contiene otros muchos art\u00edculos de personajes vinculados al Carmelo teresiano, comenzando por la misma santa Teresa. Fueron recogidos hace ya dos a\u00f1os en el blog \u2018De la Rueca a la Pluma\u2019 de las Carmelitas Descalzas de Pu\u00e7ol, Valencia, Espa\u00f1a. En este link se puede ver el elenco completo:<\/p>\n<p><a href=\"https:\/\/delaruecaalapluma.wordpress.com\/2018\/05\/14\/diccionario-biografico-espanol\/\">https:\/\/delaruecaalapluma.wordpress.com\/2018\/05\/14\/diccionario-biografico-espanol\/<\/a><\/p>\n<p>&nbsp;<\/p>\n<p><a href=\"https:\/\/www.carmelitaniscalzi.com\/wp-content\/uploads\/2020\/07\/00-2.jpg\"><img loading=\"lazy\" decoding=\"async\" class=\"alignnone size-full wp-image-41869\" src=\"https:\/\/www.carmelitaniscalzi.com\/wp-content\/uploads\/2020\/07\/00-2.jpg\" alt=\"\" width=\"940\" height=\"627\" srcset=\"https:\/\/www.carmelitaniscalzi.com\/wp-content\/uploads\/2020\/07\/00-2.jpg 940w, https:\/\/www.carmelitaniscalzi.com\/wp-content\/uploads\/2020\/07\/00-2-300x200.jpg 300w, https:\/\/www.carmelitaniscalzi.com\/wp-content\/uploads\/2020\/07\/00-2-768x512.jpg 768w, https:\/\/www.carmelitaniscalzi.com\/wp-content\/uploads\/2020\/07\/00-2-82x55.jpg 82w, https:\/\/www.carmelitaniscalzi.com\/wp-content\/uploads\/2020\/07\/00-2-800x534.jpg 800w, https:\/\/www.carmelitaniscalzi.com\/wp-content\/uploads\/2020\/07\/00-2-580x387.jpg 580w\" sizes=\"auto, (max-width: 940px) 100vw, 940px\" \/><\/a><\/p>\n","protected":false},"excerpt":{"rendered":"<p>El diccionario biogr\u00e1fico espa\u00f1ol (de la Real Academia de la Historia Espa\u00f1ola) record\u00f3 durante el pasado mes de junio el 475\u00ba aniversario del nacimiento del P. Jer\u00f3nimo Graci\u00e1n (6.6.1545), publicando en la \u2018Home Page\u2019 de su p\u00e1gina web el art\u00edculo dedicado a dicho carmelita en el diccionario, realizado por el P. Jos\u00e9 Vicente Rodr\u00edguez, OCD: [&hellip;]<\/p>\n","protected":false},"author":7,"featured_media":41907,"comment_status":"closed","ping_status":"closed","sticky":false,"template":"","format":"standard","meta":{"_acf_changed":false,"footnotes":""},"categories":[174,372],"tags":[],"class_list":["post-41916","post","type-post","status-publish","format-standard","has-post-thumbnail","hentry","category-noticias-frailes","category-noticias"],"acf":[],"yoast_head":"<!-- This site is optimized with the Yoast SEO plugin v26.3 - https:\/\/yoast.com\/wordpress\/plugins\/seo\/ -->\n<title>Recuerdo del P. Jer\u00f3nimo Graci\u00e1n - CARMELITAS DESCALZOS<\/title>\n<meta name=\"robots\" content=\"index, follow, max-snippet:-1, max-image-preview:large, max-video-preview:-1\" \/>\n<link rel=\"canonical\" href=\"https:\/\/www.carmelitaniscalzi.com\/es\/2020\/07\/27\/recuerdo-del-p-jeronimo-gracian\/\" \/>\n<meta property=\"og:locale\" content=\"es_ES\" \/>\n<meta property=\"og:type\" content=\"article\" \/>\n<meta property=\"og:title\" content=\"Recuerdo del P. Jer\u00f3nimo Graci\u00e1n - CARMELITAS DESCALZOS\" \/>\n<meta property=\"og:description\" content=\"El diccionario biogr\u00e1fico espa\u00f1ol (de la Real Academia de la Historia Espa\u00f1ola) record\u00f3 durante el pasado mes de junio el 475\u00ba aniversario del nacimiento del P. Jer\u00f3nimo Graci\u00e1n (6.6.1545), publicando en la \u2018Home Page\u2019 de su p\u00e1gina web el art\u00edculo dedicado a dicho carmelita en el diccionario, realizado por el P. Jos\u00e9 Vicente Rodr\u00edguez, OCD: [&hellip;]\" \/>\n<meta property=\"og:url\" content=\"https:\/\/www.carmelitaniscalzi.com\/es\/2020\/07\/27\/recuerdo-del-p-jeronimo-gracian\/\" \/>\n<meta property=\"og:site_name\" content=\"CARMELITAS DESCALZOS\" \/>\n<meta property=\"article:publisher\" content=\"https:\/\/www.facebook.com\/Curia-Generalizia-Carmelitani-Scalzi-658766940887784\/\" \/>\n<meta property=\"article:published_time\" content=\"2020-07-27T03:00:45+00:00\" \/>\n<meta property=\"og:image\" content=\"https:\/\/www.carmelitaniscalzi.com\/wp-content\/uploads\/2020\/07\/01-3.jpg\" \/>\n\t<meta property=\"og:image:width\" content=\"940\" \/>\n\t<meta property=\"og:image:height\" content=\"500\" \/>\n\t<meta property=\"og:image:type\" content=\"image\/jpeg\" \/>\n<meta name=\"author\" content=\"ocd web master\" \/>\n<meta name=\"twitter:card\" content=\"summary_large_image\" \/>\n<meta name=\"twitter:creator\" content=\"@ocdcuria\" \/>\n<meta name=\"twitter:site\" content=\"@ocdcuria\" \/>\n<meta name=\"twitter:label1\" content=\"Escrito por\" \/>\n\t<meta name=\"twitter:data1\" content=\"ocd web master\" \/>\n\t<meta name=\"twitter:label2\" content=\"Tiempo de lectura\" \/>\n\t<meta name=\"twitter:data2\" content=\"1 minuto\" \/>\n<script type=\"application\/ld+json\" class=\"yoast-schema-graph\">{\"@context\":\"https:\/\/schema.org\",\"@graph\":[{\"@type\":\"Article\",\"@id\":\"https:\/\/www.carmelitaniscalzi.com\/es\/2020\/07\/27\/recuerdo-del-p-jeronimo-gracian\/#article\",\"isPartOf\":{\"@id\":\"https:\/\/www.carmelitaniscalzi.com\/es\/2020\/07\/27\/recuerdo-del-p-jeronimo-gracian\/\"},\"author\":{\"name\":\"ocd web master\",\"@id\":\"https:\/\/www.carmelitaniscalzi.com\/#\/schema\/person\/6d1c0d9bea7b6625c437246a5d6da409\"},\"headline\":\"Recuerdo del P. Jer\u00f3nimo Graci\u00e1n\",\"datePublished\":\"2020-07-27T03:00:45+00:00\",\"mainEntityOfPage\":{\"@id\":\"https:\/\/www.carmelitaniscalzi.com\/es\/2020\/07\/27\/recuerdo-del-p-jeronimo-gracian\/\"},\"wordCount\":134,\"publisher\":{\"@id\":\"https:\/\/www.carmelitaniscalzi.com\/#organization\"},\"image\":{\"@id\":\"https:\/\/www.carmelitaniscalzi.com\/es\/2020\/07\/27\/recuerdo-del-p-jeronimo-gracian\/#primaryimage\"},\"thumbnailUrl\":\"https:\/\/www.carmelitaniscalzi.com\/wp-content\/uploads\/2020\/07\/01-3.jpg\",\"articleSection\":[\"Noticias Frailes\",\"Noticias\"],\"inLanguage\":\"es\"},{\"@type\":\"WebPage\",\"@id\":\"https:\/\/www.carmelitaniscalzi.com\/es\/2020\/07\/27\/recuerdo-del-p-jeronimo-gracian\/\",\"url\":\"https:\/\/www.carmelitaniscalzi.com\/es\/2020\/07\/27\/recuerdo-del-p-jeronimo-gracian\/\",\"name\":\"Recuerdo del P. Jer\u00f3nimo Graci\u00e1n - CARMELITAS DESCALZOS\",\"isPartOf\":{\"@id\":\"https:\/\/www.carmelitaniscalzi.com\/#website\"},\"primaryImageOfPage\":{\"@id\":\"https:\/\/www.carmelitaniscalzi.com\/es\/2020\/07\/27\/recuerdo-del-p-jeronimo-gracian\/#primaryimage\"},\"image\":{\"@id\":\"https:\/\/www.carmelitaniscalzi.com\/es\/2020\/07\/27\/recuerdo-del-p-jeronimo-gracian\/#primaryimage\"},\"thumbnailUrl\":\"https:\/\/www.carmelitaniscalzi.com\/wp-content\/uploads\/2020\/07\/01-3.jpg\",\"datePublished\":\"2020-07-27T03:00:45+00:00\",\"breadcrumb\":{\"@id\":\"https:\/\/www.carmelitaniscalzi.com\/es\/2020\/07\/27\/recuerdo-del-p-jeronimo-gracian\/#breadcrumb\"},\"inLanguage\":\"es\",\"potentialAction\":[{\"@type\":\"ReadAction\",\"target\":[\"https:\/\/www.carmelitaniscalzi.com\/es\/2020\/07\/27\/recuerdo-del-p-jeronimo-gracian\/\"]}]},{\"@type\":\"ImageObject\",\"inLanguage\":\"es\",\"@id\":\"https:\/\/www.carmelitaniscalzi.com\/es\/2020\/07\/27\/recuerdo-del-p-jeronimo-gracian\/#primaryimage\",\"url\":\"https:\/\/www.carmelitaniscalzi.com\/wp-content\/uploads\/2020\/07\/01-3.jpg\",\"contentUrl\":\"https:\/\/www.carmelitaniscalzi.com\/wp-content\/uploads\/2020\/07\/01-3.jpg\",\"width\":940,\"height\":500},{\"@type\":\"BreadcrumbList\",\"@id\":\"https:\/\/www.carmelitaniscalzi.com\/es\/2020\/07\/27\/recuerdo-del-p-jeronimo-gracian\/#breadcrumb\",\"itemListElement\":[{\"@type\":\"ListItem\",\"position\":1,\"name\":\"Home\",\"item\":\"https:\/\/www.carmelitaniscalzi.com\/es\/\"},{\"@type\":\"ListItem\",\"position\":2,\"name\":\"Recuerdo del P. Jer\u00f3nimo Graci\u00e1n\"}]},{\"@type\":\"WebSite\",\"@id\":\"https:\/\/www.carmelitaniscalzi.com\/#website\",\"url\":\"https:\/\/www.carmelitaniscalzi.com\/\",\"name\":\"CARMELITANI SCALZI - Curia Generale del Carmelo Teresiano\",\"description\":\"Curia General del Carmelo Teresiano\",\"publisher\":{\"@id\":\"https:\/\/www.carmelitaniscalzi.com\/#organization\"},\"alternateName\":\"CARMELITANI SCALZI\",\"potentialAction\":[{\"@type\":\"SearchAction\",\"target\":{\"@type\":\"EntryPoint\",\"urlTemplate\":\"https:\/\/www.carmelitaniscalzi.com\/?s={search_term_string}\"},\"query-input\":{\"@type\":\"PropertyValueSpecification\",\"valueRequired\":true,\"valueName\":\"search_term_string\"}}],\"inLanguage\":\"es\"},{\"@type\":\"Organization\",\"@id\":\"https:\/\/www.carmelitaniscalzi.com\/#organization\",\"name\":\"CARMELITANI SCALZI - Curia Generale del Carmelo Teresiano\",\"url\":\"https:\/\/www.carmelitaniscalzi.com\/\",\"logo\":{\"@type\":\"ImageObject\",\"inLanguage\":\"es\",\"@id\":\"https:\/\/www.carmelitaniscalzi.com\/#\/schema\/logo\/image\/\",\"url\":\"https:\/\/www.carmelitaniscalzi.com\/wp-content\/uploads\/2025\/11\/login-logo.png\",\"contentUrl\":\"https:\/\/www.carmelitaniscalzi.com\/wp-content\/uploads\/2025\/11\/login-logo.png\",\"width\":256,\"height\":256,\"caption\":\"CARMELITANI SCALZI - Curia Generale del Carmelo Teresiano\"},\"image\":{\"@id\":\"https:\/\/www.carmelitaniscalzi.com\/#\/schema\/logo\/image\/\"},\"sameAs\":[\"https:\/\/www.facebook.com\/Curia-Generalizia-Carmelitani-Scalzi-658766940887784\/\",\"https:\/\/x.com\/ocdcuria\",\"https:\/\/www.youtube.com\/channel\/UC2J5ZL0ycOY0qBSTCLX_NGQ\/videos\",\"https:\/\/www.instagram.com\/ocdinform\/\"]},{\"@type\":\"Person\",\"@id\":\"https:\/\/www.carmelitaniscalzi.com\/#\/schema\/person\/6d1c0d9bea7b6625c437246a5d6da409\",\"name\":\"ocd web master\",\"image\":{\"@type\":\"ImageObject\",\"inLanguage\":\"es\",\"@id\":\"https:\/\/www.carmelitaniscalzi.com\/#\/schema\/person\/image\/\",\"url\":\"https:\/\/secure.gravatar.com\/avatar\/41fbc5f82bad909fbaf2984c43fa50d8519ac5853e25b454d022b6868f80d0e7?s=96&d=mm&r=g\",\"contentUrl\":\"https:\/\/secure.gravatar.com\/avatar\/41fbc5f82bad909fbaf2984c43fa50d8519ac5853e25b454d022b6868f80d0e7?s=96&d=mm&r=g\",\"caption\":\"ocd web master\"},\"url\":\"https:\/\/www.carmelitaniscalzi.com\/es\/author\/ocdwebmaster\/\"}]}<\/script>\n<!-- \/ Yoast SEO plugin. -->","yoast_head_json":{"title":"Recuerdo del P. Jer\u00f3nimo Graci\u00e1n - CARMELITAS DESCALZOS","robots":{"index":"index","follow":"follow","max-snippet":"max-snippet:-1","max-image-preview":"max-image-preview:large","max-video-preview":"max-video-preview:-1"},"canonical":"https:\/\/www.carmelitaniscalzi.com\/es\/2020\/07\/27\/recuerdo-del-p-jeronimo-gracian\/","og_locale":"es_ES","og_type":"article","og_title":"Recuerdo del P. Jer\u00f3nimo Graci\u00e1n - CARMELITAS DESCALZOS","og_description":"El diccionario biogr\u00e1fico espa\u00f1ol (de la Real Academia de la Historia Espa\u00f1ola) record\u00f3 durante el pasado mes de junio el 475\u00ba aniversario del nacimiento del P. Jer\u00f3nimo Graci\u00e1n (6.6.1545), publicando en la \u2018Home Page\u2019 de su p\u00e1gina web el art\u00edculo dedicado a dicho carmelita en el diccionario, realizado por el P. Jos\u00e9 Vicente Rodr\u00edguez, OCD: [&hellip;]","og_url":"https:\/\/www.carmelitaniscalzi.com\/es\/2020\/07\/27\/recuerdo-del-p-jeronimo-gracian\/","og_site_name":"CARMELITAS DESCALZOS","article_publisher":"https:\/\/www.facebook.com\/Curia-Generalizia-Carmelitani-Scalzi-658766940887784\/","article_published_time":"2020-07-27T03:00:45+00:00","og_image":[{"width":940,"height":500,"url":"https:\/\/www.carmelitaniscalzi.com\/wp-content\/uploads\/2020\/07\/01-3.jpg","type":"image\/jpeg"}],"author":"ocd web master","twitter_card":"summary_large_image","twitter_creator":"@ocdcuria","twitter_site":"@ocdcuria","twitter_misc":{"Escrito por":"ocd web master","Tiempo de lectura":"1 minuto"},"schema":{"@context":"https:\/\/schema.org","@graph":[{"@type":"Article","@id":"https:\/\/www.carmelitaniscalzi.com\/es\/2020\/07\/27\/recuerdo-del-p-jeronimo-gracian\/#article","isPartOf":{"@id":"https:\/\/www.carmelitaniscalzi.com\/es\/2020\/07\/27\/recuerdo-del-p-jeronimo-gracian\/"},"author":{"name":"ocd web master","@id":"https:\/\/www.carmelitaniscalzi.com\/#\/schema\/person\/6d1c0d9bea7b6625c437246a5d6da409"},"headline":"Recuerdo del P. Jer\u00f3nimo Graci\u00e1n","datePublished":"2020-07-27T03:00:45+00:00","mainEntityOfPage":{"@id":"https:\/\/www.carmelitaniscalzi.com\/es\/2020\/07\/27\/recuerdo-del-p-jeronimo-gracian\/"},"wordCount":134,"publisher":{"@id":"https:\/\/www.carmelitaniscalzi.com\/#organization"},"image":{"@id":"https:\/\/www.carmelitaniscalzi.com\/es\/2020\/07\/27\/recuerdo-del-p-jeronimo-gracian\/#primaryimage"},"thumbnailUrl":"https:\/\/www.carmelitaniscalzi.com\/wp-content\/uploads\/2020\/07\/01-3.jpg","articleSection":["Noticias Frailes","Noticias"],"inLanguage":"es"},{"@type":"WebPage","@id":"https:\/\/www.carmelitaniscalzi.com\/es\/2020\/07\/27\/recuerdo-del-p-jeronimo-gracian\/","url":"https:\/\/www.carmelitaniscalzi.com\/es\/2020\/07\/27\/recuerdo-del-p-jeronimo-gracian\/","name":"Recuerdo del P. Jer\u00f3nimo Graci\u00e1n - CARMELITAS DESCALZOS","isPartOf":{"@id":"https:\/\/www.carmelitaniscalzi.com\/#website"},"primaryImageOfPage":{"@id":"https:\/\/www.carmelitaniscalzi.com\/es\/2020\/07\/27\/recuerdo-del-p-jeronimo-gracian\/#primaryimage"},"image":{"@id":"https:\/\/www.carmelitaniscalzi.com\/es\/2020\/07\/27\/recuerdo-del-p-jeronimo-gracian\/#primaryimage"},"thumbnailUrl":"https:\/\/www.carmelitaniscalzi.com\/wp-content\/uploads\/2020\/07\/01-3.jpg","datePublished":"2020-07-27T03:00:45+00:00","breadcrumb":{"@id":"https:\/\/www.carmelitaniscalzi.com\/es\/2020\/07\/27\/recuerdo-del-p-jeronimo-gracian\/#breadcrumb"},"inLanguage":"es","potentialAction":[{"@type":"ReadAction","target":["https:\/\/www.carmelitaniscalzi.com\/es\/2020\/07\/27\/recuerdo-del-p-jeronimo-gracian\/"]}]},{"@type":"ImageObject","inLanguage":"es","@id":"https:\/\/www.carmelitaniscalzi.com\/es\/2020\/07\/27\/recuerdo-del-p-jeronimo-gracian\/#primaryimage","url":"https:\/\/www.carmelitaniscalzi.com\/wp-content\/uploads\/2020\/07\/01-3.jpg","contentUrl":"https:\/\/www.carmelitaniscalzi.com\/wp-content\/uploads\/2020\/07\/01-3.jpg","width":940,"height":500},{"@type":"BreadcrumbList","@id":"https:\/\/www.carmelitaniscalzi.com\/es\/2020\/07\/27\/recuerdo-del-p-jeronimo-gracian\/#breadcrumb","itemListElement":[{"@type":"ListItem","position":1,"name":"Home","item":"https:\/\/www.carmelitaniscalzi.com\/es\/"},{"@type":"ListItem","position":2,"name":"Recuerdo del P. Jer\u00f3nimo Graci\u00e1n"}]},{"@type":"WebSite","@id":"https:\/\/www.carmelitaniscalzi.com\/#website","url":"https:\/\/www.carmelitaniscalzi.com\/","name":"CARMELITANI SCALZI - Curia Generale del Carmelo Teresiano","description":"Curia General del Carmelo Teresiano","publisher":{"@id":"https:\/\/www.carmelitaniscalzi.com\/#organization"},"alternateName":"CARMELITANI SCALZI","potentialAction":[{"@type":"SearchAction","target":{"@type":"EntryPoint","urlTemplate":"https:\/\/www.carmelitaniscalzi.com\/?s={search_term_string}"},"query-input":{"@type":"PropertyValueSpecification","valueRequired":true,"valueName":"search_term_string"}}],"inLanguage":"es"},{"@type":"Organization","@id":"https:\/\/www.carmelitaniscalzi.com\/#organization","name":"CARMELITANI SCALZI - Curia Generale del Carmelo Teresiano","url":"https:\/\/www.carmelitaniscalzi.com\/","logo":{"@type":"ImageObject","inLanguage":"es","@id":"https:\/\/www.carmelitaniscalzi.com\/#\/schema\/logo\/image\/","url":"https:\/\/www.carmelitaniscalzi.com\/wp-content\/uploads\/2025\/11\/login-logo.png","contentUrl":"https:\/\/www.carmelitaniscalzi.com\/wp-content\/uploads\/2025\/11\/login-logo.png","width":256,"height":256,"caption":"CARMELITANI SCALZI - Curia Generale del Carmelo Teresiano"},"image":{"@id":"https:\/\/www.carmelitaniscalzi.com\/#\/schema\/logo\/image\/"},"sameAs":["https:\/\/www.facebook.com\/Curia-Generalizia-Carmelitani-Scalzi-658766940887784\/","https:\/\/x.com\/ocdcuria","https:\/\/www.youtube.com\/channel\/UC2J5ZL0ycOY0qBSTCLX_NGQ\/videos","https:\/\/www.instagram.com\/ocdinform\/"]},{"@type":"Person","@id":"https:\/\/www.carmelitaniscalzi.com\/#\/schema\/person\/6d1c0d9bea7b6625c437246a5d6da409","name":"ocd web master","image":{"@type":"ImageObject","inLanguage":"es","@id":"https:\/\/www.carmelitaniscalzi.com\/#\/schema\/person\/image\/","url":"https:\/\/secure.gravatar.com\/avatar\/41fbc5f82bad909fbaf2984c43fa50d8519ac5853e25b454d022b6868f80d0e7?s=96&d=mm&r=g","contentUrl":"https:\/\/secure.gravatar.com\/avatar\/41fbc5f82bad909fbaf2984c43fa50d8519ac5853e25b454d022b6868f80d0e7?s=96&d=mm&r=g","caption":"ocd web master"},"url":"https:\/\/www.carmelitaniscalzi.com\/es\/author\/ocdwebmaster\/"}]}},"_links":{"self":[{"href":"https:\/\/www.carmelitaniscalzi.com\/es\/wp-json\/wp\/v2\/posts\/41916","targetHints":{"allow":["GET"]}}],"collection":[{"href":"https:\/\/www.carmelitaniscalzi.com\/es\/wp-json\/wp\/v2\/posts"}],"about":[{"href":"https:\/\/www.carmelitaniscalzi.com\/es\/wp-json\/wp\/v2\/types\/post"}],"author":[{"embeddable":true,"href":"https:\/\/www.carmelitaniscalzi.com\/es\/wp-json\/wp\/v2\/users\/7"}],"replies":[{"embeddable":true,"href":"https:\/\/www.carmelitaniscalzi.com\/es\/wp-json\/wp\/v2\/comments?post=41916"}],"version-history":[{"count":0,"href":"https:\/\/www.carmelitaniscalzi.com\/es\/wp-json\/wp\/v2\/posts\/41916\/revisions"}],"wp:featuredmedia":[{"embeddable":true,"href":"https:\/\/www.carmelitaniscalzi.com\/es\/wp-json\/wp\/v2\/media\/41907"}],"wp:attachment":[{"href":"https:\/\/www.carmelitaniscalzi.com\/es\/wp-json\/wp\/v2\/media?parent=41916"}],"wp:term":[{"taxonomy":"category","embeddable":true,"href":"https:\/\/www.carmelitaniscalzi.com\/es\/wp-json\/wp\/v2\/categories?post=41916"},{"taxonomy":"post_tag","embeddable":true,"href":"https:\/\/www.carmelitaniscalzi.com\/es\/wp-json\/wp\/v2\/tags?post=41916"}],"curies":[{"name":"wp","href":"https:\/\/api.w.org\/{rel}","templated":true}]}}