{"id":394266,"date":"2024-10-12T03:45:42","date_gmt":"2024-10-12T01:45:42","guid":{"rendered":"https:\/\/www.carmelitaniscalzi.com\/?p=394266"},"modified":"2024-10-12T03:45:42","modified_gmt":"2024-10-12T01:45:42","slug":"espana-estudio-del-sepulcro-y-de-los-restos-de-santa-teresa-de-jesus","status":"publish","type":"post","link":"https:\/\/www.carmelitaniscalzi.com\/es\/2024\/10\/12\/espana-estudio-del-sepulcro-y-de-los-restos-de-santa-teresa-de-jesus\/","title":{"rendered":"Espa\u00f1a: estudio del sepulcro y de los restos de Santa Teresa de Jes\u00fas"},"content":{"rendered":"<p>En la ma\u00f1ana del 28 de agosto, en Alba de Tormes, ha comenzado el estudio del sepulcro y de los restos de Santa Teresa de Jes\u00fas por especialistas italianos que estar\u00e1n a cargo del Dicast\u00e9rio de las Causas de los Santos. El an\u00e1lisis se centrar\u00e1 en el estado del cuerpo y de las &#8216;reliquias mayores&#8217;, como son identificadas partes del cuerpo como el coraz\u00f3n y el brazo. De esta manera, se encargar\u00e1n de mantener su \u00abconservaci\u00f3n\u00bb y \u00abveneraci\u00f3n de las mismas\u00bb.<\/p>\n<p>El Postulador General de la Orden del Carmelo Descalzo, P. Marco Chiesa, ha informado que el cuerpo de Santa Teresa de Jes\u00fas mantiene el mismo aspecto visual que en la anterior apertura de 1914. En relaci\u00f3n al resultado de los estudios que se van a realizar, el Postulador General ha aseverado que a\u00fan es pronto para dar detalles. \u201cDesde la Orden se ve oportuno hacer este trabajo y ser\u00e1n los especialistas los que tras su exhaustivo trabajo nos indicar\u00e1n conclusiones. Sabemos, por estudios similares, que podremos conocer datos de gran inter\u00e9s de Teresa y tambi\u00e9n recomendaciones para la conservaci\u00f3n de las reliquias, pero eso ser\u00e1 en otra etapa.\u201d, ha comentado el P. Marco Chiesa. Tambi\u00e9n han sido sometidos a un proceso de limpieza los varios relicarios.<\/p>\n<p>En la tarde del 30 de agosto, ha concluido la primera fase del estudio del sepulcro y las reliquias de Santa Teresa. \u201cEl equipo de cient\u00edficos, liderado por el profesor Luigi Capasso, nos ha trasladado que el estado de conservaci\u00f3n de las reliquias de la Santa es excepcional. Se concluye la primera etapa de este proceso <em>in situ<\/em> en Alba de Tormes y comienza la segunda etapa en los estudios y laboratorios de Italia. Durar\u00e1 varios meses. A lo largo del 2025 se llegar\u00e1n las conclusiones y tendr\u00e1 lugar la tercera etapa en Alba de Tormes.\u201d, ha recordado el P. Marco Chiesa.<\/p>\n<p>La primera etapa ya ha mostrado las primeras certezas sobre la salud de la Santa en los \u00faltimos a\u00f1os de su vida. El equipo m\u00e9dico ha concluido, tras este primer an\u00e1lisis <em>in situ<\/em> que Teresa ten\u00eda una complexi\u00f3n f\u00edsica, muy fr\u00e1gil. Al menos durante los \u00faltimos a\u00f1os caminaba muy encorvada como consecuencia de una cifosis. La cifosis suele deberse a la debilidad de los huesos de la columna vertebral, que hace que se fracturen y compriman, aunque el equipo m\u00e9dico ha indicado que Santa Teresa no padec\u00eda osteoporosis. La deformaci\u00f3n de las v\u00e9rtebras de la columna obligaba a respirar con dificultad a Teresa, al menos, en los \u00faltimos a\u00f1os de su vida. A nivel m\u00e9dico, en este primer an\u00e1lisis, se ha constatado que la Santa padec\u00eda reuma y en la rodilla izquierda artrosis. En este mismo sentido, santa Teresa de Jes\u00fas sufri\u00f3 en los \u00faltimos a\u00f1os de vida una fascitis plantar, lo que le deb\u00eda causar mucho dolor al caminar. Este primer an\u00e1lisis indica que no hubo fractura en el brazo izquierdo. Hubo dislocamiento, sobre todo en la mu\u00f1eca. Cuando la curandera de Medina del Campo, despu\u00e9s de meses pudo ayudarla, ella y una ayudante tiraron del brazo y dislocaron su uni\u00f3n con el hombro. O sea, peor el remedio que la enfermedad. Ese brazo le qued\u00f3 bastante inutilizado los 5 a\u00f1os que le dur\u00f3 la vida. Esta cuesti\u00f3n del brazo est\u00e1 muy acreditada en los escritos de la propia Santa Teresa y en los testimonios para su beatificaci\u00f3n.<\/p>\n<p>&nbsp;<\/p>\n<div class=\"wpmf-gallerys wpmf-gallerys-life \" ><div id=\"gallery-1\"\n data-gutter-width=\"5\"\n  data-wpmfcolumns=\"4\" class=\"wpmf-gallery gallery-link-file gallery_life gallery-masonry gallery-columns-4 gallery-size-thumbnail wpmf-gallery-bottomspace-default wpmf-gallery-clear wpmf-has-border-radius-0 wpmf-gutterwidth-5\"><div class=\"wpmf-gallery-item\n     wpmf-gallery-item-position-0 wpmf-gallery-item-attachment-394179\" data-index=\"0\"><div class=\"wpmf-gallery-icon\"><a class=\" not_video noLightbox\" data-lightbox=\"1\" data-href=\"https:\/\/www.carmelitaniscalzi.com\/wp-content\/uploads\/2024\/10\/Alba-1-623x1024.jpg\" title=\"Alba 1\" target=\"_self\" data-index=\"0\"><img decoding=\"async\" class=\"wpmf_img\" alt=\"Alba 1\" src=\"https:\/\/www.carmelitaniscalzi.com\/wp-content\/uploads\/2024\/10\/Alba-1-150x150.jpg\" data-type=\"wpmfgalleryimg\" data-lazy-src=\"https:\/\/www.carmelitaniscalzi.com\/wp-content\/uploads\/2024\/10\/Alba-1-150x150.jpg\"><\/a><\/div><\/div><div class=\"wpmf-gallery-item\n     wpmf-gallery-item-position-1 wpmf-gallery-item-attachment-394185\" data-index=\"1\"><div class=\"wpmf-gallery-icon\"><a class=\" not_video noLightbox\" data-lightbox=\"1\" data-href=\"https:\/\/www.carmelitaniscalzi.com\/wp-content\/uploads\/2024\/10\/Alba-2-1024x675.jpg\" title=\"Alba 2\" target=\"_self\" data-index=\"1\"><img decoding=\"async\" class=\"wpmf_img\" alt=\"Alba 2\" src=\"https:\/\/www.carmelitaniscalzi.com\/wp-content\/uploads\/2024\/10\/Alba-2-150x150.jpg\" data-type=\"wpmfgalleryimg\" data-lazy-src=\"https:\/\/www.carmelitaniscalzi.com\/wp-content\/uploads\/2024\/10\/Alba-2-150x150.jpg\"><\/a><\/div><\/div><div class=\"wpmf-gallery-item\n     wpmf-gallery-item-position-2 wpmf-gallery-item-attachment-394191\" data-index=\"2\"><div class=\"wpmf-gallery-icon\"><a class=\" not_video noLightbox\" data-lightbox=\"1\" data-href=\"https:\/\/www.carmelitaniscalzi.com\/wp-content\/uploads\/2024\/10\/Alba-3-1024x576.jpg\" title=\"Alba 3\" target=\"_self\" data-index=\"2\"><img decoding=\"async\" class=\"wpmf_img\" alt=\"Alba 3\" src=\"https:\/\/www.carmelitaniscalzi.com\/wp-content\/uploads\/2024\/10\/Alba-3-150x150.jpg\" data-type=\"wpmfgalleryimg\" data-lazy-src=\"https:\/\/www.carmelitaniscalzi.com\/wp-content\/uploads\/2024\/10\/Alba-3-150x150.jpg\"><\/a><\/div><\/div><div class=\"wpmf-gallery-item\n     wpmf-gallery-item-position-3 wpmf-gallery-item-attachment-394197\" data-index=\"3\"><div class=\"wpmf-gallery-icon\"><a class=\" not_video noLightbox\" data-lightbox=\"1\" data-href=\"https:\/\/www.carmelitaniscalzi.com\/wp-content\/uploads\/2024\/10\/Alba-4-1024x576.jpg\" title=\"Alba 4\" target=\"_self\" data-index=\"3\"><img decoding=\"async\" class=\"wpmf_img\" alt=\"Alba 4\" src=\"https:\/\/www.carmelitaniscalzi.com\/wp-content\/uploads\/2024\/10\/Alba-4-150x150.jpg\" data-type=\"wpmfgalleryimg\" data-lazy-src=\"https:\/\/www.carmelitaniscalzi.com\/wp-content\/uploads\/2024\/10\/Alba-4-150x150.jpg\"><\/a><\/div><\/div><div class=\"wpmf-gallery-item\n     wpmf-gallery-item-position-4 wpmf-gallery-item-attachment-394203\" data-index=\"4\"><div class=\"wpmf-gallery-icon\"><a class=\" not_video noLightbox\" data-lightbox=\"1\" data-href=\"https:\/\/www.carmelitaniscalzi.com\/wp-content\/uploads\/2024\/10\/Alba-5.jpg\" title=\"Alba 5\" target=\"_self\" data-index=\"4\"><img decoding=\"async\" class=\"wpmf_img\" alt=\"Alba 5\" src=\"https:\/\/www.carmelitaniscalzi.com\/wp-content\/uploads\/2024\/10\/Alba-5-150x150.jpg\" data-type=\"wpmfgalleryimg\" data-lazy-src=\"https:\/\/www.carmelitaniscalzi.com\/wp-content\/uploads\/2024\/10\/Alba-5-150x150.jpg\"><\/a><\/div><\/div><div class=\"wpmf-gallery-item\n     wpmf-gallery-item-position-5 wpmf-gallery-item-attachment-394209\" data-index=\"5\"><div class=\"wpmf-gallery-icon\"><a class=\" not_video noLightbox\" data-lightbox=\"1\" data-href=\"https:\/\/www.carmelitaniscalzi.com\/wp-content\/uploads\/2024\/10\/Alba-6-1024x576.jpg\" title=\"Alba 6\" target=\"_self\" data-index=\"5\"><img decoding=\"async\" class=\"wpmf_img\" alt=\"Alba 6\" src=\"https:\/\/www.carmelitaniscalzi.com\/wp-content\/uploads\/2024\/10\/Alba-6-150x150.jpg\" data-type=\"wpmfgalleryimg\" data-lazy-src=\"https:\/\/www.carmelitaniscalzi.com\/wp-content\/uploads\/2024\/10\/Alba-6-150x150.jpg\"><\/a><\/div><\/div><div class=\"wpmf-gallery-item\n     wpmf-gallery-item-position-6 wpmf-gallery-item-attachment-394215\" data-index=\"6\"><div class=\"wpmf-gallery-icon\"><a class=\" not_video noLightbox\" data-lightbox=\"1\" data-href=\"https:\/\/www.carmelitaniscalzi.com\/wp-content\/uploads\/2024\/10\/Alba-7-1024x768.jpg\" title=\"Alba 7\" target=\"_self\" data-index=\"6\"><img decoding=\"async\" class=\"wpmf_img\" alt=\"Alba 7\" src=\"https:\/\/www.carmelitaniscalzi.com\/wp-content\/uploads\/2024\/10\/Alba-7-150x150.jpg\" data-type=\"wpmfgalleryimg\" data-lazy-src=\"https:\/\/www.carmelitaniscalzi.com\/wp-content\/uploads\/2024\/10\/Alba-7-150x150.jpg\"><\/a><\/div><\/div><\/div><\/div>\n\n","protected":false},"excerpt":{"rendered":"<p>En la ma\u00f1ana del 28 de agosto, en Alba de Tormes, ha comenzado el estudio del sepulcro y de los restos de Santa Teresa de Jes\u00fas por especialistas italianos que estar\u00e1n a cargo del Dicast\u00e9rio de las Causas de los Santos. El an\u00e1lisis se centrar\u00e1 en el estado del cuerpo y de las &#8216;reliquias mayores&#8217;, [&hellip;]<\/p>\n","protected":false},"author":7,"featured_media":394221,"comment_status":"closed","ping_status":"open","sticky":false,"template":"","format":"standard","meta":{"_acf_changed":false,"footnotes":""},"categories":[174,176,268,372],"tags":[],"class_list":["post-394266","post","type-post","status-publish","format-standard","has-post-thumbnail","hentry","category-noticias-frailes","category-noticias-monjas","category-noticias-postulacion","category-noticias"],"acf":[],"yoast_head":"<!-- This site is optimized with the Yoast SEO plugin v26.3 - https:\/\/yoast.com\/wordpress\/plugins\/seo\/ -->\n<title>Espa\u00f1a: estudio del sepulcro y de los restos de Santa Teresa de Jes\u00fas - CARMELITAS DESCALZOS<\/title>\n<meta name=\"robots\" content=\"index, follow, max-snippet:-1, max-image-preview:large, max-video-preview:-1\" \/>\n<link rel=\"canonical\" href=\"https:\/\/www.carmelitaniscalzi.com\/es\/2024\/10\/12\/espana-estudio-del-sepulcro-y-de-los-restos-de-santa-teresa-de-jesus\/\" \/>\n<meta property=\"og:locale\" content=\"es_ES\" \/>\n<meta property=\"og:type\" content=\"article\" \/>\n<meta property=\"og:title\" content=\"Espa\u00f1a: estudio del sepulcro y de los restos de Santa Teresa de Jes\u00fas - CARMELITAS DESCALZOS\" \/>\n<meta property=\"og:description\" content=\"En la ma\u00f1ana del 28 de agosto, en Alba de Tormes, ha comenzado el estudio del sepulcro y de los restos de Santa Teresa de Jes\u00fas por especialistas italianos que estar\u00e1n a cargo del Dicast\u00e9rio de las Causas de los Santos. El an\u00e1lisis se centrar\u00e1 en el estado del cuerpo y de las &#8216;reliquias mayores&#8217;, [&hellip;]\" \/>\n<meta property=\"og:url\" content=\"https:\/\/www.carmelitaniscalzi.com\/es\/2024\/10\/12\/espana-estudio-del-sepulcro-y-de-los-restos-de-santa-teresa-de-jesus\/\" \/>\n<meta property=\"og:site_name\" content=\"CARMELITAS DESCALZOS\" \/>\n<meta property=\"article:publisher\" content=\"https:\/\/www.facebook.com\/Curia-Generalizia-Carmelitani-Scalzi-658766940887784\/\" \/>\n<meta property=\"article:published_time\" content=\"2024-10-12T01:45:42+00:00\" \/>\n<meta property=\"og:image\" content=\"https:\/\/www.carmelitaniscalzi.com\/wp-content\/uploads\/2024\/10\/cover_alba_09.2024.jpg\" \/>\n\t<meta property=\"og:image:width\" content=\"1200\" \/>\n\t<meta property=\"og:image:height\" content=\"800\" \/>\n\t<meta property=\"og:image:type\" content=\"image\/jpeg\" \/>\n<meta name=\"author\" content=\"ocd web master\" \/>\n<meta name=\"twitter:card\" content=\"summary_large_image\" \/>\n<meta name=\"twitter:creator\" content=\"@ocdcuria\" \/>\n<meta name=\"twitter:site\" content=\"@ocdcuria\" \/>\n<meta name=\"twitter:label1\" content=\"Escrito por\" \/>\n\t<meta name=\"twitter:data1\" content=\"ocd web master\" \/>\n\t<meta name=\"twitter:label2\" content=\"Tiempo de lectura\" \/>\n\t<meta name=\"twitter:data2\" content=\"3 minutos\" \/>\n<script type=\"application\/ld+json\" class=\"yoast-schema-graph\">{\"@context\":\"https:\/\/schema.org\",\"@graph\":[{\"@type\":\"Article\",\"@id\":\"https:\/\/www.carmelitaniscalzi.com\/es\/2024\/10\/12\/espana-estudio-del-sepulcro-y-de-los-restos-de-santa-teresa-de-jesus\/#article\",\"isPartOf\":{\"@id\":\"https:\/\/www.carmelitaniscalzi.com\/es\/2024\/10\/12\/espana-estudio-del-sepulcro-y-de-los-restos-de-santa-teresa-de-jesus\/\"},\"author\":{\"name\":\"ocd web master\",\"@id\":\"https:\/\/www.carmelitaniscalzi.com\/#\/schema\/person\/6d1c0d9bea7b6625c437246a5d6da409\"},\"headline\":\"Espa\u00f1a: estudio del sepulcro y de los restos de Santa Teresa de Jes\u00fas\",\"datePublished\":\"2024-10-12T01:45:42+00:00\",\"mainEntityOfPage\":{\"@id\":\"https:\/\/www.carmelitaniscalzi.com\/es\/2024\/10\/12\/espana-estudio-del-sepulcro-y-de-los-restos-de-santa-teresa-de-jesus\/\"},\"wordCount\":626,\"publisher\":{\"@id\":\"https:\/\/www.carmelitaniscalzi.com\/#organization\"},\"image\":{\"@id\":\"https:\/\/www.carmelitaniscalzi.com\/es\/2024\/10\/12\/espana-estudio-del-sepulcro-y-de-los-restos-de-santa-teresa-de-jesus\/#primaryimage\"},\"thumbnailUrl\":\"https:\/\/www.carmelitaniscalzi.com\/wp-content\/uploads\/2024\/10\/cover_alba_09.2024.jpg\",\"articleSection\":[\"Noticias Frailes\",\"Noticias Monjas\",\"Noticias Postulaci\u00f3n\",\"Noticias\"],\"inLanguage\":\"es\"},{\"@type\":\"WebPage\",\"@id\":\"https:\/\/www.carmelitaniscalzi.com\/es\/2024\/10\/12\/espana-estudio-del-sepulcro-y-de-los-restos-de-santa-teresa-de-jesus\/\",\"url\":\"https:\/\/www.carmelitaniscalzi.com\/es\/2024\/10\/12\/espana-estudio-del-sepulcro-y-de-los-restos-de-santa-teresa-de-jesus\/\",\"name\":\"Espa\u00f1a: estudio del sepulcro y de los restos de Santa Teresa de Jes\u00fas - CARMELITAS DESCALZOS\",\"isPartOf\":{\"@id\":\"https:\/\/www.carmelitaniscalzi.com\/#website\"},\"primaryImageOfPage\":{\"@id\":\"https:\/\/www.carmelitaniscalzi.com\/es\/2024\/10\/12\/espana-estudio-del-sepulcro-y-de-los-restos-de-santa-teresa-de-jesus\/#primaryimage\"},\"image\":{\"@id\":\"https:\/\/www.carmelitaniscalzi.com\/es\/2024\/10\/12\/espana-estudio-del-sepulcro-y-de-los-restos-de-santa-teresa-de-jesus\/#primaryimage\"},\"thumbnailUrl\":\"https:\/\/www.carmelitaniscalzi.com\/wp-content\/uploads\/2024\/10\/cover_alba_09.2024.jpg\",\"datePublished\":\"2024-10-12T01:45:42+00:00\",\"breadcrumb\":{\"@id\":\"https:\/\/www.carmelitaniscalzi.com\/es\/2024\/10\/12\/espana-estudio-del-sepulcro-y-de-los-restos-de-santa-teresa-de-jesus\/#breadcrumb\"},\"inLanguage\":\"es\",\"potentialAction\":[{\"@type\":\"ReadAction\",\"target\":[\"https:\/\/www.carmelitaniscalzi.com\/es\/2024\/10\/12\/espana-estudio-del-sepulcro-y-de-los-restos-de-santa-teresa-de-jesus\/\"]}]},{\"@type\":\"ImageObject\",\"inLanguage\":\"es\",\"@id\":\"https:\/\/www.carmelitaniscalzi.com\/es\/2024\/10\/12\/espana-estudio-del-sepulcro-y-de-los-restos-de-santa-teresa-de-jesus\/#primaryimage\",\"url\":\"https:\/\/www.carmelitaniscalzi.com\/wp-content\/uploads\/2024\/10\/cover_alba_09.2024.jpg\",\"contentUrl\":\"https:\/\/www.carmelitaniscalzi.com\/wp-content\/uploads\/2024\/10\/cover_alba_09.2024.jpg\",\"width\":1200,\"height\":800},{\"@type\":\"BreadcrumbList\",\"@id\":\"https:\/\/www.carmelitaniscalzi.com\/es\/2024\/10\/12\/espana-estudio-del-sepulcro-y-de-los-restos-de-santa-teresa-de-jesus\/#breadcrumb\",\"itemListElement\":[{\"@type\":\"ListItem\",\"position\":1,\"name\":\"Home\",\"item\":\"https:\/\/www.carmelitaniscalzi.com\/es\/\"},{\"@type\":\"ListItem\",\"position\":2,\"name\":\"Espa\u00f1a: estudio del sepulcro y de los restos de Santa Teresa de Jes\u00fas\"}]},{\"@type\":\"WebSite\",\"@id\":\"https:\/\/www.carmelitaniscalzi.com\/#website\",\"url\":\"https:\/\/www.carmelitaniscalzi.com\/\",\"name\":\"CARMELITANI SCALZI - Curia Generale del Carmelo Teresiano\",\"description\":\"Curia General del Carmelo Teresiano\",\"publisher\":{\"@id\":\"https:\/\/www.carmelitaniscalzi.com\/#organization\"},\"alternateName\":\"CARMELITANI SCALZI\",\"potentialAction\":[{\"@type\":\"SearchAction\",\"target\":{\"@type\":\"EntryPoint\",\"urlTemplate\":\"https:\/\/www.carmelitaniscalzi.com\/?s={search_term_string}\"},\"query-input\":{\"@type\":\"PropertyValueSpecification\",\"valueRequired\":true,\"valueName\":\"search_term_string\"}}],\"inLanguage\":\"es\"},{\"@type\":\"Organization\",\"@id\":\"https:\/\/www.carmelitaniscalzi.com\/#organization\",\"name\":\"CARMELITANI SCALZI - Curia Generale del Carmelo Teresiano\",\"url\":\"https:\/\/www.carmelitaniscalzi.com\/\",\"logo\":{\"@type\":\"ImageObject\",\"inLanguage\":\"es\",\"@id\":\"https:\/\/www.carmelitaniscalzi.com\/#\/schema\/logo\/image\/\",\"url\":\"https:\/\/www.carmelitaniscalzi.com\/wp-content\/uploads\/2025\/11\/login-logo.png\",\"contentUrl\":\"https:\/\/www.carmelitaniscalzi.com\/wp-content\/uploads\/2025\/11\/login-logo.png\",\"width\":256,\"height\":256,\"caption\":\"CARMELITANI SCALZI - Curia Generale del Carmelo Teresiano\"},\"image\":{\"@id\":\"https:\/\/www.carmelitaniscalzi.com\/#\/schema\/logo\/image\/\"},\"sameAs\":[\"https:\/\/www.facebook.com\/Curia-Generalizia-Carmelitani-Scalzi-658766940887784\/\",\"https:\/\/x.com\/ocdcuria\",\"https:\/\/www.youtube.com\/channel\/UC2J5ZL0ycOY0qBSTCLX_NGQ\/videos\",\"https:\/\/www.instagram.com\/ocdinform\/\"]},{\"@type\":\"Person\",\"@id\":\"https:\/\/www.carmelitaniscalzi.com\/#\/schema\/person\/6d1c0d9bea7b6625c437246a5d6da409\",\"name\":\"ocd web master\",\"image\":{\"@type\":\"ImageObject\",\"inLanguage\":\"es\",\"@id\":\"https:\/\/www.carmelitaniscalzi.com\/#\/schema\/person\/image\/\",\"url\":\"https:\/\/secure.gravatar.com\/avatar\/41fbc5f82bad909fbaf2984c43fa50d8519ac5853e25b454d022b6868f80d0e7?s=96&d=mm&r=g\",\"contentUrl\":\"https:\/\/secure.gravatar.com\/avatar\/41fbc5f82bad909fbaf2984c43fa50d8519ac5853e25b454d022b6868f80d0e7?s=96&d=mm&r=g\",\"caption\":\"ocd web master\"},\"url\":\"https:\/\/www.carmelitaniscalzi.com\/es\/author\/ocdwebmaster\/\"}]}<\/script>\n<!-- \/ Yoast SEO plugin. -->","yoast_head_json":{"title":"Espa\u00f1a: estudio del sepulcro y de los restos de Santa Teresa de Jes\u00fas - CARMELITAS DESCALZOS","robots":{"index":"index","follow":"follow","max-snippet":"max-snippet:-1","max-image-preview":"max-image-preview:large","max-video-preview":"max-video-preview:-1"},"canonical":"https:\/\/www.carmelitaniscalzi.com\/es\/2024\/10\/12\/espana-estudio-del-sepulcro-y-de-los-restos-de-santa-teresa-de-jesus\/","og_locale":"es_ES","og_type":"article","og_title":"Espa\u00f1a: estudio del sepulcro y de los restos de Santa Teresa de Jes\u00fas - CARMELITAS DESCALZOS","og_description":"En la ma\u00f1ana del 28 de agosto, en Alba de Tormes, ha comenzado el estudio del sepulcro y de los restos de Santa Teresa de Jes\u00fas por especialistas italianos que estar\u00e1n a cargo del Dicast\u00e9rio de las Causas de los Santos. El an\u00e1lisis se centrar\u00e1 en el estado del cuerpo y de las &#8216;reliquias mayores&#8217;, [&hellip;]","og_url":"https:\/\/www.carmelitaniscalzi.com\/es\/2024\/10\/12\/espana-estudio-del-sepulcro-y-de-los-restos-de-santa-teresa-de-jesus\/","og_site_name":"CARMELITAS DESCALZOS","article_publisher":"https:\/\/www.facebook.com\/Curia-Generalizia-Carmelitani-Scalzi-658766940887784\/","article_published_time":"2024-10-12T01:45:42+00:00","og_image":[{"width":1200,"height":800,"url":"https:\/\/www.carmelitaniscalzi.com\/wp-content\/uploads\/2024\/10\/cover_alba_09.2024.jpg","type":"image\/jpeg"}],"author":"ocd web master","twitter_card":"summary_large_image","twitter_creator":"@ocdcuria","twitter_site":"@ocdcuria","twitter_misc":{"Escrito por":"ocd web master","Tiempo de lectura":"3 minutos"},"schema":{"@context":"https:\/\/schema.org","@graph":[{"@type":"Article","@id":"https:\/\/www.carmelitaniscalzi.com\/es\/2024\/10\/12\/espana-estudio-del-sepulcro-y-de-los-restos-de-santa-teresa-de-jesus\/#article","isPartOf":{"@id":"https:\/\/www.carmelitaniscalzi.com\/es\/2024\/10\/12\/espana-estudio-del-sepulcro-y-de-los-restos-de-santa-teresa-de-jesus\/"},"author":{"name":"ocd web master","@id":"https:\/\/www.carmelitaniscalzi.com\/#\/schema\/person\/6d1c0d9bea7b6625c437246a5d6da409"},"headline":"Espa\u00f1a: estudio del sepulcro y de los restos de Santa Teresa de Jes\u00fas","datePublished":"2024-10-12T01:45:42+00:00","mainEntityOfPage":{"@id":"https:\/\/www.carmelitaniscalzi.com\/es\/2024\/10\/12\/espana-estudio-del-sepulcro-y-de-los-restos-de-santa-teresa-de-jesus\/"},"wordCount":626,"publisher":{"@id":"https:\/\/www.carmelitaniscalzi.com\/#organization"},"image":{"@id":"https:\/\/www.carmelitaniscalzi.com\/es\/2024\/10\/12\/espana-estudio-del-sepulcro-y-de-los-restos-de-santa-teresa-de-jesus\/#primaryimage"},"thumbnailUrl":"https:\/\/www.carmelitaniscalzi.com\/wp-content\/uploads\/2024\/10\/cover_alba_09.2024.jpg","articleSection":["Noticias Frailes","Noticias Monjas","Noticias Postulaci\u00f3n","Noticias"],"inLanguage":"es"},{"@type":"WebPage","@id":"https:\/\/www.carmelitaniscalzi.com\/es\/2024\/10\/12\/espana-estudio-del-sepulcro-y-de-los-restos-de-santa-teresa-de-jesus\/","url":"https:\/\/www.carmelitaniscalzi.com\/es\/2024\/10\/12\/espana-estudio-del-sepulcro-y-de-los-restos-de-santa-teresa-de-jesus\/","name":"Espa\u00f1a: estudio del sepulcro y de los restos de Santa Teresa de Jes\u00fas - CARMELITAS DESCALZOS","isPartOf":{"@id":"https:\/\/www.carmelitaniscalzi.com\/#website"},"primaryImageOfPage":{"@id":"https:\/\/www.carmelitaniscalzi.com\/es\/2024\/10\/12\/espana-estudio-del-sepulcro-y-de-los-restos-de-santa-teresa-de-jesus\/#primaryimage"},"image":{"@id":"https:\/\/www.carmelitaniscalzi.com\/es\/2024\/10\/12\/espana-estudio-del-sepulcro-y-de-los-restos-de-santa-teresa-de-jesus\/#primaryimage"},"thumbnailUrl":"https:\/\/www.carmelitaniscalzi.com\/wp-content\/uploads\/2024\/10\/cover_alba_09.2024.jpg","datePublished":"2024-10-12T01:45:42+00:00","breadcrumb":{"@id":"https:\/\/www.carmelitaniscalzi.com\/es\/2024\/10\/12\/espana-estudio-del-sepulcro-y-de-los-restos-de-santa-teresa-de-jesus\/#breadcrumb"},"inLanguage":"es","potentialAction":[{"@type":"ReadAction","target":["https:\/\/www.carmelitaniscalzi.com\/es\/2024\/10\/12\/espana-estudio-del-sepulcro-y-de-los-restos-de-santa-teresa-de-jesus\/"]}]},{"@type":"ImageObject","inLanguage":"es","@id":"https:\/\/www.carmelitaniscalzi.com\/es\/2024\/10\/12\/espana-estudio-del-sepulcro-y-de-los-restos-de-santa-teresa-de-jesus\/#primaryimage","url":"https:\/\/www.carmelitaniscalzi.com\/wp-content\/uploads\/2024\/10\/cover_alba_09.2024.jpg","contentUrl":"https:\/\/www.carmelitaniscalzi.com\/wp-content\/uploads\/2024\/10\/cover_alba_09.2024.jpg","width":1200,"height":800},{"@type":"BreadcrumbList","@id":"https:\/\/www.carmelitaniscalzi.com\/es\/2024\/10\/12\/espana-estudio-del-sepulcro-y-de-los-restos-de-santa-teresa-de-jesus\/#breadcrumb","itemListElement":[{"@type":"ListItem","position":1,"name":"Home","item":"https:\/\/www.carmelitaniscalzi.com\/es\/"},{"@type":"ListItem","position":2,"name":"Espa\u00f1a: estudio del sepulcro y de los restos de Santa Teresa de Jes\u00fas"}]},{"@type":"WebSite","@id":"https:\/\/www.carmelitaniscalzi.com\/#website","url":"https:\/\/www.carmelitaniscalzi.com\/","name":"CARMELITANI SCALZI - Curia Generale del Carmelo Teresiano","description":"Curia General del Carmelo Teresiano","publisher":{"@id":"https:\/\/www.carmelitaniscalzi.com\/#organization"},"alternateName":"CARMELITANI SCALZI","potentialAction":[{"@type":"SearchAction","target":{"@type":"EntryPoint","urlTemplate":"https:\/\/www.carmelitaniscalzi.com\/?s={search_term_string}"},"query-input":{"@type":"PropertyValueSpecification","valueRequired":true,"valueName":"search_term_string"}}],"inLanguage":"es"},{"@type":"Organization","@id":"https:\/\/www.carmelitaniscalzi.com\/#organization","name":"CARMELITANI SCALZI - Curia Generale del Carmelo Teresiano","url":"https:\/\/www.carmelitaniscalzi.com\/","logo":{"@type":"ImageObject","inLanguage":"es","@id":"https:\/\/www.carmelitaniscalzi.com\/#\/schema\/logo\/image\/","url":"https:\/\/www.carmelitaniscalzi.com\/wp-content\/uploads\/2025\/11\/login-logo.png","contentUrl":"https:\/\/www.carmelitaniscalzi.com\/wp-content\/uploads\/2025\/11\/login-logo.png","width":256,"height":256,"caption":"CARMELITANI SCALZI - Curia Generale del Carmelo Teresiano"},"image":{"@id":"https:\/\/www.carmelitaniscalzi.com\/#\/schema\/logo\/image\/"},"sameAs":["https:\/\/www.facebook.com\/Curia-Generalizia-Carmelitani-Scalzi-658766940887784\/","https:\/\/x.com\/ocdcuria","https:\/\/www.youtube.com\/channel\/UC2J5ZL0ycOY0qBSTCLX_NGQ\/videos","https:\/\/www.instagram.com\/ocdinform\/"]},{"@type":"Person","@id":"https:\/\/www.carmelitaniscalzi.com\/#\/schema\/person\/6d1c0d9bea7b6625c437246a5d6da409","name":"ocd web master","image":{"@type":"ImageObject","inLanguage":"es","@id":"https:\/\/www.carmelitaniscalzi.com\/#\/schema\/person\/image\/","url":"https:\/\/secure.gravatar.com\/avatar\/41fbc5f82bad909fbaf2984c43fa50d8519ac5853e25b454d022b6868f80d0e7?s=96&d=mm&r=g","contentUrl":"https:\/\/secure.gravatar.com\/avatar\/41fbc5f82bad909fbaf2984c43fa50d8519ac5853e25b454d022b6868f80d0e7?s=96&d=mm&r=g","caption":"ocd web master"},"url":"https:\/\/www.carmelitaniscalzi.com\/es\/author\/ocdwebmaster\/"}]}},"_links":{"self":[{"href":"https:\/\/www.carmelitaniscalzi.com\/es\/wp-json\/wp\/v2\/posts\/394266","targetHints":{"allow":["GET"]}}],"collection":[{"href":"https:\/\/www.carmelitaniscalzi.com\/es\/wp-json\/wp\/v2\/posts"}],"about":[{"href":"https:\/\/www.carmelitaniscalzi.com\/es\/wp-json\/wp\/v2\/types\/post"}],"author":[{"embeddable":true,"href":"https:\/\/www.carmelitaniscalzi.com\/es\/wp-json\/wp\/v2\/users\/7"}],"replies":[{"embeddable":true,"href":"https:\/\/www.carmelitaniscalzi.com\/es\/wp-json\/wp\/v2\/comments?post=394266"}],"version-history":[{"count":1,"href":"https:\/\/www.carmelitaniscalzi.com\/es\/wp-json\/wp\/v2\/posts\/394266\/revisions"}],"predecessor-version":[{"id":394267,"href":"https:\/\/www.carmelitaniscalzi.com\/es\/wp-json\/wp\/v2\/posts\/394266\/revisions\/394267"}],"wp:featuredmedia":[{"embeddable":true,"href":"https:\/\/www.carmelitaniscalzi.com\/es\/wp-json\/wp\/v2\/media\/394221"}],"wp:attachment":[{"href":"https:\/\/www.carmelitaniscalzi.com\/es\/wp-json\/wp\/v2\/media?parent=394266"}],"wp:term":[{"taxonomy":"category","embeddable":true,"href":"https:\/\/www.carmelitaniscalzi.com\/es\/wp-json\/wp\/v2\/categories?post=394266"},{"taxonomy":"post_tag","embeddable":true,"href":"https:\/\/www.carmelitaniscalzi.com\/es\/wp-json\/wp\/v2\/tags?post=394266"}],"curies":[{"name":"wp","href":"https:\/\/api.w.org\/{rel}","templated":true}]}}