{"id":373608,"date":"2024-07-06T16:07:33","date_gmt":"2024-07-06T14:07:33","guid":{"rendered":"https:\/\/www.carmelitaniscalzi.com\/?p=373608"},"modified":"2024-07-06T16:07:33","modified_gmt":"2024-07-06T14:07:33","slug":"beatificacion-de-ana-de-jesus","status":"publish","type":"post","link":"https:\/\/www.carmelitaniscalzi.com\/es\/2024\/07\/06\/beatificacion-de-ana-de-jesus\/","title":{"rendered":"Beatificaci\u00f3n de Ana de Jes\u00fas"},"content":{"rendered":"<p>Con inmensa alegr\u00eda que os anunciamos que el domingo 29 de septiembre de 2024 se llevar\u00e1 a cabo, en la archidi\u00f3cesis de Malinas-Bruselas, la ceremonia de beatificaci\u00f3n de la Venerable Ana de Jes\u00fas, presidida por el Papa Francisco.<\/p>\n<p>Nacida el 25 de noviembre de 1545 en Medina del Campo (Espa\u00f1a) y fallecida el 4 de marzo de 1621 en Bruselas (B\u00e9lgica), Ana de Jes\u00fas es una de las piedras angulares de toda la obra teresiana. Sus setenta y seis a\u00f1os de vida constituyen uno de los puentes m\u00e1s importantes para la transmisi\u00f3n del carisma teresiano a las generaciones siguientes. La primera parte de su vida est\u00e1 marcada por el hecho de que comparte estrechamente los \u00faltimos doce a\u00f1os de la Madre, que son los momentos m\u00e1s decisivos para el establecimiento del esp\u00edritu y la identidad de la Orden. La segunda parte de su vida se caracteriza por decisiones valientes y por una expansi\u00f3n floreciente de la reforma teresiana en Francia y Flandes.<\/p>\n<div class=\"wpmf-gallerys wpmf-gallerys-life \" ><div id=\"gallery-1\"\n data-gutter-width=\"5\"\n  data-wpmfcolumns=\"2\" class=\"wpmf-gallery gallery-link-file gallery_life gallery-masonry gallery-columns-2 gallery-size-thumbnail wpmf-gallery-bottomspace-default wpmf-gallery-clear wpmf-has-border-radius-0 wpmf-gutterwidth-5\"><div class=\"wpmf-gallery-item\n     wpmf-gallery-item-position-0 wpmf-gallery-item-attachment-373364\" data-index=\"0\"><div class=\"wpmf-gallery-icon\"><a class=\" not_video noLightbox\" data-lightbox=\"1\" data-href=\"https:\/\/www.carmelitaniscalzi.com\/wp-content\/uploads\/2024\/07\/ana-de-jesus-pape.jpg\" title=\"ana-de-jesus pape\" target=\"_self\" data-index=\"0\"><img decoding=\"async\" class=\"wpmf_img\" alt=\"ana-de-jesus pape\" src=\"https:\/\/www.carmelitaniscalzi.com\/wp-content\/uploads\/2024\/07\/ana-de-jesus-pape-150x150.jpg\" data-type=\"wpmfgalleryimg\" data-lazy-src=\"https:\/\/www.carmelitaniscalzi.com\/wp-content\/uploads\/2024\/07\/ana-de-jesus-pape-150x150.jpg\"><\/a><\/div><\/div><div class=\"wpmf-gallery-item\n     wpmf-gallery-item-position-1 wpmf-gallery-item-attachment-373370\" data-index=\"1\"><div class=\"wpmf-gallery-icon\"><a class=\" not_video noLightbox\" data-lightbox=\"1\" data-href=\"https:\/\/www.carmelitaniscalzi.com\/wp-content\/uploads\/2024\/07\/ana-de-jesus-836x1024.jpg\" title=\"ana-de-jesus\" target=\"_self\" data-index=\"1\"><img decoding=\"async\" class=\"wpmf_img\" alt=\"ana-de-jesus\" src=\"https:\/\/www.carmelitaniscalzi.com\/wp-content\/uploads\/2024\/07\/ana-de-jesus-150x150.jpg\" data-type=\"wpmfgalleryimg\" data-lazy-src=\"https:\/\/www.carmelitaniscalzi.com\/wp-content\/uploads\/2024\/07\/ana-de-jesus-150x150.jpg\"><\/a><\/div><\/div><\/div><\/div>\n\n","protected":false},"excerpt":{"rendered":"<p>Con inmensa alegr\u00eda que os anunciamos que el domingo 29 de septiembre de 2024 se llevar\u00e1 a cabo, en la archidi\u00f3cesis de Malinas-Bruselas, la ceremonia de beatificaci\u00f3n de la Venerable Ana de Jes\u00fas, presidida por el Papa Francisco. Nacida el 25 de noviembre de 1545 en Medina del Campo (Espa\u00f1a) y fallecida el 4 de [&hellip;]<\/p>\n","protected":false},"author":7,"featured_media":373376,"comment_status":"closed","ping_status":"open","sticky":false,"template":"","format":"standard","meta":{"_acf_changed":false,"footnotes":""},"categories":[176,372,174],"tags":[],"class_list":["post-373608","post","type-post","status-publish","format-standard","has-post-thumbnail","hentry","category-noticias-monjas","category-noticias","category-noticias-frailes"],"acf":[],"yoast_head":"<!-- This site is optimized with the Yoast SEO plugin v26.3 - https:\/\/yoast.com\/wordpress\/plugins\/seo\/ -->\n<title>Beatificaci\u00f3n de Ana de Jes\u00fas - CARMELITAS DESCALZOS<\/title>\n<meta name=\"robots\" content=\"index, follow, max-snippet:-1, max-image-preview:large, max-video-preview:-1\" \/>\n<link rel=\"canonical\" href=\"https:\/\/www.carmelitaniscalzi.com\/es\/2024\/07\/06\/beatificacion-de-ana-de-jesus\/\" \/>\n<meta property=\"og:locale\" content=\"es_ES\" \/>\n<meta property=\"og:type\" content=\"article\" \/>\n<meta property=\"og:title\" content=\"Beatificaci\u00f3n de Ana de Jes\u00fas - CARMELITAS DESCALZOS\" \/>\n<meta property=\"og:description\" content=\"Con inmensa alegr\u00eda que os anunciamos que el domingo 29 de septiembre de 2024 se llevar\u00e1 a cabo, en la archidi\u00f3cesis de Malinas-Bruselas, la ceremonia de beatificaci\u00f3n de la Venerable Ana de Jes\u00fas, presidida por el Papa Francisco. Nacida el 25 de noviembre de 1545 en Medina del Campo (Espa\u00f1a) y fallecida el 4 de [&hellip;]\" \/>\n<meta property=\"og:url\" content=\"https:\/\/www.carmelitaniscalzi.com\/es\/2024\/07\/06\/beatificacion-de-ana-de-jesus\/\" \/>\n<meta property=\"og:site_name\" content=\"CARMELITAS DESCALZOS\" \/>\n<meta property=\"article:publisher\" content=\"https:\/\/www.facebook.com\/Curia-Generalizia-Carmelitani-Scalzi-658766940887784\/\" \/>\n<meta property=\"article:published_time\" content=\"2024-07-06T14:07:33+00:00\" \/>\n<meta property=\"og:image\" content=\"https:\/\/www.carmelitaniscalzi.com\/wp-content\/uploads\/2024\/07\/cover_anadejesus_06.2024.jpg\" \/>\n\t<meta property=\"og:image:width\" content=\"1200\" \/>\n\t<meta property=\"og:image:height\" content=\"800\" \/>\n\t<meta property=\"og:image:type\" content=\"image\/jpeg\" \/>\n<meta name=\"author\" content=\"ocd web master\" \/>\n<meta name=\"twitter:card\" content=\"summary_large_image\" \/>\n<meta name=\"twitter:creator\" content=\"@ocdcuria\" \/>\n<meta name=\"twitter:site\" content=\"@ocdcuria\" \/>\n<meta name=\"twitter:label1\" content=\"Escrito por\" \/>\n\t<meta name=\"twitter:data1\" content=\"ocd web master\" \/>\n\t<meta name=\"twitter:label2\" content=\"Tiempo de lectura\" \/>\n\t<meta name=\"twitter:data2\" content=\"1 minuto\" \/>\n<script type=\"application\/ld+json\" class=\"yoast-schema-graph\">{\"@context\":\"https:\/\/schema.org\",\"@graph\":[{\"@type\":\"Article\",\"@id\":\"https:\/\/www.carmelitaniscalzi.com\/es\/2024\/07\/06\/beatificacion-de-ana-de-jesus\/#article\",\"isPartOf\":{\"@id\":\"https:\/\/www.carmelitaniscalzi.com\/es\/2024\/07\/06\/beatificacion-de-ana-de-jesus\/\"},\"author\":{\"name\":\"ocd web master\",\"@id\":\"https:\/\/www.carmelitaniscalzi.com\/#\/schema\/person\/6d1c0d9bea7b6625c437246a5d6da409\"},\"headline\":\"Beatificaci\u00f3n de Ana de Jes\u00fas\",\"datePublished\":\"2024-07-06T14:07:33+00:00\",\"mainEntityOfPage\":{\"@id\":\"https:\/\/www.carmelitaniscalzi.com\/es\/2024\/07\/06\/beatificacion-de-ana-de-jesus\/\"},\"wordCount\":187,\"publisher\":{\"@id\":\"https:\/\/www.carmelitaniscalzi.com\/#organization\"},\"image\":{\"@id\":\"https:\/\/www.carmelitaniscalzi.com\/es\/2024\/07\/06\/beatificacion-de-ana-de-jesus\/#primaryimage\"},\"thumbnailUrl\":\"https:\/\/www.carmelitaniscalzi.com\/wp-content\/uploads\/2024\/07\/cover_anadejesus_06.2024.jpg\",\"articleSection\":[\"Noticias Monjas\",\"Noticias\",\"Noticias Frailes\"],\"inLanguage\":\"es\"},{\"@type\":\"WebPage\",\"@id\":\"https:\/\/www.carmelitaniscalzi.com\/es\/2024\/07\/06\/beatificacion-de-ana-de-jesus\/\",\"url\":\"https:\/\/www.carmelitaniscalzi.com\/es\/2024\/07\/06\/beatificacion-de-ana-de-jesus\/\",\"name\":\"Beatificaci\u00f3n de Ana de Jes\u00fas - CARMELITAS DESCALZOS\",\"isPartOf\":{\"@id\":\"https:\/\/www.carmelitaniscalzi.com\/#website\"},\"primaryImageOfPage\":{\"@id\":\"https:\/\/www.carmelitaniscalzi.com\/es\/2024\/07\/06\/beatificacion-de-ana-de-jesus\/#primaryimage\"},\"image\":{\"@id\":\"https:\/\/www.carmelitaniscalzi.com\/es\/2024\/07\/06\/beatificacion-de-ana-de-jesus\/#primaryimage\"},\"thumbnailUrl\":\"https:\/\/www.carmelitaniscalzi.com\/wp-content\/uploads\/2024\/07\/cover_anadejesus_06.2024.jpg\",\"datePublished\":\"2024-07-06T14:07:33+00:00\",\"breadcrumb\":{\"@id\":\"https:\/\/www.carmelitaniscalzi.com\/es\/2024\/07\/06\/beatificacion-de-ana-de-jesus\/#breadcrumb\"},\"inLanguage\":\"es\",\"potentialAction\":[{\"@type\":\"ReadAction\",\"target\":[\"https:\/\/www.carmelitaniscalzi.com\/es\/2024\/07\/06\/beatificacion-de-ana-de-jesus\/\"]}]},{\"@type\":\"ImageObject\",\"inLanguage\":\"es\",\"@id\":\"https:\/\/www.carmelitaniscalzi.com\/es\/2024\/07\/06\/beatificacion-de-ana-de-jesus\/#primaryimage\",\"url\":\"https:\/\/www.carmelitaniscalzi.com\/wp-content\/uploads\/2024\/07\/cover_anadejesus_06.2024.jpg\",\"contentUrl\":\"https:\/\/www.carmelitaniscalzi.com\/wp-content\/uploads\/2024\/07\/cover_anadejesus_06.2024.jpg\",\"width\":1200,\"height\":800},{\"@type\":\"BreadcrumbList\",\"@id\":\"https:\/\/www.carmelitaniscalzi.com\/es\/2024\/07\/06\/beatificacion-de-ana-de-jesus\/#breadcrumb\",\"itemListElement\":[{\"@type\":\"ListItem\",\"position\":1,\"name\":\"Home\",\"item\":\"https:\/\/www.carmelitaniscalzi.com\/es\/\"},{\"@type\":\"ListItem\",\"position\":2,\"name\":\"Beatificaci\u00f3n de Ana de Jes\u00fas\"}]},{\"@type\":\"WebSite\",\"@id\":\"https:\/\/www.carmelitaniscalzi.com\/#website\",\"url\":\"https:\/\/www.carmelitaniscalzi.com\/\",\"name\":\"CARMELITANI SCALZI - Curia Generale del Carmelo Teresiano\",\"description\":\"Curia General del Carmelo Teresiano\",\"publisher\":{\"@id\":\"https:\/\/www.carmelitaniscalzi.com\/#organization\"},\"alternateName\":\"CARMELITANI SCALZI\",\"potentialAction\":[{\"@type\":\"SearchAction\",\"target\":{\"@type\":\"EntryPoint\",\"urlTemplate\":\"https:\/\/www.carmelitaniscalzi.com\/?s={search_term_string}\"},\"query-input\":{\"@type\":\"PropertyValueSpecification\",\"valueRequired\":true,\"valueName\":\"search_term_string\"}}],\"inLanguage\":\"es\"},{\"@type\":\"Organization\",\"@id\":\"https:\/\/www.carmelitaniscalzi.com\/#organization\",\"name\":\"CARMELITANI SCALZI - Curia Generale del Carmelo Teresiano\",\"url\":\"https:\/\/www.carmelitaniscalzi.com\/\",\"logo\":{\"@type\":\"ImageObject\",\"inLanguage\":\"es\",\"@id\":\"https:\/\/www.carmelitaniscalzi.com\/#\/schema\/logo\/image\/\",\"url\":\"https:\/\/www.carmelitaniscalzi.com\/wp-content\/uploads\/2025\/11\/login-logo.png\",\"contentUrl\":\"https:\/\/www.carmelitaniscalzi.com\/wp-content\/uploads\/2025\/11\/login-logo.png\",\"width\":256,\"height\":256,\"caption\":\"CARMELITANI SCALZI - Curia Generale del Carmelo Teresiano\"},\"image\":{\"@id\":\"https:\/\/www.carmelitaniscalzi.com\/#\/schema\/logo\/image\/\"},\"sameAs\":[\"https:\/\/www.facebook.com\/Curia-Generalizia-Carmelitani-Scalzi-658766940887784\/\",\"https:\/\/x.com\/ocdcuria\",\"https:\/\/www.youtube.com\/channel\/UC2J5ZL0ycOY0qBSTCLX_NGQ\/videos\",\"https:\/\/www.instagram.com\/ocdinform\/\"]},{\"@type\":\"Person\",\"@id\":\"https:\/\/www.carmelitaniscalzi.com\/#\/schema\/person\/6d1c0d9bea7b6625c437246a5d6da409\",\"name\":\"ocd web master\",\"image\":{\"@type\":\"ImageObject\",\"inLanguage\":\"es\",\"@id\":\"https:\/\/www.carmelitaniscalzi.com\/#\/schema\/person\/image\/\",\"url\":\"https:\/\/secure.gravatar.com\/avatar\/41fbc5f82bad909fbaf2984c43fa50d8519ac5853e25b454d022b6868f80d0e7?s=96&d=mm&r=g\",\"contentUrl\":\"https:\/\/secure.gravatar.com\/avatar\/41fbc5f82bad909fbaf2984c43fa50d8519ac5853e25b454d022b6868f80d0e7?s=96&d=mm&r=g\",\"caption\":\"ocd web master\"},\"url\":\"https:\/\/www.carmelitaniscalzi.com\/es\/author\/ocdwebmaster\/\"}]}<\/script>\n<!-- \/ Yoast SEO plugin. -->","yoast_head_json":{"title":"Beatificaci\u00f3n de Ana de Jes\u00fas - CARMELITAS DESCALZOS","robots":{"index":"index","follow":"follow","max-snippet":"max-snippet:-1","max-image-preview":"max-image-preview:large","max-video-preview":"max-video-preview:-1"},"canonical":"https:\/\/www.carmelitaniscalzi.com\/es\/2024\/07\/06\/beatificacion-de-ana-de-jesus\/","og_locale":"es_ES","og_type":"article","og_title":"Beatificaci\u00f3n de Ana de Jes\u00fas - CARMELITAS DESCALZOS","og_description":"Con inmensa alegr\u00eda que os anunciamos que el domingo 29 de septiembre de 2024 se llevar\u00e1 a cabo, en la archidi\u00f3cesis de Malinas-Bruselas, la ceremonia de beatificaci\u00f3n de la Venerable Ana de Jes\u00fas, presidida por el Papa Francisco. Nacida el 25 de noviembre de 1545 en Medina del Campo (Espa\u00f1a) y fallecida el 4 de [&hellip;]","og_url":"https:\/\/www.carmelitaniscalzi.com\/es\/2024\/07\/06\/beatificacion-de-ana-de-jesus\/","og_site_name":"CARMELITAS DESCALZOS","article_publisher":"https:\/\/www.facebook.com\/Curia-Generalizia-Carmelitani-Scalzi-658766940887784\/","article_published_time":"2024-07-06T14:07:33+00:00","og_image":[{"width":1200,"height":800,"url":"https:\/\/www.carmelitaniscalzi.com\/wp-content\/uploads\/2024\/07\/cover_anadejesus_06.2024.jpg","type":"image\/jpeg"}],"author":"ocd web master","twitter_card":"summary_large_image","twitter_creator":"@ocdcuria","twitter_site":"@ocdcuria","twitter_misc":{"Escrito por":"ocd web master","Tiempo de lectura":"1 minuto"},"schema":{"@context":"https:\/\/schema.org","@graph":[{"@type":"Article","@id":"https:\/\/www.carmelitaniscalzi.com\/es\/2024\/07\/06\/beatificacion-de-ana-de-jesus\/#article","isPartOf":{"@id":"https:\/\/www.carmelitaniscalzi.com\/es\/2024\/07\/06\/beatificacion-de-ana-de-jesus\/"},"author":{"name":"ocd web master","@id":"https:\/\/www.carmelitaniscalzi.com\/#\/schema\/person\/6d1c0d9bea7b6625c437246a5d6da409"},"headline":"Beatificaci\u00f3n de Ana de Jes\u00fas","datePublished":"2024-07-06T14:07:33+00:00","mainEntityOfPage":{"@id":"https:\/\/www.carmelitaniscalzi.com\/es\/2024\/07\/06\/beatificacion-de-ana-de-jesus\/"},"wordCount":187,"publisher":{"@id":"https:\/\/www.carmelitaniscalzi.com\/#organization"},"image":{"@id":"https:\/\/www.carmelitaniscalzi.com\/es\/2024\/07\/06\/beatificacion-de-ana-de-jesus\/#primaryimage"},"thumbnailUrl":"https:\/\/www.carmelitaniscalzi.com\/wp-content\/uploads\/2024\/07\/cover_anadejesus_06.2024.jpg","articleSection":["Noticias Monjas","Noticias","Noticias Frailes"],"inLanguage":"es"},{"@type":"WebPage","@id":"https:\/\/www.carmelitaniscalzi.com\/es\/2024\/07\/06\/beatificacion-de-ana-de-jesus\/","url":"https:\/\/www.carmelitaniscalzi.com\/es\/2024\/07\/06\/beatificacion-de-ana-de-jesus\/","name":"Beatificaci\u00f3n de Ana de Jes\u00fas - CARMELITAS DESCALZOS","isPartOf":{"@id":"https:\/\/www.carmelitaniscalzi.com\/#website"},"primaryImageOfPage":{"@id":"https:\/\/www.carmelitaniscalzi.com\/es\/2024\/07\/06\/beatificacion-de-ana-de-jesus\/#primaryimage"},"image":{"@id":"https:\/\/www.carmelitaniscalzi.com\/es\/2024\/07\/06\/beatificacion-de-ana-de-jesus\/#primaryimage"},"thumbnailUrl":"https:\/\/www.carmelitaniscalzi.com\/wp-content\/uploads\/2024\/07\/cover_anadejesus_06.2024.jpg","datePublished":"2024-07-06T14:07:33+00:00","breadcrumb":{"@id":"https:\/\/www.carmelitaniscalzi.com\/es\/2024\/07\/06\/beatificacion-de-ana-de-jesus\/#breadcrumb"},"inLanguage":"es","potentialAction":[{"@type":"ReadAction","target":["https:\/\/www.carmelitaniscalzi.com\/es\/2024\/07\/06\/beatificacion-de-ana-de-jesus\/"]}]},{"@type":"ImageObject","inLanguage":"es","@id":"https:\/\/www.carmelitaniscalzi.com\/es\/2024\/07\/06\/beatificacion-de-ana-de-jesus\/#primaryimage","url":"https:\/\/www.carmelitaniscalzi.com\/wp-content\/uploads\/2024\/07\/cover_anadejesus_06.2024.jpg","contentUrl":"https:\/\/www.carmelitaniscalzi.com\/wp-content\/uploads\/2024\/07\/cover_anadejesus_06.2024.jpg","width":1200,"height":800},{"@type":"BreadcrumbList","@id":"https:\/\/www.carmelitaniscalzi.com\/es\/2024\/07\/06\/beatificacion-de-ana-de-jesus\/#breadcrumb","itemListElement":[{"@type":"ListItem","position":1,"name":"Home","item":"https:\/\/www.carmelitaniscalzi.com\/es\/"},{"@type":"ListItem","position":2,"name":"Beatificaci\u00f3n de Ana de Jes\u00fas"}]},{"@type":"WebSite","@id":"https:\/\/www.carmelitaniscalzi.com\/#website","url":"https:\/\/www.carmelitaniscalzi.com\/","name":"CARMELITANI SCALZI - Curia Generale del Carmelo Teresiano","description":"Curia General del Carmelo Teresiano","publisher":{"@id":"https:\/\/www.carmelitaniscalzi.com\/#organization"},"alternateName":"CARMELITANI SCALZI","potentialAction":[{"@type":"SearchAction","target":{"@type":"EntryPoint","urlTemplate":"https:\/\/www.carmelitaniscalzi.com\/?s={search_term_string}"},"query-input":{"@type":"PropertyValueSpecification","valueRequired":true,"valueName":"search_term_string"}}],"inLanguage":"es"},{"@type":"Organization","@id":"https:\/\/www.carmelitaniscalzi.com\/#organization","name":"CARMELITANI SCALZI - Curia Generale del Carmelo Teresiano","url":"https:\/\/www.carmelitaniscalzi.com\/","logo":{"@type":"ImageObject","inLanguage":"es","@id":"https:\/\/www.carmelitaniscalzi.com\/#\/schema\/logo\/image\/","url":"https:\/\/www.carmelitaniscalzi.com\/wp-content\/uploads\/2025\/11\/login-logo.png","contentUrl":"https:\/\/www.carmelitaniscalzi.com\/wp-content\/uploads\/2025\/11\/login-logo.png","width":256,"height":256,"caption":"CARMELITANI SCALZI - Curia Generale del Carmelo Teresiano"},"image":{"@id":"https:\/\/www.carmelitaniscalzi.com\/#\/schema\/logo\/image\/"},"sameAs":["https:\/\/www.facebook.com\/Curia-Generalizia-Carmelitani-Scalzi-658766940887784\/","https:\/\/x.com\/ocdcuria","https:\/\/www.youtube.com\/channel\/UC2J5ZL0ycOY0qBSTCLX_NGQ\/videos","https:\/\/www.instagram.com\/ocdinform\/"]},{"@type":"Person","@id":"https:\/\/www.carmelitaniscalzi.com\/#\/schema\/person\/6d1c0d9bea7b6625c437246a5d6da409","name":"ocd web master","image":{"@type":"ImageObject","inLanguage":"es","@id":"https:\/\/www.carmelitaniscalzi.com\/#\/schema\/person\/image\/","url":"https:\/\/secure.gravatar.com\/avatar\/41fbc5f82bad909fbaf2984c43fa50d8519ac5853e25b454d022b6868f80d0e7?s=96&d=mm&r=g","contentUrl":"https:\/\/secure.gravatar.com\/avatar\/41fbc5f82bad909fbaf2984c43fa50d8519ac5853e25b454d022b6868f80d0e7?s=96&d=mm&r=g","caption":"ocd web master"},"url":"https:\/\/www.carmelitaniscalzi.com\/es\/author\/ocdwebmaster\/"}]}},"_links":{"self":[{"href":"https:\/\/www.carmelitaniscalzi.com\/es\/wp-json\/wp\/v2\/posts\/373608","targetHints":{"allow":["GET"]}}],"collection":[{"href":"https:\/\/www.carmelitaniscalzi.com\/es\/wp-json\/wp\/v2\/posts"}],"about":[{"href":"https:\/\/www.carmelitaniscalzi.com\/es\/wp-json\/wp\/v2\/types\/post"}],"author":[{"embeddable":true,"href":"https:\/\/www.carmelitaniscalzi.com\/es\/wp-json\/wp\/v2\/users\/7"}],"replies":[{"embeddable":true,"href":"https:\/\/www.carmelitaniscalzi.com\/es\/wp-json\/wp\/v2\/comments?post=373608"}],"version-history":[{"count":1,"href":"https:\/\/www.carmelitaniscalzi.com\/es\/wp-json\/wp\/v2\/posts\/373608\/revisions"}],"predecessor-version":[{"id":373609,"href":"https:\/\/www.carmelitaniscalzi.com\/es\/wp-json\/wp\/v2\/posts\/373608\/revisions\/373609"}],"wp:featuredmedia":[{"embeddable":true,"href":"https:\/\/www.carmelitaniscalzi.com\/es\/wp-json\/wp\/v2\/media\/373376"}],"wp:attachment":[{"href":"https:\/\/www.carmelitaniscalzi.com\/es\/wp-json\/wp\/v2\/media?parent=373608"}],"wp:term":[{"taxonomy":"category","embeddable":true,"href":"https:\/\/www.carmelitaniscalzi.com\/es\/wp-json\/wp\/v2\/categories?post=373608"},{"taxonomy":"post_tag","embeddable":true,"href":"https:\/\/www.carmelitaniscalzi.com\/es\/wp-json\/wp\/v2\/tags?post=373608"}],"curies":[{"name":"wp","href":"https:\/\/api.w.org\/{rel}","templated":true}]}}